{"id":778,"date":"2025-08-04T02:34:43","date_gmt":"2025-08-04T08:34:43","guid":{"rendered":"https:\/\/somos-hermanos.mx\/?p=778"},"modified":"2025-08-04T02:34:43","modified_gmt":"2025-08-04T08:34:43","slug":"ecologia-con-amor-un-compromiso-con-el-planeta-y-las-comunidades","status":"publish","type":"post","link":"https:\/\/somos-hermanos.mx\/index.php\/2025\/08\/04\/ecologia-con-amor-un-compromiso-con-el-planeta-y-las-comunidades\/","title":{"rendered":"Ecolog\u00eda con Amor: Un compromiso con el planeta y las comunidades"},"content":{"rendered":"<p>En un mundo donde la crisis clim\u00e1tica y la p\u00e9rdida de biodiversidad representan desaf\u00edos urgentes, <strong>Ecolog\u00eda con Amor AC<\/strong>\u00a0<strong>surge como una iniciativa comprometida con el desarrollo sostenible y la concientizaci\u00f3n ambiental. <\/strong>A trav\u00e9s de programas educativos, acciones comunitarias y proyectos de conservaci\u00f3n, esta organizaci\u00f3n se ha consolidado como un actor clave en la promoci\u00f3n de un estilo de vida m\u00e1s responsable con el planeta<\/p>\n<p>Fundada con la visi\u00f3n de generar un impacto positivo en la relaci\u00f3n entre las comunidades y el medio ambiente, Ecolog\u00eda con Amor ha trabajado incansablemente para fomentar h\u00e1bitos sustentables y facilitar el acceso a informaci\u00f3n relevante sobre ecolog\u00eda. Desde sus inicios, su misi\u00f3n ha sido clara: promover el respeto por la naturaleza mediante la educaci\u00f3n, el activismo y la acci\u00f3n directa.<\/p>\n<p><strong>La organizaci\u00f3n cuenta con diversas iniciativas dirigidas a la protecci\u00f3n ambiental, entre ellas: \u00a0<\/strong><\/p>\n<ul>\n<li>Educaci\u00f3n ambiental: Talleres y cursos dirigidos a ni\u00f1os, j\u00f3venes y adultos para fortalecer el conocimiento sobre sustentabilidad.<\/li>\n<li>Reforestaci\u00f3n comunitaria: Campa\u00f1as de plantaci\u00f3n de \u00e1rboles en \u00e1reas urbanas y rurales, con la participaci\u00f3n activa de voluntarios.<\/li>\n<li>Reciclaje y econom\u00eda circular: Promoci\u00f3n de pr\u00e1cticas que minimicen el desperdicio, incluyendo proyectos de reciclaje y reutilizaci\u00f3n de materiales.<\/li>\n<li>Conservaci\u00f3n de flora y fauna: Acciones destinadas a la protecci\u00f3n de ecosistemas vulnerables y especies en riesgo.<\/li>\n<\/ul>\n<p>A lo largo de los a\u00f1os, <strong>Ecolog\u00eda con Amor ha logrado involucrar a miles de personas en sus actividades, generando una mayor conciencia sobre la importancia de cuidar el planeta. <\/strong>Su compromiso con la sostenibilidad no solo se refleja en sus proyectos, sino tambi\u00e9n en su visi\u00f3n de un futuro en el que la educaci\u00f3n y la acci\u00f3n colectiva sean pilares fundamentales para el cambio.<\/p>\n<p>Desde sus campa\u00f1as de sensibilizaci\u00f3n hasta sus intervenciones directas en comunidades, Ecolog\u00eda con Amor demuestra que cada peque\u00f1a acci\u00f3n cuenta. En un contexto donde el cambio clim\u00e1tico exige respuestas urgentes, esta organizaci\u00f3n representa un ejemplo inspirador de c\u00f3mo el amor por la ecolog\u00eda puede traducirse en acciones concretas que impacten positivamente el mundo.<\/p>\n<p><em>Fuente de informaci\u00f3n:<\/em><\/p>\n<p><em>Fundaci\u00f3n ecol\u00f3gica | Ecolog\u00eda con Amor. (s.\u00a0f.). Ecologiaconamor. https:\/\/www.ecologiaconamor.org\/<\/em><\/p>\n","protected":false},"excerpt":{"rendered":"<p>En un mundo donde la crisis clim\u00e1tica y la p\u00e9rdida de biodiversidad representan desaf\u00edos urgentes, Ecolog\u00eda con Amor AC\u00a0surge como una iniciativa comprometida con el desarrollo sostenible y la concientizaci\u00f3n ambiental. A trav\u00e9s de programas educativos, acciones comunitarias y proyectos de conservaci\u00f3n, esta organizaci\u00f3n se ha consolidado como un actor clave en la promoci\u00f3n de [&hellip;]<\/p>\n","protected":false},"author":9,"featured_media":779,"comment_status":"open","ping_status":"closed","sticky":false,"template":"","format":"standard","meta":{"footnotes":""},"categories":[6],"tags":[],"class_list":["post-778","post","type-post","status-publish","format-standard","has-post-thumbnail","hentry","category-noticias"],"yoast_head":"<!-- This site is optimized with the Yoast SEO plugin v27.5 - https:\/\/yoast.com\/product\/yoast-seo-wordpress\/ -->\n<title>Ecolog\u00eda con Amor: Un compromiso con el planeta y las comunidades - Historias que inspiran...<\/title>\n<meta name=\"robots\" content=\"index, follow, max-snippet:-1, max-image-preview:large, max-video-preview:-1\" \/>\n<link rel=\"canonical\" href=\"https:\/\/somos-hermanos.mx\/index.php\/2025\/08\/04\/ecologia-con-amor-un-compromiso-con-el-planeta-y-las-comunidades\/\" \/>\n<meta property=\"og:locale\" content=\"es_MX\" \/>\n<meta property=\"og:type\" content=\"article\" \/>\n<meta property=\"og:title\" content=\"Ecolog\u00eda con Amor: Un compromiso con el planeta y las comunidades - Historias que inspiran...\" \/>\n<meta property=\"og:description\" content=\"En un mundo donde la crisis clim\u00e1tica y la p\u00e9rdida de biodiversidad representan desaf\u00edos urgentes, Ecolog\u00eda con Amor AC\u00a0surge como una iniciativa comprometida con el desarrollo sostenible y la concientizaci\u00f3n ambiental. A trav\u00e9s de programas educativos, acciones comunitarias y proyectos de conservaci\u00f3n, esta organizaci\u00f3n se ha consolidado como un actor clave en la promoci\u00f3n de [&hellip;]\" \/>\n<meta property=\"og:url\" content=\"https:\/\/somos-hermanos.mx\/index.php\/2025\/08\/04\/ecologia-con-amor-un-compromiso-con-el-planeta-y-las-comunidades\/\" \/>\n<meta property=\"og:site_name\" content=\"Historias que inspiran...\" \/>\n<meta property=\"article:publisher\" content=\"https:\/\/www.facebook.com\/SomosHermanosIAP\/\" \/>\n<meta property=\"article:published_time\" content=\"2025-08-04T08:34:43+00:00\" \/>\n<meta property=\"og:image\" content=\"https:\/\/somos-hermanos.mx\/wp-content\/uploads\/2025\/08\/ecol2.jpeg\" \/>\n\t<meta property=\"og:image:width\" content=\"1280\" \/>\n\t<meta property=\"og:image:height\" content=\"1600\" \/>\n\t<meta property=\"og:image:type\" content=\"image\/jpeg\" \/>\n<meta name=\"author\" content=\"Miguel Riestra P\u00e9rez\" \/>\n<meta name=\"twitter:card\" content=\"summary_large_image\" \/>\n<meta name=\"twitter:creator\" content=\"@Somos__Hermanos\" \/>\n<meta name=\"twitter:site\" content=\"@Somos__Hermanos\" \/>\n<meta name=\"twitter:label1\" content=\"Escrito por\" \/>\n\t<meta name=\"twitter:data1\" content=\"Miguel Riestra P\u00e9rez\" \/>\n\t<meta name=\"twitter:label2\" content=\"Tiempo de lectura\" \/>\n\t<meta name=\"twitter:data2\" content=\"2 minutos\" \/>\n<script type=\"application\/ld+json\" class=\"yoast-schema-graph\">{\"@context\":\"https:\\\/\\\/schema.org\",\"@graph\":[{\"@type\":\"Article\",\"@id\":\"https:\\\/\\\/somos-hermanos.mx\\\/index.php\\\/2025\\\/08\\\/04\\\/ecologia-con-amor-un-compromiso-con-el-planeta-y-las-comunidades\\\/#article\",\"isPartOf\":{\"@id\":\"https:\\\/\\\/somos-hermanos.mx\\\/index.php\\\/2025\\\/08\\\/04\\\/ecologia-con-amor-un-compromiso-con-el-planeta-y-las-comunidades\\\/\"},\"author\":{\"name\":\"Miguel Riestra P\u00e9rez\",\"@id\":\"https:\\\/\\\/somos-hermanos.mx\\\/#\\\/schema\\\/person\\\/1e925550f6b28edafdbf7e36bf8b90c9\"},\"headline\":\"Ecolog\u00eda con Amor: Un compromiso con el planeta y las comunidades\",\"datePublished\":\"2025-08-04T08:34:43+00:00\",\"mainEntityOfPage\":{\"@id\":\"https:\\\/\\\/somos-hermanos.mx\\\/index.php\\\/2025\\\/08\\\/04\\\/ecologia-con-amor-un-compromiso-con-el-planeta-y-las-comunidades\\\/\"},\"wordCount\":408,\"commentCount\":0,\"publisher\":{\"@id\":\"https:\\\/\\\/somos-hermanos.mx\\\/#organization\"},\"image\":{\"@id\":\"https:\\\/\\\/somos-hermanos.mx\\\/index.php\\\/2025\\\/08\\\/04\\\/ecologia-con-amor-un-compromiso-con-el-planeta-y-las-comunidades\\\/#primaryimage\"},\"thumbnailUrl\":\"https:\\\/\\\/somos-hermanos.mx\\\/wp-content\\\/uploads\\\/2025\\\/08\\\/ecol2.jpeg\",\"articleSection\":[\"Noticias\"],\"inLanguage\":\"es\",\"potentialAction\":[{\"@type\":\"CommentAction\",\"name\":\"Comment\",\"target\":[\"https:\\\/\\\/somos-hermanos.mx\\\/index.php\\\/2025\\\/08\\\/04\\\/ecologia-con-amor-un-compromiso-con-el-planeta-y-las-comunidades\\\/#respond\"]}]},{\"@type\":\"WebPage\",\"@id\":\"https:\\\/\\\/somos-hermanos.mx\\\/index.php\\\/2025\\\/08\\\/04\\\/ecologia-con-amor-un-compromiso-con-el-planeta-y-las-comunidades\\\/\",\"url\":\"https:\\\/\\\/somos-hermanos.mx\\\/index.php\\\/2025\\\/08\\\/04\\\/ecologia-con-amor-un-compromiso-con-el-planeta-y-las-comunidades\\\/\",\"name\":\"Ecolog\u00eda con Amor: Un compromiso con el planeta y las comunidades - Historias que inspiran...\",\"isPartOf\":{\"@id\":\"https:\\\/\\\/somos-hermanos.mx\\\/#website\"},\"primaryImageOfPage\":{\"@id\":\"https:\\\/\\\/somos-hermanos.mx\\\/index.php\\\/2025\\\/08\\\/04\\\/ecologia-con-amor-un-compromiso-con-el-planeta-y-las-comunidades\\\/#primaryimage\"},\"image\":{\"@id\":\"https:\\\/\\\/somos-hermanos.mx\\\/index.php\\\/2025\\\/08\\\/04\\\/ecologia-con-amor-un-compromiso-con-el-planeta-y-las-comunidades\\\/#primaryimage\"},\"thumbnailUrl\":\"https:\\\/\\\/somos-hermanos.mx\\\/wp-content\\\/uploads\\\/2025\\\/08\\\/ecol2.jpeg\",\"datePublished\":\"2025-08-04T08:34:43+00:00\",\"breadcrumb\":{\"@id\":\"https:\\\/\\\/somos-hermanos.mx\\\/index.php\\\/2025\\\/08\\\/04\\\/ecologia-con-amor-un-compromiso-con-el-planeta-y-las-comunidades\\\/#breadcrumb\"},\"inLanguage\":\"es\",\"potentialAction\":[{\"@type\":\"ReadAction\",\"target\":[\"https:\\\/\\\/somos-hermanos.mx\\\/index.php\\\/2025\\\/08\\\/04\\\/ecologia-con-amor-un-compromiso-con-el-planeta-y-las-comunidades\\\/\"]}]},{\"@type\":\"ImageObject\",\"inLanguage\":\"es\",\"@id\":\"https:\\\/\\\/somos-hermanos.mx\\\/index.php\\\/2025\\\/08\\\/04\\\/ecologia-con-amor-un-compromiso-con-el-planeta-y-las-comunidades\\\/#primaryimage\",\"url\":\"https:\\\/\\\/somos-hermanos.mx\\\/wp-content\\\/uploads\\\/2025\\\/08\\\/ecol2.jpeg\",\"contentUrl\":\"https:\\\/\\\/somos-hermanos.mx\\\/wp-content\\\/uploads\\\/2025\\\/08\\\/ecol2.jpeg\",\"width\":1280,\"height\":1600},{\"@type\":\"BreadcrumbList\",\"@id\":\"https:\\\/\\\/somos-hermanos.mx\\\/index.php\\\/2025\\\/08\\\/04\\\/ecologia-con-amor-un-compromiso-con-el-planeta-y-las-comunidades\\\/#breadcrumb\",\"itemListElement\":[{\"@type\":\"ListItem\",\"position\":1,\"name\":\"Inicio\",\"item\":\"https:\\\/\\\/somos-hermanos.mx\\\/\"},{\"@type\":\"ListItem\",\"position\":2,\"name\":\"Ecolog\u00eda con Amor: Un compromiso con el planeta y las comunidades\"}]},{\"@type\":\"WebSite\",\"@id\":\"https:\\\/\\\/somos-hermanos.mx\\\/#website\",\"url\":\"https:\\\/\\\/somos-hermanos.mx\\\/\",\"name\":\"Historias que inspiran...\",\"description\":\"Somos la voz del altruismo en M\u00e9xico\",\"publisher\":{\"@id\":\"https:\\\/\\\/somos-hermanos.mx\\\/#organization\"},\"potentialAction\":[{\"@type\":\"SearchAction\",\"target\":{\"@type\":\"EntryPoint\",\"urlTemplate\":\"https:\\\/\\\/somos-hermanos.mx\\\/?s={search_term_string}\"},\"query-input\":{\"@type\":\"PropertyValueSpecification\",\"valueRequired\":true,\"valueName\":\"search_term_string\"}}],\"inLanguage\":\"es\"},{\"@type\":\"Organization\",\"@id\":\"https:\\\/\\\/somos-hermanos.mx\\\/#organization\",\"name\":\"Somos Hermanos\",\"url\":\"https:\\\/\\\/somos-hermanos.mx\\\/\",\"logo\":{\"@type\":\"ImageObject\",\"inLanguage\":\"es\",\"@id\":\"https:\\\/\\\/somos-hermanos.mx\\\/#\\\/schema\\\/logo\\\/image\\\/\",\"url\":\"https:\\\/\\\/somos-hermanos.mx\\\/wp-content\\\/uploads\\\/2025\\\/08\\\/SH30-1.jpeg\",\"contentUrl\":\"https:\\\/\\\/somos-hermanos.mx\\\/wp-content\\\/uploads\\\/2025\\\/08\\\/SH30-1.jpeg\",\"width\":1600,\"height\":1142,\"caption\":\"Somos Hermanos\"},\"image\":{\"@id\":\"https:\\\/\\\/somos-hermanos.mx\\\/#\\\/schema\\\/logo\\\/image\\\/\"},\"sameAs\":[\"https:\\\/\\\/www.facebook.com\\\/SomosHermanosIAP\\\/\",\"https:\\\/\\\/x.com\\\/Somos__Hermanos\",\"https:\\\/\\\/www.instagram.com\\\/somos__hermanos\\\/#\",\"https:\\\/\\\/www.tiktok.com\\\/@somoshermanosiap\",\"https:\\\/\\\/www.youtube.com\\\/@somoshermanosiap1201\\\/videos\"]},{\"@type\":\"Person\",\"@id\":\"https:\\\/\\\/somos-hermanos.mx\\\/#\\\/schema\\\/person\\\/1e925550f6b28edafdbf7e36bf8b90c9\",\"name\":\"Miguel Riestra P\u00e9rez\",\"image\":{\"@type\":\"ImageObject\",\"inLanguage\":\"es\",\"@id\":\"https:\\\/\\\/secure.gravatar.com\\\/avatar\\\/d46497e241a78e642ea099b6acbfb6199a867f0d3fdb39c05f5d0c47f490e0d6?s=96&d=mm&r=g\",\"url\":\"https:\\\/\\\/secure.gravatar.com\\\/avatar\\\/d46497e241a78e642ea099b6acbfb6199a867f0d3fdb39c05f5d0c47f490e0d6?s=96&d=mm&r=g\",\"contentUrl\":\"https:\\\/\\\/secure.gravatar.com\\\/avatar\\\/d46497e241a78e642ea099b6acbfb6199a867f0d3fdb39c05f5d0c47f490e0d6?s=96&d=mm&r=g\",\"caption\":\"Miguel Riestra P\u00e9rez\"},\"url\":\"https:\\\/\\\/somos-hermanos.mx\\\/index.php\\\/author\\\/miguel-riestra-perez\\\/\"}]}<\/script>\n<!-- \/ Yoast SEO plugin. -->","yoast_head_json":{"title":"Ecolog\u00eda con Amor: Un compromiso con el planeta y las comunidades - Historias que inspiran...","robots":{"index":"index","follow":"follow","max-snippet":"max-snippet:-1","max-image-preview":"max-image-preview:large","max-video-preview":"max-video-preview:-1"},"canonical":"https:\/\/somos-hermanos.mx\/index.php\/2025\/08\/04\/ecologia-con-amor-un-compromiso-con-el-planeta-y-las-comunidades\/","og_locale":"es_MX","og_type":"article","og_title":"Ecolog\u00eda con Amor: Un compromiso con el planeta y las comunidades - Historias que inspiran...","og_description":"En un mundo donde la crisis clim\u00e1tica y la p\u00e9rdida de biodiversidad representan desaf\u00edos urgentes, Ecolog\u00eda con Amor AC\u00a0surge como una iniciativa comprometida con el desarrollo sostenible y la concientizaci\u00f3n ambiental. A trav\u00e9s de programas educativos, acciones comunitarias y proyectos de conservaci\u00f3n, esta organizaci\u00f3n se ha consolidado como un actor clave en la promoci\u00f3n de [&hellip;]","og_url":"https:\/\/somos-hermanos.mx\/index.php\/2025\/08\/04\/ecologia-con-amor-un-compromiso-con-el-planeta-y-las-comunidades\/","og_site_name":"Historias que inspiran...","article_publisher":"https:\/\/www.facebook.com\/SomosHermanosIAP\/","article_published_time":"2025-08-04T08:34:43+00:00","og_image":[{"width":1280,"height":1600,"url":"https:\/\/somos-hermanos.mx\/wp-content\/uploads\/2025\/08\/ecol2.jpeg","type":"image\/jpeg"}],"author":"Miguel Riestra P\u00e9rez","twitter_card":"summary_large_image","twitter_creator":"@Somos__Hermanos","twitter_site":"@Somos__Hermanos","twitter_misc":{"Escrito por":"Miguel Riestra P\u00e9rez","Tiempo de lectura":"2 minutos"},"schema":{"@context":"https:\/\/schema.org","@graph":[{"@type":"Article","@id":"https:\/\/somos-hermanos.mx\/index.php\/2025\/08\/04\/ecologia-con-amor-un-compromiso-con-el-planeta-y-las-comunidades\/#article","isPartOf":{"@id":"https:\/\/somos-hermanos.mx\/index.php\/2025\/08\/04\/ecologia-con-amor-un-compromiso-con-el-planeta-y-las-comunidades\/"},"author":{"name":"Miguel Riestra P\u00e9rez","@id":"https:\/\/somos-hermanos.mx\/#\/schema\/person\/1e925550f6b28edafdbf7e36bf8b90c9"},"headline":"Ecolog\u00eda con Amor: Un compromiso con el planeta y las comunidades","datePublished":"2025-08-04T08:34:43+00:00","mainEntityOfPage":{"@id":"https:\/\/somos-hermanos.mx\/index.php\/2025\/08\/04\/ecologia-con-amor-un-compromiso-con-el-planeta-y-las-comunidades\/"},"wordCount":408,"commentCount":0,"publisher":{"@id":"https:\/\/somos-hermanos.mx\/#organization"},"image":{"@id":"https:\/\/somos-hermanos.mx\/index.php\/2025\/08\/04\/ecologia-con-amor-un-compromiso-con-el-planeta-y-las-comunidades\/#primaryimage"},"thumbnailUrl":"https:\/\/somos-hermanos.mx\/wp-content\/uploads\/2025\/08\/ecol2.jpeg","articleSection":["Noticias"],"inLanguage":"es","potentialAction":[{"@type":"CommentAction","name":"Comment","target":["https:\/\/somos-hermanos.mx\/index.php\/2025\/08\/04\/ecologia-con-amor-un-compromiso-con-el-planeta-y-las-comunidades\/#respond"]}]},{"@type":"WebPage","@id":"https:\/\/somos-hermanos.mx\/index.php\/2025\/08\/04\/ecologia-con-amor-un-compromiso-con-el-planeta-y-las-comunidades\/","url":"https:\/\/somos-hermanos.mx\/index.php\/2025\/08\/04\/ecologia-con-amor-un-compromiso-con-el-planeta-y-las-comunidades\/","name":"Ecolog\u00eda con Amor: Un compromiso con el planeta y las comunidades - Historias que inspiran...","isPartOf":{"@id":"https:\/\/somos-hermanos.mx\/#website"},"primaryImageOfPage":{"@id":"https:\/\/somos-hermanos.mx\/index.php\/2025\/08\/04\/ecologia-con-amor-un-compromiso-con-el-planeta-y-las-comunidades\/#primaryimage"},"image":{"@id":"https:\/\/somos-hermanos.mx\/index.php\/2025\/08\/04\/ecologia-con-amor-un-compromiso-con-el-planeta-y-las-comunidades\/#primaryimage"},"thumbnailUrl":"https:\/\/somos-hermanos.mx\/wp-content\/uploads\/2025\/08\/ecol2.jpeg","datePublished":"2025-08-04T08:34:43+00:00","breadcrumb":{"@id":"https:\/\/somos-hermanos.mx\/index.php\/2025\/08\/04\/ecologia-con-amor-un-compromiso-con-el-planeta-y-las-comunidades\/#breadcrumb"},"inLanguage":"es","potentialAction":[{"@type":"ReadAction","target":["https:\/\/somos-hermanos.mx\/index.php\/2025\/08\/04\/ecologia-con-amor-un-compromiso-con-el-planeta-y-las-comunidades\/"]}]},{"@type":"ImageObject","inLanguage":"es","@id":"https:\/\/somos-hermanos.mx\/index.php\/2025\/08\/04\/ecologia-con-amor-un-compromiso-con-el-planeta-y-las-comunidades\/#primaryimage","url":"https:\/\/somos-hermanos.mx\/wp-content\/uploads\/2025\/08\/ecol2.jpeg","contentUrl":"https:\/\/somos-hermanos.mx\/wp-content\/uploads\/2025\/08\/ecol2.jpeg","width":1280,"height":1600},{"@type":"BreadcrumbList","@id":"https:\/\/somos-hermanos.mx\/index.php\/2025\/08\/04\/ecologia-con-amor-un-compromiso-con-el-planeta-y-las-comunidades\/#breadcrumb","itemListElement":[{"@type":"ListItem","position":1,"name":"Inicio","item":"https:\/\/somos-hermanos.mx\/"},{"@type":"ListItem","position":2,"name":"Ecolog\u00eda con Amor: Un compromiso con el planeta y las comunidades"}]},{"@type":"WebSite","@id":"https:\/\/somos-hermanos.mx\/#website","url":"https:\/\/somos-hermanos.mx\/","name":"Historias que inspiran...","description":"Somos la voz del altruismo en M\u00e9xico","publisher":{"@id":"https:\/\/somos-hermanos.mx\/#organization"},"potentialAction":[{"@type":"SearchAction","target":{"@type":"EntryPoint","urlTemplate":"https:\/\/somos-hermanos.mx\/?s={search_term_string}"},"query-input":{"@type":"PropertyValueSpecification","valueRequired":true,"valueName":"search_term_string"}}],"inLanguage":"es"},{"@type":"Organization","@id":"https:\/\/somos-hermanos.mx\/#organization","name":"Somos Hermanos","url":"https:\/\/somos-hermanos.mx\/","logo":{"@type":"ImageObject","inLanguage":"es","@id":"https:\/\/somos-hermanos.mx\/#\/schema\/logo\/image\/","url":"https:\/\/somos-hermanos.mx\/wp-content\/uploads\/2025\/08\/SH30-1.jpeg","contentUrl":"https:\/\/somos-hermanos.mx\/wp-content\/uploads\/2025\/08\/SH30-1.jpeg","width":1600,"height":1142,"caption":"Somos Hermanos"},"image":{"@id":"https:\/\/somos-hermanos.mx\/#\/schema\/logo\/image\/"},"sameAs":["https:\/\/www.facebook.com\/SomosHermanosIAP\/","https:\/\/x.com\/Somos__Hermanos","https:\/\/www.instagram.com\/somos__hermanos\/#","https:\/\/www.tiktok.com\/@somoshermanosiap","https:\/\/www.youtube.com\/@somoshermanosiap1201\/videos"]},{"@type":"Person","@id":"https:\/\/somos-hermanos.mx\/#\/schema\/person\/1e925550f6b28edafdbf7e36bf8b90c9","name":"Miguel Riestra P\u00e9rez","image":{"@type":"ImageObject","inLanguage":"es","@id":"https:\/\/secure.gravatar.com\/avatar\/d46497e241a78e642ea099b6acbfb6199a867f0d3fdb39c05f5d0c47f490e0d6?s=96&d=mm&r=g","url":"https:\/\/secure.gravatar.com\/avatar\/d46497e241a78e642ea099b6acbfb6199a867f0d3fdb39c05f5d0c47f490e0d6?s=96&d=mm&r=g","contentUrl":"https:\/\/secure.gravatar.com\/avatar\/d46497e241a78e642ea099b6acbfb6199a867f0d3fdb39c05f5d0c47f490e0d6?s=96&d=mm&r=g","caption":"Miguel Riestra P\u00e9rez"},"url":"https:\/\/somos-hermanos.mx\/index.php\/author\/miguel-riestra-perez\/"}]}},"_links":{"self":[{"href":"https:\/\/somos-hermanos.mx\/index.php\/wp-json\/wp\/v2\/posts\/778","targetHints":{"allow":["GET"]}}],"collection":[{"href":"https:\/\/somos-hermanos.mx\/index.php\/wp-json\/wp\/v2\/posts"}],"about":[{"href":"https:\/\/somos-hermanos.mx\/index.php\/wp-json\/wp\/v2\/types\/post"}],"author":[{"embeddable":true,"href":"https:\/\/somos-hermanos.mx\/index.php\/wp-json\/wp\/v2\/users\/9"}],"replies":[{"embeddable":true,"href":"https:\/\/somos-hermanos.mx\/index.php\/wp-json\/wp\/v2\/comments?post=778"}],"version-history":[{"count":1,"href":"https:\/\/somos-hermanos.mx\/index.php\/wp-json\/wp\/v2\/posts\/778\/revisions"}],"predecessor-version":[{"id":780,"href":"https:\/\/somos-hermanos.mx\/index.php\/wp-json\/wp\/v2\/posts\/778\/revisions\/780"}],"wp:featuredmedia":[{"embeddable":true,"href":"https:\/\/somos-hermanos.mx\/index.php\/wp-json\/wp\/v2\/media\/779"}],"wp:attachment":[{"href":"https:\/\/somos-hermanos.mx\/index.php\/wp-json\/wp\/v2\/media?parent=778"}],"wp:term":[{"taxonomy":"category","embeddable":true,"href":"https:\/\/somos-hermanos.mx\/index.php\/wp-json\/wp\/v2\/categories?post=778"},{"taxonomy":"post_tag","embeddable":true,"href":"https:\/\/somos-hermanos.mx\/index.php\/wp-json\/wp\/v2\/tags?post=778"}],"curies":[{"name":"wp","href":"https:\/\/api.w.org\/{rel}","templated":true}]}}