{"id":769,"date":"2025-08-04T02:31:26","date_gmt":"2025-08-04T08:31:26","guid":{"rendered":"https:\/\/somos-hermanos.mx\/?p=769"},"modified":"2025-08-04T02:31:26","modified_gmt":"2025-08-04T08:31:26","slug":"espau-por-un-mexico-que-abrace-la-neurodivergencia","status":"publish","type":"post","link":"https:\/\/somos-hermanos.mx\/index.php\/2025\/08\/04\/espau-por-un-mexico-que-abrace-la-neurodivergencia\/","title":{"rendered":"ESPAU: por un M\u00e9xico que abrace la neurodivergencia"},"content":{"rendered":"<p>En un pa\u00eds donde el acceso a terapias especializadas para personas con autismo a\u00fan es limitado, <strong>Esperanza para el Autismo IAP (ESPAU) <\/strong>se ha convertido en un faro de luz para cientos de familias mexicanas que buscan atenci\u00f3n digna, profesional y humana para sus hijas e hijos con <strong>Trastorno del Espectro Autista (TEA).<\/strong>\u00a0Esta instituci\u00f3n, sin fines de lucro, trabaja incansablemente desde su fundaci\u00f3n para brindar diagn\u00f3sticos precisos, terapias integrales y acompa\u00f1amiento emocional a quienes m\u00e1s lo necesitan, transformando cada historia en un acto de esperanza y posibilidad.<\/p>\n<p><strong>El Trastorno del Espectro Autista es un conjunto de condiciones del neurodesarrollo que se manifiestan de forma diferente en cada persona.<\/strong>\u00a0No hay un solo tipo de autismo, sino m\u00faltiples maneras en las que se presentan alteraciones en la interacci\u00f3n social, la comunicaci\u00f3n verbal y no verbal, la flexibilidad del pensamiento, la imaginaci\u00f3n, el comportamiento y el procesamiento sensorial. <strong>Esto hace que cada diagn\u00f3stico sea \u00fanico y requiere una intervenci\u00f3n personalizada.<\/strong><\/p>\n<p>De acuerdo a cifras de la <strong>Organizaci\u00f3n Mundial de la Salud (OMS), se estima que 1 de cada 100 ni\u00f1os en el mundo tiene autismo, lo que representa un desaf\u00edo creciente en materia de salud p\u00fablica.<\/strong>\u00a0En pa\u00edses como Estados Unidos, la estad\u00edstica es m\u00e1s alta: 1 de cada 44 ni\u00f1os, de acuerdo con el Centro para el Control de Enfermedades (CDC).<strong>\u00a0En M\u00e9xico, los \u00faltimos datos del INEGI estiman una prevalencia de 1 por cada 115 ni\u00f1os. <\/strong>No obstante, la falta de conciencia social y de recursos especializados impide que muchas familias accedan a un diagn\u00f3stico temprano y a un tratamiento adecuado.<\/p>\n<p>A diferencia de otras condiciones m\u00e9dicas, no existe una prueba de laboratorio que determine si un ni\u00f1o tiene autismo. El diagn\u00f3stico se basa en la observaci\u00f3n cl\u00ednica y en el an\u00e1lisis detallado del comportamiento del menor, lo que requiere la intervenci\u00f3n de especialistas capacitados.<\/p>\n<p><strong>ESPAU <\/strong>cuenta con un equipo multidisciplinario altamente calificado que incluye psic\u00f3logos, terapeutas, neur\u00f3logos y especialistas en integraci\u00f3n sensorial. Este equipo aplica herramientas estandarizadas de reconocimiento internacional como <strong>ADOS-2 (Escala de Observaci\u00f3n para el Diagn\u00f3stico del Autismo), ADIR (Entrevista Diagn\u00f3stica para el Autismo) y ABAS-II (Sistema de Evaluaci\u00f3n del Comportamiento Adaptativo)<\/strong>, lo que permite obtener un perfil preciso y detallado del desarrollo del paciente. Adem\u00e1s, la instituci\u00f3n cuenta con el aval de la Asociaci\u00f3n Mexicana de Integraci\u00f3n Sensorial para realizar diagn\u00f3sticos complementarios, especialmente en casos complejos.<\/p>\n<p>Una vez establecido el diagn\u00f3stico, ESPAU dise\u00f1a un plan terap\u00e9utico personalizado, que puede incluir tanto sesiones individuales como intervenci\u00f3n grupal, siempre enfocado en potenciar las habilidades del usuario.<\/p>\n<ul>\n<li><strong>Terapia Individual: <\/strong>Este modelo busca atender las necesidades espec\u00edficas de cada persona. Se trabaja en \u00e1reas como las funciones ejecutivas, la autonom\u00eda, el autocuidado, la interacci\u00f3n social y las habilidades comunicativas, a trav\u00e9s de estrategias basadas en la evidencia. Cada sesi\u00f3n es implementada por profesionales capacitados que no solo entienden el diagn\u00f3stico, sino que acompa\u00f1an con sensibilidad y compromiso a cada usuario y su familia.<\/li>\n<li><strong>Terapia Grupal para Adolescentes y J\u00f3venes: <\/strong>ESPAU ofrece un modelo terap\u00e9utico intensivo de siete horas diarias que incluye seis talleres fundamentales para el desarrollo integral de sus usuarios:<\/li>\n<li><strong>Vida diaria: <\/strong>actividades para fomentar la autonom\u00eda en casa y la autogesti\u00f3n.<\/li>\n<li><strong>Entrenamiento b\u00e1sico en oficios: <\/strong>formaci\u00f3n ocupacional con elaboraci\u00f3n de productos con valor econ\u00f3mico.<\/li>\n<li><strong>Aprendizaje acad\u00e9mico: <\/strong>ense\u00f1anza adaptada a las capacidades y ritmo de cada usuario.<\/li>\n<li><strong>Ocio y recreaci\u00f3n:<\/strong>ense\u00f1anza del uso funcional del tiempo libre y habilidades sociales.<\/li>\n<li><strong>Artes: <\/strong>espacio para la expresi\u00f3n emocional mediante danza, m\u00fasica y manualidades.<\/li>\n<li><strong>Activaci\u00f3n f\u00edsica:<\/strong>ejercicios de acondicionamiento f\u00edsico e integraci\u00f3n sensorial que favorecen el control de impulsos y la atenci\u00f3n.<\/li>\n<li><strong>Terapia Grupal para Preescolares: <\/strong>Dirigido a ni\u00f1as y ni\u00f1os en edad temprana, este programa implementa el modelo Denver de intervenci\u00f3n en autismo junto con los contenidos marcados por la SEP, para facilitar la inclusi\u00f3n escolar. Se trabajan \u00e1reas clave como la comunicaci\u00f3n receptiva y expresiva, imitaci\u00f3n, juego, motricidad, cognici\u00f3n y regulaci\u00f3n conductual. Gracias a esta atenci\u00f3n oportuna, es posible reducir la severidad de los s\u00edntomas y facilitar un desarrollo m\u00e1s arm\u00f3nico.<\/li>\n<\/ul>\n<p>En ESPAU, se brinda acompa\u00f1amiento emocional y capacitaci\u00f3n a madres, padres y cuidadores, para que puedan comprender mejor las necesidades de sus hijos, dar continuidad a los objetivos terap\u00e9uticos desde casa y, sobre todo, contar con herramientas emocionales para enfrentar los desaf\u00edos que implica este camino.<strong>\u00a0El objetivo es construir entornos familiares que sostengan, contengan y potencien el desarrollo del ni\u00f1o o adolescente.<\/strong><\/p>\n<p>Adem\u00e1s, se realizan<strong>\u00a0capacitaciones, talleres y conferencias dirigidas a docentes, instituciones educativas, profesionistas de la salud y sociedad civil, con el objetivo de derribar estigmas y ofrecer estrategias pr\u00e1cticas para convivir y apoyar a personas con autismo en distintos contextos<\/strong>. Cada capacitaci\u00f3n es una semilla de cambio para construir una sociedad m\u00e1s incluyente y emp\u00e1tica.<\/p>\n<p><strong>\u00bfC\u00f3mo ayudar? Cada contribuci\u00f3n puede transformar una vida<\/strong><\/p>\n<p>ESPAU depende del compromiso solidario de la comunidad para seguir operando. Existen distintas formas de colaborar con esta noble causa: Por solo $100 pesos mensuales, puedes convertirte en parte activa de esta red de apoyo. Tu contribuci\u00f3n ayuda a cubrir terapias, materiales y recursos indispensables para la atenci\u00f3n de personas con TEA.<\/p>\n<p>En medio de la incertidumbre que muchas familias enfrentan tras un diagn\u00f3stico de autismo, ESPAU se alza como un s\u00edmbolo de esperanza real y comprometida. M\u00e1s all\u00e1 de los n\u00fameros, cada historia que pasa por sus puertas representa una oportunidad para crecer, aprender y florecer.<\/p>\n<p><em>Para conocer m\u00e1s sobre ESPAU, sus programas y c\u00f3mo apoyar, visita: <\/em><a href=\"http:\/\/www.espau.com\"><em><u>www.espau.com<\/u><\/em><\/a><em>\u00a0<\/em><\/p>\n","protected":false},"excerpt":{"rendered":"<p>En un pa\u00eds donde el acceso a terapias especializadas para personas con autismo a\u00fan es limitado, Esperanza para el Autismo IAP (ESPAU) se ha convertido en un faro de luz para cientos de familias mexicanas que buscan atenci\u00f3n digna, profesional y humana para sus hijas e hijos con Trastorno del Espectro Autista (TEA).\u00a0Esta instituci\u00f3n, sin [&hellip;]<\/p>\n","protected":false},"author":6,"featured_media":770,"comment_status":"open","ping_status":"closed","sticky":false,"template":"","format":"standard","meta":{"footnotes":""},"categories":[6],"tags":[],"class_list":["post-769","post","type-post","status-publish","format-standard","has-post-thumbnail","hentry","category-noticias"],"yoast_head":"<!-- This site is optimized with the Yoast SEO plugin v27.4 - https:\/\/yoast.com\/product\/yoast-seo-wordpress\/ -->\n<title>ESPAU: por un M\u00e9xico que abrace la neurodivergencia - Historias que inspiran...<\/title>\n<meta name=\"robots\" content=\"index, follow, max-snippet:-1, max-image-preview:large, max-video-preview:-1\" \/>\n<link rel=\"canonical\" href=\"https:\/\/somos-hermanos.mx\/index.php\/2025\/08\/04\/espau-por-un-mexico-que-abrace-la-neurodivergencia\/\" \/>\n<meta property=\"og:locale\" content=\"es_MX\" \/>\n<meta property=\"og:type\" content=\"article\" \/>\n<meta property=\"og:title\" content=\"ESPAU: por un M\u00e9xico que abrace la neurodivergencia - Historias que inspiran...\" \/>\n<meta property=\"og:description\" content=\"En un pa\u00eds donde el acceso a terapias especializadas para personas con autismo a\u00fan es limitado, Esperanza para el Autismo IAP (ESPAU) se ha convertido en un faro de luz para cientos de familias mexicanas que buscan atenci\u00f3n digna, profesional y humana para sus hijas e hijos con Trastorno del Espectro Autista (TEA).\u00a0Esta instituci\u00f3n, sin [&hellip;]\" \/>\n<meta property=\"og:url\" content=\"https:\/\/somos-hermanos.mx\/index.php\/2025\/08\/04\/espau-por-un-mexico-que-abrace-la-neurodivergencia\/\" \/>\n<meta property=\"og:site_name\" content=\"Historias que inspiran...\" \/>\n<meta property=\"article:publisher\" content=\"https:\/\/www.facebook.com\/SomosHermanosIAP\/\" \/>\n<meta property=\"article:published_time\" content=\"2025-08-04T08:31:26+00:00\" \/>\n<meta property=\"og:image\" content=\"https:\/\/somos-hermanos.mx\/wp-content\/uploads\/2025\/08\/espa2.jpeg\" \/>\n\t<meta property=\"og:image:width\" content=\"1600\" \/>\n\t<meta property=\"og:image:height\" content=\"1200\" \/>\n\t<meta property=\"og:image:type\" content=\"image\/jpeg\" \/>\n<meta name=\"author\" content=\"Jessica Iniestra Montoya\" \/>\n<meta name=\"twitter:card\" content=\"summary_large_image\" \/>\n<meta name=\"twitter:creator\" content=\"@Somos__Hermanos\" \/>\n<meta name=\"twitter:site\" content=\"@Somos__Hermanos\" \/>\n<meta name=\"twitter:label1\" content=\"Escrito por\" \/>\n\t<meta name=\"twitter:data1\" content=\"Jessica Iniestra Montoya\" \/>\n\t<meta name=\"twitter:label2\" content=\"Tiempo de lectura\" \/>\n\t<meta name=\"twitter:data2\" content=\"5 minutos\" \/>\n<script type=\"application\/ld+json\" class=\"yoast-schema-graph\">{\"@context\":\"https:\\\/\\\/schema.org\",\"@graph\":[{\"@type\":\"Article\",\"@id\":\"https:\\\/\\\/somos-hermanos.mx\\\/index.php\\\/2025\\\/08\\\/04\\\/espau-por-un-mexico-que-abrace-la-neurodivergencia\\\/#article\",\"isPartOf\":{\"@id\":\"https:\\\/\\\/somos-hermanos.mx\\\/index.php\\\/2025\\\/08\\\/04\\\/espau-por-un-mexico-que-abrace-la-neurodivergencia\\\/\"},\"author\":{\"name\":\"Jessica Iniestra Montoya\",\"@id\":\"https:\\\/\\\/somos-hermanos.mx\\\/#\\\/schema\\\/person\\\/556c08a8ffe5461f078f6d4ee7c7edc6\"},\"headline\":\"ESPAU: por un M\u00e9xico que abrace la neurodivergencia\",\"datePublished\":\"2025-08-04T08:31:26+00:00\",\"mainEntityOfPage\":{\"@id\":\"https:\\\/\\\/somos-hermanos.mx\\\/index.php\\\/2025\\\/08\\\/04\\\/espau-por-un-mexico-que-abrace-la-neurodivergencia\\\/\"},\"wordCount\":1007,\"commentCount\":0,\"publisher\":{\"@id\":\"https:\\\/\\\/somos-hermanos.mx\\\/#organization\"},\"image\":{\"@id\":\"https:\\\/\\\/somos-hermanos.mx\\\/index.php\\\/2025\\\/08\\\/04\\\/espau-por-un-mexico-que-abrace-la-neurodivergencia\\\/#primaryimage\"},\"thumbnailUrl\":\"https:\\\/\\\/somos-hermanos.mx\\\/wp-content\\\/uploads\\\/2025\\\/08\\\/espa2.jpeg\",\"articleSection\":[\"Noticias\"],\"inLanguage\":\"es\",\"potentialAction\":[{\"@type\":\"CommentAction\",\"name\":\"Comment\",\"target\":[\"https:\\\/\\\/somos-hermanos.mx\\\/index.php\\\/2025\\\/08\\\/04\\\/espau-por-un-mexico-que-abrace-la-neurodivergencia\\\/#respond\"]}]},{\"@type\":\"WebPage\",\"@id\":\"https:\\\/\\\/somos-hermanos.mx\\\/index.php\\\/2025\\\/08\\\/04\\\/espau-por-un-mexico-que-abrace-la-neurodivergencia\\\/\",\"url\":\"https:\\\/\\\/somos-hermanos.mx\\\/index.php\\\/2025\\\/08\\\/04\\\/espau-por-un-mexico-que-abrace-la-neurodivergencia\\\/\",\"name\":\"ESPAU: por un M\u00e9xico que abrace la neurodivergencia - Historias que inspiran...\",\"isPartOf\":{\"@id\":\"https:\\\/\\\/somos-hermanos.mx\\\/#website\"},\"primaryImageOfPage\":{\"@id\":\"https:\\\/\\\/somos-hermanos.mx\\\/index.php\\\/2025\\\/08\\\/04\\\/espau-por-un-mexico-que-abrace-la-neurodivergencia\\\/#primaryimage\"},\"image\":{\"@id\":\"https:\\\/\\\/somos-hermanos.mx\\\/index.php\\\/2025\\\/08\\\/04\\\/espau-por-un-mexico-que-abrace-la-neurodivergencia\\\/#primaryimage\"},\"thumbnailUrl\":\"https:\\\/\\\/somos-hermanos.mx\\\/wp-content\\\/uploads\\\/2025\\\/08\\\/espa2.jpeg\",\"datePublished\":\"2025-08-04T08:31:26+00:00\",\"breadcrumb\":{\"@id\":\"https:\\\/\\\/somos-hermanos.mx\\\/index.php\\\/2025\\\/08\\\/04\\\/espau-por-un-mexico-que-abrace-la-neurodivergencia\\\/#breadcrumb\"},\"inLanguage\":\"es\",\"potentialAction\":[{\"@type\":\"ReadAction\",\"target\":[\"https:\\\/\\\/somos-hermanos.mx\\\/index.php\\\/2025\\\/08\\\/04\\\/espau-por-un-mexico-que-abrace-la-neurodivergencia\\\/\"]}]},{\"@type\":\"ImageObject\",\"inLanguage\":\"es\",\"@id\":\"https:\\\/\\\/somos-hermanos.mx\\\/index.php\\\/2025\\\/08\\\/04\\\/espau-por-un-mexico-que-abrace-la-neurodivergencia\\\/#primaryimage\",\"url\":\"https:\\\/\\\/somos-hermanos.mx\\\/wp-content\\\/uploads\\\/2025\\\/08\\\/espa2.jpeg\",\"contentUrl\":\"https:\\\/\\\/somos-hermanos.mx\\\/wp-content\\\/uploads\\\/2025\\\/08\\\/espa2.jpeg\",\"width\":1600,\"height\":1200},{\"@type\":\"BreadcrumbList\",\"@id\":\"https:\\\/\\\/somos-hermanos.mx\\\/index.php\\\/2025\\\/08\\\/04\\\/espau-por-un-mexico-que-abrace-la-neurodivergencia\\\/#breadcrumb\",\"itemListElement\":[{\"@type\":\"ListItem\",\"position\":1,\"name\":\"Inicio\",\"item\":\"https:\\\/\\\/somos-hermanos.mx\\\/\"},{\"@type\":\"ListItem\",\"position\":2,\"name\":\"ESPAU: por un M\u00e9xico que abrace la neurodivergencia\"}]},{\"@type\":\"WebSite\",\"@id\":\"https:\\\/\\\/somos-hermanos.mx\\\/#website\",\"url\":\"https:\\\/\\\/somos-hermanos.mx\\\/\",\"name\":\"Historias que inspiran...\",\"description\":\"Somos la voz del altruismo en M\u00e9xico\",\"publisher\":{\"@id\":\"https:\\\/\\\/somos-hermanos.mx\\\/#organization\"},\"potentialAction\":[{\"@type\":\"SearchAction\",\"target\":{\"@type\":\"EntryPoint\",\"urlTemplate\":\"https:\\\/\\\/somos-hermanos.mx\\\/?s={search_term_string}\"},\"query-input\":{\"@type\":\"PropertyValueSpecification\",\"valueRequired\":true,\"valueName\":\"search_term_string\"}}],\"inLanguage\":\"es\"},{\"@type\":\"Organization\",\"@id\":\"https:\\\/\\\/somos-hermanos.mx\\\/#organization\",\"name\":\"Somos Hermanos\",\"url\":\"https:\\\/\\\/somos-hermanos.mx\\\/\",\"logo\":{\"@type\":\"ImageObject\",\"inLanguage\":\"es\",\"@id\":\"https:\\\/\\\/somos-hermanos.mx\\\/#\\\/schema\\\/logo\\\/image\\\/\",\"url\":\"https:\\\/\\\/somos-hermanos.mx\\\/wp-content\\\/uploads\\\/2025\\\/08\\\/SH30-1.jpeg\",\"contentUrl\":\"https:\\\/\\\/somos-hermanos.mx\\\/wp-content\\\/uploads\\\/2025\\\/08\\\/SH30-1.jpeg\",\"width\":1600,\"height\":1142,\"caption\":\"Somos Hermanos\"},\"image\":{\"@id\":\"https:\\\/\\\/somos-hermanos.mx\\\/#\\\/schema\\\/logo\\\/image\\\/\"},\"sameAs\":[\"https:\\\/\\\/www.facebook.com\\\/SomosHermanosIAP\\\/\",\"https:\\\/\\\/x.com\\\/Somos__Hermanos\",\"https:\\\/\\\/www.instagram.com\\\/somos__hermanos\\\/#\",\"https:\\\/\\\/www.tiktok.com\\\/@somoshermanosiap\",\"https:\\\/\\\/www.youtube.com\\\/@somoshermanosiap1201\\\/videos\"]},{\"@type\":\"Person\",\"@id\":\"https:\\\/\\\/somos-hermanos.mx\\\/#\\\/schema\\\/person\\\/556c08a8ffe5461f078f6d4ee7c7edc6\",\"name\":\"Jessica Iniestra Montoya\",\"image\":{\"@type\":\"ImageObject\",\"inLanguage\":\"es\",\"@id\":\"https:\\\/\\\/secure.gravatar.com\\\/avatar\\\/106ac0d17a09f7597c4b7d5101b852538c07d5e73e903cb99fc44476e15e52aa?s=96&d=mm&r=g\",\"url\":\"https:\\\/\\\/secure.gravatar.com\\\/avatar\\\/106ac0d17a09f7597c4b7d5101b852538c07d5e73e903cb99fc44476e15e52aa?s=96&d=mm&r=g\",\"contentUrl\":\"https:\\\/\\\/secure.gravatar.com\\\/avatar\\\/106ac0d17a09f7597c4b7d5101b852538c07d5e73e903cb99fc44476e15e52aa?s=96&d=mm&r=g\",\"caption\":\"Jessica Iniestra Montoya\"},\"url\":\"https:\\\/\\\/somos-hermanos.mx\\\/index.php\\\/author\\\/jessica-iniestra-montoya\\\/\"}]}<\/script>\n<!-- \/ Yoast SEO plugin. -->","yoast_head_json":{"title":"ESPAU: por un M\u00e9xico que abrace la neurodivergencia - Historias que inspiran...","robots":{"index":"index","follow":"follow","max-snippet":"max-snippet:-1","max-image-preview":"max-image-preview:large","max-video-preview":"max-video-preview:-1"},"canonical":"https:\/\/somos-hermanos.mx\/index.php\/2025\/08\/04\/espau-por-un-mexico-que-abrace-la-neurodivergencia\/","og_locale":"es_MX","og_type":"article","og_title":"ESPAU: por un M\u00e9xico que abrace la neurodivergencia - Historias que inspiran...","og_description":"En un pa\u00eds donde el acceso a terapias especializadas para personas con autismo a\u00fan es limitado, Esperanza para el Autismo IAP (ESPAU) se ha convertido en un faro de luz para cientos de familias mexicanas que buscan atenci\u00f3n digna, profesional y humana para sus hijas e hijos con Trastorno del Espectro Autista (TEA).\u00a0Esta instituci\u00f3n, sin [&hellip;]","og_url":"https:\/\/somos-hermanos.mx\/index.php\/2025\/08\/04\/espau-por-un-mexico-que-abrace-la-neurodivergencia\/","og_site_name":"Historias que inspiran...","article_publisher":"https:\/\/www.facebook.com\/SomosHermanosIAP\/","article_published_time":"2025-08-04T08:31:26+00:00","og_image":[{"width":1600,"height":1200,"url":"https:\/\/somos-hermanos.mx\/wp-content\/uploads\/2025\/08\/espa2.jpeg","type":"image\/jpeg"}],"author":"Jessica Iniestra Montoya","twitter_card":"summary_large_image","twitter_creator":"@Somos__Hermanos","twitter_site":"@Somos__Hermanos","twitter_misc":{"Escrito por":"Jessica Iniestra Montoya","Tiempo de lectura":"5 minutos"},"schema":{"@context":"https:\/\/schema.org","@graph":[{"@type":"Article","@id":"https:\/\/somos-hermanos.mx\/index.php\/2025\/08\/04\/espau-por-un-mexico-que-abrace-la-neurodivergencia\/#article","isPartOf":{"@id":"https:\/\/somos-hermanos.mx\/index.php\/2025\/08\/04\/espau-por-un-mexico-que-abrace-la-neurodivergencia\/"},"author":{"name":"Jessica Iniestra Montoya","@id":"https:\/\/somos-hermanos.mx\/#\/schema\/person\/556c08a8ffe5461f078f6d4ee7c7edc6"},"headline":"ESPAU: por un M\u00e9xico que abrace la neurodivergencia","datePublished":"2025-08-04T08:31:26+00:00","mainEntityOfPage":{"@id":"https:\/\/somos-hermanos.mx\/index.php\/2025\/08\/04\/espau-por-un-mexico-que-abrace-la-neurodivergencia\/"},"wordCount":1007,"commentCount":0,"publisher":{"@id":"https:\/\/somos-hermanos.mx\/#organization"},"image":{"@id":"https:\/\/somos-hermanos.mx\/index.php\/2025\/08\/04\/espau-por-un-mexico-que-abrace-la-neurodivergencia\/#primaryimage"},"thumbnailUrl":"https:\/\/somos-hermanos.mx\/wp-content\/uploads\/2025\/08\/espa2.jpeg","articleSection":["Noticias"],"inLanguage":"es","potentialAction":[{"@type":"CommentAction","name":"Comment","target":["https:\/\/somos-hermanos.mx\/index.php\/2025\/08\/04\/espau-por-un-mexico-que-abrace-la-neurodivergencia\/#respond"]}]},{"@type":"WebPage","@id":"https:\/\/somos-hermanos.mx\/index.php\/2025\/08\/04\/espau-por-un-mexico-que-abrace-la-neurodivergencia\/","url":"https:\/\/somos-hermanos.mx\/index.php\/2025\/08\/04\/espau-por-un-mexico-que-abrace-la-neurodivergencia\/","name":"ESPAU: por un M\u00e9xico que abrace la neurodivergencia - Historias que inspiran...","isPartOf":{"@id":"https:\/\/somos-hermanos.mx\/#website"},"primaryImageOfPage":{"@id":"https:\/\/somos-hermanos.mx\/index.php\/2025\/08\/04\/espau-por-un-mexico-que-abrace-la-neurodivergencia\/#primaryimage"},"image":{"@id":"https:\/\/somos-hermanos.mx\/index.php\/2025\/08\/04\/espau-por-un-mexico-que-abrace-la-neurodivergencia\/#primaryimage"},"thumbnailUrl":"https:\/\/somos-hermanos.mx\/wp-content\/uploads\/2025\/08\/espa2.jpeg","datePublished":"2025-08-04T08:31:26+00:00","breadcrumb":{"@id":"https:\/\/somos-hermanos.mx\/index.php\/2025\/08\/04\/espau-por-un-mexico-que-abrace-la-neurodivergencia\/#breadcrumb"},"inLanguage":"es","potentialAction":[{"@type":"ReadAction","target":["https:\/\/somos-hermanos.mx\/index.php\/2025\/08\/04\/espau-por-un-mexico-que-abrace-la-neurodivergencia\/"]}]},{"@type":"ImageObject","inLanguage":"es","@id":"https:\/\/somos-hermanos.mx\/index.php\/2025\/08\/04\/espau-por-un-mexico-que-abrace-la-neurodivergencia\/#primaryimage","url":"https:\/\/somos-hermanos.mx\/wp-content\/uploads\/2025\/08\/espa2.jpeg","contentUrl":"https:\/\/somos-hermanos.mx\/wp-content\/uploads\/2025\/08\/espa2.jpeg","width":1600,"height":1200},{"@type":"BreadcrumbList","@id":"https:\/\/somos-hermanos.mx\/index.php\/2025\/08\/04\/espau-por-un-mexico-que-abrace-la-neurodivergencia\/#breadcrumb","itemListElement":[{"@type":"ListItem","position":1,"name":"Inicio","item":"https:\/\/somos-hermanos.mx\/"},{"@type":"ListItem","position":2,"name":"ESPAU: por un M\u00e9xico que abrace la neurodivergencia"}]},{"@type":"WebSite","@id":"https:\/\/somos-hermanos.mx\/#website","url":"https:\/\/somos-hermanos.mx\/","name":"Historias que inspiran...","description":"Somos la voz del altruismo en M\u00e9xico","publisher":{"@id":"https:\/\/somos-hermanos.mx\/#organization"},"potentialAction":[{"@type":"SearchAction","target":{"@type":"EntryPoint","urlTemplate":"https:\/\/somos-hermanos.mx\/?s={search_term_string}"},"query-input":{"@type":"PropertyValueSpecification","valueRequired":true,"valueName":"search_term_string"}}],"inLanguage":"es"},{"@type":"Organization","@id":"https:\/\/somos-hermanos.mx\/#organization","name":"Somos Hermanos","url":"https:\/\/somos-hermanos.mx\/","logo":{"@type":"ImageObject","inLanguage":"es","@id":"https:\/\/somos-hermanos.mx\/#\/schema\/logo\/image\/","url":"https:\/\/somos-hermanos.mx\/wp-content\/uploads\/2025\/08\/SH30-1.jpeg","contentUrl":"https:\/\/somos-hermanos.mx\/wp-content\/uploads\/2025\/08\/SH30-1.jpeg","width":1600,"height":1142,"caption":"Somos Hermanos"},"image":{"@id":"https:\/\/somos-hermanos.mx\/#\/schema\/logo\/image\/"},"sameAs":["https:\/\/www.facebook.com\/SomosHermanosIAP\/","https:\/\/x.com\/Somos__Hermanos","https:\/\/www.instagram.com\/somos__hermanos\/#","https:\/\/www.tiktok.com\/@somoshermanosiap","https:\/\/www.youtube.com\/@somoshermanosiap1201\/videos"]},{"@type":"Person","@id":"https:\/\/somos-hermanos.mx\/#\/schema\/person\/556c08a8ffe5461f078f6d4ee7c7edc6","name":"Jessica Iniestra Montoya","image":{"@type":"ImageObject","inLanguage":"es","@id":"https:\/\/secure.gravatar.com\/avatar\/106ac0d17a09f7597c4b7d5101b852538c07d5e73e903cb99fc44476e15e52aa?s=96&d=mm&r=g","url":"https:\/\/secure.gravatar.com\/avatar\/106ac0d17a09f7597c4b7d5101b852538c07d5e73e903cb99fc44476e15e52aa?s=96&d=mm&r=g","contentUrl":"https:\/\/secure.gravatar.com\/avatar\/106ac0d17a09f7597c4b7d5101b852538c07d5e73e903cb99fc44476e15e52aa?s=96&d=mm&r=g","caption":"Jessica Iniestra Montoya"},"url":"https:\/\/somos-hermanos.mx\/index.php\/author\/jessica-iniestra-montoya\/"}]}},"_links":{"self":[{"href":"https:\/\/somos-hermanos.mx\/index.php\/wp-json\/wp\/v2\/posts\/769","targetHints":{"allow":["GET"]}}],"collection":[{"href":"https:\/\/somos-hermanos.mx\/index.php\/wp-json\/wp\/v2\/posts"}],"about":[{"href":"https:\/\/somos-hermanos.mx\/index.php\/wp-json\/wp\/v2\/types\/post"}],"author":[{"embeddable":true,"href":"https:\/\/somos-hermanos.mx\/index.php\/wp-json\/wp\/v2\/users\/6"}],"replies":[{"embeddable":true,"href":"https:\/\/somos-hermanos.mx\/index.php\/wp-json\/wp\/v2\/comments?post=769"}],"version-history":[{"count":1,"href":"https:\/\/somos-hermanos.mx\/index.php\/wp-json\/wp\/v2\/posts\/769\/revisions"}],"predecessor-version":[{"id":771,"href":"https:\/\/somos-hermanos.mx\/index.php\/wp-json\/wp\/v2\/posts\/769\/revisions\/771"}],"wp:featuredmedia":[{"embeddable":true,"href":"https:\/\/somos-hermanos.mx\/index.php\/wp-json\/wp\/v2\/media\/770"}],"wp:attachment":[{"href":"https:\/\/somos-hermanos.mx\/index.php\/wp-json\/wp\/v2\/media?parent=769"}],"wp:term":[{"taxonomy":"category","embeddable":true,"href":"https:\/\/somos-hermanos.mx\/index.php\/wp-json\/wp\/v2\/categories?post=769"},{"taxonomy":"post_tag","embeddable":true,"href":"https:\/\/somos-hermanos.mx\/index.php\/wp-json\/wp\/v2\/tags?post=769"}],"curies":[{"name":"wp","href":"https:\/\/api.w.org\/{rel}","templated":true}]}}