{"id":766,"date":"2025-08-04T02:30:04","date_gmt":"2025-08-04T08:30:04","guid":{"rendered":"https:\/\/somos-hermanos.mx\/?p=766"},"modified":"2025-08-04T02:30:04","modified_gmt":"2025-08-04T08:30:04","slug":"hablar-de-enfermedades-visuales-el-referente-hospital-de-la-luz","status":"publish","type":"post","link":"https:\/\/somos-hermanos.mx\/index.php\/2025\/08\/04\/hablar-de-enfermedades-visuales-el-referente-hospital-de-la-luz\/","title":{"rendered":"Hablar de enfermedades visuales, el referente: Hospital de la Luz"},"content":{"rendered":"<p>A nivel <strong>mundial<\/strong>, <strong>al menos 2,2000 millones de personas tienen problemas de visi\u00f3n de cerca o de lejos.<\/strong>\u00a0En al menos <strong>mil millones<\/strong>\u00a0de ellos, la discapacidad visual podr\u00eda haberse evitado o a\u00fan no ha ido tratada.<\/p>\n<p>No se puede hablar de <strong>enfermedades de los ojos en M\u00e9xico,<\/strong>\u00a0sin hablar del <strong>Hospital de la Luz.<\/strong>\u00a0<strong>Fundaci\u00f3n Hospital Nuestra Se\u00f1ora de la Luz IAP<\/strong>., es considerada la <strong>primera <\/strong>instituci\u00f3n y hospital <strong>especializado en enfermedades de los ojos en Am\u00e9rica Latina<\/strong>.<\/p>\n<p>Creada en el a\u00f1o de <strong>1876 <\/strong>para atender a <strong>personas con enfermedades de los ojos y discapacidad visual,<\/strong>\u00a0en sus <strong>149 a\u00f1os <\/strong>de experiencia y existencia, en los que ha sido <strong>protagonista de la oftalmolog\u00eda en M\u00e9xico. <\/strong><\/p>\n<p>Se ha destacado por su n<strong>ivel y calidad de atenci\u00f3n<\/strong>\u00a0como por el n\u00famero de pacientes atendidos y por su <strong>importante participaci\u00f3n en la formaci\u00f3n de m\u00e9dicos oftalm\u00f3logos<\/strong>. La organizaci\u00f3n de la instituci\u00f3n es muy importante, pues <strong>se basa en un patronato responsable de cumplir con los fines fundacionales y administraci\u00f3n con diligencia de los bienes.<\/strong><\/p>\n<p>De igual forma, los m\u00e9dicos del Hospital de la Luz son profesionales oftalm\u00f3logos en formaci\u00f3n, o graduados, con la certificaci\u00f3n del Consejo Mexicano de Oftalmolog\u00eda.<\/p>\n<p>El sentido de la vista de toda persona, juega un <strong>papel fundamental en cada etapa de la vida, sin la vista se vuelve dif\u00edcil aprender, caminar, leer, participar en la escuela y trabajar.<\/strong>\u00a0La discapacidad visual se da cuando <strong>una condici\u00f3n ocular afecta el sistema visual y las funciones que este proporciona. <\/strong><\/p>\n<p>La discapacidad visual tiene graves consecuencias a lo largo de la vida, y el acceso oportuno a una atenci\u00f3n oftalmol\u00f3gica de calidad puede aliviar muchos de estos problemas. De acuerdo con la Organizaci\u00f3n Mundial de a Salud (<strong>OMS<\/strong>).<\/p>\n<p>Algunas de las <strong>causas principales<\/strong>\u00a0de discapacidad <strong>visual <\/strong>y ceguera son, <strong>errores de refracci\u00f3n, cataratas, retinopat\u00eda diab\u00e9tica, glaucoma, degeneraci\u00f3n macular relacionada con la edad.<\/strong>\u00a0Fundaci\u00f3n Hospital Nuestra Se\u00f1ora de la Luz IAP, tiene la misi\u00f3n de ofrecer sus servicios principalmente a personas bajo vulnerabilidad socioecon\u00f3mica, <strong>mediante servicios m\u00e9dicos especializados, <\/strong>con la finalidad de contribuir a mejorar su calidad de vida.<\/p>\n<p>El Hospital de la Luz cuenta con diferentes especialidades de la visi\u00f3n como, <strong>retina, ecograf\u00eda, segmento anterior, c\u00f3rnea, \u00f3rbita, estrabismo, consulta de especialidad, glaucoma, y enfermedades inflamatorias oculares.<\/strong>\u00a0Tambi\u00e9n cuenta con un Centro de Investigaci\u00f3n Biom\u00e9dica relacionado con la oftalmolog\u00eda; actualmente funge como un <strong>generador de conocimiento,<\/strong>\u00a0<strong>difusi\u00f3n de la ciencia, asesor\u00eda cient\u00edfica y formaci\u00f3n de recursos humanos, <\/strong>vinculada tambi\u00e9n con varias Facultades de la UNAM.<\/p>\n<p>Fundaci\u00f3n Hospital Nuestra Se\u00f1ora de la Luz IAP., contribuye a mejorar la calidad de vida, <strong>busca alternativas para apoyar a personas con ceguera y debilidad visual.<\/strong><\/p>\n<p>La Fundaci\u00f3n tambi\u00e9n da la oportunidad a la sociedad en general, de ayudar y sumarse a la causa, a trav\u00e9s de <strong>donativos, apadrinamiento de un adulto mayor, de un ni\u00f1o, becas a los pacientes y muchas m\u00e1s, <\/strong>para continuar el trabajo que ha beneficiado a miles de personas en M\u00e9xico.<\/p>\n","protected":false},"excerpt":{"rendered":"<p>A nivel mundial, al menos 2,2000 millones de personas tienen problemas de visi\u00f3n de cerca o de lejos.\u00a0En al menos mil millones\u00a0de ellos, la discapacidad visual podr\u00eda haberse evitado o a\u00fan no ha ido tratada. No se puede hablar de enfermedades de los ojos en M\u00e9xico,\u00a0sin hablar del Hospital de la Luz.\u00a0Fundaci\u00f3n Hospital Nuestra Se\u00f1ora [&hellip;]<\/p>\n","protected":false},"author":14,"featured_media":767,"comment_status":"open","ping_status":"closed","sticky":false,"template":"","format":"standard","meta":{"footnotes":""},"categories":[6],"tags":[],"class_list":["post-766","post","type-post","status-publish","format-standard","has-post-thumbnail","hentry","category-noticias"],"yoast_head":"<!-- This site is optimized with the Yoast SEO plugin v27.4 - https:\/\/yoast.com\/product\/yoast-seo-wordpress\/ -->\n<title>Hablar de enfermedades visuales, el referente: Hospital de la Luz - Historias que inspiran...<\/title>\n<meta name=\"robots\" content=\"index, follow, max-snippet:-1, max-image-preview:large, max-video-preview:-1\" \/>\n<link rel=\"canonical\" href=\"https:\/\/somos-hermanos.mx\/index.php\/2025\/08\/04\/hablar-de-enfermedades-visuales-el-referente-hospital-de-la-luz\/\" \/>\n<meta property=\"og:locale\" content=\"es_MX\" \/>\n<meta property=\"og:type\" content=\"article\" \/>\n<meta property=\"og:title\" content=\"Hablar de enfermedades visuales, el referente: Hospital de la Luz - Historias que inspiran...\" \/>\n<meta property=\"og:description\" content=\"A nivel mundial, al menos 2,2000 millones de personas tienen problemas de visi\u00f3n de cerca o de lejos.\u00a0En al menos mil millones\u00a0de ellos, la discapacidad visual podr\u00eda haberse evitado o a\u00fan no ha ido tratada. No se puede hablar de enfermedades de los ojos en M\u00e9xico,\u00a0sin hablar del Hospital de la Luz.\u00a0Fundaci\u00f3n Hospital Nuestra Se\u00f1ora [&hellip;]\" \/>\n<meta property=\"og:url\" content=\"https:\/\/somos-hermanos.mx\/index.php\/2025\/08\/04\/hablar-de-enfermedades-visuales-el-referente-hospital-de-la-luz\/\" \/>\n<meta property=\"og:site_name\" content=\"Historias que inspiran...\" \/>\n<meta property=\"article:publisher\" content=\"https:\/\/www.facebook.com\/SomosHermanosIAP\/\" \/>\n<meta property=\"article:published_time\" content=\"2025-08-04T08:30:04+00:00\" \/>\n<meta property=\"og:image\" content=\"https:\/\/somos-hermanos.mx\/wp-content\/uploads\/2025\/08\/luz1.jpeg\" \/>\n\t<meta property=\"og:image:width\" content=\"1600\" \/>\n\t<meta property=\"og:image:height\" content=\"589\" \/>\n\t<meta property=\"og:image:type\" content=\"image\/jpeg\" \/>\n<meta name=\"author\" content=\"Ivon D\u00edaz Rojas\" \/>\n<meta name=\"twitter:card\" content=\"summary_large_image\" \/>\n<meta name=\"twitter:creator\" content=\"@Somos__Hermanos\" \/>\n<meta name=\"twitter:site\" content=\"@Somos__Hermanos\" \/>\n<meta name=\"twitter:label1\" content=\"Escrito por\" \/>\n\t<meta name=\"twitter:data1\" content=\"Ivon D\u00edaz Rojas\" \/>\n\t<meta name=\"twitter:label2\" content=\"Tiempo de lectura\" \/>\n\t<meta name=\"twitter:data2\" content=\"3 minutos\" \/>\n<script type=\"application\/ld+json\" class=\"yoast-schema-graph\">{\"@context\":\"https:\\\/\\\/schema.org\",\"@graph\":[{\"@type\":\"Article\",\"@id\":\"https:\\\/\\\/somos-hermanos.mx\\\/index.php\\\/2025\\\/08\\\/04\\\/hablar-de-enfermedades-visuales-el-referente-hospital-de-la-luz\\\/#article\",\"isPartOf\":{\"@id\":\"https:\\\/\\\/somos-hermanos.mx\\\/index.php\\\/2025\\\/08\\\/04\\\/hablar-de-enfermedades-visuales-el-referente-hospital-de-la-luz\\\/\"},\"author\":{\"name\":\"Ivon D\u00edaz Rojas\",\"@id\":\"https:\\\/\\\/somos-hermanos.mx\\\/#\\\/schema\\\/person\\\/ca47b05d4e7735cde01b6c20df3ff500\"},\"headline\":\"Hablar de enfermedades visuales, el referente: Hospital de la Luz\",\"datePublished\":\"2025-08-04T08:30:04+00:00\",\"mainEntityOfPage\":{\"@id\":\"https:\\\/\\\/somos-hermanos.mx\\\/index.php\\\/2025\\\/08\\\/04\\\/hablar-de-enfermedades-visuales-el-referente-hospital-de-la-luz\\\/\"},\"wordCount\":556,\"commentCount\":0,\"publisher\":{\"@id\":\"https:\\\/\\\/somos-hermanos.mx\\\/#organization\"},\"image\":{\"@id\":\"https:\\\/\\\/somos-hermanos.mx\\\/index.php\\\/2025\\\/08\\\/04\\\/hablar-de-enfermedades-visuales-el-referente-hospital-de-la-luz\\\/#primaryimage\"},\"thumbnailUrl\":\"https:\\\/\\\/somos-hermanos.mx\\\/wp-content\\\/uploads\\\/2025\\\/08\\\/luz1.jpeg\",\"articleSection\":[\"Noticias\"],\"inLanguage\":\"es\",\"potentialAction\":[{\"@type\":\"CommentAction\",\"name\":\"Comment\",\"target\":[\"https:\\\/\\\/somos-hermanos.mx\\\/index.php\\\/2025\\\/08\\\/04\\\/hablar-de-enfermedades-visuales-el-referente-hospital-de-la-luz\\\/#respond\"]}]},{\"@type\":\"WebPage\",\"@id\":\"https:\\\/\\\/somos-hermanos.mx\\\/index.php\\\/2025\\\/08\\\/04\\\/hablar-de-enfermedades-visuales-el-referente-hospital-de-la-luz\\\/\",\"url\":\"https:\\\/\\\/somos-hermanos.mx\\\/index.php\\\/2025\\\/08\\\/04\\\/hablar-de-enfermedades-visuales-el-referente-hospital-de-la-luz\\\/\",\"name\":\"Hablar de enfermedades visuales, el referente: Hospital de la Luz - Historias que inspiran...\",\"isPartOf\":{\"@id\":\"https:\\\/\\\/somos-hermanos.mx\\\/#website\"},\"primaryImageOfPage\":{\"@id\":\"https:\\\/\\\/somos-hermanos.mx\\\/index.php\\\/2025\\\/08\\\/04\\\/hablar-de-enfermedades-visuales-el-referente-hospital-de-la-luz\\\/#primaryimage\"},\"image\":{\"@id\":\"https:\\\/\\\/somos-hermanos.mx\\\/index.php\\\/2025\\\/08\\\/04\\\/hablar-de-enfermedades-visuales-el-referente-hospital-de-la-luz\\\/#primaryimage\"},\"thumbnailUrl\":\"https:\\\/\\\/somos-hermanos.mx\\\/wp-content\\\/uploads\\\/2025\\\/08\\\/luz1.jpeg\",\"datePublished\":\"2025-08-04T08:30:04+00:00\",\"breadcrumb\":{\"@id\":\"https:\\\/\\\/somos-hermanos.mx\\\/index.php\\\/2025\\\/08\\\/04\\\/hablar-de-enfermedades-visuales-el-referente-hospital-de-la-luz\\\/#breadcrumb\"},\"inLanguage\":\"es\",\"potentialAction\":[{\"@type\":\"ReadAction\",\"target\":[\"https:\\\/\\\/somos-hermanos.mx\\\/index.php\\\/2025\\\/08\\\/04\\\/hablar-de-enfermedades-visuales-el-referente-hospital-de-la-luz\\\/\"]}]},{\"@type\":\"ImageObject\",\"inLanguage\":\"es\",\"@id\":\"https:\\\/\\\/somos-hermanos.mx\\\/index.php\\\/2025\\\/08\\\/04\\\/hablar-de-enfermedades-visuales-el-referente-hospital-de-la-luz\\\/#primaryimage\",\"url\":\"https:\\\/\\\/somos-hermanos.mx\\\/wp-content\\\/uploads\\\/2025\\\/08\\\/luz1.jpeg\",\"contentUrl\":\"https:\\\/\\\/somos-hermanos.mx\\\/wp-content\\\/uploads\\\/2025\\\/08\\\/luz1.jpeg\",\"width\":1600,\"height\":589},{\"@type\":\"BreadcrumbList\",\"@id\":\"https:\\\/\\\/somos-hermanos.mx\\\/index.php\\\/2025\\\/08\\\/04\\\/hablar-de-enfermedades-visuales-el-referente-hospital-de-la-luz\\\/#breadcrumb\",\"itemListElement\":[{\"@type\":\"ListItem\",\"position\":1,\"name\":\"Inicio\",\"item\":\"https:\\\/\\\/somos-hermanos.mx\\\/\"},{\"@type\":\"ListItem\",\"position\":2,\"name\":\"Hablar de enfermedades visuales, el referente: Hospital de la Luz\"}]},{\"@type\":\"WebSite\",\"@id\":\"https:\\\/\\\/somos-hermanos.mx\\\/#website\",\"url\":\"https:\\\/\\\/somos-hermanos.mx\\\/\",\"name\":\"Historias que inspiran...\",\"description\":\"Somos la voz del altruismo en M\u00e9xico\",\"publisher\":{\"@id\":\"https:\\\/\\\/somos-hermanos.mx\\\/#organization\"},\"potentialAction\":[{\"@type\":\"SearchAction\",\"target\":{\"@type\":\"EntryPoint\",\"urlTemplate\":\"https:\\\/\\\/somos-hermanos.mx\\\/?s={search_term_string}\"},\"query-input\":{\"@type\":\"PropertyValueSpecification\",\"valueRequired\":true,\"valueName\":\"search_term_string\"}}],\"inLanguage\":\"es\"},{\"@type\":\"Organization\",\"@id\":\"https:\\\/\\\/somos-hermanos.mx\\\/#organization\",\"name\":\"Somos Hermanos\",\"url\":\"https:\\\/\\\/somos-hermanos.mx\\\/\",\"logo\":{\"@type\":\"ImageObject\",\"inLanguage\":\"es\",\"@id\":\"https:\\\/\\\/somos-hermanos.mx\\\/#\\\/schema\\\/logo\\\/image\\\/\",\"url\":\"https:\\\/\\\/somos-hermanos.mx\\\/wp-content\\\/uploads\\\/2025\\\/08\\\/SH30-1.jpeg\",\"contentUrl\":\"https:\\\/\\\/somos-hermanos.mx\\\/wp-content\\\/uploads\\\/2025\\\/08\\\/SH30-1.jpeg\",\"width\":1600,\"height\":1142,\"caption\":\"Somos Hermanos\"},\"image\":{\"@id\":\"https:\\\/\\\/somos-hermanos.mx\\\/#\\\/schema\\\/logo\\\/image\\\/\"},\"sameAs\":[\"https:\\\/\\\/www.facebook.com\\\/SomosHermanosIAP\\\/\",\"https:\\\/\\\/x.com\\\/Somos__Hermanos\",\"https:\\\/\\\/www.instagram.com\\\/somos__hermanos\\\/#\",\"https:\\\/\\\/www.tiktok.com\\\/@somoshermanosiap\",\"https:\\\/\\\/www.youtube.com\\\/@somoshermanosiap1201\\\/videos\"]},{\"@type\":\"Person\",\"@id\":\"https:\\\/\\\/somos-hermanos.mx\\\/#\\\/schema\\\/person\\\/ca47b05d4e7735cde01b6c20df3ff500\",\"name\":\"Ivon D\u00edaz Rojas\",\"image\":{\"@type\":\"ImageObject\",\"inLanguage\":\"es\",\"@id\":\"https:\\\/\\\/secure.gravatar.com\\\/avatar\\\/1c19107828bb690213f343d5aa89eef40d6744894d5f632754fec79e3043dbb3?s=96&d=mm&r=g\",\"url\":\"https:\\\/\\\/secure.gravatar.com\\\/avatar\\\/1c19107828bb690213f343d5aa89eef40d6744894d5f632754fec79e3043dbb3?s=96&d=mm&r=g\",\"contentUrl\":\"https:\\\/\\\/secure.gravatar.com\\\/avatar\\\/1c19107828bb690213f343d5aa89eef40d6744894d5f632754fec79e3043dbb3?s=96&d=mm&r=g\",\"caption\":\"Ivon D\u00edaz Rojas\"},\"url\":\"https:\\\/\\\/somos-hermanos.mx\\\/index.php\\\/author\\\/ivon-diaz-rojas\\\/\"}]}<\/script>\n<!-- \/ Yoast SEO plugin. -->","yoast_head_json":{"title":"Hablar de enfermedades visuales, el referente: Hospital de la Luz - Historias que inspiran...","robots":{"index":"index","follow":"follow","max-snippet":"max-snippet:-1","max-image-preview":"max-image-preview:large","max-video-preview":"max-video-preview:-1"},"canonical":"https:\/\/somos-hermanos.mx\/index.php\/2025\/08\/04\/hablar-de-enfermedades-visuales-el-referente-hospital-de-la-luz\/","og_locale":"es_MX","og_type":"article","og_title":"Hablar de enfermedades visuales, el referente: Hospital de la Luz - Historias que inspiran...","og_description":"A nivel mundial, al menos 2,2000 millones de personas tienen problemas de visi\u00f3n de cerca o de lejos.\u00a0En al menos mil millones\u00a0de ellos, la discapacidad visual podr\u00eda haberse evitado o a\u00fan no ha ido tratada. No se puede hablar de enfermedades de los ojos en M\u00e9xico,\u00a0sin hablar del Hospital de la Luz.\u00a0Fundaci\u00f3n Hospital Nuestra Se\u00f1ora [&hellip;]","og_url":"https:\/\/somos-hermanos.mx\/index.php\/2025\/08\/04\/hablar-de-enfermedades-visuales-el-referente-hospital-de-la-luz\/","og_site_name":"Historias que inspiran...","article_publisher":"https:\/\/www.facebook.com\/SomosHermanosIAP\/","article_published_time":"2025-08-04T08:30:04+00:00","og_image":[{"width":1600,"height":589,"url":"https:\/\/somos-hermanos.mx\/wp-content\/uploads\/2025\/08\/luz1.jpeg","type":"image\/jpeg"}],"author":"Ivon D\u00edaz Rojas","twitter_card":"summary_large_image","twitter_creator":"@Somos__Hermanos","twitter_site":"@Somos__Hermanos","twitter_misc":{"Escrito por":"Ivon D\u00edaz Rojas","Tiempo de lectura":"3 minutos"},"schema":{"@context":"https:\/\/schema.org","@graph":[{"@type":"Article","@id":"https:\/\/somos-hermanos.mx\/index.php\/2025\/08\/04\/hablar-de-enfermedades-visuales-el-referente-hospital-de-la-luz\/#article","isPartOf":{"@id":"https:\/\/somos-hermanos.mx\/index.php\/2025\/08\/04\/hablar-de-enfermedades-visuales-el-referente-hospital-de-la-luz\/"},"author":{"name":"Ivon D\u00edaz Rojas","@id":"https:\/\/somos-hermanos.mx\/#\/schema\/person\/ca47b05d4e7735cde01b6c20df3ff500"},"headline":"Hablar de enfermedades visuales, el referente: Hospital de la Luz","datePublished":"2025-08-04T08:30:04+00:00","mainEntityOfPage":{"@id":"https:\/\/somos-hermanos.mx\/index.php\/2025\/08\/04\/hablar-de-enfermedades-visuales-el-referente-hospital-de-la-luz\/"},"wordCount":556,"commentCount":0,"publisher":{"@id":"https:\/\/somos-hermanos.mx\/#organization"},"image":{"@id":"https:\/\/somos-hermanos.mx\/index.php\/2025\/08\/04\/hablar-de-enfermedades-visuales-el-referente-hospital-de-la-luz\/#primaryimage"},"thumbnailUrl":"https:\/\/somos-hermanos.mx\/wp-content\/uploads\/2025\/08\/luz1.jpeg","articleSection":["Noticias"],"inLanguage":"es","potentialAction":[{"@type":"CommentAction","name":"Comment","target":["https:\/\/somos-hermanos.mx\/index.php\/2025\/08\/04\/hablar-de-enfermedades-visuales-el-referente-hospital-de-la-luz\/#respond"]}]},{"@type":"WebPage","@id":"https:\/\/somos-hermanos.mx\/index.php\/2025\/08\/04\/hablar-de-enfermedades-visuales-el-referente-hospital-de-la-luz\/","url":"https:\/\/somos-hermanos.mx\/index.php\/2025\/08\/04\/hablar-de-enfermedades-visuales-el-referente-hospital-de-la-luz\/","name":"Hablar de enfermedades visuales, el referente: Hospital de la Luz - Historias que inspiran...","isPartOf":{"@id":"https:\/\/somos-hermanos.mx\/#website"},"primaryImageOfPage":{"@id":"https:\/\/somos-hermanos.mx\/index.php\/2025\/08\/04\/hablar-de-enfermedades-visuales-el-referente-hospital-de-la-luz\/#primaryimage"},"image":{"@id":"https:\/\/somos-hermanos.mx\/index.php\/2025\/08\/04\/hablar-de-enfermedades-visuales-el-referente-hospital-de-la-luz\/#primaryimage"},"thumbnailUrl":"https:\/\/somos-hermanos.mx\/wp-content\/uploads\/2025\/08\/luz1.jpeg","datePublished":"2025-08-04T08:30:04+00:00","breadcrumb":{"@id":"https:\/\/somos-hermanos.mx\/index.php\/2025\/08\/04\/hablar-de-enfermedades-visuales-el-referente-hospital-de-la-luz\/#breadcrumb"},"inLanguage":"es","potentialAction":[{"@type":"ReadAction","target":["https:\/\/somos-hermanos.mx\/index.php\/2025\/08\/04\/hablar-de-enfermedades-visuales-el-referente-hospital-de-la-luz\/"]}]},{"@type":"ImageObject","inLanguage":"es","@id":"https:\/\/somos-hermanos.mx\/index.php\/2025\/08\/04\/hablar-de-enfermedades-visuales-el-referente-hospital-de-la-luz\/#primaryimage","url":"https:\/\/somos-hermanos.mx\/wp-content\/uploads\/2025\/08\/luz1.jpeg","contentUrl":"https:\/\/somos-hermanos.mx\/wp-content\/uploads\/2025\/08\/luz1.jpeg","width":1600,"height":589},{"@type":"BreadcrumbList","@id":"https:\/\/somos-hermanos.mx\/index.php\/2025\/08\/04\/hablar-de-enfermedades-visuales-el-referente-hospital-de-la-luz\/#breadcrumb","itemListElement":[{"@type":"ListItem","position":1,"name":"Inicio","item":"https:\/\/somos-hermanos.mx\/"},{"@type":"ListItem","position":2,"name":"Hablar de enfermedades visuales, el referente: Hospital de la Luz"}]},{"@type":"WebSite","@id":"https:\/\/somos-hermanos.mx\/#website","url":"https:\/\/somos-hermanos.mx\/","name":"Historias que inspiran...","description":"Somos la voz del altruismo en M\u00e9xico","publisher":{"@id":"https:\/\/somos-hermanos.mx\/#organization"},"potentialAction":[{"@type":"SearchAction","target":{"@type":"EntryPoint","urlTemplate":"https:\/\/somos-hermanos.mx\/?s={search_term_string}"},"query-input":{"@type":"PropertyValueSpecification","valueRequired":true,"valueName":"search_term_string"}}],"inLanguage":"es"},{"@type":"Organization","@id":"https:\/\/somos-hermanos.mx\/#organization","name":"Somos Hermanos","url":"https:\/\/somos-hermanos.mx\/","logo":{"@type":"ImageObject","inLanguage":"es","@id":"https:\/\/somos-hermanos.mx\/#\/schema\/logo\/image\/","url":"https:\/\/somos-hermanos.mx\/wp-content\/uploads\/2025\/08\/SH30-1.jpeg","contentUrl":"https:\/\/somos-hermanos.mx\/wp-content\/uploads\/2025\/08\/SH30-1.jpeg","width":1600,"height":1142,"caption":"Somos Hermanos"},"image":{"@id":"https:\/\/somos-hermanos.mx\/#\/schema\/logo\/image\/"},"sameAs":["https:\/\/www.facebook.com\/SomosHermanosIAP\/","https:\/\/x.com\/Somos__Hermanos","https:\/\/www.instagram.com\/somos__hermanos\/#","https:\/\/www.tiktok.com\/@somoshermanosiap","https:\/\/www.youtube.com\/@somoshermanosiap1201\/videos"]},{"@type":"Person","@id":"https:\/\/somos-hermanos.mx\/#\/schema\/person\/ca47b05d4e7735cde01b6c20df3ff500","name":"Ivon D\u00edaz Rojas","image":{"@type":"ImageObject","inLanguage":"es","@id":"https:\/\/secure.gravatar.com\/avatar\/1c19107828bb690213f343d5aa89eef40d6744894d5f632754fec79e3043dbb3?s=96&d=mm&r=g","url":"https:\/\/secure.gravatar.com\/avatar\/1c19107828bb690213f343d5aa89eef40d6744894d5f632754fec79e3043dbb3?s=96&d=mm&r=g","contentUrl":"https:\/\/secure.gravatar.com\/avatar\/1c19107828bb690213f343d5aa89eef40d6744894d5f632754fec79e3043dbb3?s=96&d=mm&r=g","caption":"Ivon D\u00edaz Rojas"},"url":"https:\/\/somos-hermanos.mx\/index.php\/author\/ivon-diaz-rojas\/"}]}},"_links":{"self":[{"href":"https:\/\/somos-hermanos.mx\/index.php\/wp-json\/wp\/v2\/posts\/766","targetHints":{"allow":["GET"]}}],"collection":[{"href":"https:\/\/somos-hermanos.mx\/index.php\/wp-json\/wp\/v2\/posts"}],"about":[{"href":"https:\/\/somos-hermanos.mx\/index.php\/wp-json\/wp\/v2\/types\/post"}],"author":[{"embeddable":true,"href":"https:\/\/somos-hermanos.mx\/index.php\/wp-json\/wp\/v2\/users\/14"}],"replies":[{"embeddable":true,"href":"https:\/\/somos-hermanos.mx\/index.php\/wp-json\/wp\/v2\/comments?post=766"}],"version-history":[{"count":1,"href":"https:\/\/somos-hermanos.mx\/index.php\/wp-json\/wp\/v2\/posts\/766\/revisions"}],"predecessor-version":[{"id":768,"href":"https:\/\/somos-hermanos.mx\/index.php\/wp-json\/wp\/v2\/posts\/766\/revisions\/768"}],"wp:featuredmedia":[{"embeddable":true,"href":"https:\/\/somos-hermanos.mx\/index.php\/wp-json\/wp\/v2\/media\/767"}],"wp:attachment":[{"href":"https:\/\/somos-hermanos.mx\/index.php\/wp-json\/wp\/v2\/media?parent=766"}],"wp:term":[{"taxonomy":"category","embeddable":true,"href":"https:\/\/somos-hermanos.mx\/index.php\/wp-json\/wp\/v2\/categories?post=766"},{"taxonomy":"post_tag","embeddable":true,"href":"https:\/\/somos-hermanos.mx\/index.php\/wp-json\/wp\/v2\/tags?post=766"}],"curies":[{"name":"wp","href":"https:\/\/api.w.org\/{rel}","templated":true}]}}