{"id":757,"date":"2025-08-04T02:26:25","date_gmt":"2025-08-04T08:26:25","guid":{"rendered":"https:\/\/somos-hermanos.mx\/?p=757"},"modified":"2025-08-04T02:26:25","modified_gmt":"2025-08-04T08:26:25","slug":"mas-de-una-decada-compartiendo-arte-y-cultura","status":"publish","type":"post","link":"https:\/\/somos-hermanos.mx\/index.php\/2025\/08\/04\/mas-de-una-decada-compartiendo-arte-y-cultura\/","title":{"rendered":"M\u00e1s de una d\u00e9cada compartiendo arte y cultura"},"content":{"rendered":"<p>Durante m\u00e1s de 10 a\u00f1os la <strong>Fundaci\u00f3n Truperias AC, <\/strong>de la mano de la compa\u00f1\u00eda teatral <strong>La Trouppe <\/strong>han llevado cultura, adem\u00e1s de acercar las artes a un p\u00fablico que no tiene la oportunidad de tener esta aproximaci\u00f3n. Sobre todo, los ni\u00f1os y ni\u00f1as se benefician, aunque esta tarea es del goce de todo el p\u00fablico al que se le expone.<\/p>\n<p><strong>Fundaci\u00f3n Truperias <\/strong>es una fundaci\u00f3n sin fines de lucro dedicada a llevar diferentes representaciones art\u00edsticas a tejidos sociales y comunidades con condiciones de vida complicadas que no pueden acceder con facilidad al arte y cultura.<\/p>\n<p>Ya sea con sus programas de <strong>Teatro en tu comunidad o Teatro en la Escuela, <\/strong>brindan programas culturales, art\u00edsticos y teatrales que demuestren la riqueza cultural de M\u00e9xico, buscando dejar huella en la vida de quienes disfrutan el <em>show, <\/em>a su vez, promocionan la inclusi\u00f3n en grupos sociales y, para el programa dirigido a escuelas, desarrollan equipos que van directamente a las instituciones de educaci\u00f3n a brindar espect\u00e1culos de alta calidad.<\/p>\n<p>Los resultados en n\u00fameros son comprobables mediante un PDF de transparencia en la web de la fundaci\u00f3n, resaltan las m\u00e1s de <strong>150 comunidades beneficiadas y los m\u00e1s de 10 mil espectadores a lo largo de los a\u00f1os<\/strong>.<\/p>\n<p>La visi\u00f3n que comenz\u00f3 en el 2014 ha crecido que hoy ya cuentan con aliados estrat\u00e9gicos como lo son la <strong>C\u00e1mara de Diputados o el Festival de Tradiciones de Vida y Muerte.<\/strong><\/p>\n<p>En este 2025, adem\u00e1s de las obras de teatro, tambi\u00e9n ofrecen voluntariado en diferentes disciplinas y talleres para el conocimiento de artes pl\u00e1sticas para fomentar la expresi\u00f3n art\u00edstica de los ni\u00f1os y ni\u00f1as, ya han realizado m\u00e1s de 245 talleres. Igualmente existe la posibilidad de donar para apoyar esta misi\u00f3n.<\/p>\n<p>Con todo esto, <strong>Fundaci\u00f3n Truperias AC <\/strong>continuar\u00e1 trabajando con sus valores <strong>definidos en busca de seguir haciendo su apoyo, en forma de cultura, algo memorable.<\/strong><\/p>\n","protected":false},"excerpt":{"rendered":"<p>Durante m\u00e1s de 10 a\u00f1os la Fundaci\u00f3n Truperias AC, de la mano de la compa\u00f1\u00eda teatral La Trouppe han llevado cultura, adem\u00e1s de acercar las artes a un p\u00fablico que no tiene la oportunidad de tener esta aproximaci\u00f3n. Sobre todo, los ni\u00f1os y ni\u00f1as se benefician, aunque esta tarea es del goce de todo el [&hellip;]<\/p>\n","protected":false},"author":11,"featured_media":758,"comment_status":"open","ping_status":"closed","sticky":false,"template":"","format":"standard","meta":{"footnotes":""},"categories":[6],"tags":[],"class_list":["post-757","post","type-post","status-publish","format-standard","has-post-thumbnail","hentry","category-noticias"],"yoast_head":"<!-- This site is optimized with the Yoast SEO plugin v27.4 - https:\/\/yoast.com\/product\/yoast-seo-wordpress\/ -->\n<title>M\u00e1s de una d\u00e9cada compartiendo arte y cultura - Historias que inspiran...<\/title>\n<meta name=\"robots\" content=\"index, follow, max-snippet:-1, max-image-preview:large, max-video-preview:-1\" \/>\n<link rel=\"canonical\" href=\"https:\/\/somos-hermanos.mx\/index.php\/2025\/08\/04\/mas-de-una-decada-compartiendo-arte-y-cultura\/\" \/>\n<meta property=\"og:locale\" content=\"es_MX\" \/>\n<meta property=\"og:type\" content=\"article\" \/>\n<meta property=\"og:title\" content=\"M\u00e1s de una d\u00e9cada compartiendo arte y cultura - Historias que inspiran...\" \/>\n<meta property=\"og:description\" content=\"Durante m\u00e1s de 10 a\u00f1os la Fundaci\u00f3n Truperias AC, de la mano de la compa\u00f1\u00eda teatral La Trouppe han llevado cultura, adem\u00e1s de acercar las artes a un p\u00fablico que no tiene la oportunidad de tener esta aproximaci\u00f3n. Sobre todo, los ni\u00f1os y ni\u00f1as se benefician, aunque esta tarea es del goce de todo el [&hellip;]\" \/>\n<meta property=\"og:url\" content=\"https:\/\/somos-hermanos.mx\/index.php\/2025\/08\/04\/mas-de-una-decada-compartiendo-arte-y-cultura\/\" \/>\n<meta property=\"og:site_name\" content=\"Historias que inspiran...\" \/>\n<meta property=\"article:publisher\" content=\"https:\/\/www.facebook.com\/SomosHermanosIAP\/\" \/>\n<meta property=\"article:published_time\" content=\"2025-08-04T08:26:25+00:00\" \/>\n<meta property=\"og:image\" content=\"https:\/\/somos-hermanos.mx\/wp-content\/uploads\/2025\/08\/trupe2.jpeg\" \/>\n\t<meta property=\"og:image:width\" content=\"1280\" \/>\n\t<meta property=\"og:image:height\" content=\"960\" \/>\n\t<meta property=\"og:image:type\" content=\"image\/jpeg\" \/>\n<meta name=\"author\" content=\"Diego Martinez Vera\" \/>\n<meta name=\"twitter:card\" content=\"summary_large_image\" \/>\n<meta name=\"twitter:creator\" content=\"@Somos__Hermanos\" \/>\n<meta name=\"twitter:site\" content=\"@Somos__Hermanos\" \/>\n<meta name=\"twitter:label1\" content=\"Escrito por\" \/>\n\t<meta name=\"twitter:data1\" content=\"Diego Martinez Vera\" \/>\n\t<meta name=\"twitter:label2\" content=\"Tiempo de lectura\" \/>\n\t<meta name=\"twitter:data2\" content=\"2 minutos\" \/>\n<script type=\"application\/ld+json\" class=\"yoast-schema-graph\">{\"@context\":\"https:\\\/\\\/schema.org\",\"@graph\":[{\"@type\":\"Article\",\"@id\":\"https:\\\/\\\/somos-hermanos.mx\\\/index.php\\\/2025\\\/08\\\/04\\\/mas-de-una-decada-compartiendo-arte-y-cultura\\\/#article\",\"isPartOf\":{\"@id\":\"https:\\\/\\\/somos-hermanos.mx\\\/index.php\\\/2025\\\/08\\\/04\\\/mas-de-una-decada-compartiendo-arte-y-cultura\\\/\"},\"author\":{\"name\":\"Diego Martinez Vera\",\"@id\":\"https:\\\/\\\/somos-hermanos.mx\\\/#\\\/schema\\\/person\\\/fc58249a97075ffb5f881188712b36f0\"},\"headline\":\"M\u00e1s de una d\u00e9cada compartiendo arte y cultura\",\"datePublished\":\"2025-08-04T08:26:25+00:00\",\"mainEntityOfPage\":{\"@id\":\"https:\\\/\\\/somos-hermanos.mx\\\/index.php\\\/2025\\\/08\\\/04\\\/mas-de-una-decada-compartiendo-arte-y-cultura\\\/\"},\"wordCount\":351,\"commentCount\":0,\"publisher\":{\"@id\":\"https:\\\/\\\/somos-hermanos.mx\\\/#organization\"},\"image\":{\"@id\":\"https:\\\/\\\/somos-hermanos.mx\\\/index.php\\\/2025\\\/08\\\/04\\\/mas-de-una-decada-compartiendo-arte-y-cultura\\\/#primaryimage\"},\"thumbnailUrl\":\"https:\\\/\\\/somos-hermanos.mx\\\/wp-content\\\/uploads\\\/2025\\\/08\\\/trupe2.jpeg\",\"articleSection\":[\"Noticias\"],\"inLanguage\":\"es\",\"potentialAction\":[{\"@type\":\"CommentAction\",\"name\":\"Comment\",\"target\":[\"https:\\\/\\\/somos-hermanos.mx\\\/index.php\\\/2025\\\/08\\\/04\\\/mas-de-una-decada-compartiendo-arte-y-cultura\\\/#respond\"]}]},{\"@type\":\"WebPage\",\"@id\":\"https:\\\/\\\/somos-hermanos.mx\\\/index.php\\\/2025\\\/08\\\/04\\\/mas-de-una-decada-compartiendo-arte-y-cultura\\\/\",\"url\":\"https:\\\/\\\/somos-hermanos.mx\\\/index.php\\\/2025\\\/08\\\/04\\\/mas-de-una-decada-compartiendo-arte-y-cultura\\\/\",\"name\":\"M\u00e1s de una d\u00e9cada compartiendo arte y cultura - Historias que inspiran...\",\"isPartOf\":{\"@id\":\"https:\\\/\\\/somos-hermanos.mx\\\/#website\"},\"primaryImageOfPage\":{\"@id\":\"https:\\\/\\\/somos-hermanos.mx\\\/index.php\\\/2025\\\/08\\\/04\\\/mas-de-una-decada-compartiendo-arte-y-cultura\\\/#primaryimage\"},\"image\":{\"@id\":\"https:\\\/\\\/somos-hermanos.mx\\\/index.php\\\/2025\\\/08\\\/04\\\/mas-de-una-decada-compartiendo-arte-y-cultura\\\/#primaryimage\"},\"thumbnailUrl\":\"https:\\\/\\\/somos-hermanos.mx\\\/wp-content\\\/uploads\\\/2025\\\/08\\\/trupe2.jpeg\",\"datePublished\":\"2025-08-04T08:26:25+00:00\",\"breadcrumb\":{\"@id\":\"https:\\\/\\\/somos-hermanos.mx\\\/index.php\\\/2025\\\/08\\\/04\\\/mas-de-una-decada-compartiendo-arte-y-cultura\\\/#breadcrumb\"},\"inLanguage\":\"es\",\"potentialAction\":[{\"@type\":\"ReadAction\",\"target\":[\"https:\\\/\\\/somos-hermanos.mx\\\/index.php\\\/2025\\\/08\\\/04\\\/mas-de-una-decada-compartiendo-arte-y-cultura\\\/\"]}]},{\"@type\":\"ImageObject\",\"inLanguage\":\"es\",\"@id\":\"https:\\\/\\\/somos-hermanos.mx\\\/index.php\\\/2025\\\/08\\\/04\\\/mas-de-una-decada-compartiendo-arte-y-cultura\\\/#primaryimage\",\"url\":\"https:\\\/\\\/somos-hermanos.mx\\\/wp-content\\\/uploads\\\/2025\\\/08\\\/trupe2.jpeg\",\"contentUrl\":\"https:\\\/\\\/somos-hermanos.mx\\\/wp-content\\\/uploads\\\/2025\\\/08\\\/trupe2.jpeg\",\"width\":1280,\"height\":960},{\"@type\":\"BreadcrumbList\",\"@id\":\"https:\\\/\\\/somos-hermanos.mx\\\/index.php\\\/2025\\\/08\\\/04\\\/mas-de-una-decada-compartiendo-arte-y-cultura\\\/#breadcrumb\",\"itemListElement\":[{\"@type\":\"ListItem\",\"position\":1,\"name\":\"Inicio\",\"item\":\"https:\\\/\\\/somos-hermanos.mx\\\/\"},{\"@type\":\"ListItem\",\"position\":2,\"name\":\"M\u00e1s de una d\u00e9cada compartiendo arte y cultura\"}]},{\"@type\":\"WebSite\",\"@id\":\"https:\\\/\\\/somos-hermanos.mx\\\/#website\",\"url\":\"https:\\\/\\\/somos-hermanos.mx\\\/\",\"name\":\"Historias que inspiran...\",\"description\":\"Somos la voz del altruismo en M\u00e9xico\",\"publisher\":{\"@id\":\"https:\\\/\\\/somos-hermanos.mx\\\/#organization\"},\"potentialAction\":[{\"@type\":\"SearchAction\",\"target\":{\"@type\":\"EntryPoint\",\"urlTemplate\":\"https:\\\/\\\/somos-hermanos.mx\\\/?s={search_term_string}\"},\"query-input\":{\"@type\":\"PropertyValueSpecification\",\"valueRequired\":true,\"valueName\":\"search_term_string\"}}],\"inLanguage\":\"es\"},{\"@type\":\"Organization\",\"@id\":\"https:\\\/\\\/somos-hermanos.mx\\\/#organization\",\"name\":\"Somos Hermanos\",\"url\":\"https:\\\/\\\/somos-hermanos.mx\\\/\",\"logo\":{\"@type\":\"ImageObject\",\"inLanguage\":\"es\",\"@id\":\"https:\\\/\\\/somos-hermanos.mx\\\/#\\\/schema\\\/logo\\\/image\\\/\",\"url\":\"https:\\\/\\\/somos-hermanos.mx\\\/wp-content\\\/uploads\\\/2025\\\/08\\\/SH30-1.jpeg\",\"contentUrl\":\"https:\\\/\\\/somos-hermanos.mx\\\/wp-content\\\/uploads\\\/2025\\\/08\\\/SH30-1.jpeg\",\"width\":1600,\"height\":1142,\"caption\":\"Somos Hermanos\"},\"image\":{\"@id\":\"https:\\\/\\\/somos-hermanos.mx\\\/#\\\/schema\\\/logo\\\/image\\\/\"},\"sameAs\":[\"https:\\\/\\\/www.facebook.com\\\/SomosHermanosIAP\\\/\",\"https:\\\/\\\/x.com\\\/Somos__Hermanos\",\"https:\\\/\\\/www.instagram.com\\\/somos__hermanos\\\/#\",\"https:\\\/\\\/www.tiktok.com\\\/@somoshermanosiap\",\"https:\\\/\\\/www.youtube.com\\\/@somoshermanosiap1201\\\/videos\"]},{\"@type\":\"Person\",\"@id\":\"https:\\\/\\\/somos-hermanos.mx\\\/#\\\/schema\\\/person\\\/fc58249a97075ffb5f881188712b36f0\",\"name\":\"Diego Martinez Vera\",\"image\":{\"@type\":\"ImageObject\",\"inLanguage\":\"es\",\"@id\":\"https:\\\/\\\/secure.gravatar.com\\\/avatar\\\/ecfdc33b17a39c97521c7bcf5ac1bc04ba20a324e38c4a1d3dc73796bba06333?s=96&d=mm&r=g\",\"url\":\"https:\\\/\\\/secure.gravatar.com\\\/avatar\\\/ecfdc33b17a39c97521c7bcf5ac1bc04ba20a324e38c4a1d3dc73796bba06333?s=96&d=mm&r=g\",\"contentUrl\":\"https:\\\/\\\/secure.gravatar.com\\\/avatar\\\/ecfdc33b17a39c97521c7bcf5ac1bc04ba20a324e38c4a1d3dc73796bba06333?s=96&d=mm&r=g\",\"caption\":\"Diego Martinez Vera\"},\"url\":\"https:\\\/\\\/somos-hermanos.mx\\\/index.php\\\/author\\\/diego-martinez-vera\\\/\"}]}<\/script>\n<!-- \/ Yoast SEO plugin. -->","yoast_head_json":{"title":"M\u00e1s de una d\u00e9cada compartiendo arte y cultura - Historias que inspiran...","robots":{"index":"index","follow":"follow","max-snippet":"max-snippet:-1","max-image-preview":"max-image-preview:large","max-video-preview":"max-video-preview:-1"},"canonical":"https:\/\/somos-hermanos.mx\/index.php\/2025\/08\/04\/mas-de-una-decada-compartiendo-arte-y-cultura\/","og_locale":"es_MX","og_type":"article","og_title":"M\u00e1s de una d\u00e9cada compartiendo arte y cultura - Historias que inspiran...","og_description":"Durante m\u00e1s de 10 a\u00f1os la Fundaci\u00f3n Truperias AC, de la mano de la compa\u00f1\u00eda teatral La Trouppe han llevado cultura, adem\u00e1s de acercar las artes a un p\u00fablico que no tiene la oportunidad de tener esta aproximaci\u00f3n. Sobre todo, los ni\u00f1os y ni\u00f1as se benefician, aunque esta tarea es del goce de todo el [&hellip;]","og_url":"https:\/\/somos-hermanos.mx\/index.php\/2025\/08\/04\/mas-de-una-decada-compartiendo-arte-y-cultura\/","og_site_name":"Historias que inspiran...","article_publisher":"https:\/\/www.facebook.com\/SomosHermanosIAP\/","article_published_time":"2025-08-04T08:26:25+00:00","og_image":[{"width":1280,"height":960,"url":"https:\/\/somos-hermanos.mx\/wp-content\/uploads\/2025\/08\/trupe2.jpeg","type":"image\/jpeg"}],"author":"Diego Martinez Vera","twitter_card":"summary_large_image","twitter_creator":"@Somos__Hermanos","twitter_site":"@Somos__Hermanos","twitter_misc":{"Escrito por":"Diego Martinez Vera","Tiempo de lectura":"2 minutos"},"schema":{"@context":"https:\/\/schema.org","@graph":[{"@type":"Article","@id":"https:\/\/somos-hermanos.mx\/index.php\/2025\/08\/04\/mas-de-una-decada-compartiendo-arte-y-cultura\/#article","isPartOf":{"@id":"https:\/\/somos-hermanos.mx\/index.php\/2025\/08\/04\/mas-de-una-decada-compartiendo-arte-y-cultura\/"},"author":{"name":"Diego Martinez Vera","@id":"https:\/\/somos-hermanos.mx\/#\/schema\/person\/fc58249a97075ffb5f881188712b36f0"},"headline":"M\u00e1s de una d\u00e9cada compartiendo arte y cultura","datePublished":"2025-08-04T08:26:25+00:00","mainEntityOfPage":{"@id":"https:\/\/somos-hermanos.mx\/index.php\/2025\/08\/04\/mas-de-una-decada-compartiendo-arte-y-cultura\/"},"wordCount":351,"commentCount":0,"publisher":{"@id":"https:\/\/somos-hermanos.mx\/#organization"},"image":{"@id":"https:\/\/somos-hermanos.mx\/index.php\/2025\/08\/04\/mas-de-una-decada-compartiendo-arte-y-cultura\/#primaryimage"},"thumbnailUrl":"https:\/\/somos-hermanos.mx\/wp-content\/uploads\/2025\/08\/trupe2.jpeg","articleSection":["Noticias"],"inLanguage":"es","potentialAction":[{"@type":"CommentAction","name":"Comment","target":["https:\/\/somos-hermanos.mx\/index.php\/2025\/08\/04\/mas-de-una-decada-compartiendo-arte-y-cultura\/#respond"]}]},{"@type":"WebPage","@id":"https:\/\/somos-hermanos.mx\/index.php\/2025\/08\/04\/mas-de-una-decada-compartiendo-arte-y-cultura\/","url":"https:\/\/somos-hermanos.mx\/index.php\/2025\/08\/04\/mas-de-una-decada-compartiendo-arte-y-cultura\/","name":"M\u00e1s de una d\u00e9cada compartiendo arte y cultura - Historias que inspiran...","isPartOf":{"@id":"https:\/\/somos-hermanos.mx\/#website"},"primaryImageOfPage":{"@id":"https:\/\/somos-hermanos.mx\/index.php\/2025\/08\/04\/mas-de-una-decada-compartiendo-arte-y-cultura\/#primaryimage"},"image":{"@id":"https:\/\/somos-hermanos.mx\/index.php\/2025\/08\/04\/mas-de-una-decada-compartiendo-arte-y-cultura\/#primaryimage"},"thumbnailUrl":"https:\/\/somos-hermanos.mx\/wp-content\/uploads\/2025\/08\/trupe2.jpeg","datePublished":"2025-08-04T08:26:25+00:00","breadcrumb":{"@id":"https:\/\/somos-hermanos.mx\/index.php\/2025\/08\/04\/mas-de-una-decada-compartiendo-arte-y-cultura\/#breadcrumb"},"inLanguage":"es","potentialAction":[{"@type":"ReadAction","target":["https:\/\/somos-hermanos.mx\/index.php\/2025\/08\/04\/mas-de-una-decada-compartiendo-arte-y-cultura\/"]}]},{"@type":"ImageObject","inLanguage":"es","@id":"https:\/\/somos-hermanos.mx\/index.php\/2025\/08\/04\/mas-de-una-decada-compartiendo-arte-y-cultura\/#primaryimage","url":"https:\/\/somos-hermanos.mx\/wp-content\/uploads\/2025\/08\/trupe2.jpeg","contentUrl":"https:\/\/somos-hermanos.mx\/wp-content\/uploads\/2025\/08\/trupe2.jpeg","width":1280,"height":960},{"@type":"BreadcrumbList","@id":"https:\/\/somos-hermanos.mx\/index.php\/2025\/08\/04\/mas-de-una-decada-compartiendo-arte-y-cultura\/#breadcrumb","itemListElement":[{"@type":"ListItem","position":1,"name":"Inicio","item":"https:\/\/somos-hermanos.mx\/"},{"@type":"ListItem","position":2,"name":"M\u00e1s de una d\u00e9cada compartiendo arte y cultura"}]},{"@type":"WebSite","@id":"https:\/\/somos-hermanos.mx\/#website","url":"https:\/\/somos-hermanos.mx\/","name":"Historias que inspiran...","description":"Somos la voz del altruismo en M\u00e9xico","publisher":{"@id":"https:\/\/somos-hermanos.mx\/#organization"},"potentialAction":[{"@type":"SearchAction","target":{"@type":"EntryPoint","urlTemplate":"https:\/\/somos-hermanos.mx\/?s={search_term_string}"},"query-input":{"@type":"PropertyValueSpecification","valueRequired":true,"valueName":"search_term_string"}}],"inLanguage":"es"},{"@type":"Organization","@id":"https:\/\/somos-hermanos.mx\/#organization","name":"Somos Hermanos","url":"https:\/\/somos-hermanos.mx\/","logo":{"@type":"ImageObject","inLanguage":"es","@id":"https:\/\/somos-hermanos.mx\/#\/schema\/logo\/image\/","url":"https:\/\/somos-hermanos.mx\/wp-content\/uploads\/2025\/08\/SH30-1.jpeg","contentUrl":"https:\/\/somos-hermanos.mx\/wp-content\/uploads\/2025\/08\/SH30-1.jpeg","width":1600,"height":1142,"caption":"Somos Hermanos"},"image":{"@id":"https:\/\/somos-hermanos.mx\/#\/schema\/logo\/image\/"},"sameAs":["https:\/\/www.facebook.com\/SomosHermanosIAP\/","https:\/\/x.com\/Somos__Hermanos","https:\/\/www.instagram.com\/somos__hermanos\/#","https:\/\/www.tiktok.com\/@somoshermanosiap","https:\/\/www.youtube.com\/@somoshermanosiap1201\/videos"]},{"@type":"Person","@id":"https:\/\/somos-hermanos.mx\/#\/schema\/person\/fc58249a97075ffb5f881188712b36f0","name":"Diego Martinez Vera","image":{"@type":"ImageObject","inLanguage":"es","@id":"https:\/\/secure.gravatar.com\/avatar\/ecfdc33b17a39c97521c7bcf5ac1bc04ba20a324e38c4a1d3dc73796bba06333?s=96&d=mm&r=g","url":"https:\/\/secure.gravatar.com\/avatar\/ecfdc33b17a39c97521c7bcf5ac1bc04ba20a324e38c4a1d3dc73796bba06333?s=96&d=mm&r=g","contentUrl":"https:\/\/secure.gravatar.com\/avatar\/ecfdc33b17a39c97521c7bcf5ac1bc04ba20a324e38c4a1d3dc73796bba06333?s=96&d=mm&r=g","caption":"Diego Martinez Vera"},"url":"https:\/\/somos-hermanos.mx\/index.php\/author\/diego-martinez-vera\/"}]}},"_links":{"self":[{"href":"https:\/\/somos-hermanos.mx\/index.php\/wp-json\/wp\/v2\/posts\/757","targetHints":{"allow":["GET"]}}],"collection":[{"href":"https:\/\/somos-hermanos.mx\/index.php\/wp-json\/wp\/v2\/posts"}],"about":[{"href":"https:\/\/somos-hermanos.mx\/index.php\/wp-json\/wp\/v2\/types\/post"}],"author":[{"embeddable":true,"href":"https:\/\/somos-hermanos.mx\/index.php\/wp-json\/wp\/v2\/users\/11"}],"replies":[{"embeddable":true,"href":"https:\/\/somos-hermanos.mx\/index.php\/wp-json\/wp\/v2\/comments?post=757"}],"version-history":[{"count":1,"href":"https:\/\/somos-hermanos.mx\/index.php\/wp-json\/wp\/v2\/posts\/757\/revisions"}],"predecessor-version":[{"id":759,"href":"https:\/\/somos-hermanos.mx\/index.php\/wp-json\/wp\/v2\/posts\/757\/revisions\/759"}],"wp:featuredmedia":[{"embeddable":true,"href":"https:\/\/somos-hermanos.mx\/index.php\/wp-json\/wp\/v2\/media\/758"}],"wp:attachment":[{"href":"https:\/\/somos-hermanos.mx\/index.php\/wp-json\/wp\/v2\/media?parent=757"}],"wp:term":[{"taxonomy":"category","embeddable":true,"href":"https:\/\/somos-hermanos.mx\/index.php\/wp-json\/wp\/v2\/categories?post=757"},{"taxonomy":"post_tag","embeddable":true,"href":"https:\/\/somos-hermanos.mx\/index.php\/wp-json\/wp\/v2\/tags?post=757"}],"curies":[{"name":"wp","href":"https:\/\/api.w.org\/{rel}","templated":true}]}}