{"id":754,"date":"2025-08-04T02:25:29","date_gmt":"2025-08-04T08:25:29","guid":{"rendered":"https:\/\/somos-hermanos.mx\/?p=754"},"modified":"2025-08-04T02:25:29","modified_gmt":"2025-08-04T08:25:29","slug":"el-cancer-de-ovario-representa-una-de-las-neoplasias-ginecologicas-mas-agresivas","status":"publish","type":"post","link":"https:\/\/somos-hermanos.mx\/index.php\/2025\/08\/04\/el-cancer-de-ovario-representa-una-de-las-neoplasias-ginecologicas-mas-agresivas\/","title":{"rendered":"El c\u00e1ncer de ovario representa una de las neoplasias ginecol\u00f3gicas m\u00e1s agresivas"},"content":{"rendered":"<p>En el marco del <strong>D\u00eda Mundial del C\u00e1ncer de Ovario, que se conmemora cada 8 de mayo, <\/strong>la doctora Cintia Mej\u00eda hace un <strong>llamado a la concientizaci\u00f3n sobre la importancia del diagn\u00f3stico temprano de ese tipo de c\u00e1ncer ginecol\u00f3gico, <\/strong>as\u00ed como la necesidad de considerar la preservaci\u00f3n de la fertilidad como parte integral del tratamiento en mujeres en edad reproductiva diagnosticadas con la neoplasia.<\/p>\n<p>Y es que <strong>el c\u00e1ncer de ovario representa una de las neoplasias ginecol\u00f3gicas m\u00e1s agresivas <\/strong>que generalmente se diagnostica en etapas avanzadas ante falta de s\u00edntomas espec\u00edficos, lo cual impacta negativamente en el pron\u00f3stico, agreg\u00f3 la especialista certificada por el Consejo de Ginecolog\u00eda y Obstetricia (COMEGO).<\/p>\n<p>La tambi\u00e9n directora del programa de Ovodonaci\u00f3n y Preservaci\u00f3n de la Fertilidad de UR Crea Medicina Reproductiva, apunt\u00f3 que <strong>gracias a los avances en la oncolog\u00eda y en la medicina reproductiva se han abierto nuevas oportunidades para que mujeres j\u00f3venes diagnosticadas con este y otros tipos de c\u00e1ncer puedan mantener viva la esperanza de ser madres<\/strong>\u00a0tras finalizar su tratamiento oncol\u00f3gico.<\/p>\n<p>\u201cLa preservaci\u00f3n de la fertilidad no solo es una posibilidad m\u00e9dica, sino tambi\u00e9n un derecho que deben conocer y ejercer todas las mujeres que enfrentan un diagn\u00f3stico de c\u00e1ncer\u201d, agreg\u00f3 la doctora Mej\u00eda y apunt\u00f3 que ante un diagn\u00f3stico como el c\u00e1ncer de ovario, la paciente debe recibir atenci\u00f3n por parte de un equipo multidisciplinario que incluya onc\u00f3logos, ginec\u00f3logos especializados y m\u00e9dicos en reproducci\u00f3n asistida, lo cual permite planificar alternativas terap\u00e9uticas que no comprometan sus deseos reproductivos futuros.<\/p>\n<p>A pregunta expresa, explic\u00f3 que en las cl\u00ednicas de UR Crea se cuenta con un enfoque integral que ofrece a las pacientes oncol\u00f3gicas la posibilidad de criopreservar \u00f3vulos, embriones o tejido ov\u00e1rico antes de iniciar tratamientos como la quimioterapia o radioterapia, que pueden afectar de forma irreversible la reserva ov\u00e1rica que son t\u00e9cnicas seguras y cada vez m\u00e1s accesibles.<\/p>\n<p><strong>\u201cTambi\u00e9n la atenci\u00f3n emocional es fundamental porque las mujeres deben saber que no est\u00e1n solas y que sus proyectos de vida pueden mantenerse a pesar del c\u00e1ncer\u201d, <\/strong>dijo Mej\u00eda Garc\u00eda y expuso que existe un gran desconocimiento sobre las opciones de fertilidad en el contexto del c\u00e1ncer y por ello el D\u00eda Mundial del C\u00e1ncer de Ovario representa una oportunidad invaluable para informar y sensibilizar a la poblaci\u00f3n sobre estas alternativas.<\/p>\n<p>\u201cEl c\u00e1ncer ya no tiene por qu\u00e9 significar el fin del sue\u00f1o de ser madre porque los m\u00e9dicos y m\u00e9dicas contamos con ciencia y experiencia para ofrecer alternativas reales y efectivas\u201d, concluy\u00f3.<\/p>\n","protected":false},"excerpt":{"rendered":"<p>En el marco del D\u00eda Mundial del C\u00e1ncer de Ovario, que se conmemora cada 8 de mayo, la doctora Cintia Mej\u00eda hace un llamado a la concientizaci\u00f3n sobre la importancia del diagn\u00f3stico temprano de ese tipo de c\u00e1ncer ginecol\u00f3gico, as\u00ed como la necesidad de considerar la preservaci\u00f3n de la fertilidad como parte integral del tratamiento [&hellip;]<\/p>\n","protected":false},"author":8,"featured_media":755,"comment_status":"open","ping_status":"closed","sticky":false,"template":"","format":"standard","meta":{"footnotes":""},"categories":[6],"tags":[],"class_list":["post-754","post","type-post","status-publish","format-standard","has-post-thumbnail","hentry","category-noticias"],"yoast_head":"<!-- This site is optimized with the Yoast SEO plugin v27.4 - https:\/\/yoast.com\/product\/yoast-seo-wordpress\/ -->\n<title>El c\u00e1ncer de ovario representa una de las neoplasias ginecol\u00f3gicas m\u00e1s agresivas - Historias que inspiran...<\/title>\n<meta name=\"robots\" content=\"index, follow, max-snippet:-1, max-image-preview:large, max-video-preview:-1\" \/>\n<link rel=\"canonical\" href=\"https:\/\/somos-hermanos.mx\/index.php\/2025\/08\/04\/el-cancer-de-ovario-representa-una-de-las-neoplasias-ginecologicas-mas-agresivas\/\" \/>\n<meta property=\"og:locale\" content=\"es_MX\" \/>\n<meta property=\"og:type\" content=\"article\" \/>\n<meta property=\"og:title\" content=\"El c\u00e1ncer de ovario representa una de las neoplasias ginecol\u00f3gicas m\u00e1s agresivas - Historias que inspiran...\" \/>\n<meta property=\"og:description\" content=\"En el marco del D\u00eda Mundial del C\u00e1ncer de Ovario, que se conmemora cada 8 de mayo, la doctora Cintia Mej\u00eda hace un llamado a la concientizaci\u00f3n sobre la importancia del diagn\u00f3stico temprano de ese tipo de c\u00e1ncer ginecol\u00f3gico, as\u00ed como la necesidad de considerar la preservaci\u00f3n de la fertilidad como parte integral del tratamiento [&hellip;]\" \/>\n<meta property=\"og:url\" content=\"https:\/\/somos-hermanos.mx\/index.php\/2025\/08\/04\/el-cancer-de-ovario-representa-una-de-las-neoplasias-ginecologicas-mas-agresivas\/\" \/>\n<meta property=\"og:site_name\" content=\"Historias que inspiran...\" \/>\n<meta property=\"article:publisher\" content=\"https:\/\/www.facebook.com\/SomosHermanosIAP\/\" \/>\n<meta property=\"article:published_time\" content=\"2025-08-04T08:25:29+00:00\" \/>\n<meta property=\"og:image\" content=\"https:\/\/somos-hermanos.mx\/wp-content\/uploads\/2025\/08\/ova2.jpeg\" \/>\n\t<meta property=\"og:image:width\" content=\"1170\" \/>\n\t<meta property=\"og:image:height\" content=\"780\" \/>\n\t<meta property=\"og:image:type\" content=\"image\/jpeg\" \/>\n<meta name=\"author\" content=\"Jes\u00fas Arizmendi\" \/>\n<meta name=\"twitter:card\" content=\"summary_large_image\" \/>\n<meta name=\"twitter:creator\" content=\"@Somos__Hermanos\" \/>\n<meta name=\"twitter:site\" content=\"@Somos__Hermanos\" \/>\n<meta name=\"twitter:label1\" content=\"Escrito por\" \/>\n\t<meta name=\"twitter:data1\" content=\"Jes\u00fas Arizmendi\" \/>\n\t<meta name=\"twitter:label2\" content=\"Tiempo de lectura\" \/>\n\t<meta name=\"twitter:data2\" content=\"3 minutos\" \/>\n<script type=\"application\/ld+json\" class=\"yoast-schema-graph\">{\"@context\":\"https:\\\/\\\/schema.org\",\"@graph\":[{\"@type\":\"Article\",\"@id\":\"https:\\\/\\\/somos-hermanos.mx\\\/index.php\\\/2025\\\/08\\\/04\\\/el-cancer-de-ovario-representa-una-de-las-neoplasias-ginecologicas-mas-agresivas\\\/#article\",\"isPartOf\":{\"@id\":\"https:\\\/\\\/somos-hermanos.mx\\\/index.php\\\/2025\\\/08\\\/04\\\/el-cancer-de-ovario-representa-una-de-las-neoplasias-ginecologicas-mas-agresivas\\\/\"},\"author\":{\"name\":\"Jes\u00fas Arizmendi\",\"@id\":\"https:\\\/\\\/somos-hermanos.mx\\\/#\\\/schema\\\/person\\\/945cdfed39314d9db1242f593aecb908\"},\"headline\":\"El c\u00e1ncer de ovario representa una de las neoplasias ginecol\u00f3gicas m\u00e1s agresivas\",\"datePublished\":\"2025-08-04T08:25:29+00:00\",\"mainEntityOfPage\":{\"@id\":\"https:\\\/\\\/somos-hermanos.mx\\\/index.php\\\/2025\\\/08\\\/04\\\/el-cancer-de-ovario-representa-una-de-las-neoplasias-ginecologicas-mas-agresivas\\\/\"},\"wordCount\":481,\"commentCount\":0,\"publisher\":{\"@id\":\"https:\\\/\\\/somos-hermanos.mx\\\/#organization\"},\"image\":{\"@id\":\"https:\\\/\\\/somos-hermanos.mx\\\/index.php\\\/2025\\\/08\\\/04\\\/el-cancer-de-ovario-representa-una-de-las-neoplasias-ginecologicas-mas-agresivas\\\/#primaryimage\"},\"thumbnailUrl\":\"https:\\\/\\\/somos-hermanos.mx\\\/wp-content\\\/uploads\\\/2025\\\/08\\\/ova2.jpeg\",\"articleSection\":[\"Noticias\"],\"inLanguage\":\"es\",\"potentialAction\":[{\"@type\":\"CommentAction\",\"name\":\"Comment\",\"target\":[\"https:\\\/\\\/somos-hermanos.mx\\\/index.php\\\/2025\\\/08\\\/04\\\/el-cancer-de-ovario-representa-una-de-las-neoplasias-ginecologicas-mas-agresivas\\\/#respond\"]}]},{\"@type\":\"WebPage\",\"@id\":\"https:\\\/\\\/somos-hermanos.mx\\\/index.php\\\/2025\\\/08\\\/04\\\/el-cancer-de-ovario-representa-una-de-las-neoplasias-ginecologicas-mas-agresivas\\\/\",\"url\":\"https:\\\/\\\/somos-hermanos.mx\\\/index.php\\\/2025\\\/08\\\/04\\\/el-cancer-de-ovario-representa-una-de-las-neoplasias-ginecologicas-mas-agresivas\\\/\",\"name\":\"El c\u00e1ncer de ovario representa una de las neoplasias ginecol\u00f3gicas m\u00e1s agresivas - Historias que inspiran...\",\"isPartOf\":{\"@id\":\"https:\\\/\\\/somos-hermanos.mx\\\/#website\"},\"primaryImageOfPage\":{\"@id\":\"https:\\\/\\\/somos-hermanos.mx\\\/index.php\\\/2025\\\/08\\\/04\\\/el-cancer-de-ovario-representa-una-de-las-neoplasias-ginecologicas-mas-agresivas\\\/#primaryimage\"},\"image\":{\"@id\":\"https:\\\/\\\/somos-hermanos.mx\\\/index.php\\\/2025\\\/08\\\/04\\\/el-cancer-de-ovario-representa-una-de-las-neoplasias-ginecologicas-mas-agresivas\\\/#primaryimage\"},\"thumbnailUrl\":\"https:\\\/\\\/somos-hermanos.mx\\\/wp-content\\\/uploads\\\/2025\\\/08\\\/ova2.jpeg\",\"datePublished\":\"2025-08-04T08:25:29+00:00\",\"breadcrumb\":{\"@id\":\"https:\\\/\\\/somos-hermanos.mx\\\/index.php\\\/2025\\\/08\\\/04\\\/el-cancer-de-ovario-representa-una-de-las-neoplasias-ginecologicas-mas-agresivas\\\/#breadcrumb\"},\"inLanguage\":\"es\",\"potentialAction\":[{\"@type\":\"ReadAction\",\"target\":[\"https:\\\/\\\/somos-hermanos.mx\\\/index.php\\\/2025\\\/08\\\/04\\\/el-cancer-de-ovario-representa-una-de-las-neoplasias-ginecologicas-mas-agresivas\\\/\"]}]},{\"@type\":\"ImageObject\",\"inLanguage\":\"es\",\"@id\":\"https:\\\/\\\/somos-hermanos.mx\\\/index.php\\\/2025\\\/08\\\/04\\\/el-cancer-de-ovario-representa-una-de-las-neoplasias-ginecologicas-mas-agresivas\\\/#primaryimage\",\"url\":\"https:\\\/\\\/somos-hermanos.mx\\\/wp-content\\\/uploads\\\/2025\\\/08\\\/ova2.jpeg\",\"contentUrl\":\"https:\\\/\\\/somos-hermanos.mx\\\/wp-content\\\/uploads\\\/2025\\\/08\\\/ova2.jpeg\",\"width\":1170,\"height\":780},{\"@type\":\"BreadcrumbList\",\"@id\":\"https:\\\/\\\/somos-hermanos.mx\\\/index.php\\\/2025\\\/08\\\/04\\\/el-cancer-de-ovario-representa-una-de-las-neoplasias-ginecologicas-mas-agresivas\\\/#breadcrumb\",\"itemListElement\":[{\"@type\":\"ListItem\",\"position\":1,\"name\":\"Inicio\",\"item\":\"https:\\\/\\\/somos-hermanos.mx\\\/\"},{\"@type\":\"ListItem\",\"position\":2,\"name\":\"El c\u00e1ncer de ovario representa una de las neoplasias ginecol\u00f3gicas m\u00e1s agresivas\"}]},{\"@type\":\"WebSite\",\"@id\":\"https:\\\/\\\/somos-hermanos.mx\\\/#website\",\"url\":\"https:\\\/\\\/somos-hermanos.mx\\\/\",\"name\":\"Historias que inspiran...\",\"description\":\"Somos la voz del altruismo en M\u00e9xico\",\"publisher\":{\"@id\":\"https:\\\/\\\/somos-hermanos.mx\\\/#organization\"},\"potentialAction\":[{\"@type\":\"SearchAction\",\"target\":{\"@type\":\"EntryPoint\",\"urlTemplate\":\"https:\\\/\\\/somos-hermanos.mx\\\/?s={search_term_string}\"},\"query-input\":{\"@type\":\"PropertyValueSpecification\",\"valueRequired\":true,\"valueName\":\"search_term_string\"}}],\"inLanguage\":\"es\"},{\"@type\":\"Organization\",\"@id\":\"https:\\\/\\\/somos-hermanos.mx\\\/#organization\",\"name\":\"Somos Hermanos\",\"url\":\"https:\\\/\\\/somos-hermanos.mx\\\/\",\"logo\":{\"@type\":\"ImageObject\",\"inLanguage\":\"es\",\"@id\":\"https:\\\/\\\/somos-hermanos.mx\\\/#\\\/schema\\\/logo\\\/image\\\/\",\"url\":\"https:\\\/\\\/somos-hermanos.mx\\\/wp-content\\\/uploads\\\/2025\\\/08\\\/SH30-1.jpeg\",\"contentUrl\":\"https:\\\/\\\/somos-hermanos.mx\\\/wp-content\\\/uploads\\\/2025\\\/08\\\/SH30-1.jpeg\",\"width\":1600,\"height\":1142,\"caption\":\"Somos Hermanos\"},\"image\":{\"@id\":\"https:\\\/\\\/somos-hermanos.mx\\\/#\\\/schema\\\/logo\\\/image\\\/\"},\"sameAs\":[\"https:\\\/\\\/www.facebook.com\\\/SomosHermanosIAP\\\/\",\"https:\\\/\\\/x.com\\\/Somos__Hermanos\",\"https:\\\/\\\/www.instagram.com\\\/somos__hermanos\\\/#\",\"https:\\\/\\\/www.tiktok.com\\\/@somoshermanosiap\",\"https:\\\/\\\/www.youtube.com\\\/@somoshermanosiap1201\\\/videos\"]},{\"@type\":\"Person\",\"@id\":\"https:\\\/\\\/somos-hermanos.mx\\\/#\\\/schema\\\/person\\\/945cdfed39314d9db1242f593aecb908\",\"name\":\"Jes\u00fas Arizmendi\",\"image\":{\"@type\":\"ImageObject\",\"inLanguage\":\"es\",\"@id\":\"https:\\\/\\\/secure.gravatar.com\\\/avatar\\\/9d2f2284f2cc108aae42b8fdb13afa29b801f64001b731516b830e4926cc1b4b?s=96&d=mm&r=g\",\"url\":\"https:\\\/\\\/secure.gravatar.com\\\/avatar\\\/9d2f2284f2cc108aae42b8fdb13afa29b801f64001b731516b830e4926cc1b4b?s=96&d=mm&r=g\",\"contentUrl\":\"https:\\\/\\\/secure.gravatar.com\\\/avatar\\\/9d2f2284f2cc108aae42b8fdb13afa29b801f64001b731516b830e4926cc1b4b?s=96&d=mm&r=g\",\"caption\":\"Jes\u00fas Arizmendi\"},\"url\":\"https:\\\/\\\/somos-hermanos.mx\\\/index.php\\\/author\\\/jesus-arizmendi\\\/\"}]}<\/script>\n<!-- \/ Yoast SEO plugin. -->","yoast_head_json":{"title":"El c\u00e1ncer de ovario representa una de las neoplasias ginecol\u00f3gicas m\u00e1s agresivas - Historias que inspiran...","robots":{"index":"index","follow":"follow","max-snippet":"max-snippet:-1","max-image-preview":"max-image-preview:large","max-video-preview":"max-video-preview:-1"},"canonical":"https:\/\/somos-hermanos.mx\/index.php\/2025\/08\/04\/el-cancer-de-ovario-representa-una-de-las-neoplasias-ginecologicas-mas-agresivas\/","og_locale":"es_MX","og_type":"article","og_title":"El c\u00e1ncer de ovario representa una de las neoplasias ginecol\u00f3gicas m\u00e1s agresivas - Historias que inspiran...","og_description":"En el marco del D\u00eda Mundial del C\u00e1ncer de Ovario, que se conmemora cada 8 de mayo, la doctora Cintia Mej\u00eda hace un llamado a la concientizaci\u00f3n sobre la importancia del diagn\u00f3stico temprano de ese tipo de c\u00e1ncer ginecol\u00f3gico, as\u00ed como la necesidad de considerar la preservaci\u00f3n de la fertilidad como parte integral del tratamiento [&hellip;]","og_url":"https:\/\/somos-hermanos.mx\/index.php\/2025\/08\/04\/el-cancer-de-ovario-representa-una-de-las-neoplasias-ginecologicas-mas-agresivas\/","og_site_name":"Historias que inspiran...","article_publisher":"https:\/\/www.facebook.com\/SomosHermanosIAP\/","article_published_time":"2025-08-04T08:25:29+00:00","og_image":[{"width":1170,"height":780,"url":"https:\/\/somos-hermanos.mx\/wp-content\/uploads\/2025\/08\/ova2.jpeg","type":"image\/jpeg"}],"author":"Jes\u00fas Arizmendi","twitter_card":"summary_large_image","twitter_creator":"@Somos__Hermanos","twitter_site":"@Somos__Hermanos","twitter_misc":{"Escrito por":"Jes\u00fas Arizmendi","Tiempo de lectura":"3 minutos"},"schema":{"@context":"https:\/\/schema.org","@graph":[{"@type":"Article","@id":"https:\/\/somos-hermanos.mx\/index.php\/2025\/08\/04\/el-cancer-de-ovario-representa-una-de-las-neoplasias-ginecologicas-mas-agresivas\/#article","isPartOf":{"@id":"https:\/\/somos-hermanos.mx\/index.php\/2025\/08\/04\/el-cancer-de-ovario-representa-una-de-las-neoplasias-ginecologicas-mas-agresivas\/"},"author":{"name":"Jes\u00fas Arizmendi","@id":"https:\/\/somos-hermanos.mx\/#\/schema\/person\/945cdfed39314d9db1242f593aecb908"},"headline":"El c\u00e1ncer de ovario representa una de las neoplasias ginecol\u00f3gicas m\u00e1s agresivas","datePublished":"2025-08-04T08:25:29+00:00","mainEntityOfPage":{"@id":"https:\/\/somos-hermanos.mx\/index.php\/2025\/08\/04\/el-cancer-de-ovario-representa-una-de-las-neoplasias-ginecologicas-mas-agresivas\/"},"wordCount":481,"commentCount":0,"publisher":{"@id":"https:\/\/somos-hermanos.mx\/#organization"},"image":{"@id":"https:\/\/somos-hermanos.mx\/index.php\/2025\/08\/04\/el-cancer-de-ovario-representa-una-de-las-neoplasias-ginecologicas-mas-agresivas\/#primaryimage"},"thumbnailUrl":"https:\/\/somos-hermanos.mx\/wp-content\/uploads\/2025\/08\/ova2.jpeg","articleSection":["Noticias"],"inLanguage":"es","potentialAction":[{"@type":"CommentAction","name":"Comment","target":["https:\/\/somos-hermanos.mx\/index.php\/2025\/08\/04\/el-cancer-de-ovario-representa-una-de-las-neoplasias-ginecologicas-mas-agresivas\/#respond"]}]},{"@type":"WebPage","@id":"https:\/\/somos-hermanos.mx\/index.php\/2025\/08\/04\/el-cancer-de-ovario-representa-una-de-las-neoplasias-ginecologicas-mas-agresivas\/","url":"https:\/\/somos-hermanos.mx\/index.php\/2025\/08\/04\/el-cancer-de-ovario-representa-una-de-las-neoplasias-ginecologicas-mas-agresivas\/","name":"El c\u00e1ncer de ovario representa una de las neoplasias ginecol\u00f3gicas m\u00e1s agresivas - Historias que inspiran...","isPartOf":{"@id":"https:\/\/somos-hermanos.mx\/#website"},"primaryImageOfPage":{"@id":"https:\/\/somos-hermanos.mx\/index.php\/2025\/08\/04\/el-cancer-de-ovario-representa-una-de-las-neoplasias-ginecologicas-mas-agresivas\/#primaryimage"},"image":{"@id":"https:\/\/somos-hermanos.mx\/index.php\/2025\/08\/04\/el-cancer-de-ovario-representa-una-de-las-neoplasias-ginecologicas-mas-agresivas\/#primaryimage"},"thumbnailUrl":"https:\/\/somos-hermanos.mx\/wp-content\/uploads\/2025\/08\/ova2.jpeg","datePublished":"2025-08-04T08:25:29+00:00","breadcrumb":{"@id":"https:\/\/somos-hermanos.mx\/index.php\/2025\/08\/04\/el-cancer-de-ovario-representa-una-de-las-neoplasias-ginecologicas-mas-agresivas\/#breadcrumb"},"inLanguage":"es","potentialAction":[{"@type":"ReadAction","target":["https:\/\/somos-hermanos.mx\/index.php\/2025\/08\/04\/el-cancer-de-ovario-representa-una-de-las-neoplasias-ginecologicas-mas-agresivas\/"]}]},{"@type":"ImageObject","inLanguage":"es","@id":"https:\/\/somos-hermanos.mx\/index.php\/2025\/08\/04\/el-cancer-de-ovario-representa-una-de-las-neoplasias-ginecologicas-mas-agresivas\/#primaryimage","url":"https:\/\/somos-hermanos.mx\/wp-content\/uploads\/2025\/08\/ova2.jpeg","contentUrl":"https:\/\/somos-hermanos.mx\/wp-content\/uploads\/2025\/08\/ova2.jpeg","width":1170,"height":780},{"@type":"BreadcrumbList","@id":"https:\/\/somos-hermanos.mx\/index.php\/2025\/08\/04\/el-cancer-de-ovario-representa-una-de-las-neoplasias-ginecologicas-mas-agresivas\/#breadcrumb","itemListElement":[{"@type":"ListItem","position":1,"name":"Inicio","item":"https:\/\/somos-hermanos.mx\/"},{"@type":"ListItem","position":2,"name":"El c\u00e1ncer de ovario representa una de las neoplasias ginecol\u00f3gicas m\u00e1s agresivas"}]},{"@type":"WebSite","@id":"https:\/\/somos-hermanos.mx\/#website","url":"https:\/\/somos-hermanos.mx\/","name":"Historias que inspiran...","description":"Somos la voz del altruismo en M\u00e9xico","publisher":{"@id":"https:\/\/somos-hermanos.mx\/#organization"},"potentialAction":[{"@type":"SearchAction","target":{"@type":"EntryPoint","urlTemplate":"https:\/\/somos-hermanos.mx\/?s={search_term_string}"},"query-input":{"@type":"PropertyValueSpecification","valueRequired":true,"valueName":"search_term_string"}}],"inLanguage":"es"},{"@type":"Organization","@id":"https:\/\/somos-hermanos.mx\/#organization","name":"Somos Hermanos","url":"https:\/\/somos-hermanos.mx\/","logo":{"@type":"ImageObject","inLanguage":"es","@id":"https:\/\/somos-hermanos.mx\/#\/schema\/logo\/image\/","url":"https:\/\/somos-hermanos.mx\/wp-content\/uploads\/2025\/08\/SH30-1.jpeg","contentUrl":"https:\/\/somos-hermanos.mx\/wp-content\/uploads\/2025\/08\/SH30-1.jpeg","width":1600,"height":1142,"caption":"Somos Hermanos"},"image":{"@id":"https:\/\/somos-hermanos.mx\/#\/schema\/logo\/image\/"},"sameAs":["https:\/\/www.facebook.com\/SomosHermanosIAP\/","https:\/\/x.com\/Somos__Hermanos","https:\/\/www.instagram.com\/somos__hermanos\/#","https:\/\/www.tiktok.com\/@somoshermanosiap","https:\/\/www.youtube.com\/@somoshermanosiap1201\/videos"]},{"@type":"Person","@id":"https:\/\/somos-hermanos.mx\/#\/schema\/person\/945cdfed39314d9db1242f593aecb908","name":"Jes\u00fas Arizmendi","image":{"@type":"ImageObject","inLanguage":"es","@id":"https:\/\/secure.gravatar.com\/avatar\/9d2f2284f2cc108aae42b8fdb13afa29b801f64001b731516b830e4926cc1b4b?s=96&d=mm&r=g","url":"https:\/\/secure.gravatar.com\/avatar\/9d2f2284f2cc108aae42b8fdb13afa29b801f64001b731516b830e4926cc1b4b?s=96&d=mm&r=g","contentUrl":"https:\/\/secure.gravatar.com\/avatar\/9d2f2284f2cc108aae42b8fdb13afa29b801f64001b731516b830e4926cc1b4b?s=96&d=mm&r=g","caption":"Jes\u00fas Arizmendi"},"url":"https:\/\/somos-hermanos.mx\/index.php\/author\/jesus-arizmendi\/"}]}},"_links":{"self":[{"href":"https:\/\/somos-hermanos.mx\/index.php\/wp-json\/wp\/v2\/posts\/754","targetHints":{"allow":["GET"]}}],"collection":[{"href":"https:\/\/somos-hermanos.mx\/index.php\/wp-json\/wp\/v2\/posts"}],"about":[{"href":"https:\/\/somos-hermanos.mx\/index.php\/wp-json\/wp\/v2\/types\/post"}],"author":[{"embeddable":true,"href":"https:\/\/somos-hermanos.mx\/index.php\/wp-json\/wp\/v2\/users\/8"}],"replies":[{"embeddable":true,"href":"https:\/\/somos-hermanos.mx\/index.php\/wp-json\/wp\/v2\/comments?post=754"}],"version-history":[{"count":1,"href":"https:\/\/somos-hermanos.mx\/index.php\/wp-json\/wp\/v2\/posts\/754\/revisions"}],"predecessor-version":[{"id":756,"href":"https:\/\/somos-hermanos.mx\/index.php\/wp-json\/wp\/v2\/posts\/754\/revisions\/756"}],"wp:featuredmedia":[{"embeddable":true,"href":"https:\/\/somos-hermanos.mx\/index.php\/wp-json\/wp\/v2\/media\/755"}],"wp:attachment":[{"href":"https:\/\/somos-hermanos.mx\/index.php\/wp-json\/wp\/v2\/media?parent=754"}],"wp:term":[{"taxonomy":"category","embeddable":true,"href":"https:\/\/somos-hermanos.mx\/index.php\/wp-json\/wp\/v2\/categories?post=754"},{"taxonomy":"post_tag","embeddable":true,"href":"https:\/\/somos-hermanos.mx\/index.php\/wp-json\/wp\/v2\/tags?post=754"}],"curies":[{"name":"wp","href":"https:\/\/api.w.org\/{rel}","templated":true}]}}