{"id":748,"date":"2025-08-04T02:23:21","date_gmt":"2025-08-04T08:23:21","guid":{"rendered":"https:\/\/somos-hermanos.mx\/?p=748"},"modified":"2025-08-04T02:23:21","modified_gmt":"2025-08-04T08:23:21","slug":"fundacion-ica-la-historia-al-alcance-de-todos","status":"publish","type":"post","link":"https:\/\/somos-hermanos.mx\/index.php\/2025\/08\/04\/fundacion-ica-la-historia-al-alcance-de-todos\/","title":{"rendered":"Fundaci\u00f3n ICA: La historia al alcance de todos"},"content":{"rendered":"<p>La historia es el espejo que refleja nuestra identidad. <strong>Conocer y preservar nuestros acervos hist\u00f3ricos es clave para entender qui\u00e9nes somos y construir un futuro m\u00e1s informado. <\/strong>Es por eso por lo que Fundaci\u00f3n ICA busca la conservaci\u00f3n y difusi\u00f3n del Acervo Hist\u00f3rico de Ingenieros Civiles Asociados (ICA) y as\u00ed destacar su importancia a nivel nacional y regional.<\/p>\n<p>La Fundaci\u00f3n ICA <strong>es una asociaci\u00f3n civil que ha dedicado m\u00e1s de tres d\u00e9cadas a la salvaguarda, conservaci\u00f3n y difusi\u00f3n del Acervo Hist\u00f3rico. <\/strong>Con una vasta colecci\u00f3n de m\u00e1s de 3 millones de \u00edtems, incluyendo el Fondo Aerofotogr\u00e1fico y la Colecci\u00f3n ICA, esta instituci\u00f3n es un referente en la preservaci\u00f3n de la memoria institucional de ICA. El Fondo Aerofotogr\u00e1fico ha sido reconocido por la UNESCO en el Programa Memorial del Mundo.<\/p>\n<p>Cuentan con un Centro de Formaci\u00f3n, Investigaci\u00f3n y Capacitaci\u00f3n de ICA (CENFICA) es una iniciativa que <strong>busca impulsar el desarrollo profesional de colaboradores y nuevas generaciones de profesionistas en ingenier\u00eda y arquitectura. <\/strong>A trav\u00e9s de programas de educaci\u00f3n continua, laboratorios de innovaci\u00f3n y capacitaci\u00f3n, CENFICA se enfoca en generar conocimiento y habilidades pr\u00e1cticas para enfrentar los desaf\u00edos actuales en la industria.<\/p>\n<p>De igual manera la Biblioteca Digital de Fundaci\u00f3n ICA re\u00fane un amplio fondo documental de libros, bit\u00e1coras y estudios sobre ingenier\u00eda, arquitectura y fotograf\u00eda a\u00e9rea. Estas publicaciones son un valioso recurso para investigadores, estudiantes y profesionales que buscan profundizar en temas espec\u00edficos relacionados con la ingenier\u00eda y la arquitectura.<\/p>\n<p>La Colecci\u00f3n ICA cuenta con alrededor de 1,800,000 \u00edtems que documentan las obras de construcci\u00f3n realizadas por ICA a lo largo de siete d\u00e9cadas. Mediante el uso de tecnolog\u00edas avanzadas como LiDAR y fotogrametr\u00eda, Fundaci\u00f3n ICA captura, procesa y analiza datos espaciales con precisi\u00f3n, estudiando las relaciones entre espacio y tiempo para entender los cambios en el territorio.<\/p>\n<p>La labor de Fundaci\u00f3n ICA es fundamental para preservar la memoria institucional de ICA y ponerla al servicio de la sociedad. Es importante contribuir a la conservaci\u00f3n de un patrimonio invaluable que puede inspirar y educar a futuras generaciones de ingenieros, arquitectos y cient\u00edficos.<\/p>\n<p><em>Te invito a visitar su p\u00e1gina de internet <\/em><a href=\"http:\/\/www.fundacion-ica.org.mx\"><em><u>www.fundacion-ica.org.mx<\/u><\/em><\/a><em>\u00a0y conocer y poder observar todo el acervo hist\u00f3rico.<\/em><\/p>\n","protected":false},"excerpt":{"rendered":"<p>La historia es el espejo que refleja nuestra identidad. Conocer y preservar nuestros acervos hist\u00f3ricos es clave para entender qui\u00e9nes somos y construir un futuro m\u00e1s informado. Es por eso por lo que Fundaci\u00f3n ICA busca la conservaci\u00f3n y difusi\u00f3n del Acervo Hist\u00f3rico de Ingenieros Civiles Asociados (ICA) y as\u00ed destacar su importancia a nivel [&hellip;]<\/p>\n","protected":false},"author":2,"featured_media":749,"comment_status":"open","ping_status":"closed","sticky":false,"template":"","format":"standard","meta":{"footnotes":""},"categories":[6],"tags":[],"class_list":["post-748","post","type-post","status-publish","format-standard","has-post-thumbnail","hentry","category-noticias"],"yoast_head":"<!-- This site is optimized with the Yoast SEO plugin v27.4 - https:\/\/yoast.com\/product\/yoast-seo-wordpress\/ -->\n<title>Fundaci\u00f3n ICA: La historia al alcance de todos - Historias que inspiran...<\/title>\n<meta name=\"robots\" content=\"index, follow, max-snippet:-1, max-image-preview:large, max-video-preview:-1\" \/>\n<link rel=\"canonical\" href=\"https:\/\/somos-hermanos.mx\/index.php\/2025\/08\/04\/fundacion-ica-la-historia-al-alcance-de-todos\/\" \/>\n<meta property=\"og:locale\" content=\"es_MX\" \/>\n<meta property=\"og:type\" content=\"article\" \/>\n<meta property=\"og:title\" content=\"Fundaci\u00f3n ICA: La historia al alcance de todos - Historias que inspiran...\" \/>\n<meta property=\"og:description\" content=\"La historia es el espejo que refleja nuestra identidad. Conocer y preservar nuestros acervos hist\u00f3ricos es clave para entender qui\u00e9nes somos y construir un futuro m\u00e1s informado. Es por eso por lo que Fundaci\u00f3n ICA busca la conservaci\u00f3n y difusi\u00f3n del Acervo Hist\u00f3rico de Ingenieros Civiles Asociados (ICA) y as\u00ed destacar su importancia a nivel [&hellip;]\" \/>\n<meta property=\"og:url\" content=\"https:\/\/somos-hermanos.mx\/index.php\/2025\/08\/04\/fundacion-ica-la-historia-al-alcance-de-todos\/\" \/>\n<meta property=\"og:site_name\" content=\"Historias que inspiran...\" \/>\n<meta property=\"article:publisher\" content=\"https:\/\/www.facebook.com\/SomosHermanosIAP\/\" \/>\n<meta property=\"article:published_time\" content=\"2025-08-04T08:23:21+00:00\" \/>\n<meta property=\"og:image\" content=\"https:\/\/somos-hermanos.mx\/wp-content\/uploads\/2025\/08\/ica2.jpeg\" \/>\n\t<meta property=\"og:image:width\" content=\"1280\" \/>\n\t<meta property=\"og:image:height\" content=\"720\" \/>\n\t<meta property=\"og:image:type\" content=\"image\/jpeg\" \/>\n<meta name=\"author\" content=\"Redacci\u00f3n\" \/>\n<meta name=\"twitter:card\" content=\"summary_large_image\" \/>\n<meta name=\"twitter:creator\" content=\"@Somos__Hermanos\" \/>\n<meta name=\"twitter:site\" content=\"@Somos__Hermanos\" \/>\n<meta name=\"twitter:label1\" content=\"Escrito por\" \/>\n\t<meta name=\"twitter:data1\" content=\"Redacci\u00f3n\" \/>\n\t<meta name=\"twitter:label2\" content=\"Tiempo de lectura\" \/>\n\t<meta name=\"twitter:data2\" content=\"2 minutos\" \/>\n<script type=\"application\/ld+json\" class=\"yoast-schema-graph\">{\"@context\":\"https:\\\/\\\/schema.org\",\"@graph\":[{\"@type\":\"Article\",\"@id\":\"https:\\\/\\\/somos-hermanos.mx\\\/index.php\\\/2025\\\/08\\\/04\\\/fundacion-ica-la-historia-al-alcance-de-todos\\\/#article\",\"isPartOf\":{\"@id\":\"https:\\\/\\\/somos-hermanos.mx\\\/index.php\\\/2025\\\/08\\\/04\\\/fundacion-ica-la-historia-al-alcance-de-todos\\\/\"},\"author\":{\"name\":\"Redacci\u00f3n\",\"@id\":\"https:\\\/\\\/somos-hermanos.mx\\\/#\\\/schema\\\/person\\\/72be0deaeb1d387148bc8db9a84cd13a\"},\"headline\":\"Fundaci\u00f3n ICA: La historia al alcance de todos\",\"datePublished\":\"2025-08-04T08:23:21+00:00\",\"mainEntityOfPage\":{\"@id\":\"https:\\\/\\\/somos-hermanos.mx\\\/index.php\\\/2025\\\/08\\\/04\\\/fundacion-ica-la-historia-al-alcance-de-todos\\\/\"},\"wordCount\":420,\"commentCount\":0,\"publisher\":{\"@id\":\"https:\\\/\\\/somos-hermanos.mx\\\/#organization\"},\"image\":{\"@id\":\"https:\\\/\\\/somos-hermanos.mx\\\/index.php\\\/2025\\\/08\\\/04\\\/fundacion-ica-la-historia-al-alcance-de-todos\\\/#primaryimage\"},\"thumbnailUrl\":\"https:\\\/\\\/somos-hermanos.mx\\\/wp-content\\\/uploads\\\/2025\\\/08\\\/ica2.jpeg\",\"articleSection\":[\"Noticias\"],\"inLanguage\":\"es\",\"potentialAction\":[{\"@type\":\"CommentAction\",\"name\":\"Comment\",\"target\":[\"https:\\\/\\\/somos-hermanos.mx\\\/index.php\\\/2025\\\/08\\\/04\\\/fundacion-ica-la-historia-al-alcance-de-todos\\\/#respond\"]}]},{\"@type\":\"WebPage\",\"@id\":\"https:\\\/\\\/somos-hermanos.mx\\\/index.php\\\/2025\\\/08\\\/04\\\/fundacion-ica-la-historia-al-alcance-de-todos\\\/\",\"url\":\"https:\\\/\\\/somos-hermanos.mx\\\/index.php\\\/2025\\\/08\\\/04\\\/fundacion-ica-la-historia-al-alcance-de-todos\\\/\",\"name\":\"Fundaci\u00f3n ICA: La historia al alcance de todos - Historias que inspiran...\",\"isPartOf\":{\"@id\":\"https:\\\/\\\/somos-hermanos.mx\\\/#website\"},\"primaryImageOfPage\":{\"@id\":\"https:\\\/\\\/somos-hermanos.mx\\\/index.php\\\/2025\\\/08\\\/04\\\/fundacion-ica-la-historia-al-alcance-de-todos\\\/#primaryimage\"},\"image\":{\"@id\":\"https:\\\/\\\/somos-hermanos.mx\\\/index.php\\\/2025\\\/08\\\/04\\\/fundacion-ica-la-historia-al-alcance-de-todos\\\/#primaryimage\"},\"thumbnailUrl\":\"https:\\\/\\\/somos-hermanos.mx\\\/wp-content\\\/uploads\\\/2025\\\/08\\\/ica2.jpeg\",\"datePublished\":\"2025-08-04T08:23:21+00:00\",\"breadcrumb\":{\"@id\":\"https:\\\/\\\/somos-hermanos.mx\\\/index.php\\\/2025\\\/08\\\/04\\\/fundacion-ica-la-historia-al-alcance-de-todos\\\/#breadcrumb\"},\"inLanguage\":\"es\",\"potentialAction\":[{\"@type\":\"ReadAction\",\"target\":[\"https:\\\/\\\/somos-hermanos.mx\\\/index.php\\\/2025\\\/08\\\/04\\\/fundacion-ica-la-historia-al-alcance-de-todos\\\/\"]}]},{\"@type\":\"ImageObject\",\"inLanguage\":\"es\",\"@id\":\"https:\\\/\\\/somos-hermanos.mx\\\/index.php\\\/2025\\\/08\\\/04\\\/fundacion-ica-la-historia-al-alcance-de-todos\\\/#primaryimage\",\"url\":\"https:\\\/\\\/somos-hermanos.mx\\\/wp-content\\\/uploads\\\/2025\\\/08\\\/ica2.jpeg\",\"contentUrl\":\"https:\\\/\\\/somos-hermanos.mx\\\/wp-content\\\/uploads\\\/2025\\\/08\\\/ica2.jpeg\",\"width\":1280,\"height\":720},{\"@type\":\"BreadcrumbList\",\"@id\":\"https:\\\/\\\/somos-hermanos.mx\\\/index.php\\\/2025\\\/08\\\/04\\\/fundacion-ica-la-historia-al-alcance-de-todos\\\/#breadcrumb\",\"itemListElement\":[{\"@type\":\"ListItem\",\"position\":1,\"name\":\"Inicio\",\"item\":\"https:\\\/\\\/somos-hermanos.mx\\\/\"},{\"@type\":\"ListItem\",\"position\":2,\"name\":\"Fundaci\u00f3n ICA: La historia al alcance de todos\"}]},{\"@type\":\"WebSite\",\"@id\":\"https:\\\/\\\/somos-hermanos.mx\\\/#website\",\"url\":\"https:\\\/\\\/somos-hermanos.mx\\\/\",\"name\":\"Historias que inspiran...\",\"description\":\"Somos la voz del altruismo en M\u00e9xico\",\"publisher\":{\"@id\":\"https:\\\/\\\/somos-hermanos.mx\\\/#organization\"},\"potentialAction\":[{\"@type\":\"SearchAction\",\"target\":{\"@type\":\"EntryPoint\",\"urlTemplate\":\"https:\\\/\\\/somos-hermanos.mx\\\/?s={search_term_string}\"},\"query-input\":{\"@type\":\"PropertyValueSpecification\",\"valueRequired\":true,\"valueName\":\"search_term_string\"}}],\"inLanguage\":\"es\"},{\"@type\":\"Organization\",\"@id\":\"https:\\\/\\\/somos-hermanos.mx\\\/#organization\",\"name\":\"Somos Hermanos\",\"url\":\"https:\\\/\\\/somos-hermanos.mx\\\/\",\"logo\":{\"@type\":\"ImageObject\",\"inLanguage\":\"es\",\"@id\":\"https:\\\/\\\/somos-hermanos.mx\\\/#\\\/schema\\\/logo\\\/image\\\/\",\"url\":\"https:\\\/\\\/somos-hermanos.mx\\\/wp-content\\\/uploads\\\/2025\\\/08\\\/SH30-1.jpeg\",\"contentUrl\":\"https:\\\/\\\/somos-hermanos.mx\\\/wp-content\\\/uploads\\\/2025\\\/08\\\/SH30-1.jpeg\",\"width\":1600,\"height\":1142,\"caption\":\"Somos Hermanos\"},\"image\":{\"@id\":\"https:\\\/\\\/somos-hermanos.mx\\\/#\\\/schema\\\/logo\\\/image\\\/\"},\"sameAs\":[\"https:\\\/\\\/www.facebook.com\\\/SomosHermanosIAP\\\/\",\"https:\\\/\\\/x.com\\\/Somos__Hermanos\",\"https:\\\/\\\/www.instagram.com\\\/somos__hermanos\\\/#\",\"https:\\\/\\\/www.tiktok.com\\\/@somoshermanosiap\",\"https:\\\/\\\/www.youtube.com\\\/@somoshermanosiap1201\\\/videos\"]},{\"@type\":\"Person\",\"@id\":\"https:\\\/\\\/somos-hermanos.mx\\\/#\\\/schema\\\/person\\\/72be0deaeb1d387148bc8db9a84cd13a\",\"name\":\"Redacci\u00f3n\",\"image\":{\"@type\":\"ImageObject\",\"inLanguage\":\"es\",\"@id\":\"https:\\\/\\\/secure.gravatar.com\\\/avatar\\\/0471f62dae6ab1c39ae7c79f265de6a8ede1928a658b55db6bd71466aa956832?s=96&d=mm&r=g\",\"url\":\"https:\\\/\\\/secure.gravatar.com\\\/avatar\\\/0471f62dae6ab1c39ae7c79f265de6a8ede1928a658b55db6bd71466aa956832?s=96&d=mm&r=g\",\"contentUrl\":\"https:\\\/\\\/secure.gravatar.com\\\/avatar\\\/0471f62dae6ab1c39ae7c79f265de6a8ede1928a658b55db6bd71466aa956832?s=96&d=mm&r=g\",\"caption\":\"Redacci\u00f3n\"},\"url\":\"https:\\\/\\\/somos-hermanos.mx\\\/index.php\\\/author\\\/redaccion\\\/\"}]}<\/script>\n<!-- \/ Yoast SEO plugin. -->","yoast_head_json":{"title":"Fundaci\u00f3n ICA: La historia al alcance de todos - Historias que inspiran...","robots":{"index":"index","follow":"follow","max-snippet":"max-snippet:-1","max-image-preview":"max-image-preview:large","max-video-preview":"max-video-preview:-1"},"canonical":"https:\/\/somos-hermanos.mx\/index.php\/2025\/08\/04\/fundacion-ica-la-historia-al-alcance-de-todos\/","og_locale":"es_MX","og_type":"article","og_title":"Fundaci\u00f3n ICA: La historia al alcance de todos - Historias que inspiran...","og_description":"La historia es el espejo que refleja nuestra identidad. Conocer y preservar nuestros acervos hist\u00f3ricos es clave para entender qui\u00e9nes somos y construir un futuro m\u00e1s informado. Es por eso por lo que Fundaci\u00f3n ICA busca la conservaci\u00f3n y difusi\u00f3n del Acervo Hist\u00f3rico de Ingenieros Civiles Asociados (ICA) y as\u00ed destacar su importancia a nivel [&hellip;]","og_url":"https:\/\/somos-hermanos.mx\/index.php\/2025\/08\/04\/fundacion-ica-la-historia-al-alcance-de-todos\/","og_site_name":"Historias que inspiran...","article_publisher":"https:\/\/www.facebook.com\/SomosHermanosIAP\/","article_published_time":"2025-08-04T08:23:21+00:00","og_image":[{"width":1280,"height":720,"url":"https:\/\/somos-hermanos.mx\/wp-content\/uploads\/2025\/08\/ica2.jpeg","type":"image\/jpeg"}],"author":"Redacci\u00f3n","twitter_card":"summary_large_image","twitter_creator":"@Somos__Hermanos","twitter_site":"@Somos__Hermanos","twitter_misc":{"Escrito por":"Redacci\u00f3n","Tiempo de lectura":"2 minutos"},"schema":{"@context":"https:\/\/schema.org","@graph":[{"@type":"Article","@id":"https:\/\/somos-hermanos.mx\/index.php\/2025\/08\/04\/fundacion-ica-la-historia-al-alcance-de-todos\/#article","isPartOf":{"@id":"https:\/\/somos-hermanos.mx\/index.php\/2025\/08\/04\/fundacion-ica-la-historia-al-alcance-de-todos\/"},"author":{"name":"Redacci\u00f3n","@id":"https:\/\/somos-hermanos.mx\/#\/schema\/person\/72be0deaeb1d387148bc8db9a84cd13a"},"headline":"Fundaci\u00f3n ICA: La historia al alcance de todos","datePublished":"2025-08-04T08:23:21+00:00","mainEntityOfPage":{"@id":"https:\/\/somos-hermanos.mx\/index.php\/2025\/08\/04\/fundacion-ica-la-historia-al-alcance-de-todos\/"},"wordCount":420,"commentCount":0,"publisher":{"@id":"https:\/\/somos-hermanos.mx\/#organization"},"image":{"@id":"https:\/\/somos-hermanos.mx\/index.php\/2025\/08\/04\/fundacion-ica-la-historia-al-alcance-de-todos\/#primaryimage"},"thumbnailUrl":"https:\/\/somos-hermanos.mx\/wp-content\/uploads\/2025\/08\/ica2.jpeg","articleSection":["Noticias"],"inLanguage":"es","potentialAction":[{"@type":"CommentAction","name":"Comment","target":["https:\/\/somos-hermanos.mx\/index.php\/2025\/08\/04\/fundacion-ica-la-historia-al-alcance-de-todos\/#respond"]}]},{"@type":"WebPage","@id":"https:\/\/somos-hermanos.mx\/index.php\/2025\/08\/04\/fundacion-ica-la-historia-al-alcance-de-todos\/","url":"https:\/\/somos-hermanos.mx\/index.php\/2025\/08\/04\/fundacion-ica-la-historia-al-alcance-de-todos\/","name":"Fundaci\u00f3n ICA: La historia al alcance de todos - Historias que inspiran...","isPartOf":{"@id":"https:\/\/somos-hermanos.mx\/#website"},"primaryImageOfPage":{"@id":"https:\/\/somos-hermanos.mx\/index.php\/2025\/08\/04\/fundacion-ica-la-historia-al-alcance-de-todos\/#primaryimage"},"image":{"@id":"https:\/\/somos-hermanos.mx\/index.php\/2025\/08\/04\/fundacion-ica-la-historia-al-alcance-de-todos\/#primaryimage"},"thumbnailUrl":"https:\/\/somos-hermanos.mx\/wp-content\/uploads\/2025\/08\/ica2.jpeg","datePublished":"2025-08-04T08:23:21+00:00","breadcrumb":{"@id":"https:\/\/somos-hermanos.mx\/index.php\/2025\/08\/04\/fundacion-ica-la-historia-al-alcance-de-todos\/#breadcrumb"},"inLanguage":"es","potentialAction":[{"@type":"ReadAction","target":["https:\/\/somos-hermanos.mx\/index.php\/2025\/08\/04\/fundacion-ica-la-historia-al-alcance-de-todos\/"]}]},{"@type":"ImageObject","inLanguage":"es","@id":"https:\/\/somos-hermanos.mx\/index.php\/2025\/08\/04\/fundacion-ica-la-historia-al-alcance-de-todos\/#primaryimage","url":"https:\/\/somos-hermanos.mx\/wp-content\/uploads\/2025\/08\/ica2.jpeg","contentUrl":"https:\/\/somos-hermanos.mx\/wp-content\/uploads\/2025\/08\/ica2.jpeg","width":1280,"height":720},{"@type":"BreadcrumbList","@id":"https:\/\/somos-hermanos.mx\/index.php\/2025\/08\/04\/fundacion-ica-la-historia-al-alcance-de-todos\/#breadcrumb","itemListElement":[{"@type":"ListItem","position":1,"name":"Inicio","item":"https:\/\/somos-hermanos.mx\/"},{"@type":"ListItem","position":2,"name":"Fundaci\u00f3n ICA: La historia al alcance de todos"}]},{"@type":"WebSite","@id":"https:\/\/somos-hermanos.mx\/#website","url":"https:\/\/somos-hermanos.mx\/","name":"Historias que inspiran...","description":"Somos la voz del altruismo en M\u00e9xico","publisher":{"@id":"https:\/\/somos-hermanos.mx\/#organization"},"potentialAction":[{"@type":"SearchAction","target":{"@type":"EntryPoint","urlTemplate":"https:\/\/somos-hermanos.mx\/?s={search_term_string}"},"query-input":{"@type":"PropertyValueSpecification","valueRequired":true,"valueName":"search_term_string"}}],"inLanguage":"es"},{"@type":"Organization","@id":"https:\/\/somos-hermanos.mx\/#organization","name":"Somos Hermanos","url":"https:\/\/somos-hermanos.mx\/","logo":{"@type":"ImageObject","inLanguage":"es","@id":"https:\/\/somos-hermanos.mx\/#\/schema\/logo\/image\/","url":"https:\/\/somos-hermanos.mx\/wp-content\/uploads\/2025\/08\/SH30-1.jpeg","contentUrl":"https:\/\/somos-hermanos.mx\/wp-content\/uploads\/2025\/08\/SH30-1.jpeg","width":1600,"height":1142,"caption":"Somos Hermanos"},"image":{"@id":"https:\/\/somos-hermanos.mx\/#\/schema\/logo\/image\/"},"sameAs":["https:\/\/www.facebook.com\/SomosHermanosIAP\/","https:\/\/x.com\/Somos__Hermanos","https:\/\/www.instagram.com\/somos__hermanos\/#","https:\/\/www.tiktok.com\/@somoshermanosiap","https:\/\/www.youtube.com\/@somoshermanosiap1201\/videos"]},{"@type":"Person","@id":"https:\/\/somos-hermanos.mx\/#\/schema\/person\/72be0deaeb1d387148bc8db9a84cd13a","name":"Redacci\u00f3n","image":{"@type":"ImageObject","inLanguage":"es","@id":"https:\/\/secure.gravatar.com\/avatar\/0471f62dae6ab1c39ae7c79f265de6a8ede1928a658b55db6bd71466aa956832?s=96&d=mm&r=g","url":"https:\/\/secure.gravatar.com\/avatar\/0471f62dae6ab1c39ae7c79f265de6a8ede1928a658b55db6bd71466aa956832?s=96&d=mm&r=g","contentUrl":"https:\/\/secure.gravatar.com\/avatar\/0471f62dae6ab1c39ae7c79f265de6a8ede1928a658b55db6bd71466aa956832?s=96&d=mm&r=g","caption":"Redacci\u00f3n"},"url":"https:\/\/somos-hermanos.mx\/index.php\/author\/redaccion\/"}]}},"_links":{"self":[{"href":"https:\/\/somos-hermanos.mx\/index.php\/wp-json\/wp\/v2\/posts\/748","targetHints":{"allow":["GET"]}}],"collection":[{"href":"https:\/\/somos-hermanos.mx\/index.php\/wp-json\/wp\/v2\/posts"}],"about":[{"href":"https:\/\/somos-hermanos.mx\/index.php\/wp-json\/wp\/v2\/types\/post"}],"author":[{"embeddable":true,"href":"https:\/\/somos-hermanos.mx\/index.php\/wp-json\/wp\/v2\/users\/2"}],"replies":[{"embeddable":true,"href":"https:\/\/somos-hermanos.mx\/index.php\/wp-json\/wp\/v2\/comments?post=748"}],"version-history":[{"count":1,"href":"https:\/\/somos-hermanos.mx\/index.php\/wp-json\/wp\/v2\/posts\/748\/revisions"}],"predecessor-version":[{"id":750,"href":"https:\/\/somos-hermanos.mx\/index.php\/wp-json\/wp\/v2\/posts\/748\/revisions\/750"}],"wp:featuredmedia":[{"embeddable":true,"href":"https:\/\/somos-hermanos.mx\/index.php\/wp-json\/wp\/v2\/media\/749"}],"wp:attachment":[{"href":"https:\/\/somos-hermanos.mx\/index.php\/wp-json\/wp\/v2\/media?parent=748"}],"wp:term":[{"taxonomy":"category","embeddable":true,"href":"https:\/\/somos-hermanos.mx\/index.php\/wp-json\/wp\/v2\/categories?post=748"},{"taxonomy":"post_tag","embeddable":true,"href":"https:\/\/somos-hermanos.mx\/index.php\/wp-json\/wp\/v2\/tags?post=748"}],"curies":[{"name":"wp","href":"https:\/\/api.w.org\/{rel}","templated":true}]}}