{"id":742,"date":"2025-08-04T02:21:10","date_gmt":"2025-08-04T08:21:10","guid":{"rendered":"https:\/\/somos-hermanos.mx\/?p=742"},"modified":"2025-08-04T02:21:10","modified_gmt":"2025-08-04T08:21:10","slug":"tres-decadas-transformando-vidas-en-valle-de-chalco","status":"publish","type":"post","link":"https:\/\/somos-hermanos.mx\/index.php\/2025\/08\/04\/tres-decadas-transformando-vidas-en-valle-de-chalco\/","title":{"rendered":"Tres d\u00e9cadas transformando vidas en Valle de Chalco"},"content":{"rendered":"<p>En un territorio donde <strong>la pobreza ha sido una constante, tambi\u00e9n florece la esperanza. <\/strong>Desde hace m\u00e1s de tres d\u00e9cadas, el <strong>Centro de Desarrollo Comunitario Juan Diego IAP <\/strong>se ha convertido en un faro de luz para miles de familias que buscan salir adelante.<\/p>\n<p>Fundado el 7 de octubre de 1991, este centro naci\u00f3 con una clara misi\u00f3n: dignificar la vida en comunidad a trav\u00e9s de la educaci\u00f3n, la salud, la nutrici\u00f3n y la asistencia social.<\/p>\n<p><strong>Ubicado en el coraz\u00f3n de Valle de Chalco Solidaridad, uno de los municipios m\u00e1s poblados y con mayores carencias del Estado de M\u00e9xico, el Centro Juan Diego<\/strong>\u00a0ha sido testigo \u2014y protagonista\u2014 de profundas transformaciones sociales. Con una poblaci\u00f3n superior a los 357 mil habitantes, y un nivel educativo promedio de secundaria, muchas personas en la zona enfrentan el reto de integrarse tempranamente al campo laboral para sobrevivir.<\/p>\n<p>Ante este panorama, la instituci\u00f3n puso en marcha el programa \u201cEducaci\u00f3n y Desarrollo Comunitario en el Valle de Chalco\u201d, resultado de un diagn\u00f3stico comunitario realizado desde sus inicios, con el fin de ofrecer respuestas reales y efectivas a las necesidades de la gente. M\u00e1s que asistencia, el Centro ofrece formaci\u00f3n, participaci\u00f3n, y sobre todo, dignidad.<\/p>\n<ul>\n<li>Modelo con impacto: rentabilidad humana, social y econ\u00f3mica<\/li>\n<li>La estrategia del Centro se basa en tres pilares de impacto:<\/li>\n<li>Rentabilidad social: Empoderar a la comunidad, generando oportunidades y capacidades que transforman realidades.<\/li>\n<li>Rentabilidad asistencial: Mejorar de forma tangible la calidad de vida de quienes participan en los programas.<\/li>\n<li>Rentabilidad econ\u00f3mica: Transparencia, eficacia y resultados que hacen de esta instituci\u00f3n un modelo confiable para donantes y aliados.<\/li>\n<\/ul>\n<p>Uno de sus logros m\u00e1s recientes ha sido la consolidaci\u00f3n de la Academia de Cuidadores en la Salud, donde se forma a j\u00f3venes y adultos en la especialidad de Asistencia Familiar y de Salud. Gracias al generoso apoyo de la Fundaci\u00f3n Rafael Dond\u00e9, el laboratorio de pr\u00e1cticas fue equipado con tecnolog\u00eda adecuada, elevando el nivel educativo y abriendo nuevas oportunidades laborales para quienes m\u00e1s lo necesitan.<\/p>\n<p>La comunidad como motor del cambio<\/p>\n<p>El Centro de Desarrollo Comunitario Juan Diego I.A.P. no trabaja para la comunidad, sino con ella. Cada programa, cada curso, cada proyecto nace del di\u00e1logo directo con las familias de Valle de Chalco, bajo una premisa clara: nadie se salva solo, y todos tenemos algo que aportar al bien com\u00fan.<\/p>\n<p><strong>\u00bfC\u00f3mo apoyar?<\/strong><\/p>\n<p>Las personas e instituciones interesadas en sumarse a esta misi\u00f3n pueden realizar donativos a la cuenta:<\/p>\n<p>BANAMEX 435110-3, Sucursal 98.<\/p>\n<p>Cada peso donado se convierte en herramientas, formaci\u00f3n, salud y esperanza.<\/p>\n<p>Para m\u00e1s informaci\u00f3n, comun\u00edcate al 5971-2779 \/ 5971-2780, o visita su sede en Av. Tezoz\u00f3moc s\/n, esquina Poniente 5, Col. Alfredo Baranda, Valle de Chalco Solidaridad, Estado de M\u00e9xico, C.P. 56610.<\/p>\n<p>Tambi\u00e9n puedes escribir a cdcjdiap@prodigy.net.mx o consultar www.comunitariojd.org.<\/p>\n<p>El Centro Juan Diego sigue caminando, sembrando futuro y construyendo comunidad donde otros solo ven carencia. Porque la pobreza no es destino, y la dignidad siempre ser\u00e1 un derecho.<\/p>\n","protected":false},"excerpt":{"rendered":"<p>En un territorio donde la pobreza ha sido una constante, tambi\u00e9n florece la esperanza. Desde hace m\u00e1s de tres d\u00e9cadas, el Centro de Desarrollo Comunitario Juan Diego IAP se ha convertido en un faro de luz para miles de familias que buscan salir adelante. Fundado el 7 de octubre de 1991, este centro naci\u00f3 con [&hellip;]<\/p>\n","protected":false},"author":23,"featured_media":743,"comment_status":"open","ping_status":"closed","sticky":false,"template":"","format":"standard","meta":{"footnotes":""},"categories":[6],"tags":[],"class_list":["post-742","post","type-post","status-publish","format-standard","has-post-thumbnail","hentry","category-noticias"],"yoast_head":"<!-- This site is optimized with the Yoast SEO plugin v27.4 - https:\/\/yoast.com\/product\/yoast-seo-wordpress\/ -->\n<title>Tres d\u00e9cadas transformando vidas en Valle de Chalco - Historias que inspiran...<\/title>\n<meta name=\"robots\" content=\"index, follow, max-snippet:-1, max-image-preview:large, max-video-preview:-1\" \/>\n<link rel=\"canonical\" href=\"https:\/\/somos-hermanos.mx\/index.php\/2025\/08\/04\/tres-decadas-transformando-vidas-en-valle-de-chalco\/\" \/>\n<meta property=\"og:locale\" content=\"es_MX\" \/>\n<meta property=\"og:type\" content=\"article\" \/>\n<meta property=\"og:title\" content=\"Tres d\u00e9cadas transformando vidas en Valle de Chalco - Historias que inspiran...\" \/>\n<meta property=\"og:description\" content=\"En un territorio donde la pobreza ha sido una constante, tambi\u00e9n florece la esperanza. Desde hace m\u00e1s de tres d\u00e9cadas, el Centro de Desarrollo Comunitario Juan Diego IAP se ha convertido en un faro de luz para miles de familias que buscan salir adelante. Fundado el 7 de octubre de 1991, este centro naci\u00f3 con [&hellip;]\" \/>\n<meta property=\"og:url\" content=\"https:\/\/somos-hermanos.mx\/index.php\/2025\/08\/04\/tres-decadas-transformando-vidas-en-valle-de-chalco\/\" \/>\n<meta property=\"og:site_name\" content=\"Historias que inspiran...\" \/>\n<meta property=\"article:publisher\" content=\"https:\/\/www.facebook.com\/SomosHermanosIAP\/\" \/>\n<meta property=\"article:published_time\" content=\"2025-08-04T08:21:10+00:00\" \/>\n<meta property=\"og:image\" content=\"https:\/\/somos-hermanos.mx\/wp-content\/uploads\/2025\/08\/juan.jpeg\" \/>\n\t<meta property=\"og:image:width\" content=\"1277\" \/>\n\t<meta property=\"og:image:height\" content=\"1277\" \/>\n\t<meta property=\"og:image:type\" content=\"image\/jpeg\" \/>\n<meta name=\"author\" content=\"Jorge Luevanos Colunga\" \/>\n<meta name=\"twitter:card\" content=\"summary_large_image\" \/>\n<meta name=\"twitter:creator\" content=\"@Somos__Hermanos\" \/>\n<meta name=\"twitter:site\" content=\"@Somos__Hermanos\" \/>\n<meta name=\"twitter:label1\" content=\"Escrito por\" \/>\n\t<meta name=\"twitter:data1\" content=\"Jorge Luevanos Colunga\" \/>\n\t<meta name=\"twitter:label2\" content=\"Tiempo de lectura\" \/>\n\t<meta name=\"twitter:data2\" content=\"3 minutos\" \/>\n<script type=\"application\/ld+json\" class=\"yoast-schema-graph\">{\"@context\":\"https:\\\/\\\/schema.org\",\"@graph\":[{\"@type\":\"Article\",\"@id\":\"https:\\\/\\\/somos-hermanos.mx\\\/index.php\\\/2025\\\/08\\\/04\\\/tres-decadas-transformando-vidas-en-valle-de-chalco\\\/#article\",\"isPartOf\":{\"@id\":\"https:\\\/\\\/somos-hermanos.mx\\\/index.php\\\/2025\\\/08\\\/04\\\/tres-decadas-transformando-vidas-en-valle-de-chalco\\\/\"},\"author\":{\"name\":\"Jorge Luevanos Colunga\",\"@id\":\"https:\\\/\\\/somos-hermanos.mx\\\/#\\\/schema\\\/person\\\/9a6f4846be3f6417120bd52d3c372a2a\"},\"headline\":\"Tres d\u00e9cadas transformando vidas en Valle de Chalco\",\"datePublished\":\"2025-08-04T08:21:10+00:00\",\"mainEntityOfPage\":{\"@id\":\"https:\\\/\\\/somos-hermanos.mx\\\/index.php\\\/2025\\\/08\\\/04\\\/tres-decadas-transformando-vidas-en-valle-de-chalco\\\/\"},\"wordCount\":537,\"commentCount\":0,\"publisher\":{\"@id\":\"https:\\\/\\\/somos-hermanos.mx\\\/#organization\"},\"image\":{\"@id\":\"https:\\\/\\\/somos-hermanos.mx\\\/index.php\\\/2025\\\/08\\\/04\\\/tres-decadas-transformando-vidas-en-valle-de-chalco\\\/#primaryimage\"},\"thumbnailUrl\":\"https:\\\/\\\/somos-hermanos.mx\\\/wp-content\\\/uploads\\\/2025\\\/08\\\/juan.jpeg\",\"articleSection\":[\"Noticias\"],\"inLanguage\":\"es\",\"potentialAction\":[{\"@type\":\"CommentAction\",\"name\":\"Comment\",\"target\":[\"https:\\\/\\\/somos-hermanos.mx\\\/index.php\\\/2025\\\/08\\\/04\\\/tres-decadas-transformando-vidas-en-valle-de-chalco\\\/#respond\"]}]},{\"@type\":\"WebPage\",\"@id\":\"https:\\\/\\\/somos-hermanos.mx\\\/index.php\\\/2025\\\/08\\\/04\\\/tres-decadas-transformando-vidas-en-valle-de-chalco\\\/\",\"url\":\"https:\\\/\\\/somos-hermanos.mx\\\/index.php\\\/2025\\\/08\\\/04\\\/tres-decadas-transformando-vidas-en-valle-de-chalco\\\/\",\"name\":\"Tres d\u00e9cadas transformando vidas en Valle de Chalco - Historias que inspiran...\",\"isPartOf\":{\"@id\":\"https:\\\/\\\/somos-hermanos.mx\\\/#website\"},\"primaryImageOfPage\":{\"@id\":\"https:\\\/\\\/somos-hermanos.mx\\\/index.php\\\/2025\\\/08\\\/04\\\/tres-decadas-transformando-vidas-en-valle-de-chalco\\\/#primaryimage\"},\"image\":{\"@id\":\"https:\\\/\\\/somos-hermanos.mx\\\/index.php\\\/2025\\\/08\\\/04\\\/tres-decadas-transformando-vidas-en-valle-de-chalco\\\/#primaryimage\"},\"thumbnailUrl\":\"https:\\\/\\\/somos-hermanos.mx\\\/wp-content\\\/uploads\\\/2025\\\/08\\\/juan.jpeg\",\"datePublished\":\"2025-08-04T08:21:10+00:00\",\"breadcrumb\":{\"@id\":\"https:\\\/\\\/somos-hermanos.mx\\\/index.php\\\/2025\\\/08\\\/04\\\/tres-decadas-transformando-vidas-en-valle-de-chalco\\\/#breadcrumb\"},\"inLanguage\":\"es\",\"potentialAction\":[{\"@type\":\"ReadAction\",\"target\":[\"https:\\\/\\\/somos-hermanos.mx\\\/index.php\\\/2025\\\/08\\\/04\\\/tres-decadas-transformando-vidas-en-valle-de-chalco\\\/\"]}]},{\"@type\":\"ImageObject\",\"inLanguage\":\"es\",\"@id\":\"https:\\\/\\\/somos-hermanos.mx\\\/index.php\\\/2025\\\/08\\\/04\\\/tres-decadas-transformando-vidas-en-valle-de-chalco\\\/#primaryimage\",\"url\":\"https:\\\/\\\/somos-hermanos.mx\\\/wp-content\\\/uploads\\\/2025\\\/08\\\/juan.jpeg\",\"contentUrl\":\"https:\\\/\\\/somos-hermanos.mx\\\/wp-content\\\/uploads\\\/2025\\\/08\\\/juan.jpeg\",\"width\":1277,\"height\":1277},{\"@type\":\"BreadcrumbList\",\"@id\":\"https:\\\/\\\/somos-hermanos.mx\\\/index.php\\\/2025\\\/08\\\/04\\\/tres-decadas-transformando-vidas-en-valle-de-chalco\\\/#breadcrumb\",\"itemListElement\":[{\"@type\":\"ListItem\",\"position\":1,\"name\":\"Inicio\",\"item\":\"https:\\\/\\\/somos-hermanos.mx\\\/\"},{\"@type\":\"ListItem\",\"position\":2,\"name\":\"Tres d\u00e9cadas transformando vidas en Valle de Chalco\"}]},{\"@type\":\"WebSite\",\"@id\":\"https:\\\/\\\/somos-hermanos.mx\\\/#website\",\"url\":\"https:\\\/\\\/somos-hermanos.mx\\\/\",\"name\":\"Historias que inspiran...\",\"description\":\"Somos la voz del altruismo en M\u00e9xico\",\"publisher\":{\"@id\":\"https:\\\/\\\/somos-hermanos.mx\\\/#organization\"},\"potentialAction\":[{\"@type\":\"SearchAction\",\"target\":{\"@type\":\"EntryPoint\",\"urlTemplate\":\"https:\\\/\\\/somos-hermanos.mx\\\/?s={search_term_string}\"},\"query-input\":{\"@type\":\"PropertyValueSpecification\",\"valueRequired\":true,\"valueName\":\"search_term_string\"}}],\"inLanguage\":\"es\"},{\"@type\":\"Organization\",\"@id\":\"https:\\\/\\\/somos-hermanos.mx\\\/#organization\",\"name\":\"Somos Hermanos\",\"url\":\"https:\\\/\\\/somos-hermanos.mx\\\/\",\"logo\":{\"@type\":\"ImageObject\",\"inLanguage\":\"es\",\"@id\":\"https:\\\/\\\/somos-hermanos.mx\\\/#\\\/schema\\\/logo\\\/image\\\/\",\"url\":\"https:\\\/\\\/somos-hermanos.mx\\\/wp-content\\\/uploads\\\/2025\\\/08\\\/SH30-1.jpeg\",\"contentUrl\":\"https:\\\/\\\/somos-hermanos.mx\\\/wp-content\\\/uploads\\\/2025\\\/08\\\/SH30-1.jpeg\",\"width\":1600,\"height\":1142,\"caption\":\"Somos Hermanos\"},\"image\":{\"@id\":\"https:\\\/\\\/somos-hermanos.mx\\\/#\\\/schema\\\/logo\\\/image\\\/\"},\"sameAs\":[\"https:\\\/\\\/www.facebook.com\\\/SomosHermanosIAP\\\/\",\"https:\\\/\\\/x.com\\\/Somos__Hermanos\",\"https:\\\/\\\/www.instagram.com\\\/somos__hermanos\\\/#\",\"https:\\\/\\\/www.tiktok.com\\\/@somoshermanosiap\",\"https:\\\/\\\/www.youtube.com\\\/@somoshermanosiap1201\\\/videos\"]},{\"@type\":\"Person\",\"@id\":\"https:\\\/\\\/somos-hermanos.mx\\\/#\\\/schema\\\/person\\\/9a6f4846be3f6417120bd52d3c372a2a\",\"name\":\"Jorge Luevanos Colunga\",\"image\":{\"@type\":\"ImageObject\",\"inLanguage\":\"es\",\"@id\":\"https:\\\/\\\/secure.gravatar.com\\\/avatar\\\/fe89ce57773d4ca96fa3ec60521226cfd01e86886055be4fe89607061d716c35?s=96&d=mm&r=g\",\"url\":\"https:\\\/\\\/secure.gravatar.com\\\/avatar\\\/fe89ce57773d4ca96fa3ec60521226cfd01e86886055be4fe89607061d716c35?s=96&d=mm&r=g\",\"contentUrl\":\"https:\\\/\\\/secure.gravatar.com\\\/avatar\\\/fe89ce57773d4ca96fa3ec60521226cfd01e86886055be4fe89607061d716c35?s=96&d=mm&r=g\",\"caption\":\"Jorge Luevanos Colunga\"},\"url\":\"https:\\\/\\\/somos-hermanos.mx\\\/index.php\\\/author\\\/jorge-luevanos-colunga\\\/\"}]}<\/script>\n<!-- \/ Yoast SEO plugin. -->","yoast_head_json":{"title":"Tres d\u00e9cadas transformando vidas en Valle de Chalco - Historias que inspiran...","robots":{"index":"index","follow":"follow","max-snippet":"max-snippet:-1","max-image-preview":"max-image-preview:large","max-video-preview":"max-video-preview:-1"},"canonical":"https:\/\/somos-hermanos.mx\/index.php\/2025\/08\/04\/tres-decadas-transformando-vidas-en-valle-de-chalco\/","og_locale":"es_MX","og_type":"article","og_title":"Tres d\u00e9cadas transformando vidas en Valle de Chalco - Historias que inspiran...","og_description":"En un territorio donde la pobreza ha sido una constante, tambi\u00e9n florece la esperanza. Desde hace m\u00e1s de tres d\u00e9cadas, el Centro de Desarrollo Comunitario Juan Diego IAP se ha convertido en un faro de luz para miles de familias que buscan salir adelante. Fundado el 7 de octubre de 1991, este centro naci\u00f3 con [&hellip;]","og_url":"https:\/\/somos-hermanos.mx\/index.php\/2025\/08\/04\/tres-decadas-transformando-vidas-en-valle-de-chalco\/","og_site_name":"Historias que inspiran...","article_publisher":"https:\/\/www.facebook.com\/SomosHermanosIAP\/","article_published_time":"2025-08-04T08:21:10+00:00","og_image":[{"width":1277,"height":1277,"url":"https:\/\/somos-hermanos.mx\/wp-content\/uploads\/2025\/08\/juan.jpeg","type":"image\/jpeg"}],"author":"Jorge Luevanos Colunga","twitter_card":"summary_large_image","twitter_creator":"@Somos__Hermanos","twitter_site":"@Somos__Hermanos","twitter_misc":{"Escrito por":"Jorge Luevanos Colunga","Tiempo de lectura":"3 minutos"},"schema":{"@context":"https:\/\/schema.org","@graph":[{"@type":"Article","@id":"https:\/\/somos-hermanos.mx\/index.php\/2025\/08\/04\/tres-decadas-transformando-vidas-en-valle-de-chalco\/#article","isPartOf":{"@id":"https:\/\/somos-hermanos.mx\/index.php\/2025\/08\/04\/tres-decadas-transformando-vidas-en-valle-de-chalco\/"},"author":{"name":"Jorge Luevanos Colunga","@id":"https:\/\/somos-hermanos.mx\/#\/schema\/person\/9a6f4846be3f6417120bd52d3c372a2a"},"headline":"Tres d\u00e9cadas transformando vidas en Valle de Chalco","datePublished":"2025-08-04T08:21:10+00:00","mainEntityOfPage":{"@id":"https:\/\/somos-hermanos.mx\/index.php\/2025\/08\/04\/tres-decadas-transformando-vidas-en-valle-de-chalco\/"},"wordCount":537,"commentCount":0,"publisher":{"@id":"https:\/\/somos-hermanos.mx\/#organization"},"image":{"@id":"https:\/\/somos-hermanos.mx\/index.php\/2025\/08\/04\/tres-decadas-transformando-vidas-en-valle-de-chalco\/#primaryimage"},"thumbnailUrl":"https:\/\/somos-hermanos.mx\/wp-content\/uploads\/2025\/08\/juan.jpeg","articleSection":["Noticias"],"inLanguage":"es","potentialAction":[{"@type":"CommentAction","name":"Comment","target":["https:\/\/somos-hermanos.mx\/index.php\/2025\/08\/04\/tres-decadas-transformando-vidas-en-valle-de-chalco\/#respond"]}]},{"@type":"WebPage","@id":"https:\/\/somos-hermanos.mx\/index.php\/2025\/08\/04\/tres-decadas-transformando-vidas-en-valle-de-chalco\/","url":"https:\/\/somos-hermanos.mx\/index.php\/2025\/08\/04\/tres-decadas-transformando-vidas-en-valle-de-chalco\/","name":"Tres d\u00e9cadas transformando vidas en Valle de Chalco - Historias que inspiran...","isPartOf":{"@id":"https:\/\/somos-hermanos.mx\/#website"},"primaryImageOfPage":{"@id":"https:\/\/somos-hermanos.mx\/index.php\/2025\/08\/04\/tres-decadas-transformando-vidas-en-valle-de-chalco\/#primaryimage"},"image":{"@id":"https:\/\/somos-hermanos.mx\/index.php\/2025\/08\/04\/tres-decadas-transformando-vidas-en-valle-de-chalco\/#primaryimage"},"thumbnailUrl":"https:\/\/somos-hermanos.mx\/wp-content\/uploads\/2025\/08\/juan.jpeg","datePublished":"2025-08-04T08:21:10+00:00","breadcrumb":{"@id":"https:\/\/somos-hermanos.mx\/index.php\/2025\/08\/04\/tres-decadas-transformando-vidas-en-valle-de-chalco\/#breadcrumb"},"inLanguage":"es","potentialAction":[{"@type":"ReadAction","target":["https:\/\/somos-hermanos.mx\/index.php\/2025\/08\/04\/tres-decadas-transformando-vidas-en-valle-de-chalco\/"]}]},{"@type":"ImageObject","inLanguage":"es","@id":"https:\/\/somos-hermanos.mx\/index.php\/2025\/08\/04\/tres-decadas-transformando-vidas-en-valle-de-chalco\/#primaryimage","url":"https:\/\/somos-hermanos.mx\/wp-content\/uploads\/2025\/08\/juan.jpeg","contentUrl":"https:\/\/somos-hermanos.mx\/wp-content\/uploads\/2025\/08\/juan.jpeg","width":1277,"height":1277},{"@type":"BreadcrumbList","@id":"https:\/\/somos-hermanos.mx\/index.php\/2025\/08\/04\/tres-decadas-transformando-vidas-en-valle-de-chalco\/#breadcrumb","itemListElement":[{"@type":"ListItem","position":1,"name":"Inicio","item":"https:\/\/somos-hermanos.mx\/"},{"@type":"ListItem","position":2,"name":"Tres d\u00e9cadas transformando vidas en Valle de Chalco"}]},{"@type":"WebSite","@id":"https:\/\/somos-hermanos.mx\/#website","url":"https:\/\/somos-hermanos.mx\/","name":"Historias que inspiran...","description":"Somos la voz del altruismo en M\u00e9xico","publisher":{"@id":"https:\/\/somos-hermanos.mx\/#organization"},"potentialAction":[{"@type":"SearchAction","target":{"@type":"EntryPoint","urlTemplate":"https:\/\/somos-hermanos.mx\/?s={search_term_string}"},"query-input":{"@type":"PropertyValueSpecification","valueRequired":true,"valueName":"search_term_string"}}],"inLanguage":"es"},{"@type":"Organization","@id":"https:\/\/somos-hermanos.mx\/#organization","name":"Somos Hermanos","url":"https:\/\/somos-hermanos.mx\/","logo":{"@type":"ImageObject","inLanguage":"es","@id":"https:\/\/somos-hermanos.mx\/#\/schema\/logo\/image\/","url":"https:\/\/somos-hermanos.mx\/wp-content\/uploads\/2025\/08\/SH30-1.jpeg","contentUrl":"https:\/\/somos-hermanos.mx\/wp-content\/uploads\/2025\/08\/SH30-1.jpeg","width":1600,"height":1142,"caption":"Somos Hermanos"},"image":{"@id":"https:\/\/somos-hermanos.mx\/#\/schema\/logo\/image\/"},"sameAs":["https:\/\/www.facebook.com\/SomosHermanosIAP\/","https:\/\/x.com\/Somos__Hermanos","https:\/\/www.instagram.com\/somos__hermanos\/#","https:\/\/www.tiktok.com\/@somoshermanosiap","https:\/\/www.youtube.com\/@somoshermanosiap1201\/videos"]},{"@type":"Person","@id":"https:\/\/somos-hermanos.mx\/#\/schema\/person\/9a6f4846be3f6417120bd52d3c372a2a","name":"Jorge Luevanos Colunga","image":{"@type":"ImageObject","inLanguage":"es","@id":"https:\/\/secure.gravatar.com\/avatar\/fe89ce57773d4ca96fa3ec60521226cfd01e86886055be4fe89607061d716c35?s=96&d=mm&r=g","url":"https:\/\/secure.gravatar.com\/avatar\/fe89ce57773d4ca96fa3ec60521226cfd01e86886055be4fe89607061d716c35?s=96&d=mm&r=g","contentUrl":"https:\/\/secure.gravatar.com\/avatar\/fe89ce57773d4ca96fa3ec60521226cfd01e86886055be4fe89607061d716c35?s=96&d=mm&r=g","caption":"Jorge Luevanos Colunga"},"url":"https:\/\/somos-hermanos.mx\/index.php\/author\/jorge-luevanos-colunga\/"}]}},"_links":{"self":[{"href":"https:\/\/somos-hermanos.mx\/index.php\/wp-json\/wp\/v2\/posts\/742","targetHints":{"allow":["GET"]}}],"collection":[{"href":"https:\/\/somos-hermanos.mx\/index.php\/wp-json\/wp\/v2\/posts"}],"about":[{"href":"https:\/\/somos-hermanos.mx\/index.php\/wp-json\/wp\/v2\/types\/post"}],"author":[{"embeddable":true,"href":"https:\/\/somos-hermanos.mx\/index.php\/wp-json\/wp\/v2\/users\/23"}],"replies":[{"embeddable":true,"href":"https:\/\/somos-hermanos.mx\/index.php\/wp-json\/wp\/v2\/comments?post=742"}],"version-history":[{"count":1,"href":"https:\/\/somos-hermanos.mx\/index.php\/wp-json\/wp\/v2\/posts\/742\/revisions"}],"predecessor-version":[{"id":744,"href":"https:\/\/somos-hermanos.mx\/index.php\/wp-json\/wp\/v2\/posts\/742\/revisions\/744"}],"wp:featuredmedia":[{"embeddable":true,"href":"https:\/\/somos-hermanos.mx\/index.php\/wp-json\/wp\/v2\/media\/743"}],"wp:attachment":[{"href":"https:\/\/somos-hermanos.mx\/index.php\/wp-json\/wp\/v2\/media?parent=742"}],"wp:term":[{"taxonomy":"category","embeddable":true,"href":"https:\/\/somos-hermanos.mx\/index.php\/wp-json\/wp\/v2\/categories?post=742"},{"taxonomy":"post_tag","embeddable":true,"href":"https:\/\/somos-hermanos.mx\/index.php\/wp-json\/wp\/v2\/tags?post=742"}],"curies":[{"name":"wp","href":"https:\/\/api.w.org\/{rel}","templated":true}]}}