{"id":739,"date":"2025-08-04T02:20:00","date_gmt":"2025-08-04T08:20:00","guid":{"rendered":"https:\/\/somos-hermanos.mx\/?p=739"},"modified":"2025-08-04T02:20:00","modified_gmt":"2025-08-04T08:20:00","slug":"el-parkinson-y-la-accion-comunitaria-la-respuesta-organizada-de-ampac-en-mexico","status":"publish","type":"post","link":"https:\/\/somos-hermanos.mx\/index.php\/2025\/08\/04\/el-parkinson-y-la-accion-comunitaria-la-respuesta-organizada-de-ampac-en-mexico\/","title":{"rendered":"El Parkinson y la acci\u00f3n comunitaria: La respuesta organizada de AMPAC en M\u00e9xico"},"content":{"rendered":"<p>Desde hace m\u00e1s de dos d\u00e9cadas, la <strong>Asociaci\u00f3n Mexicana de Parkinson A.C. (AMPAC) <\/strong>ha representado un espacio de acompa\u00f1amiento, cuidado y compromiso humano para quienes enfrentan la enfermedad de Parkinson en M\u00e9xico. Con 25 a\u00f1os de trayectoria y 14 a\u00f1os de trabajo ininterrumpido en su sede actual,<strong>\u00a0AMPAC no solo ha sido un refugio, sino tambi\u00e9n un motor que impulsa la autonom\u00eda y el bienestar de sus miembros.<\/strong><\/p>\n<p>Su misi\u00f3n es brindar herramientas a los asociados que les ayuden a mejorar su calidad de vida e independencia a trav\u00e9s de terapias f\u00edsicas, pl\u00e1ticas, actividades de canto, baile y manualidades que estimulan su movilidad cognitiva y f\u00edsica.<\/p>\n<p>La organizaci\u00f3n opera con un prop\u00f3sito claro: <strong>mejorar la calidad de vida de las personas con Parkinson y sus familias mediante la educaci\u00f3n, el respaldo emocional y el acceso a tratamientos innovadores.<\/strong>\u00a0Asimismo, busca fomentar la investigaci\u00f3n y aumentar la conciencia p\u00fablica sobre esta condici\u00f3n neurol\u00f3gica, promoviendo una sociedad emp\u00e1tica e incluyente.<\/p>\n<p>AMPAC ofrece una gama integral de servicios que responden a las m\u00faltiples dimensiones del Parkinson:<\/p>\n<ul>\n<li><strong>Apoyo farmacol\u00f3gico:<\/strong>Los medicamentos donados est\u00e1n disponibles sin costo para los asociados, lo cual representa un alivio econ\u00f3mico considerable y un acto de solidaridad vital.<\/li>\n<li><strong>Terapia f\u00edsica y ejercicio:<\/strong>Profesionales de la salud y voluntarios imparten terapias adaptadas a las necesidades de quienes viven con Parkinson. Estas actividades no solo ralentizan el avance de la enfermedad, sino que tambi\u00e9n fortalecen la autoestima y movilidad de los pacientes.<\/li>\n<li><strong>Espacios de convivencia y esparcimiento:<\/strong>Combatir el aislamiento social es otro de los retos que AMPAC enfrenta. Con actividades como canto, baile, comidas compartidas y celebraciones, se construye una comunidad alegre y solidaria donde reina el compa\u00f1erismo.<\/li>\n<\/ul>\n<p>Actualmente, AMPAC est\u00e1 conformada por <strong>42 miembros activos, respaldados por un creciente equipo de voluntarios y especialistas: 12 voluntarios, 5 terapeutas y maestros, y 8 donadores mensuales que con generosidad permiten que la asociaci\u00f3n contin\u00fae operando.<\/strong>\u00a0La organizaci\u00f3n tambi\u00e9n celebra a los 4 donadores comprometidos que mes con mes suman esfuerzos a su causa.<\/p>\n<p>El trabajo de AMPAC se sostiene sobre cuatro ejes esenciales:<\/p>\n<p><strong>Educaci\u00f3n: <\/strong>Mediante la colaboraci\u00f3n de expertos, se provee informaci\u00f3n veraz y actualizada tanto a pacientes como a familiares.<\/p>\n<p><strong>Ayuda solidaria:<\/strong>\u00a0La entrega voluntaria se traduce en acciones concretas como la preparaci\u00f3n de alimentos, la log\u00edstica de eventos, la gesti\u00f3n de recursos y el apoyo cotidiano.<\/p>\n<p><strong>Ejercicio terap\u00e9utico:<\/strong>\u00a0La asociaci\u00f3n apuesta por el movimiento como herramienta de sanaci\u00f3n, contando con instructores emp\u00e1ticos y capacitados.<\/p>\n<p><strong>Donativos: <\/strong>Tras la pandemia, los recursos escasean. Cada aportaci\u00f3n, por peque\u00f1a que parezca, representa un impulso enorme. Con solo $50 pesos al mes, puedes cambiar vidas.<\/p>\n<p>Aunque los logros de AMPAC son notables, la organizaci\u00f3n enfrenta actualmente una barrera importante: la falta de recursos humanos y econ\u00f3micos para ampliar sus servicios. <strong>El entusiasmo y entrega del equipo son innegables, pero el crecimiento solo ser\u00e1 posible con el respaldo de m\u00e1s personas dispuestas a sumar.<\/strong><\/p>\n<p>AMPAC no es solo una instituci\u00f3n, es un hogar para quienes, ante el diagn\u00f3stico de Parkinson, buscan esperanza y dignidad. Hoy m\u00e1s que nunca, el llamado es claro: tu ayuda puede marcar la diferencia.<\/p>\n<p><strong>\u00a1S\u00famate a esta causa que transforma vidas!<\/strong><\/p>\n<p>Dona, comparte, acompa\u00f1a\u2026 y haz la diferencia.<\/p>\n<p><strong>La Asociaci\u00f3n Mexicana de Parkinson A.C.<\/strong>\u00a0invita a la sociedad a unirse a su labor solidaria. Con cada gesto, se construye un camino de esperanza para quienes viven con Parkinson.<\/p>\n<p>En su sitio web oficial se puede encontrar toda la informaci\u00f3n necesaria para colaborar: c\u00f3mo hacer donativos, convertirse en voluntario, participar en eventos y mucho m\u00e1s.<a href=\"https:\/\/parkinson.com.mx\/contacts\/\">\u00a0<\/a><a href=\"https:\/\/parkinson.com.mx\/contacts\/\"><u>https:\/\/parkinson.com.mx\/contacts\/<\/u><\/a><\/p>\n","protected":false},"excerpt":{"rendered":"<p>Desde hace m\u00e1s de dos d\u00e9cadas, la Asociaci\u00f3n Mexicana de Parkinson A.C. (AMPAC) ha representado un espacio de acompa\u00f1amiento, cuidado y compromiso humano para quienes enfrentan la enfermedad de Parkinson en M\u00e9xico. Con 25 a\u00f1os de trayectoria y 14 a\u00f1os de trabajo ininterrumpido en su sede actual,\u00a0AMPAC no solo ha sido un refugio, sino tambi\u00e9n [&hellip;]<\/p>\n","protected":false},"author":6,"featured_media":740,"comment_status":"open","ping_status":"closed","sticky":false,"template":"","format":"standard","meta":{"footnotes":""},"categories":[6],"tags":[],"class_list":["post-739","post","type-post","status-publish","format-standard","has-post-thumbnail","hentry","category-noticias"],"yoast_head":"<!-- This site is optimized with the Yoast SEO plugin v27.4 - https:\/\/yoast.com\/product\/yoast-seo-wordpress\/ -->\n<title>El Parkinson y la acci\u00f3n comunitaria: La respuesta organizada de AMPAC en M\u00e9xico - Historias que inspiran...<\/title>\n<meta name=\"robots\" content=\"index, follow, max-snippet:-1, max-image-preview:large, max-video-preview:-1\" \/>\n<link rel=\"canonical\" href=\"https:\/\/somos-hermanos.mx\/index.php\/2025\/08\/04\/el-parkinson-y-la-accion-comunitaria-la-respuesta-organizada-de-ampac-en-mexico\/\" \/>\n<meta property=\"og:locale\" content=\"es_MX\" \/>\n<meta property=\"og:type\" content=\"article\" \/>\n<meta property=\"og:title\" content=\"El Parkinson y la acci\u00f3n comunitaria: La respuesta organizada de AMPAC en M\u00e9xico - Historias que inspiran...\" \/>\n<meta property=\"og:description\" content=\"Desde hace m\u00e1s de dos d\u00e9cadas, la Asociaci\u00f3n Mexicana de Parkinson A.C. (AMPAC) ha representado un espacio de acompa\u00f1amiento, cuidado y compromiso humano para quienes enfrentan la enfermedad de Parkinson en M\u00e9xico. Con 25 a\u00f1os de trayectoria y 14 a\u00f1os de trabajo ininterrumpido en su sede actual,\u00a0AMPAC no solo ha sido un refugio, sino tambi\u00e9n [&hellip;]\" \/>\n<meta property=\"og:url\" content=\"https:\/\/somos-hermanos.mx\/index.php\/2025\/08\/04\/el-parkinson-y-la-accion-comunitaria-la-respuesta-organizada-de-ampac-en-mexico\/\" \/>\n<meta property=\"og:site_name\" content=\"Historias que inspiran...\" \/>\n<meta property=\"article:publisher\" content=\"https:\/\/www.facebook.com\/SomosHermanosIAP\/\" \/>\n<meta property=\"article:published_time\" content=\"2025-08-04T08:20:00+00:00\" \/>\n<meta property=\"og:image\" content=\"https:\/\/somos-hermanos.mx\/wp-content\/uploads\/2025\/08\/park2.jpeg\" \/>\n\t<meta property=\"og:image:width\" content=\"1600\" \/>\n\t<meta property=\"og:image:height\" content=\"837\" \/>\n\t<meta property=\"og:image:type\" content=\"image\/jpeg\" \/>\n<meta name=\"author\" content=\"Jessica Iniestra Montoya\" \/>\n<meta name=\"twitter:card\" content=\"summary_large_image\" \/>\n<meta name=\"twitter:creator\" content=\"@Somos__Hermanos\" \/>\n<meta name=\"twitter:site\" content=\"@Somos__Hermanos\" \/>\n<meta name=\"twitter:label1\" content=\"Escrito por\" \/>\n\t<meta name=\"twitter:data1\" content=\"Jessica Iniestra Montoya\" \/>\n\t<meta name=\"twitter:label2\" content=\"Tiempo de lectura\" \/>\n\t<meta name=\"twitter:data2\" content=\"3 minutos\" \/>\n<script type=\"application\/ld+json\" class=\"yoast-schema-graph\">{\"@context\":\"https:\\\/\\\/schema.org\",\"@graph\":[{\"@type\":\"Article\",\"@id\":\"https:\\\/\\\/somos-hermanos.mx\\\/index.php\\\/2025\\\/08\\\/04\\\/el-parkinson-y-la-accion-comunitaria-la-respuesta-organizada-de-ampac-en-mexico\\\/#article\",\"isPartOf\":{\"@id\":\"https:\\\/\\\/somos-hermanos.mx\\\/index.php\\\/2025\\\/08\\\/04\\\/el-parkinson-y-la-accion-comunitaria-la-respuesta-organizada-de-ampac-en-mexico\\\/\"},\"author\":{\"name\":\"Jessica Iniestra Montoya\",\"@id\":\"https:\\\/\\\/somos-hermanos.mx\\\/#\\\/schema\\\/person\\\/556c08a8ffe5461f078f6d4ee7c7edc6\"},\"headline\":\"El Parkinson y la acci\u00f3n comunitaria: La respuesta organizada de AMPAC en M\u00e9xico\",\"datePublished\":\"2025-08-04T08:20:00+00:00\",\"mainEntityOfPage\":{\"@id\":\"https:\\\/\\\/somos-hermanos.mx\\\/index.php\\\/2025\\\/08\\\/04\\\/el-parkinson-y-la-accion-comunitaria-la-respuesta-organizada-de-ampac-en-mexico\\\/\"},\"wordCount\":653,\"commentCount\":0,\"publisher\":{\"@id\":\"https:\\\/\\\/somos-hermanos.mx\\\/#organization\"},\"image\":{\"@id\":\"https:\\\/\\\/somos-hermanos.mx\\\/index.php\\\/2025\\\/08\\\/04\\\/el-parkinson-y-la-accion-comunitaria-la-respuesta-organizada-de-ampac-en-mexico\\\/#primaryimage\"},\"thumbnailUrl\":\"https:\\\/\\\/somos-hermanos.mx\\\/wp-content\\\/uploads\\\/2025\\\/08\\\/park2.jpeg\",\"articleSection\":[\"Noticias\"],\"inLanguage\":\"es\",\"potentialAction\":[{\"@type\":\"CommentAction\",\"name\":\"Comment\",\"target\":[\"https:\\\/\\\/somos-hermanos.mx\\\/index.php\\\/2025\\\/08\\\/04\\\/el-parkinson-y-la-accion-comunitaria-la-respuesta-organizada-de-ampac-en-mexico\\\/#respond\"]}]},{\"@type\":\"WebPage\",\"@id\":\"https:\\\/\\\/somos-hermanos.mx\\\/index.php\\\/2025\\\/08\\\/04\\\/el-parkinson-y-la-accion-comunitaria-la-respuesta-organizada-de-ampac-en-mexico\\\/\",\"url\":\"https:\\\/\\\/somos-hermanos.mx\\\/index.php\\\/2025\\\/08\\\/04\\\/el-parkinson-y-la-accion-comunitaria-la-respuesta-organizada-de-ampac-en-mexico\\\/\",\"name\":\"El Parkinson y la acci\u00f3n comunitaria: La respuesta organizada de AMPAC en M\u00e9xico - Historias que inspiran...\",\"isPartOf\":{\"@id\":\"https:\\\/\\\/somos-hermanos.mx\\\/#website\"},\"primaryImageOfPage\":{\"@id\":\"https:\\\/\\\/somos-hermanos.mx\\\/index.php\\\/2025\\\/08\\\/04\\\/el-parkinson-y-la-accion-comunitaria-la-respuesta-organizada-de-ampac-en-mexico\\\/#primaryimage\"},\"image\":{\"@id\":\"https:\\\/\\\/somos-hermanos.mx\\\/index.php\\\/2025\\\/08\\\/04\\\/el-parkinson-y-la-accion-comunitaria-la-respuesta-organizada-de-ampac-en-mexico\\\/#primaryimage\"},\"thumbnailUrl\":\"https:\\\/\\\/somos-hermanos.mx\\\/wp-content\\\/uploads\\\/2025\\\/08\\\/park2.jpeg\",\"datePublished\":\"2025-08-04T08:20:00+00:00\",\"breadcrumb\":{\"@id\":\"https:\\\/\\\/somos-hermanos.mx\\\/index.php\\\/2025\\\/08\\\/04\\\/el-parkinson-y-la-accion-comunitaria-la-respuesta-organizada-de-ampac-en-mexico\\\/#breadcrumb\"},\"inLanguage\":\"es\",\"potentialAction\":[{\"@type\":\"ReadAction\",\"target\":[\"https:\\\/\\\/somos-hermanos.mx\\\/index.php\\\/2025\\\/08\\\/04\\\/el-parkinson-y-la-accion-comunitaria-la-respuesta-organizada-de-ampac-en-mexico\\\/\"]}]},{\"@type\":\"ImageObject\",\"inLanguage\":\"es\",\"@id\":\"https:\\\/\\\/somos-hermanos.mx\\\/index.php\\\/2025\\\/08\\\/04\\\/el-parkinson-y-la-accion-comunitaria-la-respuesta-organizada-de-ampac-en-mexico\\\/#primaryimage\",\"url\":\"https:\\\/\\\/somos-hermanos.mx\\\/wp-content\\\/uploads\\\/2025\\\/08\\\/park2.jpeg\",\"contentUrl\":\"https:\\\/\\\/somos-hermanos.mx\\\/wp-content\\\/uploads\\\/2025\\\/08\\\/park2.jpeg\",\"width\":1600,\"height\":837},{\"@type\":\"BreadcrumbList\",\"@id\":\"https:\\\/\\\/somos-hermanos.mx\\\/index.php\\\/2025\\\/08\\\/04\\\/el-parkinson-y-la-accion-comunitaria-la-respuesta-organizada-de-ampac-en-mexico\\\/#breadcrumb\",\"itemListElement\":[{\"@type\":\"ListItem\",\"position\":1,\"name\":\"Inicio\",\"item\":\"https:\\\/\\\/somos-hermanos.mx\\\/\"},{\"@type\":\"ListItem\",\"position\":2,\"name\":\"El Parkinson y la acci\u00f3n comunitaria: La respuesta organizada de AMPAC en M\u00e9xico\"}]},{\"@type\":\"WebSite\",\"@id\":\"https:\\\/\\\/somos-hermanos.mx\\\/#website\",\"url\":\"https:\\\/\\\/somos-hermanos.mx\\\/\",\"name\":\"Historias que inspiran...\",\"description\":\"Somos la voz del altruismo en M\u00e9xico\",\"publisher\":{\"@id\":\"https:\\\/\\\/somos-hermanos.mx\\\/#organization\"},\"potentialAction\":[{\"@type\":\"SearchAction\",\"target\":{\"@type\":\"EntryPoint\",\"urlTemplate\":\"https:\\\/\\\/somos-hermanos.mx\\\/?s={search_term_string}\"},\"query-input\":{\"@type\":\"PropertyValueSpecification\",\"valueRequired\":true,\"valueName\":\"search_term_string\"}}],\"inLanguage\":\"es\"},{\"@type\":\"Organization\",\"@id\":\"https:\\\/\\\/somos-hermanos.mx\\\/#organization\",\"name\":\"Somos Hermanos\",\"url\":\"https:\\\/\\\/somos-hermanos.mx\\\/\",\"logo\":{\"@type\":\"ImageObject\",\"inLanguage\":\"es\",\"@id\":\"https:\\\/\\\/somos-hermanos.mx\\\/#\\\/schema\\\/logo\\\/image\\\/\",\"url\":\"https:\\\/\\\/somos-hermanos.mx\\\/wp-content\\\/uploads\\\/2025\\\/08\\\/SH30-1.jpeg\",\"contentUrl\":\"https:\\\/\\\/somos-hermanos.mx\\\/wp-content\\\/uploads\\\/2025\\\/08\\\/SH30-1.jpeg\",\"width\":1600,\"height\":1142,\"caption\":\"Somos Hermanos\"},\"image\":{\"@id\":\"https:\\\/\\\/somos-hermanos.mx\\\/#\\\/schema\\\/logo\\\/image\\\/\"},\"sameAs\":[\"https:\\\/\\\/www.facebook.com\\\/SomosHermanosIAP\\\/\",\"https:\\\/\\\/x.com\\\/Somos__Hermanos\",\"https:\\\/\\\/www.instagram.com\\\/somos__hermanos\\\/#\",\"https:\\\/\\\/www.tiktok.com\\\/@somoshermanosiap\",\"https:\\\/\\\/www.youtube.com\\\/@somoshermanosiap1201\\\/videos\"]},{\"@type\":\"Person\",\"@id\":\"https:\\\/\\\/somos-hermanos.mx\\\/#\\\/schema\\\/person\\\/556c08a8ffe5461f078f6d4ee7c7edc6\",\"name\":\"Jessica Iniestra Montoya\",\"image\":{\"@type\":\"ImageObject\",\"inLanguage\":\"es\",\"@id\":\"https:\\\/\\\/secure.gravatar.com\\\/avatar\\\/106ac0d17a09f7597c4b7d5101b852538c07d5e73e903cb99fc44476e15e52aa?s=96&d=mm&r=g\",\"url\":\"https:\\\/\\\/secure.gravatar.com\\\/avatar\\\/106ac0d17a09f7597c4b7d5101b852538c07d5e73e903cb99fc44476e15e52aa?s=96&d=mm&r=g\",\"contentUrl\":\"https:\\\/\\\/secure.gravatar.com\\\/avatar\\\/106ac0d17a09f7597c4b7d5101b852538c07d5e73e903cb99fc44476e15e52aa?s=96&d=mm&r=g\",\"caption\":\"Jessica Iniestra Montoya\"},\"url\":\"https:\\\/\\\/somos-hermanos.mx\\\/index.php\\\/author\\\/jessica-iniestra-montoya\\\/\"}]}<\/script>\n<!-- \/ Yoast SEO plugin. -->","yoast_head_json":{"title":"El Parkinson y la acci\u00f3n comunitaria: La respuesta organizada de AMPAC en M\u00e9xico - Historias que inspiran...","robots":{"index":"index","follow":"follow","max-snippet":"max-snippet:-1","max-image-preview":"max-image-preview:large","max-video-preview":"max-video-preview:-1"},"canonical":"https:\/\/somos-hermanos.mx\/index.php\/2025\/08\/04\/el-parkinson-y-la-accion-comunitaria-la-respuesta-organizada-de-ampac-en-mexico\/","og_locale":"es_MX","og_type":"article","og_title":"El Parkinson y la acci\u00f3n comunitaria: La respuesta organizada de AMPAC en M\u00e9xico - Historias que inspiran...","og_description":"Desde hace m\u00e1s de dos d\u00e9cadas, la Asociaci\u00f3n Mexicana de Parkinson A.C. (AMPAC) ha representado un espacio de acompa\u00f1amiento, cuidado y compromiso humano para quienes enfrentan la enfermedad de Parkinson en M\u00e9xico. Con 25 a\u00f1os de trayectoria y 14 a\u00f1os de trabajo ininterrumpido en su sede actual,\u00a0AMPAC no solo ha sido un refugio, sino tambi\u00e9n [&hellip;]","og_url":"https:\/\/somos-hermanos.mx\/index.php\/2025\/08\/04\/el-parkinson-y-la-accion-comunitaria-la-respuesta-organizada-de-ampac-en-mexico\/","og_site_name":"Historias que inspiran...","article_publisher":"https:\/\/www.facebook.com\/SomosHermanosIAP\/","article_published_time":"2025-08-04T08:20:00+00:00","og_image":[{"width":1600,"height":837,"url":"https:\/\/somos-hermanos.mx\/wp-content\/uploads\/2025\/08\/park2.jpeg","type":"image\/jpeg"}],"author":"Jessica Iniestra Montoya","twitter_card":"summary_large_image","twitter_creator":"@Somos__Hermanos","twitter_site":"@Somos__Hermanos","twitter_misc":{"Escrito por":"Jessica Iniestra Montoya","Tiempo de lectura":"3 minutos"},"schema":{"@context":"https:\/\/schema.org","@graph":[{"@type":"Article","@id":"https:\/\/somos-hermanos.mx\/index.php\/2025\/08\/04\/el-parkinson-y-la-accion-comunitaria-la-respuesta-organizada-de-ampac-en-mexico\/#article","isPartOf":{"@id":"https:\/\/somos-hermanos.mx\/index.php\/2025\/08\/04\/el-parkinson-y-la-accion-comunitaria-la-respuesta-organizada-de-ampac-en-mexico\/"},"author":{"name":"Jessica Iniestra Montoya","@id":"https:\/\/somos-hermanos.mx\/#\/schema\/person\/556c08a8ffe5461f078f6d4ee7c7edc6"},"headline":"El Parkinson y la acci\u00f3n comunitaria: La respuesta organizada de AMPAC en M\u00e9xico","datePublished":"2025-08-04T08:20:00+00:00","mainEntityOfPage":{"@id":"https:\/\/somos-hermanos.mx\/index.php\/2025\/08\/04\/el-parkinson-y-la-accion-comunitaria-la-respuesta-organizada-de-ampac-en-mexico\/"},"wordCount":653,"commentCount":0,"publisher":{"@id":"https:\/\/somos-hermanos.mx\/#organization"},"image":{"@id":"https:\/\/somos-hermanos.mx\/index.php\/2025\/08\/04\/el-parkinson-y-la-accion-comunitaria-la-respuesta-organizada-de-ampac-en-mexico\/#primaryimage"},"thumbnailUrl":"https:\/\/somos-hermanos.mx\/wp-content\/uploads\/2025\/08\/park2.jpeg","articleSection":["Noticias"],"inLanguage":"es","potentialAction":[{"@type":"CommentAction","name":"Comment","target":["https:\/\/somos-hermanos.mx\/index.php\/2025\/08\/04\/el-parkinson-y-la-accion-comunitaria-la-respuesta-organizada-de-ampac-en-mexico\/#respond"]}]},{"@type":"WebPage","@id":"https:\/\/somos-hermanos.mx\/index.php\/2025\/08\/04\/el-parkinson-y-la-accion-comunitaria-la-respuesta-organizada-de-ampac-en-mexico\/","url":"https:\/\/somos-hermanos.mx\/index.php\/2025\/08\/04\/el-parkinson-y-la-accion-comunitaria-la-respuesta-organizada-de-ampac-en-mexico\/","name":"El Parkinson y la acci\u00f3n comunitaria: La respuesta organizada de AMPAC en M\u00e9xico - Historias que inspiran...","isPartOf":{"@id":"https:\/\/somos-hermanos.mx\/#website"},"primaryImageOfPage":{"@id":"https:\/\/somos-hermanos.mx\/index.php\/2025\/08\/04\/el-parkinson-y-la-accion-comunitaria-la-respuesta-organizada-de-ampac-en-mexico\/#primaryimage"},"image":{"@id":"https:\/\/somos-hermanos.mx\/index.php\/2025\/08\/04\/el-parkinson-y-la-accion-comunitaria-la-respuesta-organizada-de-ampac-en-mexico\/#primaryimage"},"thumbnailUrl":"https:\/\/somos-hermanos.mx\/wp-content\/uploads\/2025\/08\/park2.jpeg","datePublished":"2025-08-04T08:20:00+00:00","breadcrumb":{"@id":"https:\/\/somos-hermanos.mx\/index.php\/2025\/08\/04\/el-parkinson-y-la-accion-comunitaria-la-respuesta-organizada-de-ampac-en-mexico\/#breadcrumb"},"inLanguage":"es","potentialAction":[{"@type":"ReadAction","target":["https:\/\/somos-hermanos.mx\/index.php\/2025\/08\/04\/el-parkinson-y-la-accion-comunitaria-la-respuesta-organizada-de-ampac-en-mexico\/"]}]},{"@type":"ImageObject","inLanguage":"es","@id":"https:\/\/somos-hermanos.mx\/index.php\/2025\/08\/04\/el-parkinson-y-la-accion-comunitaria-la-respuesta-organizada-de-ampac-en-mexico\/#primaryimage","url":"https:\/\/somos-hermanos.mx\/wp-content\/uploads\/2025\/08\/park2.jpeg","contentUrl":"https:\/\/somos-hermanos.mx\/wp-content\/uploads\/2025\/08\/park2.jpeg","width":1600,"height":837},{"@type":"BreadcrumbList","@id":"https:\/\/somos-hermanos.mx\/index.php\/2025\/08\/04\/el-parkinson-y-la-accion-comunitaria-la-respuesta-organizada-de-ampac-en-mexico\/#breadcrumb","itemListElement":[{"@type":"ListItem","position":1,"name":"Inicio","item":"https:\/\/somos-hermanos.mx\/"},{"@type":"ListItem","position":2,"name":"El Parkinson y la acci\u00f3n comunitaria: La respuesta organizada de AMPAC en M\u00e9xico"}]},{"@type":"WebSite","@id":"https:\/\/somos-hermanos.mx\/#website","url":"https:\/\/somos-hermanos.mx\/","name":"Historias que inspiran...","description":"Somos la voz del altruismo en M\u00e9xico","publisher":{"@id":"https:\/\/somos-hermanos.mx\/#organization"},"potentialAction":[{"@type":"SearchAction","target":{"@type":"EntryPoint","urlTemplate":"https:\/\/somos-hermanos.mx\/?s={search_term_string}"},"query-input":{"@type":"PropertyValueSpecification","valueRequired":true,"valueName":"search_term_string"}}],"inLanguage":"es"},{"@type":"Organization","@id":"https:\/\/somos-hermanos.mx\/#organization","name":"Somos Hermanos","url":"https:\/\/somos-hermanos.mx\/","logo":{"@type":"ImageObject","inLanguage":"es","@id":"https:\/\/somos-hermanos.mx\/#\/schema\/logo\/image\/","url":"https:\/\/somos-hermanos.mx\/wp-content\/uploads\/2025\/08\/SH30-1.jpeg","contentUrl":"https:\/\/somos-hermanos.mx\/wp-content\/uploads\/2025\/08\/SH30-1.jpeg","width":1600,"height":1142,"caption":"Somos Hermanos"},"image":{"@id":"https:\/\/somos-hermanos.mx\/#\/schema\/logo\/image\/"},"sameAs":["https:\/\/www.facebook.com\/SomosHermanosIAP\/","https:\/\/x.com\/Somos__Hermanos","https:\/\/www.instagram.com\/somos__hermanos\/#","https:\/\/www.tiktok.com\/@somoshermanosiap","https:\/\/www.youtube.com\/@somoshermanosiap1201\/videos"]},{"@type":"Person","@id":"https:\/\/somos-hermanos.mx\/#\/schema\/person\/556c08a8ffe5461f078f6d4ee7c7edc6","name":"Jessica Iniestra Montoya","image":{"@type":"ImageObject","inLanguage":"es","@id":"https:\/\/secure.gravatar.com\/avatar\/106ac0d17a09f7597c4b7d5101b852538c07d5e73e903cb99fc44476e15e52aa?s=96&d=mm&r=g","url":"https:\/\/secure.gravatar.com\/avatar\/106ac0d17a09f7597c4b7d5101b852538c07d5e73e903cb99fc44476e15e52aa?s=96&d=mm&r=g","contentUrl":"https:\/\/secure.gravatar.com\/avatar\/106ac0d17a09f7597c4b7d5101b852538c07d5e73e903cb99fc44476e15e52aa?s=96&d=mm&r=g","caption":"Jessica Iniestra Montoya"},"url":"https:\/\/somos-hermanos.mx\/index.php\/author\/jessica-iniestra-montoya\/"}]}},"_links":{"self":[{"href":"https:\/\/somos-hermanos.mx\/index.php\/wp-json\/wp\/v2\/posts\/739","targetHints":{"allow":["GET"]}}],"collection":[{"href":"https:\/\/somos-hermanos.mx\/index.php\/wp-json\/wp\/v2\/posts"}],"about":[{"href":"https:\/\/somos-hermanos.mx\/index.php\/wp-json\/wp\/v2\/types\/post"}],"author":[{"embeddable":true,"href":"https:\/\/somos-hermanos.mx\/index.php\/wp-json\/wp\/v2\/users\/6"}],"replies":[{"embeddable":true,"href":"https:\/\/somos-hermanos.mx\/index.php\/wp-json\/wp\/v2\/comments?post=739"}],"version-history":[{"count":1,"href":"https:\/\/somos-hermanos.mx\/index.php\/wp-json\/wp\/v2\/posts\/739\/revisions"}],"predecessor-version":[{"id":741,"href":"https:\/\/somos-hermanos.mx\/index.php\/wp-json\/wp\/v2\/posts\/739\/revisions\/741"}],"wp:featuredmedia":[{"embeddable":true,"href":"https:\/\/somos-hermanos.mx\/index.php\/wp-json\/wp\/v2\/media\/740"}],"wp:attachment":[{"href":"https:\/\/somos-hermanos.mx\/index.php\/wp-json\/wp\/v2\/media?parent=739"}],"wp:term":[{"taxonomy":"category","embeddable":true,"href":"https:\/\/somos-hermanos.mx\/index.php\/wp-json\/wp\/v2\/categories?post=739"},{"taxonomy":"post_tag","embeddable":true,"href":"https:\/\/somos-hermanos.mx\/index.php\/wp-json\/wp\/v2\/tags?post=739"}],"curies":[{"name":"wp","href":"https:\/\/api.w.org\/{rel}","templated":true}]}}