{"id":736,"date":"2025-08-04T02:18:42","date_gmt":"2025-08-04T08:18:42","guid":{"rendered":"https:\/\/somos-hermanos.mx\/?p=736"},"modified":"2025-08-04T02:18:42","modified_gmt":"2025-08-04T08:18:42","slug":"con-dignidad-y-solidaridad-apuestan-por-los-pobres-y-sus-derechos","status":"publish","type":"post","link":"https:\/\/somos-hermanos.mx\/index.php\/2025\/08\/04\/con-dignidad-y-solidaridad-apuestan-por-los-pobres-y-sus-derechos\/","title":{"rendered":"Con Dignidad y Solidaridad apuestan por los pobres y sus derechos"},"content":{"rendered":"<p>Pobreza en M\u00e9xico, si el Producto Interno Bruto (<strong>PIB<\/strong>) per c\u00e1pita en el pa\u00eds<strong>\u00a0creciera un 2% anual entre el periodo de 2024-2030, la pobreza se reducir\u00eda del 21% al 15.4 %,<\/strong>\u00a0de acuerdo con el Banco Mundial (<strong>BM<\/strong>), en un comunicado de prensa.<\/p>\n<p>Los avances en temas de <strong>mejorar el acceso a la seguridad social y a los servicios de salud, <\/strong>son esenciales para reducir significativamente la pobreza extrema por carencias sociales, <strong>fortalecer el acceso a los servicios b\u00e1sicos<\/strong>\u00a0como saneamiento, financieros, transporte y carreteras, as\u00ed como desarrollar mecanismos de protecci\u00f3n social adaptativa que refuercen la <strong>resiliencia en las comunidades m\u00e1s afectadas<\/strong>, de acuerdo con el informe de BM.<\/p>\n<p>No obstante, la asistencia de los gobiernos se vuelve insuficiente para alcanzar a todas las comunidades vulnerables, debido a esto, la presencia de varias Organizaciones de la Sociedad Civil (<strong>OSC<\/strong>) es fundamental dentro de los <strong>temas de asistencia social en M\u00e9xico <\/strong>y en el mundo; fue la <strong>Asociaci\u00f3n Dignidad y Solidaridad AC<\/strong>\u00a0que <strong>identific\u00f3 uno de los problemas sociales<\/strong>\u00a0m\u00e1s grandes,<strong>\u00a0la realidad de la pobreza, <\/strong>desde el a\u00f1o 2000.<\/p>\n<p>Despu\u00e9s de observar una <strong>situaci\u00f3n de injusticia, explotaci\u00f3n, ante la falta de alimentaci\u00f3n, salud y educaci\u00f3n, el desempleo, la migraci\u00f3n, las condiciones inhumanas de vivienda y de trabajo. <\/strong><\/p>\n<p>Resultando m\u00e1s <strong>afectados los pobres en situaciones de desastres naturales, como terremotos, inundaciones, <\/strong>y entre otros m\u00e1s. Frente a las <strong>necesidades de la poblaci\u00f3n<\/strong>\u00a0surge Dignidad y Solidaridad como una respuesta de acci\u00f3n en <strong>beneficio de los m\u00e1s desfavorecidos.<\/strong><\/p>\n<p>Por el a\u00f1o del 2000, la asociaci\u00f3n ayud\u00f3 a los <strong>damnificados por el terremoto en el Salvador en el mes de diciembre,<\/strong>\u00a0pero tambi\u00e9n benefici\u00f3 a la <strong>poblaci\u00f3n del estado de Yucat\u00e1n por el hurac\u00e1n Isidore<\/strong>, orient\u00e1ndose principalmente en la <strong>reconstrucci\u00f3n de casas afectadas. <\/strong>Con la finalidad de <strong>promover la dignidad humana y la construcci\u00f3n de un mundo m\u00e1s justo y solidario. <\/strong><\/p>\n<p>Dignidad y Solidaridad AC, con su trabajo<strong>\u00a0acompa\u00f1a de manera solidaria a personas en situaciones de necesidad,<\/strong>\u00a0por falta de fuentes de ingresos o por desastres naturales, para promover su dignidad, como objetivo principal. La <strong>ayuda humanitaria es parte de su agenda<\/strong>, en sectores y regiones que se encuentren en <strong>situaci\u00f3n de pobreza extrema <\/strong>o <strong>afectadas por cat\u00e1strofes <\/strong>y estados de emergencia de cualquier \u00edndole; esta ayuda se traduce y materializa en<strong>\u00a0alimentaci\u00f3n, vestido, vivienda, medicamentos y atenci\u00f3n m\u00e9dica dentro de la Rep\u00fablica Mexicana. <\/strong><\/p>\n<p>La asociaci\u00f3n tiene la funci\u00f3n de <strong>intervenir y mediar entre las personas necesitadas y las personas con recursos, que con sus donativos pueden beneficiar a los m\u00e1s desfavorecidos <\/strong>de distintas maneras. La <strong>transparencia <\/strong>se ha convertido tambi\u00e9n en uno de los <strong>valores importantes de la Fundaci\u00f3n,<\/strong>\u00a0por el medio del cual muestran su compromiso por <strong>invertir las donaciones a las causas pertinentes para brindar mayor claridad a la comunidad. <\/strong><\/p>\n<p>Desde hace a\u00f1os, Dignidad y Solidaridad AC se ha formado como una asociaci\u00f3n sin fines de lucro <strong>que canaliza apoyos econ\u00f3micos como materiales, con la intenci\u00f3n de ayudar a las personas con necesidades a causa de la pobreza o por desastres naturales <\/strong>en proyectos como <strong>migraci\u00f3n, emergencias naturales y proyectos sociales<\/strong>. Gracias a los donativos de las personas, la asociaci\u00f3n civil puede continuar su labor en f<strong>avor de los m\u00e1s necesitados para propiciar un mundo m\u00e1s equitativo. <\/strong><\/p>\n","protected":false},"excerpt":{"rendered":"<p>Pobreza en M\u00e9xico, si el Producto Interno Bruto (PIB) per c\u00e1pita en el pa\u00eds\u00a0creciera un 2% anual entre el periodo de 2024-2030, la pobreza se reducir\u00eda del 21% al 15.4 %,\u00a0de acuerdo con el Banco Mundial (BM), en un comunicado de prensa. Los avances en temas de mejorar el acceso a la seguridad social y [&hellip;]<\/p>\n","protected":false},"author":14,"featured_media":737,"comment_status":"open","ping_status":"closed","sticky":false,"template":"","format":"standard","meta":{"footnotes":""},"categories":[6],"tags":[],"class_list":["post-736","post","type-post","status-publish","format-standard","has-post-thumbnail","hentry","category-noticias"],"yoast_head":"<!-- This site is optimized with the Yoast SEO plugin v27.4 - https:\/\/yoast.com\/product\/yoast-seo-wordpress\/ -->\n<title>Con Dignidad y Solidaridad apuestan por los pobres y sus derechos - Historias que inspiran...<\/title>\n<meta name=\"robots\" content=\"index, follow, max-snippet:-1, max-image-preview:large, max-video-preview:-1\" \/>\n<link rel=\"canonical\" href=\"https:\/\/somos-hermanos.mx\/index.php\/2025\/08\/04\/con-dignidad-y-solidaridad-apuestan-por-los-pobres-y-sus-derechos\/\" \/>\n<meta property=\"og:locale\" content=\"es_MX\" \/>\n<meta property=\"og:type\" content=\"article\" \/>\n<meta property=\"og:title\" content=\"Con Dignidad y Solidaridad apuestan por los pobres y sus derechos - Historias que inspiran...\" \/>\n<meta property=\"og:description\" content=\"Pobreza en M\u00e9xico, si el Producto Interno Bruto (PIB) per c\u00e1pita en el pa\u00eds\u00a0creciera un 2% anual entre el periodo de 2024-2030, la pobreza se reducir\u00eda del 21% al 15.4 %,\u00a0de acuerdo con el Banco Mundial (BM), en un comunicado de prensa. Los avances en temas de mejorar el acceso a la seguridad social y [&hellip;]\" \/>\n<meta property=\"og:url\" content=\"https:\/\/somos-hermanos.mx\/index.php\/2025\/08\/04\/con-dignidad-y-solidaridad-apuestan-por-los-pobres-y-sus-derechos\/\" \/>\n<meta property=\"og:site_name\" content=\"Historias que inspiran...\" \/>\n<meta property=\"article:publisher\" content=\"https:\/\/www.facebook.com\/SomosHermanosIAP\/\" \/>\n<meta property=\"article:published_time\" content=\"2025-08-04T08:18:42+00:00\" \/>\n<meta property=\"og:image\" content=\"https:\/\/somos-hermanos.mx\/wp-content\/uploads\/2025\/08\/solid.jpeg\" \/>\n\t<meta property=\"og:image:width\" content=\"1600\" \/>\n\t<meta property=\"og:image:height\" content=\"1600\" \/>\n\t<meta property=\"og:image:type\" content=\"image\/jpeg\" \/>\n<meta name=\"author\" content=\"Ivon D\u00edaz Rojas\" \/>\n<meta name=\"twitter:card\" content=\"summary_large_image\" \/>\n<meta name=\"twitter:creator\" content=\"@Somos__Hermanos\" \/>\n<meta name=\"twitter:site\" content=\"@Somos__Hermanos\" \/>\n<meta name=\"twitter:label1\" content=\"Escrito por\" \/>\n\t<meta name=\"twitter:data1\" content=\"Ivon D\u00edaz Rojas\" \/>\n\t<meta name=\"twitter:label2\" content=\"Tiempo de lectura\" \/>\n\t<meta name=\"twitter:data2\" content=\"3 minutos\" \/>\n<script type=\"application\/ld+json\" class=\"yoast-schema-graph\">{\"@context\":\"https:\\\/\\\/schema.org\",\"@graph\":[{\"@type\":\"Article\",\"@id\":\"https:\\\/\\\/somos-hermanos.mx\\\/index.php\\\/2025\\\/08\\\/04\\\/con-dignidad-y-solidaridad-apuestan-por-los-pobres-y-sus-derechos\\\/#article\",\"isPartOf\":{\"@id\":\"https:\\\/\\\/somos-hermanos.mx\\\/index.php\\\/2025\\\/08\\\/04\\\/con-dignidad-y-solidaridad-apuestan-por-los-pobres-y-sus-derechos\\\/\"},\"author\":{\"name\":\"Ivon D\u00edaz Rojas\",\"@id\":\"https:\\\/\\\/somos-hermanos.mx\\\/#\\\/schema\\\/person\\\/ca47b05d4e7735cde01b6c20df3ff500\"},\"headline\":\"Con Dignidad y Solidaridad apuestan por los pobres y sus derechos\",\"datePublished\":\"2025-08-04T08:18:42+00:00\",\"mainEntityOfPage\":{\"@id\":\"https:\\\/\\\/somos-hermanos.mx\\\/index.php\\\/2025\\\/08\\\/04\\\/con-dignidad-y-solidaridad-apuestan-por-los-pobres-y-sus-derechos\\\/\"},\"wordCount\":596,\"commentCount\":0,\"publisher\":{\"@id\":\"https:\\\/\\\/somos-hermanos.mx\\\/#organization\"},\"image\":{\"@id\":\"https:\\\/\\\/somos-hermanos.mx\\\/index.php\\\/2025\\\/08\\\/04\\\/con-dignidad-y-solidaridad-apuestan-por-los-pobres-y-sus-derechos\\\/#primaryimage\"},\"thumbnailUrl\":\"https:\\\/\\\/somos-hermanos.mx\\\/wp-content\\\/uploads\\\/2025\\\/08\\\/solid.jpeg\",\"articleSection\":[\"Noticias\"],\"inLanguage\":\"es\",\"potentialAction\":[{\"@type\":\"CommentAction\",\"name\":\"Comment\",\"target\":[\"https:\\\/\\\/somos-hermanos.mx\\\/index.php\\\/2025\\\/08\\\/04\\\/con-dignidad-y-solidaridad-apuestan-por-los-pobres-y-sus-derechos\\\/#respond\"]}]},{\"@type\":\"WebPage\",\"@id\":\"https:\\\/\\\/somos-hermanos.mx\\\/index.php\\\/2025\\\/08\\\/04\\\/con-dignidad-y-solidaridad-apuestan-por-los-pobres-y-sus-derechos\\\/\",\"url\":\"https:\\\/\\\/somos-hermanos.mx\\\/index.php\\\/2025\\\/08\\\/04\\\/con-dignidad-y-solidaridad-apuestan-por-los-pobres-y-sus-derechos\\\/\",\"name\":\"Con Dignidad y Solidaridad apuestan por los pobres y sus derechos - Historias que inspiran...\",\"isPartOf\":{\"@id\":\"https:\\\/\\\/somos-hermanos.mx\\\/#website\"},\"primaryImageOfPage\":{\"@id\":\"https:\\\/\\\/somos-hermanos.mx\\\/index.php\\\/2025\\\/08\\\/04\\\/con-dignidad-y-solidaridad-apuestan-por-los-pobres-y-sus-derechos\\\/#primaryimage\"},\"image\":{\"@id\":\"https:\\\/\\\/somos-hermanos.mx\\\/index.php\\\/2025\\\/08\\\/04\\\/con-dignidad-y-solidaridad-apuestan-por-los-pobres-y-sus-derechos\\\/#primaryimage\"},\"thumbnailUrl\":\"https:\\\/\\\/somos-hermanos.mx\\\/wp-content\\\/uploads\\\/2025\\\/08\\\/solid.jpeg\",\"datePublished\":\"2025-08-04T08:18:42+00:00\",\"breadcrumb\":{\"@id\":\"https:\\\/\\\/somos-hermanos.mx\\\/index.php\\\/2025\\\/08\\\/04\\\/con-dignidad-y-solidaridad-apuestan-por-los-pobres-y-sus-derechos\\\/#breadcrumb\"},\"inLanguage\":\"es\",\"potentialAction\":[{\"@type\":\"ReadAction\",\"target\":[\"https:\\\/\\\/somos-hermanos.mx\\\/index.php\\\/2025\\\/08\\\/04\\\/con-dignidad-y-solidaridad-apuestan-por-los-pobres-y-sus-derechos\\\/\"]}]},{\"@type\":\"ImageObject\",\"inLanguage\":\"es\",\"@id\":\"https:\\\/\\\/somos-hermanos.mx\\\/index.php\\\/2025\\\/08\\\/04\\\/con-dignidad-y-solidaridad-apuestan-por-los-pobres-y-sus-derechos\\\/#primaryimage\",\"url\":\"https:\\\/\\\/somos-hermanos.mx\\\/wp-content\\\/uploads\\\/2025\\\/08\\\/solid.jpeg\",\"contentUrl\":\"https:\\\/\\\/somos-hermanos.mx\\\/wp-content\\\/uploads\\\/2025\\\/08\\\/solid.jpeg\",\"width\":1600,\"height\":1600},{\"@type\":\"BreadcrumbList\",\"@id\":\"https:\\\/\\\/somos-hermanos.mx\\\/index.php\\\/2025\\\/08\\\/04\\\/con-dignidad-y-solidaridad-apuestan-por-los-pobres-y-sus-derechos\\\/#breadcrumb\",\"itemListElement\":[{\"@type\":\"ListItem\",\"position\":1,\"name\":\"Inicio\",\"item\":\"https:\\\/\\\/somos-hermanos.mx\\\/\"},{\"@type\":\"ListItem\",\"position\":2,\"name\":\"Con Dignidad y Solidaridad apuestan por los pobres y sus derechos\"}]},{\"@type\":\"WebSite\",\"@id\":\"https:\\\/\\\/somos-hermanos.mx\\\/#website\",\"url\":\"https:\\\/\\\/somos-hermanos.mx\\\/\",\"name\":\"Historias que inspiran...\",\"description\":\"Somos la voz del altruismo en M\u00e9xico\",\"publisher\":{\"@id\":\"https:\\\/\\\/somos-hermanos.mx\\\/#organization\"},\"potentialAction\":[{\"@type\":\"SearchAction\",\"target\":{\"@type\":\"EntryPoint\",\"urlTemplate\":\"https:\\\/\\\/somos-hermanos.mx\\\/?s={search_term_string}\"},\"query-input\":{\"@type\":\"PropertyValueSpecification\",\"valueRequired\":true,\"valueName\":\"search_term_string\"}}],\"inLanguage\":\"es\"},{\"@type\":\"Organization\",\"@id\":\"https:\\\/\\\/somos-hermanos.mx\\\/#organization\",\"name\":\"Somos Hermanos\",\"url\":\"https:\\\/\\\/somos-hermanos.mx\\\/\",\"logo\":{\"@type\":\"ImageObject\",\"inLanguage\":\"es\",\"@id\":\"https:\\\/\\\/somos-hermanos.mx\\\/#\\\/schema\\\/logo\\\/image\\\/\",\"url\":\"https:\\\/\\\/somos-hermanos.mx\\\/wp-content\\\/uploads\\\/2025\\\/08\\\/SH30-1.jpeg\",\"contentUrl\":\"https:\\\/\\\/somos-hermanos.mx\\\/wp-content\\\/uploads\\\/2025\\\/08\\\/SH30-1.jpeg\",\"width\":1600,\"height\":1142,\"caption\":\"Somos Hermanos\"},\"image\":{\"@id\":\"https:\\\/\\\/somos-hermanos.mx\\\/#\\\/schema\\\/logo\\\/image\\\/\"},\"sameAs\":[\"https:\\\/\\\/www.facebook.com\\\/SomosHermanosIAP\\\/\",\"https:\\\/\\\/x.com\\\/Somos__Hermanos\",\"https:\\\/\\\/www.instagram.com\\\/somos__hermanos\\\/#\",\"https:\\\/\\\/www.tiktok.com\\\/@somoshermanosiap\",\"https:\\\/\\\/www.youtube.com\\\/@somoshermanosiap1201\\\/videos\"]},{\"@type\":\"Person\",\"@id\":\"https:\\\/\\\/somos-hermanos.mx\\\/#\\\/schema\\\/person\\\/ca47b05d4e7735cde01b6c20df3ff500\",\"name\":\"Ivon D\u00edaz Rojas\",\"image\":{\"@type\":\"ImageObject\",\"inLanguage\":\"es\",\"@id\":\"https:\\\/\\\/secure.gravatar.com\\\/avatar\\\/1c19107828bb690213f343d5aa89eef40d6744894d5f632754fec79e3043dbb3?s=96&d=mm&r=g\",\"url\":\"https:\\\/\\\/secure.gravatar.com\\\/avatar\\\/1c19107828bb690213f343d5aa89eef40d6744894d5f632754fec79e3043dbb3?s=96&d=mm&r=g\",\"contentUrl\":\"https:\\\/\\\/secure.gravatar.com\\\/avatar\\\/1c19107828bb690213f343d5aa89eef40d6744894d5f632754fec79e3043dbb3?s=96&d=mm&r=g\",\"caption\":\"Ivon D\u00edaz Rojas\"},\"url\":\"https:\\\/\\\/somos-hermanos.mx\\\/index.php\\\/author\\\/ivon-diaz-rojas\\\/\"}]}<\/script>\n<!-- \/ Yoast SEO plugin. -->","yoast_head_json":{"title":"Con Dignidad y Solidaridad apuestan por los pobres y sus derechos - Historias que inspiran...","robots":{"index":"index","follow":"follow","max-snippet":"max-snippet:-1","max-image-preview":"max-image-preview:large","max-video-preview":"max-video-preview:-1"},"canonical":"https:\/\/somos-hermanos.mx\/index.php\/2025\/08\/04\/con-dignidad-y-solidaridad-apuestan-por-los-pobres-y-sus-derechos\/","og_locale":"es_MX","og_type":"article","og_title":"Con Dignidad y Solidaridad apuestan por los pobres y sus derechos - Historias que inspiran...","og_description":"Pobreza en M\u00e9xico, si el Producto Interno Bruto (PIB) per c\u00e1pita en el pa\u00eds\u00a0creciera un 2% anual entre el periodo de 2024-2030, la pobreza se reducir\u00eda del 21% al 15.4 %,\u00a0de acuerdo con el Banco Mundial (BM), en un comunicado de prensa. Los avances en temas de mejorar el acceso a la seguridad social y [&hellip;]","og_url":"https:\/\/somos-hermanos.mx\/index.php\/2025\/08\/04\/con-dignidad-y-solidaridad-apuestan-por-los-pobres-y-sus-derechos\/","og_site_name":"Historias que inspiran...","article_publisher":"https:\/\/www.facebook.com\/SomosHermanosIAP\/","article_published_time":"2025-08-04T08:18:42+00:00","og_image":[{"width":1600,"height":1600,"url":"https:\/\/somos-hermanos.mx\/wp-content\/uploads\/2025\/08\/solid.jpeg","type":"image\/jpeg"}],"author":"Ivon D\u00edaz Rojas","twitter_card":"summary_large_image","twitter_creator":"@Somos__Hermanos","twitter_site":"@Somos__Hermanos","twitter_misc":{"Escrito por":"Ivon D\u00edaz Rojas","Tiempo de lectura":"3 minutos"},"schema":{"@context":"https:\/\/schema.org","@graph":[{"@type":"Article","@id":"https:\/\/somos-hermanos.mx\/index.php\/2025\/08\/04\/con-dignidad-y-solidaridad-apuestan-por-los-pobres-y-sus-derechos\/#article","isPartOf":{"@id":"https:\/\/somos-hermanos.mx\/index.php\/2025\/08\/04\/con-dignidad-y-solidaridad-apuestan-por-los-pobres-y-sus-derechos\/"},"author":{"name":"Ivon D\u00edaz Rojas","@id":"https:\/\/somos-hermanos.mx\/#\/schema\/person\/ca47b05d4e7735cde01b6c20df3ff500"},"headline":"Con Dignidad y Solidaridad apuestan por los pobres y sus derechos","datePublished":"2025-08-04T08:18:42+00:00","mainEntityOfPage":{"@id":"https:\/\/somos-hermanos.mx\/index.php\/2025\/08\/04\/con-dignidad-y-solidaridad-apuestan-por-los-pobres-y-sus-derechos\/"},"wordCount":596,"commentCount":0,"publisher":{"@id":"https:\/\/somos-hermanos.mx\/#organization"},"image":{"@id":"https:\/\/somos-hermanos.mx\/index.php\/2025\/08\/04\/con-dignidad-y-solidaridad-apuestan-por-los-pobres-y-sus-derechos\/#primaryimage"},"thumbnailUrl":"https:\/\/somos-hermanos.mx\/wp-content\/uploads\/2025\/08\/solid.jpeg","articleSection":["Noticias"],"inLanguage":"es","potentialAction":[{"@type":"CommentAction","name":"Comment","target":["https:\/\/somos-hermanos.mx\/index.php\/2025\/08\/04\/con-dignidad-y-solidaridad-apuestan-por-los-pobres-y-sus-derechos\/#respond"]}]},{"@type":"WebPage","@id":"https:\/\/somos-hermanos.mx\/index.php\/2025\/08\/04\/con-dignidad-y-solidaridad-apuestan-por-los-pobres-y-sus-derechos\/","url":"https:\/\/somos-hermanos.mx\/index.php\/2025\/08\/04\/con-dignidad-y-solidaridad-apuestan-por-los-pobres-y-sus-derechos\/","name":"Con Dignidad y Solidaridad apuestan por los pobres y sus derechos - Historias que inspiran...","isPartOf":{"@id":"https:\/\/somos-hermanos.mx\/#website"},"primaryImageOfPage":{"@id":"https:\/\/somos-hermanos.mx\/index.php\/2025\/08\/04\/con-dignidad-y-solidaridad-apuestan-por-los-pobres-y-sus-derechos\/#primaryimage"},"image":{"@id":"https:\/\/somos-hermanos.mx\/index.php\/2025\/08\/04\/con-dignidad-y-solidaridad-apuestan-por-los-pobres-y-sus-derechos\/#primaryimage"},"thumbnailUrl":"https:\/\/somos-hermanos.mx\/wp-content\/uploads\/2025\/08\/solid.jpeg","datePublished":"2025-08-04T08:18:42+00:00","breadcrumb":{"@id":"https:\/\/somos-hermanos.mx\/index.php\/2025\/08\/04\/con-dignidad-y-solidaridad-apuestan-por-los-pobres-y-sus-derechos\/#breadcrumb"},"inLanguage":"es","potentialAction":[{"@type":"ReadAction","target":["https:\/\/somos-hermanos.mx\/index.php\/2025\/08\/04\/con-dignidad-y-solidaridad-apuestan-por-los-pobres-y-sus-derechos\/"]}]},{"@type":"ImageObject","inLanguage":"es","@id":"https:\/\/somos-hermanos.mx\/index.php\/2025\/08\/04\/con-dignidad-y-solidaridad-apuestan-por-los-pobres-y-sus-derechos\/#primaryimage","url":"https:\/\/somos-hermanos.mx\/wp-content\/uploads\/2025\/08\/solid.jpeg","contentUrl":"https:\/\/somos-hermanos.mx\/wp-content\/uploads\/2025\/08\/solid.jpeg","width":1600,"height":1600},{"@type":"BreadcrumbList","@id":"https:\/\/somos-hermanos.mx\/index.php\/2025\/08\/04\/con-dignidad-y-solidaridad-apuestan-por-los-pobres-y-sus-derechos\/#breadcrumb","itemListElement":[{"@type":"ListItem","position":1,"name":"Inicio","item":"https:\/\/somos-hermanos.mx\/"},{"@type":"ListItem","position":2,"name":"Con Dignidad y Solidaridad apuestan por los pobres y sus derechos"}]},{"@type":"WebSite","@id":"https:\/\/somos-hermanos.mx\/#website","url":"https:\/\/somos-hermanos.mx\/","name":"Historias que inspiran...","description":"Somos la voz del altruismo en M\u00e9xico","publisher":{"@id":"https:\/\/somos-hermanos.mx\/#organization"},"potentialAction":[{"@type":"SearchAction","target":{"@type":"EntryPoint","urlTemplate":"https:\/\/somos-hermanos.mx\/?s={search_term_string}"},"query-input":{"@type":"PropertyValueSpecification","valueRequired":true,"valueName":"search_term_string"}}],"inLanguage":"es"},{"@type":"Organization","@id":"https:\/\/somos-hermanos.mx\/#organization","name":"Somos Hermanos","url":"https:\/\/somos-hermanos.mx\/","logo":{"@type":"ImageObject","inLanguage":"es","@id":"https:\/\/somos-hermanos.mx\/#\/schema\/logo\/image\/","url":"https:\/\/somos-hermanos.mx\/wp-content\/uploads\/2025\/08\/SH30-1.jpeg","contentUrl":"https:\/\/somos-hermanos.mx\/wp-content\/uploads\/2025\/08\/SH30-1.jpeg","width":1600,"height":1142,"caption":"Somos Hermanos"},"image":{"@id":"https:\/\/somos-hermanos.mx\/#\/schema\/logo\/image\/"},"sameAs":["https:\/\/www.facebook.com\/SomosHermanosIAP\/","https:\/\/x.com\/Somos__Hermanos","https:\/\/www.instagram.com\/somos__hermanos\/#","https:\/\/www.tiktok.com\/@somoshermanosiap","https:\/\/www.youtube.com\/@somoshermanosiap1201\/videos"]},{"@type":"Person","@id":"https:\/\/somos-hermanos.mx\/#\/schema\/person\/ca47b05d4e7735cde01b6c20df3ff500","name":"Ivon D\u00edaz Rojas","image":{"@type":"ImageObject","inLanguage":"es","@id":"https:\/\/secure.gravatar.com\/avatar\/1c19107828bb690213f343d5aa89eef40d6744894d5f632754fec79e3043dbb3?s=96&d=mm&r=g","url":"https:\/\/secure.gravatar.com\/avatar\/1c19107828bb690213f343d5aa89eef40d6744894d5f632754fec79e3043dbb3?s=96&d=mm&r=g","contentUrl":"https:\/\/secure.gravatar.com\/avatar\/1c19107828bb690213f343d5aa89eef40d6744894d5f632754fec79e3043dbb3?s=96&d=mm&r=g","caption":"Ivon D\u00edaz Rojas"},"url":"https:\/\/somos-hermanos.mx\/index.php\/author\/ivon-diaz-rojas\/"}]}},"_links":{"self":[{"href":"https:\/\/somos-hermanos.mx\/index.php\/wp-json\/wp\/v2\/posts\/736","targetHints":{"allow":["GET"]}}],"collection":[{"href":"https:\/\/somos-hermanos.mx\/index.php\/wp-json\/wp\/v2\/posts"}],"about":[{"href":"https:\/\/somos-hermanos.mx\/index.php\/wp-json\/wp\/v2\/types\/post"}],"author":[{"embeddable":true,"href":"https:\/\/somos-hermanos.mx\/index.php\/wp-json\/wp\/v2\/users\/14"}],"replies":[{"embeddable":true,"href":"https:\/\/somos-hermanos.mx\/index.php\/wp-json\/wp\/v2\/comments?post=736"}],"version-history":[{"count":1,"href":"https:\/\/somos-hermanos.mx\/index.php\/wp-json\/wp\/v2\/posts\/736\/revisions"}],"predecessor-version":[{"id":738,"href":"https:\/\/somos-hermanos.mx\/index.php\/wp-json\/wp\/v2\/posts\/736\/revisions\/738"}],"wp:featuredmedia":[{"embeddable":true,"href":"https:\/\/somos-hermanos.mx\/index.php\/wp-json\/wp\/v2\/media\/737"}],"wp:attachment":[{"href":"https:\/\/somos-hermanos.mx\/index.php\/wp-json\/wp\/v2\/media?parent=736"}],"wp:term":[{"taxonomy":"category","embeddable":true,"href":"https:\/\/somos-hermanos.mx\/index.php\/wp-json\/wp\/v2\/categories?post=736"},{"taxonomy":"post_tag","embeddable":true,"href":"https:\/\/somos-hermanos.mx\/index.php\/wp-json\/wp\/v2\/tags?post=736"}],"curies":[{"name":"wp","href":"https:\/\/api.w.org\/{rel}","templated":true}]}}