{"id":730,"date":"2025-08-04T02:16:34","date_gmt":"2025-08-04T08:16:34","guid":{"rendered":"https:\/\/somos-hermanos.mx\/?p=730"},"modified":"2025-08-04T02:16:34","modified_gmt":"2025-08-04T08:16:34","slug":"con-justicia-y-amor-apoyan-a-comunidades-indigenas-y-vulnerables","status":"publish","type":"post","link":"https:\/\/somos-hermanos.mx\/index.php\/2025\/08\/04\/con-justicia-y-amor-apoyan-a-comunidades-indigenas-y-vulnerables\/","title":{"rendered":"Con justicia y amor apoyan a comunidades ind\u00edgenas y vulnerables"},"content":{"rendered":"<p>La Fundaci\u00f3n Justicia y Amor IAP, creada en 1950, <strong>busca brindar el apoyo necesario a j\u00f3venes, comunidades ind\u00edgenas y grupos vulnerables<\/strong>\u00a0que se encuentran en situaciones de pobreza y lograr que ellos influyan de manera positiva a las personas que lo rodea, para as\u00ed crear comunidades donde haya empat\u00eda, resiliencia y amor.<\/p>\n<p>Este proyecto fue creado gracias a la iniciativa de Adela Maqueo de Oliveros que, junto a otras mujeres, ayudaban a mejorar las condiciones de familias que viv\u00edan de una manera deplorable en las colonias Tacubaya, N\u00e1poles y\u00a0Escand\u00f3n.<\/p>\n<p>Tiempo despu\u00e9s, decidi\u00f3 que quer\u00eda que hubiera un espacio permanente donde estas personas pudieran acudir y seguir ayud\u00e1ndoles; fue as\u00ed que se cre\u00f3 la Asociaci\u00f3n Protectora del Pobre de la Colonia N\u00e1poles.<\/p>\n<p>Esto fue solo el inicio de lo que se avecinaba, pues, con la ayuda de diversas mujeres, en 1983 se constituy\u00f3 con el nombre de Fundaci\u00f3n Justicia Amor y Paz, el cual ha logrado un aporte y ayuda grand\u00edsima a las familias, j\u00f3venes y a los m\u00e1s necesitados.<\/p>\n<p><strong>Cuentan con tres programas esenciales para cumplir su objetivo, que son:\u00a0<\/strong><\/p>\n<p><strong><em><i>Salud<\/i><\/em><\/strong><strong>:<\/strong>\u00a0con este programa se ha logrado la\u00a0accesibilidad gratuita a medicamentos del cuadro b\u00e1sico de salud; un mejoramiento en las condiciones de higiene y salubridad en las personas.<\/p>\n<p><strong><em><i>Educaci\u00f3n<\/i><\/em><\/strong><strong>:<\/strong>\u00a0ayudan al desarrollo integral de los j\u00f3venes y que puedan hacer uso de las tecnolog\u00edas de una manera f\u00e1cil e inteligente. Asimismo, se incrementan los conocimientos y las habilidades sociales y la gesti\u00f3n; todo esto para que puedan adaptarse en contextos sociales, laborales y educativos. Se imparten diversos talleres, entre ellos, matem\u00e1ticas, fomento a la lectura, computaci\u00f3n, etc\u00e9tera.<\/p>\n<p><strong><em><i>Reconexi\u00f3n<\/i><\/em><\/strong><strong>:<\/strong>\u00a0logra que los valores se difundan y las personas puedan sentirse integradas y esperanzadas. Alcanzando que en ellos se almacene el amor, el respeto, la justicia y lo promuevan. As\u00ed como tambi\u00e9n se busca que se fortalezcan los factores de protecci\u00f3n de adolescentes, j\u00f3venes y sus respectivas familias mediante espacios culturales, deportivos, art\u00edsticos y psicoeducativos; pues viven una realidad donde la drogadicci\u00f3n y la delincuencia est\u00e1n latentes todos los d\u00edas.<\/p>\n","protected":false},"excerpt":{"rendered":"<p>La Fundaci\u00f3n Justicia y Amor IAP, creada en 1950, busca brindar el apoyo necesario a j\u00f3venes, comunidades ind\u00edgenas y grupos vulnerables\u00a0que se encuentran en situaciones de pobreza y lograr que ellos influyan de manera positiva a las personas que lo rodea, para as\u00ed crear comunidades donde haya empat\u00eda, resiliencia y amor. Este proyecto fue creado [&hellip;]<\/p>\n","protected":false},"author":21,"featured_media":731,"comment_status":"open","ping_status":"closed","sticky":false,"template":"","format":"standard","meta":{"footnotes":""},"categories":[6],"tags":[],"class_list":["post-730","post","type-post","status-publish","format-standard","has-post-thumbnail","hentry","category-noticias"],"yoast_head":"<!-- This site is optimized with the Yoast SEO plugin v27.4 - https:\/\/yoast.com\/product\/yoast-seo-wordpress\/ -->\n<title>Con justicia y amor apoyan a comunidades ind\u00edgenas y vulnerables - Historias que inspiran...<\/title>\n<meta name=\"robots\" content=\"index, follow, max-snippet:-1, max-image-preview:large, max-video-preview:-1\" \/>\n<link rel=\"canonical\" href=\"https:\/\/somos-hermanos.mx\/index.php\/2025\/08\/04\/con-justicia-y-amor-apoyan-a-comunidades-indigenas-y-vulnerables\/\" \/>\n<meta property=\"og:locale\" content=\"es_MX\" \/>\n<meta property=\"og:type\" content=\"article\" \/>\n<meta property=\"og:title\" content=\"Con justicia y amor apoyan a comunidades ind\u00edgenas y vulnerables - Historias que inspiran...\" \/>\n<meta property=\"og:description\" content=\"La Fundaci\u00f3n Justicia y Amor IAP, creada en 1950, busca brindar el apoyo necesario a j\u00f3venes, comunidades ind\u00edgenas y grupos vulnerables\u00a0que se encuentran en situaciones de pobreza y lograr que ellos influyan de manera positiva a las personas que lo rodea, para as\u00ed crear comunidades donde haya empat\u00eda, resiliencia y amor. Este proyecto fue creado [&hellip;]\" \/>\n<meta property=\"og:url\" content=\"https:\/\/somos-hermanos.mx\/index.php\/2025\/08\/04\/con-justicia-y-amor-apoyan-a-comunidades-indigenas-y-vulnerables\/\" \/>\n<meta property=\"og:site_name\" content=\"Historias que inspiran...\" \/>\n<meta property=\"article:publisher\" content=\"https:\/\/www.facebook.com\/SomosHermanosIAP\/\" \/>\n<meta property=\"article:published_time\" content=\"2025-08-04T08:16:34+00:00\" \/>\n<meta property=\"og:image\" content=\"https:\/\/somos-hermanos.mx\/wp-content\/uploads\/2025\/08\/just.jpeg\" \/>\n\t<meta property=\"og:image:width\" content=\"500\" \/>\n\t<meta property=\"og:image:height\" content=\"500\" \/>\n\t<meta property=\"og:image:type\" content=\"image\/jpeg\" \/>\n<meta name=\"author\" content=\"Jes\u00fas Pe\u00f1a Aguirre\" \/>\n<meta name=\"twitter:card\" content=\"summary_large_image\" \/>\n<meta name=\"twitter:creator\" content=\"@Somos__Hermanos\" \/>\n<meta name=\"twitter:site\" content=\"@Somos__Hermanos\" \/>\n<meta name=\"twitter:label1\" content=\"Escrito por\" \/>\n\t<meta name=\"twitter:data1\" content=\"Jes\u00fas Pe\u00f1a Aguirre\" \/>\n\t<meta name=\"twitter:label2\" content=\"Tiempo de lectura\" \/>\n\t<meta name=\"twitter:data2\" content=\"2 minutos\" \/>\n<script type=\"application\/ld+json\" class=\"yoast-schema-graph\">{\"@context\":\"https:\\\/\\\/schema.org\",\"@graph\":[{\"@type\":\"Article\",\"@id\":\"https:\\\/\\\/somos-hermanos.mx\\\/index.php\\\/2025\\\/08\\\/04\\\/con-justicia-y-amor-apoyan-a-comunidades-indigenas-y-vulnerables\\\/#article\",\"isPartOf\":{\"@id\":\"https:\\\/\\\/somos-hermanos.mx\\\/index.php\\\/2025\\\/08\\\/04\\\/con-justicia-y-amor-apoyan-a-comunidades-indigenas-y-vulnerables\\\/\"},\"author\":{\"name\":\"Jes\u00fas Pe\u00f1a Aguirre\",\"@id\":\"https:\\\/\\\/somos-hermanos.mx\\\/#\\\/schema\\\/person\\\/8acd26a8688e659352b79b33c534872c\"},\"headline\":\"Con justicia y amor apoyan a comunidades ind\u00edgenas y vulnerables\",\"datePublished\":\"2025-08-04T08:16:34+00:00\",\"mainEntityOfPage\":{\"@id\":\"https:\\\/\\\/somos-hermanos.mx\\\/index.php\\\/2025\\\/08\\\/04\\\/con-justicia-y-amor-apoyan-a-comunidades-indigenas-y-vulnerables\\\/\"},\"wordCount\":382,\"commentCount\":0,\"publisher\":{\"@id\":\"https:\\\/\\\/somos-hermanos.mx\\\/#organization\"},\"image\":{\"@id\":\"https:\\\/\\\/somos-hermanos.mx\\\/index.php\\\/2025\\\/08\\\/04\\\/con-justicia-y-amor-apoyan-a-comunidades-indigenas-y-vulnerables\\\/#primaryimage\"},\"thumbnailUrl\":\"https:\\\/\\\/somos-hermanos.mx\\\/wp-content\\\/uploads\\\/2025\\\/08\\\/just.jpeg\",\"articleSection\":[\"Noticias\"],\"inLanguage\":\"es\",\"potentialAction\":[{\"@type\":\"CommentAction\",\"name\":\"Comment\",\"target\":[\"https:\\\/\\\/somos-hermanos.mx\\\/index.php\\\/2025\\\/08\\\/04\\\/con-justicia-y-amor-apoyan-a-comunidades-indigenas-y-vulnerables\\\/#respond\"]}]},{\"@type\":\"WebPage\",\"@id\":\"https:\\\/\\\/somos-hermanos.mx\\\/index.php\\\/2025\\\/08\\\/04\\\/con-justicia-y-amor-apoyan-a-comunidades-indigenas-y-vulnerables\\\/\",\"url\":\"https:\\\/\\\/somos-hermanos.mx\\\/index.php\\\/2025\\\/08\\\/04\\\/con-justicia-y-amor-apoyan-a-comunidades-indigenas-y-vulnerables\\\/\",\"name\":\"Con justicia y amor apoyan a comunidades ind\u00edgenas y vulnerables - Historias que inspiran...\",\"isPartOf\":{\"@id\":\"https:\\\/\\\/somos-hermanos.mx\\\/#website\"},\"primaryImageOfPage\":{\"@id\":\"https:\\\/\\\/somos-hermanos.mx\\\/index.php\\\/2025\\\/08\\\/04\\\/con-justicia-y-amor-apoyan-a-comunidades-indigenas-y-vulnerables\\\/#primaryimage\"},\"image\":{\"@id\":\"https:\\\/\\\/somos-hermanos.mx\\\/index.php\\\/2025\\\/08\\\/04\\\/con-justicia-y-amor-apoyan-a-comunidades-indigenas-y-vulnerables\\\/#primaryimage\"},\"thumbnailUrl\":\"https:\\\/\\\/somos-hermanos.mx\\\/wp-content\\\/uploads\\\/2025\\\/08\\\/just.jpeg\",\"datePublished\":\"2025-08-04T08:16:34+00:00\",\"breadcrumb\":{\"@id\":\"https:\\\/\\\/somos-hermanos.mx\\\/index.php\\\/2025\\\/08\\\/04\\\/con-justicia-y-amor-apoyan-a-comunidades-indigenas-y-vulnerables\\\/#breadcrumb\"},\"inLanguage\":\"es\",\"potentialAction\":[{\"@type\":\"ReadAction\",\"target\":[\"https:\\\/\\\/somos-hermanos.mx\\\/index.php\\\/2025\\\/08\\\/04\\\/con-justicia-y-amor-apoyan-a-comunidades-indigenas-y-vulnerables\\\/\"]}]},{\"@type\":\"ImageObject\",\"inLanguage\":\"es\",\"@id\":\"https:\\\/\\\/somos-hermanos.mx\\\/index.php\\\/2025\\\/08\\\/04\\\/con-justicia-y-amor-apoyan-a-comunidades-indigenas-y-vulnerables\\\/#primaryimage\",\"url\":\"https:\\\/\\\/somos-hermanos.mx\\\/wp-content\\\/uploads\\\/2025\\\/08\\\/just.jpeg\",\"contentUrl\":\"https:\\\/\\\/somos-hermanos.mx\\\/wp-content\\\/uploads\\\/2025\\\/08\\\/just.jpeg\",\"width\":500,\"height\":500},{\"@type\":\"BreadcrumbList\",\"@id\":\"https:\\\/\\\/somos-hermanos.mx\\\/index.php\\\/2025\\\/08\\\/04\\\/con-justicia-y-amor-apoyan-a-comunidades-indigenas-y-vulnerables\\\/#breadcrumb\",\"itemListElement\":[{\"@type\":\"ListItem\",\"position\":1,\"name\":\"Inicio\",\"item\":\"https:\\\/\\\/somos-hermanos.mx\\\/\"},{\"@type\":\"ListItem\",\"position\":2,\"name\":\"Con justicia y amor apoyan a comunidades ind\u00edgenas y vulnerables\"}]},{\"@type\":\"WebSite\",\"@id\":\"https:\\\/\\\/somos-hermanos.mx\\\/#website\",\"url\":\"https:\\\/\\\/somos-hermanos.mx\\\/\",\"name\":\"Historias que inspiran...\",\"description\":\"Somos la voz del altruismo en M\u00e9xico\",\"publisher\":{\"@id\":\"https:\\\/\\\/somos-hermanos.mx\\\/#organization\"},\"potentialAction\":[{\"@type\":\"SearchAction\",\"target\":{\"@type\":\"EntryPoint\",\"urlTemplate\":\"https:\\\/\\\/somos-hermanos.mx\\\/?s={search_term_string}\"},\"query-input\":{\"@type\":\"PropertyValueSpecification\",\"valueRequired\":true,\"valueName\":\"search_term_string\"}}],\"inLanguage\":\"es\"},{\"@type\":\"Organization\",\"@id\":\"https:\\\/\\\/somos-hermanos.mx\\\/#organization\",\"name\":\"Somos Hermanos\",\"url\":\"https:\\\/\\\/somos-hermanos.mx\\\/\",\"logo\":{\"@type\":\"ImageObject\",\"inLanguage\":\"es\",\"@id\":\"https:\\\/\\\/somos-hermanos.mx\\\/#\\\/schema\\\/logo\\\/image\\\/\",\"url\":\"https:\\\/\\\/somos-hermanos.mx\\\/wp-content\\\/uploads\\\/2025\\\/08\\\/SH30-1.jpeg\",\"contentUrl\":\"https:\\\/\\\/somos-hermanos.mx\\\/wp-content\\\/uploads\\\/2025\\\/08\\\/SH30-1.jpeg\",\"width\":1600,\"height\":1142,\"caption\":\"Somos Hermanos\"},\"image\":{\"@id\":\"https:\\\/\\\/somos-hermanos.mx\\\/#\\\/schema\\\/logo\\\/image\\\/\"},\"sameAs\":[\"https:\\\/\\\/www.facebook.com\\\/SomosHermanosIAP\\\/\",\"https:\\\/\\\/x.com\\\/Somos__Hermanos\",\"https:\\\/\\\/www.instagram.com\\\/somos__hermanos\\\/#\",\"https:\\\/\\\/www.tiktok.com\\\/@somoshermanosiap\",\"https:\\\/\\\/www.youtube.com\\\/@somoshermanosiap1201\\\/videos\"]},{\"@type\":\"Person\",\"@id\":\"https:\\\/\\\/somos-hermanos.mx\\\/#\\\/schema\\\/person\\\/8acd26a8688e659352b79b33c534872c\",\"name\":\"Jes\u00fas Pe\u00f1a Aguirre\",\"image\":{\"@type\":\"ImageObject\",\"inLanguage\":\"es\",\"@id\":\"https:\\\/\\\/secure.gravatar.com\\\/avatar\\\/a3d489e680e76cdf1b7ccc620e427d14f54a929f15306ea1d436efc89ee85c7c?s=96&d=mm&r=g\",\"url\":\"https:\\\/\\\/secure.gravatar.com\\\/avatar\\\/a3d489e680e76cdf1b7ccc620e427d14f54a929f15306ea1d436efc89ee85c7c?s=96&d=mm&r=g\",\"contentUrl\":\"https:\\\/\\\/secure.gravatar.com\\\/avatar\\\/a3d489e680e76cdf1b7ccc620e427d14f54a929f15306ea1d436efc89ee85c7c?s=96&d=mm&r=g\",\"caption\":\"Jes\u00fas Pe\u00f1a Aguirre\"},\"url\":\"https:\\\/\\\/somos-hermanos.mx\\\/index.php\\\/author\\\/jesus-pena-aguirre\\\/\"}]}<\/script>\n<!-- \/ Yoast SEO plugin. -->","yoast_head_json":{"title":"Con justicia y amor apoyan a comunidades ind\u00edgenas y vulnerables - Historias que inspiran...","robots":{"index":"index","follow":"follow","max-snippet":"max-snippet:-1","max-image-preview":"max-image-preview:large","max-video-preview":"max-video-preview:-1"},"canonical":"https:\/\/somos-hermanos.mx\/index.php\/2025\/08\/04\/con-justicia-y-amor-apoyan-a-comunidades-indigenas-y-vulnerables\/","og_locale":"es_MX","og_type":"article","og_title":"Con justicia y amor apoyan a comunidades ind\u00edgenas y vulnerables - Historias que inspiran...","og_description":"La Fundaci\u00f3n Justicia y Amor IAP, creada en 1950, busca brindar el apoyo necesario a j\u00f3venes, comunidades ind\u00edgenas y grupos vulnerables\u00a0que se encuentran en situaciones de pobreza y lograr que ellos influyan de manera positiva a las personas que lo rodea, para as\u00ed crear comunidades donde haya empat\u00eda, resiliencia y amor. Este proyecto fue creado [&hellip;]","og_url":"https:\/\/somos-hermanos.mx\/index.php\/2025\/08\/04\/con-justicia-y-amor-apoyan-a-comunidades-indigenas-y-vulnerables\/","og_site_name":"Historias que inspiran...","article_publisher":"https:\/\/www.facebook.com\/SomosHermanosIAP\/","article_published_time":"2025-08-04T08:16:34+00:00","og_image":[{"width":500,"height":500,"url":"https:\/\/somos-hermanos.mx\/wp-content\/uploads\/2025\/08\/just.jpeg","type":"image\/jpeg"}],"author":"Jes\u00fas Pe\u00f1a Aguirre","twitter_card":"summary_large_image","twitter_creator":"@Somos__Hermanos","twitter_site":"@Somos__Hermanos","twitter_misc":{"Escrito por":"Jes\u00fas Pe\u00f1a Aguirre","Tiempo de lectura":"2 minutos"},"schema":{"@context":"https:\/\/schema.org","@graph":[{"@type":"Article","@id":"https:\/\/somos-hermanos.mx\/index.php\/2025\/08\/04\/con-justicia-y-amor-apoyan-a-comunidades-indigenas-y-vulnerables\/#article","isPartOf":{"@id":"https:\/\/somos-hermanos.mx\/index.php\/2025\/08\/04\/con-justicia-y-amor-apoyan-a-comunidades-indigenas-y-vulnerables\/"},"author":{"name":"Jes\u00fas Pe\u00f1a Aguirre","@id":"https:\/\/somos-hermanos.mx\/#\/schema\/person\/8acd26a8688e659352b79b33c534872c"},"headline":"Con justicia y amor apoyan a comunidades ind\u00edgenas y vulnerables","datePublished":"2025-08-04T08:16:34+00:00","mainEntityOfPage":{"@id":"https:\/\/somos-hermanos.mx\/index.php\/2025\/08\/04\/con-justicia-y-amor-apoyan-a-comunidades-indigenas-y-vulnerables\/"},"wordCount":382,"commentCount":0,"publisher":{"@id":"https:\/\/somos-hermanos.mx\/#organization"},"image":{"@id":"https:\/\/somos-hermanos.mx\/index.php\/2025\/08\/04\/con-justicia-y-amor-apoyan-a-comunidades-indigenas-y-vulnerables\/#primaryimage"},"thumbnailUrl":"https:\/\/somos-hermanos.mx\/wp-content\/uploads\/2025\/08\/just.jpeg","articleSection":["Noticias"],"inLanguage":"es","potentialAction":[{"@type":"CommentAction","name":"Comment","target":["https:\/\/somos-hermanos.mx\/index.php\/2025\/08\/04\/con-justicia-y-amor-apoyan-a-comunidades-indigenas-y-vulnerables\/#respond"]}]},{"@type":"WebPage","@id":"https:\/\/somos-hermanos.mx\/index.php\/2025\/08\/04\/con-justicia-y-amor-apoyan-a-comunidades-indigenas-y-vulnerables\/","url":"https:\/\/somos-hermanos.mx\/index.php\/2025\/08\/04\/con-justicia-y-amor-apoyan-a-comunidades-indigenas-y-vulnerables\/","name":"Con justicia y amor apoyan a comunidades ind\u00edgenas y vulnerables - Historias que inspiran...","isPartOf":{"@id":"https:\/\/somos-hermanos.mx\/#website"},"primaryImageOfPage":{"@id":"https:\/\/somos-hermanos.mx\/index.php\/2025\/08\/04\/con-justicia-y-amor-apoyan-a-comunidades-indigenas-y-vulnerables\/#primaryimage"},"image":{"@id":"https:\/\/somos-hermanos.mx\/index.php\/2025\/08\/04\/con-justicia-y-amor-apoyan-a-comunidades-indigenas-y-vulnerables\/#primaryimage"},"thumbnailUrl":"https:\/\/somos-hermanos.mx\/wp-content\/uploads\/2025\/08\/just.jpeg","datePublished":"2025-08-04T08:16:34+00:00","breadcrumb":{"@id":"https:\/\/somos-hermanos.mx\/index.php\/2025\/08\/04\/con-justicia-y-amor-apoyan-a-comunidades-indigenas-y-vulnerables\/#breadcrumb"},"inLanguage":"es","potentialAction":[{"@type":"ReadAction","target":["https:\/\/somos-hermanos.mx\/index.php\/2025\/08\/04\/con-justicia-y-amor-apoyan-a-comunidades-indigenas-y-vulnerables\/"]}]},{"@type":"ImageObject","inLanguage":"es","@id":"https:\/\/somos-hermanos.mx\/index.php\/2025\/08\/04\/con-justicia-y-amor-apoyan-a-comunidades-indigenas-y-vulnerables\/#primaryimage","url":"https:\/\/somos-hermanos.mx\/wp-content\/uploads\/2025\/08\/just.jpeg","contentUrl":"https:\/\/somos-hermanos.mx\/wp-content\/uploads\/2025\/08\/just.jpeg","width":500,"height":500},{"@type":"BreadcrumbList","@id":"https:\/\/somos-hermanos.mx\/index.php\/2025\/08\/04\/con-justicia-y-amor-apoyan-a-comunidades-indigenas-y-vulnerables\/#breadcrumb","itemListElement":[{"@type":"ListItem","position":1,"name":"Inicio","item":"https:\/\/somos-hermanos.mx\/"},{"@type":"ListItem","position":2,"name":"Con justicia y amor apoyan a comunidades ind\u00edgenas y vulnerables"}]},{"@type":"WebSite","@id":"https:\/\/somos-hermanos.mx\/#website","url":"https:\/\/somos-hermanos.mx\/","name":"Historias que inspiran...","description":"Somos la voz del altruismo en M\u00e9xico","publisher":{"@id":"https:\/\/somos-hermanos.mx\/#organization"},"potentialAction":[{"@type":"SearchAction","target":{"@type":"EntryPoint","urlTemplate":"https:\/\/somos-hermanos.mx\/?s={search_term_string}"},"query-input":{"@type":"PropertyValueSpecification","valueRequired":true,"valueName":"search_term_string"}}],"inLanguage":"es"},{"@type":"Organization","@id":"https:\/\/somos-hermanos.mx\/#organization","name":"Somos Hermanos","url":"https:\/\/somos-hermanos.mx\/","logo":{"@type":"ImageObject","inLanguage":"es","@id":"https:\/\/somos-hermanos.mx\/#\/schema\/logo\/image\/","url":"https:\/\/somos-hermanos.mx\/wp-content\/uploads\/2025\/08\/SH30-1.jpeg","contentUrl":"https:\/\/somos-hermanos.mx\/wp-content\/uploads\/2025\/08\/SH30-1.jpeg","width":1600,"height":1142,"caption":"Somos Hermanos"},"image":{"@id":"https:\/\/somos-hermanos.mx\/#\/schema\/logo\/image\/"},"sameAs":["https:\/\/www.facebook.com\/SomosHermanosIAP\/","https:\/\/x.com\/Somos__Hermanos","https:\/\/www.instagram.com\/somos__hermanos\/#","https:\/\/www.tiktok.com\/@somoshermanosiap","https:\/\/www.youtube.com\/@somoshermanosiap1201\/videos"]},{"@type":"Person","@id":"https:\/\/somos-hermanos.mx\/#\/schema\/person\/8acd26a8688e659352b79b33c534872c","name":"Jes\u00fas Pe\u00f1a Aguirre","image":{"@type":"ImageObject","inLanguage":"es","@id":"https:\/\/secure.gravatar.com\/avatar\/a3d489e680e76cdf1b7ccc620e427d14f54a929f15306ea1d436efc89ee85c7c?s=96&d=mm&r=g","url":"https:\/\/secure.gravatar.com\/avatar\/a3d489e680e76cdf1b7ccc620e427d14f54a929f15306ea1d436efc89ee85c7c?s=96&d=mm&r=g","contentUrl":"https:\/\/secure.gravatar.com\/avatar\/a3d489e680e76cdf1b7ccc620e427d14f54a929f15306ea1d436efc89ee85c7c?s=96&d=mm&r=g","caption":"Jes\u00fas Pe\u00f1a Aguirre"},"url":"https:\/\/somos-hermanos.mx\/index.php\/author\/jesus-pena-aguirre\/"}]}},"_links":{"self":[{"href":"https:\/\/somos-hermanos.mx\/index.php\/wp-json\/wp\/v2\/posts\/730","targetHints":{"allow":["GET"]}}],"collection":[{"href":"https:\/\/somos-hermanos.mx\/index.php\/wp-json\/wp\/v2\/posts"}],"about":[{"href":"https:\/\/somos-hermanos.mx\/index.php\/wp-json\/wp\/v2\/types\/post"}],"author":[{"embeddable":true,"href":"https:\/\/somos-hermanos.mx\/index.php\/wp-json\/wp\/v2\/users\/21"}],"replies":[{"embeddable":true,"href":"https:\/\/somos-hermanos.mx\/index.php\/wp-json\/wp\/v2\/comments?post=730"}],"version-history":[{"count":1,"href":"https:\/\/somos-hermanos.mx\/index.php\/wp-json\/wp\/v2\/posts\/730\/revisions"}],"predecessor-version":[{"id":732,"href":"https:\/\/somos-hermanos.mx\/index.php\/wp-json\/wp\/v2\/posts\/730\/revisions\/732"}],"wp:featuredmedia":[{"embeddable":true,"href":"https:\/\/somos-hermanos.mx\/index.php\/wp-json\/wp\/v2\/media\/731"}],"wp:attachment":[{"href":"https:\/\/somos-hermanos.mx\/index.php\/wp-json\/wp\/v2\/media?parent=730"}],"wp:term":[{"taxonomy":"category","embeddable":true,"href":"https:\/\/somos-hermanos.mx\/index.php\/wp-json\/wp\/v2\/categories?post=730"},{"taxonomy":"post_tag","embeddable":true,"href":"https:\/\/somos-hermanos.mx\/index.php\/wp-json\/wp\/v2\/tags?post=730"}],"curies":[{"name":"wp","href":"https:\/\/api.w.org\/{rel}","templated":true}]}}