{"id":724,"date":"2025-08-04T02:14:15","date_gmt":"2025-08-04T08:14:15","guid":{"rendered":"https:\/\/somos-hermanos.mx\/?p=724"},"modified":"2025-08-04T02:14:15","modified_gmt":"2025-08-04T08:14:15","slug":"fai-sonora-iap-por-un-futuro-mejor-para-las-infancias-mexicanas","status":"publish","type":"post","link":"https:\/\/somos-hermanos.mx\/index.php\/2025\/08\/04\/fai-sonora-iap-por-un-futuro-mejor-para-las-infancias-mexicanas\/","title":{"rendered":"FAI Sonora IAP: por un futuro mejor para las infancias mexicanas"},"content":{"rendered":"<p>De acuerdo con informaci\u00f3n de la Red por los Derechos de la Infancia en M\u00e9xico (REDIM), <strong>las entidades de la Rep\u00fablica Mexicana con m\u00e1s afectaciones en los derechos de la ni\u00f1ez y adolescencia en el periodo de 2023- 2024, fueron el Estado de M\u00e9xico, Guanajuato y Michoac\u00e1n.<\/strong><\/p>\n<p>Las infancias y adolescentes representan una parte importante de la poblaci\u00f3n en nuestro pa\u00eds, ya que, de acuerdo con el Censo de 2020 por parte del INEGI, <strong>M\u00e9xico registr\u00f3 una poblaci\u00f3n de 38.2 millones de personas de entre la edad 0 y 17 a\u00f1os; siendo esta cifra un 30.4% de la poblaci\u00f3n total de nuestro pa\u00eds.<\/strong><\/p>\n<p>Por estas y m\u00e1s razones, es que instituciones como Fundaci\u00f3n de Apoyo Infantil Sonora IAP (por su abreviaci\u00f3n FAI Sonora), se dedican al desarrollo humano y comunitario, en donde el principal objetivo es mejorar la condici\u00f3n y calidad de vida de las infancias, adolescentes y familias mexicanas que se encuentran en un marco de marginalizaci\u00f3n de las zonas rurales y urbanas.<\/p>\n<p><em>FAI Sonora<\/em>\u00a0se presenta como una instituci\u00f3n sin fines de lucro y sin afiliaciones pol\u00edticas- religiosas, que, gracias a los fondos privados provenientes de donaciones, colaboraciones y apadrinamientos, <strong>ha podido llevar a cabo una diversidad de programas enfocados en mejorar y apoyar la vida de las familias mexicanas m\u00e1s necesitadas.<\/strong><\/p>\n<p>Cada programa est\u00e1 dise\u00f1ado para generar un impacto social perdurable, abarcando as\u00ed diversas \u00e1reas, ya sea desde salud hasta educaci\u00f3n y alimentaci\u00f3n:<\/p>\n<ul>\n<li><strong>Guardianes de la salud: <\/strong>Programa dirigido a infantes y adolescentes de 6 a 18 a\u00f1os, el cual promueve el desarrollo de h\u00e1bitos saludables, de autocuidado de la salud, nutrici\u00f3n, higiene personal, prevenci\u00f3n de adicciones y accidentes.<\/li>\n<li><strong>Escuela de Promotores Comunitarios: <\/strong>Programa dirigido a j\u00f3venes y adultos, que busca la implementaci\u00f3n de proyectos, emprendimiento comunitario y formaci\u00f3n integral.<\/li>\n<li><strong>Educaci\u00f3n de Calidad: <\/strong>Dirigido a la poblaci\u00f3n en general, el programa procura mejorar el desarrollo de habilidades cognitivas e impactar en el desarrollo integral, esto mediante la intervenci\u00f3n pedag\u00f3gica.<\/li>\n<li><strong>Autosuficiencia Alimentaria: <\/strong>Programa enfocado en apoyar tanto la nutrici\u00f3n como la econom\u00eda familiar mediante la promoci\u00f3n de la siembra de huertos.<\/li>\n<li><strong>Formaci\u00f3n en derechos de la ni\u00f1ez: arte, cultura, recreaci\u00f3n y deporte. \u00a0<\/strong>Al igual que el programa de Desarrollo de comit\u00e9s infantiles y juveniles, este programa tambi\u00e9n busca promover la participaci\u00f3n de las infancias y adolescentes en la creaci\u00f3n e integraci\u00f3n de un estilo de vida saludable.<\/li>\n<li><strong>Bancos Comunitarios: <\/strong>Programa que tiene como objetivo dinamizar y contribuir a la econom\u00eda local y familiar, se utilizan y ense\u00f1an herramientas como el ahorro, el cr\u00e9dito, la capacitaci\u00f3n y organizaci\u00f3n con responsabilidad social.<\/li>\n<li><strong>Salud Mental: <\/strong>A trav\u00e9s de terapias psicol\u00f3gicas se garantiza la estabilidad mental y emocional de las infancias, juventud y familias mexicanas.<\/li>\n<li><strong>Desarrollo de comit\u00e9s infantiles y juveniles: <\/strong>Promoviendo la participaci\u00f3n de infancias y adolescentes, este programa consiste en la integraci\u00f3n, formaci\u00f3n, organizaci\u00f3n y seguimientos de comit\u00e9s para la preservaci\u00f3n de estilos de vida saludables.<\/li>\n<li><strong>Programa Institucional de procuraci\u00f3n de fondos: <\/strong>El cual busca generar conciencia y crear cultura filantr\u00f3pica para la procuraci\u00f3n de fondos.<\/li>\n<li><strong>Programa institucional para fortalecer el liderazgo: <\/strong>En donde los administradores y el patronato de la instituci\u00f3n, planean y organizan los eventos y programas que se llevan a cabo. Dan seguimiento a los mismos junto con sus beneficiarios, el p\u00fablico en general y a los medios de comunicaci\u00f3n. Esta organizaci\u00f3n constante permite asegurar la disponibilidad de recursos y alcanzar los objetivos planteados por la fundaci\u00f3n.<\/li>\n<\/ul>\n<p><em>FAI Sonora <\/em>se gu\u00eda mediante los valores de compromiso social, honestidad, igualdad, justicia, solidaridad, servicio, responsabilidad, transparencia y respeto; dichos valores se complementan con sus enfoques de educaci\u00f3n de calidad, trabajo decente, crecimiento econ\u00f3mico, salud y bienestar.<\/p>\n<p>Las alianzas de esta fundaci\u00f3n incluyen tanto instituciones privadas como p\u00fablicas, nacionales e internacionales, entre ellas podemos encontrar a:<\/p>\n<ul>\n<li>Save the Children AUSTRIA.<\/li>\n<li>DIF Cajeme.<\/li>\n<li>Fundaci\u00f3n amor y bondad I. A. P.<\/li>\n<li>Red Comunitaria Sonora.<\/li>\n<li>Fundaci\u00f3n dar m\u00e1s para Sonora A.C.<\/li>\n<li>PPEP (Portable Practical Educational Preparation)<\/li>\n<li>Nacional Monte de Piedad.<\/li>\n<li>Fundaci\u00f3n Quiera.<\/li>\n<li>Club Rotario Internacional.<\/li>\n<li>Banco Santander.<\/li>\n<li>Ayuda en Acci\u00f3n.<\/li>\n<\/ul>\n<p>Como ciudadanos, podemos aportar nuestro granito de arena para un futuro mejor para las familias mexicanas, esto mediante el apadrinamiento de una infancia, as\u00ed como con el programa de voluntarios.<\/p>\n","protected":false},"excerpt":{"rendered":"<p>De acuerdo con informaci\u00f3n de la Red por los Derechos de la Infancia en M\u00e9xico (REDIM), las entidades de la Rep\u00fablica Mexicana con m\u00e1s afectaciones en los derechos de la ni\u00f1ez y adolescencia en el periodo de 2023- 2024, fueron el Estado de M\u00e9xico, Guanajuato y Michoac\u00e1n. Las infancias y adolescentes representan una parte importante [&hellip;]<\/p>\n","protected":false},"author":17,"featured_media":725,"comment_status":"open","ping_status":"closed","sticky":false,"template":"","format":"standard","meta":{"footnotes":""},"categories":[6],"tags":[],"class_list":["post-724","post","type-post","status-publish","format-standard","has-post-thumbnail","hentry","category-noticias"],"yoast_head":"<!-- This site is optimized with the Yoast SEO plugin v27.4 - https:\/\/yoast.com\/product\/yoast-seo-wordpress\/ -->\n<title>FAI Sonora IAP: por un futuro mejor para las infancias mexicanas - Historias que inspiran...<\/title>\n<meta name=\"robots\" content=\"index, follow, max-snippet:-1, max-image-preview:large, max-video-preview:-1\" \/>\n<link rel=\"canonical\" href=\"https:\/\/somos-hermanos.mx\/index.php\/2025\/08\/04\/fai-sonora-iap-por-un-futuro-mejor-para-las-infancias-mexicanas\/\" \/>\n<meta property=\"og:locale\" content=\"es_MX\" \/>\n<meta property=\"og:type\" content=\"article\" \/>\n<meta property=\"og:title\" content=\"FAI Sonora IAP: por un futuro mejor para las infancias mexicanas - Historias que inspiran...\" \/>\n<meta property=\"og:description\" content=\"De acuerdo con informaci\u00f3n de la Red por los Derechos de la Infancia en M\u00e9xico (REDIM), las entidades de la Rep\u00fablica Mexicana con m\u00e1s afectaciones en los derechos de la ni\u00f1ez y adolescencia en el periodo de 2023- 2024, fueron el Estado de M\u00e9xico, Guanajuato y Michoac\u00e1n. Las infancias y adolescentes representan una parte importante [&hellip;]\" \/>\n<meta property=\"og:url\" content=\"https:\/\/somos-hermanos.mx\/index.php\/2025\/08\/04\/fai-sonora-iap-por-un-futuro-mejor-para-las-infancias-mexicanas\/\" \/>\n<meta property=\"og:site_name\" content=\"Historias que inspiran...\" \/>\n<meta property=\"article:publisher\" content=\"https:\/\/www.facebook.com\/SomosHermanosIAP\/\" \/>\n<meta property=\"article:published_time\" content=\"2025-08-04T08:14:15+00:00\" \/>\n<meta property=\"og:image\" content=\"https:\/\/somos-hermanos.mx\/wp-content\/uploads\/2025\/08\/fai.jpeg\" \/>\n\t<meta property=\"og:image:width\" content=\"417\" \/>\n\t<meta property=\"og:image:height\" content=\"417\" \/>\n\t<meta property=\"og:image:type\" content=\"image\/jpeg\" \/>\n<meta name=\"author\" content=\"Ana Barroso Garc\u00eda\" \/>\n<meta name=\"twitter:card\" content=\"summary_large_image\" \/>\n<meta name=\"twitter:creator\" content=\"@Somos__Hermanos\" \/>\n<meta name=\"twitter:site\" content=\"@Somos__Hermanos\" \/>\n<meta name=\"twitter:label1\" content=\"Escrito por\" \/>\n\t<meta name=\"twitter:data1\" content=\"Ana Barroso Garc\u00eda\" \/>\n\t<meta name=\"twitter:label2\" content=\"Tiempo de lectura\" \/>\n\t<meta name=\"twitter:data2\" content=\"4 minutos\" \/>\n<script type=\"application\/ld+json\" class=\"yoast-schema-graph\">{\"@context\":\"https:\\\/\\\/schema.org\",\"@graph\":[{\"@type\":\"Article\",\"@id\":\"https:\\\/\\\/somos-hermanos.mx\\\/index.php\\\/2025\\\/08\\\/04\\\/fai-sonora-iap-por-un-futuro-mejor-para-las-infancias-mexicanas\\\/#article\",\"isPartOf\":{\"@id\":\"https:\\\/\\\/somos-hermanos.mx\\\/index.php\\\/2025\\\/08\\\/04\\\/fai-sonora-iap-por-un-futuro-mejor-para-las-infancias-mexicanas\\\/\"},\"author\":{\"name\":\"Ana Barroso Garc\u00eda\",\"@id\":\"https:\\\/\\\/somos-hermanos.mx\\\/#\\\/schema\\\/person\\\/63147baf7f8f25d37fd540b4579d022d\"},\"headline\":\"FAI Sonora IAP: por un futuro mejor para las infancias mexicanas\",\"datePublished\":\"2025-08-04T08:14:15+00:00\",\"mainEntityOfPage\":{\"@id\":\"https:\\\/\\\/somos-hermanos.mx\\\/index.php\\\/2025\\\/08\\\/04\\\/fai-sonora-iap-por-un-futuro-mejor-para-las-infancias-mexicanas\\\/\"},\"wordCount\":770,\"commentCount\":0,\"publisher\":{\"@id\":\"https:\\\/\\\/somos-hermanos.mx\\\/#organization\"},\"image\":{\"@id\":\"https:\\\/\\\/somos-hermanos.mx\\\/index.php\\\/2025\\\/08\\\/04\\\/fai-sonora-iap-por-un-futuro-mejor-para-las-infancias-mexicanas\\\/#primaryimage\"},\"thumbnailUrl\":\"https:\\\/\\\/somos-hermanos.mx\\\/wp-content\\\/uploads\\\/2025\\\/08\\\/fai.jpeg\",\"articleSection\":[\"Noticias\"],\"inLanguage\":\"es\",\"potentialAction\":[{\"@type\":\"CommentAction\",\"name\":\"Comment\",\"target\":[\"https:\\\/\\\/somos-hermanos.mx\\\/index.php\\\/2025\\\/08\\\/04\\\/fai-sonora-iap-por-un-futuro-mejor-para-las-infancias-mexicanas\\\/#respond\"]}]},{\"@type\":\"WebPage\",\"@id\":\"https:\\\/\\\/somos-hermanos.mx\\\/index.php\\\/2025\\\/08\\\/04\\\/fai-sonora-iap-por-un-futuro-mejor-para-las-infancias-mexicanas\\\/\",\"url\":\"https:\\\/\\\/somos-hermanos.mx\\\/index.php\\\/2025\\\/08\\\/04\\\/fai-sonora-iap-por-un-futuro-mejor-para-las-infancias-mexicanas\\\/\",\"name\":\"FAI Sonora IAP: por un futuro mejor para las infancias mexicanas - Historias que inspiran...\",\"isPartOf\":{\"@id\":\"https:\\\/\\\/somos-hermanos.mx\\\/#website\"},\"primaryImageOfPage\":{\"@id\":\"https:\\\/\\\/somos-hermanos.mx\\\/index.php\\\/2025\\\/08\\\/04\\\/fai-sonora-iap-por-un-futuro-mejor-para-las-infancias-mexicanas\\\/#primaryimage\"},\"image\":{\"@id\":\"https:\\\/\\\/somos-hermanos.mx\\\/index.php\\\/2025\\\/08\\\/04\\\/fai-sonora-iap-por-un-futuro-mejor-para-las-infancias-mexicanas\\\/#primaryimage\"},\"thumbnailUrl\":\"https:\\\/\\\/somos-hermanos.mx\\\/wp-content\\\/uploads\\\/2025\\\/08\\\/fai.jpeg\",\"datePublished\":\"2025-08-04T08:14:15+00:00\",\"breadcrumb\":{\"@id\":\"https:\\\/\\\/somos-hermanos.mx\\\/index.php\\\/2025\\\/08\\\/04\\\/fai-sonora-iap-por-un-futuro-mejor-para-las-infancias-mexicanas\\\/#breadcrumb\"},\"inLanguage\":\"es\",\"potentialAction\":[{\"@type\":\"ReadAction\",\"target\":[\"https:\\\/\\\/somos-hermanos.mx\\\/index.php\\\/2025\\\/08\\\/04\\\/fai-sonora-iap-por-un-futuro-mejor-para-las-infancias-mexicanas\\\/\"]}]},{\"@type\":\"ImageObject\",\"inLanguage\":\"es\",\"@id\":\"https:\\\/\\\/somos-hermanos.mx\\\/index.php\\\/2025\\\/08\\\/04\\\/fai-sonora-iap-por-un-futuro-mejor-para-las-infancias-mexicanas\\\/#primaryimage\",\"url\":\"https:\\\/\\\/somos-hermanos.mx\\\/wp-content\\\/uploads\\\/2025\\\/08\\\/fai.jpeg\",\"contentUrl\":\"https:\\\/\\\/somos-hermanos.mx\\\/wp-content\\\/uploads\\\/2025\\\/08\\\/fai.jpeg\",\"width\":417,\"height\":417},{\"@type\":\"BreadcrumbList\",\"@id\":\"https:\\\/\\\/somos-hermanos.mx\\\/index.php\\\/2025\\\/08\\\/04\\\/fai-sonora-iap-por-un-futuro-mejor-para-las-infancias-mexicanas\\\/#breadcrumb\",\"itemListElement\":[{\"@type\":\"ListItem\",\"position\":1,\"name\":\"Inicio\",\"item\":\"https:\\\/\\\/somos-hermanos.mx\\\/\"},{\"@type\":\"ListItem\",\"position\":2,\"name\":\"FAI Sonora IAP: por un futuro mejor para las infancias mexicanas\"}]},{\"@type\":\"WebSite\",\"@id\":\"https:\\\/\\\/somos-hermanos.mx\\\/#website\",\"url\":\"https:\\\/\\\/somos-hermanos.mx\\\/\",\"name\":\"Historias que inspiran...\",\"description\":\"Somos la voz del altruismo en M\u00e9xico\",\"publisher\":{\"@id\":\"https:\\\/\\\/somos-hermanos.mx\\\/#organization\"},\"potentialAction\":[{\"@type\":\"SearchAction\",\"target\":{\"@type\":\"EntryPoint\",\"urlTemplate\":\"https:\\\/\\\/somos-hermanos.mx\\\/?s={search_term_string}\"},\"query-input\":{\"@type\":\"PropertyValueSpecification\",\"valueRequired\":true,\"valueName\":\"search_term_string\"}}],\"inLanguage\":\"es\"},{\"@type\":\"Organization\",\"@id\":\"https:\\\/\\\/somos-hermanos.mx\\\/#organization\",\"name\":\"Somos Hermanos\",\"url\":\"https:\\\/\\\/somos-hermanos.mx\\\/\",\"logo\":{\"@type\":\"ImageObject\",\"inLanguage\":\"es\",\"@id\":\"https:\\\/\\\/somos-hermanos.mx\\\/#\\\/schema\\\/logo\\\/image\\\/\",\"url\":\"https:\\\/\\\/somos-hermanos.mx\\\/wp-content\\\/uploads\\\/2025\\\/08\\\/SH30-1.jpeg\",\"contentUrl\":\"https:\\\/\\\/somos-hermanos.mx\\\/wp-content\\\/uploads\\\/2025\\\/08\\\/SH30-1.jpeg\",\"width\":1600,\"height\":1142,\"caption\":\"Somos Hermanos\"},\"image\":{\"@id\":\"https:\\\/\\\/somos-hermanos.mx\\\/#\\\/schema\\\/logo\\\/image\\\/\"},\"sameAs\":[\"https:\\\/\\\/www.facebook.com\\\/SomosHermanosIAP\\\/\",\"https:\\\/\\\/x.com\\\/Somos__Hermanos\",\"https:\\\/\\\/www.instagram.com\\\/somos__hermanos\\\/#\",\"https:\\\/\\\/www.tiktok.com\\\/@somoshermanosiap\",\"https:\\\/\\\/www.youtube.com\\\/@somoshermanosiap1201\\\/videos\"]},{\"@type\":\"Person\",\"@id\":\"https:\\\/\\\/somos-hermanos.mx\\\/#\\\/schema\\\/person\\\/63147baf7f8f25d37fd540b4579d022d\",\"name\":\"Ana Barroso Garc\u00eda\",\"image\":{\"@type\":\"ImageObject\",\"inLanguage\":\"es\",\"@id\":\"https:\\\/\\\/secure.gravatar.com\\\/avatar\\\/99424aceaeb520d9a017933f94c398823624182d51f42fe1b87fb56103345fc7?s=96&d=mm&r=g\",\"url\":\"https:\\\/\\\/secure.gravatar.com\\\/avatar\\\/99424aceaeb520d9a017933f94c398823624182d51f42fe1b87fb56103345fc7?s=96&d=mm&r=g\",\"contentUrl\":\"https:\\\/\\\/secure.gravatar.com\\\/avatar\\\/99424aceaeb520d9a017933f94c398823624182d51f42fe1b87fb56103345fc7?s=96&d=mm&r=g\",\"caption\":\"Ana Barroso Garc\u00eda\"},\"url\":\"https:\\\/\\\/somos-hermanos.mx\\\/index.php\\\/author\\\/ana-barroso-garcia\\\/\"}]}<\/script>\n<!-- \/ Yoast SEO plugin. -->","yoast_head_json":{"title":"FAI Sonora IAP: por un futuro mejor para las infancias mexicanas - Historias que inspiran...","robots":{"index":"index","follow":"follow","max-snippet":"max-snippet:-1","max-image-preview":"max-image-preview:large","max-video-preview":"max-video-preview:-1"},"canonical":"https:\/\/somos-hermanos.mx\/index.php\/2025\/08\/04\/fai-sonora-iap-por-un-futuro-mejor-para-las-infancias-mexicanas\/","og_locale":"es_MX","og_type":"article","og_title":"FAI Sonora IAP: por un futuro mejor para las infancias mexicanas - Historias que inspiran...","og_description":"De acuerdo con informaci\u00f3n de la Red por los Derechos de la Infancia en M\u00e9xico (REDIM), las entidades de la Rep\u00fablica Mexicana con m\u00e1s afectaciones en los derechos de la ni\u00f1ez y adolescencia en el periodo de 2023- 2024, fueron el Estado de M\u00e9xico, Guanajuato y Michoac\u00e1n. Las infancias y adolescentes representan una parte importante [&hellip;]","og_url":"https:\/\/somos-hermanos.mx\/index.php\/2025\/08\/04\/fai-sonora-iap-por-un-futuro-mejor-para-las-infancias-mexicanas\/","og_site_name":"Historias que inspiran...","article_publisher":"https:\/\/www.facebook.com\/SomosHermanosIAP\/","article_published_time":"2025-08-04T08:14:15+00:00","og_image":[{"width":417,"height":417,"url":"https:\/\/somos-hermanos.mx\/wp-content\/uploads\/2025\/08\/fai.jpeg","type":"image\/jpeg"}],"author":"Ana Barroso Garc\u00eda","twitter_card":"summary_large_image","twitter_creator":"@Somos__Hermanos","twitter_site":"@Somos__Hermanos","twitter_misc":{"Escrito por":"Ana Barroso Garc\u00eda","Tiempo de lectura":"4 minutos"},"schema":{"@context":"https:\/\/schema.org","@graph":[{"@type":"Article","@id":"https:\/\/somos-hermanos.mx\/index.php\/2025\/08\/04\/fai-sonora-iap-por-un-futuro-mejor-para-las-infancias-mexicanas\/#article","isPartOf":{"@id":"https:\/\/somos-hermanos.mx\/index.php\/2025\/08\/04\/fai-sonora-iap-por-un-futuro-mejor-para-las-infancias-mexicanas\/"},"author":{"name":"Ana Barroso Garc\u00eda","@id":"https:\/\/somos-hermanos.mx\/#\/schema\/person\/63147baf7f8f25d37fd540b4579d022d"},"headline":"FAI Sonora IAP: por un futuro mejor para las infancias mexicanas","datePublished":"2025-08-04T08:14:15+00:00","mainEntityOfPage":{"@id":"https:\/\/somos-hermanos.mx\/index.php\/2025\/08\/04\/fai-sonora-iap-por-un-futuro-mejor-para-las-infancias-mexicanas\/"},"wordCount":770,"commentCount":0,"publisher":{"@id":"https:\/\/somos-hermanos.mx\/#organization"},"image":{"@id":"https:\/\/somos-hermanos.mx\/index.php\/2025\/08\/04\/fai-sonora-iap-por-un-futuro-mejor-para-las-infancias-mexicanas\/#primaryimage"},"thumbnailUrl":"https:\/\/somos-hermanos.mx\/wp-content\/uploads\/2025\/08\/fai.jpeg","articleSection":["Noticias"],"inLanguage":"es","potentialAction":[{"@type":"CommentAction","name":"Comment","target":["https:\/\/somos-hermanos.mx\/index.php\/2025\/08\/04\/fai-sonora-iap-por-un-futuro-mejor-para-las-infancias-mexicanas\/#respond"]}]},{"@type":"WebPage","@id":"https:\/\/somos-hermanos.mx\/index.php\/2025\/08\/04\/fai-sonora-iap-por-un-futuro-mejor-para-las-infancias-mexicanas\/","url":"https:\/\/somos-hermanos.mx\/index.php\/2025\/08\/04\/fai-sonora-iap-por-un-futuro-mejor-para-las-infancias-mexicanas\/","name":"FAI Sonora IAP: por un futuro mejor para las infancias mexicanas - Historias que inspiran...","isPartOf":{"@id":"https:\/\/somos-hermanos.mx\/#website"},"primaryImageOfPage":{"@id":"https:\/\/somos-hermanos.mx\/index.php\/2025\/08\/04\/fai-sonora-iap-por-un-futuro-mejor-para-las-infancias-mexicanas\/#primaryimage"},"image":{"@id":"https:\/\/somos-hermanos.mx\/index.php\/2025\/08\/04\/fai-sonora-iap-por-un-futuro-mejor-para-las-infancias-mexicanas\/#primaryimage"},"thumbnailUrl":"https:\/\/somos-hermanos.mx\/wp-content\/uploads\/2025\/08\/fai.jpeg","datePublished":"2025-08-04T08:14:15+00:00","breadcrumb":{"@id":"https:\/\/somos-hermanos.mx\/index.php\/2025\/08\/04\/fai-sonora-iap-por-un-futuro-mejor-para-las-infancias-mexicanas\/#breadcrumb"},"inLanguage":"es","potentialAction":[{"@type":"ReadAction","target":["https:\/\/somos-hermanos.mx\/index.php\/2025\/08\/04\/fai-sonora-iap-por-un-futuro-mejor-para-las-infancias-mexicanas\/"]}]},{"@type":"ImageObject","inLanguage":"es","@id":"https:\/\/somos-hermanos.mx\/index.php\/2025\/08\/04\/fai-sonora-iap-por-un-futuro-mejor-para-las-infancias-mexicanas\/#primaryimage","url":"https:\/\/somos-hermanos.mx\/wp-content\/uploads\/2025\/08\/fai.jpeg","contentUrl":"https:\/\/somos-hermanos.mx\/wp-content\/uploads\/2025\/08\/fai.jpeg","width":417,"height":417},{"@type":"BreadcrumbList","@id":"https:\/\/somos-hermanos.mx\/index.php\/2025\/08\/04\/fai-sonora-iap-por-un-futuro-mejor-para-las-infancias-mexicanas\/#breadcrumb","itemListElement":[{"@type":"ListItem","position":1,"name":"Inicio","item":"https:\/\/somos-hermanos.mx\/"},{"@type":"ListItem","position":2,"name":"FAI Sonora IAP: por un futuro mejor para las infancias mexicanas"}]},{"@type":"WebSite","@id":"https:\/\/somos-hermanos.mx\/#website","url":"https:\/\/somos-hermanos.mx\/","name":"Historias que inspiran...","description":"Somos la voz del altruismo en M\u00e9xico","publisher":{"@id":"https:\/\/somos-hermanos.mx\/#organization"},"potentialAction":[{"@type":"SearchAction","target":{"@type":"EntryPoint","urlTemplate":"https:\/\/somos-hermanos.mx\/?s={search_term_string}"},"query-input":{"@type":"PropertyValueSpecification","valueRequired":true,"valueName":"search_term_string"}}],"inLanguage":"es"},{"@type":"Organization","@id":"https:\/\/somos-hermanos.mx\/#organization","name":"Somos Hermanos","url":"https:\/\/somos-hermanos.mx\/","logo":{"@type":"ImageObject","inLanguage":"es","@id":"https:\/\/somos-hermanos.mx\/#\/schema\/logo\/image\/","url":"https:\/\/somos-hermanos.mx\/wp-content\/uploads\/2025\/08\/SH30-1.jpeg","contentUrl":"https:\/\/somos-hermanos.mx\/wp-content\/uploads\/2025\/08\/SH30-1.jpeg","width":1600,"height":1142,"caption":"Somos Hermanos"},"image":{"@id":"https:\/\/somos-hermanos.mx\/#\/schema\/logo\/image\/"},"sameAs":["https:\/\/www.facebook.com\/SomosHermanosIAP\/","https:\/\/x.com\/Somos__Hermanos","https:\/\/www.instagram.com\/somos__hermanos\/#","https:\/\/www.tiktok.com\/@somoshermanosiap","https:\/\/www.youtube.com\/@somoshermanosiap1201\/videos"]},{"@type":"Person","@id":"https:\/\/somos-hermanos.mx\/#\/schema\/person\/63147baf7f8f25d37fd540b4579d022d","name":"Ana Barroso Garc\u00eda","image":{"@type":"ImageObject","inLanguage":"es","@id":"https:\/\/secure.gravatar.com\/avatar\/99424aceaeb520d9a017933f94c398823624182d51f42fe1b87fb56103345fc7?s=96&d=mm&r=g","url":"https:\/\/secure.gravatar.com\/avatar\/99424aceaeb520d9a017933f94c398823624182d51f42fe1b87fb56103345fc7?s=96&d=mm&r=g","contentUrl":"https:\/\/secure.gravatar.com\/avatar\/99424aceaeb520d9a017933f94c398823624182d51f42fe1b87fb56103345fc7?s=96&d=mm&r=g","caption":"Ana Barroso Garc\u00eda"},"url":"https:\/\/somos-hermanos.mx\/index.php\/author\/ana-barroso-garcia\/"}]}},"_links":{"self":[{"href":"https:\/\/somos-hermanos.mx\/index.php\/wp-json\/wp\/v2\/posts\/724","targetHints":{"allow":["GET"]}}],"collection":[{"href":"https:\/\/somos-hermanos.mx\/index.php\/wp-json\/wp\/v2\/posts"}],"about":[{"href":"https:\/\/somos-hermanos.mx\/index.php\/wp-json\/wp\/v2\/types\/post"}],"author":[{"embeddable":true,"href":"https:\/\/somos-hermanos.mx\/index.php\/wp-json\/wp\/v2\/users\/17"}],"replies":[{"embeddable":true,"href":"https:\/\/somos-hermanos.mx\/index.php\/wp-json\/wp\/v2\/comments?post=724"}],"version-history":[{"count":1,"href":"https:\/\/somos-hermanos.mx\/index.php\/wp-json\/wp\/v2\/posts\/724\/revisions"}],"predecessor-version":[{"id":726,"href":"https:\/\/somos-hermanos.mx\/index.php\/wp-json\/wp\/v2\/posts\/724\/revisions\/726"}],"wp:featuredmedia":[{"embeddable":true,"href":"https:\/\/somos-hermanos.mx\/index.php\/wp-json\/wp\/v2\/media\/725"}],"wp:attachment":[{"href":"https:\/\/somos-hermanos.mx\/index.php\/wp-json\/wp\/v2\/media?parent=724"}],"wp:term":[{"taxonomy":"category","embeddable":true,"href":"https:\/\/somos-hermanos.mx\/index.php\/wp-json\/wp\/v2\/categories?post=724"},{"taxonomy":"post_tag","embeddable":true,"href":"https:\/\/somos-hermanos.mx\/index.php\/wp-json\/wp\/v2\/tags?post=724"}],"curies":[{"name":"wp","href":"https:\/\/api.w.org\/{rel}","templated":true}]}}