{"id":721,"date":"2025-08-04T02:13:07","date_gmt":"2025-08-04T08:13:07","guid":{"rendered":"https:\/\/somos-hermanos.mx\/?p=721"},"modified":"2025-08-04T02:13:07","modified_gmt":"2025-08-04T08:13:07","slug":"fundacion-distribuidores-nissan-reafirma-su-compromiso-con-la-educacion","status":"publish","type":"post","link":"https:\/\/somos-hermanos.mx\/index.php\/2025\/08\/04\/fundacion-distribuidores-nissan-reafirma-su-compromiso-con-la-educacion\/","title":{"rendered":"Fundaci\u00f3n Distribuidores Nissan reafirma su compromiso con la educaci\u00f3n"},"content":{"rendered":"<p>La Fundaci\u00f3n Distribuidores Nissan AC <strong>refuerza su compromiso con la transformaci\u00f3n social <\/strong>a trav\u00e9s de la construcci\u00f3n y rehabilitaci\u00f3n de escuelas en zonas de alta vulnerabilidad. En el \u00faltimo a\u00f1o, ha concentrado sus esfuerzos en <strong>crear espacios educativos dignos y seguros para ni\u00f1as y ni\u00f1os en todo el pa\u00eds, <\/strong>asegurando que el cambio en el pa\u00eds comienza en las aulas.<\/p>\n<p>En conferencia de prensa, Guadalupe Mart\u00ednez, consejera de dicha organizaci\u00f3n, se\u00f1al\u00f3 \u201cTenemos un profundo <strong>compromiso social con las ni\u00f1as y ni\u00f1os y la educaci\u00f3n, <\/strong>ya que creemos firmemente que es el motor principal del desarrollo de toda sociedad. Por eso, participamos activamente en esta iniciativa. Fuimos invitados por la fundaci\u00f3n para sumarnos, y lo hacemos con much\u00edsimo entusiasmo y un verdadero esp\u00edritu altruista\u201d, afirm\u00f3.<\/p>\n<p>En el a\u00f1o 2024, Fundaci\u00f3n Distribuidores Nissan realiz\u00f3 alianzas estrat\u00e9gicas con Fundaci\u00f3n Robotix, Alas y Ra\u00edces y Nissan, por lo que lograron ampliar el impacto de sus programas, llevando <strong>educaci\u00f3n, creatividad y tecnolog\u00eda a cientos de ni\u00f1os y ni\u00f1as en M\u00e9xico.<\/strong><\/p>\n<p>Por otro lado, Miguel Zapata, empresario y consejero de Fundaci\u00f3n Nissan inform\u00f3 que, \u201cHemos tomado la decisi\u00f3n de apoyar activamente a nuestra comunidad, con el firme deseo de hacer las cosas cada vez mejor y dedicar un poco m\u00e1s de nuestro tiempo a causas que realmente importan. En este camino, canalizamos nuestros esfuerzos hacia la educaci\u00f3n, porque creemos profundamente que, si queremos que nuestro pa\u00eds avance, debemos empezar por ah\u00ed.<\/p>\n<p>\u201cSabemos que el cambio verdadero no ocurre de la noche a la ma\u00f1ana. Tal vez los frutos de este esfuerzo se vean en 20 o 25 a\u00f1os, o incluso m\u00e1s, pero estamos convencidos de que empieza con la educaci\u00f3n de nuestros hijos desde que son peque\u00f1os\u201d, puntualiz\u00f3.<\/p>\n<p>El compromiso de dicha organizaci\u00f3n es inquebrantable y <strong>contin\u00faan impulsando iniciativas que contribuyan al bienestar y desarrollo de la ni\u00f1ez. <\/strong>Porque cuando se invierte en la educaci\u00f3n y el crecimiento de las nuevas generaciones, est\u00e1n transformando el presente y asegurando un ma\u00f1ana lleno de posibilidades. Con valores firmes como la solidaridad, la colaboraci\u00f3n, la integridad y la transparencia, la Fundaci\u00f3n contin\u00faa impulsando iniciativas que colocan a la ni\u00f1ez en el centro del cambio.<\/p>\n<p>Con la mirada puesta en 2025, la Fundaci\u00f3n proyecta un total de 10 nuevas construcciones y reconstrucciones escolares, en los estados de Sonora, Tabasco, Oaxaca, Colima, Campeche, Estado de M\u00e9xico, Nayarit y Veracruz donde la educaci\u00f3n es el motor del cambio y, con cada esfuerzo est\u00e1n construyendo un M\u00e9xico con m\u00e1s oportunidades para todos.<\/p>\n<p>Asimismo, Kurt Aschentrupp, director de Fundaci\u00f3n Distribuidores Nissan indic\u00f3 que \u201cConstruir una escuela no es suficiente; <strong>nuestro compromiso es acompa\u00f1arla en su crecimiento. <\/strong>Mantenemos una presencia constante, buscando siempre c\u00f3mo enriquecer la experiencia educativa con programas adicionales.<\/p>\n<p>Por lo que, m\u00e1s all\u00e1 de la infraestructura, impulsamos programas educativos, voluntariados y alianzas con empresas que aportan valor al aprendizaje.<\/p>\n<p>As\u00ed, los alumnos de escuelas apoyadas por la Fundaci\u00f3n Nissan acceden a una educaci\u00f3n m\u00e1s completa, actualizada y alineada con las necesidades del mundo actual. Porque no se trata solo de construir aulas, sino de construir futuro\u201d, finaliz\u00f3 Kurt Aschentrupp.<\/p>\n<p>Cabe resaltar que, con 120 escuelas construidas en comunidades vulnerables de todo el pa\u00eds y m\u00e1s de 55 mil ni\u00f1os beneficiados por ciclo escolar, la Fundaci\u00f3n Distribuidores Nissan celebra sus casi 25 a\u00f1os de operaciones con nuevos proyectos en puerta.<\/p>\n","protected":false},"excerpt":{"rendered":"<p>La Fundaci\u00f3n Distribuidores Nissan AC refuerza su compromiso con la transformaci\u00f3n social a trav\u00e9s de la construcci\u00f3n y rehabilitaci\u00f3n de escuelas en zonas de alta vulnerabilidad. En el \u00faltimo a\u00f1o, ha concentrado sus esfuerzos en crear espacios educativos dignos y seguros para ni\u00f1as y ni\u00f1os en todo el pa\u00eds, asegurando que el cambio en el [&hellip;]<\/p>\n","protected":false},"author":8,"featured_media":722,"comment_status":"open","ping_status":"closed","sticky":false,"template":"","format":"standard","meta":{"footnotes":""},"categories":[6],"tags":[],"class_list":["post-721","post","type-post","status-publish","format-standard","has-post-thumbnail","hentry","category-noticias"],"yoast_head":"<!-- This site is optimized with the Yoast SEO plugin v27.4 - https:\/\/yoast.com\/product\/yoast-seo-wordpress\/ -->\n<title>Fundaci\u00f3n Distribuidores Nissan reafirma su compromiso con la educaci\u00f3n - Historias que inspiran...<\/title>\n<meta name=\"robots\" content=\"index, follow, max-snippet:-1, max-image-preview:large, max-video-preview:-1\" \/>\n<link rel=\"canonical\" href=\"https:\/\/somos-hermanos.mx\/index.php\/2025\/08\/04\/fundacion-distribuidores-nissan-reafirma-su-compromiso-con-la-educacion\/\" \/>\n<meta property=\"og:locale\" content=\"es_MX\" \/>\n<meta property=\"og:type\" content=\"article\" \/>\n<meta property=\"og:title\" content=\"Fundaci\u00f3n Distribuidores Nissan reafirma su compromiso con la educaci\u00f3n - Historias que inspiran...\" \/>\n<meta property=\"og:description\" content=\"La Fundaci\u00f3n Distribuidores Nissan AC refuerza su compromiso con la transformaci\u00f3n social a trav\u00e9s de la construcci\u00f3n y rehabilitaci\u00f3n de escuelas en zonas de alta vulnerabilidad. En el \u00faltimo a\u00f1o, ha concentrado sus esfuerzos en crear espacios educativos dignos y seguros para ni\u00f1as y ni\u00f1os en todo el pa\u00eds, asegurando que el cambio en el [&hellip;]\" \/>\n<meta property=\"og:url\" content=\"https:\/\/somos-hermanos.mx\/index.php\/2025\/08\/04\/fundacion-distribuidores-nissan-reafirma-su-compromiso-con-la-educacion\/\" \/>\n<meta property=\"og:site_name\" content=\"Historias que inspiran...\" \/>\n<meta property=\"article:publisher\" content=\"https:\/\/www.facebook.com\/SomosHermanosIAP\/\" \/>\n<meta property=\"article:published_time\" content=\"2025-08-04T08:13:07+00:00\" \/>\n<meta property=\"og:image\" content=\"https:\/\/somos-hermanos.mx\/wp-content\/uploads\/2025\/08\/nissa2.jpeg\" \/>\n\t<meta property=\"og:image:width\" content=\"1600\" \/>\n\t<meta property=\"og:image:height\" content=\"1204\" \/>\n\t<meta property=\"og:image:type\" content=\"image\/jpeg\" \/>\n<meta name=\"author\" content=\"Jes\u00fas Arizmendi\" \/>\n<meta name=\"twitter:card\" content=\"summary_large_image\" \/>\n<meta name=\"twitter:creator\" content=\"@Somos__Hermanos\" \/>\n<meta name=\"twitter:site\" content=\"@Somos__Hermanos\" \/>\n<meta name=\"twitter:label1\" content=\"Escrito por\" \/>\n\t<meta name=\"twitter:data1\" content=\"Jes\u00fas Arizmendi\" \/>\n\t<meta name=\"twitter:label2\" content=\"Tiempo de lectura\" \/>\n\t<meta name=\"twitter:data2\" content=\"3 minutos\" \/>\n<script type=\"application\/ld+json\" class=\"yoast-schema-graph\">{\"@context\":\"https:\\\/\\\/schema.org\",\"@graph\":[{\"@type\":\"Article\",\"@id\":\"https:\\\/\\\/somos-hermanos.mx\\\/index.php\\\/2025\\\/08\\\/04\\\/fundacion-distribuidores-nissan-reafirma-su-compromiso-con-la-educacion\\\/#article\",\"isPartOf\":{\"@id\":\"https:\\\/\\\/somos-hermanos.mx\\\/index.php\\\/2025\\\/08\\\/04\\\/fundacion-distribuidores-nissan-reafirma-su-compromiso-con-la-educacion\\\/\"},\"author\":{\"name\":\"Jes\u00fas Arizmendi\",\"@id\":\"https:\\\/\\\/somos-hermanos.mx\\\/#\\\/schema\\\/person\\\/945cdfed39314d9db1242f593aecb908\"},\"headline\":\"Fundaci\u00f3n Distribuidores Nissan reafirma su compromiso con la educaci\u00f3n\",\"datePublished\":\"2025-08-04T08:13:07+00:00\",\"mainEntityOfPage\":{\"@id\":\"https:\\\/\\\/somos-hermanos.mx\\\/index.php\\\/2025\\\/08\\\/04\\\/fundacion-distribuidores-nissan-reafirma-su-compromiso-con-la-educacion\\\/\"},\"wordCount\":617,\"commentCount\":0,\"publisher\":{\"@id\":\"https:\\\/\\\/somos-hermanos.mx\\\/#organization\"},\"image\":{\"@id\":\"https:\\\/\\\/somos-hermanos.mx\\\/index.php\\\/2025\\\/08\\\/04\\\/fundacion-distribuidores-nissan-reafirma-su-compromiso-con-la-educacion\\\/#primaryimage\"},\"thumbnailUrl\":\"https:\\\/\\\/somos-hermanos.mx\\\/wp-content\\\/uploads\\\/2025\\\/08\\\/nissa2.jpeg\",\"articleSection\":[\"Noticias\"],\"inLanguage\":\"es\",\"potentialAction\":[{\"@type\":\"CommentAction\",\"name\":\"Comment\",\"target\":[\"https:\\\/\\\/somos-hermanos.mx\\\/index.php\\\/2025\\\/08\\\/04\\\/fundacion-distribuidores-nissan-reafirma-su-compromiso-con-la-educacion\\\/#respond\"]}]},{\"@type\":\"WebPage\",\"@id\":\"https:\\\/\\\/somos-hermanos.mx\\\/index.php\\\/2025\\\/08\\\/04\\\/fundacion-distribuidores-nissan-reafirma-su-compromiso-con-la-educacion\\\/\",\"url\":\"https:\\\/\\\/somos-hermanos.mx\\\/index.php\\\/2025\\\/08\\\/04\\\/fundacion-distribuidores-nissan-reafirma-su-compromiso-con-la-educacion\\\/\",\"name\":\"Fundaci\u00f3n Distribuidores Nissan reafirma su compromiso con la educaci\u00f3n - Historias que inspiran...\",\"isPartOf\":{\"@id\":\"https:\\\/\\\/somos-hermanos.mx\\\/#website\"},\"primaryImageOfPage\":{\"@id\":\"https:\\\/\\\/somos-hermanos.mx\\\/index.php\\\/2025\\\/08\\\/04\\\/fundacion-distribuidores-nissan-reafirma-su-compromiso-con-la-educacion\\\/#primaryimage\"},\"image\":{\"@id\":\"https:\\\/\\\/somos-hermanos.mx\\\/index.php\\\/2025\\\/08\\\/04\\\/fundacion-distribuidores-nissan-reafirma-su-compromiso-con-la-educacion\\\/#primaryimage\"},\"thumbnailUrl\":\"https:\\\/\\\/somos-hermanos.mx\\\/wp-content\\\/uploads\\\/2025\\\/08\\\/nissa2.jpeg\",\"datePublished\":\"2025-08-04T08:13:07+00:00\",\"breadcrumb\":{\"@id\":\"https:\\\/\\\/somos-hermanos.mx\\\/index.php\\\/2025\\\/08\\\/04\\\/fundacion-distribuidores-nissan-reafirma-su-compromiso-con-la-educacion\\\/#breadcrumb\"},\"inLanguage\":\"es\",\"potentialAction\":[{\"@type\":\"ReadAction\",\"target\":[\"https:\\\/\\\/somos-hermanos.mx\\\/index.php\\\/2025\\\/08\\\/04\\\/fundacion-distribuidores-nissan-reafirma-su-compromiso-con-la-educacion\\\/\"]}]},{\"@type\":\"ImageObject\",\"inLanguage\":\"es\",\"@id\":\"https:\\\/\\\/somos-hermanos.mx\\\/index.php\\\/2025\\\/08\\\/04\\\/fundacion-distribuidores-nissan-reafirma-su-compromiso-con-la-educacion\\\/#primaryimage\",\"url\":\"https:\\\/\\\/somos-hermanos.mx\\\/wp-content\\\/uploads\\\/2025\\\/08\\\/nissa2.jpeg\",\"contentUrl\":\"https:\\\/\\\/somos-hermanos.mx\\\/wp-content\\\/uploads\\\/2025\\\/08\\\/nissa2.jpeg\",\"width\":1600,\"height\":1204},{\"@type\":\"BreadcrumbList\",\"@id\":\"https:\\\/\\\/somos-hermanos.mx\\\/index.php\\\/2025\\\/08\\\/04\\\/fundacion-distribuidores-nissan-reafirma-su-compromiso-con-la-educacion\\\/#breadcrumb\",\"itemListElement\":[{\"@type\":\"ListItem\",\"position\":1,\"name\":\"Inicio\",\"item\":\"https:\\\/\\\/somos-hermanos.mx\\\/\"},{\"@type\":\"ListItem\",\"position\":2,\"name\":\"Fundaci\u00f3n Distribuidores Nissan reafirma su compromiso con la educaci\u00f3n\"}]},{\"@type\":\"WebSite\",\"@id\":\"https:\\\/\\\/somos-hermanos.mx\\\/#website\",\"url\":\"https:\\\/\\\/somos-hermanos.mx\\\/\",\"name\":\"Historias que inspiran...\",\"description\":\"Somos la voz del altruismo en M\u00e9xico\",\"publisher\":{\"@id\":\"https:\\\/\\\/somos-hermanos.mx\\\/#organization\"},\"potentialAction\":[{\"@type\":\"SearchAction\",\"target\":{\"@type\":\"EntryPoint\",\"urlTemplate\":\"https:\\\/\\\/somos-hermanos.mx\\\/?s={search_term_string}\"},\"query-input\":{\"@type\":\"PropertyValueSpecification\",\"valueRequired\":true,\"valueName\":\"search_term_string\"}}],\"inLanguage\":\"es\"},{\"@type\":\"Organization\",\"@id\":\"https:\\\/\\\/somos-hermanos.mx\\\/#organization\",\"name\":\"Somos Hermanos\",\"url\":\"https:\\\/\\\/somos-hermanos.mx\\\/\",\"logo\":{\"@type\":\"ImageObject\",\"inLanguage\":\"es\",\"@id\":\"https:\\\/\\\/somos-hermanos.mx\\\/#\\\/schema\\\/logo\\\/image\\\/\",\"url\":\"https:\\\/\\\/somos-hermanos.mx\\\/wp-content\\\/uploads\\\/2025\\\/08\\\/SH30-1.jpeg\",\"contentUrl\":\"https:\\\/\\\/somos-hermanos.mx\\\/wp-content\\\/uploads\\\/2025\\\/08\\\/SH30-1.jpeg\",\"width\":1600,\"height\":1142,\"caption\":\"Somos Hermanos\"},\"image\":{\"@id\":\"https:\\\/\\\/somos-hermanos.mx\\\/#\\\/schema\\\/logo\\\/image\\\/\"},\"sameAs\":[\"https:\\\/\\\/www.facebook.com\\\/SomosHermanosIAP\\\/\",\"https:\\\/\\\/x.com\\\/Somos__Hermanos\",\"https:\\\/\\\/www.instagram.com\\\/somos__hermanos\\\/#\",\"https:\\\/\\\/www.tiktok.com\\\/@somoshermanosiap\",\"https:\\\/\\\/www.youtube.com\\\/@somoshermanosiap1201\\\/videos\"]},{\"@type\":\"Person\",\"@id\":\"https:\\\/\\\/somos-hermanos.mx\\\/#\\\/schema\\\/person\\\/945cdfed39314d9db1242f593aecb908\",\"name\":\"Jes\u00fas Arizmendi\",\"image\":{\"@type\":\"ImageObject\",\"inLanguage\":\"es\",\"@id\":\"https:\\\/\\\/secure.gravatar.com\\\/avatar\\\/9d2f2284f2cc108aae42b8fdb13afa29b801f64001b731516b830e4926cc1b4b?s=96&d=mm&r=g\",\"url\":\"https:\\\/\\\/secure.gravatar.com\\\/avatar\\\/9d2f2284f2cc108aae42b8fdb13afa29b801f64001b731516b830e4926cc1b4b?s=96&d=mm&r=g\",\"contentUrl\":\"https:\\\/\\\/secure.gravatar.com\\\/avatar\\\/9d2f2284f2cc108aae42b8fdb13afa29b801f64001b731516b830e4926cc1b4b?s=96&d=mm&r=g\",\"caption\":\"Jes\u00fas Arizmendi\"},\"url\":\"https:\\\/\\\/somos-hermanos.mx\\\/index.php\\\/author\\\/jesus-arizmendi\\\/\"}]}<\/script>\n<!-- \/ Yoast SEO plugin. -->","yoast_head_json":{"title":"Fundaci\u00f3n Distribuidores Nissan reafirma su compromiso con la educaci\u00f3n - Historias que inspiran...","robots":{"index":"index","follow":"follow","max-snippet":"max-snippet:-1","max-image-preview":"max-image-preview:large","max-video-preview":"max-video-preview:-1"},"canonical":"https:\/\/somos-hermanos.mx\/index.php\/2025\/08\/04\/fundacion-distribuidores-nissan-reafirma-su-compromiso-con-la-educacion\/","og_locale":"es_MX","og_type":"article","og_title":"Fundaci\u00f3n Distribuidores Nissan reafirma su compromiso con la educaci\u00f3n - Historias que inspiran...","og_description":"La Fundaci\u00f3n Distribuidores Nissan AC refuerza su compromiso con la transformaci\u00f3n social a trav\u00e9s de la construcci\u00f3n y rehabilitaci\u00f3n de escuelas en zonas de alta vulnerabilidad. En el \u00faltimo a\u00f1o, ha concentrado sus esfuerzos en crear espacios educativos dignos y seguros para ni\u00f1as y ni\u00f1os en todo el pa\u00eds, asegurando que el cambio en el [&hellip;]","og_url":"https:\/\/somos-hermanos.mx\/index.php\/2025\/08\/04\/fundacion-distribuidores-nissan-reafirma-su-compromiso-con-la-educacion\/","og_site_name":"Historias que inspiran...","article_publisher":"https:\/\/www.facebook.com\/SomosHermanosIAP\/","article_published_time":"2025-08-04T08:13:07+00:00","og_image":[{"width":1600,"height":1204,"url":"https:\/\/somos-hermanos.mx\/wp-content\/uploads\/2025\/08\/nissa2.jpeg","type":"image\/jpeg"}],"author":"Jes\u00fas Arizmendi","twitter_card":"summary_large_image","twitter_creator":"@Somos__Hermanos","twitter_site":"@Somos__Hermanos","twitter_misc":{"Escrito por":"Jes\u00fas Arizmendi","Tiempo de lectura":"3 minutos"},"schema":{"@context":"https:\/\/schema.org","@graph":[{"@type":"Article","@id":"https:\/\/somos-hermanos.mx\/index.php\/2025\/08\/04\/fundacion-distribuidores-nissan-reafirma-su-compromiso-con-la-educacion\/#article","isPartOf":{"@id":"https:\/\/somos-hermanos.mx\/index.php\/2025\/08\/04\/fundacion-distribuidores-nissan-reafirma-su-compromiso-con-la-educacion\/"},"author":{"name":"Jes\u00fas Arizmendi","@id":"https:\/\/somos-hermanos.mx\/#\/schema\/person\/945cdfed39314d9db1242f593aecb908"},"headline":"Fundaci\u00f3n Distribuidores Nissan reafirma su compromiso con la educaci\u00f3n","datePublished":"2025-08-04T08:13:07+00:00","mainEntityOfPage":{"@id":"https:\/\/somos-hermanos.mx\/index.php\/2025\/08\/04\/fundacion-distribuidores-nissan-reafirma-su-compromiso-con-la-educacion\/"},"wordCount":617,"commentCount":0,"publisher":{"@id":"https:\/\/somos-hermanos.mx\/#organization"},"image":{"@id":"https:\/\/somos-hermanos.mx\/index.php\/2025\/08\/04\/fundacion-distribuidores-nissan-reafirma-su-compromiso-con-la-educacion\/#primaryimage"},"thumbnailUrl":"https:\/\/somos-hermanos.mx\/wp-content\/uploads\/2025\/08\/nissa2.jpeg","articleSection":["Noticias"],"inLanguage":"es","potentialAction":[{"@type":"CommentAction","name":"Comment","target":["https:\/\/somos-hermanos.mx\/index.php\/2025\/08\/04\/fundacion-distribuidores-nissan-reafirma-su-compromiso-con-la-educacion\/#respond"]}]},{"@type":"WebPage","@id":"https:\/\/somos-hermanos.mx\/index.php\/2025\/08\/04\/fundacion-distribuidores-nissan-reafirma-su-compromiso-con-la-educacion\/","url":"https:\/\/somos-hermanos.mx\/index.php\/2025\/08\/04\/fundacion-distribuidores-nissan-reafirma-su-compromiso-con-la-educacion\/","name":"Fundaci\u00f3n Distribuidores Nissan reafirma su compromiso con la educaci\u00f3n - Historias que inspiran...","isPartOf":{"@id":"https:\/\/somos-hermanos.mx\/#website"},"primaryImageOfPage":{"@id":"https:\/\/somos-hermanos.mx\/index.php\/2025\/08\/04\/fundacion-distribuidores-nissan-reafirma-su-compromiso-con-la-educacion\/#primaryimage"},"image":{"@id":"https:\/\/somos-hermanos.mx\/index.php\/2025\/08\/04\/fundacion-distribuidores-nissan-reafirma-su-compromiso-con-la-educacion\/#primaryimage"},"thumbnailUrl":"https:\/\/somos-hermanos.mx\/wp-content\/uploads\/2025\/08\/nissa2.jpeg","datePublished":"2025-08-04T08:13:07+00:00","breadcrumb":{"@id":"https:\/\/somos-hermanos.mx\/index.php\/2025\/08\/04\/fundacion-distribuidores-nissan-reafirma-su-compromiso-con-la-educacion\/#breadcrumb"},"inLanguage":"es","potentialAction":[{"@type":"ReadAction","target":["https:\/\/somos-hermanos.mx\/index.php\/2025\/08\/04\/fundacion-distribuidores-nissan-reafirma-su-compromiso-con-la-educacion\/"]}]},{"@type":"ImageObject","inLanguage":"es","@id":"https:\/\/somos-hermanos.mx\/index.php\/2025\/08\/04\/fundacion-distribuidores-nissan-reafirma-su-compromiso-con-la-educacion\/#primaryimage","url":"https:\/\/somos-hermanos.mx\/wp-content\/uploads\/2025\/08\/nissa2.jpeg","contentUrl":"https:\/\/somos-hermanos.mx\/wp-content\/uploads\/2025\/08\/nissa2.jpeg","width":1600,"height":1204},{"@type":"BreadcrumbList","@id":"https:\/\/somos-hermanos.mx\/index.php\/2025\/08\/04\/fundacion-distribuidores-nissan-reafirma-su-compromiso-con-la-educacion\/#breadcrumb","itemListElement":[{"@type":"ListItem","position":1,"name":"Inicio","item":"https:\/\/somos-hermanos.mx\/"},{"@type":"ListItem","position":2,"name":"Fundaci\u00f3n Distribuidores Nissan reafirma su compromiso con la educaci\u00f3n"}]},{"@type":"WebSite","@id":"https:\/\/somos-hermanos.mx\/#website","url":"https:\/\/somos-hermanos.mx\/","name":"Historias que inspiran...","description":"Somos la voz del altruismo en M\u00e9xico","publisher":{"@id":"https:\/\/somos-hermanos.mx\/#organization"},"potentialAction":[{"@type":"SearchAction","target":{"@type":"EntryPoint","urlTemplate":"https:\/\/somos-hermanos.mx\/?s={search_term_string}"},"query-input":{"@type":"PropertyValueSpecification","valueRequired":true,"valueName":"search_term_string"}}],"inLanguage":"es"},{"@type":"Organization","@id":"https:\/\/somos-hermanos.mx\/#organization","name":"Somos Hermanos","url":"https:\/\/somos-hermanos.mx\/","logo":{"@type":"ImageObject","inLanguage":"es","@id":"https:\/\/somos-hermanos.mx\/#\/schema\/logo\/image\/","url":"https:\/\/somos-hermanos.mx\/wp-content\/uploads\/2025\/08\/SH30-1.jpeg","contentUrl":"https:\/\/somos-hermanos.mx\/wp-content\/uploads\/2025\/08\/SH30-1.jpeg","width":1600,"height":1142,"caption":"Somos Hermanos"},"image":{"@id":"https:\/\/somos-hermanos.mx\/#\/schema\/logo\/image\/"},"sameAs":["https:\/\/www.facebook.com\/SomosHermanosIAP\/","https:\/\/x.com\/Somos__Hermanos","https:\/\/www.instagram.com\/somos__hermanos\/#","https:\/\/www.tiktok.com\/@somoshermanosiap","https:\/\/www.youtube.com\/@somoshermanosiap1201\/videos"]},{"@type":"Person","@id":"https:\/\/somos-hermanos.mx\/#\/schema\/person\/945cdfed39314d9db1242f593aecb908","name":"Jes\u00fas Arizmendi","image":{"@type":"ImageObject","inLanguage":"es","@id":"https:\/\/secure.gravatar.com\/avatar\/9d2f2284f2cc108aae42b8fdb13afa29b801f64001b731516b830e4926cc1b4b?s=96&d=mm&r=g","url":"https:\/\/secure.gravatar.com\/avatar\/9d2f2284f2cc108aae42b8fdb13afa29b801f64001b731516b830e4926cc1b4b?s=96&d=mm&r=g","contentUrl":"https:\/\/secure.gravatar.com\/avatar\/9d2f2284f2cc108aae42b8fdb13afa29b801f64001b731516b830e4926cc1b4b?s=96&d=mm&r=g","caption":"Jes\u00fas Arizmendi"},"url":"https:\/\/somos-hermanos.mx\/index.php\/author\/jesus-arizmendi\/"}]}},"_links":{"self":[{"href":"https:\/\/somos-hermanos.mx\/index.php\/wp-json\/wp\/v2\/posts\/721","targetHints":{"allow":["GET"]}}],"collection":[{"href":"https:\/\/somos-hermanos.mx\/index.php\/wp-json\/wp\/v2\/posts"}],"about":[{"href":"https:\/\/somos-hermanos.mx\/index.php\/wp-json\/wp\/v2\/types\/post"}],"author":[{"embeddable":true,"href":"https:\/\/somos-hermanos.mx\/index.php\/wp-json\/wp\/v2\/users\/8"}],"replies":[{"embeddable":true,"href":"https:\/\/somos-hermanos.mx\/index.php\/wp-json\/wp\/v2\/comments?post=721"}],"version-history":[{"count":1,"href":"https:\/\/somos-hermanos.mx\/index.php\/wp-json\/wp\/v2\/posts\/721\/revisions"}],"predecessor-version":[{"id":723,"href":"https:\/\/somos-hermanos.mx\/index.php\/wp-json\/wp\/v2\/posts\/721\/revisions\/723"}],"wp:featuredmedia":[{"embeddable":true,"href":"https:\/\/somos-hermanos.mx\/index.php\/wp-json\/wp\/v2\/media\/722"}],"wp:attachment":[{"href":"https:\/\/somos-hermanos.mx\/index.php\/wp-json\/wp\/v2\/media?parent=721"}],"wp:term":[{"taxonomy":"category","embeddable":true,"href":"https:\/\/somos-hermanos.mx\/index.php\/wp-json\/wp\/v2\/categories?post=721"},{"taxonomy":"post_tag","embeddable":true,"href":"https:\/\/somos-hermanos.mx\/index.php\/wp-json\/wp\/v2\/tags?post=721"}],"curies":[{"name":"wp","href":"https:\/\/api.w.org\/{rel}","templated":true}]}}