{"id":718,"date":"2025-08-04T02:11:50","date_gmt":"2025-08-04T08:11:50","guid":{"rendered":"https:\/\/somos-hermanos.mx\/?p=718"},"modified":"2025-08-04T02:11:50","modified_gmt":"2025-08-04T08:11:50","slug":"se-desdibujan-los-limites-de-comunidades-indigenas-con-amigos-sin-frontera","status":"publish","type":"post","link":"https:\/\/somos-hermanos.mx\/index.php\/2025\/08\/04\/se-desdibujan-los-limites-de-comunidades-indigenas-con-amigos-sin-frontera\/","title":{"rendered":"Se desdibujan los l\u00edmites de comunidades ind\u00edgenas con Amigos sin Frontera"},"content":{"rendered":"<p>Las zonas m\u00e1s marginadas y de dif\u00edcil acceso en M\u00e9xico <strong>representan un obst\u00e1culo para que servicios de vital importancia lleguen a estas poblaciones, en especial atenci\u00f3n m\u00e9dica.<\/strong><\/p>\n<p>Esta problem\u00e1tica origin\u00f3 que en noviembre de 1995 se creara <strong>Amigos Sin Frontera, Asociaci\u00f3n Civil que, por el deseo de servir a las comunidades m\u00e1s necesitadas, <\/strong>junt\u00f3 a un grupo de profesionistas para brindar atenci\u00f3n m\u00e9dica.<\/p>\n<p>Fue as\u00ed que la organizaci\u00f3n desde hace casi tres d\u00e9cadas otorga una m\u00faltiple variedad de consultas y servicios que impactan en diversos Estados del pa\u00eds.<\/p>\n<p>Amigos sin Frontera AC <strong>brinda anualmente un promedio de tres a cuatro mil consultas m\u00e9dicas, visuales y dentales<\/strong>\u00a0de forma gratuita en sus diferentes campa\u00f1as de salud.<\/p>\n<p>Adem\u00e1s de ello, proporcionan atenci\u00f3n psicol\u00f3gica, consejer\u00eda familiar, asesor\u00eda legal, gestor\u00eda social, entrega de medicamentos, despensa, ropa, zapatos y juguetes.<\/p>\n<p>Su huella se expande a lo largo de Oaxaca, Guerrero, Durango, Veracruz, Michoac\u00e1n, Morelos, Puebla, Zacatecas, EDOMEX, Tabasco, Chiapas y CDMX.<\/p>\n<p>Llegar a una gran parte del territorio nacional significa encaminar los valores y labor de la asociaci\u00f3n para lograr que m\u00e1s personas accedan a servicios de salud de calidad.<\/p>\n<p>Cada a\u00f1o Amigos sin Frontera AC realiza dos salidas dentro del territorio nacional para llevar apoyo m\u00e9dico, ayuda social, consejer\u00eda, entre otros servicios.<\/p>\n<p>Dentro de las consultas m\u00e9dicas cuentan con diversas especialidades que aseguran un mejor diagn\u00f3stico y detecci\u00f3n para los beneficiarios, de las cuales se encuentran:<\/p>\n<ul>\n<li>Ginecolog\u00eda. Se realizan ex\u00e1menes m\u00e9dicos y consultas ginecol\u00f3gicas de rutina, as\u00ed como ultrasonidos, Papanicolaou, se informan de m\u00e9todos anticonceptivos y se ofrecen pruebas de embarazo.<\/li>\n<li>Pediatr\u00eda. Este apartado incluye atenci\u00f3n a beb\u00e9s, ni\u00f1os y adolescentes. Se atienden heridas, se hacen nebulizaciones y se imparte orientaci\u00f3n para padres.<\/li>\n<li>Geriatr\u00eda. Los adultos mayores se benefician de atenci\u00f3n a padecimientos y complicaciones de enfermedades existentes como diabetes e hipertensi\u00f3n.<\/li>\n<li>Medicina General. Sin olvidar el apartado general se brinda diagn\u00f3stico y tratamientos m\u00e9dicos de diferentes patolog\u00edas comunes, as\u00ed como la canalizaci\u00f3n con el especialista, si se cuenta con dicha especialidad.<\/li>\n<\/ul>\n<p>Aunado a esta variedad de servicios, Amigos sin Frontera AC cuenta con atenci\u00f3n dental y ofrece las siguientes consultas:<\/p>\n<ul>\n<li>Extracci\u00f3n.<\/li>\n<li>Pr\u00f3tesis.<\/li>\n<li>Cirug\u00edas.<\/li>\n<\/ul>\n<p>Nada de esto ser\u00eda posible sin un grupo multidisciplinario de profesionales de la salud conformando un equipo operativo eficaz y comprometido con la causa y labor altruista.<\/p>\n<p>Con oficinas centrales en el Estado de Morelos, <strong>Amigos sin Frontera no descansa para ofrecer la mejor atenci\u00f3n a las comunidades m\u00e1s necesitadas.<\/strong><\/p>\n<p>Existen muchas formas de ayudar, desde donativos en especie y a trav\u00e9s de dep\u00f3sitos bancarios con recibos deducibles de impuestos. M\u00e1s informaci\u00f3n se encuentra en su p\u00e1gina institucional y redes sociales.<\/p>\n<p><a href=\"https:\/\/amigosinfrontera.org\/\"><em><u>https:\/\/amigosinfrontera.org\/<\/u><\/em><\/a><\/p>\n<p><a href=\"mailto:contacto@amigosinfrontera.org\"><em><u>contacto@amigosinfrontera.org<\/u><\/em><\/a><\/p>\n","protected":false},"excerpt":{"rendered":"<p>Las zonas m\u00e1s marginadas y de dif\u00edcil acceso en M\u00e9xico representan un obst\u00e1culo para que servicios de vital importancia lleguen a estas poblaciones, en especial atenci\u00f3n m\u00e9dica. Esta problem\u00e1tica origin\u00f3 que en noviembre de 1995 se creara Amigos Sin Frontera, Asociaci\u00f3n Civil que, por el deseo de servir a las comunidades m\u00e1s necesitadas, junt\u00f3 a [&hellip;]<\/p>\n","protected":false},"author":10,"featured_media":719,"comment_status":"open","ping_status":"closed","sticky":false,"template":"","format":"standard","meta":{"footnotes":""},"categories":[6],"tags":[],"class_list":["post-718","post","type-post","status-publish","format-standard","has-post-thumbnail","hentry","category-noticias"],"yoast_head":"<!-- This site is optimized with the Yoast SEO plugin v27.4 - https:\/\/yoast.com\/product\/yoast-seo-wordpress\/ -->\n<title>Se desdibujan los l\u00edmites de comunidades ind\u00edgenas con Amigos sin Frontera - Historias que inspiran...<\/title>\n<meta name=\"robots\" content=\"index, follow, max-snippet:-1, max-image-preview:large, max-video-preview:-1\" \/>\n<link rel=\"canonical\" href=\"https:\/\/somos-hermanos.mx\/index.php\/2025\/08\/04\/se-desdibujan-los-limites-de-comunidades-indigenas-con-amigos-sin-frontera\/\" \/>\n<meta property=\"og:locale\" content=\"es_MX\" \/>\n<meta property=\"og:type\" content=\"article\" \/>\n<meta property=\"og:title\" content=\"Se desdibujan los l\u00edmites de comunidades ind\u00edgenas con Amigos sin Frontera - Historias que inspiran...\" \/>\n<meta property=\"og:description\" content=\"Las zonas m\u00e1s marginadas y de dif\u00edcil acceso en M\u00e9xico representan un obst\u00e1culo para que servicios de vital importancia lleguen a estas poblaciones, en especial atenci\u00f3n m\u00e9dica. Esta problem\u00e1tica origin\u00f3 que en noviembre de 1995 se creara Amigos Sin Frontera, Asociaci\u00f3n Civil que, por el deseo de servir a las comunidades m\u00e1s necesitadas, junt\u00f3 a [&hellip;]\" \/>\n<meta property=\"og:url\" content=\"https:\/\/somos-hermanos.mx\/index.php\/2025\/08\/04\/se-desdibujan-los-limites-de-comunidades-indigenas-con-amigos-sin-frontera\/\" \/>\n<meta property=\"og:site_name\" content=\"Historias que inspiran...\" \/>\n<meta property=\"article:publisher\" content=\"https:\/\/www.facebook.com\/SomosHermanosIAP\/\" \/>\n<meta property=\"article:published_time\" content=\"2025-08-04T08:11:50+00:00\" \/>\n<meta property=\"og:image\" content=\"https:\/\/somos-hermanos.mx\/wp-content\/uploads\/2025\/08\/front1.jpeg\" \/>\n\t<meta property=\"og:image:width\" content=\"1200\" \/>\n\t<meta property=\"og:image:height\" content=\"1600\" \/>\n\t<meta property=\"og:image:type\" content=\"image\/jpeg\" \/>\n<meta name=\"author\" content=\"Carlos Hernandez Huerta\" \/>\n<meta name=\"twitter:card\" content=\"summary_large_image\" \/>\n<meta name=\"twitter:creator\" content=\"@Somos__Hermanos\" \/>\n<meta name=\"twitter:site\" content=\"@Somos__Hermanos\" \/>\n<meta name=\"twitter:label1\" content=\"Escrito por\" \/>\n\t<meta name=\"twitter:data1\" content=\"Carlos Hernandez Huerta\" \/>\n\t<meta name=\"twitter:label2\" content=\"Tiempo de lectura\" \/>\n\t<meta name=\"twitter:data2\" content=\"3 minutos\" \/>\n<script type=\"application\/ld+json\" class=\"yoast-schema-graph\">{\"@context\":\"https:\\\/\\\/schema.org\",\"@graph\":[{\"@type\":\"Article\",\"@id\":\"https:\\\/\\\/somos-hermanos.mx\\\/index.php\\\/2025\\\/08\\\/04\\\/se-desdibujan-los-limites-de-comunidades-indigenas-con-amigos-sin-frontera\\\/#article\",\"isPartOf\":{\"@id\":\"https:\\\/\\\/somos-hermanos.mx\\\/index.php\\\/2025\\\/08\\\/04\\\/se-desdibujan-los-limites-de-comunidades-indigenas-con-amigos-sin-frontera\\\/\"},\"author\":{\"name\":\"Carlos Hernandez Huerta\",\"@id\":\"https:\\\/\\\/somos-hermanos.mx\\\/#\\\/schema\\\/person\\\/2466d21e6ade208f45dbc821298d62b6\"},\"headline\":\"Se desdibujan los l\u00edmites de comunidades ind\u00edgenas con Amigos sin Frontera\",\"datePublished\":\"2025-08-04T08:11:50+00:00\",\"mainEntityOfPage\":{\"@id\":\"https:\\\/\\\/somos-hermanos.mx\\\/index.php\\\/2025\\\/08\\\/04\\\/se-desdibujan-los-limites-de-comunidades-indigenas-con-amigos-sin-frontera\\\/\"},\"wordCount\":510,\"commentCount\":0,\"publisher\":{\"@id\":\"https:\\\/\\\/somos-hermanos.mx\\\/#organization\"},\"image\":{\"@id\":\"https:\\\/\\\/somos-hermanos.mx\\\/index.php\\\/2025\\\/08\\\/04\\\/se-desdibujan-los-limites-de-comunidades-indigenas-con-amigos-sin-frontera\\\/#primaryimage\"},\"thumbnailUrl\":\"https:\\\/\\\/somos-hermanos.mx\\\/wp-content\\\/uploads\\\/2025\\\/08\\\/front1.jpeg\",\"articleSection\":[\"Noticias\"],\"inLanguage\":\"es\",\"potentialAction\":[{\"@type\":\"CommentAction\",\"name\":\"Comment\",\"target\":[\"https:\\\/\\\/somos-hermanos.mx\\\/index.php\\\/2025\\\/08\\\/04\\\/se-desdibujan-los-limites-de-comunidades-indigenas-con-amigos-sin-frontera\\\/#respond\"]}]},{\"@type\":\"WebPage\",\"@id\":\"https:\\\/\\\/somos-hermanos.mx\\\/index.php\\\/2025\\\/08\\\/04\\\/se-desdibujan-los-limites-de-comunidades-indigenas-con-amigos-sin-frontera\\\/\",\"url\":\"https:\\\/\\\/somos-hermanos.mx\\\/index.php\\\/2025\\\/08\\\/04\\\/se-desdibujan-los-limites-de-comunidades-indigenas-con-amigos-sin-frontera\\\/\",\"name\":\"Se desdibujan los l\u00edmites de comunidades ind\u00edgenas con Amigos sin Frontera - Historias que inspiran...\",\"isPartOf\":{\"@id\":\"https:\\\/\\\/somos-hermanos.mx\\\/#website\"},\"primaryImageOfPage\":{\"@id\":\"https:\\\/\\\/somos-hermanos.mx\\\/index.php\\\/2025\\\/08\\\/04\\\/se-desdibujan-los-limites-de-comunidades-indigenas-con-amigos-sin-frontera\\\/#primaryimage\"},\"image\":{\"@id\":\"https:\\\/\\\/somos-hermanos.mx\\\/index.php\\\/2025\\\/08\\\/04\\\/se-desdibujan-los-limites-de-comunidades-indigenas-con-amigos-sin-frontera\\\/#primaryimage\"},\"thumbnailUrl\":\"https:\\\/\\\/somos-hermanos.mx\\\/wp-content\\\/uploads\\\/2025\\\/08\\\/front1.jpeg\",\"datePublished\":\"2025-08-04T08:11:50+00:00\",\"breadcrumb\":{\"@id\":\"https:\\\/\\\/somos-hermanos.mx\\\/index.php\\\/2025\\\/08\\\/04\\\/se-desdibujan-los-limites-de-comunidades-indigenas-con-amigos-sin-frontera\\\/#breadcrumb\"},\"inLanguage\":\"es\",\"potentialAction\":[{\"@type\":\"ReadAction\",\"target\":[\"https:\\\/\\\/somos-hermanos.mx\\\/index.php\\\/2025\\\/08\\\/04\\\/se-desdibujan-los-limites-de-comunidades-indigenas-con-amigos-sin-frontera\\\/\"]}]},{\"@type\":\"ImageObject\",\"inLanguage\":\"es\",\"@id\":\"https:\\\/\\\/somos-hermanos.mx\\\/index.php\\\/2025\\\/08\\\/04\\\/se-desdibujan-los-limites-de-comunidades-indigenas-con-amigos-sin-frontera\\\/#primaryimage\",\"url\":\"https:\\\/\\\/somos-hermanos.mx\\\/wp-content\\\/uploads\\\/2025\\\/08\\\/front1.jpeg\",\"contentUrl\":\"https:\\\/\\\/somos-hermanos.mx\\\/wp-content\\\/uploads\\\/2025\\\/08\\\/front1.jpeg\",\"width\":1200,\"height\":1600},{\"@type\":\"BreadcrumbList\",\"@id\":\"https:\\\/\\\/somos-hermanos.mx\\\/index.php\\\/2025\\\/08\\\/04\\\/se-desdibujan-los-limites-de-comunidades-indigenas-con-amigos-sin-frontera\\\/#breadcrumb\",\"itemListElement\":[{\"@type\":\"ListItem\",\"position\":1,\"name\":\"Inicio\",\"item\":\"https:\\\/\\\/somos-hermanos.mx\\\/\"},{\"@type\":\"ListItem\",\"position\":2,\"name\":\"Se desdibujan los l\u00edmites de comunidades ind\u00edgenas con Amigos sin Frontera\"}]},{\"@type\":\"WebSite\",\"@id\":\"https:\\\/\\\/somos-hermanos.mx\\\/#website\",\"url\":\"https:\\\/\\\/somos-hermanos.mx\\\/\",\"name\":\"Historias que inspiran...\",\"description\":\"Somos la voz del altruismo en M\u00e9xico\",\"publisher\":{\"@id\":\"https:\\\/\\\/somos-hermanos.mx\\\/#organization\"},\"potentialAction\":[{\"@type\":\"SearchAction\",\"target\":{\"@type\":\"EntryPoint\",\"urlTemplate\":\"https:\\\/\\\/somos-hermanos.mx\\\/?s={search_term_string}\"},\"query-input\":{\"@type\":\"PropertyValueSpecification\",\"valueRequired\":true,\"valueName\":\"search_term_string\"}}],\"inLanguage\":\"es\"},{\"@type\":\"Organization\",\"@id\":\"https:\\\/\\\/somos-hermanos.mx\\\/#organization\",\"name\":\"Somos Hermanos\",\"url\":\"https:\\\/\\\/somos-hermanos.mx\\\/\",\"logo\":{\"@type\":\"ImageObject\",\"inLanguage\":\"es\",\"@id\":\"https:\\\/\\\/somos-hermanos.mx\\\/#\\\/schema\\\/logo\\\/image\\\/\",\"url\":\"https:\\\/\\\/somos-hermanos.mx\\\/wp-content\\\/uploads\\\/2025\\\/08\\\/SH30-1.jpeg\",\"contentUrl\":\"https:\\\/\\\/somos-hermanos.mx\\\/wp-content\\\/uploads\\\/2025\\\/08\\\/SH30-1.jpeg\",\"width\":1600,\"height\":1142,\"caption\":\"Somos Hermanos\"},\"image\":{\"@id\":\"https:\\\/\\\/somos-hermanos.mx\\\/#\\\/schema\\\/logo\\\/image\\\/\"},\"sameAs\":[\"https:\\\/\\\/www.facebook.com\\\/SomosHermanosIAP\\\/\",\"https:\\\/\\\/x.com\\\/Somos__Hermanos\",\"https:\\\/\\\/www.instagram.com\\\/somos__hermanos\\\/#\",\"https:\\\/\\\/www.tiktok.com\\\/@somoshermanosiap\",\"https:\\\/\\\/www.youtube.com\\\/@somoshermanosiap1201\\\/videos\"]},{\"@type\":\"Person\",\"@id\":\"https:\\\/\\\/somos-hermanos.mx\\\/#\\\/schema\\\/person\\\/2466d21e6ade208f45dbc821298d62b6\",\"name\":\"Carlos Hernandez Huerta\",\"image\":{\"@type\":\"ImageObject\",\"inLanguage\":\"es\",\"@id\":\"https:\\\/\\\/secure.gravatar.com\\\/avatar\\\/51f6e8e89626306c560ccd8823655e34da99a1f976b5f71bb93591c6b45fd128?s=96&d=mm&r=g\",\"url\":\"https:\\\/\\\/secure.gravatar.com\\\/avatar\\\/51f6e8e89626306c560ccd8823655e34da99a1f976b5f71bb93591c6b45fd128?s=96&d=mm&r=g\",\"contentUrl\":\"https:\\\/\\\/secure.gravatar.com\\\/avatar\\\/51f6e8e89626306c560ccd8823655e34da99a1f976b5f71bb93591c6b45fd128?s=96&d=mm&r=g\",\"caption\":\"Carlos Hernandez Huerta\"},\"url\":\"https:\\\/\\\/somos-hermanos.mx\\\/index.php\\\/author\\\/carlos-hernandez-huerta\\\/\"}]}<\/script>\n<!-- \/ Yoast SEO plugin. -->","yoast_head_json":{"title":"Se desdibujan los l\u00edmites de comunidades ind\u00edgenas con Amigos sin Frontera - Historias que inspiran...","robots":{"index":"index","follow":"follow","max-snippet":"max-snippet:-1","max-image-preview":"max-image-preview:large","max-video-preview":"max-video-preview:-1"},"canonical":"https:\/\/somos-hermanos.mx\/index.php\/2025\/08\/04\/se-desdibujan-los-limites-de-comunidades-indigenas-con-amigos-sin-frontera\/","og_locale":"es_MX","og_type":"article","og_title":"Se desdibujan los l\u00edmites de comunidades ind\u00edgenas con Amigos sin Frontera - Historias que inspiran...","og_description":"Las zonas m\u00e1s marginadas y de dif\u00edcil acceso en M\u00e9xico representan un obst\u00e1culo para que servicios de vital importancia lleguen a estas poblaciones, en especial atenci\u00f3n m\u00e9dica. Esta problem\u00e1tica origin\u00f3 que en noviembre de 1995 se creara Amigos Sin Frontera, Asociaci\u00f3n Civil que, por el deseo de servir a las comunidades m\u00e1s necesitadas, junt\u00f3 a [&hellip;]","og_url":"https:\/\/somos-hermanos.mx\/index.php\/2025\/08\/04\/se-desdibujan-los-limites-de-comunidades-indigenas-con-amigos-sin-frontera\/","og_site_name":"Historias que inspiran...","article_publisher":"https:\/\/www.facebook.com\/SomosHermanosIAP\/","article_published_time":"2025-08-04T08:11:50+00:00","og_image":[{"width":1200,"height":1600,"url":"https:\/\/somos-hermanos.mx\/wp-content\/uploads\/2025\/08\/front1.jpeg","type":"image\/jpeg"}],"author":"Carlos Hernandez Huerta","twitter_card":"summary_large_image","twitter_creator":"@Somos__Hermanos","twitter_site":"@Somos__Hermanos","twitter_misc":{"Escrito por":"Carlos Hernandez Huerta","Tiempo de lectura":"3 minutos"},"schema":{"@context":"https:\/\/schema.org","@graph":[{"@type":"Article","@id":"https:\/\/somos-hermanos.mx\/index.php\/2025\/08\/04\/se-desdibujan-los-limites-de-comunidades-indigenas-con-amigos-sin-frontera\/#article","isPartOf":{"@id":"https:\/\/somos-hermanos.mx\/index.php\/2025\/08\/04\/se-desdibujan-los-limites-de-comunidades-indigenas-con-amigos-sin-frontera\/"},"author":{"name":"Carlos Hernandez Huerta","@id":"https:\/\/somos-hermanos.mx\/#\/schema\/person\/2466d21e6ade208f45dbc821298d62b6"},"headline":"Se desdibujan los l\u00edmites de comunidades ind\u00edgenas con Amigos sin Frontera","datePublished":"2025-08-04T08:11:50+00:00","mainEntityOfPage":{"@id":"https:\/\/somos-hermanos.mx\/index.php\/2025\/08\/04\/se-desdibujan-los-limites-de-comunidades-indigenas-con-amigos-sin-frontera\/"},"wordCount":510,"commentCount":0,"publisher":{"@id":"https:\/\/somos-hermanos.mx\/#organization"},"image":{"@id":"https:\/\/somos-hermanos.mx\/index.php\/2025\/08\/04\/se-desdibujan-los-limites-de-comunidades-indigenas-con-amigos-sin-frontera\/#primaryimage"},"thumbnailUrl":"https:\/\/somos-hermanos.mx\/wp-content\/uploads\/2025\/08\/front1.jpeg","articleSection":["Noticias"],"inLanguage":"es","potentialAction":[{"@type":"CommentAction","name":"Comment","target":["https:\/\/somos-hermanos.mx\/index.php\/2025\/08\/04\/se-desdibujan-los-limites-de-comunidades-indigenas-con-amigos-sin-frontera\/#respond"]}]},{"@type":"WebPage","@id":"https:\/\/somos-hermanos.mx\/index.php\/2025\/08\/04\/se-desdibujan-los-limites-de-comunidades-indigenas-con-amigos-sin-frontera\/","url":"https:\/\/somos-hermanos.mx\/index.php\/2025\/08\/04\/se-desdibujan-los-limites-de-comunidades-indigenas-con-amigos-sin-frontera\/","name":"Se desdibujan los l\u00edmites de comunidades ind\u00edgenas con Amigos sin Frontera - Historias que inspiran...","isPartOf":{"@id":"https:\/\/somos-hermanos.mx\/#website"},"primaryImageOfPage":{"@id":"https:\/\/somos-hermanos.mx\/index.php\/2025\/08\/04\/se-desdibujan-los-limites-de-comunidades-indigenas-con-amigos-sin-frontera\/#primaryimage"},"image":{"@id":"https:\/\/somos-hermanos.mx\/index.php\/2025\/08\/04\/se-desdibujan-los-limites-de-comunidades-indigenas-con-amigos-sin-frontera\/#primaryimage"},"thumbnailUrl":"https:\/\/somos-hermanos.mx\/wp-content\/uploads\/2025\/08\/front1.jpeg","datePublished":"2025-08-04T08:11:50+00:00","breadcrumb":{"@id":"https:\/\/somos-hermanos.mx\/index.php\/2025\/08\/04\/se-desdibujan-los-limites-de-comunidades-indigenas-con-amigos-sin-frontera\/#breadcrumb"},"inLanguage":"es","potentialAction":[{"@type":"ReadAction","target":["https:\/\/somos-hermanos.mx\/index.php\/2025\/08\/04\/se-desdibujan-los-limites-de-comunidades-indigenas-con-amigos-sin-frontera\/"]}]},{"@type":"ImageObject","inLanguage":"es","@id":"https:\/\/somos-hermanos.mx\/index.php\/2025\/08\/04\/se-desdibujan-los-limites-de-comunidades-indigenas-con-amigos-sin-frontera\/#primaryimage","url":"https:\/\/somos-hermanos.mx\/wp-content\/uploads\/2025\/08\/front1.jpeg","contentUrl":"https:\/\/somos-hermanos.mx\/wp-content\/uploads\/2025\/08\/front1.jpeg","width":1200,"height":1600},{"@type":"BreadcrumbList","@id":"https:\/\/somos-hermanos.mx\/index.php\/2025\/08\/04\/se-desdibujan-los-limites-de-comunidades-indigenas-con-amigos-sin-frontera\/#breadcrumb","itemListElement":[{"@type":"ListItem","position":1,"name":"Inicio","item":"https:\/\/somos-hermanos.mx\/"},{"@type":"ListItem","position":2,"name":"Se desdibujan los l\u00edmites de comunidades ind\u00edgenas con Amigos sin Frontera"}]},{"@type":"WebSite","@id":"https:\/\/somos-hermanos.mx\/#website","url":"https:\/\/somos-hermanos.mx\/","name":"Historias que inspiran...","description":"Somos la voz del altruismo en M\u00e9xico","publisher":{"@id":"https:\/\/somos-hermanos.mx\/#organization"},"potentialAction":[{"@type":"SearchAction","target":{"@type":"EntryPoint","urlTemplate":"https:\/\/somos-hermanos.mx\/?s={search_term_string}"},"query-input":{"@type":"PropertyValueSpecification","valueRequired":true,"valueName":"search_term_string"}}],"inLanguage":"es"},{"@type":"Organization","@id":"https:\/\/somos-hermanos.mx\/#organization","name":"Somos Hermanos","url":"https:\/\/somos-hermanos.mx\/","logo":{"@type":"ImageObject","inLanguage":"es","@id":"https:\/\/somos-hermanos.mx\/#\/schema\/logo\/image\/","url":"https:\/\/somos-hermanos.mx\/wp-content\/uploads\/2025\/08\/SH30-1.jpeg","contentUrl":"https:\/\/somos-hermanos.mx\/wp-content\/uploads\/2025\/08\/SH30-1.jpeg","width":1600,"height":1142,"caption":"Somos Hermanos"},"image":{"@id":"https:\/\/somos-hermanos.mx\/#\/schema\/logo\/image\/"},"sameAs":["https:\/\/www.facebook.com\/SomosHermanosIAP\/","https:\/\/x.com\/Somos__Hermanos","https:\/\/www.instagram.com\/somos__hermanos\/#","https:\/\/www.tiktok.com\/@somoshermanosiap","https:\/\/www.youtube.com\/@somoshermanosiap1201\/videos"]},{"@type":"Person","@id":"https:\/\/somos-hermanos.mx\/#\/schema\/person\/2466d21e6ade208f45dbc821298d62b6","name":"Carlos Hernandez Huerta","image":{"@type":"ImageObject","inLanguage":"es","@id":"https:\/\/secure.gravatar.com\/avatar\/51f6e8e89626306c560ccd8823655e34da99a1f976b5f71bb93591c6b45fd128?s=96&d=mm&r=g","url":"https:\/\/secure.gravatar.com\/avatar\/51f6e8e89626306c560ccd8823655e34da99a1f976b5f71bb93591c6b45fd128?s=96&d=mm&r=g","contentUrl":"https:\/\/secure.gravatar.com\/avatar\/51f6e8e89626306c560ccd8823655e34da99a1f976b5f71bb93591c6b45fd128?s=96&d=mm&r=g","caption":"Carlos Hernandez Huerta"},"url":"https:\/\/somos-hermanos.mx\/index.php\/author\/carlos-hernandez-huerta\/"}]}},"_links":{"self":[{"href":"https:\/\/somos-hermanos.mx\/index.php\/wp-json\/wp\/v2\/posts\/718","targetHints":{"allow":["GET"]}}],"collection":[{"href":"https:\/\/somos-hermanos.mx\/index.php\/wp-json\/wp\/v2\/posts"}],"about":[{"href":"https:\/\/somos-hermanos.mx\/index.php\/wp-json\/wp\/v2\/types\/post"}],"author":[{"embeddable":true,"href":"https:\/\/somos-hermanos.mx\/index.php\/wp-json\/wp\/v2\/users\/10"}],"replies":[{"embeddable":true,"href":"https:\/\/somos-hermanos.mx\/index.php\/wp-json\/wp\/v2\/comments?post=718"}],"version-history":[{"count":1,"href":"https:\/\/somos-hermanos.mx\/index.php\/wp-json\/wp\/v2\/posts\/718\/revisions"}],"predecessor-version":[{"id":720,"href":"https:\/\/somos-hermanos.mx\/index.php\/wp-json\/wp\/v2\/posts\/718\/revisions\/720"}],"wp:featuredmedia":[{"embeddable":true,"href":"https:\/\/somos-hermanos.mx\/index.php\/wp-json\/wp\/v2\/media\/719"}],"wp:attachment":[{"href":"https:\/\/somos-hermanos.mx\/index.php\/wp-json\/wp\/v2\/media?parent=718"}],"wp:term":[{"taxonomy":"category","embeddable":true,"href":"https:\/\/somos-hermanos.mx\/index.php\/wp-json\/wp\/v2\/categories?post=718"},{"taxonomy":"post_tag","embeddable":true,"href":"https:\/\/somos-hermanos.mx\/index.php\/wp-json\/wp\/v2\/tags?post=718"}],"curies":[{"name":"wp","href":"https:\/\/api.w.org\/{rel}","templated":true}]}}