{"id":712,"date":"2025-08-04T02:09:05","date_gmt":"2025-08-04T08:09:05","guid":{"rendered":"https:\/\/somos-hermanos.mx\/?p=712"},"modified":"2025-08-04T02:09:05","modified_gmt":"2025-08-04T08:09:05","slug":"escuchar-cambia-vidas-la-labor-transformadora-de-mexico-sin-sordera","status":"publish","type":"post","link":"https:\/\/somos-hermanos.mx\/index.php\/2025\/08\/04\/escuchar-cambia-vidas-la-labor-transformadora-de-mexico-sin-sordera\/","title":{"rendered":"Escuchar cambia vidas: La labor transformadora de M\u00e9xico Sin Sordera"},"content":{"rendered":"<p>La Fundaci\u00f3n M\u00e9xico Sin Sordera AC <strong>se dedica a apoyar a personas con discapacidad auditiva, ofreciendo tratamientos como implantes cocleares y auxiliares auditivos. <\/strong>Adem\u00e1s, promueve la inclusi\u00f3n y el acompa\u00f1amiento integral a sus beneficiarios, fomentando la participaci\u00f3n de voluntarios para mejorar la calidad de vida de la comunidad.<\/p>\n<p>La organizaci\u00f3n M\u00e9xico sin sordera se dedica a apoyar a personas con discapacidad auditiva desde 2018. Su enfoque es <strong>proporcionar asistencia integral durante el proceso de audici\u00f3n; <\/strong>La discapacidad auditiva es a menudo invisible, y las personas no se dan cuenta de su problema hasta que se convierte en un obst\u00e1culo diario. Esto genera aislamiento social y frustraci\u00f3n.<\/p>\n<p>La p\u00e9rdida auditiva puede requerir m\u00e9todos de diagn\u00f3stico precisos, como pruebas de aislamiento para determinar la necesidad de auxiliares auditivos o implantes cocleares. <strong>Estos dispositivos son espec\u00edficos para casos de p\u00e9rdida auditiva profunda y requieren un protocolo detallado para su aplicaci\u00f3n, <\/strong>la importancia de los dispositivos auditivos y su adaptaci\u00f3n depende del diagn\u00f3stico personal.<\/p>\n<p>Cada paciente tiene diferentes necesidades y prioridades, que deben ser consideradas para un tratamiento efectivo, los dispositivos auditivos de \u00faltima generaci\u00f3n est\u00e1n dise\u00f1ados espec\u00edficamente para atender las \u00e1reas de audici\u00f3n donde el usuario tiene dificultad. Esto asegura un beneficio real a largo plazo.<\/p>\n<p>Es fundamental que las personas consulten a especialistas para obtener un diagn\u00f3stico adecuado y calibrar los dispositivos auditivos. Esto garantiza que el usuario reciba el tratamiento correcto para su situaci\u00f3n.<\/p>\n<p>El voluntariado es esencial para el desarrollo de organizaciones de la sociedad civil, ya que permite que las personas contribuyan sin esperar nada a cambio. <strong>La participaci\u00f3n de los voluntarios en diversas actividades beneficia tanto a la comunidad como a las propias organizaciones, <\/strong>la importancia de conocer las motivaciones de los voluntarios es esencial para canalizar sus esfuerzos adecuadamente.<\/p>\n<p>Esto asegura que se involucren en actividades que realmente les interesen y beneficien a la organizaci\u00f3n, las reacciones de los padres al escuchar la voz de sus hijos son momentos emotivos que muestran la importancia del trabajo realizado. Estas experiencias crean conexiones profundas entre familias y profesionales.<\/p>\n<p>La labor de ayudar a personas con discapacidad auditiva es profundamente gratificante, pues se observa c\u00f3mo cambia la vida de los beneficiarios y sus familias. Las reacciones emocionales de los padres al escuchar a sus hijos son momentos impactantes y conmovedores.<\/p>\n","protected":false},"excerpt":{"rendered":"<p>La Fundaci\u00f3n M\u00e9xico Sin Sordera AC se dedica a apoyar a personas con discapacidad auditiva, ofreciendo tratamientos como implantes cocleares y auxiliares auditivos. Adem\u00e1s, promueve la inclusi\u00f3n y el acompa\u00f1amiento integral a sus beneficiarios, fomentando la participaci\u00f3n de voluntarios para mejorar la calidad de vida de la comunidad. La organizaci\u00f3n M\u00e9xico sin sordera se dedica [&hellip;]<\/p>\n","protected":false},"author":25,"featured_media":713,"comment_status":"open","ping_status":"closed","sticky":false,"template":"","format":"standard","meta":{"footnotes":""},"categories":[6],"tags":[],"class_list":["post-712","post","type-post","status-publish","format-standard","has-post-thumbnail","hentry","category-noticias"],"yoast_head":"<!-- This site is optimized with the Yoast SEO plugin v27.4 - https:\/\/yoast.com\/product\/yoast-seo-wordpress\/ -->\n<title>Escuchar cambia vidas: La labor transformadora de M\u00e9xico Sin Sordera - Historias que inspiran...<\/title>\n<meta name=\"robots\" content=\"index, follow, max-snippet:-1, max-image-preview:large, max-video-preview:-1\" \/>\n<link rel=\"canonical\" href=\"https:\/\/somos-hermanos.mx\/index.php\/2025\/08\/04\/escuchar-cambia-vidas-la-labor-transformadora-de-mexico-sin-sordera\/\" \/>\n<meta property=\"og:locale\" content=\"es_MX\" \/>\n<meta property=\"og:type\" content=\"article\" \/>\n<meta property=\"og:title\" content=\"Escuchar cambia vidas: La labor transformadora de M\u00e9xico Sin Sordera - Historias que inspiran...\" \/>\n<meta property=\"og:description\" content=\"La Fundaci\u00f3n M\u00e9xico Sin Sordera AC se dedica a apoyar a personas con discapacidad auditiva, ofreciendo tratamientos como implantes cocleares y auxiliares auditivos. Adem\u00e1s, promueve la inclusi\u00f3n y el acompa\u00f1amiento integral a sus beneficiarios, fomentando la participaci\u00f3n de voluntarios para mejorar la calidad de vida de la comunidad. La organizaci\u00f3n M\u00e9xico sin sordera se dedica [&hellip;]\" \/>\n<meta property=\"og:url\" content=\"https:\/\/somos-hermanos.mx\/index.php\/2025\/08\/04\/escuchar-cambia-vidas-la-labor-transformadora-de-mexico-sin-sordera\/\" \/>\n<meta property=\"og:site_name\" content=\"Historias que inspiran...\" \/>\n<meta property=\"article:publisher\" content=\"https:\/\/www.facebook.com\/SomosHermanosIAP\/\" \/>\n<meta property=\"article:published_time\" content=\"2025-08-04T08:09:05+00:00\" \/>\n<meta property=\"og:image\" content=\"https:\/\/somos-hermanos.mx\/wp-content\/uploads\/2025\/08\/sorde2.jpeg\" \/>\n\t<meta property=\"og:image:width\" content=\"1600\" \/>\n\t<meta property=\"og:image:height\" content=\"1200\" \/>\n\t<meta property=\"og:image:type\" content=\"image\/jpeg\" \/>\n<meta name=\"author\" content=\"Ricardo Mart\u00ednez Ram\u00edrez\" \/>\n<meta name=\"twitter:card\" content=\"summary_large_image\" \/>\n<meta name=\"twitter:creator\" content=\"@Somos__Hermanos\" \/>\n<meta name=\"twitter:site\" content=\"@Somos__Hermanos\" \/>\n<meta name=\"twitter:label1\" content=\"Escrito por\" \/>\n\t<meta name=\"twitter:data1\" content=\"Ricardo Mart\u00ednez Ram\u00edrez\" \/>\n\t<meta name=\"twitter:label2\" content=\"Tiempo de lectura\" \/>\n\t<meta name=\"twitter:data2\" content=\"2 minutos\" \/>\n<script type=\"application\/ld+json\" class=\"yoast-schema-graph\">{\"@context\":\"https:\\\/\\\/schema.org\",\"@graph\":[{\"@type\":\"Article\",\"@id\":\"https:\\\/\\\/somos-hermanos.mx\\\/index.php\\\/2025\\\/08\\\/04\\\/escuchar-cambia-vidas-la-labor-transformadora-de-mexico-sin-sordera\\\/#article\",\"isPartOf\":{\"@id\":\"https:\\\/\\\/somos-hermanos.mx\\\/index.php\\\/2025\\\/08\\\/04\\\/escuchar-cambia-vidas-la-labor-transformadora-de-mexico-sin-sordera\\\/\"},\"author\":{\"name\":\"Ricardo Mart\u00ednez Ram\u00edrez\",\"@id\":\"https:\\\/\\\/somos-hermanos.mx\\\/#\\\/schema\\\/person\\\/8f173caf3165cc629ef3803568901def\"},\"headline\":\"Escuchar cambia vidas: La labor transformadora de M\u00e9xico Sin Sordera\",\"datePublished\":\"2025-08-04T08:09:05+00:00\",\"mainEntityOfPage\":{\"@id\":\"https:\\\/\\\/somos-hermanos.mx\\\/index.php\\\/2025\\\/08\\\/04\\\/escuchar-cambia-vidas-la-labor-transformadora-de-mexico-sin-sordera\\\/\"},\"wordCount\":419,\"commentCount\":0,\"publisher\":{\"@id\":\"https:\\\/\\\/somos-hermanos.mx\\\/#organization\"},\"image\":{\"@id\":\"https:\\\/\\\/somos-hermanos.mx\\\/index.php\\\/2025\\\/08\\\/04\\\/escuchar-cambia-vidas-la-labor-transformadora-de-mexico-sin-sordera\\\/#primaryimage\"},\"thumbnailUrl\":\"https:\\\/\\\/somos-hermanos.mx\\\/wp-content\\\/uploads\\\/2025\\\/08\\\/sorde2.jpeg\",\"articleSection\":[\"Noticias\"],\"inLanguage\":\"es\",\"potentialAction\":[{\"@type\":\"CommentAction\",\"name\":\"Comment\",\"target\":[\"https:\\\/\\\/somos-hermanos.mx\\\/index.php\\\/2025\\\/08\\\/04\\\/escuchar-cambia-vidas-la-labor-transformadora-de-mexico-sin-sordera\\\/#respond\"]}]},{\"@type\":\"WebPage\",\"@id\":\"https:\\\/\\\/somos-hermanos.mx\\\/index.php\\\/2025\\\/08\\\/04\\\/escuchar-cambia-vidas-la-labor-transformadora-de-mexico-sin-sordera\\\/\",\"url\":\"https:\\\/\\\/somos-hermanos.mx\\\/index.php\\\/2025\\\/08\\\/04\\\/escuchar-cambia-vidas-la-labor-transformadora-de-mexico-sin-sordera\\\/\",\"name\":\"Escuchar cambia vidas: La labor transformadora de M\u00e9xico Sin Sordera - Historias que inspiran...\",\"isPartOf\":{\"@id\":\"https:\\\/\\\/somos-hermanos.mx\\\/#website\"},\"primaryImageOfPage\":{\"@id\":\"https:\\\/\\\/somos-hermanos.mx\\\/index.php\\\/2025\\\/08\\\/04\\\/escuchar-cambia-vidas-la-labor-transformadora-de-mexico-sin-sordera\\\/#primaryimage\"},\"image\":{\"@id\":\"https:\\\/\\\/somos-hermanos.mx\\\/index.php\\\/2025\\\/08\\\/04\\\/escuchar-cambia-vidas-la-labor-transformadora-de-mexico-sin-sordera\\\/#primaryimage\"},\"thumbnailUrl\":\"https:\\\/\\\/somos-hermanos.mx\\\/wp-content\\\/uploads\\\/2025\\\/08\\\/sorde2.jpeg\",\"datePublished\":\"2025-08-04T08:09:05+00:00\",\"breadcrumb\":{\"@id\":\"https:\\\/\\\/somos-hermanos.mx\\\/index.php\\\/2025\\\/08\\\/04\\\/escuchar-cambia-vidas-la-labor-transformadora-de-mexico-sin-sordera\\\/#breadcrumb\"},\"inLanguage\":\"es\",\"potentialAction\":[{\"@type\":\"ReadAction\",\"target\":[\"https:\\\/\\\/somos-hermanos.mx\\\/index.php\\\/2025\\\/08\\\/04\\\/escuchar-cambia-vidas-la-labor-transformadora-de-mexico-sin-sordera\\\/\"]}]},{\"@type\":\"ImageObject\",\"inLanguage\":\"es\",\"@id\":\"https:\\\/\\\/somos-hermanos.mx\\\/index.php\\\/2025\\\/08\\\/04\\\/escuchar-cambia-vidas-la-labor-transformadora-de-mexico-sin-sordera\\\/#primaryimage\",\"url\":\"https:\\\/\\\/somos-hermanos.mx\\\/wp-content\\\/uploads\\\/2025\\\/08\\\/sorde2.jpeg\",\"contentUrl\":\"https:\\\/\\\/somos-hermanos.mx\\\/wp-content\\\/uploads\\\/2025\\\/08\\\/sorde2.jpeg\",\"width\":1600,\"height\":1200},{\"@type\":\"BreadcrumbList\",\"@id\":\"https:\\\/\\\/somos-hermanos.mx\\\/index.php\\\/2025\\\/08\\\/04\\\/escuchar-cambia-vidas-la-labor-transformadora-de-mexico-sin-sordera\\\/#breadcrumb\",\"itemListElement\":[{\"@type\":\"ListItem\",\"position\":1,\"name\":\"Inicio\",\"item\":\"https:\\\/\\\/somos-hermanos.mx\\\/\"},{\"@type\":\"ListItem\",\"position\":2,\"name\":\"Escuchar cambia vidas: La labor transformadora de M\u00e9xico Sin Sordera\"}]},{\"@type\":\"WebSite\",\"@id\":\"https:\\\/\\\/somos-hermanos.mx\\\/#website\",\"url\":\"https:\\\/\\\/somos-hermanos.mx\\\/\",\"name\":\"Historias que inspiran...\",\"description\":\"Somos la voz del altruismo en M\u00e9xico\",\"publisher\":{\"@id\":\"https:\\\/\\\/somos-hermanos.mx\\\/#organization\"},\"potentialAction\":[{\"@type\":\"SearchAction\",\"target\":{\"@type\":\"EntryPoint\",\"urlTemplate\":\"https:\\\/\\\/somos-hermanos.mx\\\/?s={search_term_string}\"},\"query-input\":{\"@type\":\"PropertyValueSpecification\",\"valueRequired\":true,\"valueName\":\"search_term_string\"}}],\"inLanguage\":\"es\"},{\"@type\":\"Organization\",\"@id\":\"https:\\\/\\\/somos-hermanos.mx\\\/#organization\",\"name\":\"Somos Hermanos\",\"url\":\"https:\\\/\\\/somos-hermanos.mx\\\/\",\"logo\":{\"@type\":\"ImageObject\",\"inLanguage\":\"es\",\"@id\":\"https:\\\/\\\/somos-hermanos.mx\\\/#\\\/schema\\\/logo\\\/image\\\/\",\"url\":\"https:\\\/\\\/somos-hermanos.mx\\\/wp-content\\\/uploads\\\/2025\\\/08\\\/SH30-1.jpeg\",\"contentUrl\":\"https:\\\/\\\/somos-hermanos.mx\\\/wp-content\\\/uploads\\\/2025\\\/08\\\/SH30-1.jpeg\",\"width\":1600,\"height\":1142,\"caption\":\"Somos Hermanos\"},\"image\":{\"@id\":\"https:\\\/\\\/somos-hermanos.mx\\\/#\\\/schema\\\/logo\\\/image\\\/\"},\"sameAs\":[\"https:\\\/\\\/www.facebook.com\\\/SomosHermanosIAP\\\/\",\"https:\\\/\\\/x.com\\\/Somos__Hermanos\",\"https:\\\/\\\/www.instagram.com\\\/somos__hermanos\\\/#\",\"https:\\\/\\\/www.tiktok.com\\\/@somoshermanosiap\",\"https:\\\/\\\/www.youtube.com\\\/@somoshermanosiap1201\\\/videos\"]},{\"@type\":\"Person\",\"@id\":\"https:\\\/\\\/somos-hermanos.mx\\\/#\\\/schema\\\/person\\\/8f173caf3165cc629ef3803568901def\",\"name\":\"Ricardo Mart\u00ednez Ram\u00edrez\",\"image\":{\"@type\":\"ImageObject\",\"inLanguage\":\"es\",\"@id\":\"https:\\\/\\\/secure.gravatar.com\\\/avatar\\\/6ed8168d80af8603b51892c57b44e62148260531576c3eb92aa1298119d9c0f9?s=96&d=mm&r=g\",\"url\":\"https:\\\/\\\/secure.gravatar.com\\\/avatar\\\/6ed8168d80af8603b51892c57b44e62148260531576c3eb92aa1298119d9c0f9?s=96&d=mm&r=g\",\"contentUrl\":\"https:\\\/\\\/secure.gravatar.com\\\/avatar\\\/6ed8168d80af8603b51892c57b44e62148260531576c3eb92aa1298119d9c0f9?s=96&d=mm&r=g\",\"caption\":\"Ricardo Mart\u00ednez Ram\u00edrez\"},\"url\":\"https:\\\/\\\/somos-hermanos.mx\\\/index.php\\\/author\\\/ricardo-martinez-ramirez\\\/\"}]}<\/script>\n<!-- \/ Yoast SEO plugin. -->","yoast_head_json":{"title":"Escuchar cambia vidas: La labor transformadora de M\u00e9xico Sin Sordera - Historias que inspiran...","robots":{"index":"index","follow":"follow","max-snippet":"max-snippet:-1","max-image-preview":"max-image-preview:large","max-video-preview":"max-video-preview:-1"},"canonical":"https:\/\/somos-hermanos.mx\/index.php\/2025\/08\/04\/escuchar-cambia-vidas-la-labor-transformadora-de-mexico-sin-sordera\/","og_locale":"es_MX","og_type":"article","og_title":"Escuchar cambia vidas: La labor transformadora de M\u00e9xico Sin Sordera - Historias que inspiran...","og_description":"La Fundaci\u00f3n M\u00e9xico Sin Sordera AC se dedica a apoyar a personas con discapacidad auditiva, ofreciendo tratamientos como implantes cocleares y auxiliares auditivos. Adem\u00e1s, promueve la inclusi\u00f3n y el acompa\u00f1amiento integral a sus beneficiarios, fomentando la participaci\u00f3n de voluntarios para mejorar la calidad de vida de la comunidad. La organizaci\u00f3n M\u00e9xico sin sordera se dedica [&hellip;]","og_url":"https:\/\/somos-hermanos.mx\/index.php\/2025\/08\/04\/escuchar-cambia-vidas-la-labor-transformadora-de-mexico-sin-sordera\/","og_site_name":"Historias que inspiran...","article_publisher":"https:\/\/www.facebook.com\/SomosHermanosIAP\/","article_published_time":"2025-08-04T08:09:05+00:00","og_image":[{"width":1600,"height":1200,"url":"https:\/\/somos-hermanos.mx\/wp-content\/uploads\/2025\/08\/sorde2.jpeg","type":"image\/jpeg"}],"author":"Ricardo Mart\u00ednez Ram\u00edrez","twitter_card":"summary_large_image","twitter_creator":"@Somos__Hermanos","twitter_site":"@Somos__Hermanos","twitter_misc":{"Escrito por":"Ricardo Mart\u00ednez Ram\u00edrez","Tiempo de lectura":"2 minutos"},"schema":{"@context":"https:\/\/schema.org","@graph":[{"@type":"Article","@id":"https:\/\/somos-hermanos.mx\/index.php\/2025\/08\/04\/escuchar-cambia-vidas-la-labor-transformadora-de-mexico-sin-sordera\/#article","isPartOf":{"@id":"https:\/\/somos-hermanos.mx\/index.php\/2025\/08\/04\/escuchar-cambia-vidas-la-labor-transformadora-de-mexico-sin-sordera\/"},"author":{"name":"Ricardo Mart\u00ednez Ram\u00edrez","@id":"https:\/\/somos-hermanos.mx\/#\/schema\/person\/8f173caf3165cc629ef3803568901def"},"headline":"Escuchar cambia vidas: La labor transformadora de M\u00e9xico Sin Sordera","datePublished":"2025-08-04T08:09:05+00:00","mainEntityOfPage":{"@id":"https:\/\/somos-hermanos.mx\/index.php\/2025\/08\/04\/escuchar-cambia-vidas-la-labor-transformadora-de-mexico-sin-sordera\/"},"wordCount":419,"commentCount":0,"publisher":{"@id":"https:\/\/somos-hermanos.mx\/#organization"},"image":{"@id":"https:\/\/somos-hermanos.mx\/index.php\/2025\/08\/04\/escuchar-cambia-vidas-la-labor-transformadora-de-mexico-sin-sordera\/#primaryimage"},"thumbnailUrl":"https:\/\/somos-hermanos.mx\/wp-content\/uploads\/2025\/08\/sorde2.jpeg","articleSection":["Noticias"],"inLanguage":"es","potentialAction":[{"@type":"CommentAction","name":"Comment","target":["https:\/\/somos-hermanos.mx\/index.php\/2025\/08\/04\/escuchar-cambia-vidas-la-labor-transformadora-de-mexico-sin-sordera\/#respond"]}]},{"@type":"WebPage","@id":"https:\/\/somos-hermanos.mx\/index.php\/2025\/08\/04\/escuchar-cambia-vidas-la-labor-transformadora-de-mexico-sin-sordera\/","url":"https:\/\/somos-hermanos.mx\/index.php\/2025\/08\/04\/escuchar-cambia-vidas-la-labor-transformadora-de-mexico-sin-sordera\/","name":"Escuchar cambia vidas: La labor transformadora de M\u00e9xico Sin Sordera - Historias que inspiran...","isPartOf":{"@id":"https:\/\/somos-hermanos.mx\/#website"},"primaryImageOfPage":{"@id":"https:\/\/somos-hermanos.mx\/index.php\/2025\/08\/04\/escuchar-cambia-vidas-la-labor-transformadora-de-mexico-sin-sordera\/#primaryimage"},"image":{"@id":"https:\/\/somos-hermanos.mx\/index.php\/2025\/08\/04\/escuchar-cambia-vidas-la-labor-transformadora-de-mexico-sin-sordera\/#primaryimage"},"thumbnailUrl":"https:\/\/somos-hermanos.mx\/wp-content\/uploads\/2025\/08\/sorde2.jpeg","datePublished":"2025-08-04T08:09:05+00:00","breadcrumb":{"@id":"https:\/\/somos-hermanos.mx\/index.php\/2025\/08\/04\/escuchar-cambia-vidas-la-labor-transformadora-de-mexico-sin-sordera\/#breadcrumb"},"inLanguage":"es","potentialAction":[{"@type":"ReadAction","target":["https:\/\/somos-hermanos.mx\/index.php\/2025\/08\/04\/escuchar-cambia-vidas-la-labor-transformadora-de-mexico-sin-sordera\/"]}]},{"@type":"ImageObject","inLanguage":"es","@id":"https:\/\/somos-hermanos.mx\/index.php\/2025\/08\/04\/escuchar-cambia-vidas-la-labor-transformadora-de-mexico-sin-sordera\/#primaryimage","url":"https:\/\/somos-hermanos.mx\/wp-content\/uploads\/2025\/08\/sorde2.jpeg","contentUrl":"https:\/\/somos-hermanos.mx\/wp-content\/uploads\/2025\/08\/sorde2.jpeg","width":1600,"height":1200},{"@type":"BreadcrumbList","@id":"https:\/\/somos-hermanos.mx\/index.php\/2025\/08\/04\/escuchar-cambia-vidas-la-labor-transformadora-de-mexico-sin-sordera\/#breadcrumb","itemListElement":[{"@type":"ListItem","position":1,"name":"Inicio","item":"https:\/\/somos-hermanos.mx\/"},{"@type":"ListItem","position":2,"name":"Escuchar cambia vidas: La labor transformadora de M\u00e9xico Sin Sordera"}]},{"@type":"WebSite","@id":"https:\/\/somos-hermanos.mx\/#website","url":"https:\/\/somos-hermanos.mx\/","name":"Historias que inspiran...","description":"Somos la voz del altruismo en M\u00e9xico","publisher":{"@id":"https:\/\/somos-hermanos.mx\/#organization"},"potentialAction":[{"@type":"SearchAction","target":{"@type":"EntryPoint","urlTemplate":"https:\/\/somos-hermanos.mx\/?s={search_term_string}"},"query-input":{"@type":"PropertyValueSpecification","valueRequired":true,"valueName":"search_term_string"}}],"inLanguage":"es"},{"@type":"Organization","@id":"https:\/\/somos-hermanos.mx\/#organization","name":"Somos Hermanos","url":"https:\/\/somos-hermanos.mx\/","logo":{"@type":"ImageObject","inLanguage":"es","@id":"https:\/\/somos-hermanos.mx\/#\/schema\/logo\/image\/","url":"https:\/\/somos-hermanos.mx\/wp-content\/uploads\/2025\/08\/SH30-1.jpeg","contentUrl":"https:\/\/somos-hermanos.mx\/wp-content\/uploads\/2025\/08\/SH30-1.jpeg","width":1600,"height":1142,"caption":"Somos Hermanos"},"image":{"@id":"https:\/\/somos-hermanos.mx\/#\/schema\/logo\/image\/"},"sameAs":["https:\/\/www.facebook.com\/SomosHermanosIAP\/","https:\/\/x.com\/Somos__Hermanos","https:\/\/www.instagram.com\/somos__hermanos\/#","https:\/\/www.tiktok.com\/@somoshermanosiap","https:\/\/www.youtube.com\/@somoshermanosiap1201\/videos"]},{"@type":"Person","@id":"https:\/\/somos-hermanos.mx\/#\/schema\/person\/8f173caf3165cc629ef3803568901def","name":"Ricardo Mart\u00ednez Ram\u00edrez","image":{"@type":"ImageObject","inLanguage":"es","@id":"https:\/\/secure.gravatar.com\/avatar\/6ed8168d80af8603b51892c57b44e62148260531576c3eb92aa1298119d9c0f9?s=96&d=mm&r=g","url":"https:\/\/secure.gravatar.com\/avatar\/6ed8168d80af8603b51892c57b44e62148260531576c3eb92aa1298119d9c0f9?s=96&d=mm&r=g","contentUrl":"https:\/\/secure.gravatar.com\/avatar\/6ed8168d80af8603b51892c57b44e62148260531576c3eb92aa1298119d9c0f9?s=96&d=mm&r=g","caption":"Ricardo Mart\u00ednez Ram\u00edrez"},"url":"https:\/\/somos-hermanos.mx\/index.php\/author\/ricardo-martinez-ramirez\/"}]}},"_links":{"self":[{"href":"https:\/\/somos-hermanos.mx\/index.php\/wp-json\/wp\/v2\/posts\/712","targetHints":{"allow":["GET"]}}],"collection":[{"href":"https:\/\/somos-hermanos.mx\/index.php\/wp-json\/wp\/v2\/posts"}],"about":[{"href":"https:\/\/somos-hermanos.mx\/index.php\/wp-json\/wp\/v2\/types\/post"}],"author":[{"embeddable":true,"href":"https:\/\/somos-hermanos.mx\/index.php\/wp-json\/wp\/v2\/users\/25"}],"replies":[{"embeddable":true,"href":"https:\/\/somos-hermanos.mx\/index.php\/wp-json\/wp\/v2\/comments?post=712"}],"version-history":[{"count":1,"href":"https:\/\/somos-hermanos.mx\/index.php\/wp-json\/wp\/v2\/posts\/712\/revisions"}],"predecessor-version":[{"id":714,"href":"https:\/\/somos-hermanos.mx\/index.php\/wp-json\/wp\/v2\/posts\/712\/revisions\/714"}],"wp:featuredmedia":[{"embeddable":true,"href":"https:\/\/somos-hermanos.mx\/index.php\/wp-json\/wp\/v2\/media\/713"}],"wp:attachment":[{"href":"https:\/\/somos-hermanos.mx\/index.php\/wp-json\/wp\/v2\/media?parent=712"}],"wp:term":[{"taxonomy":"category","embeddable":true,"href":"https:\/\/somos-hermanos.mx\/index.php\/wp-json\/wp\/v2\/categories?post=712"},{"taxonomy":"post_tag","embeddable":true,"href":"https:\/\/somos-hermanos.mx\/index.php\/wp-json\/wp\/v2\/tags?post=712"}],"curies":[{"name":"wp","href":"https:\/\/api.w.org\/{rel}","templated":true}]}}