{"id":709,"date":"2025-08-04T02:06:44","date_gmt":"2025-08-04T08:06:44","guid":{"rendered":"https:\/\/somos-hermanos.mx\/?p=709"},"modified":"2025-08-04T02:06:44","modified_gmt":"2025-08-04T08:06:44","slug":"grupo-reto-un-desafio-para-vencer-juntas-el-cancer","status":"publish","type":"post","link":"https:\/\/somos-hermanos.mx\/index.php\/2025\/08\/04\/grupo-reto-un-desafio-para-vencer-juntas-el-cancer\/","title":{"rendered":"Grupo Reto: Un desaf\u00edo para vencer juntas el c\u00e1ncer"},"content":{"rendered":"<p>Seg\u00fan la Organizaci\u00f3n Mundial de la Salud (OMS), el c\u00e1ncer de mama es el tipo de c\u00e1ncer m\u00e1s com\u00fan en mujeres en todo el mundo, con <strong>m\u00e1s de 2 millones de casos nuevos diagnosticados cada a\u00f1o.<\/strong><\/p>\n<p>En M\u00e9xico, <strong>se estima que 1 de cada 8 mujeres desarrollar\u00e1 c\u00e1ncer de mama en alg\u00fan momento de su vida. <\/strong>Sin embargo, si se detecta a tiempo, el c\u00e1ncer de mama es curable en un alto porcentaje de casos.<\/p>\n<p>Para esto nace Grupo Reto, para <strong>el acompa\u00f1amiento de mujeres diagnosticadas con c\u00e1ncer de mama y a crear conciencia sobre la importancia de la autoexploraci\u00f3n y la detecci\u00f3n oportuna.<\/strong><\/p>\n<p>Grupo Reto es una <strong>asociaci\u00f3n civil con m\u00e1s de 40 a\u00f1os de experiencia, comprometida con el apoyo y la orientaci\u00f3n de mujeres con C\u00e1ncer de mama,<\/strong>\u00a0as\u00ed como con la promoci\u00f3n de la autoexploraci\u00f3n y la detecci\u00f3n temprana.<\/p>\n<p>A trav\u00e9s de sus programas de educaci\u00f3n, rehabilitaci\u00f3n y diagn\u00f3stico, Grupo Reto ha ayudado a miles de mujeres a superar el c\u00e1ncer de mama y a mejorar su calidad de vida.<\/p>\n<p>El equipo de voluntariado de Grupo Reto, compuesto en su mayor\u00eda por mujeres que han sobrevivido al c\u00e1ncer de mama, brinda apoyo emocional y orientaci\u00f3n a las pacientes y sus familias.<\/p>\n<p><strong>Los programas y servicios de Grupo Reto incluyen:<\/strong><\/p>\n<ul>\n<li>Programa Educativo: busca quitar el estigma de que el c\u00e1ncer de mama es sin\u00f3nimo de muerte y enfatiza la importancia de la autoexploraci\u00f3n y la detecci\u00f3n oportuna.<\/li>\n<li>Programa de Rehabilitaci\u00f3n (Sesiones de Apoyo): brinda apoyo emocional y orientaci\u00f3n a pacientes y sus familias.<\/li>\n<li>Centro de Diagn\u00f3stico: ofrece mastograf\u00edas, ultrasonido de mama, consultas oncol\u00f3gicas y otros estudios para la detecci\u00f3n oportuna del c\u00e1ncer de mama.<\/li>\n<li>Programa de Quimioterapia: proporciona cat\u00e9teres de alta calidad a pacientes en tratamiento de quimioterapia.<\/li>\n<\/ul>\n<p>Este reto podemos superarlo juntos, creando conciencia y proporcionando ayuda integral a las mujeres diagnosticadas. Hay que hacer una diferencia y ayudar a las mujeres a vencer el c\u00e1ncer de mama.<\/p>\n<p><em>Para conocer m\u00e1s te invito a visitar su p\u00e1gina de internet <\/em><a href=\"http:\/\/www.gruporeto.org\"><em><u>www.gruporeto.org<\/u><\/em><\/a><em>\u00a0<\/em><\/p>\n","protected":false},"excerpt":{"rendered":"<p>Seg\u00fan la Organizaci\u00f3n Mundial de la Salud (OMS), el c\u00e1ncer de mama es el tipo de c\u00e1ncer m\u00e1s com\u00fan en mujeres en todo el mundo, con m\u00e1s de 2 millones de casos nuevos diagnosticados cada a\u00f1o. En M\u00e9xico, se estima que 1 de cada 8 mujeres desarrollar\u00e1 c\u00e1ncer de mama en alg\u00fan momento de su [&hellip;]<\/p>\n","protected":false},"author":3,"featured_media":710,"comment_status":"open","ping_status":"closed","sticky":false,"template":"","format":"standard","meta":{"footnotes":""},"categories":[6],"tags":[],"class_list":["post-709","post","type-post","status-publish","format-standard","has-post-thumbnail","hentry","category-noticias"],"yoast_head":"<!-- This site is optimized with the Yoast SEO plugin v27.4 - https:\/\/yoast.com\/product\/yoast-seo-wordpress\/ -->\n<title>Grupo Reto: Un desaf\u00edo para vencer juntas el c\u00e1ncer - Historias que inspiran...<\/title>\n<meta name=\"robots\" content=\"index, follow, max-snippet:-1, max-image-preview:large, max-video-preview:-1\" \/>\n<link rel=\"canonical\" href=\"https:\/\/somos-hermanos.mx\/index.php\/2025\/08\/04\/grupo-reto-un-desafio-para-vencer-juntas-el-cancer\/\" \/>\n<meta property=\"og:locale\" content=\"es_MX\" \/>\n<meta property=\"og:type\" content=\"article\" \/>\n<meta property=\"og:title\" content=\"Grupo Reto: Un desaf\u00edo para vencer juntas el c\u00e1ncer - Historias que inspiran...\" \/>\n<meta property=\"og:description\" content=\"Seg\u00fan la Organizaci\u00f3n Mundial de la Salud (OMS), el c\u00e1ncer de mama es el tipo de c\u00e1ncer m\u00e1s com\u00fan en mujeres en todo el mundo, con m\u00e1s de 2 millones de casos nuevos diagnosticados cada a\u00f1o. En M\u00e9xico, se estima que 1 de cada 8 mujeres desarrollar\u00e1 c\u00e1ncer de mama en alg\u00fan momento de su [&hellip;]\" \/>\n<meta property=\"og:url\" content=\"https:\/\/somos-hermanos.mx\/index.php\/2025\/08\/04\/grupo-reto-un-desafio-para-vencer-juntas-el-cancer\/\" \/>\n<meta property=\"og:site_name\" content=\"Historias que inspiran...\" \/>\n<meta property=\"article:publisher\" content=\"https:\/\/www.facebook.com\/SomosHermanosIAP\/\" \/>\n<meta property=\"article:published_time\" content=\"2025-08-04T08:06:44+00:00\" \/>\n<meta property=\"og:image\" content=\"https:\/\/somos-hermanos.mx\/wp-content\/uploads\/2025\/08\/reto.jpeg\" \/>\n\t<meta property=\"og:image:width\" content=\"400\" \/>\n\t<meta property=\"og:image:height\" content=\"400\" \/>\n\t<meta property=\"og:image:type\" content=\"image\/jpeg\" \/>\n<meta name=\"author\" content=\"Rodrigo Sanchez\" \/>\n<meta name=\"twitter:card\" content=\"summary_large_image\" \/>\n<meta name=\"twitter:creator\" content=\"@Somos__Hermanos\" \/>\n<meta name=\"twitter:site\" content=\"@Somos__Hermanos\" \/>\n<meta name=\"twitter:label1\" content=\"Escrito por\" \/>\n\t<meta name=\"twitter:data1\" content=\"Rodrigo Sanchez\" \/>\n\t<meta name=\"twitter:label2\" content=\"Tiempo de lectura\" \/>\n\t<meta name=\"twitter:data2\" content=\"2 minutos\" \/>\n<script type=\"application\/ld+json\" class=\"yoast-schema-graph\">{\"@context\":\"https:\\\/\\\/schema.org\",\"@graph\":[{\"@type\":\"Article\",\"@id\":\"https:\\\/\\\/somos-hermanos.mx\\\/index.php\\\/2025\\\/08\\\/04\\\/grupo-reto-un-desafio-para-vencer-juntas-el-cancer\\\/#article\",\"isPartOf\":{\"@id\":\"https:\\\/\\\/somos-hermanos.mx\\\/index.php\\\/2025\\\/08\\\/04\\\/grupo-reto-un-desafio-para-vencer-juntas-el-cancer\\\/\"},\"author\":{\"name\":\"Rodrigo Sanchez\",\"@id\":\"https:\\\/\\\/somos-hermanos.mx\\\/#\\\/schema\\\/person\\\/7f68007b80cf8c18c438c2f208bd19d3\"},\"headline\":\"Grupo Reto: Un desaf\u00edo para vencer juntas el c\u00e1ncer\",\"datePublished\":\"2025-08-04T08:06:44+00:00\",\"mainEntityOfPage\":{\"@id\":\"https:\\\/\\\/somos-hermanos.mx\\\/index.php\\\/2025\\\/08\\\/04\\\/grupo-reto-un-desafio-para-vencer-juntas-el-cancer\\\/\"},\"wordCount\":389,\"commentCount\":0,\"publisher\":{\"@id\":\"https:\\\/\\\/somos-hermanos.mx\\\/#organization\"},\"image\":{\"@id\":\"https:\\\/\\\/somos-hermanos.mx\\\/index.php\\\/2025\\\/08\\\/04\\\/grupo-reto-un-desafio-para-vencer-juntas-el-cancer\\\/#primaryimage\"},\"thumbnailUrl\":\"https:\\\/\\\/somos-hermanos.mx\\\/wp-content\\\/uploads\\\/2025\\\/08\\\/reto.jpeg\",\"articleSection\":[\"Noticias\"],\"inLanguage\":\"es\",\"potentialAction\":[{\"@type\":\"CommentAction\",\"name\":\"Comment\",\"target\":[\"https:\\\/\\\/somos-hermanos.mx\\\/index.php\\\/2025\\\/08\\\/04\\\/grupo-reto-un-desafio-para-vencer-juntas-el-cancer\\\/#respond\"]}]},{\"@type\":\"WebPage\",\"@id\":\"https:\\\/\\\/somos-hermanos.mx\\\/index.php\\\/2025\\\/08\\\/04\\\/grupo-reto-un-desafio-para-vencer-juntas-el-cancer\\\/\",\"url\":\"https:\\\/\\\/somos-hermanos.mx\\\/index.php\\\/2025\\\/08\\\/04\\\/grupo-reto-un-desafio-para-vencer-juntas-el-cancer\\\/\",\"name\":\"Grupo Reto: Un desaf\u00edo para vencer juntas el c\u00e1ncer - Historias que inspiran...\",\"isPartOf\":{\"@id\":\"https:\\\/\\\/somos-hermanos.mx\\\/#website\"},\"primaryImageOfPage\":{\"@id\":\"https:\\\/\\\/somos-hermanos.mx\\\/index.php\\\/2025\\\/08\\\/04\\\/grupo-reto-un-desafio-para-vencer-juntas-el-cancer\\\/#primaryimage\"},\"image\":{\"@id\":\"https:\\\/\\\/somos-hermanos.mx\\\/index.php\\\/2025\\\/08\\\/04\\\/grupo-reto-un-desafio-para-vencer-juntas-el-cancer\\\/#primaryimage\"},\"thumbnailUrl\":\"https:\\\/\\\/somos-hermanos.mx\\\/wp-content\\\/uploads\\\/2025\\\/08\\\/reto.jpeg\",\"datePublished\":\"2025-08-04T08:06:44+00:00\",\"breadcrumb\":{\"@id\":\"https:\\\/\\\/somos-hermanos.mx\\\/index.php\\\/2025\\\/08\\\/04\\\/grupo-reto-un-desafio-para-vencer-juntas-el-cancer\\\/#breadcrumb\"},\"inLanguage\":\"es\",\"potentialAction\":[{\"@type\":\"ReadAction\",\"target\":[\"https:\\\/\\\/somos-hermanos.mx\\\/index.php\\\/2025\\\/08\\\/04\\\/grupo-reto-un-desafio-para-vencer-juntas-el-cancer\\\/\"]}]},{\"@type\":\"ImageObject\",\"inLanguage\":\"es\",\"@id\":\"https:\\\/\\\/somos-hermanos.mx\\\/index.php\\\/2025\\\/08\\\/04\\\/grupo-reto-un-desafio-para-vencer-juntas-el-cancer\\\/#primaryimage\",\"url\":\"https:\\\/\\\/somos-hermanos.mx\\\/wp-content\\\/uploads\\\/2025\\\/08\\\/reto.jpeg\",\"contentUrl\":\"https:\\\/\\\/somos-hermanos.mx\\\/wp-content\\\/uploads\\\/2025\\\/08\\\/reto.jpeg\",\"width\":400,\"height\":400},{\"@type\":\"BreadcrumbList\",\"@id\":\"https:\\\/\\\/somos-hermanos.mx\\\/index.php\\\/2025\\\/08\\\/04\\\/grupo-reto-un-desafio-para-vencer-juntas-el-cancer\\\/#breadcrumb\",\"itemListElement\":[{\"@type\":\"ListItem\",\"position\":1,\"name\":\"Inicio\",\"item\":\"https:\\\/\\\/somos-hermanos.mx\\\/\"},{\"@type\":\"ListItem\",\"position\":2,\"name\":\"Grupo Reto: Un desaf\u00edo para vencer juntas el c\u00e1ncer\"}]},{\"@type\":\"WebSite\",\"@id\":\"https:\\\/\\\/somos-hermanos.mx\\\/#website\",\"url\":\"https:\\\/\\\/somos-hermanos.mx\\\/\",\"name\":\"Historias que inspiran...\",\"description\":\"Somos la voz del altruismo en M\u00e9xico\",\"publisher\":{\"@id\":\"https:\\\/\\\/somos-hermanos.mx\\\/#organization\"},\"potentialAction\":[{\"@type\":\"SearchAction\",\"target\":{\"@type\":\"EntryPoint\",\"urlTemplate\":\"https:\\\/\\\/somos-hermanos.mx\\\/?s={search_term_string}\"},\"query-input\":{\"@type\":\"PropertyValueSpecification\",\"valueRequired\":true,\"valueName\":\"search_term_string\"}}],\"inLanguage\":\"es\"},{\"@type\":\"Organization\",\"@id\":\"https:\\\/\\\/somos-hermanos.mx\\\/#organization\",\"name\":\"Somos Hermanos\",\"url\":\"https:\\\/\\\/somos-hermanos.mx\\\/\",\"logo\":{\"@type\":\"ImageObject\",\"inLanguage\":\"es\",\"@id\":\"https:\\\/\\\/somos-hermanos.mx\\\/#\\\/schema\\\/logo\\\/image\\\/\",\"url\":\"https:\\\/\\\/somos-hermanos.mx\\\/wp-content\\\/uploads\\\/2025\\\/08\\\/SH30-1.jpeg\",\"contentUrl\":\"https:\\\/\\\/somos-hermanos.mx\\\/wp-content\\\/uploads\\\/2025\\\/08\\\/SH30-1.jpeg\",\"width\":1600,\"height\":1142,\"caption\":\"Somos Hermanos\"},\"image\":{\"@id\":\"https:\\\/\\\/somos-hermanos.mx\\\/#\\\/schema\\\/logo\\\/image\\\/\"},\"sameAs\":[\"https:\\\/\\\/www.facebook.com\\\/SomosHermanosIAP\\\/\",\"https:\\\/\\\/x.com\\\/Somos__Hermanos\",\"https:\\\/\\\/www.instagram.com\\\/somos__hermanos\\\/#\",\"https:\\\/\\\/www.tiktok.com\\\/@somoshermanosiap\",\"https:\\\/\\\/www.youtube.com\\\/@somoshermanosiap1201\\\/videos\"]},{\"@type\":\"Person\",\"@id\":\"https:\\\/\\\/somos-hermanos.mx\\\/#\\\/schema\\\/person\\\/7f68007b80cf8c18c438c2f208bd19d3\",\"name\":\"Rodrigo Sanchez\",\"image\":{\"@type\":\"ImageObject\",\"inLanguage\":\"es\",\"@id\":\"https:\\\/\\\/secure.gravatar.com\\\/avatar\\\/47870d440a6851bb5c42c9d4f435b9dbc9e29330885e3e4f9530dc03d9d4744e?s=96&d=mm&r=g\",\"url\":\"https:\\\/\\\/secure.gravatar.com\\\/avatar\\\/47870d440a6851bb5c42c9d4f435b9dbc9e29330885e3e4f9530dc03d9d4744e?s=96&d=mm&r=g\",\"contentUrl\":\"https:\\\/\\\/secure.gravatar.com\\\/avatar\\\/47870d440a6851bb5c42c9d4f435b9dbc9e29330885e3e4f9530dc03d9d4744e?s=96&d=mm&r=g\",\"caption\":\"Rodrigo Sanchez\"},\"url\":\"https:\\\/\\\/somos-hermanos.mx\\\/index.php\\\/author\\\/rodrigo-sanchez\\\/\"}]}<\/script>\n<!-- \/ Yoast SEO plugin. -->","yoast_head_json":{"title":"Grupo Reto: Un desaf\u00edo para vencer juntas el c\u00e1ncer - Historias que inspiran...","robots":{"index":"index","follow":"follow","max-snippet":"max-snippet:-1","max-image-preview":"max-image-preview:large","max-video-preview":"max-video-preview:-1"},"canonical":"https:\/\/somos-hermanos.mx\/index.php\/2025\/08\/04\/grupo-reto-un-desafio-para-vencer-juntas-el-cancer\/","og_locale":"es_MX","og_type":"article","og_title":"Grupo Reto: Un desaf\u00edo para vencer juntas el c\u00e1ncer - Historias que inspiran...","og_description":"Seg\u00fan la Organizaci\u00f3n Mundial de la Salud (OMS), el c\u00e1ncer de mama es el tipo de c\u00e1ncer m\u00e1s com\u00fan en mujeres en todo el mundo, con m\u00e1s de 2 millones de casos nuevos diagnosticados cada a\u00f1o. En M\u00e9xico, se estima que 1 de cada 8 mujeres desarrollar\u00e1 c\u00e1ncer de mama en alg\u00fan momento de su [&hellip;]","og_url":"https:\/\/somos-hermanos.mx\/index.php\/2025\/08\/04\/grupo-reto-un-desafio-para-vencer-juntas-el-cancer\/","og_site_name":"Historias que inspiran...","article_publisher":"https:\/\/www.facebook.com\/SomosHermanosIAP\/","article_published_time":"2025-08-04T08:06:44+00:00","og_image":[{"width":400,"height":400,"url":"https:\/\/somos-hermanos.mx\/wp-content\/uploads\/2025\/08\/reto.jpeg","type":"image\/jpeg"}],"author":"Rodrigo Sanchez","twitter_card":"summary_large_image","twitter_creator":"@Somos__Hermanos","twitter_site":"@Somos__Hermanos","twitter_misc":{"Escrito por":"Rodrigo Sanchez","Tiempo de lectura":"2 minutos"},"schema":{"@context":"https:\/\/schema.org","@graph":[{"@type":"Article","@id":"https:\/\/somos-hermanos.mx\/index.php\/2025\/08\/04\/grupo-reto-un-desafio-para-vencer-juntas-el-cancer\/#article","isPartOf":{"@id":"https:\/\/somos-hermanos.mx\/index.php\/2025\/08\/04\/grupo-reto-un-desafio-para-vencer-juntas-el-cancer\/"},"author":{"name":"Rodrigo Sanchez","@id":"https:\/\/somos-hermanos.mx\/#\/schema\/person\/7f68007b80cf8c18c438c2f208bd19d3"},"headline":"Grupo Reto: Un desaf\u00edo para vencer juntas el c\u00e1ncer","datePublished":"2025-08-04T08:06:44+00:00","mainEntityOfPage":{"@id":"https:\/\/somos-hermanos.mx\/index.php\/2025\/08\/04\/grupo-reto-un-desafio-para-vencer-juntas-el-cancer\/"},"wordCount":389,"commentCount":0,"publisher":{"@id":"https:\/\/somos-hermanos.mx\/#organization"},"image":{"@id":"https:\/\/somos-hermanos.mx\/index.php\/2025\/08\/04\/grupo-reto-un-desafio-para-vencer-juntas-el-cancer\/#primaryimage"},"thumbnailUrl":"https:\/\/somos-hermanos.mx\/wp-content\/uploads\/2025\/08\/reto.jpeg","articleSection":["Noticias"],"inLanguage":"es","potentialAction":[{"@type":"CommentAction","name":"Comment","target":["https:\/\/somos-hermanos.mx\/index.php\/2025\/08\/04\/grupo-reto-un-desafio-para-vencer-juntas-el-cancer\/#respond"]}]},{"@type":"WebPage","@id":"https:\/\/somos-hermanos.mx\/index.php\/2025\/08\/04\/grupo-reto-un-desafio-para-vencer-juntas-el-cancer\/","url":"https:\/\/somos-hermanos.mx\/index.php\/2025\/08\/04\/grupo-reto-un-desafio-para-vencer-juntas-el-cancer\/","name":"Grupo Reto: Un desaf\u00edo para vencer juntas el c\u00e1ncer - Historias que inspiran...","isPartOf":{"@id":"https:\/\/somos-hermanos.mx\/#website"},"primaryImageOfPage":{"@id":"https:\/\/somos-hermanos.mx\/index.php\/2025\/08\/04\/grupo-reto-un-desafio-para-vencer-juntas-el-cancer\/#primaryimage"},"image":{"@id":"https:\/\/somos-hermanos.mx\/index.php\/2025\/08\/04\/grupo-reto-un-desafio-para-vencer-juntas-el-cancer\/#primaryimage"},"thumbnailUrl":"https:\/\/somos-hermanos.mx\/wp-content\/uploads\/2025\/08\/reto.jpeg","datePublished":"2025-08-04T08:06:44+00:00","breadcrumb":{"@id":"https:\/\/somos-hermanos.mx\/index.php\/2025\/08\/04\/grupo-reto-un-desafio-para-vencer-juntas-el-cancer\/#breadcrumb"},"inLanguage":"es","potentialAction":[{"@type":"ReadAction","target":["https:\/\/somos-hermanos.mx\/index.php\/2025\/08\/04\/grupo-reto-un-desafio-para-vencer-juntas-el-cancer\/"]}]},{"@type":"ImageObject","inLanguage":"es","@id":"https:\/\/somos-hermanos.mx\/index.php\/2025\/08\/04\/grupo-reto-un-desafio-para-vencer-juntas-el-cancer\/#primaryimage","url":"https:\/\/somos-hermanos.mx\/wp-content\/uploads\/2025\/08\/reto.jpeg","contentUrl":"https:\/\/somos-hermanos.mx\/wp-content\/uploads\/2025\/08\/reto.jpeg","width":400,"height":400},{"@type":"BreadcrumbList","@id":"https:\/\/somos-hermanos.mx\/index.php\/2025\/08\/04\/grupo-reto-un-desafio-para-vencer-juntas-el-cancer\/#breadcrumb","itemListElement":[{"@type":"ListItem","position":1,"name":"Inicio","item":"https:\/\/somos-hermanos.mx\/"},{"@type":"ListItem","position":2,"name":"Grupo Reto: Un desaf\u00edo para vencer juntas el c\u00e1ncer"}]},{"@type":"WebSite","@id":"https:\/\/somos-hermanos.mx\/#website","url":"https:\/\/somos-hermanos.mx\/","name":"Historias que inspiran...","description":"Somos la voz del altruismo en M\u00e9xico","publisher":{"@id":"https:\/\/somos-hermanos.mx\/#organization"},"potentialAction":[{"@type":"SearchAction","target":{"@type":"EntryPoint","urlTemplate":"https:\/\/somos-hermanos.mx\/?s={search_term_string}"},"query-input":{"@type":"PropertyValueSpecification","valueRequired":true,"valueName":"search_term_string"}}],"inLanguage":"es"},{"@type":"Organization","@id":"https:\/\/somos-hermanos.mx\/#organization","name":"Somos Hermanos","url":"https:\/\/somos-hermanos.mx\/","logo":{"@type":"ImageObject","inLanguage":"es","@id":"https:\/\/somos-hermanos.mx\/#\/schema\/logo\/image\/","url":"https:\/\/somos-hermanos.mx\/wp-content\/uploads\/2025\/08\/SH30-1.jpeg","contentUrl":"https:\/\/somos-hermanos.mx\/wp-content\/uploads\/2025\/08\/SH30-1.jpeg","width":1600,"height":1142,"caption":"Somos Hermanos"},"image":{"@id":"https:\/\/somos-hermanos.mx\/#\/schema\/logo\/image\/"},"sameAs":["https:\/\/www.facebook.com\/SomosHermanosIAP\/","https:\/\/x.com\/Somos__Hermanos","https:\/\/www.instagram.com\/somos__hermanos\/#","https:\/\/www.tiktok.com\/@somoshermanosiap","https:\/\/www.youtube.com\/@somoshermanosiap1201\/videos"]},{"@type":"Person","@id":"https:\/\/somos-hermanos.mx\/#\/schema\/person\/7f68007b80cf8c18c438c2f208bd19d3","name":"Rodrigo Sanchez","image":{"@type":"ImageObject","inLanguage":"es","@id":"https:\/\/secure.gravatar.com\/avatar\/47870d440a6851bb5c42c9d4f435b9dbc9e29330885e3e4f9530dc03d9d4744e?s=96&d=mm&r=g","url":"https:\/\/secure.gravatar.com\/avatar\/47870d440a6851bb5c42c9d4f435b9dbc9e29330885e3e4f9530dc03d9d4744e?s=96&d=mm&r=g","contentUrl":"https:\/\/secure.gravatar.com\/avatar\/47870d440a6851bb5c42c9d4f435b9dbc9e29330885e3e4f9530dc03d9d4744e?s=96&d=mm&r=g","caption":"Rodrigo Sanchez"},"url":"https:\/\/somos-hermanos.mx\/index.php\/author\/rodrigo-sanchez\/"}]}},"_links":{"self":[{"href":"https:\/\/somos-hermanos.mx\/index.php\/wp-json\/wp\/v2\/posts\/709","targetHints":{"allow":["GET"]}}],"collection":[{"href":"https:\/\/somos-hermanos.mx\/index.php\/wp-json\/wp\/v2\/posts"}],"about":[{"href":"https:\/\/somos-hermanos.mx\/index.php\/wp-json\/wp\/v2\/types\/post"}],"author":[{"embeddable":true,"href":"https:\/\/somos-hermanos.mx\/index.php\/wp-json\/wp\/v2\/users\/3"}],"replies":[{"embeddable":true,"href":"https:\/\/somos-hermanos.mx\/index.php\/wp-json\/wp\/v2\/comments?post=709"}],"version-history":[{"count":1,"href":"https:\/\/somos-hermanos.mx\/index.php\/wp-json\/wp\/v2\/posts\/709\/revisions"}],"predecessor-version":[{"id":711,"href":"https:\/\/somos-hermanos.mx\/index.php\/wp-json\/wp\/v2\/posts\/709\/revisions\/711"}],"wp:featuredmedia":[{"embeddable":true,"href":"https:\/\/somos-hermanos.mx\/index.php\/wp-json\/wp\/v2\/media\/710"}],"wp:attachment":[{"href":"https:\/\/somos-hermanos.mx\/index.php\/wp-json\/wp\/v2\/media?parent=709"}],"wp:term":[{"taxonomy":"category","embeddable":true,"href":"https:\/\/somos-hermanos.mx\/index.php\/wp-json\/wp\/v2\/categories?post=709"},{"taxonomy":"post_tag","embeddable":true,"href":"https:\/\/somos-hermanos.mx\/index.php\/wp-json\/wp\/v2\/tags?post=709"}],"curies":[{"name":"wp","href":"https:\/\/api.w.org\/{rel}","templated":true}]}}