{"id":706,"date":"2025-08-04T02:05:36","date_gmt":"2025-08-04T08:05:36","guid":{"rendered":"https:\/\/somos-hermanos.mx\/?p=706"},"modified":"2025-08-04T02:05:36","modified_gmt":"2025-08-04T08:05:36","slug":"casa-de-la-amistad-esperanza-para-ninos-con-cancer-en-mexico","status":"publish","type":"post","link":"https:\/\/somos-hermanos.mx\/index.php\/2025\/08\/04\/casa-de-la-amistad-esperanza-para-ninos-con-cancer-en-mexico\/","title":{"rendered":"Casa de la Amistad: esperanza para ni\u00f1os con c\u00e1ncer en M\u00e9xico"},"content":{"rendered":"<p>El c\u00e1ncer ocurre cuando hay una alteraci\u00f3n en los genes, que a su vez provocan un mal funcionamiento de las c\u00e9lulas, por ello puede afectar tanto a ni\u00f1os como adultos.\u00a0<a href=\"https:\/\/www.who.int\/es\/news-room\/fact-sheets\/detail\/cancer-in-children\"><u>Este padecimiento puede originarse en cualquier parte del cuerpo<\/u><\/a>, ya sea en los pulmones, en el cerebro e incluso hasta en la sangre. Y se considerada una de las principales causas de mortalidad entre ni\u00f1os y adolescentes en todo el mundo.<\/p>\n<p>Cuando en un \u00f3rgano o tejido las c\u00e9lulas dejan de responder a las instrucciones de los genes, crecen descontroladamente sobre poblando a las c\u00e9lulas normales, dando como resultado la formaci\u00f3n de masas que se conocen como tumores.<\/p>\n<p>En M\u00e9xico uno de los primeros factores que influyen en el bajo \u00edndice de sobrevida de ni\u00f1os y j\u00f3venes que padecen c\u00e1ncer, es la detecci\u00f3n tard\u00eda de la enfermedad y los diagn\u00f3sticos err\u00f3neos. De acuerdo con las cifras del\u00a0<a href=\"https:\/\/www.gob.mx\/salud\/censia\/\"><strong><u><b>CENSIA<\/b><\/u><\/strong><\/a><u>,<\/u>\u00a0aproximadamente el 60% de los casos de c\u00e1ncer infantil no son detectados a tiempo o de forma certera.<\/p>\n<p>Del mismo modo, en la actualidad se vive una falta de abastecimiento de medicamentos en los hospitales. Al igual que solo est\u00e1n certificados 247 onc\u00f3logos de 400 que son necesarios para atender el total de la poblaci\u00f3n con c\u00e1ncer infantil.<\/p>\n<p><strong><b>Casa de la Amistad para Ni\u00f1os con C<\/b><\/strong><strong><b>\u00e1<\/b><\/strong><strong><b>ncer I.A.P.<\/b><\/strong>\u00a0es una fundaci\u00f3n sin fines de lucro con m\u00e1s de 30 a\u00f1os de labor ininterrumpida, dedicada a brindar <strong><b>tratamiento gratuito y apoyo integral<\/b><\/strong>\u00a0a ni\u00f1os y j\u00f3venes de escasos recursos que enfrentan el c\u00e1ncer en M\u00e9xico.<\/p>\n<p>Ubicada en la <strong><b>Ciudad de M<\/b><\/strong><strong><b>\u00e9<\/b><\/strong><strong><b>xico<\/b><\/strong>, esta organizaci\u00f3n se ha convertido en un referente nacional, colaborando con instituciones de salud p\u00fablica para que los pacientes reciban medicamentos, atenci\u00f3n m\u00e9dica, hospedaje, alimentaci\u00f3n y apoyo emocional durante todo su proceso de tratamiento.<\/p>\n<p><strong><b>\u00bf<\/b><\/strong><strong><b>C<\/b><\/strong><strong><b>\u00f3mo puedes apoyar?<\/b><\/strong><\/p>\n<p>Casa de la Amistad opera gracias al respaldo de donantes, aliados corporativos y ciudadanos comprometidos. Puedes sumarte de distintas formas:<\/p>\n<ul>\n<li>\ud83d\udcb3<strong><b>Donaciones econ\u00f3<\/b><\/strong><strong><b>micas<\/b><\/strong>\u00a0en l\u00ednea (\u00fanicas o mensuales).<\/li>\n<li>\ud83e\uddf8 <strong><b>Donaci<\/b><\/strong><strong><b>\u00f3n en especie<\/b><\/strong>: alimentos no perecederos, art\u00edculos de higiene, ropa nueva.<\/li>\n<li>\u23f0 <strong><b>Voluntariado<\/b><\/strong>: participaci\u00f3n en actividades con ni\u00f1os y eventos especiales.<\/li>\n<li>\ud83c\udf97\ufe0f <strong><b>Apadrina un tratamiento<\/b><\/strong>: contribuye directamente al cuidado de un ni\u00f1o con c\u00e1ncer.<\/li>\n<\/ul>\n<p>Todos los detalles se encuentran disponibles en su p\u00e1gina web:<br \/>\n\ud83d\udd17\u00a0<a href=\"https:\/\/www.casadelaamistad.org.mx\/\"><u>www.casadelaamistad.org.mx<\/u><\/a><\/p>\n<p><strong><b>Contacto y ubicaci\u00f3<\/b><\/strong><strong><b>n<\/b><\/strong><\/p>\n<ul>\n<li>\ud83d\udccd<strong><b>Direcci\u00f3<\/b><\/strong><strong><b>n:<\/b><\/strong> San Fernando 547, Tlalpan, Ciudad de M\u00e9xico, C.P. 14030<\/li>\n<li>\u260e\ufe0f <strong><b>Tel<\/b><\/strong><strong><b>\u00e9<\/b><\/strong><strong><b>fono:<\/b><\/strong>(55) 5655 4418 \/ (55) 5606 0643<\/li>\n<li>\ud83d\udce7<strong><b>Correo:<\/b><\/strong>\u00a0<a href=\"mailto:contacto@casadelaamistad.org.mx\"><u>contacto@casadelaamistad.org.mx<\/u><\/a><\/li>\n<li>\ud83c\udf10<strong><b>Sitio web:<\/b><\/strong>\u00a0<a href=\"https:\/\/www.casadelaamistad.org.mx\/\"><u>org.mx<\/u><\/a><\/li>\n<li>\ud83d\udcf1Facebook \/ Instagram \/ Twitter: @casadelaamistad<\/li>\n<\/ul>\n","protected":false},"excerpt":{"rendered":"<p>El c\u00e1ncer ocurre cuando hay una alteraci\u00f3n en los genes, que a su vez provocan un mal funcionamiento de las c\u00e9lulas, por ello puede afectar tanto a ni\u00f1os como adultos.\u00a0Este padecimiento puede originarse en cualquier parte del cuerpo, ya sea en los pulmones, en el cerebro e incluso hasta en la sangre. Y se considerada [&hellip;]<\/p>\n","protected":false},"author":18,"featured_media":707,"comment_status":"open","ping_status":"closed","sticky":false,"template":"","format":"standard","meta":{"footnotes":""},"categories":[6],"tags":[],"class_list":["post-706","post","type-post","status-publish","format-standard","has-post-thumbnail","hentry","category-noticias"],"yoast_head":"<!-- This site is optimized with the Yoast SEO plugin v27.4 - https:\/\/yoast.com\/product\/yoast-seo-wordpress\/ -->\n<title>Casa de la Amistad: esperanza para ni\u00f1os con c\u00e1ncer en M\u00e9xico - Historias que inspiran...<\/title>\n<meta name=\"robots\" content=\"index, follow, max-snippet:-1, max-image-preview:large, max-video-preview:-1\" \/>\n<link rel=\"canonical\" href=\"https:\/\/somos-hermanos.mx\/index.php\/2025\/08\/04\/casa-de-la-amistad-esperanza-para-ninos-con-cancer-en-mexico\/\" \/>\n<meta property=\"og:locale\" content=\"es_MX\" \/>\n<meta property=\"og:type\" content=\"article\" \/>\n<meta property=\"og:title\" content=\"Casa de la Amistad: esperanza para ni\u00f1os con c\u00e1ncer en M\u00e9xico - Historias que inspiran...\" \/>\n<meta property=\"og:description\" content=\"El c\u00e1ncer ocurre cuando hay una alteraci\u00f3n en los genes, que a su vez provocan un mal funcionamiento de las c\u00e9lulas, por ello puede afectar tanto a ni\u00f1os como adultos.\u00a0Este padecimiento puede originarse en cualquier parte del cuerpo, ya sea en los pulmones, en el cerebro e incluso hasta en la sangre. Y se considerada [&hellip;]\" \/>\n<meta property=\"og:url\" content=\"https:\/\/somos-hermanos.mx\/index.php\/2025\/08\/04\/casa-de-la-amistad-esperanza-para-ninos-con-cancer-en-mexico\/\" \/>\n<meta property=\"og:site_name\" content=\"Historias que inspiran...\" \/>\n<meta property=\"article:publisher\" content=\"https:\/\/www.facebook.com\/SomosHermanosIAP\/\" \/>\n<meta property=\"article:published_time\" content=\"2025-08-04T08:05:36+00:00\" \/>\n<meta property=\"og:image\" content=\"https:\/\/somos-hermanos.mx\/wp-content\/uploads\/2025\/08\/amis2.jpeg\" \/>\n\t<meta property=\"og:image:width\" content=\"1200\" \/>\n\t<meta property=\"og:image:height\" content=\"1600\" \/>\n\t<meta property=\"og:image:type\" content=\"image\/jpeg\" \/>\n<meta name=\"author\" content=\"Tabatha Pati\u00f1o Massironi\" \/>\n<meta name=\"twitter:card\" content=\"summary_large_image\" \/>\n<meta name=\"twitter:creator\" content=\"@Somos__Hermanos\" \/>\n<meta name=\"twitter:site\" content=\"@Somos__Hermanos\" \/>\n<meta name=\"twitter:label1\" content=\"Escrito por\" \/>\n\t<meta name=\"twitter:data1\" content=\"Tabatha Pati\u00f1o Massironi\" \/>\n\t<meta name=\"twitter:label2\" content=\"Tiempo de lectura\" \/>\n\t<meta name=\"twitter:data2\" content=\"3 minutos\" \/>\n<script type=\"application\/ld+json\" class=\"yoast-schema-graph\">{\"@context\":\"https:\\\/\\\/schema.org\",\"@graph\":[{\"@type\":\"Article\",\"@id\":\"https:\\\/\\\/somos-hermanos.mx\\\/index.php\\\/2025\\\/08\\\/04\\\/casa-de-la-amistad-esperanza-para-ninos-con-cancer-en-mexico\\\/#article\",\"isPartOf\":{\"@id\":\"https:\\\/\\\/somos-hermanos.mx\\\/index.php\\\/2025\\\/08\\\/04\\\/casa-de-la-amistad-esperanza-para-ninos-con-cancer-en-mexico\\\/\"},\"author\":{\"name\":\"Tabatha Pati\u00f1o Massironi\",\"@id\":\"https:\\\/\\\/somos-hermanos.mx\\\/#\\\/schema\\\/person\\\/178d9721d010404cc8e0146f75955e7d\"},\"headline\":\"Casa de la Amistad: esperanza para ni\u00f1os con c\u00e1ncer en M\u00e9xico\",\"datePublished\":\"2025-08-04T08:05:36+00:00\",\"mainEntityOfPage\":{\"@id\":\"https:\\\/\\\/somos-hermanos.mx\\\/index.php\\\/2025\\\/08\\\/04\\\/casa-de-la-amistad-esperanza-para-ninos-con-cancer-en-mexico\\\/\"},\"wordCount\":455,\"commentCount\":0,\"publisher\":{\"@id\":\"https:\\\/\\\/somos-hermanos.mx\\\/#organization\"},\"image\":{\"@id\":\"https:\\\/\\\/somos-hermanos.mx\\\/index.php\\\/2025\\\/08\\\/04\\\/casa-de-la-amistad-esperanza-para-ninos-con-cancer-en-mexico\\\/#primaryimage\"},\"thumbnailUrl\":\"https:\\\/\\\/somos-hermanos.mx\\\/wp-content\\\/uploads\\\/2025\\\/08\\\/amis2.jpeg\",\"articleSection\":[\"Noticias\"],\"inLanguage\":\"es\",\"potentialAction\":[{\"@type\":\"CommentAction\",\"name\":\"Comment\",\"target\":[\"https:\\\/\\\/somos-hermanos.mx\\\/index.php\\\/2025\\\/08\\\/04\\\/casa-de-la-amistad-esperanza-para-ninos-con-cancer-en-mexico\\\/#respond\"]}]},{\"@type\":\"WebPage\",\"@id\":\"https:\\\/\\\/somos-hermanos.mx\\\/index.php\\\/2025\\\/08\\\/04\\\/casa-de-la-amistad-esperanza-para-ninos-con-cancer-en-mexico\\\/\",\"url\":\"https:\\\/\\\/somos-hermanos.mx\\\/index.php\\\/2025\\\/08\\\/04\\\/casa-de-la-amistad-esperanza-para-ninos-con-cancer-en-mexico\\\/\",\"name\":\"Casa de la Amistad: esperanza para ni\u00f1os con c\u00e1ncer en M\u00e9xico - Historias que inspiran...\",\"isPartOf\":{\"@id\":\"https:\\\/\\\/somos-hermanos.mx\\\/#website\"},\"primaryImageOfPage\":{\"@id\":\"https:\\\/\\\/somos-hermanos.mx\\\/index.php\\\/2025\\\/08\\\/04\\\/casa-de-la-amistad-esperanza-para-ninos-con-cancer-en-mexico\\\/#primaryimage\"},\"image\":{\"@id\":\"https:\\\/\\\/somos-hermanos.mx\\\/index.php\\\/2025\\\/08\\\/04\\\/casa-de-la-amistad-esperanza-para-ninos-con-cancer-en-mexico\\\/#primaryimage\"},\"thumbnailUrl\":\"https:\\\/\\\/somos-hermanos.mx\\\/wp-content\\\/uploads\\\/2025\\\/08\\\/amis2.jpeg\",\"datePublished\":\"2025-08-04T08:05:36+00:00\",\"breadcrumb\":{\"@id\":\"https:\\\/\\\/somos-hermanos.mx\\\/index.php\\\/2025\\\/08\\\/04\\\/casa-de-la-amistad-esperanza-para-ninos-con-cancer-en-mexico\\\/#breadcrumb\"},\"inLanguage\":\"es\",\"potentialAction\":[{\"@type\":\"ReadAction\",\"target\":[\"https:\\\/\\\/somos-hermanos.mx\\\/index.php\\\/2025\\\/08\\\/04\\\/casa-de-la-amistad-esperanza-para-ninos-con-cancer-en-mexico\\\/\"]}]},{\"@type\":\"ImageObject\",\"inLanguage\":\"es\",\"@id\":\"https:\\\/\\\/somos-hermanos.mx\\\/index.php\\\/2025\\\/08\\\/04\\\/casa-de-la-amistad-esperanza-para-ninos-con-cancer-en-mexico\\\/#primaryimage\",\"url\":\"https:\\\/\\\/somos-hermanos.mx\\\/wp-content\\\/uploads\\\/2025\\\/08\\\/amis2.jpeg\",\"contentUrl\":\"https:\\\/\\\/somos-hermanos.mx\\\/wp-content\\\/uploads\\\/2025\\\/08\\\/amis2.jpeg\",\"width\":1200,\"height\":1600},{\"@type\":\"BreadcrumbList\",\"@id\":\"https:\\\/\\\/somos-hermanos.mx\\\/index.php\\\/2025\\\/08\\\/04\\\/casa-de-la-amistad-esperanza-para-ninos-con-cancer-en-mexico\\\/#breadcrumb\",\"itemListElement\":[{\"@type\":\"ListItem\",\"position\":1,\"name\":\"Inicio\",\"item\":\"https:\\\/\\\/somos-hermanos.mx\\\/\"},{\"@type\":\"ListItem\",\"position\":2,\"name\":\"Casa de la Amistad: esperanza para ni\u00f1os con c\u00e1ncer en M\u00e9xico\"}]},{\"@type\":\"WebSite\",\"@id\":\"https:\\\/\\\/somos-hermanos.mx\\\/#website\",\"url\":\"https:\\\/\\\/somos-hermanos.mx\\\/\",\"name\":\"Historias que inspiran...\",\"description\":\"Somos la voz del altruismo en M\u00e9xico\",\"publisher\":{\"@id\":\"https:\\\/\\\/somos-hermanos.mx\\\/#organization\"},\"potentialAction\":[{\"@type\":\"SearchAction\",\"target\":{\"@type\":\"EntryPoint\",\"urlTemplate\":\"https:\\\/\\\/somos-hermanos.mx\\\/?s={search_term_string}\"},\"query-input\":{\"@type\":\"PropertyValueSpecification\",\"valueRequired\":true,\"valueName\":\"search_term_string\"}}],\"inLanguage\":\"es\"},{\"@type\":\"Organization\",\"@id\":\"https:\\\/\\\/somos-hermanos.mx\\\/#organization\",\"name\":\"Somos Hermanos\",\"url\":\"https:\\\/\\\/somos-hermanos.mx\\\/\",\"logo\":{\"@type\":\"ImageObject\",\"inLanguage\":\"es\",\"@id\":\"https:\\\/\\\/somos-hermanos.mx\\\/#\\\/schema\\\/logo\\\/image\\\/\",\"url\":\"https:\\\/\\\/somos-hermanos.mx\\\/wp-content\\\/uploads\\\/2025\\\/08\\\/SH30-1.jpeg\",\"contentUrl\":\"https:\\\/\\\/somos-hermanos.mx\\\/wp-content\\\/uploads\\\/2025\\\/08\\\/SH30-1.jpeg\",\"width\":1600,\"height\":1142,\"caption\":\"Somos Hermanos\"},\"image\":{\"@id\":\"https:\\\/\\\/somos-hermanos.mx\\\/#\\\/schema\\\/logo\\\/image\\\/\"},\"sameAs\":[\"https:\\\/\\\/www.facebook.com\\\/SomosHermanosIAP\\\/\",\"https:\\\/\\\/x.com\\\/Somos__Hermanos\",\"https:\\\/\\\/www.instagram.com\\\/somos__hermanos\\\/#\",\"https:\\\/\\\/www.tiktok.com\\\/@somoshermanosiap\",\"https:\\\/\\\/www.youtube.com\\\/@somoshermanosiap1201\\\/videos\"]},{\"@type\":\"Person\",\"@id\":\"https:\\\/\\\/somos-hermanos.mx\\\/#\\\/schema\\\/person\\\/178d9721d010404cc8e0146f75955e7d\",\"name\":\"Tabatha Pati\u00f1o Massironi\",\"image\":{\"@type\":\"ImageObject\",\"inLanguage\":\"es\",\"@id\":\"https:\\\/\\\/secure.gravatar.com\\\/avatar\\\/68bce6e78f4468fa0b12fce36d08cab74baeb59e9fe1c39db5624f9fb2e5af08?s=96&d=mm&r=g\",\"url\":\"https:\\\/\\\/secure.gravatar.com\\\/avatar\\\/68bce6e78f4468fa0b12fce36d08cab74baeb59e9fe1c39db5624f9fb2e5af08?s=96&d=mm&r=g\",\"contentUrl\":\"https:\\\/\\\/secure.gravatar.com\\\/avatar\\\/68bce6e78f4468fa0b12fce36d08cab74baeb59e9fe1c39db5624f9fb2e5af08?s=96&d=mm&r=g\",\"caption\":\"Tabatha Pati\u00f1o Massironi\"},\"url\":\"https:\\\/\\\/somos-hermanos.mx\\\/index.php\\\/author\\\/tabatha-patino-massironi\\\/\"}]}<\/script>\n<!-- \/ Yoast SEO plugin. -->","yoast_head_json":{"title":"Casa de la Amistad: esperanza para ni\u00f1os con c\u00e1ncer en M\u00e9xico - Historias que inspiran...","robots":{"index":"index","follow":"follow","max-snippet":"max-snippet:-1","max-image-preview":"max-image-preview:large","max-video-preview":"max-video-preview:-1"},"canonical":"https:\/\/somos-hermanos.mx\/index.php\/2025\/08\/04\/casa-de-la-amistad-esperanza-para-ninos-con-cancer-en-mexico\/","og_locale":"es_MX","og_type":"article","og_title":"Casa de la Amistad: esperanza para ni\u00f1os con c\u00e1ncer en M\u00e9xico - Historias que inspiran...","og_description":"El c\u00e1ncer ocurre cuando hay una alteraci\u00f3n en los genes, que a su vez provocan un mal funcionamiento de las c\u00e9lulas, por ello puede afectar tanto a ni\u00f1os como adultos.\u00a0Este padecimiento puede originarse en cualquier parte del cuerpo, ya sea en los pulmones, en el cerebro e incluso hasta en la sangre. Y se considerada [&hellip;]","og_url":"https:\/\/somos-hermanos.mx\/index.php\/2025\/08\/04\/casa-de-la-amistad-esperanza-para-ninos-con-cancer-en-mexico\/","og_site_name":"Historias que inspiran...","article_publisher":"https:\/\/www.facebook.com\/SomosHermanosIAP\/","article_published_time":"2025-08-04T08:05:36+00:00","og_image":[{"width":1200,"height":1600,"url":"https:\/\/somos-hermanos.mx\/wp-content\/uploads\/2025\/08\/amis2.jpeg","type":"image\/jpeg"}],"author":"Tabatha Pati\u00f1o Massironi","twitter_card":"summary_large_image","twitter_creator":"@Somos__Hermanos","twitter_site":"@Somos__Hermanos","twitter_misc":{"Escrito por":"Tabatha Pati\u00f1o Massironi","Tiempo de lectura":"3 minutos"},"schema":{"@context":"https:\/\/schema.org","@graph":[{"@type":"Article","@id":"https:\/\/somos-hermanos.mx\/index.php\/2025\/08\/04\/casa-de-la-amistad-esperanza-para-ninos-con-cancer-en-mexico\/#article","isPartOf":{"@id":"https:\/\/somos-hermanos.mx\/index.php\/2025\/08\/04\/casa-de-la-amistad-esperanza-para-ninos-con-cancer-en-mexico\/"},"author":{"name":"Tabatha Pati\u00f1o Massironi","@id":"https:\/\/somos-hermanos.mx\/#\/schema\/person\/178d9721d010404cc8e0146f75955e7d"},"headline":"Casa de la Amistad: esperanza para ni\u00f1os con c\u00e1ncer en M\u00e9xico","datePublished":"2025-08-04T08:05:36+00:00","mainEntityOfPage":{"@id":"https:\/\/somos-hermanos.mx\/index.php\/2025\/08\/04\/casa-de-la-amistad-esperanza-para-ninos-con-cancer-en-mexico\/"},"wordCount":455,"commentCount":0,"publisher":{"@id":"https:\/\/somos-hermanos.mx\/#organization"},"image":{"@id":"https:\/\/somos-hermanos.mx\/index.php\/2025\/08\/04\/casa-de-la-amistad-esperanza-para-ninos-con-cancer-en-mexico\/#primaryimage"},"thumbnailUrl":"https:\/\/somos-hermanos.mx\/wp-content\/uploads\/2025\/08\/amis2.jpeg","articleSection":["Noticias"],"inLanguage":"es","potentialAction":[{"@type":"CommentAction","name":"Comment","target":["https:\/\/somos-hermanos.mx\/index.php\/2025\/08\/04\/casa-de-la-amistad-esperanza-para-ninos-con-cancer-en-mexico\/#respond"]}]},{"@type":"WebPage","@id":"https:\/\/somos-hermanos.mx\/index.php\/2025\/08\/04\/casa-de-la-amistad-esperanza-para-ninos-con-cancer-en-mexico\/","url":"https:\/\/somos-hermanos.mx\/index.php\/2025\/08\/04\/casa-de-la-amistad-esperanza-para-ninos-con-cancer-en-mexico\/","name":"Casa de la Amistad: esperanza para ni\u00f1os con c\u00e1ncer en M\u00e9xico - Historias que inspiran...","isPartOf":{"@id":"https:\/\/somos-hermanos.mx\/#website"},"primaryImageOfPage":{"@id":"https:\/\/somos-hermanos.mx\/index.php\/2025\/08\/04\/casa-de-la-amistad-esperanza-para-ninos-con-cancer-en-mexico\/#primaryimage"},"image":{"@id":"https:\/\/somos-hermanos.mx\/index.php\/2025\/08\/04\/casa-de-la-amistad-esperanza-para-ninos-con-cancer-en-mexico\/#primaryimage"},"thumbnailUrl":"https:\/\/somos-hermanos.mx\/wp-content\/uploads\/2025\/08\/amis2.jpeg","datePublished":"2025-08-04T08:05:36+00:00","breadcrumb":{"@id":"https:\/\/somos-hermanos.mx\/index.php\/2025\/08\/04\/casa-de-la-amistad-esperanza-para-ninos-con-cancer-en-mexico\/#breadcrumb"},"inLanguage":"es","potentialAction":[{"@type":"ReadAction","target":["https:\/\/somos-hermanos.mx\/index.php\/2025\/08\/04\/casa-de-la-amistad-esperanza-para-ninos-con-cancer-en-mexico\/"]}]},{"@type":"ImageObject","inLanguage":"es","@id":"https:\/\/somos-hermanos.mx\/index.php\/2025\/08\/04\/casa-de-la-amistad-esperanza-para-ninos-con-cancer-en-mexico\/#primaryimage","url":"https:\/\/somos-hermanos.mx\/wp-content\/uploads\/2025\/08\/amis2.jpeg","contentUrl":"https:\/\/somos-hermanos.mx\/wp-content\/uploads\/2025\/08\/amis2.jpeg","width":1200,"height":1600},{"@type":"BreadcrumbList","@id":"https:\/\/somos-hermanos.mx\/index.php\/2025\/08\/04\/casa-de-la-amistad-esperanza-para-ninos-con-cancer-en-mexico\/#breadcrumb","itemListElement":[{"@type":"ListItem","position":1,"name":"Inicio","item":"https:\/\/somos-hermanos.mx\/"},{"@type":"ListItem","position":2,"name":"Casa de la Amistad: esperanza para ni\u00f1os con c\u00e1ncer en M\u00e9xico"}]},{"@type":"WebSite","@id":"https:\/\/somos-hermanos.mx\/#website","url":"https:\/\/somos-hermanos.mx\/","name":"Historias que inspiran...","description":"Somos la voz del altruismo en M\u00e9xico","publisher":{"@id":"https:\/\/somos-hermanos.mx\/#organization"},"potentialAction":[{"@type":"SearchAction","target":{"@type":"EntryPoint","urlTemplate":"https:\/\/somos-hermanos.mx\/?s={search_term_string}"},"query-input":{"@type":"PropertyValueSpecification","valueRequired":true,"valueName":"search_term_string"}}],"inLanguage":"es"},{"@type":"Organization","@id":"https:\/\/somos-hermanos.mx\/#organization","name":"Somos Hermanos","url":"https:\/\/somos-hermanos.mx\/","logo":{"@type":"ImageObject","inLanguage":"es","@id":"https:\/\/somos-hermanos.mx\/#\/schema\/logo\/image\/","url":"https:\/\/somos-hermanos.mx\/wp-content\/uploads\/2025\/08\/SH30-1.jpeg","contentUrl":"https:\/\/somos-hermanos.mx\/wp-content\/uploads\/2025\/08\/SH30-1.jpeg","width":1600,"height":1142,"caption":"Somos Hermanos"},"image":{"@id":"https:\/\/somos-hermanos.mx\/#\/schema\/logo\/image\/"},"sameAs":["https:\/\/www.facebook.com\/SomosHermanosIAP\/","https:\/\/x.com\/Somos__Hermanos","https:\/\/www.instagram.com\/somos__hermanos\/#","https:\/\/www.tiktok.com\/@somoshermanosiap","https:\/\/www.youtube.com\/@somoshermanosiap1201\/videos"]},{"@type":"Person","@id":"https:\/\/somos-hermanos.mx\/#\/schema\/person\/178d9721d010404cc8e0146f75955e7d","name":"Tabatha Pati\u00f1o Massironi","image":{"@type":"ImageObject","inLanguage":"es","@id":"https:\/\/secure.gravatar.com\/avatar\/68bce6e78f4468fa0b12fce36d08cab74baeb59e9fe1c39db5624f9fb2e5af08?s=96&d=mm&r=g","url":"https:\/\/secure.gravatar.com\/avatar\/68bce6e78f4468fa0b12fce36d08cab74baeb59e9fe1c39db5624f9fb2e5af08?s=96&d=mm&r=g","contentUrl":"https:\/\/secure.gravatar.com\/avatar\/68bce6e78f4468fa0b12fce36d08cab74baeb59e9fe1c39db5624f9fb2e5af08?s=96&d=mm&r=g","caption":"Tabatha Pati\u00f1o Massironi"},"url":"https:\/\/somos-hermanos.mx\/index.php\/author\/tabatha-patino-massironi\/"}]}},"_links":{"self":[{"href":"https:\/\/somos-hermanos.mx\/index.php\/wp-json\/wp\/v2\/posts\/706","targetHints":{"allow":["GET"]}}],"collection":[{"href":"https:\/\/somos-hermanos.mx\/index.php\/wp-json\/wp\/v2\/posts"}],"about":[{"href":"https:\/\/somos-hermanos.mx\/index.php\/wp-json\/wp\/v2\/types\/post"}],"author":[{"embeddable":true,"href":"https:\/\/somos-hermanos.mx\/index.php\/wp-json\/wp\/v2\/users\/18"}],"replies":[{"embeddable":true,"href":"https:\/\/somos-hermanos.mx\/index.php\/wp-json\/wp\/v2\/comments?post=706"}],"version-history":[{"count":1,"href":"https:\/\/somos-hermanos.mx\/index.php\/wp-json\/wp\/v2\/posts\/706\/revisions"}],"predecessor-version":[{"id":708,"href":"https:\/\/somos-hermanos.mx\/index.php\/wp-json\/wp\/v2\/posts\/706\/revisions\/708"}],"wp:featuredmedia":[{"embeddable":true,"href":"https:\/\/somos-hermanos.mx\/index.php\/wp-json\/wp\/v2\/media\/707"}],"wp:attachment":[{"href":"https:\/\/somos-hermanos.mx\/index.php\/wp-json\/wp\/v2\/media?parent=706"}],"wp:term":[{"taxonomy":"category","embeddable":true,"href":"https:\/\/somos-hermanos.mx\/index.php\/wp-json\/wp\/v2\/categories?post=706"},{"taxonomy":"post_tag","embeddable":true,"href":"https:\/\/somos-hermanos.mx\/index.php\/wp-json\/wp\/v2\/tags?post=706"}],"curies":[{"name":"wp","href":"https:\/\/api.w.org\/{rel}","templated":true}]}}