{"id":700,"date":"2025-08-04T02:03:10","date_gmt":"2025-08-04T08:03:10","guid":{"rendered":"https:\/\/somos-hermanos.mx\/?p=700"},"modified":"2025-08-04T02:03:10","modified_gmt":"2025-08-04T08:03:10","slug":"leucemia-promielocitica-aguda-se-puede-tratar-para-evitar-progresion-y-complicaciones","status":"publish","type":"post","link":"https:\/\/somos-hermanos.mx\/index.php\/2025\/08\/04\/leucemia-promielocitica-aguda-se-puede-tratar-para-evitar-progresion-y-complicaciones\/","title":{"rendered":"Leucemia Promieloc\u00edtica Aguda se puede tratar para evitar progresi\u00f3n y complicaciones"},"content":{"rendered":"<p>La Leucemia Promieloc\u00edtica Aguda (LPA) <strong>es un tipo de c\u00e1ncer de la sangre que se origina en las c\u00e9lulas mieloides <\/strong>y que, a pesar de ser menos conocida, es una de las formas de leucemia m\u00e1s tratables si se detecta de manera temprana.<\/p>\n<p>As\u00ed lo expuso el doctor Luis Meill\u00f3n, m\u00e9dico especialista en Hematolog\u00eda, quien destac\u00f3 la importancia de reconocer los signos y s\u00edntomas de esta enfermedad para poder actuar a tiempo y evitar complicaciones graves. <strong>\u201cLa LPA es una enfermedad agresiva que afecta principalmente a adultos j\u00f3venes y adultos mayores, aunque puede presentarse en cualquier edad\u201d.<\/strong><\/p>\n<p>A pregunta expresa, Meill\u00f3n Garc\u00eda, tambi\u00e9n subespecialista en Hemostasia y Trombosis por la <em><i>University of Rochester<\/i><\/em>, dijo que \u201cla mortalidad asociada a esa enfermedad ha disminuido en los \u00faltimos a\u00f1os gracias al diagn\u00f3stico temprano y al tratamiento oportuno.<\/p>\n<p>El ex presidente de la <strong>Agrupaci\u00f3n Mexicana para el Estudio de la Hematolog\u00eda (AMEH), <\/strong>a\u00f1adi\u00f3 que con tratamientos tempranos \u201cse ha reportado una tasa de remisi\u00f3n completa del 89% de los pacientes, lo cual es una alta tasa de remisi\u00f3n molecular y una supervivencia global prometedora\u201d.<\/p>\n<p>Explic\u00f3 que <strong>la LPA es un subtipo de leucemia que afecta a las c\u00e9lulas sangu\u00edneas <\/strong>que se caracteriza por la proliferaci\u00f3n descontrolada de promielocitos, que son una forma inmadura de las c\u00e9lulas sangu\u00edneas responsables de la producci\u00f3n de gl\u00f3bulos rojos, gl\u00f3bulos blancos y plaquetas.<\/p>\n<p>\u201cA medida que los promielocitos se acumulan, interfieren con la producci\u00f3n normal de las c\u00e9lulas sangu\u00edneas, lo que puede resultar en anemia, infecciones frecuentes y sangrados anormales\u201d, dijo.<\/p>\n<p>El destacado especialista, expuso que \u201cesa forma de leucemia es como una alerta en el cuerpo: nuestras c\u00e9lulas sangu\u00edneas no maduran correctamente, lo que genera un \u2018tr\u00e1fico\u2019 de c\u00e9lulas inmaduras que no pueden cumplir su funci\u00f3n, lo cual hace que los pacientes sean m\u00e1s susceptibles a infecciones, sangrados o cansancio extremo.\u201d<\/p>\n<p>Por ello lanz\u00f3 un llamado a detectar a tiempo la LPA porque reconocer los s\u00edntomas apoya el tratamiento oportuno.<\/p>\n<p><strong>Entre los signos m\u00e1s comunes est\u00e1n: <\/strong><\/p>\n<ul>\n<li>Fatiga extrema o sensaci\u00f3n de cansancio que no mejora con el descanso.<\/li>\n<li>Fiebre sin causa aparente.<\/li>\n<li>Sangrados inexplicables como moretones f\u00e1ciles, sangrado de las enc\u00edas o sangrados nasales frecuentes.<\/li>\n<li>Infecciones recurrentes debido a la disminuci\u00f3n de la cantidad de gl\u00f3bulos blancos.<\/li>\n<li>Palidez o color p\u00e1lido de la piel por falta de gl\u00f3bulos rojos saludables.<\/li>\n<li>Dolor \u00f3seo o molestias articulares.<\/li>\n<\/ul>\n<p>\u201cAnte esos s\u00edntomas se debe acudir a consulta inmediata con un m\u00e9dico especializado, quien podr\u00e1 realizar las pruebas necesarias para confirmar o descartar la leucemia\u201d, alert\u00f3 Meill\u00f3n y a\u00f1adi\u00f3 que la LPA representa aproximadamente el 10% de todos los casos de leucemia aguda.<\/p>\n<p>\u201cEs fundamental que la poblaci\u00f3n est\u00e9 informada sobre los s\u00edntomas y la importancia de acudir al m\u00e9dico ante cualquier sospecha de la enfermedad. Detectarla a tiempo no solo mejora el pron\u00f3stico, sino que tambi\u00e9n reduce el riesgo de complicaciones graves\u201d, concluy\u00f3.<\/p>\n","protected":false},"excerpt":{"rendered":"<p>La Leucemia Promieloc\u00edtica Aguda (LPA) es un tipo de c\u00e1ncer de la sangre que se origina en las c\u00e9lulas mieloides y que, a pesar de ser menos conocida, es una de las formas de leucemia m\u00e1s tratables si se detecta de manera temprana. As\u00ed lo expuso el doctor Luis Meill\u00f3n, m\u00e9dico especialista en Hematolog\u00eda, quien [&hellip;]<\/p>\n","protected":false},"author":8,"featured_media":701,"comment_status":"open","ping_status":"closed","sticky":false,"template":"","format":"standard","meta":{"footnotes":""},"categories":[6],"tags":[],"class_list":["post-700","post","type-post","status-publish","format-standard","has-post-thumbnail","hentry","category-noticias"],"yoast_head":"<!-- This site is optimized with the Yoast SEO plugin v27.4 - https:\/\/yoast.com\/product\/yoast-seo-wordpress\/ -->\n<title>Leucemia Promieloc\u00edtica Aguda se puede tratar para evitar progresi\u00f3n y complicaciones - Historias que inspiran...<\/title>\n<meta name=\"robots\" content=\"index, follow, max-snippet:-1, max-image-preview:large, max-video-preview:-1\" \/>\n<link rel=\"canonical\" href=\"https:\/\/somos-hermanos.mx\/index.php\/2025\/08\/04\/leucemia-promielocitica-aguda-se-puede-tratar-para-evitar-progresion-y-complicaciones\/\" \/>\n<meta property=\"og:locale\" content=\"es_MX\" \/>\n<meta property=\"og:type\" content=\"article\" \/>\n<meta property=\"og:title\" content=\"Leucemia Promieloc\u00edtica Aguda se puede tratar para evitar progresi\u00f3n y complicaciones - Historias que inspiran...\" \/>\n<meta property=\"og:description\" content=\"La Leucemia Promieloc\u00edtica Aguda (LPA) es un tipo de c\u00e1ncer de la sangre que se origina en las c\u00e9lulas mieloides y que, a pesar de ser menos conocida, es una de las formas de leucemia m\u00e1s tratables si se detecta de manera temprana. As\u00ed lo expuso el doctor Luis Meill\u00f3n, m\u00e9dico especialista en Hematolog\u00eda, quien [&hellip;]\" \/>\n<meta property=\"og:url\" content=\"https:\/\/somos-hermanos.mx\/index.php\/2025\/08\/04\/leucemia-promielocitica-aguda-se-puede-tratar-para-evitar-progresion-y-complicaciones\/\" \/>\n<meta property=\"og:site_name\" content=\"Historias que inspiran...\" \/>\n<meta property=\"article:publisher\" content=\"https:\/\/www.facebook.com\/SomosHermanosIAP\/\" \/>\n<meta property=\"article:published_time\" content=\"2025-08-04T08:03:10+00:00\" \/>\n<meta property=\"og:image\" content=\"https:\/\/somos-hermanos.mx\/wp-content\/uploads\/2025\/08\/leu.jpeg\" \/>\n\t<meta property=\"og:image:width\" content=\"612\" \/>\n\t<meta property=\"og:image:height\" content=\"413\" \/>\n\t<meta property=\"og:image:type\" content=\"image\/jpeg\" \/>\n<meta name=\"author\" content=\"Jes\u00fas Arizmendi\" \/>\n<meta name=\"twitter:card\" content=\"summary_large_image\" \/>\n<meta name=\"twitter:creator\" content=\"@Somos__Hermanos\" \/>\n<meta name=\"twitter:site\" content=\"@Somos__Hermanos\" \/>\n<meta name=\"twitter:label1\" content=\"Escrito por\" \/>\n\t<meta name=\"twitter:data1\" content=\"Jes\u00fas Arizmendi\" \/>\n\t<meta name=\"twitter:label2\" content=\"Tiempo de lectura\" \/>\n\t<meta name=\"twitter:data2\" content=\"3 minutos\" \/>\n<script type=\"application\/ld+json\" class=\"yoast-schema-graph\">{\"@context\":\"https:\\\/\\\/schema.org\",\"@graph\":[{\"@type\":\"Article\",\"@id\":\"https:\\\/\\\/somos-hermanos.mx\\\/index.php\\\/2025\\\/08\\\/04\\\/leucemia-promielocitica-aguda-se-puede-tratar-para-evitar-progresion-y-complicaciones\\\/#article\",\"isPartOf\":{\"@id\":\"https:\\\/\\\/somos-hermanos.mx\\\/index.php\\\/2025\\\/08\\\/04\\\/leucemia-promielocitica-aguda-se-puede-tratar-para-evitar-progresion-y-complicaciones\\\/\"},\"author\":{\"name\":\"Jes\u00fas Arizmendi\",\"@id\":\"https:\\\/\\\/somos-hermanos.mx\\\/#\\\/schema\\\/person\\\/945cdfed39314d9db1242f593aecb908\"},\"headline\":\"Leucemia Promieloc\u00edtica Aguda se puede tratar para evitar progresi\u00f3n y complicaciones\",\"datePublished\":\"2025-08-04T08:03:10+00:00\",\"mainEntityOfPage\":{\"@id\":\"https:\\\/\\\/somos-hermanos.mx\\\/index.php\\\/2025\\\/08\\\/04\\\/leucemia-promielocitica-aguda-se-puede-tratar-para-evitar-progresion-y-complicaciones\\\/\"},\"wordCount\":538,\"commentCount\":0,\"publisher\":{\"@id\":\"https:\\\/\\\/somos-hermanos.mx\\\/#organization\"},\"image\":{\"@id\":\"https:\\\/\\\/somos-hermanos.mx\\\/index.php\\\/2025\\\/08\\\/04\\\/leucemia-promielocitica-aguda-se-puede-tratar-para-evitar-progresion-y-complicaciones\\\/#primaryimage\"},\"thumbnailUrl\":\"https:\\\/\\\/somos-hermanos.mx\\\/wp-content\\\/uploads\\\/2025\\\/08\\\/leu.jpeg\",\"articleSection\":[\"Noticias\"],\"inLanguage\":\"es\",\"potentialAction\":[{\"@type\":\"CommentAction\",\"name\":\"Comment\",\"target\":[\"https:\\\/\\\/somos-hermanos.mx\\\/index.php\\\/2025\\\/08\\\/04\\\/leucemia-promielocitica-aguda-se-puede-tratar-para-evitar-progresion-y-complicaciones\\\/#respond\"]}]},{\"@type\":\"WebPage\",\"@id\":\"https:\\\/\\\/somos-hermanos.mx\\\/index.php\\\/2025\\\/08\\\/04\\\/leucemia-promielocitica-aguda-se-puede-tratar-para-evitar-progresion-y-complicaciones\\\/\",\"url\":\"https:\\\/\\\/somos-hermanos.mx\\\/index.php\\\/2025\\\/08\\\/04\\\/leucemia-promielocitica-aguda-se-puede-tratar-para-evitar-progresion-y-complicaciones\\\/\",\"name\":\"Leucemia Promieloc\u00edtica Aguda se puede tratar para evitar progresi\u00f3n y complicaciones - Historias que inspiran...\",\"isPartOf\":{\"@id\":\"https:\\\/\\\/somos-hermanos.mx\\\/#website\"},\"primaryImageOfPage\":{\"@id\":\"https:\\\/\\\/somos-hermanos.mx\\\/index.php\\\/2025\\\/08\\\/04\\\/leucemia-promielocitica-aguda-se-puede-tratar-para-evitar-progresion-y-complicaciones\\\/#primaryimage\"},\"image\":{\"@id\":\"https:\\\/\\\/somos-hermanos.mx\\\/index.php\\\/2025\\\/08\\\/04\\\/leucemia-promielocitica-aguda-se-puede-tratar-para-evitar-progresion-y-complicaciones\\\/#primaryimage\"},\"thumbnailUrl\":\"https:\\\/\\\/somos-hermanos.mx\\\/wp-content\\\/uploads\\\/2025\\\/08\\\/leu.jpeg\",\"datePublished\":\"2025-08-04T08:03:10+00:00\",\"breadcrumb\":{\"@id\":\"https:\\\/\\\/somos-hermanos.mx\\\/index.php\\\/2025\\\/08\\\/04\\\/leucemia-promielocitica-aguda-se-puede-tratar-para-evitar-progresion-y-complicaciones\\\/#breadcrumb\"},\"inLanguage\":\"es\",\"potentialAction\":[{\"@type\":\"ReadAction\",\"target\":[\"https:\\\/\\\/somos-hermanos.mx\\\/index.php\\\/2025\\\/08\\\/04\\\/leucemia-promielocitica-aguda-se-puede-tratar-para-evitar-progresion-y-complicaciones\\\/\"]}]},{\"@type\":\"ImageObject\",\"inLanguage\":\"es\",\"@id\":\"https:\\\/\\\/somos-hermanos.mx\\\/index.php\\\/2025\\\/08\\\/04\\\/leucemia-promielocitica-aguda-se-puede-tratar-para-evitar-progresion-y-complicaciones\\\/#primaryimage\",\"url\":\"https:\\\/\\\/somos-hermanos.mx\\\/wp-content\\\/uploads\\\/2025\\\/08\\\/leu.jpeg\",\"contentUrl\":\"https:\\\/\\\/somos-hermanos.mx\\\/wp-content\\\/uploads\\\/2025\\\/08\\\/leu.jpeg\",\"width\":612,\"height\":413},{\"@type\":\"BreadcrumbList\",\"@id\":\"https:\\\/\\\/somos-hermanos.mx\\\/index.php\\\/2025\\\/08\\\/04\\\/leucemia-promielocitica-aguda-se-puede-tratar-para-evitar-progresion-y-complicaciones\\\/#breadcrumb\",\"itemListElement\":[{\"@type\":\"ListItem\",\"position\":1,\"name\":\"Inicio\",\"item\":\"https:\\\/\\\/somos-hermanos.mx\\\/\"},{\"@type\":\"ListItem\",\"position\":2,\"name\":\"Leucemia Promieloc\u00edtica Aguda se puede tratar para evitar progresi\u00f3n y complicaciones\"}]},{\"@type\":\"WebSite\",\"@id\":\"https:\\\/\\\/somos-hermanos.mx\\\/#website\",\"url\":\"https:\\\/\\\/somos-hermanos.mx\\\/\",\"name\":\"Historias que inspiran...\",\"description\":\"Somos la voz del altruismo en M\u00e9xico\",\"publisher\":{\"@id\":\"https:\\\/\\\/somos-hermanos.mx\\\/#organization\"},\"potentialAction\":[{\"@type\":\"SearchAction\",\"target\":{\"@type\":\"EntryPoint\",\"urlTemplate\":\"https:\\\/\\\/somos-hermanos.mx\\\/?s={search_term_string}\"},\"query-input\":{\"@type\":\"PropertyValueSpecification\",\"valueRequired\":true,\"valueName\":\"search_term_string\"}}],\"inLanguage\":\"es\"},{\"@type\":\"Organization\",\"@id\":\"https:\\\/\\\/somos-hermanos.mx\\\/#organization\",\"name\":\"Somos Hermanos\",\"url\":\"https:\\\/\\\/somos-hermanos.mx\\\/\",\"logo\":{\"@type\":\"ImageObject\",\"inLanguage\":\"es\",\"@id\":\"https:\\\/\\\/somos-hermanos.mx\\\/#\\\/schema\\\/logo\\\/image\\\/\",\"url\":\"https:\\\/\\\/somos-hermanos.mx\\\/wp-content\\\/uploads\\\/2025\\\/08\\\/SH30-1.jpeg\",\"contentUrl\":\"https:\\\/\\\/somos-hermanos.mx\\\/wp-content\\\/uploads\\\/2025\\\/08\\\/SH30-1.jpeg\",\"width\":1600,\"height\":1142,\"caption\":\"Somos Hermanos\"},\"image\":{\"@id\":\"https:\\\/\\\/somos-hermanos.mx\\\/#\\\/schema\\\/logo\\\/image\\\/\"},\"sameAs\":[\"https:\\\/\\\/www.facebook.com\\\/SomosHermanosIAP\\\/\",\"https:\\\/\\\/x.com\\\/Somos__Hermanos\",\"https:\\\/\\\/www.instagram.com\\\/somos__hermanos\\\/#\",\"https:\\\/\\\/www.tiktok.com\\\/@somoshermanosiap\",\"https:\\\/\\\/www.youtube.com\\\/@somoshermanosiap1201\\\/videos\"]},{\"@type\":\"Person\",\"@id\":\"https:\\\/\\\/somos-hermanos.mx\\\/#\\\/schema\\\/person\\\/945cdfed39314d9db1242f593aecb908\",\"name\":\"Jes\u00fas Arizmendi\",\"image\":{\"@type\":\"ImageObject\",\"inLanguage\":\"es\",\"@id\":\"https:\\\/\\\/secure.gravatar.com\\\/avatar\\\/9d2f2284f2cc108aae42b8fdb13afa29b801f64001b731516b830e4926cc1b4b?s=96&d=mm&r=g\",\"url\":\"https:\\\/\\\/secure.gravatar.com\\\/avatar\\\/9d2f2284f2cc108aae42b8fdb13afa29b801f64001b731516b830e4926cc1b4b?s=96&d=mm&r=g\",\"contentUrl\":\"https:\\\/\\\/secure.gravatar.com\\\/avatar\\\/9d2f2284f2cc108aae42b8fdb13afa29b801f64001b731516b830e4926cc1b4b?s=96&d=mm&r=g\",\"caption\":\"Jes\u00fas Arizmendi\"},\"url\":\"https:\\\/\\\/somos-hermanos.mx\\\/index.php\\\/author\\\/jesus-arizmendi\\\/\"}]}<\/script>\n<!-- \/ Yoast SEO plugin. -->","yoast_head_json":{"title":"Leucemia Promieloc\u00edtica Aguda se puede tratar para evitar progresi\u00f3n y complicaciones - Historias que inspiran...","robots":{"index":"index","follow":"follow","max-snippet":"max-snippet:-1","max-image-preview":"max-image-preview:large","max-video-preview":"max-video-preview:-1"},"canonical":"https:\/\/somos-hermanos.mx\/index.php\/2025\/08\/04\/leucemia-promielocitica-aguda-se-puede-tratar-para-evitar-progresion-y-complicaciones\/","og_locale":"es_MX","og_type":"article","og_title":"Leucemia Promieloc\u00edtica Aguda se puede tratar para evitar progresi\u00f3n y complicaciones - Historias que inspiran...","og_description":"La Leucemia Promieloc\u00edtica Aguda (LPA) es un tipo de c\u00e1ncer de la sangre que se origina en las c\u00e9lulas mieloides y que, a pesar de ser menos conocida, es una de las formas de leucemia m\u00e1s tratables si se detecta de manera temprana. As\u00ed lo expuso el doctor Luis Meill\u00f3n, m\u00e9dico especialista en Hematolog\u00eda, quien [&hellip;]","og_url":"https:\/\/somos-hermanos.mx\/index.php\/2025\/08\/04\/leucemia-promielocitica-aguda-se-puede-tratar-para-evitar-progresion-y-complicaciones\/","og_site_name":"Historias que inspiran...","article_publisher":"https:\/\/www.facebook.com\/SomosHermanosIAP\/","article_published_time":"2025-08-04T08:03:10+00:00","og_image":[{"width":612,"height":413,"url":"https:\/\/somos-hermanos.mx\/wp-content\/uploads\/2025\/08\/leu.jpeg","type":"image\/jpeg"}],"author":"Jes\u00fas Arizmendi","twitter_card":"summary_large_image","twitter_creator":"@Somos__Hermanos","twitter_site":"@Somos__Hermanos","twitter_misc":{"Escrito por":"Jes\u00fas Arizmendi","Tiempo de lectura":"3 minutos"},"schema":{"@context":"https:\/\/schema.org","@graph":[{"@type":"Article","@id":"https:\/\/somos-hermanos.mx\/index.php\/2025\/08\/04\/leucemia-promielocitica-aguda-se-puede-tratar-para-evitar-progresion-y-complicaciones\/#article","isPartOf":{"@id":"https:\/\/somos-hermanos.mx\/index.php\/2025\/08\/04\/leucemia-promielocitica-aguda-se-puede-tratar-para-evitar-progresion-y-complicaciones\/"},"author":{"name":"Jes\u00fas Arizmendi","@id":"https:\/\/somos-hermanos.mx\/#\/schema\/person\/945cdfed39314d9db1242f593aecb908"},"headline":"Leucemia Promieloc\u00edtica Aguda se puede tratar para evitar progresi\u00f3n y complicaciones","datePublished":"2025-08-04T08:03:10+00:00","mainEntityOfPage":{"@id":"https:\/\/somos-hermanos.mx\/index.php\/2025\/08\/04\/leucemia-promielocitica-aguda-se-puede-tratar-para-evitar-progresion-y-complicaciones\/"},"wordCount":538,"commentCount":0,"publisher":{"@id":"https:\/\/somos-hermanos.mx\/#organization"},"image":{"@id":"https:\/\/somos-hermanos.mx\/index.php\/2025\/08\/04\/leucemia-promielocitica-aguda-se-puede-tratar-para-evitar-progresion-y-complicaciones\/#primaryimage"},"thumbnailUrl":"https:\/\/somos-hermanos.mx\/wp-content\/uploads\/2025\/08\/leu.jpeg","articleSection":["Noticias"],"inLanguage":"es","potentialAction":[{"@type":"CommentAction","name":"Comment","target":["https:\/\/somos-hermanos.mx\/index.php\/2025\/08\/04\/leucemia-promielocitica-aguda-se-puede-tratar-para-evitar-progresion-y-complicaciones\/#respond"]}]},{"@type":"WebPage","@id":"https:\/\/somos-hermanos.mx\/index.php\/2025\/08\/04\/leucemia-promielocitica-aguda-se-puede-tratar-para-evitar-progresion-y-complicaciones\/","url":"https:\/\/somos-hermanos.mx\/index.php\/2025\/08\/04\/leucemia-promielocitica-aguda-se-puede-tratar-para-evitar-progresion-y-complicaciones\/","name":"Leucemia Promieloc\u00edtica Aguda se puede tratar para evitar progresi\u00f3n y complicaciones - Historias que inspiran...","isPartOf":{"@id":"https:\/\/somos-hermanos.mx\/#website"},"primaryImageOfPage":{"@id":"https:\/\/somos-hermanos.mx\/index.php\/2025\/08\/04\/leucemia-promielocitica-aguda-se-puede-tratar-para-evitar-progresion-y-complicaciones\/#primaryimage"},"image":{"@id":"https:\/\/somos-hermanos.mx\/index.php\/2025\/08\/04\/leucemia-promielocitica-aguda-se-puede-tratar-para-evitar-progresion-y-complicaciones\/#primaryimage"},"thumbnailUrl":"https:\/\/somos-hermanos.mx\/wp-content\/uploads\/2025\/08\/leu.jpeg","datePublished":"2025-08-04T08:03:10+00:00","breadcrumb":{"@id":"https:\/\/somos-hermanos.mx\/index.php\/2025\/08\/04\/leucemia-promielocitica-aguda-se-puede-tratar-para-evitar-progresion-y-complicaciones\/#breadcrumb"},"inLanguage":"es","potentialAction":[{"@type":"ReadAction","target":["https:\/\/somos-hermanos.mx\/index.php\/2025\/08\/04\/leucemia-promielocitica-aguda-se-puede-tratar-para-evitar-progresion-y-complicaciones\/"]}]},{"@type":"ImageObject","inLanguage":"es","@id":"https:\/\/somos-hermanos.mx\/index.php\/2025\/08\/04\/leucemia-promielocitica-aguda-se-puede-tratar-para-evitar-progresion-y-complicaciones\/#primaryimage","url":"https:\/\/somos-hermanos.mx\/wp-content\/uploads\/2025\/08\/leu.jpeg","contentUrl":"https:\/\/somos-hermanos.mx\/wp-content\/uploads\/2025\/08\/leu.jpeg","width":612,"height":413},{"@type":"BreadcrumbList","@id":"https:\/\/somos-hermanos.mx\/index.php\/2025\/08\/04\/leucemia-promielocitica-aguda-se-puede-tratar-para-evitar-progresion-y-complicaciones\/#breadcrumb","itemListElement":[{"@type":"ListItem","position":1,"name":"Inicio","item":"https:\/\/somos-hermanos.mx\/"},{"@type":"ListItem","position":2,"name":"Leucemia Promieloc\u00edtica Aguda se puede tratar para evitar progresi\u00f3n y complicaciones"}]},{"@type":"WebSite","@id":"https:\/\/somos-hermanos.mx\/#website","url":"https:\/\/somos-hermanos.mx\/","name":"Historias que inspiran...","description":"Somos la voz del altruismo en M\u00e9xico","publisher":{"@id":"https:\/\/somos-hermanos.mx\/#organization"},"potentialAction":[{"@type":"SearchAction","target":{"@type":"EntryPoint","urlTemplate":"https:\/\/somos-hermanos.mx\/?s={search_term_string}"},"query-input":{"@type":"PropertyValueSpecification","valueRequired":true,"valueName":"search_term_string"}}],"inLanguage":"es"},{"@type":"Organization","@id":"https:\/\/somos-hermanos.mx\/#organization","name":"Somos Hermanos","url":"https:\/\/somos-hermanos.mx\/","logo":{"@type":"ImageObject","inLanguage":"es","@id":"https:\/\/somos-hermanos.mx\/#\/schema\/logo\/image\/","url":"https:\/\/somos-hermanos.mx\/wp-content\/uploads\/2025\/08\/SH30-1.jpeg","contentUrl":"https:\/\/somos-hermanos.mx\/wp-content\/uploads\/2025\/08\/SH30-1.jpeg","width":1600,"height":1142,"caption":"Somos Hermanos"},"image":{"@id":"https:\/\/somos-hermanos.mx\/#\/schema\/logo\/image\/"},"sameAs":["https:\/\/www.facebook.com\/SomosHermanosIAP\/","https:\/\/x.com\/Somos__Hermanos","https:\/\/www.instagram.com\/somos__hermanos\/#","https:\/\/www.tiktok.com\/@somoshermanosiap","https:\/\/www.youtube.com\/@somoshermanosiap1201\/videos"]},{"@type":"Person","@id":"https:\/\/somos-hermanos.mx\/#\/schema\/person\/945cdfed39314d9db1242f593aecb908","name":"Jes\u00fas Arizmendi","image":{"@type":"ImageObject","inLanguage":"es","@id":"https:\/\/secure.gravatar.com\/avatar\/9d2f2284f2cc108aae42b8fdb13afa29b801f64001b731516b830e4926cc1b4b?s=96&d=mm&r=g","url":"https:\/\/secure.gravatar.com\/avatar\/9d2f2284f2cc108aae42b8fdb13afa29b801f64001b731516b830e4926cc1b4b?s=96&d=mm&r=g","contentUrl":"https:\/\/secure.gravatar.com\/avatar\/9d2f2284f2cc108aae42b8fdb13afa29b801f64001b731516b830e4926cc1b4b?s=96&d=mm&r=g","caption":"Jes\u00fas Arizmendi"},"url":"https:\/\/somos-hermanos.mx\/index.php\/author\/jesus-arizmendi\/"}]}},"_links":{"self":[{"href":"https:\/\/somos-hermanos.mx\/index.php\/wp-json\/wp\/v2\/posts\/700","targetHints":{"allow":["GET"]}}],"collection":[{"href":"https:\/\/somos-hermanos.mx\/index.php\/wp-json\/wp\/v2\/posts"}],"about":[{"href":"https:\/\/somos-hermanos.mx\/index.php\/wp-json\/wp\/v2\/types\/post"}],"author":[{"embeddable":true,"href":"https:\/\/somos-hermanos.mx\/index.php\/wp-json\/wp\/v2\/users\/8"}],"replies":[{"embeddable":true,"href":"https:\/\/somos-hermanos.mx\/index.php\/wp-json\/wp\/v2\/comments?post=700"}],"version-history":[{"count":1,"href":"https:\/\/somos-hermanos.mx\/index.php\/wp-json\/wp\/v2\/posts\/700\/revisions"}],"predecessor-version":[{"id":702,"href":"https:\/\/somos-hermanos.mx\/index.php\/wp-json\/wp\/v2\/posts\/700\/revisions\/702"}],"wp:featuredmedia":[{"embeddable":true,"href":"https:\/\/somos-hermanos.mx\/index.php\/wp-json\/wp\/v2\/media\/701"}],"wp:attachment":[{"href":"https:\/\/somos-hermanos.mx\/index.php\/wp-json\/wp\/v2\/media?parent=700"}],"wp:term":[{"taxonomy":"category","embeddable":true,"href":"https:\/\/somos-hermanos.mx\/index.php\/wp-json\/wp\/v2\/categories?post=700"},{"taxonomy":"post_tag","embeddable":true,"href":"https:\/\/somos-hermanos.mx\/index.php\/wp-json\/wp\/v2\/tags?post=700"}],"curies":[{"name":"wp","href":"https:\/\/api.w.org\/{rel}","templated":true}]}}