{"id":697,"date":"2025-08-04T02:02:03","date_gmt":"2025-08-04T08:02:03","guid":{"rendered":"https:\/\/somos-hermanos.mx\/?p=697"},"modified":"2025-08-04T02:02:03","modified_gmt":"2025-08-04T08:02:03","slug":"mas-alla-del-cancer-apuesta-con-firmeza-por-un-diagnostico-oportuno","status":"publish","type":"post","link":"https:\/\/somos-hermanos.mx\/index.php\/2025\/08\/04\/mas-alla-del-cancer-apuesta-con-firmeza-por-un-diagnostico-oportuno\/","title":{"rendered":"M\u00e1s All\u00e1 del C\u00e1ncer apuesta con firmeza por un diagn\u00f3stico oportuno"},"content":{"rendered":"<p>En M\u00e9xico se diagnostican <strong>191,000 casos de c\u00e1ncer al a\u00f1o de los cuales 84,000 resultan en fallecimiento <\/strong>lo que la posiciona como la tercera causa de mortalidad en el pa\u00eds.<\/p>\n<p><strong>Detectar de forma oportuna es la v\u00eda con la que se puede incrementar la tasa de supervivencia <\/strong>hasta en un 90% en ciertos tipos de c\u00e1ncer, por lo que resulta vital la detecci\u00f3n temprana.<\/p>\n<p>Bajo este objetivo, surge la <strong>\u201cFundaci\u00f3n Dr. Jos\u00e9 Ignacio Rivero Cosme M\u00e1s All\u00e1 del C\u00e1ncer\u201d <\/strong>y con tres a\u00f1os de operaci\u00f3n, su impacto <strong>ha beneficiado a m\u00e1s de 80 pacientes.<\/strong><\/p>\n<p>Lourdes Mondrag\u00f3n, directora general de la fundaci\u00f3n, comparti\u00f3 en entrevista para Somos Hermanos c\u00f3mo surgi\u00f3 la organizaci\u00f3n en 2021 a ra\u00edz del fallecimiento del Dr. Rivero Cosme:<\/p>\n<p>\u201cEn septiembre de 2021 un familiar cercano muere de c\u00e1ncer de p\u00e1ncreas, <strong>vivimos de cerca la enfermedad y por un diagn\u00f3stico tard\u00edo nos dimos cuenta que esto puede cambiar el destino de una persona.\u201d<\/strong>\u00a0Refiri\u00f3.<\/p>\n<p><strong>Como consecuencia surgi\u00f3 la necesidad de crear M\u00e1s All\u00e1 del C\u00e1ncer <\/strong>para apoyar a los pacientes en su diagn\u00f3stico oportuno. Atienden y apoyan a beneficiarios de toda la Rep\u00fablica Mexicana.<\/p>\n<p>Dentro de los apoyos que otorgan se encuentran soporte para diversos estudios tales como PET (Tomograf\u00eda por emisi\u00f3n de Positrones), resonancias y biopsias para que el paciente pueda iniciar su tratamiento.<\/p>\n<p><strong>Un obst\u00e1culo en M\u00e9xico es la dificultad de acceder a estos tipos de estudios y el diagn\u00f3stico se vuelve dif\u00edcil, <\/strong>Lourdes agreg\u00f3 en su forma de intervenci\u00f3n:<\/p>\n<p>\u201cNosotros tomamos a los pacientes que nos refieren, los apoyamos y as\u00ed puede regresar a su cl\u00ednica con el estudio que va determinar el tipo de tratamiento que necesita\u201d. Atribuy\u00f3 la directora general.<\/p>\n<p>No solamente en estudios de diagn\u00f3stico interviene la organizaci\u00f3n, ya que tambi\u00e9n en pruebas de seguimiento una vez que los pacientes terminan sus procesos de quimioterapia o radioterapia.<\/p>\n<p>M\u00e1s All\u00e1 del C\u00e1ncer es miembro de la Red Nacional de la Lucha contra el C\u00e1ncer, lo que representa una entidad donde son referidos diversos beneficiarios de la fundaci\u00f3n.<\/p>\n<p>Para Lourdes, difundir la misi\u00f3n de la asociaci\u00f3n y crear conciencia en el resto de la poblaci\u00f3n para la obtenci\u00f3n de recursos es fundamental para continuar trabajando.<\/p>\n<p>As\u00ed tambi\u00e9n, Lourdes profundiz\u00f3 en la detecci\u00f3n temprana: <strong>\u201cUn diagn\u00f3stico oportuno aumenta las posibilidades de un mayor \u00e9xito en el tratamiento, <\/strong>si el c\u00e1ncer se inicia en etapas tempranas los costos son menores y eso igual ayuda.\u201d Destac\u00f3.<\/p>\n<p>Aparte de esto, a\u00f1adi\u00f3 la directora que la calidad de vida de los pacientes se incrementa y en t\u00e9rminos realistas el impacto de un diagn\u00f3stico oportuno es muy grande. Crear una Asociaci\u00f3n Civil no es tarea sencilla, a lo que Lourdes Mondrag\u00f3n mencion\u00f3:<\/p>\n<p>\u201cAfortunadamente contamos con apoyo de personas especializadas en el \u00e1rea jur\u00eddica y contable que fueron imperativas para la constituci\u00f3n de la fundaci\u00f3n y conseguimos ser donataria autorizada en un periodo corto, lo que fue tambi\u00e9n clave\u201d. Explic\u00f3 Mondrag\u00f3n.<\/p>\n<p>Con estos elementos, la organizaci\u00f3n cuenta con la transparencia, credibilidad y le permite ver a la gente que la labor que se realiza es fidedigna.<\/p>\n<p>De acuerdo a la Directora Mondrag\u00f3n a\u00fan hace falta generar la conciencia de ayudar al pr\u00f3jimo no solamente en momentos de crisis y apoyar a OSC en sus diferentes labores.<\/p>\n<p>Mediante su p\u00e1gina institucional y redes sociales la fundaci\u00f3n difunde y da a conocer informaci\u00f3n valiosa con campa\u00f1as educativas.<\/p>\n<p>Lourdes Mondrag\u00f3n extendi\u00f3 la invitaci\u00f3n para acercarse a la fundaci\u00f3n: \u201cLos exhorto a generar conciencia, ser emp\u00e1ticos y a saber que un diagn\u00f3stico de c\u00e1ncer no significa muerte, y si todos nos sumamos a esta causa lograremos estar M\u00e1s All\u00e1 del C\u00e1ncer.\u201d Concluy\u00f3.<\/p>\n<p>Realizar un diagn\u00f3stico oportuno significa una mayor oportunidad contra el c\u00e1ncer y <strong>en Fundaci\u00f3n M\u00e1s All\u00e1 del C\u00e1ncer hacen la diferencia en pacientes de esta enfermedad a tener una mejor calidad de vida.<\/strong><\/p>\n<p><a href=\"https:\/\/www.masalladelcancer.mx\/\"><u>https:\/\/www.masalladelcancer.mx\/<\/u><\/a><\/p>\n<p><a href=\"mailto:fundacionjirc@masalladelcancer.mx\"><u>fundacionjirc@masalladelcancer.mx<\/u><\/a><\/p>\n","protected":false},"excerpt":{"rendered":"<p>En M\u00e9xico se diagnostican 191,000 casos de c\u00e1ncer al a\u00f1o de los cuales 84,000 resultan en fallecimiento lo que la posiciona como la tercera causa de mortalidad en el pa\u00eds. Detectar de forma oportuna es la v\u00eda con la que se puede incrementar la tasa de supervivencia hasta en un 90% en ciertos tipos de [&hellip;]<\/p>\n","protected":false},"author":10,"featured_media":698,"comment_status":"open","ping_status":"closed","sticky":false,"template":"","format":"standard","meta":{"footnotes":""},"categories":[6],"tags":[],"class_list":["post-697","post","type-post","status-publish","format-standard","has-post-thumbnail","hentry","category-noticias"],"yoast_head":"<!-- This site is optimized with the Yoast SEO plugin v27.4 - https:\/\/yoast.com\/product\/yoast-seo-wordpress\/ -->\n<title>M\u00e1s All\u00e1 del C\u00e1ncer apuesta con firmeza por un diagn\u00f3stico oportuno - Historias que inspiran...<\/title>\n<meta name=\"robots\" content=\"index, follow, max-snippet:-1, max-image-preview:large, max-video-preview:-1\" \/>\n<link rel=\"canonical\" href=\"https:\/\/somos-hermanos.mx\/index.php\/2025\/08\/04\/mas-alla-del-cancer-apuesta-con-firmeza-por-un-diagnostico-oportuno\/\" \/>\n<meta property=\"og:locale\" content=\"es_MX\" \/>\n<meta property=\"og:type\" content=\"article\" \/>\n<meta property=\"og:title\" content=\"M\u00e1s All\u00e1 del C\u00e1ncer apuesta con firmeza por un diagn\u00f3stico oportuno - Historias que inspiran...\" \/>\n<meta property=\"og:description\" content=\"En M\u00e9xico se diagnostican 191,000 casos de c\u00e1ncer al a\u00f1o de los cuales 84,000 resultan en fallecimiento lo que la posiciona como la tercera causa de mortalidad en el pa\u00eds. Detectar de forma oportuna es la v\u00eda con la que se puede incrementar la tasa de supervivencia hasta en un 90% en ciertos tipos de [&hellip;]\" \/>\n<meta property=\"og:url\" content=\"https:\/\/somos-hermanos.mx\/index.php\/2025\/08\/04\/mas-alla-del-cancer-apuesta-con-firmeza-por-un-diagnostico-oportuno\/\" \/>\n<meta property=\"og:site_name\" content=\"Historias que inspiran...\" \/>\n<meta property=\"article:publisher\" content=\"https:\/\/www.facebook.com\/SomosHermanosIAP\/\" \/>\n<meta property=\"article:published_time\" content=\"2025-08-04T08:02:03+00:00\" \/>\n<meta property=\"og:image\" content=\"https:\/\/somos-hermanos.mx\/wp-content\/uploads\/2025\/08\/alla.jpeg\" \/>\n\t<meta property=\"og:image:width\" content=\"806\" \/>\n\t<meta property=\"og:image:height\" content=\"607\" \/>\n\t<meta property=\"og:image:type\" content=\"image\/jpeg\" \/>\n<meta name=\"author\" content=\"Carlos Hernandez Huerta\" \/>\n<meta name=\"twitter:card\" content=\"summary_large_image\" \/>\n<meta name=\"twitter:creator\" content=\"@Somos__Hermanos\" \/>\n<meta name=\"twitter:site\" content=\"@Somos__Hermanos\" \/>\n<meta name=\"twitter:label1\" content=\"Escrito por\" \/>\n\t<meta name=\"twitter:data1\" content=\"Carlos Hernandez Huerta\" \/>\n\t<meta name=\"twitter:label2\" content=\"Tiempo de lectura\" \/>\n\t<meta name=\"twitter:data2\" content=\"4 minutos\" \/>\n<script type=\"application\/ld+json\" class=\"yoast-schema-graph\">{\"@context\":\"https:\\\/\\\/schema.org\",\"@graph\":[{\"@type\":\"Article\",\"@id\":\"https:\\\/\\\/somos-hermanos.mx\\\/index.php\\\/2025\\\/08\\\/04\\\/mas-alla-del-cancer-apuesta-con-firmeza-por-un-diagnostico-oportuno\\\/#article\",\"isPartOf\":{\"@id\":\"https:\\\/\\\/somos-hermanos.mx\\\/index.php\\\/2025\\\/08\\\/04\\\/mas-alla-del-cancer-apuesta-con-firmeza-por-un-diagnostico-oportuno\\\/\"},\"author\":{\"name\":\"Carlos Hernandez Huerta\",\"@id\":\"https:\\\/\\\/somos-hermanos.mx\\\/#\\\/schema\\\/person\\\/2466d21e6ade208f45dbc821298d62b6\"},\"headline\":\"M\u00e1s All\u00e1 del C\u00e1ncer apuesta con firmeza por un diagn\u00f3stico oportuno\",\"datePublished\":\"2025-08-04T08:02:03+00:00\",\"mainEntityOfPage\":{\"@id\":\"https:\\\/\\\/somos-hermanos.mx\\\/index.php\\\/2025\\\/08\\\/04\\\/mas-alla-del-cancer-apuesta-con-firmeza-por-un-diagnostico-oportuno\\\/\"},\"wordCount\":725,\"commentCount\":0,\"publisher\":{\"@id\":\"https:\\\/\\\/somos-hermanos.mx\\\/#organization\"},\"image\":{\"@id\":\"https:\\\/\\\/somos-hermanos.mx\\\/index.php\\\/2025\\\/08\\\/04\\\/mas-alla-del-cancer-apuesta-con-firmeza-por-un-diagnostico-oportuno\\\/#primaryimage\"},\"thumbnailUrl\":\"https:\\\/\\\/somos-hermanos.mx\\\/wp-content\\\/uploads\\\/2025\\\/08\\\/alla.jpeg\",\"articleSection\":[\"Noticias\"],\"inLanguage\":\"es\",\"potentialAction\":[{\"@type\":\"CommentAction\",\"name\":\"Comment\",\"target\":[\"https:\\\/\\\/somos-hermanos.mx\\\/index.php\\\/2025\\\/08\\\/04\\\/mas-alla-del-cancer-apuesta-con-firmeza-por-un-diagnostico-oportuno\\\/#respond\"]}]},{\"@type\":\"WebPage\",\"@id\":\"https:\\\/\\\/somos-hermanos.mx\\\/index.php\\\/2025\\\/08\\\/04\\\/mas-alla-del-cancer-apuesta-con-firmeza-por-un-diagnostico-oportuno\\\/\",\"url\":\"https:\\\/\\\/somos-hermanos.mx\\\/index.php\\\/2025\\\/08\\\/04\\\/mas-alla-del-cancer-apuesta-con-firmeza-por-un-diagnostico-oportuno\\\/\",\"name\":\"M\u00e1s All\u00e1 del C\u00e1ncer apuesta con firmeza por un diagn\u00f3stico oportuno - Historias que inspiran...\",\"isPartOf\":{\"@id\":\"https:\\\/\\\/somos-hermanos.mx\\\/#website\"},\"primaryImageOfPage\":{\"@id\":\"https:\\\/\\\/somos-hermanos.mx\\\/index.php\\\/2025\\\/08\\\/04\\\/mas-alla-del-cancer-apuesta-con-firmeza-por-un-diagnostico-oportuno\\\/#primaryimage\"},\"image\":{\"@id\":\"https:\\\/\\\/somos-hermanos.mx\\\/index.php\\\/2025\\\/08\\\/04\\\/mas-alla-del-cancer-apuesta-con-firmeza-por-un-diagnostico-oportuno\\\/#primaryimage\"},\"thumbnailUrl\":\"https:\\\/\\\/somos-hermanos.mx\\\/wp-content\\\/uploads\\\/2025\\\/08\\\/alla.jpeg\",\"datePublished\":\"2025-08-04T08:02:03+00:00\",\"breadcrumb\":{\"@id\":\"https:\\\/\\\/somos-hermanos.mx\\\/index.php\\\/2025\\\/08\\\/04\\\/mas-alla-del-cancer-apuesta-con-firmeza-por-un-diagnostico-oportuno\\\/#breadcrumb\"},\"inLanguage\":\"es\",\"potentialAction\":[{\"@type\":\"ReadAction\",\"target\":[\"https:\\\/\\\/somos-hermanos.mx\\\/index.php\\\/2025\\\/08\\\/04\\\/mas-alla-del-cancer-apuesta-con-firmeza-por-un-diagnostico-oportuno\\\/\"]}]},{\"@type\":\"ImageObject\",\"inLanguage\":\"es\",\"@id\":\"https:\\\/\\\/somos-hermanos.mx\\\/index.php\\\/2025\\\/08\\\/04\\\/mas-alla-del-cancer-apuesta-con-firmeza-por-un-diagnostico-oportuno\\\/#primaryimage\",\"url\":\"https:\\\/\\\/somos-hermanos.mx\\\/wp-content\\\/uploads\\\/2025\\\/08\\\/alla.jpeg\",\"contentUrl\":\"https:\\\/\\\/somos-hermanos.mx\\\/wp-content\\\/uploads\\\/2025\\\/08\\\/alla.jpeg\",\"width\":806,\"height\":607},{\"@type\":\"BreadcrumbList\",\"@id\":\"https:\\\/\\\/somos-hermanos.mx\\\/index.php\\\/2025\\\/08\\\/04\\\/mas-alla-del-cancer-apuesta-con-firmeza-por-un-diagnostico-oportuno\\\/#breadcrumb\",\"itemListElement\":[{\"@type\":\"ListItem\",\"position\":1,\"name\":\"Inicio\",\"item\":\"https:\\\/\\\/somos-hermanos.mx\\\/\"},{\"@type\":\"ListItem\",\"position\":2,\"name\":\"M\u00e1s All\u00e1 del C\u00e1ncer apuesta con firmeza por un diagn\u00f3stico oportuno\"}]},{\"@type\":\"WebSite\",\"@id\":\"https:\\\/\\\/somos-hermanos.mx\\\/#website\",\"url\":\"https:\\\/\\\/somos-hermanos.mx\\\/\",\"name\":\"Historias que inspiran...\",\"description\":\"Somos la voz del altruismo en M\u00e9xico\",\"publisher\":{\"@id\":\"https:\\\/\\\/somos-hermanos.mx\\\/#organization\"},\"potentialAction\":[{\"@type\":\"SearchAction\",\"target\":{\"@type\":\"EntryPoint\",\"urlTemplate\":\"https:\\\/\\\/somos-hermanos.mx\\\/?s={search_term_string}\"},\"query-input\":{\"@type\":\"PropertyValueSpecification\",\"valueRequired\":true,\"valueName\":\"search_term_string\"}}],\"inLanguage\":\"es\"},{\"@type\":\"Organization\",\"@id\":\"https:\\\/\\\/somos-hermanos.mx\\\/#organization\",\"name\":\"Somos Hermanos\",\"url\":\"https:\\\/\\\/somos-hermanos.mx\\\/\",\"logo\":{\"@type\":\"ImageObject\",\"inLanguage\":\"es\",\"@id\":\"https:\\\/\\\/somos-hermanos.mx\\\/#\\\/schema\\\/logo\\\/image\\\/\",\"url\":\"https:\\\/\\\/somos-hermanos.mx\\\/wp-content\\\/uploads\\\/2025\\\/08\\\/SH30-1.jpeg\",\"contentUrl\":\"https:\\\/\\\/somos-hermanos.mx\\\/wp-content\\\/uploads\\\/2025\\\/08\\\/SH30-1.jpeg\",\"width\":1600,\"height\":1142,\"caption\":\"Somos Hermanos\"},\"image\":{\"@id\":\"https:\\\/\\\/somos-hermanos.mx\\\/#\\\/schema\\\/logo\\\/image\\\/\"},\"sameAs\":[\"https:\\\/\\\/www.facebook.com\\\/SomosHermanosIAP\\\/\",\"https:\\\/\\\/x.com\\\/Somos__Hermanos\",\"https:\\\/\\\/www.instagram.com\\\/somos__hermanos\\\/#\",\"https:\\\/\\\/www.tiktok.com\\\/@somoshermanosiap\",\"https:\\\/\\\/www.youtube.com\\\/@somoshermanosiap1201\\\/videos\"]},{\"@type\":\"Person\",\"@id\":\"https:\\\/\\\/somos-hermanos.mx\\\/#\\\/schema\\\/person\\\/2466d21e6ade208f45dbc821298d62b6\",\"name\":\"Carlos Hernandez Huerta\",\"image\":{\"@type\":\"ImageObject\",\"inLanguage\":\"es\",\"@id\":\"https:\\\/\\\/secure.gravatar.com\\\/avatar\\\/51f6e8e89626306c560ccd8823655e34da99a1f976b5f71bb93591c6b45fd128?s=96&d=mm&r=g\",\"url\":\"https:\\\/\\\/secure.gravatar.com\\\/avatar\\\/51f6e8e89626306c560ccd8823655e34da99a1f976b5f71bb93591c6b45fd128?s=96&d=mm&r=g\",\"contentUrl\":\"https:\\\/\\\/secure.gravatar.com\\\/avatar\\\/51f6e8e89626306c560ccd8823655e34da99a1f976b5f71bb93591c6b45fd128?s=96&d=mm&r=g\",\"caption\":\"Carlos Hernandez Huerta\"},\"url\":\"https:\\\/\\\/somos-hermanos.mx\\\/index.php\\\/author\\\/carlos-hernandez-huerta\\\/\"}]}<\/script>\n<!-- \/ Yoast SEO plugin. -->","yoast_head_json":{"title":"M\u00e1s All\u00e1 del C\u00e1ncer apuesta con firmeza por un diagn\u00f3stico oportuno - Historias que inspiran...","robots":{"index":"index","follow":"follow","max-snippet":"max-snippet:-1","max-image-preview":"max-image-preview:large","max-video-preview":"max-video-preview:-1"},"canonical":"https:\/\/somos-hermanos.mx\/index.php\/2025\/08\/04\/mas-alla-del-cancer-apuesta-con-firmeza-por-un-diagnostico-oportuno\/","og_locale":"es_MX","og_type":"article","og_title":"M\u00e1s All\u00e1 del C\u00e1ncer apuesta con firmeza por un diagn\u00f3stico oportuno - Historias que inspiran...","og_description":"En M\u00e9xico se diagnostican 191,000 casos de c\u00e1ncer al a\u00f1o de los cuales 84,000 resultan en fallecimiento lo que la posiciona como la tercera causa de mortalidad en el pa\u00eds. Detectar de forma oportuna es la v\u00eda con la que se puede incrementar la tasa de supervivencia hasta en un 90% en ciertos tipos de [&hellip;]","og_url":"https:\/\/somos-hermanos.mx\/index.php\/2025\/08\/04\/mas-alla-del-cancer-apuesta-con-firmeza-por-un-diagnostico-oportuno\/","og_site_name":"Historias que inspiran...","article_publisher":"https:\/\/www.facebook.com\/SomosHermanosIAP\/","article_published_time":"2025-08-04T08:02:03+00:00","og_image":[{"width":806,"height":607,"url":"https:\/\/somos-hermanos.mx\/wp-content\/uploads\/2025\/08\/alla.jpeg","type":"image\/jpeg"}],"author":"Carlos Hernandez Huerta","twitter_card":"summary_large_image","twitter_creator":"@Somos__Hermanos","twitter_site":"@Somos__Hermanos","twitter_misc":{"Escrito por":"Carlos Hernandez Huerta","Tiempo de lectura":"4 minutos"},"schema":{"@context":"https:\/\/schema.org","@graph":[{"@type":"Article","@id":"https:\/\/somos-hermanos.mx\/index.php\/2025\/08\/04\/mas-alla-del-cancer-apuesta-con-firmeza-por-un-diagnostico-oportuno\/#article","isPartOf":{"@id":"https:\/\/somos-hermanos.mx\/index.php\/2025\/08\/04\/mas-alla-del-cancer-apuesta-con-firmeza-por-un-diagnostico-oportuno\/"},"author":{"name":"Carlos Hernandez Huerta","@id":"https:\/\/somos-hermanos.mx\/#\/schema\/person\/2466d21e6ade208f45dbc821298d62b6"},"headline":"M\u00e1s All\u00e1 del C\u00e1ncer apuesta con firmeza por un diagn\u00f3stico oportuno","datePublished":"2025-08-04T08:02:03+00:00","mainEntityOfPage":{"@id":"https:\/\/somos-hermanos.mx\/index.php\/2025\/08\/04\/mas-alla-del-cancer-apuesta-con-firmeza-por-un-diagnostico-oportuno\/"},"wordCount":725,"commentCount":0,"publisher":{"@id":"https:\/\/somos-hermanos.mx\/#organization"},"image":{"@id":"https:\/\/somos-hermanos.mx\/index.php\/2025\/08\/04\/mas-alla-del-cancer-apuesta-con-firmeza-por-un-diagnostico-oportuno\/#primaryimage"},"thumbnailUrl":"https:\/\/somos-hermanos.mx\/wp-content\/uploads\/2025\/08\/alla.jpeg","articleSection":["Noticias"],"inLanguage":"es","potentialAction":[{"@type":"CommentAction","name":"Comment","target":["https:\/\/somos-hermanos.mx\/index.php\/2025\/08\/04\/mas-alla-del-cancer-apuesta-con-firmeza-por-un-diagnostico-oportuno\/#respond"]}]},{"@type":"WebPage","@id":"https:\/\/somos-hermanos.mx\/index.php\/2025\/08\/04\/mas-alla-del-cancer-apuesta-con-firmeza-por-un-diagnostico-oportuno\/","url":"https:\/\/somos-hermanos.mx\/index.php\/2025\/08\/04\/mas-alla-del-cancer-apuesta-con-firmeza-por-un-diagnostico-oportuno\/","name":"M\u00e1s All\u00e1 del C\u00e1ncer apuesta con firmeza por un diagn\u00f3stico oportuno - Historias que inspiran...","isPartOf":{"@id":"https:\/\/somos-hermanos.mx\/#website"},"primaryImageOfPage":{"@id":"https:\/\/somos-hermanos.mx\/index.php\/2025\/08\/04\/mas-alla-del-cancer-apuesta-con-firmeza-por-un-diagnostico-oportuno\/#primaryimage"},"image":{"@id":"https:\/\/somos-hermanos.mx\/index.php\/2025\/08\/04\/mas-alla-del-cancer-apuesta-con-firmeza-por-un-diagnostico-oportuno\/#primaryimage"},"thumbnailUrl":"https:\/\/somos-hermanos.mx\/wp-content\/uploads\/2025\/08\/alla.jpeg","datePublished":"2025-08-04T08:02:03+00:00","breadcrumb":{"@id":"https:\/\/somos-hermanos.mx\/index.php\/2025\/08\/04\/mas-alla-del-cancer-apuesta-con-firmeza-por-un-diagnostico-oportuno\/#breadcrumb"},"inLanguage":"es","potentialAction":[{"@type":"ReadAction","target":["https:\/\/somos-hermanos.mx\/index.php\/2025\/08\/04\/mas-alla-del-cancer-apuesta-con-firmeza-por-un-diagnostico-oportuno\/"]}]},{"@type":"ImageObject","inLanguage":"es","@id":"https:\/\/somos-hermanos.mx\/index.php\/2025\/08\/04\/mas-alla-del-cancer-apuesta-con-firmeza-por-un-diagnostico-oportuno\/#primaryimage","url":"https:\/\/somos-hermanos.mx\/wp-content\/uploads\/2025\/08\/alla.jpeg","contentUrl":"https:\/\/somos-hermanos.mx\/wp-content\/uploads\/2025\/08\/alla.jpeg","width":806,"height":607},{"@type":"BreadcrumbList","@id":"https:\/\/somos-hermanos.mx\/index.php\/2025\/08\/04\/mas-alla-del-cancer-apuesta-con-firmeza-por-un-diagnostico-oportuno\/#breadcrumb","itemListElement":[{"@type":"ListItem","position":1,"name":"Inicio","item":"https:\/\/somos-hermanos.mx\/"},{"@type":"ListItem","position":2,"name":"M\u00e1s All\u00e1 del C\u00e1ncer apuesta con firmeza por un diagn\u00f3stico oportuno"}]},{"@type":"WebSite","@id":"https:\/\/somos-hermanos.mx\/#website","url":"https:\/\/somos-hermanos.mx\/","name":"Historias que inspiran...","description":"Somos la voz del altruismo en M\u00e9xico","publisher":{"@id":"https:\/\/somos-hermanos.mx\/#organization"},"potentialAction":[{"@type":"SearchAction","target":{"@type":"EntryPoint","urlTemplate":"https:\/\/somos-hermanos.mx\/?s={search_term_string}"},"query-input":{"@type":"PropertyValueSpecification","valueRequired":true,"valueName":"search_term_string"}}],"inLanguage":"es"},{"@type":"Organization","@id":"https:\/\/somos-hermanos.mx\/#organization","name":"Somos Hermanos","url":"https:\/\/somos-hermanos.mx\/","logo":{"@type":"ImageObject","inLanguage":"es","@id":"https:\/\/somos-hermanos.mx\/#\/schema\/logo\/image\/","url":"https:\/\/somos-hermanos.mx\/wp-content\/uploads\/2025\/08\/SH30-1.jpeg","contentUrl":"https:\/\/somos-hermanos.mx\/wp-content\/uploads\/2025\/08\/SH30-1.jpeg","width":1600,"height":1142,"caption":"Somos Hermanos"},"image":{"@id":"https:\/\/somos-hermanos.mx\/#\/schema\/logo\/image\/"},"sameAs":["https:\/\/www.facebook.com\/SomosHermanosIAP\/","https:\/\/x.com\/Somos__Hermanos","https:\/\/www.instagram.com\/somos__hermanos\/#","https:\/\/www.tiktok.com\/@somoshermanosiap","https:\/\/www.youtube.com\/@somoshermanosiap1201\/videos"]},{"@type":"Person","@id":"https:\/\/somos-hermanos.mx\/#\/schema\/person\/2466d21e6ade208f45dbc821298d62b6","name":"Carlos Hernandez Huerta","image":{"@type":"ImageObject","inLanguage":"es","@id":"https:\/\/secure.gravatar.com\/avatar\/51f6e8e89626306c560ccd8823655e34da99a1f976b5f71bb93591c6b45fd128?s=96&d=mm&r=g","url":"https:\/\/secure.gravatar.com\/avatar\/51f6e8e89626306c560ccd8823655e34da99a1f976b5f71bb93591c6b45fd128?s=96&d=mm&r=g","contentUrl":"https:\/\/secure.gravatar.com\/avatar\/51f6e8e89626306c560ccd8823655e34da99a1f976b5f71bb93591c6b45fd128?s=96&d=mm&r=g","caption":"Carlos Hernandez Huerta"},"url":"https:\/\/somos-hermanos.mx\/index.php\/author\/carlos-hernandez-huerta\/"}]}},"_links":{"self":[{"href":"https:\/\/somos-hermanos.mx\/index.php\/wp-json\/wp\/v2\/posts\/697","targetHints":{"allow":["GET"]}}],"collection":[{"href":"https:\/\/somos-hermanos.mx\/index.php\/wp-json\/wp\/v2\/posts"}],"about":[{"href":"https:\/\/somos-hermanos.mx\/index.php\/wp-json\/wp\/v2\/types\/post"}],"author":[{"embeddable":true,"href":"https:\/\/somos-hermanos.mx\/index.php\/wp-json\/wp\/v2\/users\/10"}],"replies":[{"embeddable":true,"href":"https:\/\/somos-hermanos.mx\/index.php\/wp-json\/wp\/v2\/comments?post=697"}],"version-history":[{"count":1,"href":"https:\/\/somos-hermanos.mx\/index.php\/wp-json\/wp\/v2\/posts\/697\/revisions"}],"predecessor-version":[{"id":699,"href":"https:\/\/somos-hermanos.mx\/index.php\/wp-json\/wp\/v2\/posts\/697\/revisions\/699"}],"wp:featuredmedia":[{"embeddable":true,"href":"https:\/\/somos-hermanos.mx\/index.php\/wp-json\/wp\/v2\/media\/698"}],"wp:attachment":[{"href":"https:\/\/somos-hermanos.mx\/index.php\/wp-json\/wp\/v2\/media?parent=697"}],"wp:term":[{"taxonomy":"category","embeddable":true,"href":"https:\/\/somos-hermanos.mx\/index.php\/wp-json\/wp\/v2\/categories?post=697"},{"taxonomy":"post_tag","embeddable":true,"href":"https:\/\/somos-hermanos.mx\/index.php\/wp-json\/wp\/v2\/tags?post=697"}],"curies":[{"name":"wp","href":"https:\/\/api.w.org\/{rel}","templated":true}]}}