{"id":694,"date":"2025-08-04T02:00:51","date_gmt":"2025-08-04T08:00:51","guid":{"rendered":"https:\/\/somos-hermanos.mx\/?p=694"},"modified":"2025-08-04T02:00:51","modified_gmt":"2025-08-04T08:00:51","slug":"fundacion-michou-y-mau-salvando-vidas-de-ninos-con-quemaduras-graves","status":"publish","type":"post","link":"https:\/\/somos-hermanos.mx\/index.php\/2025\/08\/04\/fundacion-michou-y-mau-salvando-vidas-de-ninos-con-quemaduras-graves\/","title":{"rendered":"Fundaci\u00f3n Michou y Mau: salvando vidas de ni\u00f1os con quemaduras graves"},"content":{"rendered":"<p>Muy pocas fundaciones nacen de un evento desafortunado. En el caso de Fundaci\u00f3n Michou y Mau IAP\u00a0<strong><b>se constituy\u00f3 en 1998 para que a ning\u00fan ni\u00f1o le suceda lo mismo que a Mau,\u00a0<\/b><\/strong>quien lamentablemente pierde la vida por no haber recibido atenci\u00f3n m\u00e9dica oportuna de alta especialidad en ni\u00f1os quemados.<\/p>\n<p>Por otra parte, Michou, su madre, muere al intentar salvar a Mau y Camila, quien esta segunda logr\u00f3 recuperarse. De este suceso brota una Instituci\u00f3n de Asistencia Privada focalizada en buscar recursos para que se brinde una atenci\u00f3n m\u00e9dica oportuna a los ni\u00f1os mexicanos con quemaduras severas, la cual se nombra en memoria de Michelle y Mauricio.<\/p>\n<p>La <strong><b>Fundaci\u00f3n Michou y Mau IAP<\/b><\/strong>\u00a0es una organizaci\u00f3n sin fines de lucro que, desde hace m\u00e1s de 20 a\u00f1os, se dedica a <strong><b>atender a ni\u00f1as y ni\u00f1os mexicanos con quemaduras graves<\/b><\/strong>, brind\u00e1ndoles una oportunidad de vida digna y una recuperaci\u00f3n adecuada.<\/p>\n<p>A cualquiera le puede pasar, es un conjunto de palabras que se encuentran en su sitio web, y con ello la visi\u00f3n de brindar los mejores programas de tratamiento avanzado y atenci\u00f3n multidisciplinaria de secuelas. Impulsar capacitaci\u00f3n m\u00e9dica, ampliar desarrollo de infraestructura hospitalaria y concientizar a la poblaci\u00f3n por medio de campa\u00f1as de prevenci\u00f3n son las herramientas que la fundaci\u00f3n desea implementar dentro de su organizaci\u00f3n, y por medio de sus diversos programas, lo est\u00e1n logrando.<\/p>\n<p>Con sede en la <strong><b>Ciudad de M<\/b><\/strong><strong><b>\u00e9<\/b><\/strong><strong><b>xico<\/b><\/strong>, esta fundaci\u00f3n <strong><b>gestiona traslados m<\/b><\/strong><strong><b>\u00e9<\/b><\/strong><strong><b>dicos de urgencia<\/b><\/strong>, principalmente hacia hospitales especializados en Estados Unidos como el Shriners Hospital en Galveston, Texas, y ofrece acompa\u00f1amiento m\u00e9dico, psicol\u00f3gico y social para los pacientes y sus familias.<\/p>\n<p>Adem\u00e1s, impulsa campa\u00f1as de <strong><b>prevenci\u00f3n de accidentes en el hogar<\/b><\/strong>, capacita a personal m\u00e9dico y promueve la creaci\u00f3n de unidades de atenci\u00f3n especializada en quemaduras pedi\u00e1tricas en M\u00e9xico.<\/p>\n<p><strong>\u00bf<\/strong><strong>C<\/strong><strong>\u00f3mo puedes apoyar?<\/strong><\/p>\n<p>Tu ayuda puede hacer la diferencia en una situaci\u00f3n de emergencia. Puedes contribuir de las siguientes maneras:<\/p>\n<ul>\n<li>\ud83d\udcb3<strong><b>Donaciones econ\u00f3<\/b><\/strong><strong><b>micas<\/b><\/strong>\u00a0desde su sitio web, para cubrir traslados, tratamientos y equipo m\u00e9<\/li>\n<li>\ud83d\udce6<strong><b>Donaci<\/b><\/strong><strong><b>\u00f3n en especie<\/b><\/strong>\u00a0(ropa especial, productos de curaci\u00f3n, insumos hospitalarios).<\/li>\n<li>\ud83d\udc65<strong><b>Voluntariado<\/b><\/strong>\u00a0o participaci\u00f3n en campa\u00f1as de prevenci\u00f3n y concientizaci\u00f3<\/li>\n<li>\ud83d\udc68\u200d\ud83d\udc69\u200d\ud83d\udc67\u200d\ud83d\udc66<strong><b>Apadrina un caso<\/b><\/strong>: colabora directamente con un tratamiento pedi\u00e1<\/li>\n<\/ul>\n<p>M\u00e1s informaci\u00f3n en:<br \/>\n\ud83d\udd17\u00a0<a href=\"https:\/\/www.fundacionmichouymau.org\/\"><u>www.fundacionmichouymau.org<\/u><\/a><\/p>\n<p>Contacto y ubicaci\u00f3n<\/p>\n<ul>\n<li>\ud83d\udccd<strong><b>Direcci\u00f3<\/b><\/strong><strong><b>n:<\/b><\/strong>\u00a0Prolongaci\u00f3n Paseo de la Reforma 1190, Piso 5, Lomas de Santa Fe, \u00c1lvaro Obreg\u00f3n, CDMX, C.P. 05348<\/li>\n<li>\u260e\ufe0f <strong><b>Tel<\/b><\/strong><strong><b>\u00e9<\/b><\/strong><strong><b>fono:<\/b><\/strong>(55) 5259 7713<\/li>\n<li>\ud83d\udce7<strong><b>Correo:<\/b><\/strong>\u00a0<a href=\"mailto:contacto@fundacionmichouymau.org\"><u>contacto@fundacionmichouymau.org<\/u><\/a><\/li>\n<li>\ud83c\udf10<strong><b>Sitio web:<\/b><\/strong>\u00a0<a href=\"https:\/\/www.fundacionmichouymau.org\/\"><u>org<\/u><\/a><\/li>\n<li>\ud83d\udcf1Facebook \/ Instagram \/ Twitter: @FundacionMichouyMau<\/li>\n<\/ul>\n<p>Una quemadura puede cambiar una vida. Tu ayuda puede salvarla. S\u00famate a Fundaci\u00f3n Michou y Mau y apoya a quienes m\u00e1s lo necesitan.<\/p>\n","protected":false},"excerpt":{"rendered":"<p>Muy pocas fundaciones nacen de un evento desafortunado. En el caso de Fundaci\u00f3n Michou y Mau IAP\u00a0se constituy\u00f3 en 1998 para que a ning\u00fan ni\u00f1o le suceda lo mismo que a Mau,\u00a0quien lamentablemente pierde la vida por no haber recibido atenci\u00f3n m\u00e9dica oportuna de alta especialidad en ni\u00f1os quemados. Por otra parte, Michou, su madre, [&hellip;]<\/p>\n","protected":false},"author":18,"featured_media":695,"comment_status":"open","ping_status":"closed","sticky":false,"template":"","format":"standard","meta":{"footnotes":""},"categories":[6],"tags":[],"class_list":["post-694","post","type-post","status-publish","format-standard","has-post-thumbnail","hentry","category-noticias"],"yoast_head":"<!-- This site is optimized with the Yoast SEO plugin v27.4 - https:\/\/yoast.com\/product\/yoast-seo-wordpress\/ -->\n<title>Fundaci\u00f3n Michou y Mau: salvando vidas de ni\u00f1os con quemaduras graves - Historias que inspiran...<\/title>\n<meta name=\"robots\" content=\"index, follow, max-snippet:-1, max-image-preview:large, max-video-preview:-1\" \/>\n<link rel=\"canonical\" href=\"https:\/\/somos-hermanos.mx\/index.php\/2025\/08\/04\/fundacion-michou-y-mau-salvando-vidas-de-ninos-con-quemaduras-graves\/\" \/>\n<meta property=\"og:locale\" content=\"es_MX\" \/>\n<meta property=\"og:type\" content=\"article\" \/>\n<meta property=\"og:title\" content=\"Fundaci\u00f3n Michou y Mau: salvando vidas de ni\u00f1os con quemaduras graves - Historias que inspiran...\" \/>\n<meta property=\"og:description\" content=\"Muy pocas fundaciones nacen de un evento desafortunado. En el caso de Fundaci\u00f3n Michou y Mau IAP\u00a0se constituy\u00f3 en 1998 para que a ning\u00fan ni\u00f1o le suceda lo mismo que a Mau,\u00a0quien lamentablemente pierde la vida por no haber recibido atenci\u00f3n m\u00e9dica oportuna de alta especialidad en ni\u00f1os quemados. Por otra parte, Michou, su madre, [&hellip;]\" \/>\n<meta property=\"og:url\" content=\"https:\/\/somos-hermanos.mx\/index.php\/2025\/08\/04\/fundacion-michou-y-mau-salvando-vidas-de-ninos-con-quemaduras-graves\/\" \/>\n<meta property=\"og:site_name\" content=\"Historias que inspiran...\" \/>\n<meta property=\"article:publisher\" content=\"https:\/\/www.facebook.com\/SomosHermanosIAP\/\" \/>\n<meta property=\"article:published_time\" content=\"2025-08-04T08:00:51+00:00\" \/>\n<meta property=\"og:image\" content=\"https:\/\/somos-hermanos.mx\/wp-content\/uploads\/2025\/08\/mich1.jpeg\" \/>\n\t<meta property=\"og:image:width\" content=\"680\" \/>\n\t<meta property=\"og:image:height\" content=\"602\" \/>\n\t<meta property=\"og:image:type\" content=\"image\/jpeg\" \/>\n<meta name=\"author\" content=\"Tabatha Pati\u00f1o Massironi\" \/>\n<meta name=\"twitter:card\" content=\"summary_large_image\" \/>\n<meta name=\"twitter:creator\" content=\"@Somos__Hermanos\" \/>\n<meta name=\"twitter:site\" content=\"@Somos__Hermanos\" \/>\n<meta name=\"twitter:label1\" content=\"Escrito por\" \/>\n\t<meta name=\"twitter:data1\" content=\"Tabatha Pati\u00f1o Massironi\" \/>\n\t<meta name=\"twitter:label2\" content=\"Tiempo de lectura\" \/>\n\t<meta name=\"twitter:data2\" content=\"3 minutos\" \/>\n<script type=\"application\/ld+json\" class=\"yoast-schema-graph\">{\"@context\":\"https:\\\/\\\/schema.org\",\"@graph\":[{\"@type\":\"Article\",\"@id\":\"https:\\\/\\\/somos-hermanos.mx\\\/index.php\\\/2025\\\/08\\\/04\\\/fundacion-michou-y-mau-salvando-vidas-de-ninos-con-quemaduras-graves\\\/#article\",\"isPartOf\":{\"@id\":\"https:\\\/\\\/somos-hermanos.mx\\\/index.php\\\/2025\\\/08\\\/04\\\/fundacion-michou-y-mau-salvando-vidas-de-ninos-con-quemaduras-graves\\\/\"},\"author\":{\"name\":\"Tabatha Pati\u00f1o Massironi\",\"@id\":\"https:\\\/\\\/somos-hermanos.mx\\\/#\\\/schema\\\/person\\\/178d9721d010404cc8e0146f75955e7d\"},\"headline\":\"Fundaci\u00f3n Michou y Mau: salvando vidas de ni\u00f1os con quemaduras graves\",\"datePublished\":\"2025-08-04T08:00:51+00:00\",\"mainEntityOfPage\":{\"@id\":\"https:\\\/\\\/somos-hermanos.mx\\\/index.php\\\/2025\\\/08\\\/04\\\/fundacion-michou-y-mau-salvando-vidas-de-ninos-con-quemaduras-graves\\\/\"},\"wordCount\":487,\"commentCount\":0,\"publisher\":{\"@id\":\"https:\\\/\\\/somos-hermanos.mx\\\/#organization\"},\"image\":{\"@id\":\"https:\\\/\\\/somos-hermanos.mx\\\/index.php\\\/2025\\\/08\\\/04\\\/fundacion-michou-y-mau-salvando-vidas-de-ninos-con-quemaduras-graves\\\/#primaryimage\"},\"thumbnailUrl\":\"https:\\\/\\\/somos-hermanos.mx\\\/wp-content\\\/uploads\\\/2025\\\/08\\\/mich1.jpeg\",\"articleSection\":[\"Noticias\"],\"inLanguage\":\"es\",\"potentialAction\":[{\"@type\":\"CommentAction\",\"name\":\"Comment\",\"target\":[\"https:\\\/\\\/somos-hermanos.mx\\\/index.php\\\/2025\\\/08\\\/04\\\/fundacion-michou-y-mau-salvando-vidas-de-ninos-con-quemaduras-graves\\\/#respond\"]}]},{\"@type\":\"WebPage\",\"@id\":\"https:\\\/\\\/somos-hermanos.mx\\\/index.php\\\/2025\\\/08\\\/04\\\/fundacion-michou-y-mau-salvando-vidas-de-ninos-con-quemaduras-graves\\\/\",\"url\":\"https:\\\/\\\/somos-hermanos.mx\\\/index.php\\\/2025\\\/08\\\/04\\\/fundacion-michou-y-mau-salvando-vidas-de-ninos-con-quemaduras-graves\\\/\",\"name\":\"Fundaci\u00f3n Michou y Mau: salvando vidas de ni\u00f1os con quemaduras graves - Historias que inspiran...\",\"isPartOf\":{\"@id\":\"https:\\\/\\\/somos-hermanos.mx\\\/#website\"},\"primaryImageOfPage\":{\"@id\":\"https:\\\/\\\/somos-hermanos.mx\\\/index.php\\\/2025\\\/08\\\/04\\\/fundacion-michou-y-mau-salvando-vidas-de-ninos-con-quemaduras-graves\\\/#primaryimage\"},\"image\":{\"@id\":\"https:\\\/\\\/somos-hermanos.mx\\\/index.php\\\/2025\\\/08\\\/04\\\/fundacion-michou-y-mau-salvando-vidas-de-ninos-con-quemaduras-graves\\\/#primaryimage\"},\"thumbnailUrl\":\"https:\\\/\\\/somos-hermanos.mx\\\/wp-content\\\/uploads\\\/2025\\\/08\\\/mich1.jpeg\",\"datePublished\":\"2025-08-04T08:00:51+00:00\",\"breadcrumb\":{\"@id\":\"https:\\\/\\\/somos-hermanos.mx\\\/index.php\\\/2025\\\/08\\\/04\\\/fundacion-michou-y-mau-salvando-vidas-de-ninos-con-quemaduras-graves\\\/#breadcrumb\"},\"inLanguage\":\"es\",\"potentialAction\":[{\"@type\":\"ReadAction\",\"target\":[\"https:\\\/\\\/somos-hermanos.mx\\\/index.php\\\/2025\\\/08\\\/04\\\/fundacion-michou-y-mau-salvando-vidas-de-ninos-con-quemaduras-graves\\\/\"]}]},{\"@type\":\"ImageObject\",\"inLanguage\":\"es\",\"@id\":\"https:\\\/\\\/somos-hermanos.mx\\\/index.php\\\/2025\\\/08\\\/04\\\/fundacion-michou-y-mau-salvando-vidas-de-ninos-con-quemaduras-graves\\\/#primaryimage\",\"url\":\"https:\\\/\\\/somos-hermanos.mx\\\/wp-content\\\/uploads\\\/2025\\\/08\\\/mich1.jpeg\",\"contentUrl\":\"https:\\\/\\\/somos-hermanos.mx\\\/wp-content\\\/uploads\\\/2025\\\/08\\\/mich1.jpeg\",\"width\":680,\"height\":602},{\"@type\":\"BreadcrumbList\",\"@id\":\"https:\\\/\\\/somos-hermanos.mx\\\/index.php\\\/2025\\\/08\\\/04\\\/fundacion-michou-y-mau-salvando-vidas-de-ninos-con-quemaduras-graves\\\/#breadcrumb\",\"itemListElement\":[{\"@type\":\"ListItem\",\"position\":1,\"name\":\"Inicio\",\"item\":\"https:\\\/\\\/somos-hermanos.mx\\\/\"},{\"@type\":\"ListItem\",\"position\":2,\"name\":\"Fundaci\u00f3n Michou y Mau: salvando vidas de ni\u00f1os con quemaduras graves\"}]},{\"@type\":\"WebSite\",\"@id\":\"https:\\\/\\\/somos-hermanos.mx\\\/#website\",\"url\":\"https:\\\/\\\/somos-hermanos.mx\\\/\",\"name\":\"Historias que inspiran...\",\"description\":\"Somos la voz del altruismo en M\u00e9xico\",\"publisher\":{\"@id\":\"https:\\\/\\\/somos-hermanos.mx\\\/#organization\"},\"potentialAction\":[{\"@type\":\"SearchAction\",\"target\":{\"@type\":\"EntryPoint\",\"urlTemplate\":\"https:\\\/\\\/somos-hermanos.mx\\\/?s={search_term_string}\"},\"query-input\":{\"@type\":\"PropertyValueSpecification\",\"valueRequired\":true,\"valueName\":\"search_term_string\"}}],\"inLanguage\":\"es\"},{\"@type\":\"Organization\",\"@id\":\"https:\\\/\\\/somos-hermanos.mx\\\/#organization\",\"name\":\"Somos Hermanos\",\"url\":\"https:\\\/\\\/somos-hermanos.mx\\\/\",\"logo\":{\"@type\":\"ImageObject\",\"inLanguage\":\"es\",\"@id\":\"https:\\\/\\\/somos-hermanos.mx\\\/#\\\/schema\\\/logo\\\/image\\\/\",\"url\":\"https:\\\/\\\/somos-hermanos.mx\\\/wp-content\\\/uploads\\\/2025\\\/08\\\/SH30-1.jpeg\",\"contentUrl\":\"https:\\\/\\\/somos-hermanos.mx\\\/wp-content\\\/uploads\\\/2025\\\/08\\\/SH30-1.jpeg\",\"width\":1600,\"height\":1142,\"caption\":\"Somos Hermanos\"},\"image\":{\"@id\":\"https:\\\/\\\/somos-hermanos.mx\\\/#\\\/schema\\\/logo\\\/image\\\/\"},\"sameAs\":[\"https:\\\/\\\/www.facebook.com\\\/SomosHermanosIAP\\\/\",\"https:\\\/\\\/x.com\\\/Somos__Hermanos\",\"https:\\\/\\\/www.instagram.com\\\/somos__hermanos\\\/#\",\"https:\\\/\\\/www.tiktok.com\\\/@somoshermanosiap\",\"https:\\\/\\\/www.youtube.com\\\/@somoshermanosiap1201\\\/videos\"]},{\"@type\":\"Person\",\"@id\":\"https:\\\/\\\/somos-hermanos.mx\\\/#\\\/schema\\\/person\\\/178d9721d010404cc8e0146f75955e7d\",\"name\":\"Tabatha Pati\u00f1o Massironi\",\"image\":{\"@type\":\"ImageObject\",\"inLanguage\":\"es\",\"@id\":\"https:\\\/\\\/secure.gravatar.com\\\/avatar\\\/68bce6e78f4468fa0b12fce36d08cab74baeb59e9fe1c39db5624f9fb2e5af08?s=96&d=mm&r=g\",\"url\":\"https:\\\/\\\/secure.gravatar.com\\\/avatar\\\/68bce6e78f4468fa0b12fce36d08cab74baeb59e9fe1c39db5624f9fb2e5af08?s=96&d=mm&r=g\",\"contentUrl\":\"https:\\\/\\\/secure.gravatar.com\\\/avatar\\\/68bce6e78f4468fa0b12fce36d08cab74baeb59e9fe1c39db5624f9fb2e5af08?s=96&d=mm&r=g\",\"caption\":\"Tabatha Pati\u00f1o Massironi\"},\"url\":\"https:\\\/\\\/somos-hermanos.mx\\\/index.php\\\/author\\\/tabatha-patino-massironi\\\/\"}]}<\/script>\n<!-- \/ Yoast SEO plugin. -->","yoast_head_json":{"title":"Fundaci\u00f3n Michou y Mau: salvando vidas de ni\u00f1os con quemaduras graves - Historias que inspiran...","robots":{"index":"index","follow":"follow","max-snippet":"max-snippet:-1","max-image-preview":"max-image-preview:large","max-video-preview":"max-video-preview:-1"},"canonical":"https:\/\/somos-hermanos.mx\/index.php\/2025\/08\/04\/fundacion-michou-y-mau-salvando-vidas-de-ninos-con-quemaduras-graves\/","og_locale":"es_MX","og_type":"article","og_title":"Fundaci\u00f3n Michou y Mau: salvando vidas de ni\u00f1os con quemaduras graves - Historias que inspiran...","og_description":"Muy pocas fundaciones nacen de un evento desafortunado. En el caso de Fundaci\u00f3n Michou y Mau IAP\u00a0se constituy\u00f3 en 1998 para que a ning\u00fan ni\u00f1o le suceda lo mismo que a Mau,\u00a0quien lamentablemente pierde la vida por no haber recibido atenci\u00f3n m\u00e9dica oportuna de alta especialidad en ni\u00f1os quemados. Por otra parte, Michou, su madre, [&hellip;]","og_url":"https:\/\/somos-hermanos.mx\/index.php\/2025\/08\/04\/fundacion-michou-y-mau-salvando-vidas-de-ninos-con-quemaduras-graves\/","og_site_name":"Historias que inspiran...","article_publisher":"https:\/\/www.facebook.com\/SomosHermanosIAP\/","article_published_time":"2025-08-04T08:00:51+00:00","og_image":[{"width":680,"height":602,"url":"https:\/\/somos-hermanos.mx\/wp-content\/uploads\/2025\/08\/mich1.jpeg","type":"image\/jpeg"}],"author":"Tabatha Pati\u00f1o Massironi","twitter_card":"summary_large_image","twitter_creator":"@Somos__Hermanos","twitter_site":"@Somos__Hermanos","twitter_misc":{"Escrito por":"Tabatha Pati\u00f1o Massironi","Tiempo de lectura":"3 minutos"},"schema":{"@context":"https:\/\/schema.org","@graph":[{"@type":"Article","@id":"https:\/\/somos-hermanos.mx\/index.php\/2025\/08\/04\/fundacion-michou-y-mau-salvando-vidas-de-ninos-con-quemaduras-graves\/#article","isPartOf":{"@id":"https:\/\/somos-hermanos.mx\/index.php\/2025\/08\/04\/fundacion-michou-y-mau-salvando-vidas-de-ninos-con-quemaduras-graves\/"},"author":{"name":"Tabatha Pati\u00f1o Massironi","@id":"https:\/\/somos-hermanos.mx\/#\/schema\/person\/178d9721d010404cc8e0146f75955e7d"},"headline":"Fundaci\u00f3n Michou y Mau: salvando vidas de ni\u00f1os con quemaduras graves","datePublished":"2025-08-04T08:00:51+00:00","mainEntityOfPage":{"@id":"https:\/\/somos-hermanos.mx\/index.php\/2025\/08\/04\/fundacion-michou-y-mau-salvando-vidas-de-ninos-con-quemaduras-graves\/"},"wordCount":487,"commentCount":0,"publisher":{"@id":"https:\/\/somos-hermanos.mx\/#organization"},"image":{"@id":"https:\/\/somos-hermanos.mx\/index.php\/2025\/08\/04\/fundacion-michou-y-mau-salvando-vidas-de-ninos-con-quemaduras-graves\/#primaryimage"},"thumbnailUrl":"https:\/\/somos-hermanos.mx\/wp-content\/uploads\/2025\/08\/mich1.jpeg","articleSection":["Noticias"],"inLanguage":"es","potentialAction":[{"@type":"CommentAction","name":"Comment","target":["https:\/\/somos-hermanos.mx\/index.php\/2025\/08\/04\/fundacion-michou-y-mau-salvando-vidas-de-ninos-con-quemaduras-graves\/#respond"]}]},{"@type":"WebPage","@id":"https:\/\/somos-hermanos.mx\/index.php\/2025\/08\/04\/fundacion-michou-y-mau-salvando-vidas-de-ninos-con-quemaduras-graves\/","url":"https:\/\/somos-hermanos.mx\/index.php\/2025\/08\/04\/fundacion-michou-y-mau-salvando-vidas-de-ninos-con-quemaduras-graves\/","name":"Fundaci\u00f3n Michou y Mau: salvando vidas de ni\u00f1os con quemaduras graves - Historias que inspiran...","isPartOf":{"@id":"https:\/\/somos-hermanos.mx\/#website"},"primaryImageOfPage":{"@id":"https:\/\/somos-hermanos.mx\/index.php\/2025\/08\/04\/fundacion-michou-y-mau-salvando-vidas-de-ninos-con-quemaduras-graves\/#primaryimage"},"image":{"@id":"https:\/\/somos-hermanos.mx\/index.php\/2025\/08\/04\/fundacion-michou-y-mau-salvando-vidas-de-ninos-con-quemaduras-graves\/#primaryimage"},"thumbnailUrl":"https:\/\/somos-hermanos.mx\/wp-content\/uploads\/2025\/08\/mich1.jpeg","datePublished":"2025-08-04T08:00:51+00:00","breadcrumb":{"@id":"https:\/\/somos-hermanos.mx\/index.php\/2025\/08\/04\/fundacion-michou-y-mau-salvando-vidas-de-ninos-con-quemaduras-graves\/#breadcrumb"},"inLanguage":"es","potentialAction":[{"@type":"ReadAction","target":["https:\/\/somos-hermanos.mx\/index.php\/2025\/08\/04\/fundacion-michou-y-mau-salvando-vidas-de-ninos-con-quemaduras-graves\/"]}]},{"@type":"ImageObject","inLanguage":"es","@id":"https:\/\/somos-hermanos.mx\/index.php\/2025\/08\/04\/fundacion-michou-y-mau-salvando-vidas-de-ninos-con-quemaduras-graves\/#primaryimage","url":"https:\/\/somos-hermanos.mx\/wp-content\/uploads\/2025\/08\/mich1.jpeg","contentUrl":"https:\/\/somos-hermanos.mx\/wp-content\/uploads\/2025\/08\/mich1.jpeg","width":680,"height":602},{"@type":"BreadcrumbList","@id":"https:\/\/somos-hermanos.mx\/index.php\/2025\/08\/04\/fundacion-michou-y-mau-salvando-vidas-de-ninos-con-quemaduras-graves\/#breadcrumb","itemListElement":[{"@type":"ListItem","position":1,"name":"Inicio","item":"https:\/\/somos-hermanos.mx\/"},{"@type":"ListItem","position":2,"name":"Fundaci\u00f3n Michou y Mau: salvando vidas de ni\u00f1os con quemaduras graves"}]},{"@type":"WebSite","@id":"https:\/\/somos-hermanos.mx\/#website","url":"https:\/\/somos-hermanos.mx\/","name":"Historias que inspiran...","description":"Somos la voz del altruismo en M\u00e9xico","publisher":{"@id":"https:\/\/somos-hermanos.mx\/#organization"},"potentialAction":[{"@type":"SearchAction","target":{"@type":"EntryPoint","urlTemplate":"https:\/\/somos-hermanos.mx\/?s={search_term_string}"},"query-input":{"@type":"PropertyValueSpecification","valueRequired":true,"valueName":"search_term_string"}}],"inLanguage":"es"},{"@type":"Organization","@id":"https:\/\/somos-hermanos.mx\/#organization","name":"Somos Hermanos","url":"https:\/\/somos-hermanos.mx\/","logo":{"@type":"ImageObject","inLanguage":"es","@id":"https:\/\/somos-hermanos.mx\/#\/schema\/logo\/image\/","url":"https:\/\/somos-hermanos.mx\/wp-content\/uploads\/2025\/08\/SH30-1.jpeg","contentUrl":"https:\/\/somos-hermanos.mx\/wp-content\/uploads\/2025\/08\/SH30-1.jpeg","width":1600,"height":1142,"caption":"Somos Hermanos"},"image":{"@id":"https:\/\/somos-hermanos.mx\/#\/schema\/logo\/image\/"},"sameAs":["https:\/\/www.facebook.com\/SomosHermanosIAP\/","https:\/\/x.com\/Somos__Hermanos","https:\/\/www.instagram.com\/somos__hermanos\/#","https:\/\/www.tiktok.com\/@somoshermanosiap","https:\/\/www.youtube.com\/@somoshermanosiap1201\/videos"]},{"@type":"Person","@id":"https:\/\/somos-hermanos.mx\/#\/schema\/person\/178d9721d010404cc8e0146f75955e7d","name":"Tabatha Pati\u00f1o Massironi","image":{"@type":"ImageObject","inLanguage":"es","@id":"https:\/\/secure.gravatar.com\/avatar\/68bce6e78f4468fa0b12fce36d08cab74baeb59e9fe1c39db5624f9fb2e5af08?s=96&d=mm&r=g","url":"https:\/\/secure.gravatar.com\/avatar\/68bce6e78f4468fa0b12fce36d08cab74baeb59e9fe1c39db5624f9fb2e5af08?s=96&d=mm&r=g","contentUrl":"https:\/\/secure.gravatar.com\/avatar\/68bce6e78f4468fa0b12fce36d08cab74baeb59e9fe1c39db5624f9fb2e5af08?s=96&d=mm&r=g","caption":"Tabatha Pati\u00f1o Massironi"},"url":"https:\/\/somos-hermanos.mx\/index.php\/author\/tabatha-patino-massironi\/"}]}},"_links":{"self":[{"href":"https:\/\/somos-hermanos.mx\/index.php\/wp-json\/wp\/v2\/posts\/694","targetHints":{"allow":["GET"]}}],"collection":[{"href":"https:\/\/somos-hermanos.mx\/index.php\/wp-json\/wp\/v2\/posts"}],"about":[{"href":"https:\/\/somos-hermanos.mx\/index.php\/wp-json\/wp\/v2\/types\/post"}],"author":[{"embeddable":true,"href":"https:\/\/somos-hermanos.mx\/index.php\/wp-json\/wp\/v2\/users\/18"}],"replies":[{"embeddable":true,"href":"https:\/\/somos-hermanos.mx\/index.php\/wp-json\/wp\/v2\/comments?post=694"}],"version-history":[{"count":1,"href":"https:\/\/somos-hermanos.mx\/index.php\/wp-json\/wp\/v2\/posts\/694\/revisions"}],"predecessor-version":[{"id":696,"href":"https:\/\/somos-hermanos.mx\/index.php\/wp-json\/wp\/v2\/posts\/694\/revisions\/696"}],"wp:featuredmedia":[{"embeddable":true,"href":"https:\/\/somos-hermanos.mx\/index.php\/wp-json\/wp\/v2\/media\/695"}],"wp:attachment":[{"href":"https:\/\/somos-hermanos.mx\/index.php\/wp-json\/wp\/v2\/media?parent=694"}],"wp:term":[{"taxonomy":"category","embeddable":true,"href":"https:\/\/somos-hermanos.mx\/index.php\/wp-json\/wp\/v2\/categories?post=694"},{"taxonomy":"post_tag","embeddable":true,"href":"https:\/\/somos-hermanos.mx\/index.php\/wp-json\/wp\/v2\/tags?post=694"}],"curies":[{"name":"wp","href":"https:\/\/api.w.org\/{rel}","templated":true}]}}