{"id":688,"date":"2025-08-04T01:58:01","date_gmt":"2025-08-04T07:58:01","guid":{"rendered":"https:\/\/somos-hermanos.mx\/?p=688"},"modified":"2025-08-04T01:58:01","modified_gmt":"2025-08-04T07:58:01","slug":"mexico-recuerda-los-mensajes-del-papa-francisco-durante-su-visita-pastoral-a-nuestro-pais","status":"publish","type":"post","link":"https:\/\/somos-hermanos.mx\/index.php\/2025\/08\/04\/mexico-recuerda-los-mensajes-del-papa-francisco-durante-su-visita-pastoral-a-nuestro-pais\/","title":{"rendered":"M\u00e9xico recuerda los mensajes del Papa Francisco durante su visita pastoral a nuestro pa\u00eds"},"content":{"rendered":"<p>Durante su visita pastoral a M\u00e9xico en el a\u00f1o 2016, el Papa Francisco dej\u00f3 sin duda una huella imborrable por lo que la <strong><b>Conferencia del Episcopado Mexicano<\/b><\/strong>\u00a0d\u00edas posteriores a la visita public\u00f3 un bolet\u00edn de prensa en el que hizo un recuento de las actividades del Pap\u00e1 Francisco en M\u00e9xico.<\/p>\n<p>\u201cAl llegar a nuestro pa\u00eds el Papa Francisco expres\u00f3 su alegr\u00eda por \u201cpisar esta tierra mexicana, que ocupa un lugar especial en el coraz\u00f3n de las Am\u00e9ricas\u201d, y enfatiz\u00f3 que acud\u00eda como <strong>\u201cmisionero de misericordia y paz, pero tambi\u00e9n como hijo que quiere rendir homenaje a su madre, la Virgen de Guadalupe\u201d.<\/strong><\/p>\n<p>El mensaje que trajo el Papa Francisco a M\u00e9xico <strong>fue de amor y esperanza, el cu\u00e1l reconfort\u00f3 y fortaleci\u00f3 a los mexicanos, <\/strong>\u201csu cercan\u00eda y su abrazo en la fe nos record\u00f3 que solamente al reposar nuestra mirada en Cristo podemos construir la unidad de nuestro pueblo\u201d.<\/p>\n<p>A trav\u00e9s de las actividades del Papa Francisco en M\u00e9xico invito a todos los sectores de la sociedad a ser hombres y mujeres \u201cjustos, honestos y capaces de empe\u00f1arse en el bien com\u00fan\u201d. Con esto asegurar que todos los sectores puedan velar por el bien com\u00fan.<\/p>\n<p>La CEM expresa su gratitud por la visita del Santo Padre a M\u00e9xico el pasado 2016.<\/p>\n<p>En abril de 2016, la CEM comenz\u00f3 la elaboraci\u00f3n\u00a0<strong><b>Proyecto Global Pastoral 2031 \u2013 2033<\/b><\/strong>, el cual tiene como objetivo el guiar y ayudar a discernir <strong>\u201cla compleja realidad socio-econ\u00f3mica, pol\u00edtica, cultural y eclesial, para tomar las decisiones concretas que contribuyan a dar cauce a los procesos evangelizadores conjuntos en las Di\u00f3cesis y Provincias eclesi\u00e1sticas de M\u00e9xico.\u201d<\/strong><\/p>\n<p>El comunicado termina con las palabras del Santo Padre en M\u00e9xico, \u201cLa noche nos puede parecer enorme y muy oscura, pero en estos d\u00edas he podido constatar que en este pueblo existen muchas luces que anuncian esperanza\u201d; con estas palabras el Papa Francisco conclu\u00eda su viaje apost\u00f3lico a M\u00e9xico en febrero del 2016.\u201d<\/p>\n","protected":false},"excerpt":{"rendered":"<p>Durante su visita pastoral a M\u00e9xico en el a\u00f1o 2016, el Papa Francisco dej\u00f3 sin duda una huella imborrable por lo que la Conferencia del Episcopado Mexicano\u00a0d\u00edas posteriores a la visita public\u00f3 un bolet\u00edn de prensa en el que hizo un recuento de las actividades del Pap\u00e1 Francisco en M\u00e9xico. \u201cAl llegar a nuestro pa\u00eds [&hellip;]<\/p>\n","protected":false},"author":8,"featured_media":689,"comment_status":"open","ping_status":"closed","sticky":false,"template":"","format":"standard","meta":{"footnotes":""},"categories":[6],"tags":[],"class_list":["post-688","post","type-post","status-publish","format-standard","has-post-thumbnail","hentry","category-noticias"],"yoast_head":"<!-- This site is optimized with the Yoast SEO plugin v27.4 - https:\/\/yoast.com\/product\/yoast-seo-wordpress\/ -->\n<title>M\u00e9xico recuerda los mensajes del Papa Francisco durante su visita pastoral a nuestro pa\u00eds - Historias que inspiran...<\/title>\n<meta name=\"robots\" content=\"index, follow, max-snippet:-1, max-image-preview:large, max-video-preview:-1\" \/>\n<link rel=\"canonical\" href=\"https:\/\/somos-hermanos.mx\/index.php\/2025\/08\/04\/mexico-recuerda-los-mensajes-del-papa-francisco-durante-su-visita-pastoral-a-nuestro-pais\/\" \/>\n<meta property=\"og:locale\" content=\"es_MX\" \/>\n<meta property=\"og:type\" content=\"article\" \/>\n<meta property=\"og:title\" content=\"M\u00e9xico recuerda los mensajes del Papa Francisco durante su visita pastoral a nuestro pa\u00eds - Historias que inspiran...\" \/>\n<meta property=\"og:description\" content=\"Durante su visita pastoral a M\u00e9xico en el a\u00f1o 2016, el Papa Francisco dej\u00f3 sin duda una huella imborrable por lo que la Conferencia del Episcopado Mexicano\u00a0d\u00edas posteriores a la visita public\u00f3 un bolet\u00edn de prensa en el que hizo un recuento de las actividades del Pap\u00e1 Francisco en M\u00e9xico. \u201cAl llegar a nuestro pa\u00eds [&hellip;]\" \/>\n<meta property=\"og:url\" content=\"https:\/\/somos-hermanos.mx\/index.php\/2025\/08\/04\/mexico-recuerda-los-mensajes-del-papa-francisco-durante-su-visita-pastoral-a-nuestro-pais\/\" \/>\n<meta property=\"og:site_name\" content=\"Historias que inspiran...\" \/>\n<meta property=\"article:publisher\" content=\"https:\/\/www.facebook.com\/SomosHermanosIAP\/\" \/>\n<meta property=\"article:published_time\" content=\"2025-08-04T07:58:01+00:00\" \/>\n<meta property=\"og:image\" content=\"https:\/\/somos-hermanos.mx\/wp-content\/uploads\/2025\/08\/Captura-de-pantalla-2025-08-04-a-las-1.57.25-a.m.png\" \/>\n\t<meta property=\"og:image:width\" content=\"525\" \/>\n\t<meta property=\"og:image:height\" content=\"296\" \/>\n\t<meta property=\"og:image:type\" content=\"image\/png\" \/>\n<meta name=\"author\" content=\"Jes\u00fas Arizmendi\" \/>\n<meta name=\"twitter:card\" content=\"summary_large_image\" \/>\n<meta name=\"twitter:creator\" content=\"@Somos__Hermanos\" \/>\n<meta name=\"twitter:site\" content=\"@Somos__Hermanos\" \/>\n<meta name=\"twitter:label1\" content=\"Escrito por\" \/>\n\t<meta name=\"twitter:data1\" content=\"Jes\u00fas Arizmendi\" \/>\n\t<meta name=\"twitter:label2\" content=\"Tiempo de lectura\" \/>\n\t<meta name=\"twitter:data2\" content=\"2 minutos\" \/>\n<script type=\"application\/ld+json\" class=\"yoast-schema-graph\">{\"@context\":\"https:\\\/\\\/schema.org\",\"@graph\":[{\"@type\":\"Article\",\"@id\":\"https:\\\/\\\/somos-hermanos.mx\\\/index.php\\\/2025\\\/08\\\/04\\\/mexico-recuerda-los-mensajes-del-papa-francisco-durante-su-visita-pastoral-a-nuestro-pais\\\/#article\",\"isPartOf\":{\"@id\":\"https:\\\/\\\/somos-hermanos.mx\\\/index.php\\\/2025\\\/08\\\/04\\\/mexico-recuerda-los-mensajes-del-papa-francisco-durante-su-visita-pastoral-a-nuestro-pais\\\/\"},\"author\":{\"name\":\"Jes\u00fas Arizmendi\",\"@id\":\"https:\\\/\\\/somos-hermanos.mx\\\/#\\\/schema\\\/person\\\/945cdfed39314d9db1242f593aecb908\"},\"headline\":\"M\u00e9xico recuerda los mensajes del Papa Francisco durante su visita pastoral a nuestro pa\u00eds\",\"datePublished\":\"2025-08-04T07:58:01+00:00\",\"mainEntityOfPage\":{\"@id\":\"https:\\\/\\\/somos-hermanos.mx\\\/index.php\\\/2025\\\/08\\\/04\\\/mexico-recuerda-los-mensajes-del-papa-francisco-durante-su-visita-pastoral-a-nuestro-pais\\\/\"},\"wordCount\":362,\"commentCount\":0,\"publisher\":{\"@id\":\"https:\\\/\\\/somos-hermanos.mx\\\/#organization\"},\"image\":{\"@id\":\"https:\\\/\\\/somos-hermanos.mx\\\/index.php\\\/2025\\\/08\\\/04\\\/mexico-recuerda-los-mensajes-del-papa-francisco-durante-su-visita-pastoral-a-nuestro-pais\\\/#primaryimage\"},\"thumbnailUrl\":\"https:\\\/\\\/somos-hermanos.mx\\\/wp-content\\\/uploads\\\/2025\\\/08\\\/Captura-de-pantalla-2025-08-04-a-las-1.57.25-a.m.png\",\"articleSection\":[\"Noticias\"],\"inLanguage\":\"es\",\"potentialAction\":[{\"@type\":\"CommentAction\",\"name\":\"Comment\",\"target\":[\"https:\\\/\\\/somos-hermanos.mx\\\/index.php\\\/2025\\\/08\\\/04\\\/mexico-recuerda-los-mensajes-del-papa-francisco-durante-su-visita-pastoral-a-nuestro-pais\\\/#respond\"]}]},{\"@type\":\"WebPage\",\"@id\":\"https:\\\/\\\/somos-hermanos.mx\\\/index.php\\\/2025\\\/08\\\/04\\\/mexico-recuerda-los-mensajes-del-papa-francisco-durante-su-visita-pastoral-a-nuestro-pais\\\/\",\"url\":\"https:\\\/\\\/somos-hermanos.mx\\\/index.php\\\/2025\\\/08\\\/04\\\/mexico-recuerda-los-mensajes-del-papa-francisco-durante-su-visita-pastoral-a-nuestro-pais\\\/\",\"name\":\"M\u00e9xico recuerda los mensajes del Papa Francisco durante su visita pastoral a nuestro pa\u00eds - Historias que inspiran...\",\"isPartOf\":{\"@id\":\"https:\\\/\\\/somos-hermanos.mx\\\/#website\"},\"primaryImageOfPage\":{\"@id\":\"https:\\\/\\\/somos-hermanos.mx\\\/index.php\\\/2025\\\/08\\\/04\\\/mexico-recuerda-los-mensajes-del-papa-francisco-durante-su-visita-pastoral-a-nuestro-pais\\\/#primaryimage\"},\"image\":{\"@id\":\"https:\\\/\\\/somos-hermanos.mx\\\/index.php\\\/2025\\\/08\\\/04\\\/mexico-recuerda-los-mensajes-del-papa-francisco-durante-su-visita-pastoral-a-nuestro-pais\\\/#primaryimage\"},\"thumbnailUrl\":\"https:\\\/\\\/somos-hermanos.mx\\\/wp-content\\\/uploads\\\/2025\\\/08\\\/Captura-de-pantalla-2025-08-04-a-las-1.57.25-a.m.png\",\"datePublished\":\"2025-08-04T07:58:01+00:00\",\"breadcrumb\":{\"@id\":\"https:\\\/\\\/somos-hermanos.mx\\\/index.php\\\/2025\\\/08\\\/04\\\/mexico-recuerda-los-mensajes-del-papa-francisco-durante-su-visita-pastoral-a-nuestro-pais\\\/#breadcrumb\"},\"inLanguage\":\"es\",\"potentialAction\":[{\"@type\":\"ReadAction\",\"target\":[\"https:\\\/\\\/somos-hermanos.mx\\\/index.php\\\/2025\\\/08\\\/04\\\/mexico-recuerda-los-mensajes-del-papa-francisco-durante-su-visita-pastoral-a-nuestro-pais\\\/\"]}]},{\"@type\":\"ImageObject\",\"inLanguage\":\"es\",\"@id\":\"https:\\\/\\\/somos-hermanos.mx\\\/index.php\\\/2025\\\/08\\\/04\\\/mexico-recuerda-los-mensajes-del-papa-francisco-durante-su-visita-pastoral-a-nuestro-pais\\\/#primaryimage\",\"url\":\"https:\\\/\\\/somos-hermanos.mx\\\/wp-content\\\/uploads\\\/2025\\\/08\\\/Captura-de-pantalla-2025-08-04-a-las-1.57.25-a.m.png\",\"contentUrl\":\"https:\\\/\\\/somos-hermanos.mx\\\/wp-content\\\/uploads\\\/2025\\\/08\\\/Captura-de-pantalla-2025-08-04-a-las-1.57.25-a.m.png\",\"width\":525,\"height\":296},{\"@type\":\"BreadcrumbList\",\"@id\":\"https:\\\/\\\/somos-hermanos.mx\\\/index.php\\\/2025\\\/08\\\/04\\\/mexico-recuerda-los-mensajes-del-papa-francisco-durante-su-visita-pastoral-a-nuestro-pais\\\/#breadcrumb\",\"itemListElement\":[{\"@type\":\"ListItem\",\"position\":1,\"name\":\"Inicio\",\"item\":\"https:\\\/\\\/somos-hermanos.mx\\\/\"},{\"@type\":\"ListItem\",\"position\":2,\"name\":\"M\u00e9xico recuerda los mensajes del Papa Francisco durante su visita pastoral a nuestro pa\u00eds\"}]},{\"@type\":\"WebSite\",\"@id\":\"https:\\\/\\\/somos-hermanos.mx\\\/#website\",\"url\":\"https:\\\/\\\/somos-hermanos.mx\\\/\",\"name\":\"Historias que inspiran...\",\"description\":\"Somos la voz del altruismo en M\u00e9xico\",\"publisher\":{\"@id\":\"https:\\\/\\\/somos-hermanos.mx\\\/#organization\"},\"potentialAction\":[{\"@type\":\"SearchAction\",\"target\":{\"@type\":\"EntryPoint\",\"urlTemplate\":\"https:\\\/\\\/somos-hermanos.mx\\\/?s={search_term_string}\"},\"query-input\":{\"@type\":\"PropertyValueSpecification\",\"valueRequired\":true,\"valueName\":\"search_term_string\"}}],\"inLanguage\":\"es\"},{\"@type\":\"Organization\",\"@id\":\"https:\\\/\\\/somos-hermanos.mx\\\/#organization\",\"name\":\"Somos Hermanos\",\"url\":\"https:\\\/\\\/somos-hermanos.mx\\\/\",\"logo\":{\"@type\":\"ImageObject\",\"inLanguage\":\"es\",\"@id\":\"https:\\\/\\\/somos-hermanos.mx\\\/#\\\/schema\\\/logo\\\/image\\\/\",\"url\":\"https:\\\/\\\/somos-hermanos.mx\\\/wp-content\\\/uploads\\\/2025\\\/08\\\/SH30-1.jpeg\",\"contentUrl\":\"https:\\\/\\\/somos-hermanos.mx\\\/wp-content\\\/uploads\\\/2025\\\/08\\\/SH30-1.jpeg\",\"width\":1600,\"height\":1142,\"caption\":\"Somos Hermanos\"},\"image\":{\"@id\":\"https:\\\/\\\/somos-hermanos.mx\\\/#\\\/schema\\\/logo\\\/image\\\/\"},\"sameAs\":[\"https:\\\/\\\/www.facebook.com\\\/SomosHermanosIAP\\\/\",\"https:\\\/\\\/x.com\\\/Somos__Hermanos\",\"https:\\\/\\\/www.instagram.com\\\/somos__hermanos\\\/#\",\"https:\\\/\\\/www.tiktok.com\\\/@somoshermanosiap\",\"https:\\\/\\\/www.youtube.com\\\/@somoshermanosiap1201\\\/videos\"]},{\"@type\":\"Person\",\"@id\":\"https:\\\/\\\/somos-hermanos.mx\\\/#\\\/schema\\\/person\\\/945cdfed39314d9db1242f593aecb908\",\"name\":\"Jes\u00fas Arizmendi\",\"image\":{\"@type\":\"ImageObject\",\"inLanguage\":\"es\",\"@id\":\"https:\\\/\\\/secure.gravatar.com\\\/avatar\\\/9d2f2284f2cc108aae42b8fdb13afa29b801f64001b731516b830e4926cc1b4b?s=96&d=mm&r=g\",\"url\":\"https:\\\/\\\/secure.gravatar.com\\\/avatar\\\/9d2f2284f2cc108aae42b8fdb13afa29b801f64001b731516b830e4926cc1b4b?s=96&d=mm&r=g\",\"contentUrl\":\"https:\\\/\\\/secure.gravatar.com\\\/avatar\\\/9d2f2284f2cc108aae42b8fdb13afa29b801f64001b731516b830e4926cc1b4b?s=96&d=mm&r=g\",\"caption\":\"Jes\u00fas Arizmendi\"},\"url\":\"https:\\\/\\\/somos-hermanos.mx\\\/index.php\\\/author\\\/jesus-arizmendi\\\/\"}]}<\/script>\n<!-- \/ Yoast SEO plugin. -->","yoast_head_json":{"title":"M\u00e9xico recuerda los mensajes del Papa Francisco durante su visita pastoral a nuestro pa\u00eds - Historias que inspiran...","robots":{"index":"index","follow":"follow","max-snippet":"max-snippet:-1","max-image-preview":"max-image-preview:large","max-video-preview":"max-video-preview:-1"},"canonical":"https:\/\/somos-hermanos.mx\/index.php\/2025\/08\/04\/mexico-recuerda-los-mensajes-del-papa-francisco-durante-su-visita-pastoral-a-nuestro-pais\/","og_locale":"es_MX","og_type":"article","og_title":"M\u00e9xico recuerda los mensajes del Papa Francisco durante su visita pastoral a nuestro pa\u00eds - Historias que inspiran...","og_description":"Durante su visita pastoral a M\u00e9xico en el a\u00f1o 2016, el Papa Francisco dej\u00f3 sin duda una huella imborrable por lo que la Conferencia del Episcopado Mexicano\u00a0d\u00edas posteriores a la visita public\u00f3 un bolet\u00edn de prensa en el que hizo un recuento de las actividades del Pap\u00e1 Francisco en M\u00e9xico. \u201cAl llegar a nuestro pa\u00eds [&hellip;]","og_url":"https:\/\/somos-hermanos.mx\/index.php\/2025\/08\/04\/mexico-recuerda-los-mensajes-del-papa-francisco-durante-su-visita-pastoral-a-nuestro-pais\/","og_site_name":"Historias que inspiran...","article_publisher":"https:\/\/www.facebook.com\/SomosHermanosIAP\/","article_published_time":"2025-08-04T07:58:01+00:00","og_image":[{"width":525,"height":296,"url":"https:\/\/somos-hermanos.mx\/wp-content\/uploads\/2025\/08\/Captura-de-pantalla-2025-08-04-a-las-1.57.25-a.m.png","type":"image\/png"}],"author":"Jes\u00fas Arizmendi","twitter_card":"summary_large_image","twitter_creator":"@Somos__Hermanos","twitter_site":"@Somos__Hermanos","twitter_misc":{"Escrito por":"Jes\u00fas Arizmendi","Tiempo de lectura":"2 minutos"},"schema":{"@context":"https:\/\/schema.org","@graph":[{"@type":"Article","@id":"https:\/\/somos-hermanos.mx\/index.php\/2025\/08\/04\/mexico-recuerda-los-mensajes-del-papa-francisco-durante-su-visita-pastoral-a-nuestro-pais\/#article","isPartOf":{"@id":"https:\/\/somos-hermanos.mx\/index.php\/2025\/08\/04\/mexico-recuerda-los-mensajes-del-papa-francisco-durante-su-visita-pastoral-a-nuestro-pais\/"},"author":{"name":"Jes\u00fas Arizmendi","@id":"https:\/\/somos-hermanos.mx\/#\/schema\/person\/945cdfed39314d9db1242f593aecb908"},"headline":"M\u00e9xico recuerda los mensajes del Papa Francisco durante su visita pastoral a nuestro pa\u00eds","datePublished":"2025-08-04T07:58:01+00:00","mainEntityOfPage":{"@id":"https:\/\/somos-hermanos.mx\/index.php\/2025\/08\/04\/mexico-recuerda-los-mensajes-del-papa-francisco-durante-su-visita-pastoral-a-nuestro-pais\/"},"wordCount":362,"commentCount":0,"publisher":{"@id":"https:\/\/somos-hermanos.mx\/#organization"},"image":{"@id":"https:\/\/somos-hermanos.mx\/index.php\/2025\/08\/04\/mexico-recuerda-los-mensajes-del-papa-francisco-durante-su-visita-pastoral-a-nuestro-pais\/#primaryimage"},"thumbnailUrl":"https:\/\/somos-hermanos.mx\/wp-content\/uploads\/2025\/08\/Captura-de-pantalla-2025-08-04-a-las-1.57.25-a.m.png","articleSection":["Noticias"],"inLanguage":"es","potentialAction":[{"@type":"CommentAction","name":"Comment","target":["https:\/\/somos-hermanos.mx\/index.php\/2025\/08\/04\/mexico-recuerda-los-mensajes-del-papa-francisco-durante-su-visita-pastoral-a-nuestro-pais\/#respond"]}]},{"@type":"WebPage","@id":"https:\/\/somos-hermanos.mx\/index.php\/2025\/08\/04\/mexico-recuerda-los-mensajes-del-papa-francisco-durante-su-visita-pastoral-a-nuestro-pais\/","url":"https:\/\/somos-hermanos.mx\/index.php\/2025\/08\/04\/mexico-recuerda-los-mensajes-del-papa-francisco-durante-su-visita-pastoral-a-nuestro-pais\/","name":"M\u00e9xico recuerda los mensajes del Papa Francisco durante su visita pastoral a nuestro pa\u00eds - Historias que inspiran...","isPartOf":{"@id":"https:\/\/somos-hermanos.mx\/#website"},"primaryImageOfPage":{"@id":"https:\/\/somos-hermanos.mx\/index.php\/2025\/08\/04\/mexico-recuerda-los-mensajes-del-papa-francisco-durante-su-visita-pastoral-a-nuestro-pais\/#primaryimage"},"image":{"@id":"https:\/\/somos-hermanos.mx\/index.php\/2025\/08\/04\/mexico-recuerda-los-mensajes-del-papa-francisco-durante-su-visita-pastoral-a-nuestro-pais\/#primaryimage"},"thumbnailUrl":"https:\/\/somos-hermanos.mx\/wp-content\/uploads\/2025\/08\/Captura-de-pantalla-2025-08-04-a-las-1.57.25-a.m.png","datePublished":"2025-08-04T07:58:01+00:00","breadcrumb":{"@id":"https:\/\/somos-hermanos.mx\/index.php\/2025\/08\/04\/mexico-recuerda-los-mensajes-del-papa-francisco-durante-su-visita-pastoral-a-nuestro-pais\/#breadcrumb"},"inLanguage":"es","potentialAction":[{"@type":"ReadAction","target":["https:\/\/somos-hermanos.mx\/index.php\/2025\/08\/04\/mexico-recuerda-los-mensajes-del-papa-francisco-durante-su-visita-pastoral-a-nuestro-pais\/"]}]},{"@type":"ImageObject","inLanguage":"es","@id":"https:\/\/somos-hermanos.mx\/index.php\/2025\/08\/04\/mexico-recuerda-los-mensajes-del-papa-francisco-durante-su-visita-pastoral-a-nuestro-pais\/#primaryimage","url":"https:\/\/somos-hermanos.mx\/wp-content\/uploads\/2025\/08\/Captura-de-pantalla-2025-08-04-a-las-1.57.25-a.m.png","contentUrl":"https:\/\/somos-hermanos.mx\/wp-content\/uploads\/2025\/08\/Captura-de-pantalla-2025-08-04-a-las-1.57.25-a.m.png","width":525,"height":296},{"@type":"BreadcrumbList","@id":"https:\/\/somos-hermanos.mx\/index.php\/2025\/08\/04\/mexico-recuerda-los-mensajes-del-papa-francisco-durante-su-visita-pastoral-a-nuestro-pais\/#breadcrumb","itemListElement":[{"@type":"ListItem","position":1,"name":"Inicio","item":"https:\/\/somos-hermanos.mx\/"},{"@type":"ListItem","position":2,"name":"M\u00e9xico recuerda los mensajes del Papa Francisco durante su visita pastoral a nuestro pa\u00eds"}]},{"@type":"WebSite","@id":"https:\/\/somos-hermanos.mx\/#website","url":"https:\/\/somos-hermanos.mx\/","name":"Historias que inspiran...","description":"Somos la voz del altruismo en M\u00e9xico","publisher":{"@id":"https:\/\/somos-hermanos.mx\/#organization"},"potentialAction":[{"@type":"SearchAction","target":{"@type":"EntryPoint","urlTemplate":"https:\/\/somos-hermanos.mx\/?s={search_term_string}"},"query-input":{"@type":"PropertyValueSpecification","valueRequired":true,"valueName":"search_term_string"}}],"inLanguage":"es"},{"@type":"Organization","@id":"https:\/\/somos-hermanos.mx\/#organization","name":"Somos Hermanos","url":"https:\/\/somos-hermanos.mx\/","logo":{"@type":"ImageObject","inLanguage":"es","@id":"https:\/\/somos-hermanos.mx\/#\/schema\/logo\/image\/","url":"https:\/\/somos-hermanos.mx\/wp-content\/uploads\/2025\/08\/SH30-1.jpeg","contentUrl":"https:\/\/somos-hermanos.mx\/wp-content\/uploads\/2025\/08\/SH30-1.jpeg","width":1600,"height":1142,"caption":"Somos Hermanos"},"image":{"@id":"https:\/\/somos-hermanos.mx\/#\/schema\/logo\/image\/"},"sameAs":["https:\/\/www.facebook.com\/SomosHermanosIAP\/","https:\/\/x.com\/Somos__Hermanos","https:\/\/www.instagram.com\/somos__hermanos\/#","https:\/\/www.tiktok.com\/@somoshermanosiap","https:\/\/www.youtube.com\/@somoshermanosiap1201\/videos"]},{"@type":"Person","@id":"https:\/\/somos-hermanos.mx\/#\/schema\/person\/945cdfed39314d9db1242f593aecb908","name":"Jes\u00fas Arizmendi","image":{"@type":"ImageObject","inLanguage":"es","@id":"https:\/\/secure.gravatar.com\/avatar\/9d2f2284f2cc108aae42b8fdb13afa29b801f64001b731516b830e4926cc1b4b?s=96&d=mm&r=g","url":"https:\/\/secure.gravatar.com\/avatar\/9d2f2284f2cc108aae42b8fdb13afa29b801f64001b731516b830e4926cc1b4b?s=96&d=mm&r=g","contentUrl":"https:\/\/secure.gravatar.com\/avatar\/9d2f2284f2cc108aae42b8fdb13afa29b801f64001b731516b830e4926cc1b4b?s=96&d=mm&r=g","caption":"Jes\u00fas Arizmendi"},"url":"https:\/\/somos-hermanos.mx\/index.php\/author\/jesus-arizmendi\/"}]}},"_links":{"self":[{"href":"https:\/\/somos-hermanos.mx\/index.php\/wp-json\/wp\/v2\/posts\/688","targetHints":{"allow":["GET"]}}],"collection":[{"href":"https:\/\/somos-hermanos.mx\/index.php\/wp-json\/wp\/v2\/posts"}],"about":[{"href":"https:\/\/somos-hermanos.mx\/index.php\/wp-json\/wp\/v2\/types\/post"}],"author":[{"embeddable":true,"href":"https:\/\/somos-hermanos.mx\/index.php\/wp-json\/wp\/v2\/users\/8"}],"replies":[{"embeddable":true,"href":"https:\/\/somos-hermanos.mx\/index.php\/wp-json\/wp\/v2\/comments?post=688"}],"version-history":[{"count":1,"href":"https:\/\/somos-hermanos.mx\/index.php\/wp-json\/wp\/v2\/posts\/688\/revisions"}],"predecessor-version":[{"id":690,"href":"https:\/\/somos-hermanos.mx\/index.php\/wp-json\/wp\/v2\/posts\/688\/revisions\/690"}],"wp:featuredmedia":[{"embeddable":true,"href":"https:\/\/somos-hermanos.mx\/index.php\/wp-json\/wp\/v2\/media\/689"}],"wp:attachment":[{"href":"https:\/\/somos-hermanos.mx\/index.php\/wp-json\/wp\/v2\/media?parent=688"}],"wp:term":[{"taxonomy":"category","embeddable":true,"href":"https:\/\/somos-hermanos.mx\/index.php\/wp-json\/wp\/v2\/categories?post=688"},{"taxonomy":"post_tag","embeddable":true,"href":"https:\/\/somos-hermanos.mx\/index.php\/wp-json\/wp\/v2\/tags?post=688"}],"curies":[{"name":"wp","href":"https:\/\/api.w.org\/{rel}","templated":true}]}}