{"id":685,"date":"2025-08-04T01:56:05","date_gmt":"2025-08-04T07:56:05","guid":{"rendered":"https:\/\/somos-hermanos.mx\/?p=685"},"modified":"2025-08-04T01:56:05","modified_gmt":"2025-08-04T07:56:05","slug":"ezer-la-casa-del-voluntario-un-puente-entre-el-servicio-y-la-comunidad","status":"publish","type":"post","link":"https:\/\/somos-hermanos.mx\/index.php\/2025\/08\/04\/ezer-la-casa-del-voluntario-un-puente-entre-el-servicio-y-la-comunidad\/","title":{"rendered":"EZER: La Casa del Voluntario, un puente entre el servicio y la comunidad"},"content":{"rendered":"<p>En un contexto donde la solidaridad y el compromiso social son fundamentales para construir comunidades m\u00e1s justas y emp\u00e1ticas, surge EZER, La Casa del Voluntario, una organizaci\u00f3n que desde hace m\u00e1s de dos d\u00e9cadas se ha dedicado a canalizar, capacitar y motivar el voluntariado en Nuevo Le\u00f3n y sus alrededores.<\/p>\n<p>Fundada en 1999 por un grupo de 12 mujeres comprometidas con el servicio, EZER naci\u00f3 con el prop\u00f3sito claro de dar una respuesta organizada y profesional a la creciente necesidad de voluntarios capacitados y comprometidos. Desde entonces, se ha consolidado como una Asociaci\u00f3n de Beneficencia Privada sin fines de lucro que promueve un modelo innovador de voluntariado con impacto social, sistem\u00e1tico y sostenible.<\/p>\n<p><strong>Misi\u00f3n y enfoque comunitario<\/strong><strong>\u00a0<\/strong><\/p>\n<p>La misi\u00f3n de EZER es clara: enlazar y capacitar a voluntarios que deseen servir a la comunidad, a trav\u00e9s de programas y organizaciones de beneficio social, de manera profesional, permanente y con una visi\u00f3n comunitaria integral.<\/p>\n<p>El enfoque de EZER no solo busca sumar manos, sino formar agentes de cambio que trabajen con responsabilidad, empat\u00eda y compromiso en distintas \u00e1reas de atenci\u00f3n social. Para lograrlo, ofrece un proceso de capacitaci\u00f3n constante, acompa\u00f1amiento y una vinculaci\u00f3n efectiva entre los voluntarios y las instituciones que m\u00e1s lo necesitan.<\/p>\n<p><strong>\u00bfQu\u00e9 significa ser voluntario en EZER?<\/strong><\/p>\n<p>El perfil del voluntario que EZER busca promover est\u00e1 basado en principios fundamentales como:<\/p>\n<ul>\n<li>Una actitud de servicio genuina<\/li>\n<li>Disponibilidad de tiempo para servir de forma constante<\/li>\n<li>Ser emp\u00e1tico y compasivo ante las realidades sociales<\/li>\n<li>Mantener una actitud respetuosa y abierta<\/li>\n<li>Actuar con compromiso y responsabilidad<\/li>\n<li>Estas caracter\u00edsticas permiten construir relaciones de confianza y colaboraci\u00f3n entre las organizaciones sociales y los voluntarios, generando impactos positivos duraderos.<\/li>\n<li>Red de instituciones aliadas y banco de proyectos<\/li>\n<\/ul>\n<p><strong>Instituciones con las que colabora:<\/strong><\/p>\n<p>EZER mantiene una extensa red de instituciones registradas que colaboran de forma activa con la asociaci\u00f3n. Entre ellas se encuentran:<\/p>\n<ul>\n<li>Asilos<\/li>\n<li>Casas hogar<\/li>\n<li>Centros de rehabilitaci\u00f3n<\/li>\n<li>Comedores comunitarios<\/li>\n<li>Casas para migrantes<\/li>\n<li>Centros de atenci\u00f3n integral para personas con discapacidad<\/li>\n<li>Organizaciones enfocadas en el medio ambiente<\/li>\n<\/ul>\n<p>Estas instituciones alimentan un banco de proyectos, es decir, un listado estructurado de necesidades espec\u00edficas. Esta herramienta permite a EZER canalizar voluntarios y recursos humanos hacia iniciativas puntuales, maximizando la efectividad del voluntariado.<\/p>\n<p>Adem\u00e1s, este banco de proyectos est\u00e1 disponible para el voluntariado corporativo, donde empresas pueden seleccionar causas alineadas con su responsabilidad social y comprometer a sus colaboradores en proyectos con sentido humano.<\/p>\n<p><strong>Apoyo a instituciones y estudiantes<\/strong><\/p>\n<p>EZER tambi\u00e9n abre sus puertas a instituciones sociales que requieran apoyo en sus programas. Aquellas organizaciones interesadas pueden registrarse para formar parte de la red, accediendo as\u00ed a una comunidad de voluntarios dispuestos a sumar esfuerzos.<\/p>\n<p>&nbsp;<\/p>\n<p>Por otro lado, EZER colabora con universidades y preparatorias para recibir a j\u00f3venes que desean realizar su servicio social o pr\u00e1cticas profesionales en un entorno con sentido, impacto real y formaci\u00f3n integral.<\/p>\n<p><strong>Modelo replicable<\/strong><\/p>\n<p>Uno de los objetivos de EZER es compartir y multiplicar su modelo de trabajo. Su estructura, basada en la sistematizaci\u00f3n, la capacitaci\u00f3n constante y la conexi\u00f3n con instituciones, puede replicarse en otras regiones. Desde su portal web, invitan a explorar m\u00e1s sobre su visi\u00f3n y c\u00f3mo implementar iniciativas similares en otras comunidades.<\/p>\n<p><strong>\u00bfC\u00f3mo participar?<\/strong><\/p>\n<p>Cualquier persona, empresa o instituci\u00f3n interesada en formar parte de esta red puede hacerlo a trav\u00e9s de su sitio oficial www.ezer.org.mx. Desde ah\u00ed, es posible registrarse como voluntario, consultar el banco de proyectos, explorar alianzas institucionales o vincularse como empresa socialmente responsable.<\/p>\n<p>Tambi\u00e9n puedes seguir sus actividades en redes sociales:<\/p>\n<p>Facebook: @ezerabp<\/p>\n<p>Instagram: @ezerabp<\/p>\n<p>YouTube: EZER ABP<\/p>\n<p>EZER es mucho m\u00e1s que una plataforma de voluntariado: es un espacio de encuentro, formaci\u00f3n y compromiso, donde servir se transforma en una experiencia transformadora tanto para quien da como para quien recibe.<\/p>\n","protected":false},"excerpt":{"rendered":"<p>En un contexto donde la solidaridad y el compromiso social son fundamentales para construir comunidades m\u00e1s justas y emp\u00e1ticas, surge EZER, La Casa del Voluntario, una organizaci\u00f3n que desde hace m\u00e1s de dos d\u00e9cadas se ha dedicado a canalizar, capacitar y motivar el voluntariado en Nuevo Le\u00f3n y sus alrededores. Fundada en 1999 por un [&hellip;]<\/p>\n","protected":false},"author":8,"featured_media":686,"comment_status":"open","ping_status":"closed","sticky":false,"template":"","format":"standard","meta":{"footnotes":""},"categories":[6],"tags":[],"class_list":["post-685","post","type-post","status-publish","format-standard","has-post-thumbnail","hentry","category-noticias"],"yoast_head":"<!-- This site is optimized with the Yoast SEO plugin v27.4 - https:\/\/yoast.com\/product\/yoast-seo-wordpress\/ -->\n<title>EZER: La Casa del Voluntario, un puente entre el servicio y la comunidad - Historias que inspiran...<\/title>\n<meta name=\"robots\" content=\"index, follow, max-snippet:-1, max-image-preview:large, max-video-preview:-1\" \/>\n<link rel=\"canonical\" href=\"https:\/\/somos-hermanos.mx\/index.php\/2025\/08\/04\/ezer-la-casa-del-voluntario-un-puente-entre-el-servicio-y-la-comunidad\/\" \/>\n<meta property=\"og:locale\" content=\"es_MX\" \/>\n<meta property=\"og:type\" content=\"article\" \/>\n<meta property=\"og:title\" content=\"EZER: La Casa del Voluntario, un puente entre el servicio y la comunidad - Historias que inspiran...\" \/>\n<meta property=\"og:description\" content=\"En un contexto donde la solidaridad y el compromiso social son fundamentales para construir comunidades m\u00e1s justas y emp\u00e1ticas, surge EZER, La Casa del Voluntario, una organizaci\u00f3n que desde hace m\u00e1s de dos d\u00e9cadas se ha dedicado a canalizar, capacitar y motivar el voluntariado en Nuevo Le\u00f3n y sus alrededores. Fundada en 1999 por un [&hellip;]\" \/>\n<meta property=\"og:url\" content=\"https:\/\/somos-hermanos.mx\/index.php\/2025\/08\/04\/ezer-la-casa-del-voluntario-un-puente-entre-el-servicio-y-la-comunidad\/\" \/>\n<meta property=\"og:site_name\" content=\"Historias que inspiran...\" \/>\n<meta property=\"article:publisher\" content=\"https:\/\/www.facebook.com\/SomosHermanosIAP\/\" \/>\n<meta property=\"article:published_time\" content=\"2025-08-04T07:56:05+00:00\" \/>\n<meta property=\"og:image\" content=\"https:\/\/somos-hermanos.mx\/wp-content\/uploads\/2025\/08\/ezer2.jpeg\" \/>\n\t<meta property=\"og:image:width\" content=\"1280\" \/>\n\t<meta property=\"og:image:height\" content=\"960\" \/>\n\t<meta property=\"og:image:type\" content=\"image\/jpeg\" \/>\n<meta name=\"author\" content=\"Jes\u00fas Arizmendi\" \/>\n<meta name=\"twitter:card\" content=\"summary_large_image\" \/>\n<meta name=\"twitter:creator\" content=\"@Somos__Hermanos\" \/>\n<meta name=\"twitter:site\" content=\"@Somos__Hermanos\" \/>\n<meta name=\"twitter:label1\" content=\"Escrito por\" \/>\n\t<meta name=\"twitter:data1\" content=\"Jes\u00fas Arizmendi\" \/>\n\t<meta name=\"twitter:label2\" content=\"Tiempo de lectura\" \/>\n\t<meta name=\"twitter:data2\" content=\"4 minutos\" \/>\n<script type=\"application\/ld+json\" class=\"yoast-schema-graph\">{\"@context\":\"https:\\\/\\\/schema.org\",\"@graph\":[{\"@type\":\"Article\",\"@id\":\"https:\\\/\\\/somos-hermanos.mx\\\/index.php\\\/2025\\\/08\\\/04\\\/ezer-la-casa-del-voluntario-un-puente-entre-el-servicio-y-la-comunidad\\\/#article\",\"isPartOf\":{\"@id\":\"https:\\\/\\\/somos-hermanos.mx\\\/index.php\\\/2025\\\/08\\\/04\\\/ezer-la-casa-del-voluntario-un-puente-entre-el-servicio-y-la-comunidad\\\/\"},\"author\":{\"name\":\"Jes\u00fas Arizmendi\",\"@id\":\"https:\\\/\\\/somos-hermanos.mx\\\/#\\\/schema\\\/person\\\/945cdfed39314d9db1242f593aecb908\"},\"headline\":\"EZER: La Casa del Voluntario, un puente entre el servicio y la comunidad\",\"datePublished\":\"2025-08-04T07:56:05+00:00\",\"mainEntityOfPage\":{\"@id\":\"https:\\\/\\\/somos-hermanos.mx\\\/index.php\\\/2025\\\/08\\\/04\\\/ezer-la-casa-del-voluntario-un-puente-entre-el-servicio-y-la-comunidad\\\/\"},\"wordCount\":674,\"commentCount\":0,\"publisher\":{\"@id\":\"https:\\\/\\\/somos-hermanos.mx\\\/#organization\"},\"image\":{\"@id\":\"https:\\\/\\\/somos-hermanos.mx\\\/index.php\\\/2025\\\/08\\\/04\\\/ezer-la-casa-del-voluntario-un-puente-entre-el-servicio-y-la-comunidad\\\/#primaryimage\"},\"thumbnailUrl\":\"https:\\\/\\\/somos-hermanos.mx\\\/wp-content\\\/uploads\\\/2025\\\/08\\\/ezer2.jpeg\",\"articleSection\":[\"Noticias\"],\"inLanguage\":\"es\",\"potentialAction\":[{\"@type\":\"CommentAction\",\"name\":\"Comment\",\"target\":[\"https:\\\/\\\/somos-hermanos.mx\\\/index.php\\\/2025\\\/08\\\/04\\\/ezer-la-casa-del-voluntario-un-puente-entre-el-servicio-y-la-comunidad\\\/#respond\"]}]},{\"@type\":\"WebPage\",\"@id\":\"https:\\\/\\\/somos-hermanos.mx\\\/index.php\\\/2025\\\/08\\\/04\\\/ezer-la-casa-del-voluntario-un-puente-entre-el-servicio-y-la-comunidad\\\/\",\"url\":\"https:\\\/\\\/somos-hermanos.mx\\\/index.php\\\/2025\\\/08\\\/04\\\/ezer-la-casa-del-voluntario-un-puente-entre-el-servicio-y-la-comunidad\\\/\",\"name\":\"EZER: La Casa del Voluntario, un puente entre el servicio y la comunidad - Historias que inspiran...\",\"isPartOf\":{\"@id\":\"https:\\\/\\\/somos-hermanos.mx\\\/#website\"},\"primaryImageOfPage\":{\"@id\":\"https:\\\/\\\/somos-hermanos.mx\\\/index.php\\\/2025\\\/08\\\/04\\\/ezer-la-casa-del-voluntario-un-puente-entre-el-servicio-y-la-comunidad\\\/#primaryimage\"},\"image\":{\"@id\":\"https:\\\/\\\/somos-hermanos.mx\\\/index.php\\\/2025\\\/08\\\/04\\\/ezer-la-casa-del-voluntario-un-puente-entre-el-servicio-y-la-comunidad\\\/#primaryimage\"},\"thumbnailUrl\":\"https:\\\/\\\/somos-hermanos.mx\\\/wp-content\\\/uploads\\\/2025\\\/08\\\/ezer2.jpeg\",\"datePublished\":\"2025-08-04T07:56:05+00:00\",\"breadcrumb\":{\"@id\":\"https:\\\/\\\/somos-hermanos.mx\\\/index.php\\\/2025\\\/08\\\/04\\\/ezer-la-casa-del-voluntario-un-puente-entre-el-servicio-y-la-comunidad\\\/#breadcrumb\"},\"inLanguage\":\"es\",\"potentialAction\":[{\"@type\":\"ReadAction\",\"target\":[\"https:\\\/\\\/somos-hermanos.mx\\\/index.php\\\/2025\\\/08\\\/04\\\/ezer-la-casa-del-voluntario-un-puente-entre-el-servicio-y-la-comunidad\\\/\"]}]},{\"@type\":\"ImageObject\",\"inLanguage\":\"es\",\"@id\":\"https:\\\/\\\/somos-hermanos.mx\\\/index.php\\\/2025\\\/08\\\/04\\\/ezer-la-casa-del-voluntario-un-puente-entre-el-servicio-y-la-comunidad\\\/#primaryimage\",\"url\":\"https:\\\/\\\/somos-hermanos.mx\\\/wp-content\\\/uploads\\\/2025\\\/08\\\/ezer2.jpeg\",\"contentUrl\":\"https:\\\/\\\/somos-hermanos.mx\\\/wp-content\\\/uploads\\\/2025\\\/08\\\/ezer2.jpeg\",\"width\":1280,\"height\":960},{\"@type\":\"BreadcrumbList\",\"@id\":\"https:\\\/\\\/somos-hermanos.mx\\\/index.php\\\/2025\\\/08\\\/04\\\/ezer-la-casa-del-voluntario-un-puente-entre-el-servicio-y-la-comunidad\\\/#breadcrumb\",\"itemListElement\":[{\"@type\":\"ListItem\",\"position\":1,\"name\":\"Inicio\",\"item\":\"https:\\\/\\\/somos-hermanos.mx\\\/\"},{\"@type\":\"ListItem\",\"position\":2,\"name\":\"EZER: La Casa del Voluntario, un puente entre el servicio y la comunidad\"}]},{\"@type\":\"WebSite\",\"@id\":\"https:\\\/\\\/somos-hermanos.mx\\\/#website\",\"url\":\"https:\\\/\\\/somos-hermanos.mx\\\/\",\"name\":\"Historias que inspiran...\",\"description\":\"Somos la voz del altruismo en M\u00e9xico\",\"publisher\":{\"@id\":\"https:\\\/\\\/somos-hermanos.mx\\\/#organization\"},\"potentialAction\":[{\"@type\":\"SearchAction\",\"target\":{\"@type\":\"EntryPoint\",\"urlTemplate\":\"https:\\\/\\\/somos-hermanos.mx\\\/?s={search_term_string}\"},\"query-input\":{\"@type\":\"PropertyValueSpecification\",\"valueRequired\":true,\"valueName\":\"search_term_string\"}}],\"inLanguage\":\"es\"},{\"@type\":\"Organization\",\"@id\":\"https:\\\/\\\/somos-hermanos.mx\\\/#organization\",\"name\":\"Somos Hermanos\",\"url\":\"https:\\\/\\\/somos-hermanos.mx\\\/\",\"logo\":{\"@type\":\"ImageObject\",\"inLanguage\":\"es\",\"@id\":\"https:\\\/\\\/somos-hermanos.mx\\\/#\\\/schema\\\/logo\\\/image\\\/\",\"url\":\"https:\\\/\\\/somos-hermanos.mx\\\/wp-content\\\/uploads\\\/2025\\\/08\\\/SH30-1.jpeg\",\"contentUrl\":\"https:\\\/\\\/somos-hermanos.mx\\\/wp-content\\\/uploads\\\/2025\\\/08\\\/SH30-1.jpeg\",\"width\":1600,\"height\":1142,\"caption\":\"Somos Hermanos\"},\"image\":{\"@id\":\"https:\\\/\\\/somos-hermanos.mx\\\/#\\\/schema\\\/logo\\\/image\\\/\"},\"sameAs\":[\"https:\\\/\\\/www.facebook.com\\\/SomosHermanosIAP\\\/\",\"https:\\\/\\\/x.com\\\/Somos__Hermanos\",\"https:\\\/\\\/www.instagram.com\\\/somos__hermanos\\\/#\",\"https:\\\/\\\/www.tiktok.com\\\/@somoshermanosiap\",\"https:\\\/\\\/www.youtube.com\\\/@somoshermanosiap1201\\\/videos\"]},{\"@type\":\"Person\",\"@id\":\"https:\\\/\\\/somos-hermanos.mx\\\/#\\\/schema\\\/person\\\/945cdfed39314d9db1242f593aecb908\",\"name\":\"Jes\u00fas Arizmendi\",\"image\":{\"@type\":\"ImageObject\",\"inLanguage\":\"es\",\"@id\":\"https:\\\/\\\/secure.gravatar.com\\\/avatar\\\/9d2f2284f2cc108aae42b8fdb13afa29b801f64001b731516b830e4926cc1b4b?s=96&d=mm&r=g\",\"url\":\"https:\\\/\\\/secure.gravatar.com\\\/avatar\\\/9d2f2284f2cc108aae42b8fdb13afa29b801f64001b731516b830e4926cc1b4b?s=96&d=mm&r=g\",\"contentUrl\":\"https:\\\/\\\/secure.gravatar.com\\\/avatar\\\/9d2f2284f2cc108aae42b8fdb13afa29b801f64001b731516b830e4926cc1b4b?s=96&d=mm&r=g\",\"caption\":\"Jes\u00fas Arizmendi\"},\"url\":\"https:\\\/\\\/somos-hermanos.mx\\\/index.php\\\/author\\\/jesus-arizmendi\\\/\"}]}<\/script>\n<!-- \/ Yoast SEO plugin. -->","yoast_head_json":{"title":"EZER: La Casa del Voluntario, un puente entre el servicio y la comunidad - Historias que inspiran...","robots":{"index":"index","follow":"follow","max-snippet":"max-snippet:-1","max-image-preview":"max-image-preview:large","max-video-preview":"max-video-preview:-1"},"canonical":"https:\/\/somos-hermanos.mx\/index.php\/2025\/08\/04\/ezer-la-casa-del-voluntario-un-puente-entre-el-servicio-y-la-comunidad\/","og_locale":"es_MX","og_type":"article","og_title":"EZER: La Casa del Voluntario, un puente entre el servicio y la comunidad - Historias que inspiran...","og_description":"En un contexto donde la solidaridad y el compromiso social son fundamentales para construir comunidades m\u00e1s justas y emp\u00e1ticas, surge EZER, La Casa del Voluntario, una organizaci\u00f3n que desde hace m\u00e1s de dos d\u00e9cadas se ha dedicado a canalizar, capacitar y motivar el voluntariado en Nuevo Le\u00f3n y sus alrededores. Fundada en 1999 por un [&hellip;]","og_url":"https:\/\/somos-hermanos.mx\/index.php\/2025\/08\/04\/ezer-la-casa-del-voluntario-un-puente-entre-el-servicio-y-la-comunidad\/","og_site_name":"Historias que inspiran...","article_publisher":"https:\/\/www.facebook.com\/SomosHermanosIAP\/","article_published_time":"2025-08-04T07:56:05+00:00","og_image":[{"width":1280,"height":960,"url":"https:\/\/somos-hermanos.mx\/wp-content\/uploads\/2025\/08\/ezer2.jpeg","type":"image\/jpeg"}],"author":"Jes\u00fas Arizmendi","twitter_card":"summary_large_image","twitter_creator":"@Somos__Hermanos","twitter_site":"@Somos__Hermanos","twitter_misc":{"Escrito por":"Jes\u00fas Arizmendi","Tiempo de lectura":"4 minutos"},"schema":{"@context":"https:\/\/schema.org","@graph":[{"@type":"Article","@id":"https:\/\/somos-hermanos.mx\/index.php\/2025\/08\/04\/ezer-la-casa-del-voluntario-un-puente-entre-el-servicio-y-la-comunidad\/#article","isPartOf":{"@id":"https:\/\/somos-hermanos.mx\/index.php\/2025\/08\/04\/ezer-la-casa-del-voluntario-un-puente-entre-el-servicio-y-la-comunidad\/"},"author":{"name":"Jes\u00fas Arizmendi","@id":"https:\/\/somos-hermanos.mx\/#\/schema\/person\/945cdfed39314d9db1242f593aecb908"},"headline":"EZER: La Casa del Voluntario, un puente entre el servicio y la comunidad","datePublished":"2025-08-04T07:56:05+00:00","mainEntityOfPage":{"@id":"https:\/\/somos-hermanos.mx\/index.php\/2025\/08\/04\/ezer-la-casa-del-voluntario-un-puente-entre-el-servicio-y-la-comunidad\/"},"wordCount":674,"commentCount":0,"publisher":{"@id":"https:\/\/somos-hermanos.mx\/#organization"},"image":{"@id":"https:\/\/somos-hermanos.mx\/index.php\/2025\/08\/04\/ezer-la-casa-del-voluntario-un-puente-entre-el-servicio-y-la-comunidad\/#primaryimage"},"thumbnailUrl":"https:\/\/somos-hermanos.mx\/wp-content\/uploads\/2025\/08\/ezer2.jpeg","articleSection":["Noticias"],"inLanguage":"es","potentialAction":[{"@type":"CommentAction","name":"Comment","target":["https:\/\/somos-hermanos.mx\/index.php\/2025\/08\/04\/ezer-la-casa-del-voluntario-un-puente-entre-el-servicio-y-la-comunidad\/#respond"]}]},{"@type":"WebPage","@id":"https:\/\/somos-hermanos.mx\/index.php\/2025\/08\/04\/ezer-la-casa-del-voluntario-un-puente-entre-el-servicio-y-la-comunidad\/","url":"https:\/\/somos-hermanos.mx\/index.php\/2025\/08\/04\/ezer-la-casa-del-voluntario-un-puente-entre-el-servicio-y-la-comunidad\/","name":"EZER: La Casa del Voluntario, un puente entre el servicio y la comunidad - Historias que inspiran...","isPartOf":{"@id":"https:\/\/somos-hermanos.mx\/#website"},"primaryImageOfPage":{"@id":"https:\/\/somos-hermanos.mx\/index.php\/2025\/08\/04\/ezer-la-casa-del-voluntario-un-puente-entre-el-servicio-y-la-comunidad\/#primaryimage"},"image":{"@id":"https:\/\/somos-hermanos.mx\/index.php\/2025\/08\/04\/ezer-la-casa-del-voluntario-un-puente-entre-el-servicio-y-la-comunidad\/#primaryimage"},"thumbnailUrl":"https:\/\/somos-hermanos.mx\/wp-content\/uploads\/2025\/08\/ezer2.jpeg","datePublished":"2025-08-04T07:56:05+00:00","breadcrumb":{"@id":"https:\/\/somos-hermanos.mx\/index.php\/2025\/08\/04\/ezer-la-casa-del-voluntario-un-puente-entre-el-servicio-y-la-comunidad\/#breadcrumb"},"inLanguage":"es","potentialAction":[{"@type":"ReadAction","target":["https:\/\/somos-hermanos.mx\/index.php\/2025\/08\/04\/ezer-la-casa-del-voluntario-un-puente-entre-el-servicio-y-la-comunidad\/"]}]},{"@type":"ImageObject","inLanguage":"es","@id":"https:\/\/somos-hermanos.mx\/index.php\/2025\/08\/04\/ezer-la-casa-del-voluntario-un-puente-entre-el-servicio-y-la-comunidad\/#primaryimage","url":"https:\/\/somos-hermanos.mx\/wp-content\/uploads\/2025\/08\/ezer2.jpeg","contentUrl":"https:\/\/somos-hermanos.mx\/wp-content\/uploads\/2025\/08\/ezer2.jpeg","width":1280,"height":960},{"@type":"BreadcrumbList","@id":"https:\/\/somos-hermanos.mx\/index.php\/2025\/08\/04\/ezer-la-casa-del-voluntario-un-puente-entre-el-servicio-y-la-comunidad\/#breadcrumb","itemListElement":[{"@type":"ListItem","position":1,"name":"Inicio","item":"https:\/\/somos-hermanos.mx\/"},{"@type":"ListItem","position":2,"name":"EZER: La Casa del Voluntario, un puente entre el servicio y la comunidad"}]},{"@type":"WebSite","@id":"https:\/\/somos-hermanos.mx\/#website","url":"https:\/\/somos-hermanos.mx\/","name":"Historias que inspiran...","description":"Somos la voz del altruismo en M\u00e9xico","publisher":{"@id":"https:\/\/somos-hermanos.mx\/#organization"},"potentialAction":[{"@type":"SearchAction","target":{"@type":"EntryPoint","urlTemplate":"https:\/\/somos-hermanos.mx\/?s={search_term_string}"},"query-input":{"@type":"PropertyValueSpecification","valueRequired":true,"valueName":"search_term_string"}}],"inLanguage":"es"},{"@type":"Organization","@id":"https:\/\/somos-hermanos.mx\/#organization","name":"Somos Hermanos","url":"https:\/\/somos-hermanos.mx\/","logo":{"@type":"ImageObject","inLanguage":"es","@id":"https:\/\/somos-hermanos.mx\/#\/schema\/logo\/image\/","url":"https:\/\/somos-hermanos.mx\/wp-content\/uploads\/2025\/08\/SH30-1.jpeg","contentUrl":"https:\/\/somos-hermanos.mx\/wp-content\/uploads\/2025\/08\/SH30-1.jpeg","width":1600,"height":1142,"caption":"Somos Hermanos"},"image":{"@id":"https:\/\/somos-hermanos.mx\/#\/schema\/logo\/image\/"},"sameAs":["https:\/\/www.facebook.com\/SomosHermanosIAP\/","https:\/\/x.com\/Somos__Hermanos","https:\/\/www.instagram.com\/somos__hermanos\/#","https:\/\/www.tiktok.com\/@somoshermanosiap","https:\/\/www.youtube.com\/@somoshermanosiap1201\/videos"]},{"@type":"Person","@id":"https:\/\/somos-hermanos.mx\/#\/schema\/person\/945cdfed39314d9db1242f593aecb908","name":"Jes\u00fas Arizmendi","image":{"@type":"ImageObject","inLanguage":"es","@id":"https:\/\/secure.gravatar.com\/avatar\/9d2f2284f2cc108aae42b8fdb13afa29b801f64001b731516b830e4926cc1b4b?s=96&d=mm&r=g","url":"https:\/\/secure.gravatar.com\/avatar\/9d2f2284f2cc108aae42b8fdb13afa29b801f64001b731516b830e4926cc1b4b?s=96&d=mm&r=g","contentUrl":"https:\/\/secure.gravatar.com\/avatar\/9d2f2284f2cc108aae42b8fdb13afa29b801f64001b731516b830e4926cc1b4b?s=96&d=mm&r=g","caption":"Jes\u00fas Arizmendi"},"url":"https:\/\/somos-hermanos.mx\/index.php\/author\/jesus-arizmendi\/"}]}},"_links":{"self":[{"href":"https:\/\/somos-hermanos.mx\/index.php\/wp-json\/wp\/v2\/posts\/685","targetHints":{"allow":["GET"]}}],"collection":[{"href":"https:\/\/somos-hermanos.mx\/index.php\/wp-json\/wp\/v2\/posts"}],"about":[{"href":"https:\/\/somos-hermanos.mx\/index.php\/wp-json\/wp\/v2\/types\/post"}],"author":[{"embeddable":true,"href":"https:\/\/somos-hermanos.mx\/index.php\/wp-json\/wp\/v2\/users\/8"}],"replies":[{"embeddable":true,"href":"https:\/\/somos-hermanos.mx\/index.php\/wp-json\/wp\/v2\/comments?post=685"}],"version-history":[{"count":1,"href":"https:\/\/somos-hermanos.mx\/index.php\/wp-json\/wp\/v2\/posts\/685\/revisions"}],"predecessor-version":[{"id":687,"href":"https:\/\/somos-hermanos.mx\/index.php\/wp-json\/wp\/v2\/posts\/685\/revisions\/687"}],"wp:featuredmedia":[{"embeddable":true,"href":"https:\/\/somos-hermanos.mx\/index.php\/wp-json\/wp\/v2\/media\/686"}],"wp:attachment":[{"href":"https:\/\/somos-hermanos.mx\/index.php\/wp-json\/wp\/v2\/media?parent=685"}],"wp:term":[{"taxonomy":"category","embeddable":true,"href":"https:\/\/somos-hermanos.mx\/index.php\/wp-json\/wp\/v2\/categories?post=685"},{"taxonomy":"post_tag","embeddable":true,"href":"https:\/\/somos-hermanos.mx\/index.php\/wp-json\/wp\/v2\/tags?post=685"}],"curies":[{"name":"wp","href":"https:\/\/api.w.org\/{rel}","templated":true}]}}