{"id":676,"date":"2025-08-04T01:47:56","date_gmt":"2025-08-04T07:47:56","guid":{"rendered":"https:\/\/somos-hermanos.mx\/?p=676"},"modified":"2025-08-04T01:51:48","modified_gmt":"2025-08-04T07:51:48","slug":"las-infancias-no-deben-crecer-solas-aldeas-infantiles-iap","status":"publish","type":"post","link":"https:\/\/somos-hermanos.mx\/index.php\/2025\/08\/04\/las-infancias-no-deben-crecer-solas-aldeas-infantiles-iap\/","title":{"rendered":"Las infancias no deben crecer solas: Aldeas Infantiles IAP"},"content":{"rendered":"<p>Aldeas Infantiles SOS\u00a0IAP es una organizaci\u00f3n, sin fines de lucro o inclinaci\u00f3n religiosa, que fue fundada a finales de los a\u00f1os 40 &#8216;s en Austria por Hermann Gmeiner; <strong>debido a los innumerables ni\u00f1os que se encontraban en la calle por\u00a0la finalizaci\u00f3n de la Segunda Guerra Mundial.<\/strong>\u00a0Fue as\u00ed como nacieron las primeras <strong><em><i>Aldeas<\/i><\/em><\/strong>\u00a0para salvaguardar la vida de cientos de infantes.<\/p>\n<p>Se han establecido en m\u00e1s de 130 pa\u00edses, entre ellos, M\u00e9xico. Propuesto por el Dr. Manuel Mateos Fournier, en 1971, para as\u00ed, darles un hogar, ayuda y apoyo a todos los ni\u00f1os mexicanos que est\u00e1n en un inminente riesgo de la p\u00e9rdida de sus padres, sufren abuso, negligencia o\u00a0abandono.<\/p>\n<p>Su misi\u00f3n se desarrolla con dos modalidades:<em><i>\u00a0<\/i><\/em><strong><em><i>\u201cFortalecimiento Familiar\u201d<\/i><\/em><\/strong><strong>\u00a0<\/strong>que tiene el objetivo de implementar iniciativas con familias que est\u00e1n en riesgo de desintegrarse y que sus hijos no se vean afectados; al igual que haya un fortalecimiento en la manera del cuidado, proporcionando las herramientas necesarias para crear un ambiente seguro.<\/p>\n<p><strong><em><i>\u201cAcogimiento Infantil\u201d <\/i><\/em><\/strong>es un plan que busca ayudar a ni\u00f1os y ni\u00f1as que han perdido a su familia y se les brinda la posibilidad de habitar espacios familiares y tener el apoyo de un referente afectivo. Asimismo, no pierden el contacto con su familia biol\u00f3gica y si la situaci\u00f3n es saludable, pueden reintegrarse.<\/p>\n<p><strong><em><i>Aldeas Infantiles SOS<\/i><\/em><\/strong><strong>\u00a0<\/strong>se desarrolla con cuatro pilares: Madre, Hermanos, Casa y Aldea. Los ni\u00f1os que entran a esta organizaci\u00f3n son acogidos por una <em><i>Madre<\/i><\/em>; una figura que los hace adentrarse en un ambiente de amor y seguridad en familia. Los <em><i>hermanos<\/i><\/em>\u00a0tienen un papel fundamental, pues son de gran ayuda para que entablen un ambiente de cooperaci\u00f3n y compa\u00f1erismo.<\/p>\n<p>Cada familia cuenta con una <em><i>casa propia <\/i><\/em>para vivir de manera digna. Las <em><i>aldeas<\/i><\/em>\u00a0son comunidades que se crean para que los ni\u00f1os tengan la posibilidad de convivir con otros ni\u00f1os, as\u00ed como personas y establecerse en un territorio estable, libre de violencia e inseguridad.<\/p>\n<p>El lema de esta organizaci\u00f3n es <strong>\u201cning\u00fan ni\u00f1o debe crecer solo\u201d <\/strong>as\u00ed que para lograr esto, ayuda apadrinando a un ni\u00f1o, haciendo una donaci\u00f3n o d\u00e1ndole difusi\u00f3n a un proyecto tan importante como lo es<em><i>\u00a0Aldeas Infantiles SOS<\/i><\/em><em><i>.<\/i><\/em><\/p>\n","protected":false},"excerpt":{"rendered":"<p>Aldeas Infantiles SOS\u00a0IAP es una organizaci\u00f3n, sin fines de lucro o inclinaci\u00f3n religiosa, que fue fundada a finales de los a\u00f1os 40 &#8216;s en Austria por Hermann Gmeiner; debido a los innumerables ni\u00f1os que se encontraban en la calle por\u00a0la finalizaci\u00f3n de la Segunda Guerra Mundial.\u00a0Fue as\u00ed como nacieron las primeras Aldeas\u00a0para salvaguardar la vida [&hellip;]<\/p>\n","protected":false},"author":21,"featured_media":677,"comment_status":"open","ping_status":"closed","sticky":false,"template":"","format":"standard","meta":{"footnotes":""},"categories":[6],"tags":[],"class_list":["post-676","post","type-post","status-publish","format-standard","has-post-thumbnail","hentry","category-noticias"],"yoast_head":"<!-- This site is optimized with the Yoast SEO plugin v27.4 - https:\/\/yoast.com\/product\/yoast-seo-wordpress\/ -->\n<title>Las infancias no deben crecer solas: Aldeas Infantiles IAP - Historias que inspiran...<\/title>\n<meta name=\"robots\" content=\"index, follow, max-snippet:-1, max-image-preview:large, max-video-preview:-1\" \/>\n<link rel=\"canonical\" href=\"https:\/\/somos-hermanos.mx\/index.php\/2025\/08\/04\/las-infancias-no-deben-crecer-solas-aldeas-infantiles-iap\/\" \/>\n<meta property=\"og:locale\" content=\"es_MX\" \/>\n<meta property=\"og:type\" content=\"article\" \/>\n<meta property=\"og:title\" content=\"Las infancias no deben crecer solas: Aldeas Infantiles IAP - Historias que inspiran...\" \/>\n<meta property=\"og:description\" content=\"Aldeas Infantiles SOS\u00a0IAP es una organizaci\u00f3n, sin fines de lucro o inclinaci\u00f3n religiosa, que fue fundada a finales de los a\u00f1os 40 &#8216;s en Austria por Hermann Gmeiner; debido a los innumerables ni\u00f1os que se encontraban en la calle por\u00a0la finalizaci\u00f3n de la Segunda Guerra Mundial.\u00a0Fue as\u00ed como nacieron las primeras Aldeas\u00a0para salvaguardar la vida [&hellip;]\" \/>\n<meta property=\"og:url\" content=\"https:\/\/somos-hermanos.mx\/index.php\/2025\/08\/04\/las-infancias-no-deben-crecer-solas-aldeas-infantiles-iap\/\" \/>\n<meta property=\"og:site_name\" content=\"Historias que inspiran...\" \/>\n<meta property=\"article:publisher\" content=\"https:\/\/www.facebook.com\/SomosHermanosIAP\/\" \/>\n<meta property=\"article:published_time\" content=\"2025-08-04T07:47:56+00:00\" \/>\n<meta property=\"article:modified_time\" content=\"2025-08-04T07:51:48+00:00\" \/>\n<meta property=\"og:image\" content=\"https:\/\/somos-hermanos.mx\/wp-content\/uploads\/2025\/08\/sos.jpeg\" \/>\n\t<meta property=\"og:image:width\" content=\"400\" \/>\n\t<meta property=\"og:image:height\" content=\"400\" \/>\n\t<meta property=\"og:image:type\" content=\"image\/jpeg\" \/>\n<meta name=\"author\" content=\"Jes\u00fas Pe\u00f1a Aguirre\" \/>\n<meta name=\"twitter:card\" content=\"summary_large_image\" \/>\n<meta name=\"twitter:creator\" content=\"@Somos__Hermanos\" \/>\n<meta name=\"twitter:site\" content=\"@Somos__Hermanos\" \/>\n<meta name=\"twitter:label1\" content=\"Escrito por\" \/>\n\t<meta name=\"twitter:data1\" content=\"Jes\u00fas Pe\u00f1a Aguirre\" \/>\n\t<meta name=\"twitter:label2\" content=\"Tiempo de lectura\" \/>\n\t<meta name=\"twitter:data2\" content=\"2 minutos\" \/>\n<script type=\"application\/ld+json\" class=\"yoast-schema-graph\">{\"@context\":\"https:\\\/\\\/schema.org\",\"@graph\":[{\"@type\":\"Article\",\"@id\":\"https:\\\/\\\/somos-hermanos.mx\\\/index.php\\\/2025\\\/08\\\/04\\\/las-infancias-no-deben-crecer-solas-aldeas-infantiles-iap\\\/#article\",\"isPartOf\":{\"@id\":\"https:\\\/\\\/somos-hermanos.mx\\\/index.php\\\/2025\\\/08\\\/04\\\/las-infancias-no-deben-crecer-solas-aldeas-infantiles-iap\\\/\"},\"author\":{\"name\":\"Jes\u00fas Pe\u00f1a Aguirre\",\"@id\":\"https:\\\/\\\/somos-hermanos.mx\\\/#\\\/schema\\\/person\\\/8acd26a8688e659352b79b33c534872c\"},\"headline\":\"Las infancias no deben crecer solas: Aldeas Infantiles IAP\",\"datePublished\":\"2025-08-04T07:47:56+00:00\",\"dateModified\":\"2025-08-04T07:51:48+00:00\",\"mainEntityOfPage\":{\"@id\":\"https:\\\/\\\/somos-hermanos.mx\\\/index.php\\\/2025\\\/08\\\/04\\\/las-infancias-no-deben-crecer-solas-aldeas-infantiles-iap\\\/\"},\"wordCount\":397,\"commentCount\":0,\"publisher\":{\"@id\":\"https:\\\/\\\/somos-hermanos.mx\\\/#organization\"},\"image\":{\"@id\":\"https:\\\/\\\/somos-hermanos.mx\\\/index.php\\\/2025\\\/08\\\/04\\\/las-infancias-no-deben-crecer-solas-aldeas-infantiles-iap\\\/#primaryimage\"},\"thumbnailUrl\":\"https:\\\/\\\/somos-hermanos.mx\\\/wp-content\\\/uploads\\\/2025\\\/08\\\/sos.jpeg\",\"articleSection\":[\"Noticias\"],\"inLanguage\":\"es\",\"potentialAction\":[{\"@type\":\"CommentAction\",\"name\":\"Comment\",\"target\":[\"https:\\\/\\\/somos-hermanos.mx\\\/index.php\\\/2025\\\/08\\\/04\\\/las-infancias-no-deben-crecer-solas-aldeas-infantiles-iap\\\/#respond\"]}]},{\"@type\":\"WebPage\",\"@id\":\"https:\\\/\\\/somos-hermanos.mx\\\/index.php\\\/2025\\\/08\\\/04\\\/las-infancias-no-deben-crecer-solas-aldeas-infantiles-iap\\\/\",\"url\":\"https:\\\/\\\/somos-hermanos.mx\\\/index.php\\\/2025\\\/08\\\/04\\\/las-infancias-no-deben-crecer-solas-aldeas-infantiles-iap\\\/\",\"name\":\"Las infancias no deben crecer solas: Aldeas Infantiles IAP - Historias que inspiran...\",\"isPartOf\":{\"@id\":\"https:\\\/\\\/somos-hermanos.mx\\\/#website\"},\"primaryImageOfPage\":{\"@id\":\"https:\\\/\\\/somos-hermanos.mx\\\/index.php\\\/2025\\\/08\\\/04\\\/las-infancias-no-deben-crecer-solas-aldeas-infantiles-iap\\\/#primaryimage\"},\"image\":{\"@id\":\"https:\\\/\\\/somos-hermanos.mx\\\/index.php\\\/2025\\\/08\\\/04\\\/las-infancias-no-deben-crecer-solas-aldeas-infantiles-iap\\\/#primaryimage\"},\"thumbnailUrl\":\"https:\\\/\\\/somos-hermanos.mx\\\/wp-content\\\/uploads\\\/2025\\\/08\\\/sos.jpeg\",\"datePublished\":\"2025-08-04T07:47:56+00:00\",\"dateModified\":\"2025-08-04T07:51:48+00:00\",\"breadcrumb\":{\"@id\":\"https:\\\/\\\/somos-hermanos.mx\\\/index.php\\\/2025\\\/08\\\/04\\\/las-infancias-no-deben-crecer-solas-aldeas-infantiles-iap\\\/#breadcrumb\"},\"inLanguage\":\"es\",\"potentialAction\":[{\"@type\":\"ReadAction\",\"target\":[\"https:\\\/\\\/somos-hermanos.mx\\\/index.php\\\/2025\\\/08\\\/04\\\/las-infancias-no-deben-crecer-solas-aldeas-infantiles-iap\\\/\"]}]},{\"@type\":\"ImageObject\",\"inLanguage\":\"es\",\"@id\":\"https:\\\/\\\/somos-hermanos.mx\\\/index.php\\\/2025\\\/08\\\/04\\\/las-infancias-no-deben-crecer-solas-aldeas-infantiles-iap\\\/#primaryimage\",\"url\":\"https:\\\/\\\/somos-hermanos.mx\\\/wp-content\\\/uploads\\\/2025\\\/08\\\/sos.jpeg\",\"contentUrl\":\"https:\\\/\\\/somos-hermanos.mx\\\/wp-content\\\/uploads\\\/2025\\\/08\\\/sos.jpeg\",\"width\":400,\"height\":400},{\"@type\":\"BreadcrumbList\",\"@id\":\"https:\\\/\\\/somos-hermanos.mx\\\/index.php\\\/2025\\\/08\\\/04\\\/las-infancias-no-deben-crecer-solas-aldeas-infantiles-iap\\\/#breadcrumb\",\"itemListElement\":[{\"@type\":\"ListItem\",\"position\":1,\"name\":\"Inicio\",\"item\":\"https:\\\/\\\/somos-hermanos.mx\\\/\"},{\"@type\":\"ListItem\",\"position\":2,\"name\":\"Las infancias no deben crecer solas: Aldeas Infantiles IAP\"}]},{\"@type\":\"WebSite\",\"@id\":\"https:\\\/\\\/somos-hermanos.mx\\\/#website\",\"url\":\"https:\\\/\\\/somos-hermanos.mx\\\/\",\"name\":\"Historias que inspiran...\",\"description\":\"Somos la voz del altruismo en M\u00e9xico\",\"publisher\":{\"@id\":\"https:\\\/\\\/somos-hermanos.mx\\\/#organization\"},\"potentialAction\":[{\"@type\":\"SearchAction\",\"target\":{\"@type\":\"EntryPoint\",\"urlTemplate\":\"https:\\\/\\\/somos-hermanos.mx\\\/?s={search_term_string}\"},\"query-input\":{\"@type\":\"PropertyValueSpecification\",\"valueRequired\":true,\"valueName\":\"search_term_string\"}}],\"inLanguage\":\"es\"},{\"@type\":\"Organization\",\"@id\":\"https:\\\/\\\/somos-hermanos.mx\\\/#organization\",\"name\":\"Somos Hermanos\",\"url\":\"https:\\\/\\\/somos-hermanos.mx\\\/\",\"logo\":{\"@type\":\"ImageObject\",\"inLanguage\":\"es\",\"@id\":\"https:\\\/\\\/somos-hermanos.mx\\\/#\\\/schema\\\/logo\\\/image\\\/\",\"url\":\"https:\\\/\\\/somos-hermanos.mx\\\/wp-content\\\/uploads\\\/2025\\\/08\\\/SH30-1.jpeg\",\"contentUrl\":\"https:\\\/\\\/somos-hermanos.mx\\\/wp-content\\\/uploads\\\/2025\\\/08\\\/SH30-1.jpeg\",\"width\":1600,\"height\":1142,\"caption\":\"Somos Hermanos\"},\"image\":{\"@id\":\"https:\\\/\\\/somos-hermanos.mx\\\/#\\\/schema\\\/logo\\\/image\\\/\"},\"sameAs\":[\"https:\\\/\\\/www.facebook.com\\\/SomosHermanosIAP\\\/\",\"https:\\\/\\\/x.com\\\/Somos__Hermanos\",\"https:\\\/\\\/www.instagram.com\\\/somos__hermanos\\\/#\",\"https:\\\/\\\/www.tiktok.com\\\/@somoshermanosiap\",\"https:\\\/\\\/www.youtube.com\\\/@somoshermanosiap1201\\\/videos\"]},{\"@type\":\"Person\",\"@id\":\"https:\\\/\\\/somos-hermanos.mx\\\/#\\\/schema\\\/person\\\/8acd26a8688e659352b79b33c534872c\",\"name\":\"Jes\u00fas Pe\u00f1a Aguirre\",\"image\":{\"@type\":\"ImageObject\",\"inLanguage\":\"es\",\"@id\":\"https:\\\/\\\/secure.gravatar.com\\\/avatar\\\/a3d489e680e76cdf1b7ccc620e427d14f54a929f15306ea1d436efc89ee85c7c?s=96&d=mm&r=g\",\"url\":\"https:\\\/\\\/secure.gravatar.com\\\/avatar\\\/a3d489e680e76cdf1b7ccc620e427d14f54a929f15306ea1d436efc89ee85c7c?s=96&d=mm&r=g\",\"contentUrl\":\"https:\\\/\\\/secure.gravatar.com\\\/avatar\\\/a3d489e680e76cdf1b7ccc620e427d14f54a929f15306ea1d436efc89ee85c7c?s=96&d=mm&r=g\",\"caption\":\"Jes\u00fas Pe\u00f1a Aguirre\"},\"url\":\"https:\\\/\\\/somos-hermanos.mx\\\/index.php\\\/author\\\/jesus-pena-aguirre\\\/\"}]}<\/script>\n<!-- \/ Yoast SEO plugin. -->","yoast_head_json":{"title":"Las infancias no deben crecer solas: Aldeas Infantiles IAP - Historias que inspiran...","robots":{"index":"index","follow":"follow","max-snippet":"max-snippet:-1","max-image-preview":"max-image-preview:large","max-video-preview":"max-video-preview:-1"},"canonical":"https:\/\/somos-hermanos.mx\/index.php\/2025\/08\/04\/las-infancias-no-deben-crecer-solas-aldeas-infantiles-iap\/","og_locale":"es_MX","og_type":"article","og_title":"Las infancias no deben crecer solas: Aldeas Infantiles IAP - Historias que inspiran...","og_description":"Aldeas Infantiles SOS\u00a0IAP es una organizaci\u00f3n, sin fines de lucro o inclinaci\u00f3n religiosa, que fue fundada a finales de los a\u00f1os 40 &#8216;s en Austria por Hermann Gmeiner; debido a los innumerables ni\u00f1os que se encontraban en la calle por\u00a0la finalizaci\u00f3n de la Segunda Guerra Mundial.\u00a0Fue as\u00ed como nacieron las primeras Aldeas\u00a0para salvaguardar la vida [&hellip;]","og_url":"https:\/\/somos-hermanos.mx\/index.php\/2025\/08\/04\/las-infancias-no-deben-crecer-solas-aldeas-infantiles-iap\/","og_site_name":"Historias que inspiran...","article_publisher":"https:\/\/www.facebook.com\/SomosHermanosIAP\/","article_published_time":"2025-08-04T07:47:56+00:00","article_modified_time":"2025-08-04T07:51:48+00:00","og_image":[{"width":400,"height":400,"url":"https:\/\/somos-hermanos.mx\/wp-content\/uploads\/2025\/08\/sos.jpeg","type":"image\/jpeg"}],"author":"Jes\u00fas Pe\u00f1a Aguirre","twitter_card":"summary_large_image","twitter_creator":"@Somos__Hermanos","twitter_site":"@Somos__Hermanos","twitter_misc":{"Escrito por":"Jes\u00fas Pe\u00f1a Aguirre","Tiempo de lectura":"2 minutos"},"schema":{"@context":"https:\/\/schema.org","@graph":[{"@type":"Article","@id":"https:\/\/somos-hermanos.mx\/index.php\/2025\/08\/04\/las-infancias-no-deben-crecer-solas-aldeas-infantiles-iap\/#article","isPartOf":{"@id":"https:\/\/somos-hermanos.mx\/index.php\/2025\/08\/04\/las-infancias-no-deben-crecer-solas-aldeas-infantiles-iap\/"},"author":{"name":"Jes\u00fas Pe\u00f1a Aguirre","@id":"https:\/\/somos-hermanos.mx\/#\/schema\/person\/8acd26a8688e659352b79b33c534872c"},"headline":"Las infancias no deben crecer solas: Aldeas Infantiles IAP","datePublished":"2025-08-04T07:47:56+00:00","dateModified":"2025-08-04T07:51:48+00:00","mainEntityOfPage":{"@id":"https:\/\/somos-hermanos.mx\/index.php\/2025\/08\/04\/las-infancias-no-deben-crecer-solas-aldeas-infantiles-iap\/"},"wordCount":397,"commentCount":0,"publisher":{"@id":"https:\/\/somos-hermanos.mx\/#organization"},"image":{"@id":"https:\/\/somos-hermanos.mx\/index.php\/2025\/08\/04\/las-infancias-no-deben-crecer-solas-aldeas-infantiles-iap\/#primaryimage"},"thumbnailUrl":"https:\/\/somos-hermanos.mx\/wp-content\/uploads\/2025\/08\/sos.jpeg","articleSection":["Noticias"],"inLanguage":"es","potentialAction":[{"@type":"CommentAction","name":"Comment","target":["https:\/\/somos-hermanos.mx\/index.php\/2025\/08\/04\/las-infancias-no-deben-crecer-solas-aldeas-infantiles-iap\/#respond"]}]},{"@type":"WebPage","@id":"https:\/\/somos-hermanos.mx\/index.php\/2025\/08\/04\/las-infancias-no-deben-crecer-solas-aldeas-infantiles-iap\/","url":"https:\/\/somos-hermanos.mx\/index.php\/2025\/08\/04\/las-infancias-no-deben-crecer-solas-aldeas-infantiles-iap\/","name":"Las infancias no deben crecer solas: Aldeas Infantiles IAP - Historias que inspiran...","isPartOf":{"@id":"https:\/\/somos-hermanos.mx\/#website"},"primaryImageOfPage":{"@id":"https:\/\/somos-hermanos.mx\/index.php\/2025\/08\/04\/las-infancias-no-deben-crecer-solas-aldeas-infantiles-iap\/#primaryimage"},"image":{"@id":"https:\/\/somos-hermanos.mx\/index.php\/2025\/08\/04\/las-infancias-no-deben-crecer-solas-aldeas-infantiles-iap\/#primaryimage"},"thumbnailUrl":"https:\/\/somos-hermanos.mx\/wp-content\/uploads\/2025\/08\/sos.jpeg","datePublished":"2025-08-04T07:47:56+00:00","dateModified":"2025-08-04T07:51:48+00:00","breadcrumb":{"@id":"https:\/\/somos-hermanos.mx\/index.php\/2025\/08\/04\/las-infancias-no-deben-crecer-solas-aldeas-infantiles-iap\/#breadcrumb"},"inLanguage":"es","potentialAction":[{"@type":"ReadAction","target":["https:\/\/somos-hermanos.mx\/index.php\/2025\/08\/04\/las-infancias-no-deben-crecer-solas-aldeas-infantiles-iap\/"]}]},{"@type":"ImageObject","inLanguage":"es","@id":"https:\/\/somos-hermanos.mx\/index.php\/2025\/08\/04\/las-infancias-no-deben-crecer-solas-aldeas-infantiles-iap\/#primaryimage","url":"https:\/\/somos-hermanos.mx\/wp-content\/uploads\/2025\/08\/sos.jpeg","contentUrl":"https:\/\/somos-hermanos.mx\/wp-content\/uploads\/2025\/08\/sos.jpeg","width":400,"height":400},{"@type":"BreadcrumbList","@id":"https:\/\/somos-hermanos.mx\/index.php\/2025\/08\/04\/las-infancias-no-deben-crecer-solas-aldeas-infantiles-iap\/#breadcrumb","itemListElement":[{"@type":"ListItem","position":1,"name":"Inicio","item":"https:\/\/somos-hermanos.mx\/"},{"@type":"ListItem","position":2,"name":"Las infancias no deben crecer solas: Aldeas Infantiles IAP"}]},{"@type":"WebSite","@id":"https:\/\/somos-hermanos.mx\/#website","url":"https:\/\/somos-hermanos.mx\/","name":"Historias que inspiran...","description":"Somos la voz del altruismo en M\u00e9xico","publisher":{"@id":"https:\/\/somos-hermanos.mx\/#organization"},"potentialAction":[{"@type":"SearchAction","target":{"@type":"EntryPoint","urlTemplate":"https:\/\/somos-hermanos.mx\/?s={search_term_string}"},"query-input":{"@type":"PropertyValueSpecification","valueRequired":true,"valueName":"search_term_string"}}],"inLanguage":"es"},{"@type":"Organization","@id":"https:\/\/somos-hermanos.mx\/#organization","name":"Somos Hermanos","url":"https:\/\/somos-hermanos.mx\/","logo":{"@type":"ImageObject","inLanguage":"es","@id":"https:\/\/somos-hermanos.mx\/#\/schema\/logo\/image\/","url":"https:\/\/somos-hermanos.mx\/wp-content\/uploads\/2025\/08\/SH30-1.jpeg","contentUrl":"https:\/\/somos-hermanos.mx\/wp-content\/uploads\/2025\/08\/SH30-1.jpeg","width":1600,"height":1142,"caption":"Somos Hermanos"},"image":{"@id":"https:\/\/somos-hermanos.mx\/#\/schema\/logo\/image\/"},"sameAs":["https:\/\/www.facebook.com\/SomosHermanosIAP\/","https:\/\/x.com\/Somos__Hermanos","https:\/\/www.instagram.com\/somos__hermanos\/#","https:\/\/www.tiktok.com\/@somoshermanosiap","https:\/\/www.youtube.com\/@somoshermanosiap1201\/videos"]},{"@type":"Person","@id":"https:\/\/somos-hermanos.mx\/#\/schema\/person\/8acd26a8688e659352b79b33c534872c","name":"Jes\u00fas Pe\u00f1a Aguirre","image":{"@type":"ImageObject","inLanguage":"es","@id":"https:\/\/secure.gravatar.com\/avatar\/a3d489e680e76cdf1b7ccc620e427d14f54a929f15306ea1d436efc89ee85c7c?s=96&d=mm&r=g","url":"https:\/\/secure.gravatar.com\/avatar\/a3d489e680e76cdf1b7ccc620e427d14f54a929f15306ea1d436efc89ee85c7c?s=96&d=mm&r=g","contentUrl":"https:\/\/secure.gravatar.com\/avatar\/a3d489e680e76cdf1b7ccc620e427d14f54a929f15306ea1d436efc89ee85c7c?s=96&d=mm&r=g","caption":"Jes\u00fas Pe\u00f1a Aguirre"},"url":"https:\/\/somos-hermanos.mx\/index.php\/author\/jesus-pena-aguirre\/"}]}},"_links":{"self":[{"href":"https:\/\/somos-hermanos.mx\/index.php\/wp-json\/wp\/v2\/posts\/676","targetHints":{"allow":["GET"]}}],"collection":[{"href":"https:\/\/somos-hermanos.mx\/index.php\/wp-json\/wp\/v2\/posts"}],"about":[{"href":"https:\/\/somos-hermanos.mx\/index.php\/wp-json\/wp\/v2\/types\/post"}],"author":[{"embeddable":true,"href":"https:\/\/somos-hermanos.mx\/index.php\/wp-json\/wp\/v2\/users\/21"}],"replies":[{"embeddable":true,"href":"https:\/\/somos-hermanos.mx\/index.php\/wp-json\/wp\/v2\/comments?post=676"}],"version-history":[{"count":1,"href":"https:\/\/somos-hermanos.mx\/index.php\/wp-json\/wp\/v2\/posts\/676\/revisions"}],"predecessor-version":[{"id":678,"href":"https:\/\/somos-hermanos.mx\/index.php\/wp-json\/wp\/v2\/posts\/676\/revisions\/678"}],"wp:featuredmedia":[{"embeddable":true,"href":"https:\/\/somos-hermanos.mx\/index.php\/wp-json\/wp\/v2\/media\/677"}],"wp:attachment":[{"href":"https:\/\/somos-hermanos.mx\/index.php\/wp-json\/wp\/v2\/media?parent=676"}],"wp:term":[{"taxonomy":"category","embeddable":true,"href":"https:\/\/somos-hermanos.mx\/index.php\/wp-json\/wp\/v2\/categories?post=676"},{"taxonomy":"post_tag","embeddable":true,"href":"https:\/\/somos-hermanos.mx\/index.php\/wp-json\/wp\/v2\/tags?post=676"}],"curies":[{"name":"wp","href":"https:\/\/api.w.org\/{rel}","templated":true}]}}