{"id":673,"date":"2025-08-04T01:46:37","date_gmt":"2025-08-04T07:46:37","guid":{"rendered":"https:\/\/somos-hermanos.mx\/?p=673"},"modified":"2025-08-04T01:46:37","modified_gmt":"2025-08-04T07:46:37","slug":"autismax-compromiso-inclusion-y-esperanza-para-ninos-y-jovenes-con-autismo","status":"publish","type":"post","link":"https:\/\/somos-hermanos.mx\/index.php\/2025\/08\/04\/autismax-compromiso-inclusion-y-esperanza-para-ninos-y-jovenes-con-autismo\/","title":{"rendered":"Autismax: compromiso, inclusi\u00f3n y esperanza para ni\u00f1os y j\u00f3venes con autismo"},"content":{"rendered":"<p>En M\u00e9xico, el Trastorno del Espectro Autista (TEA)<strong>\u00a0afecta a aproximadamente uno de cada 115 ni\u00f1os, lo que equivale a cerca de 400 mil menores en todo el pa\u00eds. <\/strong>El TEA es un conjunto de condiciones neurol\u00f3gicas que impactan profundamente en el desarrollo infantil, afectando la comunicaci\u00f3n, la sociabilidad, la planificaci\u00f3n, la imaginaci\u00f3n y el aprendizaje.<\/p>\n<p>Las manifestaciones del espectro son diversas y pueden presentarse en distintos niveles de intensidad: leves, moderadas o severas. Su detecci\u00f3n puede realizarse entre los 18 y 36 meses de edad.<\/p>\n<p>Aunque cada persona dentro del espectro autista es \u00fanica, existen ciertos patrones de comportamiento comunes como la escasa o nula comunicaci\u00f3n verbal, la falta de contacto visual, la aparente indiferencia al entorno \u2014como si no escucharan\u2014 y una fuerte fijaci\u00f3n con objetos o rutinas espec\u00edficas; <strong>Frente a este panorama, la atenci\u00f3n especializada y el acompa\u00f1amiento temprano son fundamentales para promover el desarrollo integral de quienes presentan esta condici\u00f3n.<\/strong>\u00a0Es ah\u00ed donde el trabajo de instituciones como Autismax cobra una importancia vital.<\/p>\n<p><strong>Una respuesta humana y profesional: nace Autismax <\/strong><\/p>\n<p>Autismax es una instituci\u00f3n de asistencia privada fundada en 2009 con el prop\u00f3sito de <strong>atender a ni\u00f1os y j\u00f3venes con autismo, concentrando sus esfuerzos principalmente en la zona norte de la Ciudad de M\u00e9xico. <\/strong>Desde sus inicios, ha desarrollado un modelo de atenci\u00f3n que integra aspectos terap\u00e9uticos, educativos y sociales con una visi\u00f3n profundamente humanista.<\/p>\n<p>La misi\u00f3n de Autismax es clara: <strong>brindar una atenci\u00f3n integral que respete la dignidad de cada persona, favorezca su autonom\u00eda y mejore sustancialmente su calidad de vida. <\/strong>Esta labor se sostiene en valores fundamentales como la confianza, la \u00e9tica, el amor, la comprensi\u00f3n, la tolerancia, la responsabilidad y el respeto.<\/p>\n<p><strong>Atenci\u00f3n personalizada y resultados tangibles<\/strong><\/p>\n<p>Cada beneficiario cuenta con un programa de intervenci\u00f3n adaptado a sus necesidades particulares, el cual se eval\u00faa semanalmente para asegurar avances constantes. Gracias a esta metodolog\u00eda, la instituci\u00f3n ha logrado importantes resultados en el desarrollo de habilidades, la adaptaci\u00f3n social y la regulaci\u00f3n de conductas desafiantes, Este enfoque ha permitido que Autismax se consolide como una opci\u00f3n educativa y cl\u00ednica especializada, reconocida por su compromiso y profesionalismo. Su capacidad de gesti\u00f3n tambi\u00e9n ha sido clave, ya que ha logrado obtener apoyos tanto del sector p\u00fablico como del privado, lo que le ha permitido mejorar continuamente la calidad de sus servicios e infraestructura.<\/p>\n<p><strong>Infraestructura adecuada para una atenci\u00f3n integral <\/strong><\/p>\n<p>Las instalaciones de Autismax est\u00e1n dise\u00f1adas para ofrecer un entorno seguro, funcional y estimulante. Cuentan con cinco salones de clases, un \u00e1rea para terapia f\u00edsica y neurodesarrollo, un taller de arte, un taller de cocina, una cocina equipada, un sal\u00f3n multifuncional, un patio, dos ba\u00f1os completos y oficinas administrativas. Todos estos espacios est\u00e1n orientados a favorecer el aprendizaje, la creatividad y la interacci\u00f3n social de los beneficiarios.<\/p>\n<p><strong><b>Servicios que transforman vidas<\/b><\/strong><\/p>\n<ul>\n<li><b><\/b><strong><b>Diagn\u00f3stico especializado<\/b><\/strong>: para identificar de manera oportuna el trastorno y comenzar un plan de intervenci\u00f3n adecuado.<\/li>\n<li><b><\/b><strong><b>Talleres para la vida diaria<\/b><\/strong>: que ense\u00f1an habilidades esenciales para la autosuficiencia, como el aseo personal, la organizaci\u00f3n del tiempo, la preparaci\u00f3n de alimentos, entre otros.<\/li>\n<li><b><\/b><strong><b>Terapias f\u00edsicas y de motricidad<\/b><\/strong>: enfocadas en fortalecer el control corporal y la coordinaci\u00f3n motora.<\/li>\n<li><b><\/b><strong><b>Equinoterapia<\/b><\/strong>: una terapia alternativa que, mediante la interacci\u00f3n con caballos, mejora el equilibrio, la concentraci\u00f3n y la conexi\u00f3n emocional.<\/li>\n<li><b><\/b><strong><b>Terapias familiares<\/b><\/strong>: que brindan herramientas a padres y cuidadores para comprender mejor la condici\u00f3n de sus hijos y contribuir de forma positiva a su desarrollo.<\/li>\n<li><b><\/b><strong><b>Capacitaci\u00f3n a terceros<\/b><\/strong>: dirigida a docentes, cuidadores, terapeutas y cualquier persona que interact\u00fae con ni\u00f1os o j\u00f3venes con autismo, con el objetivo de construir una red de apoyo m\u00e1s emp\u00e1tica y eficaz.<\/li>\n<\/ul>\n<p><strong>Una invitaci\u00f3n a la solidaridad <\/strong><\/p>\n<p>Autismax se sostiene gracias a la generosidad de personas, empresas e instituciones comprometidas con la inclusi\u00f3n y el bienestar social. Todas las donaciones se destinan a mejorar las instalaciones, ampliar los servicios y asegurar que cada ni\u00f1o y joven con autismo reciba una atenci\u00f3n digna, especializada y emp\u00e1tica. Donar a Autismax no solo es una manera de apoyar una noble causa, sino tambi\u00e9n una apuesta por un futuro m\u00e1s justo e inclusivo. Cada peso recaudado se traduce en m\u00e1s oportunidades para que ni\u00f1os y j\u00f3venes con autismo alcancen su m\u00e1ximo potencial en un entorno seguro, amoroso y respetuoso.<\/p>\n<p><strong>Autismax, m\u00e1s que una instituci\u00f3n: una esperanza <\/strong><\/p>\n<p><strong>La labor de Autismax es un ejemplo inspirador de c\u00f3mo el compromiso social y la atenci\u00f3n especializada pueden marcar la diferencia en la vida de cientos de familias. <\/strong>Gracias a su trabajo incansable, hoy muchos ni\u00f1os y j\u00f3venes con autismo tienen la posibilidad de integrarse, aprender, desarrollarse y so\u00f1ar con un futuro mejor.<\/p>\n<p>Autismax no solo atiende el presente, sino que construye posibilidades reales para el ma\u00f1ana. Su visi\u00f3n es clara: ser l\u00edderes en la atenci\u00f3n del autismo en M\u00e9xico. Su camino, sin duda, es de esperanza, inclusi\u00f3n y transformaci\u00f3n.<\/p>\n","protected":false},"excerpt":{"rendered":"<p>En M\u00e9xico, el Trastorno del Espectro Autista (TEA)\u00a0afecta a aproximadamente uno de cada 115 ni\u00f1os, lo que equivale a cerca de 400 mil menores en todo el pa\u00eds. El TEA es un conjunto de condiciones neurol\u00f3gicas que impactan profundamente en el desarrollo infantil, afectando la comunicaci\u00f3n, la sociabilidad, la planificaci\u00f3n, la imaginaci\u00f3n y el aprendizaje. [&hellip;]<\/p>\n","protected":false},"author":24,"featured_media":674,"comment_status":"open","ping_status":"closed","sticky":false,"template":"","format":"standard","meta":{"footnotes":""},"categories":[6],"tags":[],"class_list":["post-673","post","type-post","status-publish","format-standard","has-post-thumbnail","hentry","category-noticias"],"yoast_head":"<!-- This site is optimized with the Yoast SEO plugin v27.4 - https:\/\/yoast.com\/product\/yoast-seo-wordpress\/ -->\n<title>Autismax: compromiso, inclusi\u00f3n y esperanza para ni\u00f1os y j\u00f3venes con autismo - Historias que inspiran...<\/title>\n<meta name=\"robots\" content=\"index, follow, max-snippet:-1, max-image-preview:large, max-video-preview:-1\" \/>\n<link rel=\"canonical\" href=\"https:\/\/somos-hermanos.mx\/index.php\/2025\/08\/04\/autismax-compromiso-inclusion-y-esperanza-para-ninos-y-jovenes-con-autismo\/\" \/>\n<meta property=\"og:locale\" content=\"es_MX\" \/>\n<meta property=\"og:type\" content=\"article\" \/>\n<meta property=\"og:title\" content=\"Autismax: compromiso, inclusi\u00f3n y esperanza para ni\u00f1os y j\u00f3venes con autismo - Historias que inspiran...\" \/>\n<meta property=\"og:description\" content=\"En M\u00e9xico, el Trastorno del Espectro Autista (TEA)\u00a0afecta a aproximadamente uno de cada 115 ni\u00f1os, lo que equivale a cerca de 400 mil menores en todo el pa\u00eds. El TEA es un conjunto de condiciones neurol\u00f3gicas que impactan profundamente en el desarrollo infantil, afectando la comunicaci\u00f3n, la sociabilidad, la planificaci\u00f3n, la imaginaci\u00f3n y el aprendizaje. [&hellip;]\" \/>\n<meta property=\"og:url\" content=\"https:\/\/somos-hermanos.mx\/index.php\/2025\/08\/04\/autismax-compromiso-inclusion-y-esperanza-para-ninos-y-jovenes-con-autismo\/\" \/>\n<meta property=\"og:site_name\" content=\"Historias que inspiran...\" \/>\n<meta property=\"article:publisher\" content=\"https:\/\/www.facebook.com\/SomosHermanosIAP\/\" \/>\n<meta property=\"article:published_time\" content=\"2025-08-04T07:46:37+00:00\" \/>\n<meta property=\"og:image\" content=\"https:\/\/somos-hermanos.mx\/wp-content\/uploads\/2025\/08\/autis1.jpeg\" \/>\n\t<meta property=\"og:image:width\" content=\"694\" \/>\n\t<meta property=\"og:image:height\" content=\"1024\" \/>\n\t<meta property=\"og:image:type\" content=\"image\/jpeg\" \/>\n<meta name=\"author\" content=\"Joaquin Samano Rodriguez\" \/>\n<meta name=\"twitter:card\" content=\"summary_large_image\" \/>\n<meta name=\"twitter:creator\" content=\"@Somos__Hermanos\" \/>\n<meta name=\"twitter:site\" content=\"@Somos__Hermanos\" \/>\n<meta name=\"twitter:label1\" content=\"Escrito por\" \/>\n\t<meta name=\"twitter:data1\" content=\"Joaquin Samano Rodriguez\" \/>\n\t<meta name=\"twitter:label2\" content=\"Tiempo de lectura\" \/>\n\t<meta name=\"twitter:data2\" content=\"4 minutos\" \/>\n<script type=\"application\/ld+json\" class=\"yoast-schema-graph\">{\"@context\":\"https:\\\/\\\/schema.org\",\"@graph\":[{\"@type\":\"Article\",\"@id\":\"https:\\\/\\\/somos-hermanos.mx\\\/index.php\\\/2025\\\/08\\\/04\\\/autismax-compromiso-inclusion-y-esperanza-para-ninos-y-jovenes-con-autismo\\\/#article\",\"isPartOf\":{\"@id\":\"https:\\\/\\\/somos-hermanos.mx\\\/index.php\\\/2025\\\/08\\\/04\\\/autismax-compromiso-inclusion-y-esperanza-para-ninos-y-jovenes-con-autismo\\\/\"},\"author\":{\"name\":\"Joaquin Samano Rodriguez\",\"@id\":\"https:\\\/\\\/somos-hermanos.mx\\\/#\\\/schema\\\/person\\\/5b3557797474582d21f3cc36320a00fb\"},\"headline\":\"Autismax: compromiso, inclusi\u00f3n y esperanza para ni\u00f1os y j\u00f3venes con autismo\",\"datePublished\":\"2025-08-04T07:46:37+00:00\",\"mainEntityOfPage\":{\"@id\":\"https:\\\/\\\/somos-hermanos.mx\\\/index.php\\\/2025\\\/08\\\/04\\\/autismax-compromiso-inclusion-y-esperanza-para-ninos-y-jovenes-con-autismo\\\/\"},\"wordCount\":893,\"commentCount\":0,\"publisher\":{\"@id\":\"https:\\\/\\\/somos-hermanos.mx\\\/#organization\"},\"image\":{\"@id\":\"https:\\\/\\\/somos-hermanos.mx\\\/index.php\\\/2025\\\/08\\\/04\\\/autismax-compromiso-inclusion-y-esperanza-para-ninos-y-jovenes-con-autismo\\\/#primaryimage\"},\"thumbnailUrl\":\"https:\\\/\\\/somos-hermanos.mx\\\/wp-content\\\/uploads\\\/2025\\\/08\\\/autis1.jpeg\",\"articleSection\":[\"Noticias\"],\"inLanguage\":\"es\",\"potentialAction\":[{\"@type\":\"CommentAction\",\"name\":\"Comment\",\"target\":[\"https:\\\/\\\/somos-hermanos.mx\\\/index.php\\\/2025\\\/08\\\/04\\\/autismax-compromiso-inclusion-y-esperanza-para-ninos-y-jovenes-con-autismo\\\/#respond\"]}]},{\"@type\":\"WebPage\",\"@id\":\"https:\\\/\\\/somos-hermanos.mx\\\/index.php\\\/2025\\\/08\\\/04\\\/autismax-compromiso-inclusion-y-esperanza-para-ninos-y-jovenes-con-autismo\\\/\",\"url\":\"https:\\\/\\\/somos-hermanos.mx\\\/index.php\\\/2025\\\/08\\\/04\\\/autismax-compromiso-inclusion-y-esperanza-para-ninos-y-jovenes-con-autismo\\\/\",\"name\":\"Autismax: compromiso, inclusi\u00f3n y esperanza para ni\u00f1os y j\u00f3venes con autismo - Historias que inspiran...\",\"isPartOf\":{\"@id\":\"https:\\\/\\\/somos-hermanos.mx\\\/#website\"},\"primaryImageOfPage\":{\"@id\":\"https:\\\/\\\/somos-hermanos.mx\\\/index.php\\\/2025\\\/08\\\/04\\\/autismax-compromiso-inclusion-y-esperanza-para-ninos-y-jovenes-con-autismo\\\/#primaryimage\"},\"image\":{\"@id\":\"https:\\\/\\\/somos-hermanos.mx\\\/index.php\\\/2025\\\/08\\\/04\\\/autismax-compromiso-inclusion-y-esperanza-para-ninos-y-jovenes-con-autismo\\\/#primaryimage\"},\"thumbnailUrl\":\"https:\\\/\\\/somos-hermanos.mx\\\/wp-content\\\/uploads\\\/2025\\\/08\\\/autis1.jpeg\",\"datePublished\":\"2025-08-04T07:46:37+00:00\",\"breadcrumb\":{\"@id\":\"https:\\\/\\\/somos-hermanos.mx\\\/index.php\\\/2025\\\/08\\\/04\\\/autismax-compromiso-inclusion-y-esperanza-para-ninos-y-jovenes-con-autismo\\\/#breadcrumb\"},\"inLanguage\":\"es\",\"potentialAction\":[{\"@type\":\"ReadAction\",\"target\":[\"https:\\\/\\\/somos-hermanos.mx\\\/index.php\\\/2025\\\/08\\\/04\\\/autismax-compromiso-inclusion-y-esperanza-para-ninos-y-jovenes-con-autismo\\\/\"]}]},{\"@type\":\"ImageObject\",\"inLanguage\":\"es\",\"@id\":\"https:\\\/\\\/somos-hermanos.mx\\\/index.php\\\/2025\\\/08\\\/04\\\/autismax-compromiso-inclusion-y-esperanza-para-ninos-y-jovenes-con-autismo\\\/#primaryimage\",\"url\":\"https:\\\/\\\/somos-hermanos.mx\\\/wp-content\\\/uploads\\\/2025\\\/08\\\/autis1.jpeg\",\"contentUrl\":\"https:\\\/\\\/somos-hermanos.mx\\\/wp-content\\\/uploads\\\/2025\\\/08\\\/autis1.jpeg\",\"width\":694,\"height\":1024},{\"@type\":\"BreadcrumbList\",\"@id\":\"https:\\\/\\\/somos-hermanos.mx\\\/index.php\\\/2025\\\/08\\\/04\\\/autismax-compromiso-inclusion-y-esperanza-para-ninos-y-jovenes-con-autismo\\\/#breadcrumb\",\"itemListElement\":[{\"@type\":\"ListItem\",\"position\":1,\"name\":\"Inicio\",\"item\":\"https:\\\/\\\/somos-hermanos.mx\\\/\"},{\"@type\":\"ListItem\",\"position\":2,\"name\":\"Autismax: compromiso, inclusi\u00f3n y esperanza para ni\u00f1os y j\u00f3venes con autismo\"}]},{\"@type\":\"WebSite\",\"@id\":\"https:\\\/\\\/somos-hermanos.mx\\\/#website\",\"url\":\"https:\\\/\\\/somos-hermanos.mx\\\/\",\"name\":\"Historias que inspiran...\",\"description\":\"Somos la voz del altruismo en M\u00e9xico\",\"publisher\":{\"@id\":\"https:\\\/\\\/somos-hermanos.mx\\\/#organization\"},\"potentialAction\":[{\"@type\":\"SearchAction\",\"target\":{\"@type\":\"EntryPoint\",\"urlTemplate\":\"https:\\\/\\\/somos-hermanos.mx\\\/?s={search_term_string}\"},\"query-input\":{\"@type\":\"PropertyValueSpecification\",\"valueRequired\":true,\"valueName\":\"search_term_string\"}}],\"inLanguage\":\"es\"},{\"@type\":\"Organization\",\"@id\":\"https:\\\/\\\/somos-hermanos.mx\\\/#organization\",\"name\":\"Somos Hermanos\",\"url\":\"https:\\\/\\\/somos-hermanos.mx\\\/\",\"logo\":{\"@type\":\"ImageObject\",\"inLanguage\":\"es\",\"@id\":\"https:\\\/\\\/somos-hermanos.mx\\\/#\\\/schema\\\/logo\\\/image\\\/\",\"url\":\"https:\\\/\\\/somos-hermanos.mx\\\/wp-content\\\/uploads\\\/2025\\\/08\\\/SH30-1.jpeg\",\"contentUrl\":\"https:\\\/\\\/somos-hermanos.mx\\\/wp-content\\\/uploads\\\/2025\\\/08\\\/SH30-1.jpeg\",\"width\":1600,\"height\":1142,\"caption\":\"Somos Hermanos\"},\"image\":{\"@id\":\"https:\\\/\\\/somos-hermanos.mx\\\/#\\\/schema\\\/logo\\\/image\\\/\"},\"sameAs\":[\"https:\\\/\\\/www.facebook.com\\\/SomosHermanosIAP\\\/\",\"https:\\\/\\\/x.com\\\/Somos__Hermanos\",\"https:\\\/\\\/www.instagram.com\\\/somos__hermanos\\\/#\",\"https:\\\/\\\/www.tiktok.com\\\/@somoshermanosiap\",\"https:\\\/\\\/www.youtube.com\\\/@somoshermanosiap1201\\\/videos\"]},{\"@type\":\"Person\",\"@id\":\"https:\\\/\\\/somos-hermanos.mx\\\/#\\\/schema\\\/person\\\/5b3557797474582d21f3cc36320a00fb\",\"name\":\"Joaquin Samano Rodriguez\",\"image\":{\"@type\":\"ImageObject\",\"inLanguage\":\"es\",\"@id\":\"https:\\\/\\\/secure.gravatar.com\\\/avatar\\\/27bf3879265a77b9831b2ead2a268051b3e31f39ceebd5858d7cdd8540196a35?s=96&d=mm&r=g\",\"url\":\"https:\\\/\\\/secure.gravatar.com\\\/avatar\\\/27bf3879265a77b9831b2ead2a268051b3e31f39ceebd5858d7cdd8540196a35?s=96&d=mm&r=g\",\"contentUrl\":\"https:\\\/\\\/secure.gravatar.com\\\/avatar\\\/27bf3879265a77b9831b2ead2a268051b3e31f39ceebd5858d7cdd8540196a35?s=96&d=mm&r=g\",\"caption\":\"Joaquin Samano Rodriguez\"},\"url\":\"https:\\\/\\\/somos-hermanos.mx\\\/index.php\\\/author\\\/joaquin-samano-rodriguez\\\/\"}]}<\/script>\n<!-- \/ Yoast SEO plugin. -->","yoast_head_json":{"title":"Autismax: compromiso, inclusi\u00f3n y esperanza para ni\u00f1os y j\u00f3venes con autismo - Historias que inspiran...","robots":{"index":"index","follow":"follow","max-snippet":"max-snippet:-1","max-image-preview":"max-image-preview:large","max-video-preview":"max-video-preview:-1"},"canonical":"https:\/\/somos-hermanos.mx\/index.php\/2025\/08\/04\/autismax-compromiso-inclusion-y-esperanza-para-ninos-y-jovenes-con-autismo\/","og_locale":"es_MX","og_type":"article","og_title":"Autismax: compromiso, inclusi\u00f3n y esperanza para ni\u00f1os y j\u00f3venes con autismo - Historias que inspiran...","og_description":"En M\u00e9xico, el Trastorno del Espectro Autista (TEA)\u00a0afecta a aproximadamente uno de cada 115 ni\u00f1os, lo que equivale a cerca de 400 mil menores en todo el pa\u00eds. El TEA es un conjunto de condiciones neurol\u00f3gicas que impactan profundamente en el desarrollo infantil, afectando la comunicaci\u00f3n, la sociabilidad, la planificaci\u00f3n, la imaginaci\u00f3n y el aprendizaje. [&hellip;]","og_url":"https:\/\/somos-hermanos.mx\/index.php\/2025\/08\/04\/autismax-compromiso-inclusion-y-esperanza-para-ninos-y-jovenes-con-autismo\/","og_site_name":"Historias que inspiran...","article_publisher":"https:\/\/www.facebook.com\/SomosHermanosIAP\/","article_published_time":"2025-08-04T07:46:37+00:00","og_image":[{"width":694,"height":1024,"url":"https:\/\/somos-hermanos.mx\/wp-content\/uploads\/2025\/08\/autis1.jpeg","type":"image\/jpeg"}],"author":"Joaquin Samano Rodriguez","twitter_card":"summary_large_image","twitter_creator":"@Somos__Hermanos","twitter_site":"@Somos__Hermanos","twitter_misc":{"Escrito por":"Joaquin Samano Rodriguez","Tiempo de lectura":"4 minutos"},"schema":{"@context":"https:\/\/schema.org","@graph":[{"@type":"Article","@id":"https:\/\/somos-hermanos.mx\/index.php\/2025\/08\/04\/autismax-compromiso-inclusion-y-esperanza-para-ninos-y-jovenes-con-autismo\/#article","isPartOf":{"@id":"https:\/\/somos-hermanos.mx\/index.php\/2025\/08\/04\/autismax-compromiso-inclusion-y-esperanza-para-ninos-y-jovenes-con-autismo\/"},"author":{"name":"Joaquin Samano Rodriguez","@id":"https:\/\/somos-hermanos.mx\/#\/schema\/person\/5b3557797474582d21f3cc36320a00fb"},"headline":"Autismax: compromiso, inclusi\u00f3n y esperanza para ni\u00f1os y j\u00f3venes con autismo","datePublished":"2025-08-04T07:46:37+00:00","mainEntityOfPage":{"@id":"https:\/\/somos-hermanos.mx\/index.php\/2025\/08\/04\/autismax-compromiso-inclusion-y-esperanza-para-ninos-y-jovenes-con-autismo\/"},"wordCount":893,"commentCount":0,"publisher":{"@id":"https:\/\/somos-hermanos.mx\/#organization"},"image":{"@id":"https:\/\/somos-hermanos.mx\/index.php\/2025\/08\/04\/autismax-compromiso-inclusion-y-esperanza-para-ninos-y-jovenes-con-autismo\/#primaryimage"},"thumbnailUrl":"https:\/\/somos-hermanos.mx\/wp-content\/uploads\/2025\/08\/autis1.jpeg","articleSection":["Noticias"],"inLanguage":"es","potentialAction":[{"@type":"CommentAction","name":"Comment","target":["https:\/\/somos-hermanos.mx\/index.php\/2025\/08\/04\/autismax-compromiso-inclusion-y-esperanza-para-ninos-y-jovenes-con-autismo\/#respond"]}]},{"@type":"WebPage","@id":"https:\/\/somos-hermanos.mx\/index.php\/2025\/08\/04\/autismax-compromiso-inclusion-y-esperanza-para-ninos-y-jovenes-con-autismo\/","url":"https:\/\/somos-hermanos.mx\/index.php\/2025\/08\/04\/autismax-compromiso-inclusion-y-esperanza-para-ninos-y-jovenes-con-autismo\/","name":"Autismax: compromiso, inclusi\u00f3n y esperanza para ni\u00f1os y j\u00f3venes con autismo - Historias que inspiran...","isPartOf":{"@id":"https:\/\/somos-hermanos.mx\/#website"},"primaryImageOfPage":{"@id":"https:\/\/somos-hermanos.mx\/index.php\/2025\/08\/04\/autismax-compromiso-inclusion-y-esperanza-para-ninos-y-jovenes-con-autismo\/#primaryimage"},"image":{"@id":"https:\/\/somos-hermanos.mx\/index.php\/2025\/08\/04\/autismax-compromiso-inclusion-y-esperanza-para-ninos-y-jovenes-con-autismo\/#primaryimage"},"thumbnailUrl":"https:\/\/somos-hermanos.mx\/wp-content\/uploads\/2025\/08\/autis1.jpeg","datePublished":"2025-08-04T07:46:37+00:00","breadcrumb":{"@id":"https:\/\/somos-hermanos.mx\/index.php\/2025\/08\/04\/autismax-compromiso-inclusion-y-esperanza-para-ninos-y-jovenes-con-autismo\/#breadcrumb"},"inLanguage":"es","potentialAction":[{"@type":"ReadAction","target":["https:\/\/somos-hermanos.mx\/index.php\/2025\/08\/04\/autismax-compromiso-inclusion-y-esperanza-para-ninos-y-jovenes-con-autismo\/"]}]},{"@type":"ImageObject","inLanguage":"es","@id":"https:\/\/somos-hermanos.mx\/index.php\/2025\/08\/04\/autismax-compromiso-inclusion-y-esperanza-para-ninos-y-jovenes-con-autismo\/#primaryimage","url":"https:\/\/somos-hermanos.mx\/wp-content\/uploads\/2025\/08\/autis1.jpeg","contentUrl":"https:\/\/somos-hermanos.mx\/wp-content\/uploads\/2025\/08\/autis1.jpeg","width":694,"height":1024},{"@type":"BreadcrumbList","@id":"https:\/\/somos-hermanos.mx\/index.php\/2025\/08\/04\/autismax-compromiso-inclusion-y-esperanza-para-ninos-y-jovenes-con-autismo\/#breadcrumb","itemListElement":[{"@type":"ListItem","position":1,"name":"Inicio","item":"https:\/\/somos-hermanos.mx\/"},{"@type":"ListItem","position":2,"name":"Autismax: compromiso, inclusi\u00f3n y esperanza para ni\u00f1os y j\u00f3venes con autismo"}]},{"@type":"WebSite","@id":"https:\/\/somos-hermanos.mx\/#website","url":"https:\/\/somos-hermanos.mx\/","name":"Historias que inspiran...","description":"Somos la voz del altruismo en M\u00e9xico","publisher":{"@id":"https:\/\/somos-hermanos.mx\/#organization"},"potentialAction":[{"@type":"SearchAction","target":{"@type":"EntryPoint","urlTemplate":"https:\/\/somos-hermanos.mx\/?s={search_term_string}"},"query-input":{"@type":"PropertyValueSpecification","valueRequired":true,"valueName":"search_term_string"}}],"inLanguage":"es"},{"@type":"Organization","@id":"https:\/\/somos-hermanos.mx\/#organization","name":"Somos Hermanos","url":"https:\/\/somos-hermanos.mx\/","logo":{"@type":"ImageObject","inLanguage":"es","@id":"https:\/\/somos-hermanos.mx\/#\/schema\/logo\/image\/","url":"https:\/\/somos-hermanos.mx\/wp-content\/uploads\/2025\/08\/SH30-1.jpeg","contentUrl":"https:\/\/somos-hermanos.mx\/wp-content\/uploads\/2025\/08\/SH30-1.jpeg","width":1600,"height":1142,"caption":"Somos Hermanos"},"image":{"@id":"https:\/\/somos-hermanos.mx\/#\/schema\/logo\/image\/"},"sameAs":["https:\/\/www.facebook.com\/SomosHermanosIAP\/","https:\/\/x.com\/Somos__Hermanos","https:\/\/www.instagram.com\/somos__hermanos\/#","https:\/\/www.tiktok.com\/@somoshermanosiap","https:\/\/www.youtube.com\/@somoshermanosiap1201\/videos"]},{"@type":"Person","@id":"https:\/\/somos-hermanos.mx\/#\/schema\/person\/5b3557797474582d21f3cc36320a00fb","name":"Joaquin Samano Rodriguez","image":{"@type":"ImageObject","inLanguage":"es","@id":"https:\/\/secure.gravatar.com\/avatar\/27bf3879265a77b9831b2ead2a268051b3e31f39ceebd5858d7cdd8540196a35?s=96&d=mm&r=g","url":"https:\/\/secure.gravatar.com\/avatar\/27bf3879265a77b9831b2ead2a268051b3e31f39ceebd5858d7cdd8540196a35?s=96&d=mm&r=g","contentUrl":"https:\/\/secure.gravatar.com\/avatar\/27bf3879265a77b9831b2ead2a268051b3e31f39ceebd5858d7cdd8540196a35?s=96&d=mm&r=g","caption":"Joaquin Samano Rodriguez"},"url":"https:\/\/somos-hermanos.mx\/index.php\/author\/joaquin-samano-rodriguez\/"}]}},"_links":{"self":[{"href":"https:\/\/somos-hermanos.mx\/index.php\/wp-json\/wp\/v2\/posts\/673","targetHints":{"allow":["GET"]}}],"collection":[{"href":"https:\/\/somos-hermanos.mx\/index.php\/wp-json\/wp\/v2\/posts"}],"about":[{"href":"https:\/\/somos-hermanos.mx\/index.php\/wp-json\/wp\/v2\/types\/post"}],"author":[{"embeddable":true,"href":"https:\/\/somos-hermanos.mx\/index.php\/wp-json\/wp\/v2\/users\/24"}],"replies":[{"embeddable":true,"href":"https:\/\/somos-hermanos.mx\/index.php\/wp-json\/wp\/v2\/comments?post=673"}],"version-history":[{"count":1,"href":"https:\/\/somos-hermanos.mx\/index.php\/wp-json\/wp\/v2\/posts\/673\/revisions"}],"predecessor-version":[{"id":675,"href":"https:\/\/somos-hermanos.mx\/index.php\/wp-json\/wp\/v2\/posts\/673\/revisions\/675"}],"wp:featuredmedia":[{"embeddable":true,"href":"https:\/\/somos-hermanos.mx\/index.php\/wp-json\/wp\/v2\/media\/674"}],"wp:attachment":[{"href":"https:\/\/somos-hermanos.mx\/index.php\/wp-json\/wp\/v2\/media?parent=673"}],"wp:term":[{"taxonomy":"category","embeddable":true,"href":"https:\/\/somos-hermanos.mx\/index.php\/wp-json\/wp\/v2\/categories?post=673"},{"taxonomy":"post_tag","embeddable":true,"href":"https:\/\/somos-hermanos.mx\/index.php\/wp-json\/wp\/v2\/tags?post=673"}],"curies":[{"name":"wp","href":"https:\/\/api.w.org\/{rel}","templated":true}]}}