{"id":670,"date":"2025-08-04T01:45:18","date_gmt":"2025-08-04T07:45:18","guid":{"rendered":"https:\/\/somos-hermanos.mx\/?p=670"},"modified":"2025-08-04T01:45:18","modified_gmt":"2025-08-04T07:45:18","slug":"unidos-para-quienes-buscan-vivir-una-experiencia","status":"publish","type":"post","link":"https:\/\/somos-hermanos.mx\/index.php\/2025\/08\/04\/unidos-para-quienes-buscan-vivir-una-experiencia\/","title":{"rendered":"Unidos: Para quienes buscan vivir una experiencia"},"content":{"rendered":"<p>Sabemos que las personas no rechazan por maldad, sino por falta de conocimiento, este es el lema principal de la Fundaci\u00f3n Unidos, <strong>una asociaci\u00f3n civil que desde 1987 se ha encargado de apoyar a las personas con discapacidad. <\/strong><\/p>\n<p>Sin embargo, lo que verdaderamente destaca de esta instituci\u00f3n es que evolucion\u00f3 de una manera en la que no solo se encarga de brindar atenci\u00f3n a las personas con discapacidad, sino que <strong>su verdadero trabajo se enfoca en crear conciencia entre la poblaci\u00f3n sin discapacidad, <\/strong>para que en conjunto puedan crear una convivencia sana, respetando los valores de empat\u00eda, inclusi\u00f3n y sensibilidad.<\/p>\n<p>Unidos es un modelo que replica como franquicia social en las ciudades de M\u00e9xico, Monterrey, Guadalajara, Cuernavaca y Quer\u00e9taro, y trabaja en tres \u00e1reas de la convivencia social: <strong>empresarial, educaci\u00f3n y social.<\/strong><\/p>\n<p>Bajo los valores de empat\u00eda, pasi\u00f3n, apertura al cambio y compromiso, <strong>contribuyen para aumentar el reconocimiento y el valor de todas las personas por igual, <\/strong>y de esta forma dividen sus programas de trabajo.<\/p>\n<p>Dentro del tema social se busca realizar encuentros que promuevan una transformaci\u00f3n para que desarrollen sus habilidades para la vida, como lo son un espacio de aceptaci\u00f3n seguro, respetando sus capacidades y condiciones, y promoviendo as\u00ed su derecho a la libre participaci\u00f3n.<\/p>\n<p>Por otro lado, en los programas empresariales se busca fortalecer a los equipos de trabajo mediante el fomento del desarrollo humano, la responsabilidad social y el sentido de pertenencia, con la finalidad de impulsar una cultura emp\u00e1tica de respeto y diversidad.<\/p>\n<p>En este apartado, comparten talleres impartidos por profesionales con y sin discapacidad, y realizan actividades basadas en la metodolog\u00eda de educaci\u00f3n de acuerdo con sus experiencias.<\/p>\n<p>Finalmente, en el apartado de educaci\u00f3n se trabaja por crear, complementar y fomentar los procesos formativos de las instituciones educativas, en donde se promuevan los valores de empat\u00eda, respeto e inclusi\u00f3n que favorezcan las actividades profesionales de personas con y sin discapacidad.<\/p>\n<p>Aqu\u00ed tambi\u00e9n se fomentan actividades l\u00fadicas e incluyentes, adem\u00e1s de que se trabaja en el acompa\u00f1amiento y fortalecimiento de la cultura de igualdad.<\/p>\n<p>Enlace: https:\/\/unidos.com.mx\/<\/p>\n","protected":false},"excerpt":{"rendered":"<p>Sabemos que las personas no rechazan por maldad, sino por falta de conocimiento, este es el lema principal de la Fundaci\u00f3n Unidos, una asociaci\u00f3n civil que desde 1987 se ha encargado de apoyar a las personas con discapacidad. Sin embargo, lo que verdaderamente destaca de esta instituci\u00f3n es que evolucion\u00f3 de una manera en la [&hellip;]<\/p>\n","protected":false},"author":15,"featured_media":671,"comment_status":"open","ping_status":"closed","sticky":false,"template":"","format":"standard","meta":{"footnotes":""},"categories":[6],"tags":[],"class_list":["post-670","post","type-post","status-publish","format-standard","has-post-thumbnail","hentry","category-noticias"],"yoast_head":"<!-- This site is optimized with the Yoast SEO plugin v27.4 - https:\/\/yoast.com\/product\/yoast-seo-wordpress\/ -->\n<title>Unidos: Para quienes buscan vivir una experiencia - Historias que inspiran...<\/title>\n<meta name=\"robots\" content=\"index, follow, max-snippet:-1, max-image-preview:large, max-video-preview:-1\" \/>\n<link rel=\"canonical\" href=\"https:\/\/somos-hermanos.mx\/index.php\/2025\/08\/04\/unidos-para-quienes-buscan-vivir-una-experiencia\/\" \/>\n<meta property=\"og:locale\" content=\"es_MX\" \/>\n<meta property=\"og:type\" content=\"article\" \/>\n<meta property=\"og:title\" content=\"Unidos: Para quienes buscan vivir una experiencia - Historias que inspiran...\" \/>\n<meta property=\"og:description\" content=\"Sabemos que las personas no rechazan por maldad, sino por falta de conocimiento, este es el lema principal de la Fundaci\u00f3n Unidos, una asociaci\u00f3n civil que desde 1987 se ha encargado de apoyar a las personas con discapacidad. Sin embargo, lo que verdaderamente destaca de esta instituci\u00f3n es que evolucion\u00f3 de una manera en la [&hellip;]\" \/>\n<meta property=\"og:url\" content=\"https:\/\/somos-hermanos.mx\/index.php\/2025\/08\/04\/unidos-para-quienes-buscan-vivir-una-experiencia\/\" \/>\n<meta property=\"og:site_name\" content=\"Historias que inspiran...\" \/>\n<meta property=\"article:publisher\" content=\"https:\/\/www.facebook.com\/SomosHermanosIAP\/\" \/>\n<meta property=\"article:published_time\" content=\"2025-08-04T07:45:18+00:00\" \/>\n<meta property=\"og:image\" content=\"https:\/\/somos-hermanos.mx\/wp-content\/uploads\/2025\/08\/unido1.jpeg\" \/>\n\t<meta property=\"og:image:width\" content=\"1600\" \/>\n\t<meta property=\"og:image:height\" content=\"608\" \/>\n\t<meta property=\"og:image:type\" content=\"image\/jpeg\" \/>\n<meta name=\"author\" content=\"Itzel Montiel Luna\" \/>\n<meta name=\"twitter:card\" content=\"summary_large_image\" \/>\n<meta name=\"twitter:creator\" content=\"@Somos__Hermanos\" \/>\n<meta name=\"twitter:site\" content=\"@Somos__Hermanos\" \/>\n<meta name=\"twitter:label1\" content=\"Escrito por\" \/>\n\t<meta name=\"twitter:data1\" content=\"Itzel Montiel Luna\" \/>\n\t<meta name=\"twitter:label2\" content=\"Tiempo de lectura\" \/>\n\t<meta name=\"twitter:data2\" content=\"2 minutos\" \/>\n<script type=\"application\/ld+json\" class=\"yoast-schema-graph\">{\"@context\":\"https:\\\/\\\/schema.org\",\"@graph\":[{\"@type\":\"Article\",\"@id\":\"https:\\\/\\\/somos-hermanos.mx\\\/index.php\\\/2025\\\/08\\\/04\\\/unidos-para-quienes-buscan-vivir-una-experiencia\\\/#article\",\"isPartOf\":{\"@id\":\"https:\\\/\\\/somos-hermanos.mx\\\/index.php\\\/2025\\\/08\\\/04\\\/unidos-para-quienes-buscan-vivir-una-experiencia\\\/\"},\"author\":{\"name\":\"Itzel Montiel Luna\",\"@id\":\"https:\\\/\\\/somos-hermanos.mx\\\/#\\\/schema\\\/person\\\/0998f178948ff64bb6e8e1479a973eb7\"},\"headline\":\"Unidos: Para quienes buscan vivir una experiencia\",\"datePublished\":\"2025-08-04T07:45:18+00:00\",\"mainEntityOfPage\":{\"@id\":\"https:\\\/\\\/somos-hermanos.mx\\\/index.php\\\/2025\\\/08\\\/04\\\/unidos-para-quienes-buscan-vivir-una-experiencia\\\/\"},\"wordCount\":376,\"commentCount\":0,\"publisher\":{\"@id\":\"https:\\\/\\\/somos-hermanos.mx\\\/#organization\"},\"image\":{\"@id\":\"https:\\\/\\\/somos-hermanos.mx\\\/index.php\\\/2025\\\/08\\\/04\\\/unidos-para-quienes-buscan-vivir-una-experiencia\\\/#primaryimage\"},\"thumbnailUrl\":\"https:\\\/\\\/somos-hermanos.mx\\\/wp-content\\\/uploads\\\/2025\\\/08\\\/unido1.jpeg\",\"articleSection\":[\"Noticias\"],\"inLanguage\":\"es\",\"potentialAction\":[{\"@type\":\"CommentAction\",\"name\":\"Comment\",\"target\":[\"https:\\\/\\\/somos-hermanos.mx\\\/index.php\\\/2025\\\/08\\\/04\\\/unidos-para-quienes-buscan-vivir-una-experiencia\\\/#respond\"]}]},{\"@type\":\"WebPage\",\"@id\":\"https:\\\/\\\/somos-hermanos.mx\\\/index.php\\\/2025\\\/08\\\/04\\\/unidos-para-quienes-buscan-vivir-una-experiencia\\\/\",\"url\":\"https:\\\/\\\/somos-hermanos.mx\\\/index.php\\\/2025\\\/08\\\/04\\\/unidos-para-quienes-buscan-vivir-una-experiencia\\\/\",\"name\":\"Unidos: Para quienes buscan vivir una experiencia - Historias que inspiran...\",\"isPartOf\":{\"@id\":\"https:\\\/\\\/somos-hermanos.mx\\\/#website\"},\"primaryImageOfPage\":{\"@id\":\"https:\\\/\\\/somos-hermanos.mx\\\/index.php\\\/2025\\\/08\\\/04\\\/unidos-para-quienes-buscan-vivir-una-experiencia\\\/#primaryimage\"},\"image\":{\"@id\":\"https:\\\/\\\/somos-hermanos.mx\\\/index.php\\\/2025\\\/08\\\/04\\\/unidos-para-quienes-buscan-vivir-una-experiencia\\\/#primaryimage\"},\"thumbnailUrl\":\"https:\\\/\\\/somos-hermanos.mx\\\/wp-content\\\/uploads\\\/2025\\\/08\\\/unido1.jpeg\",\"datePublished\":\"2025-08-04T07:45:18+00:00\",\"breadcrumb\":{\"@id\":\"https:\\\/\\\/somos-hermanos.mx\\\/index.php\\\/2025\\\/08\\\/04\\\/unidos-para-quienes-buscan-vivir-una-experiencia\\\/#breadcrumb\"},\"inLanguage\":\"es\",\"potentialAction\":[{\"@type\":\"ReadAction\",\"target\":[\"https:\\\/\\\/somos-hermanos.mx\\\/index.php\\\/2025\\\/08\\\/04\\\/unidos-para-quienes-buscan-vivir-una-experiencia\\\/\"]}]},{\"@type\":\"ImageObject\",\"inLanguage\":\"es\",\"@id\":\"https:\\\/\\\/somos-hermanos.mx\\\/index.php\\\/2025\\\/08\\\/04\\\/unidos-para-quienes-buscan-vivir-una-experiencia\\\/#primaryimage\",\"url\":\"https:\\\/\\\/somos-hermanos.mx\\\/wp-content\\\/uploads\\\/2025\\\/08\\\/unido1.jpeg\",\"contentUrl\":\"https:\\\/\\\/somos-hermanos.mx\\\/wp-content\\\/uploads\\\/2025\\\/08\\\/unido1.jpeg\",\"width\":1600,\"height\":608},{\"@type\":\"BreadcrumbList\",\"@id\":\"https:\\\/\\\/somos-hermanos.mx\\\/index.php\\\/2025\\\/08\\\/04\\\/unidos-para-quienes-buscan-vivir-una-experiencia\\\/#breadcrumb\",\"itemListElement\":[{\"@type\":\"ListItem\",\"position\":1,\"name\":\"Inicio\",\"item\":\"https:\\\/\\\/somos-hermanos.mx\\\/\"},{\"@type\":\"ListItem\",\"position\":2,\"name\":\"Unidos: Para quienes buscan vivir una experiencia\"}]},{\"@type\":\"WebSite\",\"@id\":\"https:\\\/\\\/somos-hermanos.mx\\\/#website\",\"url\":\"https:\\\/\\\/somos-hermanos.mx\\\/\",\"name\":\"Historias que inspiran...\",\"description\":\"Somos la voz del altruismo en M\u00e9xico\",\"publisher\":{\"@id\":\"https:\\\/\\\/somos-hermanos.mx\\\/#organization\"},\"potentialAction\":[{\"@type\":\"SearchAction\",\"target\":{\"@type\":\"EntryPoint\",\"urlTemplate\":\"https:\\\/\\\/somos-hermanos.mx\\\/?s={search_term_string}\"},\"query-input\":{\"@type\":\"PropertyValueSpecification\",\"valueRequired\":true,\"valueName\":\"search_term_string\"}}],\"inLanguage\":\"es\"},{\"@type\":\"Organization\",\"@id\":\"https:\\\/\\\/somos-hermanos.mx\\\/#organization\",\"name\":\"Somos Hermanos\",\"url\":\"https:\\\/\\\/somos-hermanos.mx\\\/\",\"logo\":{\"@type\":\"ImageObject\",\"inLanguage\":\"es\",\"@id\":\"https:\\\/\\\/somos-hermanos.mx\\\/#\\\/schema\\\/logo\\\/image\\\/\",\"url\":\"https:\\\/\\\/somos-hermanos.mx\\\/wp-content\\\/uploads\\\/2025\\\/08\\\/SH30-1.jpeg\",\"contentUrl\":\"https:\\\/\\\/somos-hermanos.mx\\\/wp-content\\\/uploads\\\/2025\\\/08\\\/SH30-1.jpeg\",\"width\":1600,\"height\":1142,\"caption\":\"Somos Hermanos\"},\"image\":{\"@id\":\"https:\\\/\\\/somos-hermanos.mx\\\/#\\\/schema\\\/logo\\\/image\\\/\"},\"sameAs\":[\"https:\\\/\\\/www.facebook.com\\\/SomosHermanosIAP\\\/\",\"https:\\\/\\\/x.com\\\/Somos__Hermanos\",\"https:\\\/\\\/www.instagram.com\\\/somos__hermanos\\\/#\",\"https:\\\/\\\/www.tiktok.com\\\/@somoshermanosiap\",\"https:\\\/\\\/www.youtube.com\\\/@somoshermanosiap1201\\\/videos\"]},{\"@type\":\"Person\",\"@id\":\"https:\\\/\\\/somos-hermanos.mx\\\/#\\\/schema\\\/person\\\/0998f178948ff64bb6e8e1479a973eb7\",\"name\":\"Itzel Montiel Luna\",\"image\":{\"@type\":\"ImageObject\",\"inLanguage\":\"es\",\"@id\":\"https:\\\/\\\/secure.gravatar.com\\\/avatar\\\/fa18ed3df0c81049a1f84da7aea98a9f130aedfb6076ab013d6451875eb77a7b?s=96&d=mm&r=g\",\"url\":\"https:\\\/\\\/secure.gravatar.com\\\/avatar\\\/fa18ed3df0c81049a1f84da7aea98a9f130aedfb6076ab013d6451875eb77a7b?s=96&d=mm&r=g\",\"contentUrl\":\"https:\\\/\\\/secure.gravatar.com\\\/avatar\\\/fa18ed3df0c81049a1f84da7aea98a9f130aedfb6076ab013d6451875eb77a7b?s=96&d=mm&r=g\",\"caption\":\"Itzel Montiel Luna\"},\"url\":\"https:\\\/\\\/somos-hermanos.mx\\\/index.php\\\/author\\\/itzel-montiel-luna\\\/\"}]}<\/script>\n<!-- \/ Yoast SEO plugin. -->","yoast_head_json":{"title":"Unidos: Para quienes buscan vivir una experiencia - Historias que inspiran...","robots":{"index":"index","follow":"follow","max-snippet":"max-snippet:-1","max-image-preview":"max-image-preview:large","max-video-preview":"max-video-preview:-1"},"canonical":"https:\/\/somos-hermanos.mx\/index.php\/2025\/08\/04\/unidos-para-quienes-buscan-vivir-una-experiencia\/","og_locale":"es_MX","og_type":"article","og_title":"Unidos: Para quienes buscan vivir una experiencia - Historias que inspiran...","og_description":"Sabemos que las personas no rechazan por maldad, sino por falta de conocimiento, este es el lema principal de la Fundaci\u00f3n Unidos, una asociaci\u00f3n civil que desde 1987 se ha encargado de apoyar a las personas con discapacidad. Sin embargo, lo que verdaderamente destaca de esta instituci\u00f3n es que evolucion\u00f3 de una manera en la [&hellip;]","og_url":"https:\/\/somos-hermanos.mx\/index.php\/2025\/08\/04\/unidos-para-quienes-buscan-vivir-una-experiencia\/","og_site_name":"Historias que inspiran...","article_publisher":"https:\/\/www.facebook.com\/SomosHermanosIAP\/","article_published_time":"2025-08-04T07:45:18+00:00","og_image":[{"width":1600,"height":608,"url":"https:\/\/somos-hermanos.mx\/wp-content\/uploads\/2025\/08\/unido1.jpeg","type":"image\/jpeg"}],"author":"Itzel Montiel Luna","twitter_card":"summary_large_image","twitter_creator":"@Somos__Hermanos","twitter_site":"@Somos__Hermanos","twitter_misc":{"Escrito por":"Itzel Montiel Luna","Tiempo de lectura":"2 minutos"},"schema":{"@context":"https:\/\/schema.org","@graph":[{"@type":"Article","@id":"https:\/\/somos-hermanos.mx\/index.php\/2025\/08\/04\/unidos-para-quienes-buscan-vivir-una-experiencia\/#article","isPartOf":{"@id":"https:\/\/somos-hermanos.mx\/index.php\/2025\/08\/04\/unidos-para-quienes-buscan-vivir-una-experiencia\/"},"author":{"name":"Itzel Montiel Luna","@id":"https:\/\/somos-hermanos.mx\/#\/schema\/person\/0998f178948ff64bb6e8e1479a973eb7"},"headline":"Unidos: Para quienes buscan vivir una experiencia","datePublished":"2025-08-04T07:45:18+00:00","mainEntityOfPage":{"@id":"https:\/\/somos-hermanos.mx\/index.php\/2025\/08\/04\/unidos-para-quienes-buscan-vivir-una-experiencia\/"},"wordCount":376,"commentCount":0,"publisher":{"@id":"https:\/\/somos-hermanos.mx\/#organization"},"image":{"@id":"https:\/\/somos-hermanos.mx\/index.php\/2025\/08\/04\/unidos-para-quienes-buscan-vivir-una-experiencia\/#primaryimage"},"thumbnailUrl":"https:\/\/somos-hermanos.mx\/wp-content\/uploads\/2025\/08\/unido1.jpeg","articleSection":["Noticias"],"inLanguage":"es","potentialAction":[{"@type":"CommentAction","name":"Comment","target":["https:\/\/somos-hermanos.mx\/index.php\/2025\/08\/04\/unidos-para-quienes-buscan-vivir-una-experiencia\/#respond"]}]},{"@type":"WebPage","@id":"https:\/\/somos-hermanos.mx\/index.php\/2025\/08\/04\/unidos-para-quienes-buscan-vivir-una-experiencia\/","url":"https:\/\/somos-hermanos.mx\/index.php\/2025\/08\/04\/unidos-para-quienes-buscan-vivir-una-experiencia\/","name":"Unidos: Para quienes buscan vivir una experiencia - Historias que inspiran...","isPartOf":{"@id":"https:\/\/somos-hermanos.mx\/#website"},"primaryImageOfPage":{"@id":"https:\/\/somos-hermanos.mx\/index.php\/2025\/08\/04\/unidos-para-quienes-buscan-vivir-una-experiencia\/#primaryimage"},"image":{"@id":"https:\/\/somos-hermanos.mx\/index.php\/2025\/08\/04\/unidos-para-quienes-buscan-vivir-una-experiencia\/#primaryimage"},"thumbnailUrl":"https:\/\/somos-hermanos.mx\/wp-content\/uploads\/2025\/08\/unido1.jpeg","datePublished":"2025-08-04T07:45:18+00:00","breadcrumb":{"@id":"https:\/\/somos-hermanos.mx\/index.php\/2025\/08\/04\/unidos-para-quienes-buscan-vivir-una-experiencia\/#breadcrumb"},"inLanguage":"es","potentialAction":[{"@type":"ReadAction","target":["https:\/\/somos-hermanos.mx\/index.php\/2025\/08\/04\/unidos-para-quienes-buscan-vivir-una-experiencia\/"]}]},{"@type":"ImageObject","inLanguage":"es","@id":"https:\/\/somos-hermanos.mx\/index.php\/2025\/08\/04\/unidos-para-quienes-buscan-vivir-una-experiencia\/#primaryimage","url":"https:\/\/somos-hermanos.mx\/wp-content\/uploads\/2025\/08\/unido1.jpeg","contentUrl":"https:\/\/somos-hermanos.mx\/wp-content\/uploads\/2025\/08\/unido1.jpeg","width":1600,"height":608},{"@type":"BreadcrumbList","@id":"https:\/\/somos-hermanos.mx\/index.php\/2025\/08\/04\/unidos-para-quienes-buscan-vivir-una-experiencia\/#breadcrumb","itemListElement":[{"@type":"ListItem","position":1,"name":"Inicio","item":"https:\/\/somos-hermanos.mx\/"},{"@type":"ListItem","position":2,"name":"Unidos: Para quienes buscan vivir una experiencia"}]},{"@type":"WebSite","@id":"https:\/\/somos-hermanos.mx\/#website","url":"https:\/\/somos-hermanos.mx\/","name":"Historias que inspiran...","description":"Somos la voz del altruismo en M\u00e9xico","publisher":{"@id":"https:\/\/somos-hermanos.mx\/#organization"},"potentialAction":[{"@type":"SearchAction","target":{"@type":"EntryPoint","urlTemplate":"https:\/\/somos-hermanos.mx\/?s={search_term_string}"},"query-input":{"@type":"PropertyValueSpecification","valueRequired":true,"valueName":"search_term_string"}}],"inLanguage":"es"},{"@type":"Organization","@id":"https:\/\/somos-hermanos.mx\/#organization","name":"Somos Hermanos","url":"https:\/\/somos-hermanos.mx\/","logo":{"@type":"ImageObject","inLanguage":"es","@id":"https:\/\/somos-hermanos.mx\/#\/schema\/logo\/image\/","url":"https:\/\/somos-hermanos.mx\/wp-content\/uploads\/2025\/08\/SH30-1.jpeg","contentUrl":"https:\/\/somos-hermanos.mx\/wp-content\/uploads\/2025\/08\/SH30-1.jpeg","width":1600,"height":1142,"caption":"Somos Hermanos"},"image":{"@id":"https:\/\/somos-hermanos.mx\/#\/schema\/logo\/image\/"},"sameAs":["https:\/\/www.facebook.com\/SomosHermanosIAP\/","https:\/\/x.com\/Somos__Hermanos","https:\/\/www.instagram.com\/somos__hermanos\/#","https:\/\/www.tiktok.com\/@somoshermanosiap","https:\/\/www.youtube.com\/@somoshermanosiap1201\/videos"]},{"@type":"Person","@id":"https:\/\/somos-hermanos.mx\/#\/schema\/person\/0998f178948ff64bb6e8e1479a973eb7","name":"Itzel Montiel Luna","image":{"@type":"ImageObject","inLanguage":"es","@id":"https:\/\/secure.gravatar.com\/avatar\/fa18ed3df0c81049a1f84da7aea98a9f130aedfb6076ab013d6451875eb77a7b?s=96&d=mm&r=g","url":"https:\/\/secure.gravatar.com\/avatar\/fa18ed3df0c81049a1f84da7aea98a9f130aedfb6076ab013d6451875eb77a7b?s=96&d=mm&r=g","contentUrl":"https:\/\/secure.gravatar.com\/avatar\/fa18ed3df0c81049a1f84da7aea98a9f130aedfb6076ab013d6451875eb77a7b?s=96&d=mm&r=g","caption":"Itzel Montiel Luna"},"url":"https:\/\/somos-hermanos.mx\/index.php\/author\/itzel-montiel-luna\/"}]}},"_links":{"self":[{"href":"https:\/\/somos-hermanos.mx\/index.php\/wp-json\/wp\/v2\/posts\/670","targetHints":{"allow":["GET"]}}],"collection":[{"href":"https:\/\/somos-hermanos.mx\/index.php\/wp-json\/wp\/v2\/posts"}],"about":[{"href":"https:\/\/somos-hermanos.mx\/index.php\/wp-json\/wp\/v2\/types\/post"}],"author":[{"embeddable":true,"href":"https:\/\/somos-hermanos.mx\/index.php\/wp-json\/wp\/v2\/users\/15"}],"replies":[{"embeddable":true,"href":"https:\/\/somos-hermanos.mx\/index.php\/wp-json\/wp\/v2\/comments?post=670"}],"version-history":[{"count":1,"href":"https:\/\/somos-hermanos.mx\/index.php\/wp-json\/wp\/v2\/posts\/670\/revisions"}],"predecessor-version":[{"id":672,"href":"https:\/\/somos-hermanos.mx\/index.php\/wp-json\/wp\/v2\/posts\/670\/revisions\/672"}],"wp:featuredmedia":[{"embeddable":true,"href":"https:\/\/somos-hermanos.mx\/index.php\/wp-json\/wp\/v2\/media\/671"}],"wp:attachment":[{"href":"https:\/\/somos-hermanos.mx\/index.php\/wp-json\/wp\/v2\/media?parent=670"}],"wp:term":[{"taxonomy":"category","embeddable":true,"href":"https:\/\/somos-hermanos.mx\/index.php\/wp-json\/wp\/v2\/categories?post=670"},{"taxonomy":"post_tag","embeddable":true,"href":"https:\/\/somos-hermanos.mx\/index.php\/wp-json\/wp\/v2\/tags?post=670"}],"curies":[{"name":"wp","href":"https:\/\/api.w.org\/{rel}","templated":true}]}}