{"id":667,"date":"2025-08-04T01:44:15","date_gmt":"2025-08-04T07:44:15","guid":{"rendered":"https:\/\/somos-hermanos.mx\/?p=667"},"modified":"2025-08-04T01:44:15","modified_gmt":"2025-08-04T07:44:15","slug":"fundacion-amor-por-la-salud-mental","status":"publish","type":"post","link":"https:\/\/somos-hermanos.mx\/index.php\/2025\/08\/04\/fundacion-amor-por-la-salud-mental\/","title":{"rendered":"Fundaci\u00f3n Amor: Por la salud mental"},"content":{"rendered":"<p>En M\u00e9xico, hay un sinf\u00edn de instituciones u organismos que otorgan atenci\u00f3n a la salud mental; sin embargo, existe una organizaci\u00f3n que busca llevar a cabo esta labor desde el amor y brindar una atenci\u00f3n altamente especializada y digna para todos.<\/p>\n<p>La organizaci\u00f3n de la que estamos hablando es Fundaci\u00f3n Amor, una instituci\u00f3n sin fines de lucro que est\u00e1 comprometida a <strong>brindar una atenci\u00f3n integral para el bienestar de la salud mental. <\/strong>Este grupo de personas trabaja todos los d\u00edas para ofrecer diferentes servicios, tales como: servicios psiqui\u00e1tricos, psicol\u00f3gicos y neuropsicol\u00f3gicos.<\/p>\n<p><strong><b>\u00bfDe qu\u00e9 trata Fundaci\u00f3n Amor y cu\u00e1l es su misi\u00f3n? <\/b><\/strong><\/p>\n<p><strong>Su principal objetivo es mejorar la calidad de vida de los pacientes y sus siglas AMOR definen su prop\u00f3sito: <\/strong><\/p>\n<p><strong>A:<\/strong>\u00a0Activar, quiere decir que buscan fomentar la participaci\u00f3n activa de las personas.<\/p>\n<p><strong>M:<\/strong>\u00a0Mejorar, busca mejorar el estado y bienestar de las personas, a trav\u00e9s de una atenci\u00f3n de calidad proporcionada por personal de salud capacitado.<\/p>\n<p><strong>O:<\/strong>\u00a0Orar, la espiritualidad juega un papel importante en esta organizaci\u00f3n, pues brindan un espacio que fortalece la fe y los valores.<\/p>\n<p><strong>R:<\/strong>\u00a0Reflexionar, la reflexi\u00f3n de uno mismo y que har\u00e1 que la toma de decisiones sean las mejores para nuestro bienestar.<\/p>\n<p>La misi\u00f3n de este gran equipo no solo es brindar una atenci\u00f3n de calidad, sino tambi\u00e9n se han adaptado a las nuevas tecnolog\u00edas y a los nuevos avances cient\u00edficos, con el fin de hacer un plan de trabajo que proporcione una prevenci\u00f3n, un diagn\u00f3stico y un tratamiento a los diferentes trastornos que existen.<\/p>\n<p>Este equipo se ha renovado por completo para crear un ambiente digno y seguro para los integrantes y sus familiares, adem\u00e1s de mantener informados a las personas, ya que suben contenido a sus redes sociales sobre este espacio.<\/p>\n<p>Es tanto el apoyo que brinda la fundaci\u00f3n que cuentan con una l\u00ednea de atenci\u00f3n y orientaci\u00f3n en salud mental, llamado A.M.A.R (Amar, manejo, acci\u00f3n y resguardo) el cual est\u00e1 disponible desde las 7:30 a.m., hasta las 18:00 p.m. Este servicio busca brindar una ayuda inmediata en situaciones de crisis o emociones mentales, con el apoyo de personal capacitado.<\/p>\n<p>No solo eso, es tanto su compa\u00f1\u00eda con los pacientes que el equipo organiza diferentes eventos, con el fin de mantener una cercan\u00eda con uno mismo. Tambi\u00e9n se llevan a cabo talleres psicoeducativos para las personas que cuenten con alg\u00fan tipo de trastorno o si est\u00e1n pasando por alg\u00fan momento en su vida que est\u00e9 poniendo en riesgo a su salud mental.<\/p>\n<p><strong><b>\u00bfD\u00f3nde puedo contactarlos? \u00a0<\/b><\/strong><\/p>\n<p>Asimismo, si a\u00fan existe duda sobre el gran de Fundaci\u00f3n Amor, en su sitio web han recopilado algunos testimonios de pacientes que forman o formaron parte de la fundaci\u00f3n y como ha cambiado sus vidas. Adem\u00e1s, puedes asistir de forma voluntaria a sus instalaciones, se ubican en San Jos\u00e9 17, Colonia Felipe Carrillo Puerto, 76138 Santiago de Quer\u00e9taro, Qro.<\/p>\n<p>Si no vives en Quer\u00e9taro, pero quieres formar parte de esta fundaci\u00f3n, deber\u00e1s llenar un estudio socioecon\u00f3mico y despu\u00e9s de llenarlo, un miembro del equipo se pondr\u00e1 en contacto para seguir tu caso.<\/p>\n<p>Recuerda que tu salud mental es importante y si no cuentas con la compa\u00f1\u00eda de alguien, hay personas que estar\u00e1n dispuestas a darte la mano y acompa\u00f1arte en este camino.<\/p>\n","protected":false},"excerpt":{"rendered":"<p>En M\u00e9xico, hay un sinf\u00edn de instituciones u organismos que otorgan atenci\u00f3n a la salud mental; sin embargo, existe una organizaci\u00f3n que busca llevar a cabo esta labor desde el amor y brindar una atenci\u00f3n altamente especializada y digna para todos. La organizaci\u00f3n de la que estamos hablando es Fundaci\u00f3n Amor, una instituci\u00f3n sin fines [&hellip;]<\/p>\n","protected":false},"author":19,"featured_media":668,"comment_status":"open","ping_status":"closed","sticky":false,"template":"","format":"standard","meta":{"footnotes":""},"categories":[6],"tags":[],"class_list":["post-667","post","type-post","status-publish","format-standard","has-post-thumbnail","hentry","category-noticias"],"yoast_head":"<!-- This site is optimized with the Yoast SEO plugin v27.4 - https:\/\/yoast.com\/product\/yoast-seo-wordpress\/ -->\n<title>Fundaci\u00f3n Amor: Por la salud mental - Historias que inspiran...<\/title>\n<meta name=\"robots\" content=\"index, follow, max-snippet:-1, max-image-preview:large, max-video-preview:-1\" \/>\n<link rel=\"canonical\" href=\"https:\/\/somos-hermanos.mx\/index.php\/2025\/08\/04\/fundacion-amor-por-la-salud-mental\/\" \/>\n<meta property=\"og:locale\" content=\"es_MX\" \/>\n<meta property=\"og:type\" content=\"article\" \/>\n<meta property=\"og:title\" content=\"Fundaci\u00f3n Amor: Por la salud mental - Historias que inspiran...\" \/>\n<meta property=\"og:description\" content=\"En M\u00e9xico, hay un sinf\u00edn de instituciones u organismos que otorgan atenci\u00f3n a la salud mental; sin embargo, existe una organizaci\u00f3n que busca llevar a cabo esta labor desde el amor y brindar una atenci\u00f3n altamente especializada y digna para todos. La organizaci\u00f3n de la que estamos hablando es Fundaci\u00f3n Amor, una instituci\u00f3n sin fines [&hellip;]\" \/>\n<meta property=\"og:url\" content=\"https:\/\/somos-hermanos.mx\/index.php\/2025\/08\/04\/fundacion-amor-por-la-salud-mental\/\" \/>\n<meta property=\"og:site_name\" content=\"Historias que inspiran...\" \/>\n<meta property=\"article:publisher\" content=\"https:\/\/www.facebook.com\/SomosHermanosIAP\/\" \/>\n<meta property=\"article:published_time\" content=\"2025-08-04T07:44:15+00:00\" \/>\n<meta property=\"og:image\" content=\"https:\/\/somos-hermanos.mx\/wp-content\/uploads\/2025\/08\/amor1.jpeg\" \/>\n\t<meta property=\"og:image:width\" content=\"1280\" \/>\n\t<meta property=\"og:image:height\" content=\"960\" \/>\n\t<meta property=\"og:image:type\" content=\"image\/jpeg\" \/>\n<meta name=\"author\" content=\"Karina Hern\u00e1ndez Flores\" \/>\n<meta name=\"twitter:card\" content=\"summary_large_image\" \/>\n<meta name=\"twitter:creator\" content=\"@Somos__Hermanos\" \/>\n<meta name=\"twitter:site\" content=\"@Somos__Hermanos\" \/>\n<meta name=\"twitter:label1\" content=\"Escrito por\" \/>\n\t<meta name=\"twitter:data1\" content=\"Karina Hern\u00e1ndez Flores\" \/>\n\t<meta name=\"twitter:label2\" content=\"Tiempo de lectura\" \/>\n\t<meta name=\"twitter:data2\" content=\"3 minutos\" \/>\n<script type=\"application\/ld+json\" class=\"yoast-schema-graph\">{\"@context\":\"https:\\\/\\\/schema.org\",\"@graph\":[{\"@type\":\"Article\",\"@id\":\"https:\\\/\\\/somos-hermanos.mx\\\/index.php\\\/2025\\\/08\\\/04\\\/fundacion-amor-por-la-salud-mental\\\/#article\",\"isPartOf\":{\"@id\":\"https:\\\/\\\/somos-hermanos.mx\\\/index.php\\\/2025\\\/08\\\/04\\\/fundacion-amor-por-la-salud-mental\\\/\"},\"author\":{\"name\":\"Karina Hern\u00e1ndez Flores\",\"@id\":\"https:\\\/\\\/somos-hermanos.mx\\\/#\\\/schema\\\/person\\\/de3ab70150c2d9a40634e5ea37c6ef10\"},\"headline\":\"Fundaci\u00f3n Amor: Por la salud mental\",\"datePublished\":\"2025-08-04T07:44:15+00:00\",\"mainEntityOfPage\":{\"@id\":\"https:\\\/\\\/somos-hermanos.mx\\\/index.php\\\/2025\\\/08\\\/04\\\/fundacion-amor-por-la-salud-mental\\\/\"},\"wordCount\":600,\"commentCount\":0,\"publisher\":{\"@id\":\"https:\\\/\\\/somos-hermanos.mx\\\/#organization\"},\"image\":{\"@id\":\"https:\\\/\\\/somos-hermanos.mx\\\/index.php\\\/2025\\\/08\\\/04\\\/fundacion-amor-por-la-salud-mental\\\/#primaryimage\"},\"thumbnailUrl\":\"https:\\\/\\\/somos-hermanos.mx\\\/wp-content\\\/uploads\\\/2025\\\/08\\\/amor1.jpeg\",\"articleSection\":[\"Noticias\"],\"inLanguage\":\"es\",\"potentialAction\":[{\"@type\":\"CommentAction\",\"name\":\"Comment\",\"target\":[\"https:\\\/\\\/somos-hermanos.mx\\\/index.php\\\/2025\\\/08\\\/04\\\/fundacion-amor-por-la-salud-mental\\\/#respond\"]}]},{\"@type\":\"WebPage\",\"@id\":\"https:\\\/\\\/somos-hermanos.mx\\\/index.php\\\/2025\\\/08\\\/04\\\/fundacion-amor-por-la-salud-mental\\\/\",\"url\":\"https:\\\/\\\/somos-hermanos.mx\\\/index.php\\\/2025\\\/08\\\/04\\\/fundacion-amor-por-la-salud-mental\\\/\",\"name\":\"Fundaci\u00f3n Amor: Por la salud mental - Historias que inspiran...\",\"isPartOf\":{\"@id\":\"https:\\\/\\\/somos-hermanos.mx\\\/#website\"},\"primaryImageOfPage\":{\"@id\":\"https:\\\/\\\/somos-hermanos.mx\\\/index.php\\\/2025\\\/08\\\/04\\\/fundacion-amor-por-la-salud-mental\\\/#primaryimage\"},\"image\":{\"@id\":\"https:\\\/\\\/somos-hermanos.mx\\\/index.php\\\/2025\\\/08\\\/04\\\/fundacion-amor-por-la-salud-mental\\\/#primaryimage\"},\"thumbnailUrl\":\"https:\\\/\\\/somos-hermanos.mx\\\/wp-content\\\/uploads\\\/2025\\\/08\\\/amor1.jpeg\",\"datePublished\":\"2025-08-04T07:44:15+00:00\",\"breadcrumb\":{\"@id\":\"https:\\\/\\\/somos-hermanos.mx\\\/index.php\\\/2025\\\/08\\\/04\\\/fundacion-amor-por-la-salud-mental\\\/#breadcrumb\"},\"inLanguage\":\"es\",\"potentialAction\":[{\"@type\":\"ReadAction\",\"target\":[\"https:\\\/\\\/somos-hermanos.mx\\\/index.php\\\/2025\\\/08\\\/04\\\/fundacion-amor-por-la-salud-mental\\\/\"]}]},{\"@type\":\"ImageObject\",\"inLanguage\":\"es\",\"@id\":\"https:\\\/\\\/somos-hermanos.mx\\\/index.php\\\/2025\\\/08\\\/04\\\/fundacion-amor-por-la-salud-mental\\\/#primaryimage\",\"url\":\"https:\\\/\\\/somos-hermanos.mx\\\/wp-content\\\/uploads\\\/2025\\\/08\\\/amor1.jpeg\",\"contentUrl\":\"https:\\\/\\\/somos-hermanos.mx\\\/wp-content\\\/uploads\\\/2025\\\/08\\\/amor1.jpeg\",\"width\":1280,\"height\":960},{\"@type\":\"BreadcrumbList\",\"@id\":\"https:\\\/\\\/somos-hermanos.mx\\\/index.php\\\/2025\\\/08\\\/04\\\/fundacion-amor-por-la-salud-mental\\\/#breadcrumb\",\"itemListElement\":[{\"@type\":\"ListItem\",\"position\":1,\"name\":\"Inicio\",\"item\":\"https:\\\/\\\/somos-hermanos.mx\\\/\"},{\"@type\":\"ListItem\",\"position\":2,\"name\":\"Fundaci\u00f3n Amor: Por la salud mental\"}]},{\"@type\":\"WebSite\",\"@id\":\"https:\\\/\\\/somos-hermanos.mx\\\/#website\",\"url\":\"https:\\\/\\\/somos-hermanos.mx\\\/\",\"name\":\"Historias que inspiran...\",\"description\":\"Somos la voz del altruismo en M\u00e9xico\",\"publisher\":{\"@id\":\"https:\\\/\\\/somos-hermanos.mx\\\/#organization\"},\"potentialAction\":[{\"@type\":\"SearchAction\",\"target\":{\"@type\":\"EntryPoint\",\"urlTemplate\":\"https:\\\/\\\/somos-hermanos.mx\\\/?s={search_term_string}\"},\"query-input\":{\"@type\":\"PropertyValueSpecification\",\"valueRequired\":true,\"valueName\":\"search_term_string\"}}],\"inLanguage\":\"es\"},{\"@type\":\"Organization\",\"@id\":\"https:\\\/\\\/somos-hermanos.mx\\\/#organization\",\"name\":\"Somos Hermanos\",\"url\":\"https:\\\/\\\/somos-hermanos.mx\\\/\",\"logo\":{\"@type\":\"ImageObject\",\"inLanguage\":\"es\",\"@id\":\"https:\\\/\\\/somos-hermanos.mx\\\/#\\\/schema\\\/logo\\\/image\\\/\",\"url\":\"https:\\\/\\\/somos-hermanos.mx\\\/wp-content\\\/uploads\\\/2025\\\/08\\\/SH30-1.jpeg\",\"contentUrl\":\"https:\\\/\\\/somos-hermanos.mx\\\/wp-content\\\/uploads\\\/2025\\\/08\\\/SH30-1.jpeg\",\"width\":1600,\"height\":1142,\"caption\":\"Somos Hermanos\"},\"image\":{\"@id\":\"https:\\\/\\\/somos-hermanos.mx\\\/#\\\/schema\\\/logo\\\/image\\\/\"},\"sameAs\":[\"https:\\\/\\\/www.facebook.com\\\/SomosHermanosIAP\\\/\",\"https:\\\/\\\/x.com\\\/Somos__Hermanos\",\"https:\\\/\\\/www.instagram.com\\\/somos__hermanos\\\/#\",\"https:\\\/\\\/www.tiktok.com\\\/@somoshermanosiap\",\"https:\\\/\\\/www.youtube.com\\\/@somoshermanosiap1201\\\/videos\"]},{\"@type\":\"Person\",\"@id\":\"https:\\\/\\\/somos-hermanos.mx\\\/#\\\/schema\\\/person\\\/de3ab70150c2d9a40634e5ea37c6ef10\",\"name\":\"Karina Hern\u00e1ndez Flores\",\"image\":{\"@type\":\"ImageObject\",\"inLanguage\":\"es\",\"@id\":\"https:\\\/\\\/secure.gravatar.com\\\/avatar\\\/b881cf961dfbebfa1094490b61a3c10e871664dba37ac04c3a35065d40ed843c?s=96&d=mm&r=g\",\"url\":\"https:\\\/\\\/secure.gravatar.com\\\/avatar\\\/b881cf961dfbebfa1094490b61a3c10e871664dba37ac04c3a35065d40ed843c?s=96&d=mm&r=g\",\"contentUrl\":\"https:\\\/\\\/secure.gravatar.com\\\/avatar\\\/b881cf961dfbebfa1094490b61a3c10e871664dba37ac04c3a35065d40ed843c?s=96&d=mm&r=g\",\"caption\":\"Karina Hern\u00e1ndez Flores\"},\"url\":\"https:\\\/\\\/somos-hermanos.mx\\\/index.php\\\/author\\\/karina-hernandez-flores\\\/\"}]}<\/script>\n<!-- \/ Yoast SEO plugin. -->","yoast_head_json":{"title":"Fundaci\u00f3n Amor: Por la salud mental - Historias que inspiran...","robots":{"index":"index","follow":"follow","max-snippet":"max-snippet:-1","max-image-preview":"max-image-preview:large","max-video-preview":"max-video-preview:-1"},"canonical":"https:\/\/somos-hermanos.mx\/index.php\/2025\/08\/04\/fundacion-amor-por-la-salud-mental\/","og_locale":"es_MX","og_type":"article","og_title":"Fundaci\u00f3n Amor: Por la salud mental - Historias que inspiran...","og_description":"En M\u00e9xico, hay un sinf\u00edn de instituciones u organismos que otorgan atenci\u00f3n a la salud mental; sin embargo, existe una organizaci\u00f3n que busca llevar a cabo esta labor desde el amor y brindar una atenci\u00f3n altamente especializada y digna para todos. La organizaci\u00f3n de la que estamos hablando es Fundaci\u00f3n Amor, una instituci\u00f3n sin fines [&hellip;]","og_url":"https:\/\/somos-hermanos.mx\/index.php\/2025\/08\/04\/fundacion-amor-por-la-salud-mental\/","og_site_name":"Historias que inspiran...","article_publisher":"https:\/\/www.facebook.com\/SomosHermanosIAP\/","article_published_time":"2025-08-04T07:44:15+00:00","og_image":[{"width":1280,"height":960,"url":"https:\/\/somos-hermanos.mx\/wp-content\/uploads\/2025\/08\/amor1.jpeg","type":"image\/jpeg"}],"author":"Karina Hern\u00e1ndez Flores","twitter_card":"summary_large_image","twitter_creator":"@Somos__Hermanos","twitter_site":"@Somos__Hermanos","twitter_misc":{"Escrito por":"Karina Hern\u00e1ndez Flores","Tiempo de lectura":"3 minutos"},"schema":{"@context":"https:\/\/schema.org","@graph":[{"@type":"Article","@id":"https:\/\/somos-hermanos.mx\/index.php\/2025\/08\/04\/fundacion-amor-por-la-salud-mental\/#article","isPartOf":{"@id":"https:\/\/somos-hermanos.mx\/index.php\/2025\/08\/04\/fundacion-amor-por-la-salud-mental\/"},"author":{"name":"Karina Hern\u00e1ndez Flores","@id":"https:\/\/somos-hermanos.mx\/#\/schema\/person\/de3ab70150c2d9a40634e5ea37c6ef10"},"headline":"Fundaci\u00f3n Amor: Por la salud mental","datePublished":"2025-08-04T07:44:15+00:00","mainEntityOfPage":{"@id":"https:\/\/somos-hermanos.mx\/index.php\/2025\/08\/04\/fundacion-amor-por-la-salud-mental\/"},"wordCount":600,"commentCount":0,"publisher":{"@id":"https:\/\/somos-hermanos.mx\/#organization"},"image":{"@id":"https:\/\/somos-hermanos.mx\/index.php\/2025\/08\/04\/fundacion-amor-por-la-salud-mental\/#primaryimage"},"thumbnailUrl":"https:\/\/somos-hermanos.mx\/wp-content\/uploads\/2025\/08\/amor1.jpeg","articleSection":["Noticias"],"inLanguage":"es","potentialAction":[{"@type":"CommentAction","name":"Comment","target":["https:\/\/somos-hermanos.mx\/index.php\/2025\/08\/04\/fundacion-amor-por-la-salud-mental\/#respond"]}]},{"@type":"WebPage","@id":"https:\/\/somos-hermanos.mx\/index.php\/2025\/08\/04\/fundacion-amor-por-la-salud-mental\/","url":"https:\/\/somos-hermanos.mx\/index.php\/2025\/08\/04\/fundacion-amor-por-la-salud-mental\/","name":"Fundaci\u00f3n Amor: Por la salud mental - Historias que inspiran...","isPartOf":{"@id":"https:\/\/somos-hermanos.mx\/#website"},"primaryImageOfPage":{"@id":"https:\/\/somos-hermanos.mx\/index.php\/2025\/08\/04\/fundacion-amor-por-la-salud-mental\/#primaryimage"},"image":{"@id":"https:\/\/somos-hermanos.mx\/index.php\/2025\/08\/04\/fundacion-amor-por-la-salud-mental\/#primaryimage"},"thumbnailUrl":"https:\/\/somos-hermanos.mx\/wp-content\/uploads\/2025\/08\/amor1.jpeg","datePublished":"2025-08-04T07:44:15+00:00","breadcrumb":{"@id":"https:\/\/somos-hermanos.mx\/index.php\/2025\/08\/04\/fundacion-amor-por-la-salud-mental\/#breadcrumb"},"inLanguage":"es","potentialAction":[{"@type":"ReadAction","target":["https:\/\/somos-hermanos.mx\/index.php\/2025\/08\/04\/fundacion-amor-por-la-salud-mental\/"]}]},{"@type":"ImageObject","inLanguage":"es","@id":"https:\/\/somos-hermanos.mx\/index.php\/2025\/08\/04\/fundacion-amor-por-la-salud-mental\/#primaryimage","url":"https:\/\/somos-hermanos.mx\/wp-content\/uploads\/2025\/08\/amor1.jpeg","contentUrl":"https:\/\/somos-hermanos.mx\/wp-content\/uploads\/2025\/08\/amor1.jpeg","width":1280,"height":960},{"@type":"BreadcrumbList","@id":"https:\/\/somos-hermanos.mx\/index.php\/2025\/08\/04\/fundacion-amor-por-la-salud-mental\/#breadcrumb","itemListElement":[{"@type":"ListItem","position":1,"name":"Inicio","item":"https:\/\/somos-hermanos.mx\/"},{"@type":"ListItem","position":2,"name":"Fundaci\u00f3n Amor: Por la salud mental"}]},{"@type":"WebSite","@id":"https:\/\/somos-hermanos.mx\/#website","url":"https:\/\/somos-hermanos.mx\/","name":"Historias que inspiran...","description":"Somos la voz del altruismo en M\u00e9xico","publisher":{"@id":"https:\/\/somos-hermanos.mx\/#organization"},"potentialAction":[{"@type":"SearchAction","target":{"@type":"EntryPoint","urlTemplate":"https:\/\/somos-hermanos.mx\/?s={search_term_string}"},"query-input":{"@type":"PropertyValueSpecification","valueRequired":true,"valueName":"search_term_string"}}],"inLanguage":"es"},{"@type":"Organization","@id":"https:\/\/somos-hermanos.mx\/#organization","name":"Somos Hermanos","url":"https:\/\/somos-hermanos.mx\/","logo":{"@type":"ImageObject","inLanguage":"es","@id":"https:\/\/somos-hermanos.mx\/#\/schema\/logo\/image\/","url":"https:\/\/somos-hermanos.mx\/wp-content\/uploads\/2025\/08\/SH30-1.jpeg","contentUrl":"https:\/\/somos-hermanos.mx\/wp-content\/uploads\/2025\/08\/SH30-1.jpeg","width":1600,"height":1142,"caption":"Somos Hermanos"},"image":{"@id":"https:\/\/somos-hermanos.mx\/#\/schema\/logo\/image\/"},"sameAs":["https:\/\/www.facebook.com\/SomosHermanosIAP\/","https:\/\/x.com\/Somos__Hermanos","https:\/\/www.instagram.com\/somos__hermanos\/#","https:\/\/www.tiktok.com\/@somoshermanosiap","https:\/\/www.youtube.com\/@somoshermanosiap1201\/videos"]},{"@type":"Person","@id":"https:\/\/somos-hermanos.mx\/#\/schema\/person\/de3ab70150c2d9a40634e5ea37c6ef10","name":"Karina Hern\u00e1ndez Flores","image":{"@type":"ImageObject","inLanguage":"es","@id":"https:\/\/secure.gravatar.com\/avatar\/b881cf961dfbebfa1094490b61a3c10e871664dba37ac04c3a35065d40ed843c?s=96&d=mm&r=g","url":"https:\/\/secure.gravatar.com\/avatar\/b881cf961dfbebfa1094490b61a3c10e871664dba37ac04c3a35065d40ed843c?s=96&d=mm&r=g","contentUrl":"https:\/\/secure.gravatar.com\/avatar\/b881cf961dfbebfa1094490b61a3c10e871664dba37ac04c3a35065d40ed843c?s=96&d=mm&r=g","caption":"Karina Hern\u00e1ndez Flores"},"url":"https:\/\/somos-hermanos.mx\/index.php\/author\/karina-hernandez-flores\/"}]}},"_links":{"self":[{"href":"https:\/\/somos-hermanos.mx\/index.php\/wp-json\/wp\/v2\/posts\/667","targetHints":{"allow":["GET"]}}],"collection":[{"href":"https:\/\/somos-hermanos.mx\/index.php\/wp-json\/wp\/v2\/posts"}],"about":[{"href":"https:\/\/somos-hermanos.mx\/index.php\/wp-json\/wp\/v2\/types\/post"}],"author":[{"embeddable":true,"href":"https:\/\/somos-hermanos.mx\/index.php\/wp-json\/wp\/v2\/users\/19"}],"replies":[{"embeddable":true,"href":"https:\/\/somos-hermanos.mx\/index.php\/wp-json\/wp\/v2\/comments?post=667"}],"version-history":[{"count":1,"href":"https:\/\/somos-hermanos.mx\/index.php\/wp-json\/wp\/v2\/posts\/667\/revisions"}],"predecessor-version":[{"id":669,"href":"https:\/\/somos-hermanos.mx\/index.php\/wp-json\/wp\/v2\/posts\/667\/revisions\/669"}],"wp:featuredmedia":[{"embeddable":true,"href":"https:\/\/somos-hermanos.mx\/index.php\/wp-json\/wp\/v2\/media\/668"}],"wp:attachment":[{"href":"https:\/\/somos-hermanos.mx\/index.php\/wp-json\/wp\/v2\/media?parent=667"}],"wp:term":[{"taxonomy":"category","embeddable":true,"href":"https:\/\/somos-hermanos.mx\/index.php\/wp-json\/wp\/v2\/categories?post=667"},{"taxonomy":"post_tag","embeddable":true,"href":"https:\/\/somos-hermanos.mx\/index.php\/wp-json\/wp\/v2\/tags?post=667"}],"curies":[{"name":"wp","href":"https:\/\/api.w.org\/{rel}","templated":true}]}}