{"id":664,"date":"2025-08-04T01:42:35","date_gmt":"2025-08-04T07:42:35","guid":{"rendered":"https:\/\/somos-hermanos.mx\/?p=664"},"modified":"2025-08-04T01:42:35","modified_gmt":"2025-08-04T07:42:35","slug":"ensena-por-mexico-apuesta-por-la-equidad-educativa","status":"publish","type":"post","link":"https:\/\/somos-hermanos.mx\/index.php\/2025\/08\/04\/ensena-por-mexico-apuesta-por-la-equidad-educativa\/","title":{"rendered":"Ense\u00f1a Por M\u00e9xico apuesta por la equidad educativa"},"content":{"rendered":"<p>De acuerdo con la Organizaci\u00f3n de las Naciones Unidas (<strong>ONU<\/strong>), el <strong>liderazgo <\/strong>es esencial para una <strong>educaci\u00f3n de calidad,<\/strong>\u00a0un liderazgo que involucra varios niveles como l<strong>a comunidad, el gobierno y los docentes. <\/strong><\/p>\n<p>Y ya que la <strong>ONU <\/strong>ha descrito la educaci\u00f3n <strong>como un derecho humano<\/strong>, un <strong>bien p\u00fablico y una responsabilidad colectiva<\/strong>, se proclam\u00f3 el <strong>24 de enero<\/strong>\u00a0como <strong>D\u00eda Internacional de la Educaci\u00f3n<\/strong>, sin embargo, <strong>244 millones de ni\u00f1os y j\u00f3venes est\u00e1n sin escolarizar, 617 millones de ni\u00f1os y adolescentes no pueden leer ni tienen los conocimientos b\u00e1sicos de matem\u00e1ticas; de acuerdo con datos del a\u00f1o pasado. <\/strong><\/p>\n<p>Bajo este contexto, algunas <strong>organizaciones <\/strong>se dan a la tarea de invertir tiempo y recursos para <strong>mejorar la calidad de educaci\u00f3n en M\u00e9xico,<\/strong>\u00a0principalmente en <strong>escuelas p\u00fablicas y de zonas vulnerables, <\/strong>donde la <strong>desigualdad en materia de educaci\u00f3n <\/strong>se va acrecentando cada vez m\u00e1s. En <strong>2011 se form\u00f3 una organizaci\u00f3n formada por l\u00edderes con el compromiso de social de desarrollar en los ni\u00f1os y j\u00f3venes, habilidades acad\u00e9micas, socioemocionales y cognitivas dentro y fuera de comunidades escolares en situaci\u00f3n de vulnerabilidad. <\/strong><\/p>\n<p>Se caracteriza por ser <strong>un movimiento diverso e incluyente, comprometido con reducir la inequidad educativa, para que ni\u00f1os y j\u00f3venes con un gran potencial y recursos limitados alcancen su m\u00e1ximo potencial. <\/strong>Este es el movimiento <strong>Ense\u00f1a Por M\u00e9xico (PEM),<\/strong>\u00a0una organizaci\u00f3n enfocada en trabajar con los retos de la educaci\u00f3n en el pa\u00eds, pues de acuerdo con datos, <strong>8 millones de personas no cuentan con ning\u00fan tipo de escolaridad,<\/strong>\u00a0<strong>m\u00e1s de 1 mill\u00f3n 800 mil ni\u00f1os y ni\u00f1as no saben leer ni escribir, y solo el 20% de la poblaci\u00f3n mexicana cuenta con educaci\u00f3n superior. <\/strong><\/p>\n<p>Actualmente, Ense\u00f1a Por M\u00e9xico se encuentra <strong>presente en 13 estados de la Rep\u00fablica mexicana,<\/strong>\u00a0durante su trayectoria, han impacto <strong>a m\u00e1s de 189 mil ni\u00f1as, ni\u00f1os y j\u00f3venes a trav\u00e9s de m\u00e1s de mil profesionales de <\/strong>Ense\u00f1a Por M\u00e9xico (PEM), que han colaborado en 19 estados, en m\u00e1s de 930 centros educativos.<\/p>\n<p>El movimiento cuenta con un equipo de profesionales de nacionalidad mexicana, <strong>egresados de diferentes carreras, estudiantes, maestros, trabajadores de la escuela, padres de familia, organizaciones aliadas. <\/strong>Un grupo completo para llevar a cabo sus objetivos de <strong>compromiso con la educaci\u00f3n en M\u00e9xico y lograr igualdad de derechos,<\/strong>\u00a0as\u00ed como asegurar un mejor futuro para todos.<\/p>\n<p>Este mes de <strong>abril<\/strong>, Ense\u00f1a Por M\u00e9xico a<strong>brir\u00e1 su convocatoria 2025 para formar profesionales que se puedan sumar a escuelas o centros educativos por 2 a\u00f1os,<\/strong>\u00a0donde se comprometen a <strong>colaborar con una comunidad educativa. <\/strong><\/p>\n<p>Estos profesionales apoyar\u00e1n a estudiantes para alcanzar sus metas acad\u00e9micas y socioemocionales. <strong>Buscando impactar tanto en su desarrollo individual como en el fortalecimiento de las comunidades.<\/strong>\u00a0Desde la educaci\u00f3n inicial hasta media superior,<strong>\u00a0colaboran con quienes hacen posible que ni\u00f1as, ni\u00f1os y j\u00f3venes de desarrollen en entornos de aprendizajes seguros, sensibles y transformadores. <\/strong><\/p>\n<p>Actualmente la <strong>convocatoria <\/strong>contin\u00faa abierta al p\u00fablico y <strong>cerrar\u00e1 el 13 de abril<\/strong>, por ello, es imprescindible tomar en cuenta las fechas y estar al pendiente de su p\u00e1gina y redes sociales, con el objetivo de formar estudiantes aptos, con buen futuro y lograr la <strong>equidad educativa. <\/strong><\/p>\n","protected":false},"excerpt":{"rendered":"<p>De acuerdo con la Organizaci\u00f3n de las Naciones Unidas (ONU), el liderazgo es esencial para una educaci\u00f3n de calidad,\u00a0un liderazgo que involucra varios niveles como la comunidad, el gobierno y los docentes. Y ya que la ONU ha descrito la educaci\u00f3n como un derecho humano, un bien p\u00fablico y una responsabilidad colectiva, se proclam\u00f3 el [&hellip;]<\/p>\n","protected":false},"author":14,"featured_media":665,"comment_status":"open","ping_status":"closed","sticky":false,"template":"","format":"standard","meta":{"footnotes":""},"categories":[6],"tags":[],"class_list":["post-664","post","type-post","status-publish","format-standard","has-post-thumbnail","hentry","category-noticias"],"yoast_head":"<!-- This site is optimized with the Yoast SEO plugin v27.4 - https:\/\/yoast.com\/product\/yoast-seo-wordpress\/ -->\n<title>Ense\u00f1a Por M\u00e9xico apuesta por la equidad educativa - Historias que inspiran...<\/title>\n<meta name=\"robots\" content=\"index, follow, max-snippet:-1, max-image-preview:large, max-video-preview:-1\" \/>\n<link rel=\"canonical\" href=\"https:\/\/somos-hermanos.mx\/index.php\/2025\/08\/04\/ensena-por-mexico-apuesta-por-la-equidad-educativa\/\" \/>\n<meta property=\"og:locale\" content=\"es_MX\" \/>\n<meta property=\"og:type\" content=\"article\" \/>\n<meta property=\"og:title\" content=\"Ense\u00f1a Por M\u00e9xico apuesta por la equidad educativa - Historias que inspiran...\" \/>\n<meta property=\"og:description\" content=\"De acuerdo con la Organizaci\u00f3n de las Naciones Unidas (ONU), el liderazgo es esencial para una educaci\u00f3n de calidad,\u00a0un liderazgo que involucra varios niveles como la comunidad, el gobierno y los docentes. Y ya que la ONU ha descrito la educaci\u00f3n como un derecho humano, un bien p\u00fablico y una responsabilidad colectiva, se proclam\u00f3 el [&hellip;]\" \/>\n<meta property=\"og:url\" content=\"https:\/\/somos-hermanos.mx\/index.php\/2025\/08\/04\/ensena-por-mexico-apuesta-por-la-equidad-educativa\/\" \/>\n<meta property=\"og:site_name\" content=\"Historias que inspiran...\" \/>\n<meta property=\"article:publisher\" content=\"https:\/\/www.facebook.com\/SomosHermanosIAP\/\" \/>\n<meta property=\"article:published_time\" content=\"2025-08-04T07:42:35+00:00\" \/>\n<meta property=\"og:image\" content=\"https:\/\/somos-hermanos.mx\/wp-content\/uploads\/2025\/08\/ensen\u0303a2.jpeg\" \/>\n\t<meta property=\"og:image:width\" content=\"1600\" \/>\n\t<meta property=\"og:image:height\" content=\"1600\" \/>\n\t<meta property=\"og:image:type\" content=\"image\/jpeg\" \/>\n<meta name=\"author\" content=\"Ivon D\u00edaz Rojas\" \/>\n<meta name=\"twitter:card\" content=\"summary_large_image\" \/>\n<meta name=\"twitter:creator\" content=\"@Somos__Hermanos\" \/>\n<meta name=\"twitter:site\" content=\"@Somos__Hermanos\" \/>\n<meta name=\"twitter:label1\" content=\"Escrito por\" \/>\n\t<meta name=\"twitter:data1\" content=\"Ivon D\u00edaz Rojas\" \/>\n\t<meta name=\"twitter:label2\" content=\"Tiempo de lectura\" \/>\n\t<meta name=\"twitter:data2\" content=\"3 minutos\" \/>\n<script type=\"application\/ld+json\" class=\"yoast-schema-graph\">{\"@context\":\"https:\\\/\\\/schema.org\",\"@graph\":[{\"@type\":\"Article\",\"@id\":\"https:\\\/\\\/somos-hermanos.mx\\\/index.php\\\/2025\\\/08\\\/04\\\/ensena-por-mexico-apuesta-por-la-equidad-educativa\\\/#article\",\"isPartOf\":{\"@id\":\"https:\\\/\\\/somos-hermanos.mx\\\/index.php\\\/2025\\\/08\\\/04\\\/ensena-por-mexico-apuesta-por-la-equidad-educativa\\\/\"},\"author\":{\"name\":\"Ivon D\u00edaz Rojas\",\"@id\":\"https:\\\/\\\/somos-hermanos.mx\\\/#\\\/schema\\\/person\\\/ca47b05d4e7735cde01b6c20df3ff500\"},\"headline\":\"Ense\u00f1a Por M\u00e9xico apuesta por la equidad educativa\",\"datePublished\":\"2025-08-04T07:42:35+00:00\",\"mainEntityOfPage\":{\"@id\":\"https:\\\/\\\/somos-hermanos.mx\\\/index.php\\\/2025\\\/08\\\/04\\\/ensena-por-mexico-apuesta-por-la-equidad-educativa\\\/\"},\"wordCount\":576,\"commentCount\":0,\"publisher\":{\"@id\":\"https:\\\/\\\/somos-hermanos.mx\\\/#organization\"},\"image\":{\"@id\":\"https:\\\/\\\/somos-hermanos.mx\\\/index.php\\\/2025\\\/08\\\/04\\\/ensena-por-mexico-apuesta-por-la-equidad-educativa\\\/#primaryimage\"},\"thumbnailUrl\":\"https:\\\/\\\/somos-hermanos.mx\\\/wp-content\\\/uploads\\\/2025\\\/08\\\/ensen\u0303a2.jpeg\",\"articleSection\":[\"Noticias\"],\"inLanguage\":\"es\",\"potentialAction\":[{\"@type\":\"CommentAction\",\"name\":\"Comment\",\"target\":[\"https:\\\/\\\/somos-hermanos.mx\\\/index.php\\\/2025\\\/08\\\/04\\\/ensena-por-mexico-apuesta-por-la-equidad-educativa\\\/#respond\"]}]},{\"@type\":\"WebPage\",\"@id\":\"https:\\\/\\\/somos-hermanos.mx\\\/index.php\\\/2025\\\/08\\\/04\\\/ensena-por-mexico-apuesta-por-la-equidad-educativa\\\/\",\"url\":\"https:\\\/\\\/somos-hermanos.mx\\\/index.php\\\/2025\\\/08\\\/04\\\/ensena-por-mexico-apuesta-por-la-equidad-educativa\\\/\",\"name\":\"Ense\u00f1a Por M\u00e9xico apuesta por la equidad educativa - Historias que inspiran...\",\"isPartOf\":{\"@id\":\"https:\\\/\\\/somos-hermanos.mx\\\/#website\"},\"primaryImageOfPage\":{\"@id\":\"https:\\\/\\\/somos-hermanos.mx\\\/index.php\\\/2025\\\/08\\\/04\\\/ensena-por-mexico-apuesta-por-la-equidad-educativa\\\/#primaryimage\"},\"image\":{\"@id\":\"https:\\\/\\\/somos-hermanos.mx\\\/index.php\\\/2025\\\/08\\\/04\\\/ensena-por-mexico-apuesta-por-la-equidad-educativa\\\/#primaryimage\"},\"thumbnailUrl\":\"https:\\\/\\\/somos-hermanos.mx\\\/wp-content\\\/uploads\\\/2025\\\/08\\\/ensen\u0303a2.jpeg\",\"datePublished\":\"2025-08-04T07:42:35+00:00\",\"breadcrumb\":{\"@id\":\"https:\\\/\\\/somos-hermanos.mx\\\/index.php\\\/2025\\\/08\\\/04\\\/ensena-por-mexico-apuesta-por-la-equidad-educativa\\\/#breadcrumb\"},\"inLanguage\":\"es\",\"potentialAction\":[{\"@type\":\"ReadAction\",\"target\":[\"https:\\\/\\\/somos-hermanos.mx\\\/index.php\\\/2025\\\/08\\\/04\\\/ensena-por-mexico-apuesta-por-la-equidad-educativa\\\/\"]}]},{\"@type\":\"ImageObject\",\"inLanguage\":\"es\",\"@id\":\"https:\\\/\\\/somos-hermanos.mx\\\/index.php\\\/2025\\\/08\\\/04\\\/ensena-por-mexico-apuesta-por-la-equidad-educativa\\\/#primaryimage\",\"url\":\"https:\\\/\\\/somos-hermanos.mx\\\/wp-content\\\/uploads\\\/2025\\\/08\\\/ensen\u0303a2.jpeg\",\"contentUrl\":\"https:\\\/\\\/somos-hermanos.mx\\\/wp-content\\\/uploads\\\/2025\\\/08\\\/ensen\u0303a2.jpeg\",\"width\":1600,\"height\":1600},{\"@type\":\"BreadcrumbList\",\"@id\":\"https:\\\/\\\/somos-hermanos.mx\\\/index.php\\\/2025\\\/08\\\/04\\\/ensena-por-mexico-apuesta-por-la-equidad-educativa\\\/#breadcrumb\",\"itemListElement\":[{\"@type\":\"ListItem\",\"position\":1,\"name\":\"Inicio\",\"item\":\"https:\\\/\\\/somos-hermanos.mx\\\/\"},{\"@type\":\"ListItem\",\"position\":2,\"name\":\"Ense\u00f1a Por M\u00e9xico apuesta por la equidad educativa\"}]},{\"@type\":\"WebSite\",\"@id\":\"https:\\\/\\\/somos-hermanos.mx\\\/#website\",\"url\":\"https:\\\/\\\/somos-hermanos.mx\\\/\",\"name\":\"Historias que inspiran...\",\"description\":\"Somos la voz del altruismo en M\u00e9xico\",\"publisher\":{\"@id\":\"https:\\\/\\\/somos-hermanos.mx\\\/#organization\"},\"potentialAction\":[{\"@type\":\"SearchAction\",\"target\":{\"@type\":\"EntryPoint\",\"urlTemplate\":\"https:\\\/\\\/somos-hermanos.mx\\\/?s={search_term_string}\"},\"query-input\":{\"@type\":\"PropertyValueSpecification\",\"valueRequired\":true,\"valueName\":\"search_term_string\"}}],\"inLanguage\":\"es\"},{\"@type\":\"Organization\",\"@id\":\"https:\\\/\\\/somos-hermanos.mx\\\/#organization\",\"name\":\"Somos Hermanos\",\"url\":\"https:\\\/\\\/somos-hermanos.mx\\\/\",\"logo\":{\"@type\":\"ImageObject\",\"inLanguage\":\"es\",\"@id\":\"https:\\\/\\\/somos-hermanos.mx\\\/#\\\/schema\\\/logo\\\/image\\\/\",\"url\":\"https:\\\/\\\/somos-hermanos.mx\\\/wp-content\\\/uploads\\\/2025\\\/08\\\/SH30-1.jpeg\",\"contentUrl\":\"https:\\\/\\\/somos-hermanos.mx\\\/wp-content\\\/uploads\\\/2025\\\/08\\\/SH30-1.jpeg\",\"width\":1600,\"height\":1142,\"caption\":\"Somos Hermanos\"},\"image\":{\"@id\":\"https:\\\/\\\/somos-hermanos.mx\\\/#\\\/schema\\\/logo\\\/image\\\/\"},\"sameAs\":[\"https:\\\/\\\/www.facebook.com\\\/SomosHermanosIAP\\\/\",\"https:\\\/\\\/x.com\\\/Somos__Hermanos\",\"https:\\\/\\\/www.instagram.com\\\/somos__hermanos\\\/#\",\"https:\\\/\\\/www.tiktok.com\\\/@somoshermanosiap\",\"https:\\\/\\\/www.youtube.com\\\/@somoshermanosiap1201\\\/videos\"]},{\"@type\":\"Person\",\"@id\":\"https:\\\/\\\/somos-hermanos.mx\\\/#\\\/schema\\\/person\\\/ca47b05d4e7735cde01b6c20df3ff500\",\"name\":\"Ivon D\u00edaz Rojas\",\"image\":{\"@type\":\"ImageObject\",\"inLanguage\":\"es\",\"@id\":\"https:\\\/\\\/secure.gravatar.com\\\/avatar\\\/1c19107828bb690213f343d5aa89eef40d6744894d5f632754fec79e3043dbb3?s=96&d=mm&r=g\",\"url\":\"https:\\\/\\\/secure.gravatar.com\\\/avatar\\\/1c19107828bb690213f343d5aa89eef40d6744894d5f632754fec79e3043dbb3?s=96&d=mm&r=g\",\"contentUrl\":\"https:\\\/\\\/secure.gravatar.com\\\/avatar\\\/1c19107828bb690213f343d5aa89eef40d6744894d5f632754fec79e3043dbb3?s=96&d=mm&r=g\",\"caption\":\"Ivon D\u00edaz Rojas\"},\"url\":\"https:\\\/\\\/somos-hermanos.mx\\\/index.php\\\/author\\\/ivon-diaz-rojas\\\/\"}]}<\/script>\n<!-- \/ Yoast SEO plugin. -->","yoast_head_json":{"title":"Ense\u00f1a Por M\u00e9xico apuesta por la equidad educativa - Historias que inspiran...","robots":{"index":"index","follow":"follow","max-snippet":"max-snippet:-1","max-image-preview":"max-image-preview:large","max-video-preview":"max-video-preview:-1"},"canonical":"https:\/\/somos-hermanos.mx\/index.php\/2025\/08\/04\/ensena-por-mexico-apuesta-por-la-equidad-educativa\/","og_locale":"es_MX","og_type":"article","og_title":"Ense\u00f1a Por M\u00e9xico apuesta por la equidad educativa - Historias que inspiran...","og_description":"De acuerdo con la Organizaci\u00f3n de las Naciones Unidas (ONU), el liderazgo es esencial para una educaci\u00f3n de calidad,\u00a0un liderazgo que involucra varios niveles como la comunidad, el gobierno y los docentes. Y ya que la ONU ha descrito la educaci\u00f3n como un derecho humano, un bien p\u00fablico y una responsabilidad colectiva, se proclam\u00f3 el [&hellip;]","og_url":"https:\/\/somos-hermanos.mx\/index.php\/2025\/08\/04\/ensena-por-mexico-apuesta-por-la-equidad-educativa\/","og_site_name":"Historias que inspiran...","article_publisher":"https:\/\/www.facebook.com\/SomosHermanosIAP\/","article_published_time":"2025-08-04T07:42:35+00:00","og_image":[{"width":1600,"height":1600,"url":"https:\/\/somos-hermanos.mx\/wp-content\/uploads\/2025\/08\/ensen\u0303a2.jpeg","type":"image\/jpeg"}],"author":"Ivon D\u00edaz Rojas","twitter_card":"summary_large_image","twitter_creator":"@Somos__Hermanos","twitter_site":"@Somos__Hermanos","twitter_misc":{"Escrito por":"Ivon D\u00edaz Rojas","Tiempo de lectura":"3 minutos"},"schema":{"@context":"https:\/\/schema.org","@graph":[{"@type":"Article","@id":"https:\/\/somos-hermanos.mx\/index.php\/2025\/08\/04\/ensena-por-mexico-apuesta-por-la-equidad-educativa\/#article","isPartOf":{"@id":"https:\/\/somos-hermanos.mx\/index.php\/2025\/08\/04\/ensena-por-mexico-apuesta-por-la-equidad-educativa\/"},"author":{"name":"Ivon D\u00edaz Rojas","@id":"https:\/\/somos-hermanos.mx\/#\/schema\/person\/ca47b05d4e7735cde01b6c20df3ff500"},"headline":"Ense\u00f1a Por M\u00e9xico apuesta por la equidad educativa","datePublished":"2025-08-04T07:42:35+00:00","mainEntityOfPage":{"@id":"https:\/\/somos-hermanos.mx\/index.php\/2025\/08\/04\/ensena-por-mexico-apuesta-por-la-equidad-educativa\/"},"wordCount":576,"commentCount":0,"publisher":{"@id":"https:\/\/somos-hermanos.mx\/#organization"},"image":{"@id":"https:\/\/somos-hermanos.mx\/index.php\/2025\/08\/04\/ensena-por-mexico-apuesta-por-la-equidad-educativa\/#primaryimage"},"thumbnailUrl":"https:\/\/somos-hermanos.mx\/wp-content\/uploads\/2025\/08\/ensen\u0303a2.jpeg","articleSection":["Noticias"],"inLanguage":"es","potentialAction":[{"@type":"CommentAction","name":"Comment","target":["https:\/\/somos-hermanos.mx\/index.php\/2025\/08\/04\/ensena-por-mexico-apuesta-por-la-equidad-educativa\/#respond"]}]},{"@type":"WebPage","@id":"https:\/\/somos-hermanos.mx\/index.php\/2025\/08\/04\/ensena-por-mexico-apuesta-por-la-equidad-educativa\/","url":"https:\/\/somos-hermanos.mx\/index.php\/2025\/08\/04\/ensena-por-mexico-apuesta-por-la-equidad-educativa\/","name":"Ense\u00f1a Por M\u00e9xico apuesta por la equidad educativa - Historias que inspiran...","isPartOf":{"@id":"https:\/\/somos-hermanos.mx\/#website"},"primaryImageOfPage":{"@id":"https:\/\/somos-hermanos.mx\/index.php\/2025\/08\/04\/ensena-por-mexico-apuesta-por-la-equidad-educativa\/#primaryimage"},"image":{"@id":"https:\/\/somos-hermanos.mx\/index.php\/2025\/08\/04\/ensena-por-mexico-apuesta-por-la-equidad-educativa\/#primaryimage"},"thumbnailUrl":"https:\/\/somos-hermanos.mx\/wp-content\/uploads\/2025\/08\/ensen\u0303a2.jpeg","datePublished":"2025-08-04T07:42:35+00:00","breadcrumb":{"@id":"https:\/\/somos-hermanos.mx\/index.php\/2025\/08\/04\/ensena-por-mexico-apuesta-por-la-equidad-educativa\/#breadcrumb"},"inLanguage":"es","potentialAction":[{"@type":"ReadAction","target":["https:\/\/somos-hermanos.mx\/index.php\/2025\/08\/04\/ensena-por-mexico-apuesta-por-la-equidad-educativa\/"]}]},{"@type":"ImageObject","inLanguage":"es","@id":"https:\/\/somos-hermanos.mx\/index.php\/2025\/08\/04\/ensena-por-mexico-apuesta-por-la-equidad-educativa\/#primaryimage","url":"https:\/\/somos-hermanos.mx\/wp-content\/uploads\/2025\/08\/ensen\u0303a2.jpeg","contentUrl":"https:\/\/somos-hermanos.mx\/wp-content\/uploads\/2025\/08\/ensen\u0303a2.jpeg","width":1600,"height":1600},{"@type":"BreadcrumbList","@id":"https:\/\/somos-hermanos.mx\/index.php\/2025\/08\/04\/ensena-por-mexico-apuesta-por-la-equidad-educativa\/#breadcrumb","itemListElement":[{"@type":"ListItem","position":1,"name":"Inicio","item":"https:\/\/somos-hermanos.mx\/"},{"@type":"ListItem","position":2,"name":"Ense\u00f1a Por M\u00e9xico apuesta por la equidad educativa"}]},{"@type":"WebSite","@id":"https:\/\/somos-hermanos.mx\/#website","url":"https:\/\/somos-hermanos.mx\/","name":"Historias que inspiran...","description":"Somos la voz del altruismo en M\u00e9xico","publisher":{"@id":"https:\/\/somos-hermanos.mx\/#organization"},"potentialAction":[{"@type":"SearchAction","target":{"@type":"EntryPoint","urlTemplate":"https:\/\/somos-hermanos.mx\/?s={search_term_string}"},"query-input":{"@type":"PropertyValueSpecification","valueRequired":true,"valueName":"search_term_string"}}],"inLanguage":"es"},{"@type":"Organization","@id":"https:\/\/somos-hermanos.mx\/#organization","name":"Somos Hermanos","url":"https:\/\/somos-hermanos.mx\/","logo":{"@type":"ImageObject","inLanguage":"es","@id":"https:\/\/somos-hermanos.mx\/#\/schema\/logo\/image\/","url":"https:\/\/somos-hermanos.mx\/wp-content\/uploads\/2025\/08\/SH30-1.jpeg","contentUrl":"https:\/\/somos-hermanos.mx\/wp-content\/uploads\/2025\/08\/SH30-1.jpeg","width":1600,"height":1142,"caption":"Somos Hermanos"},"image":{"@id":"https:\/\/somos-hermanos.mx\/#\/schema\/logo\/image\/"},"sameAs":["https:\/\/www.facebook.com\/SomosHermanosIAP\/","https:\/\/x.com\/Somos__Hermanos","https:\/\/www.instagram.com\/somos__hermanos\/#","https:\/\/www.tiktok.com\/@somoshermanosiap","https:\/\/www.youtube.com\/@somoshermanosiap1201\/videos"]},{"@type":"Person","@id":"https:\/\/somos-hermanos.mx\/#\/schema\/person\/ca47b05d4e7735cde01b6c20df3ff500","name":"Ivon D\u00edaz Rojas","image":{"@type":"ImageObject","inLanguage":"es","@id":"https:\/\/secure.gravatar.com\/avatar\/1c19107828bb690213f343d5aa89eef40d6744894d5f632754fec79e3043dbb3?s=96&d=mm&r=g","url":"https:\/\/secure.gravatar.com\/avatar\/1c19107828bb690213f343d5aa89eef40d6744894d5f632754fec79e3043dbb3?s=96&d=mm&r=g","contentUrl":"https:\/\/secure.gravatar.com\/avatar\/1c19107828bb690213f343d5aa89eef40d6744894d5f632754fec79e3043dbb3?s=96&d=mm&r=g","caption":"Ivon D\u00edaz Rojas"},"url":"https:\/\/somos-hermanos.mx\/index.php\/author\/ivon-diaz-rojas\/"}]}},"_links":{"self":[{"href":"https:\/\/somos-hermanos.mx\/index.php\/wp-json\/wp\/v2\/posts\/664","targetHints":{"allow":["GET"]}}],"collection":[{"href":"https:\/\/somos-hermanos.mx\/index.php\/wp-json\/wp\/v2\/posts"}],"about":[{"href":"https:\/\/somos-hermanos.mx\/index.php\/wp-json\/wp\/v2\/types\/post"}],"author":[{"embeddable":true,"href":"https:\/\/somos-hermanos.mx\/index.php\/wp-json\/wp\/v2\/users\/14"}],"replies":[{"embeddable":true,"href":"https:\/\/somos-hermanos.mx\/index.php\/wp-json\/wp\/v2\/comments?post=664"}],"version-history":[{"count":1,"href":"https:\/\/somos-hermanos.mx\/index.php\/wp-json\/wp\/v2\/posts\/664\/revisions"}],"predecessor-version":[{"id":666,"href":"https:\/\/somos-hermanos.mx\/index.php\/wp-json\/wp\/v2\/posts\/664\/revisions\/666"}],"wp:featuredmedia":[{"embeddable":true,"href":"https:\/\/somos-hermanos.mx\/index.php\/wp-json\/wp\/v2\/media\/665"}],"wp:attachment":[{"href":"https:\/\/somos-hermanos.mx\/index.php\/wp-json\/wp\/v2\/media?parent=664"}],"wp:term":[{"taxonomy":"category","embeddable":true,"href":"https:\/\/somos-hermanos.mx\/index.php\/wp-json\/wp\/v2\/categories?post=664"},{"taxonomy":"post_tag","embeddable":true,"href":"https:\/\/somos-hermanos.mx\/index.php\/wp-json\/wp\/v2\/tags?post=664"}],"curies":[{"name":"wp","href":"https:\/\/api.w.org\/{rel}","templated":true}]}}