{"id":661,"date":"2025-08-04T01:41:16","date_gmt":"2025-08-04T07:41:16","guid":{"rendered":"https:\/\/somos-hermanos.mx\/?p=661"},"modified":"2025-08-04T01:41:16","modified_gmt":"2025-08-04T07:41:16","slug":"grupo-fabry-del-diagnostico-tardio-a-una-red-que-salva-vidas","status":"publish","type":"post","link":"https:\/\/somos-hermanos.mx\/index.php\/2025\/08\/04\/grupo-fabry-del-diagnostico-tardio-a-una-red-que-salva-vidas\/","title":{"rendered":"Grupo Fabry: Del diagn\u00f3stico tard\u00edo a una red que salva vidas"},"content":{"rendered":"<p>En un pa\u00eds donde las enfermedades raras muchas veces pasan desapercibidas, <strong>Grupo Fabry de M\u00e9xico IAP<\/strong>\u00a0ha logrado algo extraordinario: construir una comunidad s\u00f3lida, emp\u00e1tica y activa que no solo acompa\u00f1a a pacientes y familias, sino que tambi\u00e9n lucha por transformar el sistema de salud desde adentro.<\/p>\n<p>Fundada el <strong>22 de julio de 2002<\/strong>, esta instituci\u00f3n sin fines de lucro se ha convertido en un faro de esperanza para quienes padecen enfermedades de dep\u00f3sito lisosomal, como <strong>Fabry, Gaucher, Pompe, CLN2<\/strong>\u00a0y distintas <strong>mucopolisacaridosis (MPSI, MPSII, MPSIII, MPSIV-A, MPSVI y MPSVII)<\/strong>.<\/p>\n<p>Detr\u00e1s de cada caso, hay una historia de b\u00fasqueda, incertidumbre y resistencia. Por eso, Grupo Fabry no solo informa: <strong>acompa\u00f1a, gestiona, defiende y construye puentes<\/strong>\u00a0entre pacientes, m\u00e9dicos, autoridades y aliados clave. Su prop\u00f3sito es claro: <strong>garantizar atenci\u00f3n m\u00e9dica temprana y efectiva, fortalecer el tejido humano y mejorar la calidad de vida de quienes enfrentan estas enfermedades poco frecuentes, pero profundamente impactantes<\/strong>.<\/p>\n<p>La <strong>enfermedad de Fabry<\/strong>, tambi\u00e9n conocida como <em>angioqueratoma corporis diffusum universale<\/em>\u00a0o <em>Morbus Fabry<\/em>, fue documentada por primera vez en 1898 por los dermat\u00f3logos William Anderson (Inglaterra) y Johann Fabry (Alemania). Hoy se sabe que este padecimiento hereditario, ligado al cromosoma X, tiene una incidencia de <strong>1 en cada 40,000 personas<\/strong>\u00a0y forma parte de los m\u00e1s de <strong>40 trastornos por almacenamiento lisosomal<\/strong>.<\/p>\n<p>La causa: una <strong>deficiencia de la enzima alfa-galactosidasa A (alfa-GAL)<\/strong>\u00a0que impide la correcta degradaci\u00f3n de l\u00edpidos como el GL-3, acumul\u00e1ndose progresivamente en c\u00e9lulas de \u00f3rganos vitales \u2014especialmente vasos sangu\u00edneos, coraz\u00f3n, ri\u00f1ones y sistema nervioso\u2014. Esto provoca un deterioro multisist\u00e9mico que, si no se detecta y trata a tiempo, <strong>reduce dr\u00e1sticamente la esperanza de vida<\/strong>, con fallecimientos que com\u00fanmente se deben a fallos card\u00edacos o eventos cerebrovasculares.<\/p>\n<p>Lo m\u00e1s alarmante es que, a pesar de que los s\u00edntomas suelen presentarse desde la infancia \u2014dolor extremo, fatiga cr\u00f3nica, intolerancia al calor, erupciones cut\u00e1neas, problemas renales y cardiovasculares\u2014, <strong>el diagn\u00f3stico suele retrasarse hasta la adultez<\/strong>, cuando ya existen da\u00f1os severos. Por eso, <strong>el diagn\u00f3stico temprano no solo es deseable, es vital<\/strong>.<\/p>\n<p>Grupo Fabry de M\u00e9xico ha entendido que <strong>el tratamiento va m\u00e1s all\u00e1 del medicamento<\/strong>. Su enfoque integral pone en el centro a la persona, no solo al paciente. Esto se refleja en una serie de acciones estrat\u00e9gicas y humanas:<\/p>\n<p>\ud83d\udd39\u00a0<strong>Asegura el acceso oportuno a tratamientos<\/strong>\u00a0mediante la gesti\u00f3n de tr\u00e1mites con las instituciones de salud p\u00fablica.<br \/>\n\ud83d\udd39\u00a0<strong>Fomenta redes de apoyo emocional y social<\/strong>\u00a0que impulsan la adherencia terap\u00e9utica y la conciencia del autocuidado.<br \/>\n\ud83d\udd39\u00a0<strong>Organiza reuniones anuales<\/strong>\u00a0con pacientes, familiares y especialistas de talla internacional para difundir avances cient\u00edficos y fortalecer la confianza en el proceso m\u00e9dico.<br \/>\n\ud83d\udd39\u00a0<strong>Propone la creaci\u00f3n de un padr\u00f3n nacional de pacientes con enfermedades lisosomales<\/strong>, clave para fines de control, investigaci\u00f3n y planeaci\u00f3n de pol\u00edticas p\u00fablicas.<br \/>\n\ud83d\udd39\u00a0<strong>Incide en el marco jur\u00eddico<\/strong>\u00a0para promover reformas legales, asignaciones presupuestarias y normativas que faciliten el acceso a tratamientos y reduzcan la carga burocr\u00e1tica.<br \/>\n\ud83d\udd39\u00a0<strong>Conecta con asociaciones nacionales e internacionales<\/strong>, generando sinergias y fortaleciendo la voz colectiva ante gobiernos y farmac\u00e9uticas.<br \/>\n\ud83d\udd39\u00a0<strong>Dise\u00f1a estrategias de comunicaci\u00f3n diferenciadas<\/strong>\u00a0que alcanzan con precisi\u00f3n a pacientes, m\u00e9dicos, acad\u00e9micos, autoridades, legisladores, medios y p\u00fablico general.<\/p>\n<p>Dentro de sus m\u00faltiples iniciativas, destaca el programa <strong>Uniendo Lazos<\/strong>, dirigido a personas con <strong>amiloidosis hereditaria<\/strong>, una enfermedad gen\u00e9tica grave causada por el dep\u00f3sito an\u00f3malo de la prote\u00edna transtiretina (TTR) en \u00f3rganos vitales como coraz\u00f3n, h\u00edgado, ri\u00f1ones y sistema nervioso.<\/p>\n<p>Esta condici\u00f3n, altamente invalidante, se manifiesta con s\u00edntomas como neuropat\u00eda perif\u00e9rica, disfunciones auton\u00f3micas, fatiga extrema, problemas gastrointestinales y fallos org\u00e1nicos. La detecci\u00f3n temprana es compleja, pero crucial. Se requieren estudios gen\u00e9ticos, biopsias y pruebas especializadas que no siempre est\u00e1n disponibles o al alcance econ\u00f3mico del paciente.<\/p>\n<p>Ante este panorama, Grupo Fabry act\u00faa como un <strong>puente entre el diagn\u00f3stico y el tratamiento<\/strong>: orienta, acompa\u00f1a, facilita el acceso a terapias avanzadas y promueve un abordaje humano, personalizado y esperanzador.<\/p>\n<p>Grupo Fabry no trabaja solo por una causa, sino por muchas vidas. Con cada acci\u00f3n, reafirma su compromiso de construir un sistema de salud m\u00e1s justo, m\u00e1s informado y m\u00e1s emp\u00e1tico. Su lucha no termina en el diagn\u00f3stico, ni en el tratamiento; contin\u00faa en la generaci\u00f3n de <strong>cambios estructurales<\/strong>, en la <strong>formaci\u00f3n de comunidades resilientes<\/strong>\u00a0y en la creaci\u00f3n de un entorno donde vivir con una enfermedad rara <strong>no sea sin\u00f3nimo de aislamiento ni abandono<\/strong>.<\/p>\n<p>Porque donde muchos solo ven una enfermedad rara, Grupo Fabry construye comunidad, impulsa el cambio y transforma cada historia en una causa con prop\u00f3sito. Hoy m\u00e1s que nunca, su labor nos recuerda que la visibilidad es el primer paso hacia la justicia. Para conocer m\u00e1s sobre su trabajo y sumarte a esta red de esperanza, visita su sitio web oficial:<a href=\"https:\/\/www.grupofabrymexico.org\/\">\u00a0<\/a><a href=\"https:\/\/www.grupofabrymexico.org\/\"><u>https:\/\/www.grupofabrymexico.org\/<\/u><\/a><\/p>\n","protected":false},"excerpt":{"rendered":"<p>En un pa\u00eds donde las enfermedades raras muchas veces pasan desapercibidas, Grupo Fabry de M\u00e9xico IAP\u00a0ha logrado algo extraordinario: construir una comunidad s\u00f3lida, emp\u00e1tica y activa que no solo acompa\u00f1a a pacientes y familias, sino que tambi\u00e9n lucha por transformar el sistema de salud desde adentro. Fundada el 22 de julio de 2002, esta instituci\u00f3n [&hellip;]<\/p>\n","protected":false},"author":6,"featured_media":662,"comment_status":"open","ping_status":"closed","sticky":false,"template":"","format":"standard","meta":{"footnotes":""},"categories":[6],"tags":[],"class_list":["post-661","post","type-post","status-publish","format-standard","has-post-thumbnail","hentry","category-noticias"],"yoast_head":"<!-- This site is optimized with the Yoast SEO plugin v27.4 - https:\/\/yoast.com\/product\/yoast-seo-wordpress\/ -->\n<title>Grupo Fabry: Del diagn\u00f3stico tard\u00edo a una red que salva vidas - Historias que inspiran...<\/title>\n<meta name=\"robots\" content=\"index, follow, max-snippet:-1, max-image-preview:large, max-video-preview:-1\" \/>\n<link rel=\"canonical\" href=\"https:\/\/somos-hermanos.mx\/index.php\/2025\/08\/04\/grupo-fabry-del-diagnostico-tardio-a-una-red-que-salva-vidas\/\" \/>\n<meta property=\"og:locale\" content=\"es_MX\" \/>\n<meta property=\"og:type\" content=\"article\" \/>\n<meta property=\"og:title\" content=\"Grupo Fabry: Del diagn\u00f3stico tard\u00edo a una red que salva vidas - Historias que inspiran...\" \/>\n<meta property=\"og:description\" content=\"En un pa\u00eds donde las enfermedades raras muchas veces pasan desapercibidas, Grupo Fabry de M\u00e9xico IAP\u00a0ha logrado algo extraordinario: construir una comunidad s\u00f3lida, emp\u00e1tica y activa que no solo acompa\u00f1a a pacientes y familias, sino que tambi\u00e9n lucha por transformar el sistema de salud desde adentro. Fundada el 22 de julio de 2002, esta instituci\u00f3n [&hellip;]\" \/>\n<meta property=\"og:url\" content=\"https:\/\/somos-hermanos.mx\/index.php\/2025\/08\/04\/grupo-fabry-del-diagnostico-tardio-a-una-red-que-salva-vidas\/\" \/>\n<meta property=\"og:site_name\" content=\"Historias que inspiran...\" \/>\n<meta property=\"article:publisher\" content=\"https:\/\/www.facebook.com\/SomosHermanosIAP\/\" \/>\n<meta property=\"article:published_time\" content=\"2025-08-04T07:41:16+00:00\" \/>\n<meta property=\"og:image\" content=\"https:\/\/somos-hermanos.mx\/wp-content\/uploads\/2025\/08\/fabry1.jpeg\" \/>\n\t<meta property=\"og:image:width\" content=\"1080\" \/>\n\t<meta property=\"og:image:height\" content=\"1080\" \/>\n\t<meta property=\"og:image:type\" content=\"image\/jpeg\" \/>\n<meta name=\"author\" content=\"Jessica Iniestra Montoya\" \/>\n<meta name=\"twitter:card\" content=\"summary_large_image\" \/>\n<meta name=\"twitter:creator\" content=\"@Somos__Hermanos\" \/>\n<meta name=\"twitter:site\" content=\"@Somos__Hermanos\" \/>\n<meta name=\"twitter:label1\" content=\"Escrito por\" \/>\n\t<meta name=\"twitter:data1\" content=\"Jessica Iniestra Montoya\" \/>\n\t<meta name=\"twitter:label2\" content=\"Tiempo de lectura\" \/>\n\t<meta name=\"twitter:data2\" content=\"4 minutos\" \/>\n<script type=\"application\/ld+json\" class=\"yoast-schema-graph\">{\"@context\":\"https:\\\/\\\/schema.org\",\"@graph\":[{\"@type\":\"Article\",\"@id\":\"https:\\\/\\\/somos-hermanos.mx\\\/index.php\\\/2025\\\/08\\\/04\\\/grupo-fabry-del-diagnostico-tardio-a-una-red-que-salva-vidas\\\/#article\",\"isPartOf\":{\"@id\":\"https:\\\/\\\/somos-hermanos.mx\\\/index.php\\\/2025\\\/08\\\/04\\\/grupo-fabry-del-diagnostico-tardio-a-una-red-que-salva-vidas\\\/\"},\"author\":{\"name\":\"Jessica Iniestra Montoya\",\"@id\":\"https:\\\/\\\/somos-hermanos.mx\\\/#\\\/schema\\\/person\\\/556c08a8ffe5461f078f6d4ee7c7edc6\"},\"headline\":\"Grupo Fabry: Del diagn\u00f3stico tard\u00edo a una red que salva vidas\",\"datePublished\":\"2025-08-04T07:41:16+00:00\",\"mainEntityOfPage\":{\"@id\":\"https:\\\/\\\/somos-hermanos.mx\\\/index.php\\\/2025\\\/08\\\/04\\\/grupo-fabry-del-diagnostico-tardio-a-una-red-que-salva-vidas\\\/\"},\"wordCount\":871,\"commentCount\":0,\"publisher\":{\"@id\":\"https:\\\/\\\/somos-hermanos.mx\\\/#organization\"},\"image\":{\"@id\":\"https:\\\/\\\/somos-hermanos.mx\\\/index.php\\\/2025\\\/08\\\/04\\\/grupo-fabry-del-diagnostico-tardio-a-una-red-que-salva-vidas\\\/#primaryimage\"},\"thumbnailUrl\":\"https:\\\/\\\/somos-hermanos.mx\\\/wp-content\\\/uploads\\\/2025\\\/08\\\/fabry1.jpeg\",\"articleSection\":[\"Noticias\"],\"inLanguage\":\"es\",\"potentialAction\":[{\"@type\":\"CommentAction\",\"name\":\"Comment\",\"target\":[\"https:\\\/\\\/somos-hermanos.mx\\\/index.php\\\/2025\\\/08\\\/04\\\/grupo-fabry-del-diagnostico-tardio-a-una-red-que-salva-vidas\\\/#respond\"]}]},{\"@type\":\"WebPage\",\"@id\":\"https:\\\/\\\/somos-hermanos.mx\\\/index.php\\\/2025\\\/08\\\/04\\\/grupo-fabry-del-diagnostico-tardio-a-una-red-que-salva-vidas\\\/\",\"url\":\"https:\\\/\\\/somos-hermanos.mx\\\/index.php\\\/2025\\\/08\\\/04\\\/grupo-fabry-del-diagnostico-tardio-a-una-red-que-salva-vidas\\\/\",\"name\":\"Grupo Fabry: Del diagn\u00f3stico tard\u00edo a una red que salva vidas - Historias que inspiran...\",\"isPartOf\":{\"@id\":\"https:\\\/\\\/somos-hermanos.mx\\\/#website\"},\"primaryImageOfPage\":{\"@id\":\"https:\\\/\\\/somos-hermanos.mx\\\/index.php\\\/2025\\\/08\\\/04\\\/grupo-fabry-del-diagnostico-tardio-a-una-red-que-salva-vidas\\\/#primaryimage\"},\"image\":{\"@id\":\"https:\\\/\\\/somos-hermanos.mx\\\/index.php\\\/2025\\\/08\\\/04\\\/grupo-fabry-del-diagnostico-tardio-a-una-red-que-salva-vidas\\\/#primaryimage\"},\"thumbnailUrl\":\"https:\\\/\\\/somos-hermanos.mx\\\/wp-content\\\/uploads\\\/2025\\\/08\\\/fabry1.jpeg\",\"datePublished\":\"2025-08-04T07:41:16+00:00\",\"breadcrumb\":{\"@id\":\"https:\\\/\\\/somos-hermanos.mx\\\/index.php\\\/2025\\\/08\\\/04\\\/grupo-fabry-del-diagnostico-tardio-a-una-red-que-salva-vidas\\\/#breadcrumb\"},\"inLanguage\":\"es\",\"potentialAction\":[{\"@type\":\"ReadAction\",\"target\":[\"https:\\\/\\\/somos-hermanos.mx\\\/index.php\\\/2025\\\/08\\\/04\\\/grupo-fabry-del-diagnostico-tardio-a-una-red-que-salva-vidas\\\/\"]}]},{\"@type\":\"ImageObject\",\"inLanguage\":\"es\",\"@id\":\"https:\\\/\\\/somos-hermanos.mx\\\/index.php\\\/2025\\\/08\\\/04\\\/grupo-fabry-del-diagnostico-tardio-a-una-red-que-salva-vidas\\\/#primaryimage\",\"url\":\"https:\\\/\\\/somos-hermanos.mx\\\/wp-content\\\/uploads\\\/2025\\\/08\\\/fabry1.jpeg\",\"contentUrl\":\"https:\\\/\\\/somos-hermanos.mx\\\/wp-content\\\/uploads\\\/2025\\\/08\\\/fabry1.jpeg\",\"width\":1080,\"height\":1080},{\"@type\":\"BreadcrumbList\",\"@id\":\"https:\\\/\\\/somos-hermanos.mx\\\/index.php\\\/2025\\\/08\\\/04\\\/grupo-fabry-del-diagnostico-tardio-a-una-red-que-salva-vidas\\\/#breadcrumb\",\"itemListElement\":[{\"@type\":\"ListItem\",\"position\":1,\"name\":\"Inicio\",\"item\":\"https:\\\/\\\/somos-hermanos.mx\\\/\"},{\"@type\":\"ListItem\",\"position\":2,\"name\":\"Grupo Fabry: Del diagn\u00f3stico tard\u00edo a una red que salva vidas\"}]},{\"@type\":\"WebSite\",\"@id\":\"https:\\\/\\\/somos-hermanos.mx\\\/#website\",\"url\":\"https:\\\/\\\/somos-hermanos.mx\\\/\",\"name\":\"Historias que inspiran...\",\"description\":\"Somos la voz del altruismo en M\u00e9xico\",\"publisher\":{\"@id\":\"https:\\\/\\\/somos-hermanos.mx\\\/#organization\"},\"potentialAction\":[{\"@type\":\"SearchAction\",\"target\":{\"@type\":\"EntryPoint\",\"urlTemplate\":\"https:\\\/\\\/somos-hermanos.mx\\\/?s={search_term_string}\"},\"query-input\":{\"@type\":\"PropertyValueSpecification\",\"valueRequired\":true,\"valueName\":\"search_term_string\"}}],\"inLanguage\":\"es\"},{\"@type\":\"Organization\",\"@id\":\"https:\\\/\\\/somos-hermanos.mx\\\/#organization\",\"name\":\"Somos Hermanos\",\"url\":\"https:\\\/\\\/somos-hermanos.mx\\\/\",\"logo\":{\"@type\":\"ImageObject\",\"inLanguage\":\"es\",\"@id\":\"https:\\\/\\\/somos-hermanos.mx\\\/#\\\/schema\\\/logo\\\/image\\\/\",\"url\":\"https:\\\/\\\/somos-hermanos.mx\\\/wp-content\\\/uploads\\\/2025\\\/08\\\/SH30-1.jpeg\",\"contentUrl\":\"https:\\\/\\\/somos-hermanos.mx\\\/wp-content\\\/uploads\\\/2025\\\/08\\\/SH30-1.jpeg\",\"width\":1600,\"height\":1142,\"caption\":\"Somos Hermanos\"},\"image\":{\"@id\":\"https:\\\/\\\/somos-hermanos.mx\\\/#\\\/schema\\\/logo\\\/image\\\/\"},\"sameAs\":[\"https:\\\/\\\/www.facebook.com\\\/SomosHermanosIAP\\\/\",\"https:\\\/\\\/x.com\\\/Somos__Hermanos\",\"https:\\\/\\\/www.instagram.com\\\/somos__hermanos\\\/#\",\"https:\\\/\\\/www.tiktok.com\\\/@somoshermanosiap\",\"https:\\\/\\\/www.youtube.com\\\/@somoshermanosiap1201\\\/videos\"]},{\"@type\":\"Person\",\"@id\":\"https:\\\/\\\/somos-hermanos.mx\\\/#\\\/schema\\\/person\\\/556c08a8ffe5461f078f6d4ee7c7edc6\",\"name\":\"Jessica Iniestra Montoya\",\"image\":{\"@type\":\"ImageObject\",\"inLanguage\":\"es\",\"@id\":\"https:\\\/\\\/secure.gravatar.com\\\/avatar\\\/106ac0d17a09f7597c4b7d5101b852538c07d5e73e903cb99fc44476e15e52aa?s=96&d=mm&r=g\",\"url\":\"https:\\\/\\\/secure.gravatar.com\\\/avatar\\\/106ac0d17a09f7597c4b7d5101b852538c07d5e73e903cb99fc44476e15e52aa?s=96&d=mm&r=g\",\"contentUrl\":\"https:\\\/\\\/secure.gravatar.com\\\/avatar\\\/106ac0d17a09f7597c4b7d5101b852538c07d5e73e903cb99fc44476e15e52aa?s=96&d=mm&r=g\",\"caption\":\"Jessica Iniestra Montoya\"},\"url\":\"https:\\\/\\\/somos-hermanos.mx\\\/index.php\\\/author\\\/jessica-iniestra-montoya\\\/\"}]}<\/script>\n<!-- \/ Yoast SEO plugin. -->","yoast_head_json":{"title":"Grupo Fabry: Del diagn\u00f3stico tard\u00edo a una red que salva vidas - Historias que inspiran...","robots":{"index":"index","follow":"follow","max-snippet":"max-snippet:-1","max-image-preview":"max-image-preview:large","max-video-preview":"max-video-preview:-1"},"canonical":"https:\/\/somos-hermanos.mx\/index.php\/2025\/08\/04\/grupo-fabry-del-diagnostico-tardio-a-una-red-que-salva-vidas\/","og_locale":"es_MX","og_type":"article","og_title":"Grupo Fabry: Del diagn\u00f3stico tard\u00edo a una red que salva vidas - Historias que inspiran...","og_description":"En un pa\u00eds donde las enfermedades raras muchas veces pasan desapercibidas, Grupo Fabry de M\u00e9xico IAP\u00a0ha logrado algo extraordinario: construir una comunidad s\u00f3lida, emp\u00e1tica y activa que no solo acompa\u00f1a a pacientes y familias, sino que tambi\u00e9n lucha por transformar el sistema de salud desde adentro. Fundada el 22 de julio de 2002, esta instituci\u00f3n [&hellip;]","og_url":"https:\/\/somos-hermanos.mx\/index.php\/2025\/08\/04\/grupo-fabry-del-diagnostico-tardio-a-una-red-que-salva-vidas\/","og_site_name":"Historias que inspiran...","article_publisher":"https:\/\/www.facebook.com\/SomosHermanosIAP\/","article_published_time":"2025-08-04T07:41:16+00:00","og_image":[{"width":1080,"height":1080,"url":"https:\/\/somos-hermanos.mx\/wp-content\/uploads\/2025\/08\/fabry1.jpeg","type":"image\/jpeg"}],"author":"Jessica Iniestra Montoya","twitter_card":"summary_large_image","twitter_creator":"@Somos__Hermanos","twitter_site":"@Somos__Hermanos","twitter_misc":{"Escrito por":"Jessica Iniestra Montoya","Tiempo de lectura":"4 minutos"},"schema":{"@context":"https:\/\/schema.org","@graph":[{"@type":"Article","@id":"https:\/\/somos-hermanos.mx\/index.php\/2025\/08\/04\/grupo-fabry-del-diagnostico-tardio-a-una-red-que-salva-vidas\/#article","isPartOf":{"@id":"https:\/\/somos-hermanos.mx\/index.php\/2025\/08\/04\/grupo-fabry-del-diagnostico-tardio-a-una-red-que-salva-vidas\/"},"author":{"name":"Jessica Iniestra Montoya","@id":"https:\/\/somos-hermanos.mx\/#\/schema\/person\/556c08a8ffe5461f078f6d4ee7c7edc6"},"headline":"Grupo Fabry: Del diagn\u00f3stico tard\u00edo a una red que salva vidas","datePublished":"2025-08-04T07:41:16+00:00","mainEntityOfPage":{"@id":"https:\/\/somos-hermanos.mx\/index.php\/2025\/08\/04\/grupo-fabry-del-diagnostico-tardio-a-una-red-que-salva-vidas\/"},"wordCount":871,"commentCount":0,"publisher":{"@id":"https:\/\/somos-hermanos.mx\/#organization"},"image":{"@id":"https:\/\/somos-hermanos.mx\/index.php\/2025\/08\/04\/grupo-fabry-del-diagnostico-tardio-a-una-red-que-salva-vidas\/#primaryimage"},"thumbnailUrl":"https:\/\/somos-hermanos.mx\/wp-content\/uploads\/2025\/08\/fabry1.jpeg","articleSection":["Noticias"],"inLanguage":"es","potentialAction":[{"@type":"CommentAction","name":"Comment","target":["https:\/\/somos-hermanos.mx\/index.php\/2025\/08\/04\/grupo-fabry-del-diagnostico-tardio-a-una-red-que-salva-vidas\/#respond"]}]},{"@type":"WebPage","@id":"https:\/\/somos-hermanos.mx\/index.php\/2025\/08\/04\/grupo-fabry-del-diagnostico-tardio-a-una-red-que-salva-vidas\/","url":"https:\/\/somos-hermanos.mx\/index.php\/2025\/08\/04\/grupo-fabry-del-diagnostico-tardio-a-una-red-que-salva-vidas\/","name":"Grupo Fabry: Del diagn\u00f3stico tard\u00edo a una red que salva vidas - Historias que inspiran...","isPartOf":{"@id":"https:\/\/somos-hermanos.mx\/#website"},"primaryImageOfPage":{"@id":"https:\/\/somos-hermanos.mx\/index.php\/2025\/08\/04\/grupo-fabry-del-diagnostico-tardio-a-una-red-que-salva-vidas\/#primaryimage"},"image":{"@id":"https:\/\/somos-hermanos.mx\/index.php\/2025\/08\/04\/grupo-fabry-del-diagnostico-tardio-a-una-red-que-salva-vidas\/#primaryimage"},"thumbnailUrl":"https:\/\/somos-hermanos.mx\/wp-content\/uploads\/2025\/08\/fabry1.jpeg","datePublished":"2025-08-04T07:41:16+00:00","breadcrumb":{"@id":"https:\/\/somos-hermanos.mx\/index.php\/2025\/08\/04\/grupo-fabry-del-diagnostico-tardio-a-una-red-que-salva-vidas\/#breadcrumb"},"inLanguage":"es","potentialAction":[{"@type":"ReadAction","target":["https:\/\/somos-hermanos.mx\/index.php\/2025\/08\/04\/grupo-fabry-del-diagnostico-tardio-a-una-red-que-salva-vidas\/"]}]},{"@type":"ImageObject","inLanguage":"es","@id":"https:\/\/somos-hermanos.mx\/index.php\/2025\/08\/04\/grupo-fabry-del-diagnostico-tardio-a-una-red-que-salva-vidas\/#primaryimage","url":"https:\/\/somos-hermanos.mx\/wp-content\/uploads\/2025\/08\/fabry1.jpeg","contentUrl":"https:\/\/somos-hermanos.mx\/wp-content\/uploads\/2025\/08\/fabry1.jpeg","width":1080,"height":1080},{"@type":"BreadcrumbList","@id":"https:\/\/somos-hermanos.mx\/index.php\/2025\/08\/04\/grupo-fabry-del-diagnostico-tardio-a-una-red-que-salva-vidas\/#breadcrumb","itemListElement":[{"@type":"ListItem","position":1,"name":"Inicio","item":"https:\/\/somos-hermanos.mx\/"},{"@type":"ListItem","position":2,"name":"Grupo Fabry: Del diagn\u00f3stico tard\u00edo a una red que salva vidas"}]},{"@type":"WebSite","@id":"https:\/\/somos-hermanos.mx\/#website","url":"https:\/\/somos-hermanos.mx\/","name":"Historias que inspiran...","description":"Somos la voz del altruismo en M\u00e9xico","publisher":{"@id":"https:\/\/somos-hermanos.mx\/#organization"},"potentialAction":[{"@type":"SearchAction","target":{"@type":"EntryPoint","urlTemplate":"https:\/\/somos-hermanos.mx\/?s={search_term_string}"},"query-input":{"@type":"PropertyValueSpecification","valueRequired":true,"valueName":"search_term_string"}}],"inLanguage":"es"},{"@type":"Organization","@id":"https:\/\/somos-hermanos.mx\/#organization","name":"Somos Hermanos","url":"https:\/\/somos-hermanos.mx\/","logo":{"@type":"ImageObject","inLanguage":"es","@id":"https:\/\/somos-hermanos.mx\/#\/schema\/logo\/image\/","url":"https:\/\/somos-hermanos.mx\/wp-content\/uploads\/2025\/08\/SH30-1.jpeg","contentUrl":"https:\/\/somos-hermanos.mx\/wp-content\/uploads\/2025\/08\/SH30-1.jpeg","width":1600,"height":1142,"caption":"Somos Hermanos"},"image":{"@id":"https:\/\/somos-hermanos.mx\/#\/schema\/logo\/image\/"},"sameAs":["https:\/\/www.facebook.com\/SomosHermanosIAP\/","https:\/\/x.com\/Somos__Hermanos","https:\/\/www.instagram.com\/somos__hermanos\/#","https:\/\/www.tiktok.com\/@somoshermanosiap","https:\/\/www.youtube.com\/@somoshermanosiap1201\/videos"]},{"@type":"Person","@id":"https:\/\/somos-hermanos.mx\/#\/schema\/person\/556c08a8ffe5461f078f6d4ee7c7edc6","name":"Jessica Iniestra Montoya","image":{"@type":"ImageObject","inLanguage":"es","@id":"https:\/\/secure.gravatar.com\/avatar\/106ac0d17a09f7597c4b7d5101b852538c07d5e73e903cb99fc44476e15e52aa?s=96&d=mm&r=g","url":"https:\/\/secure.gravatar.com\/avatar\/106ac0d17a09f7597c4b7d5101b852538c07d5e73e903cb99fc44476e15e52aa?s=96&d=mm&r=g","contentUrl":"https:\/\/secure.gravatar.com\/avatar\/106ac0d17a09f7597c4b7d5101b852538c07d5e73e903cb99fc44476e15e52aa?s=96&d=mm&r=g","caption":"Jessica Iniestra Montoya"},"url":"https:\/\/somos-hermanos.mx\/index.php\/author\/jessica-iniestra-montoya\/"}]}},"_links":{"self":[{"href":"https:\/\/somos-hermanos.mx\/index.php\/wp-json\/wp\/v2\/posts\/661","targetHints":{"allow":["GET"]}}],"collection":[{"href":"https:\/\/somos-hermanos.mx\/index.php\/wp-json\/wp\/v2\/posts"}],"about":[{"href":"https:\/\/somos-hermanos.mx\/index.php\/wp-json\/wp\/v2\/types\/post"}],"author":[{"embeddable":true,"href":"https:\/\/somos-hermanos.mx\/index.php\/wp-json\/wp\/v2\/users\/6"}],"replies":[{"embeddable":true,"href":"https:\/\/somos-hermanos.mx\/index.php\/wp-json\/wp\/v2\/comments?post=661"}],"version-history":[{"count":1,"href":"https:\/\/somos-hermanos.mx\/index.php\/wp-json\/wp\/v2\/posts\/661\/revisions"}],"predecessor-version":[{"id":663,"href":"https:\/\/somos-hermanos.mx\/index.php\/wp-json\/wp\/v2\/posts\/661\/revisions\/663"}],"wp:featuredmedia":[{"embeddable":true,"href":"https:\/\/somos-hermanos.mx\/index.php\/wp-json\/wp\/v2\/media\/662"}],"wp:attachment":[{"href":"https:\/\/somos-hermanos.mx\/index.php\/wp-json\/wp\/v2\/media?parent=661"}],"wp:term":[{"taxonomy":"category","embeddable":true,"href":"https:\/\/somos-hermanos.mx\/index.php\/wp-json\/wp\/v2\/categories?post=661"},{"taxonomy":"post_tag","embeddable":true,"href":"https:\/\/somos-hermanos.mx\/index.php\/wp-json\/wp\/v2\/tags?post=661"}],"curies":[{"name":"wp","href":"https:\/\/api.w.org\/{rel}","templated":true}]}}