{"id":658,"date":"2025-08-04T01:40:10","date_gmt":"2025-08-04T07:40:10","guid":{"rendered":"https:\/\/somos-hermanos.mx\/?p=658"},"modified":"2025-08-04T01:40:10","modified_gmt":"2025-08-04T07:40:10","slug":"lanza-cc-diplomado-en-comunicacion-interna","status":"publish","type":"post","link":"https:\/\/somos-hermanos.mx\/index.php\/2025\/08\/04\/lanza-cc-diplomado-en-comunicacion-interna\/","title":{"rendered":"Lanza CC Diplomado en Comunicaci\u00f3n Interna"},"content":{"rendered":"<p>El Centro Mexicana para la Filantrop\u00eda <strong>(CEMEFI),<\/strong>\u00a0la Asociaci\u00f3n Mexicana de Comunicadores <strong>(AMCO)<\/strong>, la Universidad de la Comunicaci\u00f3n, el Centro de Competitividad de M\u00e9xico y el Consejo de la Comunicaci\u00f3n inauguraron el quinto <strong>Diplomado de Comunicaci\u00f3n Interna 2025.<\/strong>\u00a0Este programa educativo, que se impartir\u00e1 de manera virtual, est\u00e1 dise\u00f1ado para fortalecer la gesti\u00f3n de la comunicaci\u00f3n con los colaboradores en empresas, organizaciones medianas y grandes.<\/p>\n<p>El diplomado contar\u00e1 con la participaci\u00f3n de m\u00e1s de 15 expertos nacionales e internacionales, distribuidos en cinco m\u00f3dulos y m\u00e1s de 40 horas de capacitaci\u00f3n. Su objetivo es proporcionar herramientas y mejores pr\u00e1cticas que permitan mejorar y optimizar la cultura corporativa.<\/p>\n<p>Gabriela Alatriste directora de comunicaci\u00f3n de <strong>CEMEFI<\/strong>\u00a0dio la bienvenida y destac\u00f3 esta alianza como estrat\u00e9gica e hist\u00f3rica con el Consejo y mencion\u00f3 que uno de los temas es la responsabilidad social empresarial y el distintivo ESR.<\/p>\n<p>As\u00ed, de acuerdo con Alatriste, con el curso se podr\u00e1 convertir la comunicaci\u00f3n interna y evolucionar como un eje central de las estrategias de responsabilidad social.<\/p>\n<p>Enseguida, Arturo Ortiz, Copresidente de <strong>AMCO <\/strong>record\u00f3 el a\u00f1o pasado con el diplomado que tuvo un alto nivel de inter\u00e9s. <strong>Este 2025 van a buscar la evoluci\u00f3n <\/strong>que no se quede solamente en una clase normal.<\/p>\n<p>Es decir, implementar una metodolog\u00eda para generar casos pr\u00e1cticos y con un formato entender c\u00f3mo se pueden hacer mejor las cosas en las sesiones.<\/p>\n<p>Juan Carlos Ostolaza, director general de CCMX tom\u00f3 la palabra y subray\u00f3 lo importante que las grandes empresas tengan CI, pero tambi\u00e9n las PYMES son necesarias que se implemente CI:<\/p>\n<p>\u201cEl a\u00f1o pasado varias PYMES que tomaron el diplomado lograron mejorar sus pr\u00e1cticas de comunicaci\u00f3n e invitaron a m\u00e1s para este a\u00f1o. Vale la pena que las PYMES puedan aprovechar esta oportunidad en el curso.\u201d Coment\u00f3 Ostolaza.<\/p>\n<p>Ricardo Bucio, presidente ejecutivo de CEMEFI mencion\u00f3 la relevancia de una adecuada CI al ser una responsabilidad social dentro de cada empresa. Adelant\u00f3 que <strong>el diplomado va mejorar cada n\u00facleo y de esta forma cada organizaci\u00f3n pueda caminar mejor.<\/strong><\/p>\n<p>Despu\u00e9s, Salvador Corrales, Rector de la Universidad de la Comunicaci\u00f3n recalc\u00f3 la importancia de poder llevar a cabo sue\u00f1os a trav\u00e9s del estudio y alent\u00f3 a utilizar la IA como valiosa herramienta para el curso y la capacitaci\u00f3n.<\/p>\n<p>Salvador Villalobos, presidente ejecutivo del Consejo de la Comunicaci\u00f3n prometi\u00f3 implementar estrategias en organizaciones con este curso y present\u00f3 la nueva campa\u00f1a del Consejo donde las historias en las empresas se cuenten y con ello tener una mejor dimensi\u00f3n social, adem\u00e1s mencion\u00f3:<\/p>\n<p><strong>\u201cEsta ocasi\u00f3n hemos congregado a los mejores elementos para articular el diplomado y as\u00ed crear m\u00e1s y mejores empresas. Tambi\u00e9n hemos decidido crear la sociedad de influencers<\/strong>\u00a0y la plataforma de comunicaci\u00f3n en sector empresarial para darles voz a los colaboradores dentro de las empresas\u201d. Remarc\u00f3 Villalobos.<\/p>\n<p>Para concluir, Celeste Bernal, directora de comunicaci\u00f3n del Consejo de la Comunicaci\u00f3n ofreci\u00f3 las estad\u00edsticas del a\u00f1o pasado del diplomado que tuvo a 380 graduados en su matr\u00edcula.<\/p>\n<p>La traducci\u00f3n en experiencia general se midi\u00f3 en 90% que consider\u00f3 de buena a excelente el curso y el 63.4% consider\u00f3 muy \u00fatil la capacitaci\u00f3n en CI.<\/p>\n<p>Lo que viene, para Bernal, es profesionalizar a cada uno de los comunicadores en temas como desarrollo organizacional y se va lograr en 5 m\u00f3dulos impartidos por 15 expertos durante el curso.<\/p>\n<p>Se van a generar casos pr\u00e1cticos en cada sesi\u00f3n de la mano con AMCO y as\u00ed mejorar la din\u00e1mica que se ten\u00edan en a\u00f1os anteriores, atribuy\u00f3 Bernal.<\/p>\n<p><strong>M\u00f3dulos de aprendizaje: <\/strong><\/p>\n<ol>\n<li>Pilares de la CI.<\/li>\n<li><\/li>\n<li>Planificaci\u00f3n estrat\u00e9gica de CI.<\/li>\n<li>Narrativas corporativas y Responsabilidad Social.<\/li>\n<li>Transformaci\u00f3n digital en CI.<\/li>\n<\/ol>\n<p>Esta ocasi\u00f3n las sesiones ser\u00e1n virtuales, pero al t\u00e9rmino de cada m\u00f3dulo habr\u00e1 una sesi\u00f3n presencial. El inicio de clases es el 25 de abril y va concluir el 19 de septiembre. Los horarios van a ser de 4pm a 7pm.<\/p>\n<p>Con m\u00e1s de 60 horas de capacitaci\u00f3n, el Diplomado de Comunicaci\u00f3n Interna promete ser una \u00fanica y valiosa oportunidad para profesionalizar a empresas y OSC para una mejor convivencia entre colaboradores.<\/p>\n<p>Cabe resaltar que, en la edici\u00f3n del 2024, el 63.7% de los asistentes consider\u00f3 que su formaci\u00f3n profesional fue impactada de manera positiva, destacando que los conocimientos adquiridos fueron aplicables en su entorno laboral.<\/p>\n<p>Adem\u00e1s, que los 300 graduados coincidieron en que este tipo de estrategias de aprendizaje favorecen la implementaci\u00f3n de mejores pr\u00e1cticas en sus empresas y organizaciones de la sociedad civil.<\/p>\n","protected":false},"excerpt":{"rendered":"<p>El Centro Mexicana para la Filantrop\u00eda (CEMEFI),\u00a0la Asociaci\u00f3n Mexicana de Comunicadores (AMCO), la Universidad de la Comunicaci\u00f3n, el Centro de Competitividad de M\u00e9xico y el Consejo de la Comunicaci\u00f3n inauguraron el quinto Diplomado de Comunicaci\u00f3n Interna 2025.\u00a0Este programa educativo, que se impartir\u00e1 de manera virtual, est\u00e1 dise\u00f1ado para fortalecer la gesti\u00f3n de la comunicaci\u00f3n con [&hellip;]<\/p>\n","protected":false},"author":8,"featured_media":659,"comment_status":"open","ping_status":"closed","sticky":false,"template":"","format":"standard","meta":{"footnotes":""},"categories":[6],"tags":[],"class_list":["post-658","post","type-post","status-publish","format-standard","has-post-thumbnail","hentry","category-noticias"],"yoast_head":"<!-- This site is optimized with the Yoast SEO plugin v27.4 - https:\/\/yoast.com\/product\/yoast-seo-wordpress\/ -->\n<title>Lanza CC Diplomado en Comunicaci\u00f3n Interna - Historias que inspiran...<\/title>\n<meta name=\"robots\" content=\"index, follow, max-snippet:-1, max-image-preview:large, max-video-preview:-1\" \/>\n<link rel=\"canonical\" href=\"https:\/\/somos-hermanos.mx\/index.php\/2025\/08\/04\/lanza-cc-diplomado-en-comunicacion-interna\/\" \/>\n<meta property=\"og:locale\" content=\"es_MX\" \/>\n<meta property=\"og:type\" content=\"article\" \/>\n<meta property=\"og:title\" content=\"Lanza CC Diplomado en Comunicaci\u00f3n Interna - Historias que inspiran...\" \/>\n<meta property=\"og:description\" content=\"El Centro Mexicana para la Filantrop\u00eda (CEMEFI),\u00a0la Asociaci\u00f3n Mexicana de Comunicadores (AMCO), la Universidad de la Comunicaci\u00f3n, el Centro de Competitividad de M\u00e9xico y el Consejo de la Comunicaci\u00f3n inauguraron el quinto Diplomado de Comunicaci\u00f3n Interna 2025.\u00a0Este programa educativo, que se impartir\u00e1 de manera virtual, est\u00e1 dise\u00f1ado para fortalecer la gesti\u00f3n de la comunicaci\u00f3n con [&hellip;]\" \/>\n<meta property=\"og:url\" content=\"https:\/\/somos-hermanos.mx\/index.php\/2025\/08\/04\/lanza-cc-diplomado-en-comunicacion-interna\/\" \/>\n<meta property=\"og:site_name\" content=\"Historias que inspiran...\" \/>\n<meta property=\"article:publisher\" content=\"https:\/\/www.facebook.com\/SomosHermanosIAP\/\" \/>\n<meta property=\"article:published_time\" content=\"2025-08-04T07:40:10+00:00\" \/>\n<meta property=\"og:image\" content=\"https:\/\/somos-hermanos.mx\/wp-content\/uploads\/2025\/08\/consejo2.jpeg\" \/>\n\t<meta property=\"og:image:width\" content=\"1600\" \/>\n\t<meta property=\"og:image:height\" content=\"1204\" \/>\n\t<meta property=\"og:image:type\" content=\"image\/jpeg\" \/>\n<meta name=\"author\" content=\"Jes\u00fas Arizmendi\" \/>\n<meta name=\"twitter:card\" content=\"summary_large_image\" \/>\n<meta name=\"twitter:creator\" content=\"@Somos__Hermanos\" \/>\n<meta name=\"twitter:site\" content=\"@Somos__Hermanos\" \/>\n<meta name=\"twitter:label1\" content=\"Escrito por\" \/>\n\t<meta name=\"twitter:data1\" content=\"Jes\u00fas Arizmendi\" \/>\n\t<meta name=\"twitter:label2\" content=\"Tiempo de lectura\" \/>\n\t<meta name=\"twitter:data2\" content=\"4 minutos\" \/>\n<script type=\"application\/ld+json\" class=\"yoast-schema-graph\">{\"@context\":\"https:\\\/\\\/schema.org\",\"@graph\":[{\"@type\":\"Article\",\"@id\":\"https:\\\/\\\/somos-hermanos.mx\\\/index.php\\\/2025\\\/08\\\/04\\\/lanza-cc-diplomado-en-comunicacion-interna\\\/#article\",\"isPartOf\":{\"@id\":\"https:\\\/\\\/somos-hermanos.mx\\\/index.php\\\/2025\\\/08\\\/04\\\/lanza-cc-diplomado-en-comunicacion-interna\\\/\"},\"author\":{\"name\":\"Jes\u00fas Arizmendi\",\"@id\":\"https:\\\/\\\/somos-hermanos.mx\\\/#\\\/schema\\\/person\\\/945cdfed39314d9db1242f593aecb908\"},\"headline\":\"Lanza CC Diplomado en Comunicaci\u00f3n Interna\",\"datePublished\":\"2025-08-04T07:40:10+00:00\",\"mainEntityOfPage\":{\"@id\":\"https:\\\/\\\/somos-hermanos.mx\\\/index.php\\\/2025\\\/08\\\/04\\\/lanza-cc-diplomado-en-comunicacion-interna\\\/\"},\"wordCount\":799,\"commentCount\":0,\"publisher\":{\"@id\":\"https:\\\/\\\/somos-hermanos.mx\\\/#organization\"},\"image\":{\"@id\":\"https:\\\/\\\/somos-hermanos.mx\\\/index.php\\\/2025\\\/08\\\/04\\\/lanza-cc-diplomado-en-comunicacion-interna\\\/#primaryimage\"},\"thumbnailUrl\":\"https:\\\/\\\/somos-hermanos.mx\\\/wp-content\\\/uploads\\\/2025\\\/08\\\/consejo2.jpeg\",\"articleSection\":[\"Noticias\"],\"inLanguage\":\"es\",\"potentialAction\":[{\"@type\":\"CommentAction\",\"name\":\"Comment\",\"target\":[\"https:\\\/\\\/somos-hermanos.mx\\\/index.php\\\/2025\\\/08\\\/04\\\/lanza-cc-diplomado-en-comunicacion-interna\\\/#respond\"]}]},{\"@type\":\"WebPage\",\"@id\":\"https:\\\/\\\/somos-hermanos.mx\\\/index.php\\\/2025\\\/08\\\/04\\\/lanza-cc-diplomado-en-comunicacion-interna\\\/\",\"url\":\"https:\\\/\\\/somos-hermanos.mx\\\/index.php\\\/2025\\\/08\\\/04\\\/lanza-cc-diplomado-en-comunicacion-interna\\\/\",\"name\":\"Lanza CC Diplomado en Comunicaci\u00f3n Interna - Historias que inspiran...\",\"isPartOf\":{\"@id\":\"https:\\\/\\\/somos-hermanos.mx\\\/#website\"},\"primaryImageOfPage\":{\"@id\":\"https:\\\/\\\/somos-hermanos.mx\\\/index.php\\\/2025\\\/08\\\/04\\\/lanza-cc-diplomado-en-comunicacion-interna\\\/#primaryimage\"},\"image\":{\"@id\":\"https:\\\/\\\/somos-hermanos.mx\\\/index.php\\\/2025\\\/08\\\/04\\\/lanza-cc-diplomado-en-comunicacion-interna\\\/#primaryimage\"},\"thumbnailUrl\":\"https:\\\/\\\/somos-hermanos.mx\\\/wp-content\\\/uploads\\\/2025\\\/08\\\/consejo2.jpeg\",\"datePublished\":\"2025-08-04T07:40:10+00:00\",\"breadcrumb\":{\"@id\":\"https:\\\/\\\/somos-hermanos.mx\\\/index.php\\\/2025\\\/08\\\/04\\\/lanza-cc-diplomado-en-comunicacion-interna\\\/#breadcrumb\"},\"inLanguage\":\"es\",\"potentialAction\":[{\"@type\":\"ReadAction\",\"target\":[\"https:\\\/\\\/somos-hermanos.mx\\\/index.php\\\/2025\\\/08\\\/04\\\/lanza-cc-diplomado-en-comunicacion-interna\\\/\"]}]},{\"@type\":\"ImageObject\",\"inLanguage\":\"es\",\"@id\":\"https:\\\/\\\/somos-hermanos.mx\\\/index.php\\\/2025\\\/08\\\/04\\\/lanza-cc-diplomado-en-comunicacion-interna\\\/#primaryimage\",\"url\":\"https:\\\/\\\/somos-hermanos.mx\\\/wp-content\\\/uploads\\\/2025\\\/08\\\/consejo2.jpeg\",\"contentUrl\":\"https:\\\/\\\/somos-hermanos.mx\\\/wp-content\\\/uploads\\\/2025\\\/08\\\/consejo2.jpeg\",\"width\":1600,\"height\":1204},{\"@type\":\"BreadcrumbList\",\"@id\":\"https:\\\/\\\/somos-hermanos.mx\\\/index.php\\\/2025\\\/08\\\/04\\\/lanza-cc-diplomado-en-comunicacion-interna\\\/#breadcrumb\",\"itemListElement\":[{\"@type\":\"ListItem\",\"position\":1,\"name\":\"Inicio\",\"item\":\"https:\\\/\\\/somos-hermanos.mx\\\/\"},{\"@type\":\"ListItem\",\"position\":2,\"name\":\"Lanza CC Diplomado en Comunicaci\u00f3n Interna\"}]},{\"@type\":\"WebSite\",\"@id\":\"https:\\\/\\\/somos-hermanos.mx\\\/#website\",\"url\":\"https:\\\/\\\/somos-hermanos.mx\\\/\",\"name\":\"Historias que inspiran...\",\"description\":\"Somos la voz del altruismo en M\u00e9xico\",\"publisher\":{\"@id\":\"https:\\\/\\\/somos-hermanos.mx\\\/#organization\"},\"potentialAction\":[{\"@type\":\"SearchAction\",\"target\":{\"@type\":\"EntryPoint\",\"urlTemplate\":\"https:\\\/\\\/somos-hermanos.mx\\\/?s={search_term_string}\"},\"query-input\":{\"@type\":\"PropertyValueSpecification\",\"valueRequired\":true,\"valueName\":\"search_term_string\"}}],\"inLanguage\":\"es\"},{\"@type\":\"Organization\",\"@id\":\"https:\\\/\\\/somos-hermanos.mx\\\/#organization\",\"name\":\"Somos Hermanos\",\"url\":\"https:\\\/\\\/somos-hermanos.mx\\\/\",\"logo\":{\"@type\":\"ImageObject\",\"inLanguage\":\"es\",\"@id\":\"https:\\\/\\\/somos-hermanos.mx\\\/#\\\/schema\\\/logo\\\/image\\\/\",\"url\":\"https:\\\/\\\/somos-hermanos.mx\\\/wp-content\\\/uploads\\\/2025\\\/08\\\/SH30-1.jpeg\",\"contentUrl\":\"https:\\\/\\\/somos-hermanos.mx\\\/wp-content\\\/uploads\\\/2025\\\/08\\\/SH30-1.jpeg\",\"width\":1600,\"height\":1142,\"caption\":\"Somos Hermanos\"},\"image\":{\"@id\":\"https:\\\/\\\/somos-hermanos.mx\\\/#\\\/schema\\\/logo\\\/image\\\/\"},\"sameAs\":[\"https:\\\/\\\/www.facebook.com\\\/SomosHermanosIAP\\\/\",\"https:\\\/\\\/x.com\\\/Somos__Hermanos\",\"https:\\\/\\\/www.instagram.com\\\/somos__hermanos\\\/#\",\"https:\\\/\\\/www.tiktok.com\\\/@somoshermanosiap\",\"https:\\\/\\\/www.youtube.com\\\/@somoshermanosiap1201\\\/videos\"]},{\"@type\":\"Person\",\"@id\":\"https:\\\/\\\/somos-hermanos.mx\\\/#\\\/schema\\\/person\\\/945cdfed39314d9db1242f593aecb908\",\"name\":\"Jes\u00fas Arizmendi\",\"image\":{\"@type\":\"ImageObject\",\"inLanguage\":\"es\",\"@id\":\"https:\\\/\\\/secure.gravatar.com\\\/avatar\\\/9d2f2284f2cc108aae42b8fdb13afa29b801f64001b731516b830e4926cc1b4b?s=96&d=mm&r=g\",\"url\":\"https:\\\/\\\/secure.gravatar.com\\\/avatar\\\/9d2f2284f2cc108aae42b8fdb13afa29b801f64001b731516b830e4926cc1b4b?s=96&d=mm&r=g\",\"contentUrl\":\"https:\\\/\\\/secure.gravatar.com\\\/avatar\\\/9d2f2284f2cc108aae42b8fdb13afa29b801f64001b731516b830e4926cc1b4b?s=96&d=mm&r=g\",\"caption\":\"Jes\u00fas Arizmendi\"},\"url\":\"https:\\\/\\\/somos-hermanos.mx\\\/index.php\\\/author\\\/jesus-arizmendi\\\/\"}]}<\/script>\n<!-- \/ Yoast SEO plugin. -->","yoast_head_json":{"title":"Lanza CC Diplomado en Comunicaci\u00f3n Interna - Historias que inspiran...","robots":{"index":"index","follow":"follow","max-snippet":"max-snippet:-1","max-image-preview":"max-image-preview:large","max-video-preview":"max-video-preview:-1"},"canonical":"https:\/\/somos-hermanos.mx\/index.php\/2025\/08\/04\/lanza-cc-diplomado-en-comunicacion-interna\/","og_locale":"es_MX","og_type":"article","og_title":"Lanza CC Diplomado en Comunicaci\u00f3n Interna - Historias que inspiran...","og_description":"El Centro Mexicana para la Filantrop\u00eda (CEMEFI),\u00a0la Asociaci\u00f3n Mexicana de Comunicadores (AMCO), la Universidad de la Comunicaci\u00f3n, el Centro de Competitividad de M\u00e9xico y el Consejo de la Comunicaci\u00f3n inauguraron el quinto Diplomado de Comunicaci\u00f3n Interna 2025.\u00a0Este programa educativo, que se impartir\u00e1 de manera virtual, est\u00e1 dise\u00f1ado para fortalecer la gesti\u00f3n de la comunicaci\u00f3n con [&hellip;]","og_url":"https:\/\/somos-hermanos.mx\/index.php\/2025\/08\/04\/lanza-cc-diplomado-en-comunicacion-interna\/","og_site_name":"Historias que inspiran...","article_publisher":"https:\/\/www.facebook.com\/SomosHermanosIAP\/","article_published_time":"2025-08-04T07:40:10+00:00","og_image":[{"width":1600,"height":1204,"url":"https:\/\/somos-hermanos.mx\/wp-content\/uploads\/2025\/08\/consejo2.jpeg","type":"image\/jpeg"}],"author":"Jes\u00fas Arizmendi","twitter_card":"summary_large_image","twitter_creator":"@Somos__Hermanos","twitter_site":"@Somos__Hermanos","twitter_misc":{"Escrito por":"Jes\u00fas Arizmendi","Tiempo de lectura":"4 minutos"},"schema":{"@context":"https:\/\/schema.org","@graph":[{"@type":"Article","@id":"https:\/\/somos-hermanos.mx\/index.php\/2025\/08\/04\/lanza-cc-diplomado-en-comunicacion-interna\/#article","isPartOf":{"@id":"https:\/\/somos-hermanos.mx\/index.php\/2025\/08\/04\/lanza-cc-diplomado-en-comunicacion-interna\/"},"author":{"name":"Jes\u00fas Arizmendi","@id":"https:\/\/somos-hermanos.mx\/#\/schema\/person\/945cdfed39314d9db1242f593aecb908"},"headline":"Lanza CC Diplomado en Comunicaci\u00f3n Interna","datePublished":"2025-08-04T07:40:10+00:00","mainEntityOfPage":{"@id":"https:\/\/somos-hermanos.mx\/index.php\/2025\/08\/04\/lanza-cc-diplomado-en-comunicacion-interna\/"},"wordCount":799,"commentCount":0,"publisher":{"@id":"https:\/\/somos-hermanos.mx\/#organization"},"image":{"@id":"https:\/\/somos-hermanos.mx\/index.php\/2025\/08\/04\/lanza-cc-diplomado-en-comunicacion-interna\/#primaryimage"},"thumbnailUrl":"https:\/\/somos-hermanos.mx\/wp-content\/uploads\/2025\/08\/consejo2.jpeg","articleSection":["Noticias"],"inLanguage":"es","potentialAction":[{"@type":"CommentAction","name":"Comment","target":["https:\/\/somos-hermanos.mx\/index.php\/2025\/08\/04\/lanza-cc-diplomado-en-comunicacion-interna\/#respond"]}]},{"@type":"WebPage","@id":"https:\/\/somos-hermanos.mx\/index.php\/2025\/08\/04\/lanza-cc-diplomado-en-comunicacion-interna\/","url":"https:\/\/somos-hermanos.mx\/index.php\/2025\/08\/04\/lanza-cc-diplomado-en-comunicacion-interna\/","name":"Lanza CC Diplomado en Comunicaci\u00f3n Interna - Historias que inspiran...","isPartOf":{"@id":"https:\/\/somos-hermanos.mx\/#website"},"primaryImageOfPage":{"@id":"https:\/\/somos-hermanos.mx\/index.php\/2025\/08\/04\/lanza-cc-diplomado-en-comunicacion-interna\/#primaryimage"},"image":{"@id":"https:\/\/somos-hermanos.mx\/index.php\/2025\/08\/04\/lanza-cc-diplomado-en-comunicacion-interna\/#primaryimage"},"thumbnailUrl":"https:\/\/somos-hermanos.mx\/wp-content\/uploads\/2025\/08\/consejo2.jpeg","datePublished":"2025-08-04T07:40:10+00:00","breadcrumb":{"@id":"https:\/\/somos-hermanos.mx\/index.php\/2025\/08\/04\/lanza-cc-diplomado-en-comunicacion-interna\/#breadcrumb"},"inLanguage":"es","potentialAction":[{"@type":"ReadAction","target":["https:\/\/somos-hermanos.mx\/index.php\/2025\/08\/04\/lanza-cc-diplomado-en-comunicacion-interna\/"]}]},{"@type":"ImageObject","inLanguage":"es","@id":"https:\/\/somos-hermanos.mx\/index.php\/2025\/08\/04\/lanza-cc-diplomado-en-comunicacion-interna\/#primaryimage","url":"https:\/\/somos-hermanos.mx\/wp-content\/uploads\/2025\/08\/consejo2.jpeg","contentUrl":"https:\/\/somos-hermanos.mx\/wp-content\/uploads\/2025\/08\/consejo2.jpeg","width":1600,"height":1204},{"@type":"BreadcrumbList","@id":"https:\/\/somos-hermanos.mx\/index.php\/2025\/08\/04\/lanza-cc-diplomado-en-comunicacion-interna\/#breadcrumb","itemListElement":[{"@type":"ListItem","position":1,"name":"Inicio","item":"https:\/\/somos-hermanos.mx\/"},{"@type":"ListItem","position":2,"name":"Lanza CC Diplomado en Comunicaci\u00f3n Interna"}]},{"@type":"WebSite","@id":"https:\/\/somos-hermanos.mx\/#website","url":"https:\/\/somos-hermanos.mx\/","name":"Historias que inspiran...","description":"Somos la voz del altruismo en M\u00e9xico","publisher":{"@id":"https:\/\/somos-hermanos.mx\/#organization"},"potentialAction":[{"@type":"SearchAction","target":{"@type":"EntryPoint","urlTemplate":"https:\/\/somos-hermanos.mx\/?s={search_term_string}"},"query-input":{"@type":"PropertyValueSpecification","valueRequired":true,"valueName":"search_term_string"}}],"inLanguage":"es"},{"@type":"Organization","@id":"https:\/\/somos-hermanos.mx\/#organization","name":"Somos Hermanos","url":"https:\/\/somos-hermanos.mx\/","logo":{"@type":"ImageObject","inLanguage":"es","@id":"https:\/\/somos-hermanos.mx\/#\/schema\/logo\/image\/","url":"https:\/\/somos-hermanos.mx\/wp-content\/uploads\/2025\/08\/SH30-1.jpeg","contentUrl":"https:\/\/somos-hermanos.mx\/wp-content\/uploads\/2025\/08\/SH30-1.jpeg","width":1600,"height":1142,"caption":"Somos Hermanos"},"image":{"@id":"https:\/\/somos-hermanos.mx\/#\/schema\/logo\/image\/"},"sameAs":["https:\/\/www.facebook.com\/SomosHermanosIAP\/","https:\/\/x.com\/Somos__Hermanos","https:\/\/www.instagram.com\/somos__hermanos\/#","https:\/\/www.tiktok.com\/@somoshermanosiap","https:\/\/www.youtube.com\/@somoshermanosiap1201\/videos"]},{"@type":"Person","@id":"https:\/\/somos-hermanos.mx\/#\/schema\/person\/945cdfed39314d9db1242f593aecb908","name":"Jes\u00fas Arizmendi","image":{"@type":"ImageObject","inLanguage":"es","@id":"https:\/\/secure.gravatar.com\/avatar\/9d2f2284f2cc108aae42b8fdb13afa29b801f64001b731516b830e4926cc1b4b?s=96&d=mm&r=g","url":"https:\/\/secure.gravatar.com\/avatar\/9d2f2284f2cc108aae42b8fdb13afa29b801f64001b731516b830e4926cc1b4b?s=96&d=mm&r=g","contentUrl":"https:\/\/secure.gravatar.com\/avatar\/9d2f2284f2cc108aae42b8fdb13afa29b801f64001b731516b830e4926cc1b4b?s=96&d=mm&r=g","caption":"Jes\u00fas Arizmendi"},"url":"https:\/\/somos-hermanos.mx\/index.php\/author\/jesus-arizmendi\/"}]}},"_links":{"self":[{"href":"https:\/\/somos-hermanos.mx\/index.php\/wp-json\/wp\/v2\/posts\/658","targetHints":{"allow":["GET"]}}],"collection":[{"href":"https:\/\/somos-hermanos.mx\/index.php\/wp-json\/wp\/v2\/posts"}],"about":[{"href":"https:\/\/somos-hermanos.mx\/index.php\/wp-json\/wp\/v2\/types\/post"}],"author":[{"embeddable":true,"href":"https:\/\/somos-hermanos.mx\/index.php\/wp-json\/wp\/v2\/users\/8"}],"replies":[{"embeddable":true,"href":"https:\/\/somos-hermanos.mx\/index.php\/wp-json\/wp\/v2\/comments?post=658"}],"version-history":[{"count":1,"href":"https:\/\/somos-hermanos.mx\/index.php\/wp-json\/wp\/v2\/posts\/658\/revisions"}],"predecessor-version":[{"id":660,"href":"https:\/\/somos-hermanos.mx\/index.php\/wp-json\/wp\/v2\/posts\/658\/revisions\/660"}],"wp:featuredmedia":[{"embeddable":true,"href":"https:\/\/somos-hermanos.mx\/index.php\/wp-json\/wp\/v2\/media\/659"}],"wp:attachment":[{"href":"https:\/\/somos-hermanos.mx\/index.php\/wp-json\/wp\/v2\/media?parent=658"}],"wp:term":[{"taxonomy":"category","embeddable":true,"href":"https:\/\/somos-hermanos.mx\/index.php\/wp-json\/wp\/v2\/categories?post=658"},{"taxonomy":"post_tag","embeddable":true,"href":"https:\/\/somos-hermanos.mx\/index.php\/wp-json\/wp\/v2\/tags?post=658"}],"curies":[{"name":"wp","href":"https:\/\/api.w.org\/{rel}","templated":true}]}}