{"id":655,"date":"2025-08-04T01:38:57","date_gmt":"2025-08-04T07:38:57","guid":{"rendered":"https:\/\/somos-hermanos.mx\/?p=655"},"modified":"2025-08-04T01:38:57","modified_gmt":"2025-08-04T07:38:57","slug":"ccb-empodera-a-comunidades-para-el-cambio-social","status":"publish","type":"post","link":"https:\/\/somos-hermanos.mx\/index.php\/2025\/08\/04\/ccb-empodera-a-comunidades-para-el-cambio-social\/","title":{"rendered":"CCB: Empodera a comunidades para el cambio social"},"content":{"rendered":"<p>La Fundaci\u00f3n CCB <strong>(Centro de Comunicaci\u00f3n Cristiana de Bienes IAP)<\/strong>\u00a0es mucho m\u00e1s que una organizaci\u00f3n; es un grupo de laicos comprometidos con una misi\u00f3n clara y apasionada: <strong>transformar la vida de las personas en situaci\u00f3n de exclusi\u00f3n social en la Ciudad de M\u00e9xico y su \u00e1rea conurbada. <\/strong>En un contexto donde la desigualdad y la exclusi\u00f3n son realidades que enfrentan muchas comunidades, la Fundaci\u00f3n CCB destaca debido a sus grandes labores y por contar con una calidad humana incomparable.<\/p>\n<p>A trav\u00e9s de su labor, esta fundaci\u00f3n busca algo m\u00e1s que simplemente mejorar las condiciones de vida; su objetivo es <strong>empoderar a las personas de las comunidades para que, por s\u00ed mismas, sean protagonistas de su propio cambio.<\/strong>\u00a0Fundamentos como la justicia social, el respeto a la dignidad humana y la igualdad son los pilares sobre los cuales se cimienta cada uno de sus proyectos.<\/p>\n<p>En lugar de imponer soluciones, la Fundaci\u00f3n CCB trabaja mano a mano con las personas para desarrollar sus capacidades, permitiendo que ellas mismas generen proyectos que les brinden acceso a nuevas oportunidades y que contribuyan a la construcci\u00f3n de una sociedad m\u00e1s equitativa.<\/p>\n<p>La visi\u00f3n de la Fundaci\u00f3n es clara: <strong>crear l\u00edderes y emprendedores locales, capaces de transformar sus comunidades y estructuras sociales. <\/strong>Para ello, la fundaci\u00f3n no solo promueve el desarrollo humano integral, sino que tambi\u00e9n fomenta la prosperidad, impulsando el empoderamiento econ\u00f3mico de las mujeres y acompa\u00f1ando a los grupos en la creaci\u00f3n de proyectos que mejoren sus condiciones de vida de manera sostenible.<\/p>\n<p>Con un modelo de intervenci\u00f3n basado en el \u201cEnfoque de derechos humanos\u201d, Fundaci\u00f3n CCB no solo trabaja en la mejora material de las comunidades, sino que tambi\u00e9n lucha contra las desigualdades estructurales, identificando y corrigiendo las pr\u00e1cticas discriminatorias y el injusto reparto del poder. El objetivo es claro: promover un cambio social que permita una distribuci\u00f3n justa de los recursos y el acceso equitativo a las oportunidades.<\/p>\n<p>Cada acci\u00f3n de Fundaci\u00f3n CCB est\u00e1 impregnada con el esp\u00edritu de la Comunicaci\u00f3n Cristiana de Bienes: <strong>un compromiso solidario que busca el bien com\u00fan,<\/strong>\u00a0que nos invita a compartir nuestros bienes materiales, intelectuales, culturales y morales para que todos podamos vivir en un mundo m\u00e1s justo, m\u00e1s humano.<\/p>\n<p>Hoy, m\u00e1s que nunca, el trabajo de la Fundaci\u00f3n CCB es fundamental para la construcci\u00f3n de un futuro m\u00e1s prometedor. Cada proyecto, cada iniciativa, y cada paso que dan juntos con las comunidades no solo representa una mejora inmediata en las condiciones de vida, sino tambi\u00e9n la creaci\u00f3n de una sociedad m\u00e1s unida, m\u00e1s equitativa, y, sobre todo, m\u00e1s humana.<\/p>\n<p>Es hora de cambiar la historia. Es hora de ser parte del cambio. \u00a1Juntos podemos construir un futuro mejor!<\/p>\n<p><em>A continuaci\u00f3n te compartimos el link de su sitio web oficial para que puedas conocer m\u00e1s de ellos y poder llegar a m\u00e1s rincones del pa\u00eds <\/em><a href=\"https:\/\/www.fundacionccbiap.org.mx\/index.html\"><em><u>https:\/\/www.fundacionccbiap.org.mx\/index.html<\/u><\/em><\/a><em>. <\/em><\/p>\n","protected":false},"excerpt":{"rendered":"<p>La Fundaci\u00f3n CCB (Centro de Comunicaci\u00f3n Cristiana de Bienes IAP)\u00a0es mucho m\u00e1s que una organizaci\u00f3n; es un grupo de laicos comprometidos con una misi\u00f3n clara y apasionada: transformar la vida de las personas en situaci\u00f3n de exclusi\u00f3n social en la Ciudad de M\u00e9xico y su \u00e1rea conurbada. En un contexto donde la desigualdad y la [&hellip;]<\/p>\n","protected":false},"author":16,"featured_media":656,"comment_status":"open","ping_status":"closed","sticky":false,"template":"","format":"standard","meta":{"footnotes":""},"categories":[6],"tags":[],"class_list":["post-655","post","type-post","status-publish","format-standard","has-post-thumbnail","hentry","category-noticias"],"yoast_head":"<!-- This site is optimized with the Yoast SEO plugin v27.4 - https:\/\/yoast.com\/product\/yoast-seo-wordpress\/ -->\n<title>CCB: Empodera a comunidades para el cambio social - Historias que inspiran...<\/title>\n<meta name=\"robots\" content=\"index, follow, max-snippet:-1, max-image-preview:large, max-video-preview:-1\" \/>\n<link rel=\"canonical\" href=\"https:\/\/somos-hermanos.mx\/index.php\/2025\/08\/04\/ccb-empodera-a-comunidades-para-el-cambio-social\/\" \/>\n<meta property=\"og:locale\" content=\"es_MX\" \/>\n<meta property=\"og:type\" content=\"article\" \/>\n<meta property=\"og:title\" content=\"CCB: Empodera a comunidades para el cambio social - Historias que inspiran...\" \/>\n<meta property=\"og:description\" content=\"La Fundaci\u00f3n CCB (Centro de Comunicaci\u00f3n Cristiana de Bienes IAP)\u00a0es mucho m\u00e1s que una organizaci\u00f3n; es un grupo de laicos comprometidos con una misi\u00f3n clara y apasionada: transformar la vida de las personas en situaci\u00f3n de exclusi\u00f3n social en la Ciudad de M\u00e9xico y su \u00e1rea conurbada. En un contexto donde la desigualdad y la [&hellip;]\" \/>\n<meta property=\"og:url\" content=\"https:\/\/somos-hermanos.mx\/index.php\/2025\/08\/04\/ccb-empodera-a-comunidades-para-el-cambio-social\/\" \/>\n<meta property=\"og:site_name\" content=\"Historias que inspiran...\" \/>\n<meta property=\"article:publisher\" content=\"https:\/\/www.facebook.com\/SomosHermanosIAP\/\" \/>\n<meta property=\"article:published_time\" content=\"2025-08-04T07:38:57+00:00\" \/>\n<meta property=\"og:image\" content=\"https:\/\/somos-hermanos.mx\/wp-content\/uploads\/2025\/08\/ccb2.jpeg\" \/>\n\t<meta property=\"og:image:width\" content=\"1600\" \/>\n\t<meta property=\"og:image:height\" content=\"1066\" \/>\n\t<meta property=\"og:image:type\" content=\"image\/jpeg\" \/>\n<meta name=\"author\" content=\"Jorge Plascencia Gonz\u00e1lez\" \/>\n<meta name=\"twitter:card\" content=\"summary_large_image\" \/>\n<meta name=\"twitter:creator\" content=\"@Somos__Hermanos\" \/>\n<meta name=\"twitter:site\" content=\"@Somos__Hermanos\" \/>\n<meta name=\"twitter:label1\" content=\"Escrito por\" \/>\n\t<meta name=\"twitter:data1\" content=\"Jorge Plascencia Gonz\u00e1lez\" \/>\n\t<meta name=\"twitter:label2\" content=\"Tiempo de lectura\" \/>\n\t<meta name=\"twitter:data2\" content=\"3 minutos\" \/>\n<script type=\"application\/ld+json\" class=\"yoast-schema-graph\">{\"@context\":\"https:\\\/\\\/schema.org\",\"@graph\":[{\"@type\":\"Article\",\"@id\":\"https:\\\/\\\/somos-hermanos.mx\\\/index.php\\\/2025\\\/08\\\/04\\\/ccb-empodera-a-comunidades-para-el-cambio-social\\\/#article\",\"isPartOf\":{\"@id\":\"https:\\\/\\\/somos-hermanos.mx\\\/index.php\\\/2025\\\/08\\\/04\\\/ccb-empodera-a-comunidades-para-el-cambio-social\\\/\"},\"author\":{\"name\":\"Jorge Plascencia Gonz\u00e1lez\",\"@id\":\"https:\\\/\\\/somos-hermanos.mx\\\/#\\\/schema\\\/person\\\/310a45203a309f04e24f754c2ffd78b2\"},\"headline\":\"CCB: Empodera a comunidades para el cambio social\",\"datePublished\":\"2025-08-04T07:38:57+00:00\",\"mainEntityOfPage\":{\"@id\":\"https:\\\/\\\/somos-hermanos.mx\\\/index.php\\\/2025\\\/08\\\/04\\\/ccb-empodera-a-comunidades-para-el-cambio-social\\\/\"},\"wordCount\":535,\"commentCount\":0,\"publisher\":{\"@id\":\"https:\\\/\\\/somos-hermanos.mx\\\/#organization\"},\"image\":{\"@id\":\"https:\\\/\\\/somos-hermanos.mx\\\/index.php\\\/2025\\\/08\\\/04\\\/ccb-empodera-a-comunidades-para-el-cambio-social\\\/#primaryimage\"},\"thumbnailUrl\":\"https:\\\/\\\/somos-hermanos.mx\\\/wp-content\\\/uploads\\\/2025\\\/08\\\/ccb2.jpeg\",\"articleSection\":[\"Noticias\"],\"inLanguage\":\"es\",\"potentialAction\":[{\"@type\":\"CommentAction\",\"name\":\"Comment\",\"target\":[\"https:\\\/\\\/somos-hermanos.mx\\\/index.php\\\/2025\\\/08\\\/04\\\/ccb-empodera-a-comunidades-para-el-cambio-social\\\/#respond\"]}]},{\"@type\":\"WebPage\",\"@id\":\"https:\\\/\\\/somos-hermanos.mx\\\/index.php\\\/2025\\\/08\\\/04\\\/ccb-empodera-a-comunidades-para-el-cambio-social\\\/\",\"url\":\"https:\\\/\\\/somos-hermanos.mx\\\/index.php\\\/2025\\\/08\\\/04\\\/ccb-empodera-a-comunidades-para-el-cambio-social\\\/\",\"name\":\"CCB: Empodera a comunidades para el cambio social - Historias que inspiran...\",\"isPartOf\":{\"@id\":\"https:\\\/\\\/somos-hermanos.mx\\\/#website\"},\"primaryImageOfPage\":{\"@id\":\"https:\\\/\\\/somos-hermanos.mx\\\/index.php\\\/2025\\\/08\\\/04\\\/ccb-empodera-a-comunidades-para-el-cambio-social\\\/#primaryimage\"},\"image\":{\"@id\":\"https:\\\/\\\/somos-hermanos.mx\\\/index.php\\\/2025\\\/08\\\/04\\\/ccb-empodera-a-comunidades-para-el-cambio-social\\\/#primaryimage\"},\"thumbnailUrl\":\"https:\\\/\\\/somos-hermanos.mx\\\/wp-content\\\/uploads\\\/2025\\\/08\\\/ccb2.jpeg\",\"datePublished\":\"2025-08-04T07:38:57+00:00\",\"breadcrumb\":{\"@id\":\"https:\\\/\\\/somos-hermanos.mx\\\/index.php\\\/2025\\\/08\\\/04\\\/ccb-empodera-a-comunidades-para-el-cambio-social\\\/#breadcrumb\"},\"inLanguage\":\"es\",\"potentialAction\":[{\"@type\":\"ReadAction\",\"target\":[\"https:\\\/\\\/somos-hermanos.mx\\\/index.php\\\/2025\\\/08\\\/04\\\/ccb-empodera-a-comunidades-para-el-cambio-social\\\/\"]}]},{\"@type\":\"ImageObject\",\"inLanguage\":\"es\",\"@id\":\"https:\\\/\\\/somos-hermanos.mx\\\/index.php\\\/2025\\\/08\\\/04\\\/ccb-empodera-a-comunidades-para-el-cambio-social\\\/#primaryimage\",\"url\":\"https:\\\/\\\/somos-hermanos.mx\\\/wp-content\\\/uploads\\\/2025\\\/08\\\/ccb2.jpeg\",\"contentUrl\":\"https:\\\/\\\/somos-hermanos.mx\\\/wp-content\\\/uploads\\\/2025\\\/08\\\/ccb2.jpeg\",\"width\":1600,\"height\":1066},{\"@type\":\"BreadcrumbList\",\"@id\":\"https:\\\/\\\/somos-hermanos.mx\\\/index.php\\\/2025\\\/08\\\/04\\\/ccb-empodera-a-comunidades-para-el-cambio-social\\\/#breadcrumb\",\"itemListElement\":[{\"@type\":\"ListItem\",\"position\":1,\"name\":\"Inicio\",\"item\":\"https:\\\/\\\/somos-hermanos.mx\\\/\"},{\"@type\":\"ListItem\",\"position\":2,\"name\":\"CCB: Empodera a comunidades para el cambio social\"}]},{\"@type\":\"WebSite\",\"@id\":\"https:\\\/\\\/somos-hermanos.mx\\\/#website\",\"url\":\"https:\\\/\\\/somos-hermanos.mx\\\/\",\"name\":\"Historias que inspiran...\",\"description\":\"Somos la voz del altruismo en M\u00e9xico\",\"publisher\":{\"@id\":\"https:\\\/\\\/somos-hermanos.mx\\\/#organization\"},\"potentialAction\":[{\"@type\":\"SearchAction\",\"target\":{\"@type\":\"EntryPoint\",\"urlTemplate\":\"https:\\\/\\\/somos-hermanos.mx\\\/?s={search_term_string}\"},\"query-input\":{\"@type\":\"PropertyValueSpecification\",\"valueRequired\":true,\"valueName\":\"search_term_string\"}}],\"inLanguage\":\"es\"},{\"@type\":\"Organization\",\"@id\":\"https:\\\/\\\/somos-hermanos.mx\\\/#organization\",\"name\":\"Somos Hermanos\",\"url\":\"https:\\\/\\\/somos-hermanos.mx\\\/\",\"logo\":{\"@type\":\"ImageObject\",\"inLanguage\":\"es\",\"@id\":\"https:\\\/\\\/somos-hermanos.mx\\\/#\\\/schema\\\/logo\\\/image\\\/\",\"url\":\"https:\\\/\\\/somos-hermanos.mx\\\/wp-content\\\/uploads\\\/2025\\\/08\\\/SH30-1.jpeg\",\"contentUrl\":\"https:\\\/\\\/somos-hermanos.mx\\\/wp-content\\\/uploads\\\/2025\\\/08\\\/SH30-1.jpeg\",\"width\":1600,\"height\":1142,\"caption\":\"Somos Hermanos\"},\"image\":{\"@id\":\"https:\\\/\\\/somos-hermanos.mx\\\/#\\\/schema\\\/logo\\\/image\\\/\"},\"sameAs\":[\"https:\\\/\\\/www.facebook.com\\\/SomosHermanosIAP\\\/\",\"https:\\\/\\\/x.com\\\/Somos__Hermanos\",\"https:\\\/\\\/www.instagram.com\\\/somos__hermanos\\\/#\",\"https:\\\/\\\/www.tiktok.com\\\/@somoshermanosiap\",\"https:\\\/\\\/www.youtube.com\\\/@somoshermanosiap1201\\\/videos\"]},{\"@type\":\"Person\",\"@id\":\"https:\\\/\\\/somos-hermanos.mx\\\/#\\\/schema\\\/person\\\/310a45203a309f04e24f754c2ffd78b2\",\"name\":\"Jorge Plascencia Gonz\u00e1lez\",\"image\":{\"@type\":\"ImageObject\",\"inLanguage\":\"es\",\"@id\":\"https:\\\/\\\/secure.gravatar.com\\\/avatar\\\/64861ec16c81c93b8ca0cb6e8211fcb69e209928bb5e8c177618e37513c17ed7?s=96&d=mm&r=g\",\"url\":\"https:\\\/\\\/secure.gravatar.com\\\/avatar\\\/64861ec16c81c93b8ca0cb6e8211fcb69e209928bb5e8c177618e37513c17ed7?s=96&d=mm&r=g\",\"contentUrl\":\"https:\\\/\\\/secure.gravatar.com\\\/avatar\\\/64861ec16c81c93b8ca0cb6e8211fcb69e209928bb5e8c177618e37513c17ed7?s=96&d=mm&r=g\",\"caption\":\"Jorge Plascencia Gonz\u00e1lez\"},\"url\":\"https:\\\/\\\/somos-hermanos.mx\\\/index.php\\\/author\\\/jorge-plascencia-gonzalez\\\/\"}]}<\/script>\n<!-- \/ Yoast SEO plugin. -->","yoast_head_json":{"title":"CCB: Empodera a comunidades para el cambio social - Historias que inspiran...","robots":{"index":"index","follow":"follow","max-snippet":"max-snippet:-1","max-image-preview":"max-image-preview:large","max-video-preview":"max-video-preview:-1"},"canonical":"https:\/\/somos-hermanos.mx\/index.php\/2025\/08\/04\/ccb-empodera-a-comunidades-para-el-cambio-social\/","og_locale":"es_MX","og_type":"article","og_title":"CCB: Empodera a comunidades para el cambio social - Historias que inspiran...","og_description":"La Fundaci\u00f3n CCB (Centro de Comunicaci\u00f3n Cristiana de Bienes IAP)\u00a0es mucho m\u00e1s que una organizaci\u00f3n; es un grupo de laicos comprometidos con una misi\u00f3n clara y apasionada: transformar la vida de las personas en situaci\u00f3n de exclusi\u00f3n social en la Ciudad de M\u00e9xico y su \u00e1rea conurbada. En un contexto donde la desigualdad y la [&hellip;]","og_url":"https:\/\/somos-hermanos.mx\/index.php\/2025\/08\/04\/ccb-empodera-a-comunidades-para-el-cambio-social\/","og_site_name":"Historias que inspiran...","article_publisher":"https:\/\/www.facebook.com\/SomosHermanosIAP\/","article_published_time":"2025-08-04T07:38:57+00:00","og_image":[{"width":1600,"height":1066,"url":"https:\/\/somos-hermanos.mx\/wp-content\/uploads\/2025\/08\/ccb2.jpeg","type":"image\/jpeg"}],"author":"Jorge Plascencia Gonz\u00e1lez","twitter_card":"summary_large_image","twitter_creator":"@Somos__Hermanos","twitter_site":"@Somos__Hermanos","twitter_misc":{"Escrito por":"Jorge Plascencia Gonz\u00e1lez","Tiempo de lectura":"3 minutos"},"schema":{"@context":"https:\/\/schema.org","@graph":[{"@type":"Article","@id":"https:\/\/somos-hermanos.mx\/index.php\/2025\/08\/04\/ccb-empodera-a-comunidades-para-el-cambio-social\/#article","isPartOf":{"@id":"https:\/\/somos-hermanos.mx\/index.php\/2025\/08\/04\/ccb-empodera-a-comunidades-para-el-cambio-social\/"},"author":{"name":"Jorge Plascencia Gonz\u00e1lez","@id":"https:\/\/somos-hermanos.mx\/#\/schema\/person\/310a45203a309f04e24f754c2ffd78b2"},"headline":"CCB: Empodera a comunidades para el cambio social","datePublished":"2025-08-04T07:38:57+00:00","mainEntityOfPage":{"@id":"https:\/\/somos-hermanos.mx\/index.php\/2025\/08\/04\/ccb-empodera-a-comunidades-para-el-cambio-social\/"},"wordCount":535,"commentCount":0,"publisher":{"@id":"https:\/\/somos-hermanos.mx\/#organization"},"image":{"@id":"https:\/\/somos-hermanos.mx\/index.php\/2025\/08\/04\/ccb-empodera-a-comunidades-para-el-cambio-social\/#primaryimage"},"thumbnailUrl":"https:\/\/somos-hermanos.mx\/wp-content\/uploads\/2025\/08\/ccb2.jpeg","articleSection":["Noticias"],"inLanguage":"es","potentialAction":[{"@type":"CommentAction","name":"Comment","target":["https:\/\/somos-hermanos.mx\/index.php\/2025\/08\/04\/ccb-empodera-a-comunidades-para-el-cambio-social\/#respond"]}]},{"@type":"WebPage","@id":"https:\/\/somos-hermanos.mx\/index.php\/2025\/08\/04\/ccb-empodera-a-comunidades-para-el-cambio-social\/","url":"https:\/\/somos-hermanos.mx\/index.php\/2025\/08\/04\/ccb-empodera-a-comunidades-para-el-cambio-social\/","name":"CCB: Empodera a comunidades para el cambio social - Historias que inspiran...","isPartOf":{"@id":"https:\/\/somos-hermanos.mx\/#website"},"primaryImageOfPage":{"@id":"https:\/\/somos-hermanos.mx\/index.php\/2025\/08\/04\/ccb-empodera-a-comunidades-para-el-cambio-social\/#primaryimage"},"image":{"@id":"https:\/\/somos-hermanos.mx\/index.php\/2025\/08\/04\/ccb-empodera-a-comunidades-para-el-cambio-social\/#primaryimage"},"thumbnailUrl":"https:\/\/somos-hermanos.mx\/wp-content\/uploads\/2025\/08\/ccb2.jpeg","datePublished":"2025-08-04T07:38:57+00:00","breadcrumb":{"@id":"https:\/\/somos-hermanos.mx\/index.php\/2025\/08\/04\/ccb-empodera-a-comunidades-para-el-cambio-social\/#breadcrumb"},"inLanguage":"es","potentialAction":[{"@type":"ReadAction","target":["https:\/\/somos-hermanos.mx\/index.php\/2025\/08\/04\/ccb-empodera-a-comunidades-para-el-cambio-social\/"]}]},{"@type":"ImageObject","inLanguage":"es","@id":"https:\/\/somos-hermanos.mx\/index.php\/2025\/08\/04\/ccb-empodera-a-comunidades-para-el-cambio-social\/#primaryimage","url":"https:\/\/somos-hermanos.mx\/wp-content\/uploads\/2025\/08\/ccb2.jpeg","contentUrl":"https:\/\/somos-hermanos.mx\/wp-content\/uploads\/2025\/08\/ccb2.jpeg","width":1600,"height":1066},{"@type":"BreadcrumbList","@id":"https:\/\/somos-hermanos.mx\/index.php\/2025\/08\/04\/ccb-empodera-a-comunidades-para-el-cambio-social\/#breadcrumb","itemListElement":[{"@type":"ListItem","position":1,"name":"Inicio","item":"https:\/\/somos-hermanos.mx\/"},{"@type":"ListItem","position":2,"name":"CCB: Empodera a comunidades para el cambio social"}]},{"@type":"WebSite","@id":"https:\/\/somos-hermanos.mx\/#website","url":"https:\/\/somos-hermanos.mx\/","name":"Historias que inspiran...","description":"Somos la voz del altruismo en M\u00e9xico","publisher":{"@id":"https:\/\/somos-hermanos.mx\/#organization"},"potentialAction":[{"@type":"SearchAction","target":{"@type":"EntryPoint","urlTemplate":"https:\/\/somos-hermanos.mx\/?s={search_term_string}"},"query-input":{"@type":"PropertyValueSpecification","valueRequired":true,"valueName":"search_term_string"}}],"inLanguage":"es"},{"@type":"Organization","@id":"https:\/\/somos-hermanos.mx\/#organization","name":"Somos Hermanos","url":"https:\/\/somos-hermanos.mx\/","logo":{"@type":"ImageObject","inLanguage":"es","@id":"https:\/\/somos-hermanos.mx\/#\/schema\/logo\/image\/","url":"https:\/\/somos-hermanos.mx\/wp-content\/uploads\/2025\/08\/SH30-1.jpeg","contentUrl":"https:\/\/somos-hermanos.mx\/wp-content\/uploads\/2025\/08\/SH30-1.jpeg","width":1600,"height":1142,"caption":"Somos Hermanos"},"image":{"@id":"https:\/\/somos-hermanos.mx\/#\/schema\/logo\/image\/"},"sameAs":["https:\/\/www.facebook.com\/SomosHermanosIAP\/","https:\/\/x.com\/Somos__Hermanos","https:\/\/www.instagram.com\/somos__hermanos\/#","https:\/\/www.tiktok.com\/@somoshermanosiap","https:\/\/www.youtube.com\/@somoshermanosiap1201\/videos"]},{"@type":"Person","@id":"https:\/\/somos-hermanos.mx\/#\/schema\/person\/310a45203a309f04e24f754c2ffd78b2","name":"Jorge Plascencia Gonz\u00e1lez","image":{"@type":"ImageObject","inLanguage":"es","@id":"https:\/\/secure.gravatar.com\/avatar\/64861ec16c81c93b8ca0cb6e8211fcb69e209928bb5e8c177618e37513c17ed7?s=96&d=mm&r=g","url":"https:\/\/secure.gravatar.com\/avatar\/64861ec16c81c93b8ca0cb6e8211fcb69e209928bb5e8c177618e37513c17ed7?s=96&d=mm&r=g","contentUrl":"https:\/\/secure.gravatar.com\/avatar\/64861ec16c81c93b8ca0cb6e8211fcb69e209928bb5e8c177618e37513c17ed7?s=96&d=mm&r=g","caption":"Jorge Plascencia Gonz\u00e1lez"},"url":"https:\/\/somos-hermanos.mx\/index.php\/author\/jorge-plascencia-gonzalez\/"}]}},"_links":{"self":[{"href":"https:\/\/somos-hermanos.mx\/index.php\/wp-json\/wp\/v2\/posts\/655","targetHints":{"allow":["GET"]}}],"collection":[{"href":"https:\/\/somos-hermanos.mx\/index.php\/wp-json\/wp\/v2\/posts"}],"about":[{"href":"https:\/\/somos-hermanos.mx\/index.php\/wp-json\/wp\/v2\/types\/post"}],"author":[{"embeddable":true,"href":"https:\/\/somos-hermanos.mx\/index.php\/wp-json\/wp\/v2\/users\/16"}],"replies":[{"embeddable":true,"href":"https:\/\/somos-hermanos.mx\/index.php\/wp-json\/wp\/v2\/comments?post=655"}],"version-history":[{"count":1,"href":"https:\/\/somos-hermanos.mx\/index.php\/wp-json\/wp\/v2\/posts\/655\/revisions"}],"predecessor-version":[{"id":657,"href":"https:\/\/somos-hermanos.mx\/index.php\/wp-json\/wp\/v2\/posts\/655\/revisions\/657"}],"wp:featuredmedia":[{"embeddable":true,"href":"https:\/\/somos-hermanos.mx\/index.php\/wp-json\/wp\/v2\/media\/656"}],"wp:attachment":[{"href":"https:\/\/somos-hermanos.mx\/index.php\/wp-json\/wp\/v2\/media?parent=655"}],"wp:term":[{"taxonomy":"category","embeddable":true,"href":"https:\/\/somos-hermanos.mx\/index.php\/wp-json\/wp\/v2\/categories?post=655"},{"taxonomy":"post_tag","embeddable":true,"href":"https:\/\/somos-hermanos.mx\/index.php\/wp-json\/wp\/v2\/tags?post=655"}],"curies":[{"name":"wp","href":"https:\/\/api.w.org\/{rel}","templated":true}]}}