{"id":649,"date":"2025-08-04T01:36:02","date_gmt":"2025-08-04T07:36:02","guid":{"rendered":"https:\/\/somos-hermanos.mx\/?p=649"},"modified":"2025-08-04T01:36:02","modified_gmt":"2025-08-04T07:36:02","slug":"iluminemos-asociacion-que-arroja-luz-sobre-la-vida-de-las-personas-con-autismo","status":"publish","type":"post","link":"https:\/\/somos-hermanos.mx\/index.php\/2025\/08\/04\/iluminemos-asociacion-que-arroja-luz-sobre-la-vida-de-las-personas-con-autismo\/","title":{"rendered":"Iluminemos: asociaci\u00f3n que arroja luz sobre la vida de las personas con autismo"},"content":{"rendered":"<p><em>Iluminemos por la inclusi\u00f3n, por la empat\u00eda, por el respeto. Iluminemos mentes, corazones, personas, familias. Iluminemos por el autismo<\/em>. <strong>Esta es una frase que resume el esp\u00edritu de Iluminemos por el Autismo (<\/strong><a href=\"https:\/\/iluminemos.org\"><strong><u>https:\/\/iluminemos.org<\/u><\/strong><\/a><strong>), asociaci\u00f3n civil fundada en 2015 <\/strong>que realiza distintas acciones y actividades en favor de mejorar la calidad de vida de las personas con autismo y sus familias, como brindar apoyo a las familias, visibilizar una condici\u00f3n de vida aparentemente invisible, concientizar a la sociedad e impulsar programas y pol\u00edticas p\u00fablicas en colaboraci\u00f3n con diversos grupos de inter\u00e9s para mejorar la calidad de vida de las personas afectadas.<\/p>\n<p>La misi\u00f3n central de Iluminemos es, seg\u00fan se explica en su p\u00e1gina web oficial, <strong>\u201cser un referente en Am\u00e9rica Latina y pa\u00edses de habla hispana en acciones que fomenten la inclusi\u00f3n integral de personas neurodiversas <\/strong>y\/o con cualquier condici\u00f3n del espectro autista.\u201d Para cumplir con dicho objetivo, la asociaci\u00f3n realiza numerosas acciones a lo largo del a\u00f1o, como campa\u00f1as masivas informativas, de sensibilizaci\u00f3n y concientizaci\u00f3n a trav\u00e9s de diferentes medios vinculados a distintas marcas para alcanzar su impacto; tambi\u00e9n ofrece talleres y pl\u00e1ticas en escuelas y empresas; brinda actividades de formaci\u00f3n (simposios, conferencias o jornadas de capacitaci\u00f3n); genera alianzas con centros terap\u00e9uticos y colaboraciones con instituciones gubernamentales para impulsar o contribuir en la creaci\u00f3n de leyes e iniciativas que garanticen el respeto de los derechos de las personas con autismo.<\/p>\n<p>Las acciones mencionadas se distribuyen en distintos programas. El primero de ellos es <strong><em>Apoyo a familias<\/em><\/strong><em>\u00a0<\/em>(<a href=\"https:\/\/iluminemos.org\/apoyo-a-familias\/\"><u>https:\/\/iluminemos.org\/apoyo-a-familias\/<\/u><\/a>), en el cual realizan y gestionan acciones de acompa\u00f1amiento, capacitaci\u00f3n y empoderamiento a personas con autismo y sus familias; las actividades que se promueven son varias, desde redes de apoyo y asesor\u00eda informativa hasta ofrecimiento de una l\u00ednea de apoyo emocional gratuita. Esta \u00faltima acci\u00f3n consiste en poner a disposici\u00f3n de la gente una l\u00ednea telef\u00f3nica gratuita de apoyo emocional, tanto para personas con autismo como sus familias, que es operada por psic\u00f3logos y se encuentra disponible de lunes a domingo de 8 am a 10 pm.<\/p>\n<p>Para M\u00e9xico, el n\u00famero de apoyo disponible es el siguiente: 800 911 2985. (Si tu estado a\u00fan no ha homologado la marcaci\u00f3n, agrega 01). Para el extranjero, agregar el prefijo del pa\u00eds correspondiente con + 52 55 52832857. (El servicio de la l\u00ednea es gratuito, pero se deber\u00e1 pagar la larga distancia a tu compa\u00f1\u00eda telef\u00f3nica).<\/p>\n<p>Asimismo, Iluminemos realiza sesiones mensuales de apoyo a familiares de personas con autismo; las reuniones est\u00e1n organizadas como un espacio seguro para que se d\u00e9 un di\u00e1logo entre la gente de manera integral y compartan sus pr\u00e1cticas de paternidad y crianza. Para acceder a esta actividad, registrarse v\u00eda correo electr\u00f3nico (<a href=\"mailto:contacto@iluminemos.org\"><u>contacto@iluminemos.org<\/u><\/a>).<\/p>\n<p>El segundo programa de Iluminemos es Concientizaci\u00f3n, en el cual se busca fomentar la inclusi\u00f3n de personas con autismo mediante campa\u00f1as, conferencias, eventos, pl\u00e1ticas, talleres y toda \u201cactividad que nos permita informar sobre la existencia, retos y caracter\u00edsticas de las condiciones del espectro autista para concientizar a la sociedad\u201d. Para la asociaci\u00f3n es muy importante que todas las personas, sin importar sus diferencias, tengan acceso y participaci\u00f3n en la salud, educaci\u00f3n, cultura o trabajo. Si se desea conocer m\u00e1s acerca de este proyecto, ingresar al siguiente enlace: <a href=\"https:\/\/iluminemos.org\/concientizacion\/\"><u>https:\/\/iluminemos.org\/concientizacion\/<\/u><\/a><\/p>\n<p>Por otro lado, el programa Formaci\u00f3n tiene el objetivo de dar a conocer a la gente, en el espacio de su p\u00e1gina web (<a href=\"https:\/\/iluminemos.org\/autismo\/\"><u>https:\/\/iluminemos.org\/autismo\/<\/u><\/a>), qu\u00e9 es el autismo y qu\u00e9 s\u00edntomas presenta. De acuerdo con Iluminemos, en M\u00e9xico 1 de cada 115 personas tiene autismo, al cual define no como una enfermedad sino como \u201cconjunto de trastornos complejos del desarrollo neurol\u00f3gico caracterizado por dificultades en las relaciones sociales, alteraci\u00f3n en la capacidad de comunicaci\u00f3n, patrones de conducta estereotipada, restringida y repetitiva.\u201d<\/p>\n<p>Adem\u00e1s, en otro espacio de su sitio digital (<a href=\"https:\/\/iluminemos.org\/diagnostico\/\"><u>https:\/\/iluminemos.org\/diagnostico\/<\/u><\/a>), la asociaci\u00f3n explica las se\u00f1ales para detectar el autismo en personas que parecieran tenerlo. Iluministas detalla, por ejemplo, que la observaci\u00f3n es un factor clave en la detecci\u00f3n, pues si bien no se manifiesta con caracter\u00edsticas f\u00edsicas evidentes, s\u00ed se revela en algunos comportamientos o conductas que pudieran estar \u201cfuera de lo com\u00fan\u201d. Es importante que, si alguna persona cree que su familiar es autista, busque inmediatamente acompa\u00f1amiento con un neuropediatra, paidopsiquiatra o un centro especializado en atenci\u00f3n de autismo. Si se desea m\u00e1s informaci\u00f3n sobre centros o instituciones en M\u00e9xico, escribir \u00a0a: <a href=\"mailto:contacto@iluminemos.org\"><u>contacto@iluminemos.org<\/u><\/a><\/p>\n<p>La asociaci\u00f3n cuenta con un blog especializado (<a href=\"https:\/\/iluminemos.org\/blog\/\"><u>https:\/\/iluminemos.org\/blog\/<\/u><\/a>) que busca informar a la gente acerca de las noticias m\u00e1s relevantes sobre el espectro del autismo y otros temas afines, como depresi\u00f3n, sexo afectividad y leyes que abarquen a las personas autistas. A su vez, pone a disposici\u00f3n de los usuarios Iluminemos Podcast (<a href=\"https:\/\/podcast.iluminemos.org\"><u>https:\/\/podcast.iluminemos.org<\/u><\/a>), un espacio de entrevistas para acercar a la gente al autismo y comprenderlo a partir de la visi\u00f3n y experiencia de especialistas, autistas y cuidadores\/as.<\/p>\n<p>Finalmente, Iluminemos invita a la gente a brindar su apoyo de distintas maneras, para que personas autistas y familiares puedan mejorar su calidad de vida mediante los programas expuestos anteriormente.<\/p>\n<p>El primer modo de ayuda es la donaci\u00f3n, que se puede realizar en dos modalidades: donar una sola vez de manera segura con tarjeta de cr\u00e9dito, d\u00e9bito o paypal o donar de manera mensual y recurrente de esa misma forma. Para conocer m\u00e1s detalles y realizar donativos, ingresar al siguiente enlace: <a href=\"https:\/\/alwayson.recaudia.com\/azulfen\/donor\"><u>https:\/\/alwayson.recaudia.com\/azulfen\/donor<\/u><\/a><\/p>\n<p>Tambi\u00e9n cuenta con un programa de Voluntariado en el que la gente interesada puede ser parte del equipo de Iluminemos, apoyando en distintas actividades dirigidas hacia la comunidad autista. Si se desea conocer m\u00e1s acerca de esta modalidad de apoyo, entrar a: <a href=\"https:\/\/iluminemos.org\/voluntarios\/\"><u>https:\/\/iluminemos.org\/voluntarios\/<\/u><\/a><\/p>\n<p>Existen otras maneras de apoyar, como campa\u00f1as de procuraci\u00f3n de fondos y obteniendo informaci\u00f3n sobre autismo para poder compartirla con las dem\u00e1s, las cuales pueden consultarse en el link siguiente: <a href=\"https:\/\/iluminemos.org\/sumate\/\"><u>https:\/\/iluminemos.org\/sumate\/<\/u><\/a><\/p>\n","protected":false},"excerpt":{"rendered":"<p>Iluminemos por la inclusi\u00f3n, por la empat\u00eda, por el respeto. Iluminemos mentes, corazones, personas, familias. Iluminemos por el autismo. Esta es una frase que resume el esp\u00edritu de Iluminemos por el Autismo (https:\/\/iluminemos.org), asociaci\u00f3n civil fundada en 2015 que realiza distintas acciones y actividades en favor de mejorar la calidad de vida de las personas [&hellip;]<\/p>\n","protected":false},"author":5,"featured_media":650,"comment_status":"open","ping_status":"closed","sticky":false,"template":"","format":"standard","meta":{"footnotes":""},"categories":[6],"tags":[],"class_list":["post-649","post","type-post","status-publish","format-standard","has-post-thumbnail","hentry","category-noticias"],"yoast_head":"<!-- This site is optimized with the Yoast SEO plugin v27.4 - https:\/\/yoast.com\/product\/yoast-seo-wordpress\/ -->\n<title>Iluminemos: asociaci\u00f3n que arroja luz sobre la vida de las personas con autismo - Historias que inspiran...<\/title>\n<meta name=\"robots\" content=\"index, follow, max-snippet:-1, max-image-preview:large, max-video-preview:-1\" \/>\n<link rel=\"canonical\" href=\"https:\/\/somos-hermanos.mx\/index.php\/2025\/08\/04\/iluminemos-asociacion-que-arroja-luz-sobre-la-vida-de-las-personas-con-autismo\/\" \/>\n<meta property=\"og:locale\" content=\"es_MX\" \/>\n<meta property=\"og:type\" content=\"article\" \/>\n<meta property=\"og:title\" content=\"Iluminemos: asociaci\u00f3n que arroja luz sobre la vida de las personas con autismo - Historias que inspiran...\" \/>\n<meta property=\"og:description\" content=\"Iluminemos por la inclusi\u00f3n, por la empat\u00eda, por el respeto. Iluminemos mentes, corazones, personas, familias. Iluminemos por el autismo. Esta es una frase que resume el esp\u00edritu de Iluminemos por el Autismo (https:\/\/iluminemos.org), asociaci\u00f3n civil fundada en 2015 que realiza distintas acciones y actividades en favor de mejorar la calidad de vida de las personas [&hellip;]\" \/>\n<meta property=\"og:url\" content=\"https:\/\/somos-hermanos.mx\/index.php\/2025\/08\/04\/iluminemos-asociacion-que-arroja-luz-sobre-la-vida-de-las-personas-con-autismo\/\" \/>\n<meta property=\"og:site_name\" content=\"Historias que inspiran...\" \/>\n<meta property=\"article:publisher\" content=\"https:\/\/www.facebook.com\/SomosHermanosIAP\/\" \/>\n<meta property=\"article:published_time\" content=\"2025-08-04T07:36:02+00:00\" \/>\n<meta property=\"og:image\" content=\"https:\/\/somos-hermanos.mx\/wp-content\/uploads\/2025\/08\/ilum2.jpeg\" \/>\n\t<meta property=\"og:image:width\" content=\"1227\" \/>\n\t<meta property=\"og:image:height\" content=\"1280\" \/>\n\t<meta property=\"og:image:type\" content=\"image\/jpeg\" \/>\n<meta name=\"author\" content=\"Ian Castelo Espinoza\" \/>\n<meta name=\"twitter:card\" content=\"summary_large_image\" \/>\n<meta name=\"twitter:creator\" content=\"@Somos__Hermanos\" \/>\n<meta name=\"twitter:site\" content=\"@Somos__Hermanos\" \/>\n<meta name=\"twitter:label1\" content=\"Escrito por\" \/>\n\t<meta name=\"twitter:data1\" content=\"Ian Castelo Espinoza\" \/>\n\t<meta name=\"twitter:label2\" content=\"Tiempo de lectura\" \/>\n\t<meta name=\"twitter:data2\" content=\"5 minutos\" \/>\n<script type=\"application\/ld+json\" class=\"yoast-schema-graph\">{\"@context\":\"https:\\\/\\\/schema.org\",\"@graph\":[{\"@type\":\"Article\",\"@id\":\"https:\\\/\\\/somos-hermanos.mx\\\/index.php\\\/2025\\\/08\\\/04\\\/iluminemos-asociacion-que-arroja-luz-sobre-la-vida-de-las-personas-con-autismo\\\/#article\",\"isPartOf\":{\"@id\":\"https:\\\/\\\/somos-hermanos.mx\\\/index.php\\\/2025\\\/08\\\/04\\\/iluminemos-asociacion-que-arroja-luz-sobre-la-vida-de-las-personas-con-autismo\\\/\"},\"author\":{\"name\":\"Ian Castelo Espinoza\",\"@id\":\"https:\\\/\\\/somos-hermanos.mx\\\/#\\\/schema\\\/person\\\/a23e73fa301c31e448c416ffef691a79\"},\"headline\":\"Iluminemos: asociaci\u00f3n que arroja luz sobre la vida de las personas con autismo\",\"datePublished\":\"2025-08-04T07:36:02+00:00\",\"mainEntityOfPage\":{\"@id\":\"https:\\\/\\\/somos-hermanos.mx\\\/index.php\\\/2025\\\/08\\\/04\\\/iluminemos-asociacion-que-arroja-luz-sobre-la-vida-de-las-personas-con-autismo\\\/\"},\"wordCount\":1079,\"commentCount\":0,\"publisher\":{\"@id\":\"https:\\\/\\\/somos-hermanos.mx\\\/#organization\"},\"image\":{\"@id\":\"https:\\\/\\\/somos-hermanos.mx\\\/index.php\\\/2025\\\/08\\\/04\\\/iluminemos-asociacion-que-arroja-luz-sobre-la-vida-de-las-personas-con-autismo\\\/#primaryimage\"},\"thumbnailUrl\":\"https:\\\/\\\/somos-hermanos.mx\\\/wp-content\\\/uploads\\\/2025\\\/08\\\/ilum2.jpeg\",\"articleSection\":[\"Noticias\"],\"inLanguage\":\"es\",\"potentialAction\":[{\"@type\":\"CommentAction\",\"name\":\"Comment\",\"target\":[\"https:\\\/\\\/somos-hermanos.mx\\\/index.php\\\/2025\\\/08\\\/04\\\/iluminemos-asociacion-que-arroja-luz-sobre-la-vida-de-las-personas-con-autismo\\\/#respond\"]}]},{\"@type\":\"WebPage\",\"@id\":\"https:\\\/\\\/somos-hermanos.mx\\\/index.php\\\/2025\\\/08\\\/04\\\/iluminemos-asociacion-que-arroja-luz-sobre-la-vida-de-las-personas-con-autismo\\\/\",\"url\":\"https:\\\/\\\/somos-hermanos.mx\\\/index.php\\\/2025\\\/08\\\/04\\\/iluminemos-asociacion-que-arroja-luz-sobre-la-vida-de-las-personas-con-autismo\\\/\",\"name\":\"Iluminemos: asociaci\u00f3n que arroja luz sobre la vida de las personas con autismo - Historias que inspiran...\",\"isPartOf\":{\"@id\":\"https:\\\/\\\/somos-hermanos.mx\\\/#website\"},\"primaryImageOfPage\":{\"@id\":\"https:\\\/\\\/somos-hermanos.mx\\\/index.php\\\/2025\\\/08\\\/04\\\/iluminemos-asociacion-que-arroja-luz-sobre-la-vida-de-las-personas-con-autismo\\\/#primaryimage\"},\"image\":{\"@id\":\"https:\\\/\\\/somos-hermanos.mx\\\/index.php\\\/2025\\\/08\\\/04\\\/iluminemos-asociacion-que-arroja-luz-sobre-la-vida-de-las-personas-con-autismo\\\/#primaryimage\"},\"thumbnailUrl\":\"https:\\\/\\\/somos-hermanos.mx\\\/wp-content\\\/uploads\\\/2025\\\/08\\\/ilum2.jpeg\",\"datePublished\":\"2025-08-04T07:36:02+00:00\",\"breadcrumb\":{\"@id\":\"https:\\\/\\\/somos-hermanos.mx\\\/index.php\\\/2025\\\/08\\\/04\\\/iluminemos-asociacion-que-arroja-luz-sobre-la-vida-de-las-personas-con-autismo\\\/#breadcrumb\"},\"inLanguage\":\"es\",\"potentialAction\":[{\"@type\":\"ReadAction\",\"target\":[\"https:\\\/\\\/somos-hermanos.mx\\\/index.php\\\/2025\\\/08\\\/04\\\/iluminemos-asociacion-que-arroja-luz-sobre-la-vida-de-las-personas-con-autismo\\\/\"]}]},{\"@type\":\"ImageObject\",\"inLanguage\":\"es\",\"@id\":\"https:\\\/\\\/somos-hermanos.mx\\\/index.php\\\/2025\\\/08\\\/04\\\/iluminemos-asociacion-que-arroja-luz-sobre-la-vida-de-las-personas-con-autismo\\\/#primaryimage\",\"url\":\"https:\\\/\\\/somos-hermanos.mx\\\/wp-content\\\/uploads\\\/2025\\\/08\\\/ilum2.jpeg\",\"contentUrl\":\"https:\\\/\\\/somos-hermanos.mx\\\/wp-content\\\/uploads\\\/2025\\\/08\\\/ilum2.jpeg\",\"width\":1227,\"height\":1280},{\"@type\":\"BreadcrumbList\",\"@id\":\"https:\\\/\\\/somos-hermanos.mx\\\/index.php\\\/2025\\\/08\\\/04\\\/iluminemos-asociacion-que-arroja-luz-sobre-la-vida-de-las-personas-con-autismo\\\/#breadcrumb\",\"itemListElement\":[{\"@type\":\"ListItem\",\"position\":1,\"name\":\"Inicio\",\"item\":\"https:\\\/\\\/somos-hermanos.mx\\\/\"},{\"@type\":\"ListItem\",\"position\":2,\"name\":\"Iluminemos: asociaci\u00f3n que arroja luz sobre la vida de las personas con autismo\"}]},{\"@type\":\"WebSite\",\"@id\":\"https:\\\/\\\/somos-hermanos.mx\\\/#website\",\"url\":\"https:\\\/\\\/somos-hermanos.mx\\\/\",\"name\":\"Historias que inspiran...\",\"description\":\"Somos la voz del altruismo en M\u00e9xico\",\"publisher\":{\"@id\":\"https:\\\/\\\/somos-hermanos.mx\\\/#organization\"},\"potentialAction\":[{\"@type\":\"SearchAction\",\"target\":{\"@type\":\"EntryPoint\",\"urlTemplate\":\"https:\\\/\\\/somos-hermanos.mx\\\/?s={search_term_string}\"},\"query-input\":{\"@type\":\"PropertyValueSpecification\",\"valueRequired\":true,\"valueName\":\"search_term_string\"}}],\"inLanguage\":\"es\"},{\"@type\":\"Organization\",\"@id\":\"https:\\\/\\\/somos-hermanos.mx\\\/#organization\",\"name\":\"Somos Hermanos\",\"url\":\"https:\\\/\\\/somos-hermanos.mx\\\/\",\"logo\":{\"@type\":\"ImageObject\",\"inLanguage\":\"es\",\"@id\":\"https:\\\/\\\/somos-hermanos.mx\\\/#\\\/schema\\\/logo\\\/image\\\/\",\"url\":\"https:\\\/\\\/somos-hermanos.mx\\\/wp-content\\\/uploads\\\/2025\\\/08\\\/SH30-1.jpeg\",\"contentUrl\":\"https:\\\/\\\/somos-hermanos.mx\\\/wp-content\\\/uploads\\\/2025\\\/08\\\/SH30-1.jpeg\",\"width\":1600,\"height\":1142,\"caption\":\"Somos Hermanos\"},\"image\":{\"@id\":\"https:\\\/\\\/somos-hermanos.mx\\\/#\\\/schema\\\/logo\\\/image\\\/\"},\"sameAs\":[\"https:\\\/\\\/www.facebook.com\\\/SomosHermanosIAP\\\/\",\"https:\\\/\\\/x.com\\\/Somos__Hermanos\",\"https:\\\/\\\/www.instagram.com\\\/somos__hermanos\\\/#\",\"https:\\\/\\\/www.tiktok.com\\\/@somoshermanosiap\",\"https:\\\/\\\/www.youtube.com\\\/@somoshermanosiap1201\\\/videos\"]},{\"@type\":\"Person\",\"@id\":\"https:\\\/\\\/somos-hermanos.mx\\\/#\\\/schema\\\/person\\\/a23e73fa301c31e448c416ffef691a79\",\"name\":\"Ian Castelo Espinoza\",\"image\":{\"@type\":\"ImageObject\",\"inLanguage\":\"es\",\"@id\":\"https:\\\/\\\/secure.gravatar.com\\\/avatar\\\/f6d3daeb57e01d563e3f3a1d9b44389ba979de308271e31fe81ed15d473ce852?s=96&d=mm&r=g\",\"url\":\"https:\\\/\\\/secure.gravatar.com\\\/avatar\\\/f6d3daeb57e01d563e3f3a1d9b44389ba979de308271e31fe81ed15d473ce852?s=96&d=mm&r=g\",\"contentUrl\":\"https:\\\/\\\/secure.gravatar.com\\\/avatar\\\/f6d3daeb57e01d563e3f3a1d9b44389ba979de308271e31fe81ed15d473ce852?s=96&d=mm&r=g\",\"caption\":\"Ian Castelo Espinoza\"},\"url\":\"https:\\\/\\\/somos-hermanos.mx\\\/index.php\\\/author\\\/ian-castelo-espinoza\\\/\"}]}<\/script>\n<!-- \/ Yoast SEO plugin. -->","yoast_head_json":{"title":"Iluminemos: asociaci\u00f3n que arroja luz sobre la vida de las personas con autismo - Historias que inspiran...","robots":{"index":"index","follow":"follow","max-snippet":"max-snippet:-1","max-image-preview":"max-image-preview:large","max-video-preview":"max-video-preview:-1"},"canonical":"https:\/\/somos-hermanos.mx\/index.php\/2025\/08\/04\/iluminemos-asociacion-que-arroja-luz-sobre-la-vida-de-las-personas-con-autismo\/","og_locale":"es_MX","og_type":"article","og_title":"Iluminemos: asociaci\u00f3n que arroja luz sobre la vida de las personas con autismo - Historias que inspiran...","og_description":"Iluminemos por la inclusi\u00f3n, por la empat\u00eda, por el respeto. Iluminemos mentes, corazones, personas, familias. Iluminemos por el autismo. Esta es una frase que resume el esp\u00edritu de Iluminemos por el Autismo (https:\/\/iluminemos.org), asociaci\u00f3n civil fundada en 2015 que realiza distintas acciones y actividades en favor de mejorar la calidad de vida de las personas [&hellip;]","og_url":"https:\/\/somos-hermanos.mx\/index.php\/2025\/08\/04\/iluminemos-asociacion-que-arroja-luz-sobre-la-vida-de-las-personas-con-autismo\/","og_site_name":"Historias que inspiran...","article_publisher":"https:\/\/www.facebook.com\/SomosHermanosIAP\/","article_published_time":"2025-08-04T07:36:02+00:00","og_image":[{"width":1227,"height":1280,"url":"https:\/\/somos-hermanos.mx\/wp-content\/uploads\/2025\/08\/ilum2.jpeg","type":"image\/jpeg"}],"author":"Ian Castelo Espinoza","twitter_card":"summary_large_image","twitter_creator":"@Somos__Hermanos","twitter_site":"@Somos__Hermanos","twitter_misc":{"Escrito por":"Ian Castelo Espinoza","Tiempo de lectura":"5 minutos"},"schema":{"@context":"https:\/\/schema.org","@graph":[{"@type":"Article","@id":"https:\/\/somos-hermanos.mx\/index.php\/2025\/08\/04\/iluminemos-asociacion-que-arroja-luz-sobre-la-vida-de-las-personas-con-autismo\/#article","isPartOf":{"@id":"https:\/\/somos-hermanos.mx\/index.php\/2025\/08\/04\/iluminemos-asociacion-que-arroja-luz-sobre-la-vida-de-las-personas-con-autismo\/"},"author":{"name":"Ian Castelo Espinoza","@id":"https:\/\/somos-hermanos.mx\/#\/schema\/person\/a23e73fa301c31e448c416ffef691a79"},"headline":"Iluminemos: asociaci\u00f3n que arroja luz sobre la vida de las personas con autismo","datePublished":"2025-08-04T07:36:02+00:00","mainEntityOfPage":{"@id":"https:\/\/somos-hermanos.mx\/index.php\/2025\/08\/04\/iluminemos-asociacion-que-arroja-luz-sobre-la-vida-de-las-personas-con-autismo\/"},"wordCount":1079,"commentCount":0,"publisher":{"@id":"https:\/\/somos-hermanos.mx\/#organization"},"image":{"@id":"https:\/\/somos-hermanos.mx\/index.php\/2025\/08\/04\/iluminemos-asociacion-que-arroja-luz-sobre-la-vida-de-las-personas-con-autismo\/#primaryimage"},"thumbnailUrl":"https:\/\/somos-hermanos.mx\/wp-content\/uploads\/2025\/08\/ilum2.jpeg","articleSection":["Noticias"],"inLanguage":"es","potentialAction":[{"@type":"CommentAction","name":"Comment","target":["https:\/\/somos-hermanos.mx\/index.php\/2025\/08\/04\/iluminemos-asociacion-que-arroja-luz-sobre-la-vida-de-las-personas-con-autismo\/#respond"]}]},{"@type":"WebPage","@id":"https:\/\/somos-hermanos.mx\/index.php\/2025\/08\/04\/iluminemos-asociacion-que-arroja-luz-sobre-la-vida-de-las-personas-con-autismo\/","url":"https:\/\/somos-hermanos.mx\/index.php\/2025\/08\/04\/iluminemos-asociacion-que-arroja-luz-sobre-la-vida-de-las-personas-con-autismo\/","name":"Iluminemos: asociaci\u00f3n que arroja luz sobre la vida de las personas con autismo - Historias que inspiran...","isPartOf":{"@id":"https:\/\/somos-hermanos.mx\/#website"},"primaryImageOfPage":{"@id":"https:\/\/somos-hermanos.mx\/index.php\/2025\/08\/04\/iluminemos-asociacion-que-arroja-luz-sobre-la-vida-de-las-personas-con-autismo\/#primaryimage"},"image":{"@id":"https:\/\/somos-hermanos.mx\/index.php\/2025\/08\/04\/iluminemos-asociacion-que-arroja-luz-sobre-la-vida-de-las-personas-con-autismo\/#primaryimage"},"thumbnailUrl":"https:\/\/somos-hermanos.mx\/wp-content\/uploads\/2025\/08\/ilum2.jpeg","datePublished":"2025-08-04T07:36:02+00:00","breadcrumb":{"@id":"https:\/\/somos-hermanos.mx\/index.php\/2025\/08\/04\/iluminemos-asociacion-que-arroja-luz-sobre-la-vida-de-las-personas-con-autismo\/#breadcrumb"},"inLanguage":"es","potentialAction":[{"@type":"ReadAction","target":["https:\/\/somos-hermanos.mx\/index.php\/2025\/08\/04\/iluminemos-asociacion-que-arroja-luz-sobre-la-vida-de-las-personas-con-autismo\/"]}]},{"@type":"ImageObject","inLanguage":"es","@id":"https:\/\/somos-hermanos.mx\/index.php\/2025\/08\/04\/iluminemos-asociacion-que-arroja-luz-sobre-la-vida-de-las-personas-con-autismo\/#primaryimage","url":"https:\/\/somos-hermanos.mx\/wp-content\/uploads\/2025\/08\/ilum2.jpeg","contentUrl":"https:\/\/somos-hermanos.mx\/wp-content\/uploads\/2025\/08\/ilum2.jpeg","width":1227,"height":1280},{"@type":"BreadcrumbList","@id":"https:\/\/somos-hermanos.mx\/index.php\/2025\/08\/04\/iluminemos-asociacion-que-arroja-luz-sobre-la-vida-de-las-personas-con-autismo\/#breadcrumb","itemListElement":[{"@type":"ListItem","position":1,"name":"Inicio","item":"https:\/\/somos-hermanos.mx\/"},{"@type":"ListItem","position":2,"name":"Iluminemos: asociaci\u00f3n que arroja luz sobre la vida de las personas con autismo"}]},{"@type":"WebSite","@id":"https:\/\/somos-hermanos.mx\/#website","url":"https:\/\/somos-hermanos.mx\/","name":"Historias que inspiran...","description":"Somos la voz del altruismo en M\u00e9xico","publisher":{"@id":"https:\/\/somos-hermanos.mx\/#organization"},"potentialAction":[{"@type":"SearchAction","target":{"@type":"EntryPoint","urlTemplate":"https:\/\/somos-hermanos.mx\/?s={search_term_string}"},"query-input":{"@type":"PropertyValueSpecification","valueRequired":true,"valueName":"search_term_string"}}],"inLanguage":"es"},{"@type":"Organization","@id":"https:\/\/somos-hermanos.mx\/#organization","name":"Somos Hermanos","url":"https:\/\/somos-hermanos.mx\/","logo":{"@type":"ImageObject","inLanguage":"es","@id":"https:\/\/somos-hermanos.mx\/#\/schema\/logo\/image\/","url":"https:\/\/somos-hermanos.mx\/wp-content\/uploads\/2025\/08\/SH30-1.jpeg","contentUrl":"https:\/\/somos-hermanos.mx\/wp-content\/uploads\/2025\/08\/SH30-1.jpeg","width":1600,"height":1142,"caption":"Somos Hermanos"},"image":{"@id":"https:\/\/somos-hermanos.mx\/#\/schema\/logo\/image\/"},"sameAs":["https:\/\/www.facebook.com\/SomosHermanosIAP\/","https:\/\/x.com\/Somos__Hermanos","https:\/\/www.instagram.com\/somos__hermanos\/#","https:\/\/www.tiktok.com\/@somoshermanosiap","https:\/\/www.youtube.com\/@somoshermanosiap1201\/videos"]},{"@type":"Person","@id":"https:\/\/somos-hermanos.mx\/#\/schema\/person\/a23e73fa301c31e448c416ffef691a79","name":"Ian Castelo Espinoza","image":{"@type":"ImageObject","inLanguage":"es","@id":"https:\/\/secure.gravatar.com\/avatar\/f6d3daeb57e01d563e3f3a1d9b44389ba979de308271e31fe81ed15d473ce852?s=96&d=mm&r=g","url":"https:\/\/secure.gravatar.com\/avatar\/f6d3daeb57e01d563e3f3a1d9b44389ba979de308271e31fe81ed15d473ce852?s=96&d=mm&r=g","contentUrl":"https:\/\/secure.gravatar.com\/avatar\/f6d3daeb57e01d563e3f3a1d9b44389ba979de308271e31fe81ed15d473ce852?s=96&d=mm&r=g","caption":"Ian Castelo Espinoza"},"url":"https:\/\/somos-hermanos.mx\/index.php\/author\/ian-castelo-espinoza\/"}]}},"_links":{"self":[{"href":"https:\/\/somos-hermanos.mx\/index.php\/wp-json\/wp\/v2\/posts\/649","targetHints":{"allow":["GET"]}}],"collection":[{"href":"https:\/\/somos-hermanos.mx\/index.php\/wp-json\/wp\/v2\/posts"}],"about":[{"href":"https:\/\/somos-hermanos.mx\/index.php\/wp-json\/wp\/v2\/types\/post"}],"author":[{"embeddable":true,"href":"https:\/\/somos-hermanos.mx\/index.php\/wp-json\/wp\/v2\/users\/5"}],"replies":[{"embeddable":true,"href":"https:\/\/somos-hermanos.mx\/index.php\/wp-json\/wp\/v2\/comments?post=649"}],"version-history":[{"count":1,"href":"https:\/\/somos-hermanos.mx\/index.php\/wp-json\/wp\/v2\/posts\/649\/revisions"}],"predecessor-version":[{"id":651,"href":"https:\/\/somos-hermanos.mx\/index.php\/wp-json\/wp\/v2\/posts\/649\/revisions\/651"}],"wp:featuredmedia":[{"embeddable":true,"href":"https:\/\/somos-hermanos.mx\/index.php\/wp-json\/wp\/v2\/media\/650"}],"wp:attachment":[{"href":"https:\/\/somos-hermanos.mx\/index.php\/wp-json\/wp\/v2\/media?parent=649"}],"wp:term":[{"taxonomy":"category","embeddable":true,"href":"https:\/\/somos-hermanos.mx\/index.php\/wp-json\/wp\/v2\/categories?post=649"},{"taxonomy":"post_tag","embeddable":true,"href":"https:\/\/somos-hermanos.mx\/index.php\/wp-json\/wp\/v2\/tags?post=649"}],"curies":[{"name":"wp","href":"https:\/\/api.w.org\/{rel}","templated":true}]}}