{"id":643,"date":"2025-08-04T01:33:36","date_gmt":"2025-08-04T07:33:36","guid":{"rendered":"https:\/\/somos-hermanos.mx\/?p=643"},"modified":"2025-08-04T01:33:36","modified_gmt":"2025-08-04T07:33:36","slug":"ednica-celebra-35-anos-de-trabajo-por-los-derechos-de-la-ninez-y-juventud-en-situacion-de-calle","status":"publish","type":"post","link":"https:\/\/somos-hermanos.mx\/index.php\/2025\/08\/04\/ednica-celebra-35-anos-de-trabajo-por-los-derechos-de-la-ninez-y-juventud-en-situacion-de-calle\/","title":{"rendered":"Ednica celebra 35 a\u00f1os de trabajo por los derechos de la ni\u00f1ez y juventud en situaci\u00f3n de calle"},"content":{"rendered":"<p>En el marco de su\u00a035 aniversario<em>,<\/em>\u00a0<strong><b>Ednica<\/b><\/strong><strong><em><b><i>\u00a0<\/i><\/b><\/em><\/strong><strong><b>IAP<\/b><\/strong>\u00a0present\u00f3 el libro\u00a0<strong><b>Mi lugar<\/b><\/strong><em><i>\u00a0<\/i><\/em><strong><b>seguro<\/b><\/strong>, una publicaci\u00f3n que recupera testimonios, an\u00e1lisis y reflexiones sobre los procesos de atenci\u00f3n a ni\u00f1os, ni\u00f1as y adolescentes trabajadores en situaci\u00f3n de calle.<\/p>\n<p>A trav\u00e9s de esta obra,\u00a0Ednica<em>\u00a0<\/em>reafirma su compromiso de promover y defender los derechos de la infancia y juventud que habita y trabaja en el espacio p\u00fablico de la Ciudad de M\u00e9xico.<\/p>\n<p>Desde 1989,\u00a0Ednica\u00a0<strong>ha desarrollado un modelo de intervenci\u00f3n basado en la escucha activa, el fortalecimiento de habilidades para la vida y la construcci\u00f3n de proyectos de vida dignos.<\/strong><\/p>\n<p>Mi Lugar Seguro\u00a0es el resultado de una investigaci\u00f3n que documenta los logros y desaf\u00edos de este acompa\u00f1amiento, destacando la importancia del v\u00ednculo familiar, la autonom\u00eda emocional y la preparaci\u00f3n para la vida independiente.<\/p>\n<p>En este libro <strong>se presentan las experiencias de las y los adolescentes y j\u00f3venes que formaron parte de uno de los programas operativos de\u00a0<\/strong><strong>Ednica<\/strong><strong><em>;<\/em><\/strong><strong>\u00a0<\/strong>quienes a trav\u00e9s de un proceso educativo han logrado construir relaciones m\u00e1s igualitarias, evitar conductas de riesgo y consolidar proyectos personales.<\/p>\n<p>Adem\u00e1s, la publicaci\u00f3n incluye un an\u00e1lisis cuantitativo sobre las condiciones actuales de los participantes del proyecto\u00a0\u201cPreparaci\u00f3n para la Vida Independiente\u201d<em>\u00a0<\/em>implementado entre 2018 y 2020.<\/p>\n<p>Bertha Bocanegra Hern\u00e1ndez<em>, <\/em>directora general de\u00a0Ednica IAP\u00a0y coordinadora de contenidos de la publicaci\u00f3n, se\u00f1al\u00f3: \u201cLa presentaci\u00f3n de este libro es la mejor manera de celebrar 35 a\u00f1os de trabajo ininterrumpido en la defensa de los derechos de ni\u00f1os, ni\u00f1as y adolescentes en situaci\u00f3n de calle. Es un testimonio de nuestra labor y del impacto que hemos tenido en la vida de muchas personas\u201d.<\/p>\n<p>La publicaci\u00f3n estar\u00e1 disponible para consulta p\u00fablica en d\u00f3nde ser\u00e1 consultada y podr\u00e1 ser reproducida siempre que se cite la fuente y se haga sin fines de lucro.<\/p>\n","protected":false},"excerpt":{"rendered":"<p>En el marco de su\u00a035 aniversario,\u00a0Ednica\u00a0IAP\u00a0present\u00f3 el libro\u00a0Mi lugar\u00a0seguro, una publicaci\u00f3n que recupera testimonios, an\u00e1lisis y reflexiones sobre los procesos de atenci\u00f3n a ni\u00f1os, ni\u00f1as y adolescentes trabajadores en situaci\u00f3n de calle. A trav\u00e9s de esta obra,\u00a0Ednica\u00a0reafirma su compromiso de promover y defender los derechos de la infancia y juventud que habita y trabaja en [&hellip;]<\/p>\n","protected":false},"author":8,"featured_media":644,"comment_status":"open","ping_status":"closed","sticky":false,"template":"","format":"standard","meta":{"footnotes":""},"categories":[6],"tags":[],"class_list":["post-643","post","type-post","status-publish","format-standard","has-post-thumbnail","hentry","category-noticias"],"yoast_head":"<!-- This site is optimized with the Yoast SEO plugin v27.4 - https:\/\/yoast.com\/product\/yoast-seo-wordpress\/ -->\n<title>Ednica celebra 35 a\u00f1os de trabajo por los derechos de la ni\u00f1ez y juventud en situaci\u00f3n de calle - Historias que inspiran...<\/title>\n<meta name=\"robots\" content=\"index, follow, max-snippet:-1, max-image-preview:large, max-video-preview:-1\" \/>\n<link rel=\"canonical\" href=\"https:\/\/somos-hermanos.mx\/index.php\/2025\/08\/04\/ednica-celebra-35-anos-de-trabajo-por-los-derechos-de-la-ninez-y-juventud-en-situacion-de-calle\/\" \/>\n<meta property=\"og:locale\" content=\"es_MX\" \/>\n<meta property=\"og:type\" content=\"article\" \/>\n<meta property=\"og:title\" content=\"Ednica celebra 35 a\u00f1os de trabajo por los derechos de la ni\u00f1ez y juventud en situaci\u00f3n de calle - Historias que inspiran...\" \/>\n<meta property=\"og:description\" content=\"En el marco de su\u00a035 aniversario,\u00a0Ednica\u00a0IAP\u00a0present\u00f3 el libro\u00a0Mi lugar\u00a0seguro, una publicaci\u00f3n que recupera testimonios, an\u00e1lisis y reflexiones sobre los procesos de atenci\u00f3n a ni\u00f1os, ni\u00f1as y adolescentes trabajadores en situaci\u00f3n de calle. A trav\u00e9s de esta obra,\u00a0Ednica\u00a0reafirma su compromiso de promover y defender los derechos de la infancia y juventud que habita y trabaja en [&hellip;]\" \/>\n<meta property=\"og:url\" content=\"https:\/\/somos-hermanos.mx\/index.php\/2025\/08\/04\/ednica-celebra-35-anos-de-trabajo-por-los-derechos-de-la-ninez-y-juventud-en-situacion-de-calle\/\" \/>\n<meta property=\"og:site_name\" content=\"Historias que inspiran...\" \/>\n<meta property=\"article:publisher\" content=\"https:\/\/www.facebook.com\/SomosHermanosIAP\/\" \/>\n<meta property=\"article:published_time\" content=\"2025-08-04T07:33:36+00:00\" \/>\n<meta property=\"og:image\" content=\"https:\/\/somos-hermanos.mx\/wp-content\/uploads\/2025\/08\/edni2.jpeg\" \/>\n\t<meta property=\"og:image:width\" content=\"809\" \/>\n\t<meta property=\"og:image:height\" content=\"607\" \/>\n\t<meta property=\"og:image:type\" content=\"image\/jpeg\" \/>\n<meta name=\"author\" content=\"Jes\u00fas Arizmendi\" \/>\n<meta name=\"twitter:card\" content=\"summary_large_image\" \/>\n<meta name=\"twitter:creator\" content=\"@Somos__Hermanos\" \/>\n<meta name=\"twitter:site\" content=\"@Somos__Hermanos\" \/>\n<meta name=\"twitter:label1\" content=\"Escrito por\" \/>\n\t<meta name=\"twitter:data1\" content=\"Jes\u00fas Arizmendi\" \/>\n\t<meta name=\"twitter:label2\" content=\"Tiempo de lectura\" \/>\n\t<meta name=\"twitter:data2\" content=\"2 minutos\" \/>\n<script type=\"application\/ld+json\" class=\"yoast-schema-graph\">{\"@context\":\"https:\\\/\\\/schema.org\",\"@graph\":[{\"@type\":\"Article\",\"@id\":\"https:\\\/\\\/somos-hermanos.mx\\\/index.php\\\/2025\\\/08\\\/04\\\/ednica-celebra-35-anos-de-trabajo-por-los-derechos-de-la-ninez-y-juventud-en-situacion-de-calle\\\/#article\",\"isPartOf\":{\"@id\":\"https:\\\/\\\/somos-hermanos.mx\\\/index.php\\\/2025\\\/08\\\/04\\\/ednica-celebra-35-anos-de-trabajo-por-los-derechos-de-la-ninez-y-juventud-en-situacion-de-calle\\\/\"},\"author\":{\"name\":\"Jes\u00fas Arizmendi\",\"@id\":\"https:\\\/\\\/somos-hermanos.mx\\\/#\\\/schema\\\/person\\\/945cdfed39314d9db1242f593aecb908\"},\"headline\":\"Ednica celebra 35 a\u00f1os de trabajo por los derechos de la ni\u00f1ez y juventud en situaci\u00f3n de calle\",\"datePublished\":\"2025-08-04T07:33:36+00:00\",\"mainEntityOfPage\":{\"@id\":\"https:\\\/\\\/somos-hermanos.mx\\\/index.php\\\/2025\\\/08\\\/04\\\/ednica-celebra-35-anos-de-trabajo-por-los-derechos-de-la-ninez-y-juventud-en-situacion-de-calle\\\/\"},\"wordCount\":349,\"commentCount\":0,\"publisher\":{\"@id\":\"https:\\\/\\\/somos-hermanos.mx\\\/#organization\"},\"image\":{\"@id\":\"https:\\\/\\\/somos-hermanos.mx\\\/index.php\\\/2025\\\/08\\\/04\\\/ednica-celebra-35-anos-de-trabajo-por-los-derechos-de-la-ninez-y-juventud-en-situacion-de-calle\\\/#primaryimage\"},\"thumbnailUrl\":\"https:\\\/\\\/somos-hermanos.mx\\\/wp-content\\\/uploads\\\/2025\\\/08\\\/edni2.jpeg\",\"articleSection\":[\"Noticias\"],\"inLanguage\":\"es\",\"potentialAction\":[{\"@type\":\"CommentAction\",\"name\":\"Comment\",\"target\":[\"https:\\\/\\\/somos-hermanos.mx\\\/index.php\\\/2025\\\/08\\\/04\\\/ednica-celebra-35-anos-de-trabajo-por-los-derechos-de-la-ninez-y-juventud-en-situacion-de-calle\\\/#respond\"]}]},{\"@type\":\"WebPage\",\"@id\":\"https:\\\/\\\/somos-hermanos.mx\\\/index.php\\\/2025\\\/08\\\/04\\\/ednica-celebra-35-anos-de-trabajo-por-los-derechos-de-la-ninez-y-juventud-en-situacion-de-calle\\\/\",\"url\":\"https:\\\/\\\/somos-hermanos.mx\\\/index.php\\\/2025\\\/08\\\/04\\\/ednica-celebra-35-anos-de-trabajo-por-los-derechos-de-la-ninez-y-juventud-en-situacion-de-calle\\\/\",\"name\":\"Ednica celebra 35 a\u00f1os de trabajo por los derechos de la ni\u00f1ez y juventud en situaci\u00f3n de calle - Historias que inspiran...\",\"isPartOf\":{\"@id\":\"https:\\\/\\\/somos-hermanos.mx\\\/#website\"},\"primaryImageOfPage\":{\"@id\":\"https:\\\/\\\/somos-hermanos.mx\\\/index.php\\\/2025\\\/08\\\/04\\\/ednica-celebra-35-anos-de-trabajo-por-los-derechos-de-la-ninez-y-juventud-en-situacion-de-calle\\\/#primaryimage\"},\"image\":{\"@id\":\"https:\\\/\\\/somos-hermanos.mx\\\/index.php\\\/2025\\\/08\\\/04\\\/ednica-celebra-35-anos-de-trabajo-por-los-derechos-de-la-ninez-y-juventud-en-situacion-de-calle\\\/#primaryimage\"},\"thumbnailUrl\":\"https:\\\/\\\/somos-hermanos.mx\\\/wp-content\\\/uploads\\\/2025\\\/08\\\/edni2.jpeg\",\"datePublished\":\"2025-08-04T07:33:36+00:00\",\"breadcrumb\":{\"@id\":\"https:\\\/\\\/somos-hermanos.mx\\\/index.php\\\/2025\\\/08\\\/04\\\/ednica-celebra-35-anos-de-trabajo-por-los-derechos-de-la-ninez-y-juventud-en-situacion-de-calle\\\/#breadcrumb\"},\"inLanguage\":\"es\",\"potentialAction\":[{\"@type\":\"ReadAction\",\"target\":[\"https:\\\/\\\/somos-hermanos.mx\\\/index.php\\\/2025\\\/08\\\/04\\\/ednica-celebra-35-anos-de-trabajo-por-los-derechos-de-la-ninez-y-juventud-en-situacion-de-calle\\\/\"]}]},{\"@type\":\"ImageObject\",\"inLanguage\":\"es\",\"@id\":\"https:\\\/\\\/somos-hermanos.mx\\\/index.php\\\/2025\\\/08\\\/04\\\/ednica-celebra-35-anos-de-trabajo-por-los-derechos-de-la-ninez-y-juventud-en-situacion-de-calle\\\/#primaryimage\",\"url\":\"https:\\\/\\\/somos-hermanos.mx\\\/wp-content\\\/uploads\\\/2025\\\/08\\\/edni2.jpeg\",\"contentUrl\":\"https:\\\/\\\/somos-hermanos.mx\\\/wp-content\\\/uploads\\\/2025\\\/08\\\/edni2.jpeg\",\"width\":809,\"height\":607},{\"@type\":\"BreadcrumbList\",\"@id\":\"https:\\\/\\\/somos-hermanos.mx\\\/index.php\\\/2025\\\/08\\\/04\\\/ednica-celebra-35-anos-de-trabajo-por-los-derechos-de-la-ninez-y-juventud-en-situacion-de-calle\\\/#breadcrumb\",\"itemListElement\":[{\"@type\":\"ListItem\",\"position\":1,\"name\":\"Inicio\",\"item\":\"https:\\\/\\\/somos-hermanos.mx\\\/\"},{\"@type\":\"ListItem\",\"position\":2,\"name\":\"Ednica celebra 35 a\u00f1os de trabajo por los derechos de la ni\u00f1ez y juventud en situaci\u00f3n de calle\"}]},{\"@type\":\"WebSite\",\"@id\":\"https:\\\/\\\/somos-hermanos.mx\\\/#website\",\"url\":\"https:\\\/\\\/somos-hermanos.mx\\\/\",\"name\":\"Historias que inspiran...\",\"description\":\"Somos la voz del altruismo en M\u00e9xico\",\"publisher\":{\"@id\":\"https:\\\/\\\/somos-hermanos.mx\\\/#organization\"},\"potentialAction\":[{\"@type\":\"SearchAction\",\"target\":{\"@type\":\"EntryPoint\",\"urlTemplate\":\"https:\\\/\\\/somos-hermanos.mx\\\/?s={search_term_string}\"},\"query-input\":{\"@type\":\"PropertyValueSpecification\",\"valueRequired\":true,\"valueName\":\"search_term_string\"}}],\"inLanguage\":\"es\"},{\"@type\":\"Organization\",\"@id\":\"https:\\\/\\\/somos-hermanos.mx\\\/#organization\",\"name\":\"Somos Hermanos\",\"url\":\"https:\\\/\\\/somos-hermanos.mx\\\/\",\"logo\":{\"@type\":\"ImageObject\",\"inLanguage\":\"es\",\"@id\":\"https:\\\/\\\/somos-hermanos.mx\\\/#\\\/schema\\\/logo\\\/image\\\/\",\"url\":\"https:\\\/\\\/somos-hermanos.mx\\\/wp-content\\\/uploads\\\/2025\\\/08\\\/SH30-1.jpeg\",\"contentUrl\":\"https:\\\/\\\/somos-hermanos.mx\\\/wp-content\\\/uploads\\\/2025\\\/08\\\/SH30-1.jpeg\",\"width\":1600,\"height\":1142,\"caption\":\"Somos Hermanos\"},\"image\":{\"@id\":\"https:\\\/\\\/somos-hermanos.mx\\\/#\\\/schema\\\/logo\\\/image\\\/\"},\"sameAs\":[\"https:\\\/\\\/www.facebook.com\\\/SomosHermanosIAP\\\/\",\"https:\\\/\\\/x.com\\\/Somos__Hermanos\",\"https:\\\/\\\/www.instagram.com\\\/somos__hermanos\\\/#\",\"https:\\\/\\\/www.tiktok.com\\\/@somoshermanosiap\",\"https:\\\/\\\/www.youtube.com\\\/@somoshermanosiap1201\\\/videos\"]},{\"@type\":\"Person\",\"@id\":\"https:\\\/\\\/somos-hermanos.mx\\\/#\\\/schema\\\/person\\\/945cdfed39314d9db1242f593aecb908\",\"name\":\"Jes\u00fas Arizmendi\",\"image\":{\"@type\":\"ImageObject\",\"inLanguage\":\"es\",\"@id\":\"https:\\\/\\\/secure.gravatar.com\\\/avatar\\\/9d2f2284f2cc108aae42b8fdb13afa29b801f64001b731516b830e4926cc1b4b?s=96&d=mm&r=g\",\"url\":\"https:\\\/\\\/secure.gravatar.com\\\/avatar\\\/9d2f2284f2cc108aae42b8fdb13afa29b801f64001b731516b830e4926cc1b4b?s=96&d=mm&r=g\",\"contentUrl\":\"https:\\\/\\\/secure.gravatar.com\\\/avatar\\\/9d2f2284f2cc108aae42b8fdb13afa29b801f64001b731516b830e4926cc1b4b?s=96&d=mm&r=g\",\"caption\":\"Jes\u00fas Arizmendi\"},\"url\":\"https:\\\/\\\/somos-hermanos.mx\\\/index.php\\\/author\\\/jesus-arizmendi\\\/\"}]}<\/script>\n<!-- \/ Yoast SEO plugin. -->","yoast_head_json":{"title":"Ednica celebra 35 a\u00f1os de trabajo por los derechos de la ni\u00f1ez y juventud en situaci\u00f3n de calle - Historias que inspiran...","robots":{"index":"index","follow":"follow","max-snippet":"max-snippet:-1","max-image-preview":"max-image-preview:large","max-video-preview":"max-video-preview:-1"},"canonical":"https:\/\/somos-hermanos.mx\/index.php\/2025\/08\/04\/ednica-celebra-35-anos-de-trabajo-por-los-derechos-de-la-ninez-y-juventud-en-situacion-de-calle\/","og_locale":"es_MX","og_type":"article","og_title":"Ednica celebra 35 a\u00f1os de trabajo por los derechos de la ni\u00f1ez y juventud en situaci\u00f3n de calle - Historias que inspiran...","og_description":"En el marco de su\u00a035 aniversario,\u00a0Ednica\u00a0IAP\u00a0present\u00f3 el libro\u00a0Mi lugar\u00a0seguro, una publicaci\u00f3n que recupera testimonios, an\u00e1lisis y reflexiones sobre los procesos de atenci\u00f3n a ni\u00f1os, ni\u00f1as y adolescentes trabajadores en situaci\u00f3n de calle. A trav\u00e9s de esta obra,\u00a0Ednica\u00a0reafirma su compromiso de promover y defender los derechos de la infancia y juventud que habita y trabaja en [&hellip;]","og_url":"https:\/\/somos-hermanos.mx\/index.php\/2025\/08\/04\/ednica-celebra-35-anos-de-trabajo-por-los-derechos-de-la-ninez-y-juventud-en-situacion-de-calle\/","og_site_name":"Historias que inspiran...","article_publisher":"https:\/\/www.facebook.com\/SomosHermanosIAP\/","article_published_time":"2025-08-04T07:33:36+00:00","og_image":[{"width":809,"height":607,"url":"https:\/\/somos-hermanos.mx\/wp-content\/uploads\/2025\/08\/edni2.jpeg","type":"image\/jpeg"}],"author":"Jes\u00fas Arizmendi","twitter_card":"summary_large_image","twitter_creator":"@Somos__Hermanos","twitter_site":"@Somos__Hermanos","twitter_misc":{"Escrito por":"Jes\u00fas Arizmendi","Tiempo de lectura":"2 minutos"},"schema":{"@context":"https:\/\/schema.org","@graph":[{"@type":"Article","@id":"https:\/\/somos-hermanos.mx\/index.php\/2025\/08\/04\/ednica-celebra-35-anos-de-trabajo-por-los-derechos-de-la-ninez-y-juventud-en-situacion-de-calle\/#article","isPartOf":{"@id":"https:\/\/somos-hermanos.mx\/index.php\/2025\/08\/04\/ednica-celebra-35-anos-de-trabajo-por-los-derechos-de-la-ninez-y-juventud-en-situacion-de-calle\/"},"author":{"name":"Jes\u00fas Arizmendi","@id":"https:\/\/somos-hermanos.mx\/#\/schema\/person\/945cdfed39314d9db1242f593aecb908"},"headline":"Ednica celebra 35 a\u00f1os de trabajo por los derechos de la ni\u00f1ez y juventud en situaci\u00f3n de calle","datePublished":"2025-08-04T07:33:36+00:00","mainEntityOfPage":{"@id":"https:\/\/somos-hermanos.mx\/index.php\/2025\/08\/04\/ednica-celebra-35-anos-de-trabajo-por-los-derechos-de-la-ninez-y-juventud-en-situacion-de-calle\/"},"wordCount":349,"commentCount":0,"publisher":{"@id":"https:\/\/somos-hermanos.mx\/#organization"},"image":{"@id":"https:\/\/somos-hermanos.mx\/index.php\/2025\/08\/04\/ednica-celebra-35-anos-de-trabajo-por-los-derechos-de-la-ninez-y-juventud-en-situacion-de-calle\/#primaryimage"},"thumbnailUrl":"https:\/\/somos-hermanos.mx\/wp-content\/uploads\/2025\/08\/edni2.jpeg","articleSection":["Noticias"],"inLanguage":"es","potentialAction":[{"@type":"CommentAction","name":"Comment","target":["https:\/\/somos-hermanos.mx\/index.php\/2025\/08\/04\/ednica-celebra-35-anos-de-trabajo-por-los-derechos-de-la-ninez-y-juventud-en-situacion-de-calle\/#respond"]}]},{"@type":"WebPage","@id":"https:\/\/somos-hermanos.mx\/index.php\/2025\/08\/04\/ednica-celebra-35-anos-de-trabajo-por-los-derechos-de-la-ninez-y-juventud-en-situacion-de-calle\/","url":"https:\/\/somos-hermanos.mx\/index.php\/2025\/08\/04\/ednica-celebra-35-anos-de-trabajo-por-los-derechos-de-la-ninez-y-juventud-en-situacion-de-calle\/","name":"Ednica celebra 35 a\u00f1os de trabajo por los derechos de la ni\u00f1ez y juventud en situaci\u00f3n de calle - Historias que inspiran...","isPartOf":{"@id":"https:\/\/somos-hermanos.mx\/#website"},"primaryImageOfPage":{"@id":"https:\/\/somos-hermanos.mx\/index.php\/2025\/08\/04\/ednica-celebra-35-anos-de-trabajo-por-los-derechos-de-la-ninez-y-juventud-en-situacion-de-calle\/#primaryimage"},"image":{"@id":"https:\/\/somos-hermanos.mx\/index.php\/2025\/08\/04\/ednica-celebra-35-anos-de-trabajo-por-los-derechos-de-la-ninez-y-juventud-en-situacion-de-calle\/#primaryimage"},"thumbnailUrl":"https:\/\/somos-hermanos.mx\/wp-content\/uploads\/2025\/08\/edni2.jpeg","datePublished":"2025-08-04T07:33:36+00:00","breadcrumb":{"@id":"https:\/\/somos-hermanos.mx\/index.php\/2025\/08\/04\/ednica-celebra-35-anos-de-trabajo-por-los-derechos-de-la-ninez-y-juventud-en-situacion-de-calle\/#breadcrumb"},"inLanguage":"es","potentialAction":[{"@type":"ReadAction","target":["https:\/\/somos-hermanos.mx\/index.php\/2025\/08\/04\/ednica-celebra-35-anos-de-trabajo-por-los-derechos-de-la-ninez-y-juventud-en-situacion-de-calle\/"]}]},{"@type":"ImageObject","inLanguage":"es","@id":"https:\/\/somos-hermanos.mx\/index.php\/2025\/08\/04\/ednica-celebra-35-anos-de-trabajo-por-los-derechos-de-la-ninez-y-juventud-en-situacion-de-calle\/#primaryimage","url":"https:\/\/somos-hermanos.mx\/wp-content\/uploads\/2025\/08\/edni2.jpeg","contentUrl":"https:\/\/somos-hermanos.mx\/wp-content\/uploads\/2025\/08\/edni2.jpeg","width":809,"height":607},{"@type":"BreadcrumbList","@id":"https:\/\/somos-hermanos.mx\/index.php\/2025\/08\/04\/ednica-celebra-35-anos-de-trabajo-por-los-derechos-de-la-ninez-y-juventud-en-situacion-de-calle\/#breadcrumb","itemListElement":[{"@type":"ListItem","position":1,"name":"Inicio","item":"https:\/\/somos-hermanos.mx\/"},{"@type":"ListItem","position":2,"name":"Ednica celebra 35 a\u00f1os de trabajo por los derechos de la ni\u00f1ez y juventud en situaci\u00f3n de calle"}]},{"@type":"WebSite","@id":"https:\/\/somos-hermanos.mx\/#website","url":"https:\/\/somos-hermanos.mx\/","name":"Historias que inspiran...","description":"Somos la voz del altruismo en M\u00e9xico","publisher":{"@id":"https:\/\/somos-hermanos.mx\/#organization"},"potentialAction":[{"@type":"SearchAction","target":{"@type":"EntryPoint","urlTemplate":"https:\/\/somos-hermanos.mx\/?s={search_term_string}"},"query-input":{"@type":"PropertyValueSpecification","valueRequired":true,"valueName":"search_term_string"}}],"inLanguage":"es"},{"@type":"Organization","@id":"https:\/\/somos-hermanos.mx\/#organization","name":"Somos Hermanos","url":"https:\/\/somos-hermanos.mx\/","logo":{"@type":"ImageObject","inLanguage":"es","@id":"https:\/\/somos-hermanos.mx\/#\/schema\/logo\/image\/","url":"https:\/\/somos-hermanos.mx\/wp-content\/uploads\/2025\/08\/SH30-1.jpeg","contentUrl":"https:\/\/somos-hermanos.mx\/wp-content\/uploads\/2025\/08\/SH30-1.jpeg","width":1600,"height":1142,"caption":"Somos Hermanos"},"image":{"@id":"https:\/\/somos-hermanos.mx\/#\/schema\/logo\/image\/"},"sameAs":["https:\/\/www.facebook.com\/SomosHermanosIAP\/","https:\/\/x.com\/Somos__Hermanos","https:\/\/www.instagram.com\/somos__hermanos\/#","https:\/\/www.tiktok.com\/@somoshermanosiap","https:\/\/www.youtube.com\/@somoshermanosiap1201\/videos"]},{"@type":"Person","@id":"https:\/\/somos-hermanos.mx\/#\/schema\/person\/945cdfed39314d9db1242f593aecb908","name":"Jes\u00fas Arizmendi","image":{"@type":"ImageObject","inLanguage":"es","@id":"https:\/\/secure.gravatar.com\/avatar\/9d2f2284f2cc108aae42b8fdb13afa29b801f64001b731516b830e4926cc1b4b?s=96&d=mm&r=g","url":"https:\/\/secure.gravatar.com\/avatar\/9d2f2284f2cc108aae42b8fdb13afa29b801f64001b731516b830e4926cc1b4b?s=96&d=mm&r=g","contentUrl":"https:\/\/secure.gravatar.com\/avatar\/9d2f2284f2cc108aae42b8fdb13afa29b801f64001b731516b830e4926cc1b4b?s=96&d=mm&r=g","caption":"Jes\u00fas Arizmendi"},"url":"https:\/\/somos-hermanos.mx\/index.php\/author\/jesus-arizmendi\/"}]}},"_links":{"self":[{"href":"https:\/\/somos-hermanos.mx\/index.php\/wp-json\/wp\/v2\/posts\/643","targetHints":{"allow":["GET"]}}],"collection":[{"href":"https:\/\/somos-hermanos.mx\/index.php\/wp-json\/wp\/v2\/posts"}],"about":[{"href":"https:\/\/somos-hermanos.mx\/index.php\/wp-json\/wp\/v2\/types\/post"}],"author":[{"embeddable":true,"href":"https:\/\/somos-hermanos.mx\/index.php\/wp-json\/wp\/v2\/users\/8"}],"replies":[{"embeddable":true,"href":"https:\/\/somos-hermanos.mx\/index.php\/wp-json\/wp\/v2\/comments?post=643"}],"version-history":[{"count":1,"href":"https:\/\/somos-hermanos.mx\/index.php\/wp-json\/wp\/v2\/posts\/643\/revisions"}],"predecessor-version":[{"id":645,"href":"https:\/\/somos-hermanos.mx\/index.php\/wp-json\/wp\/v2\/posts\/643\/revisions\/645"}],"wp:featuredmedia":[{"embeddable":true,"href":"https:\/\/somos-hermanos.mx\/index.php\/wp-json\/wp\/v2\/media\/644"}],"wp:attachment":[{"href":"https:\/\/somos-hermanos.mx\/index.php\/wp-json\/wp\/v2\/media?parent=643"}],"wp:term":[{"taxonomy":"category","embeddable":true,"href":"https:\/\/somos-hermanos.mx\/index.php\/wp-json\/wp\/v2\/categories?post=643"},{"taxonomy":"post_tag","embeddable":true,"href":"https:\/\/somos-hermanos.mx\/index.php\/wp-json\/wp\/v2\/tags?post=643"}],"curies":[{"name":"wp","href":"https:\/\/api.w.org\/{rel}","templated":true}]}}