{"id":637,"date":"2025-08-04T01:31:11","date_gmt":"2025-08-04T07:31:11","guid":{"rendered":"https:\/\/somos-hermanos.mx\/?p=637"},"modified":"2025-08-04T01:31:11","modified_gmt":"2025-08-04T07:31:11","slug":"unidos-por-mexico-jovenes-que-transforman-vidas-con-alianzas-estrategicas","status":"publish","type":"post","link":"https:\/\/somos-hermanos.mx\/index.php\/2025\/08\/04\/unidos-por-mexico-jovenes-que-transforman-vidas-con-alianzas-estrategicas\/","title":{"rendered":"Unidos por M\u00e9xico: j\u00f3venes que transforman vidas con alianzas estrat\u00e9gicas"},"content":{"rendered":"<p>M\u00e9xico es un pa\u00eds donde miles de ni\u00f1as, ni\u00f1os y adolescentes viven en situaciones vulnerables. La fundaci\u00f3n Unidos X M\u00e9xico <strong>surge como una iniciativa impulsada por j\u00f3venes comprometidos con la creaci\u00f3n de un futuro mejor. <\/strong>Este proyecto, cuya misi\u00f3n se centra en construir alianzas estrat\u00e9gicas con organizaciones de la sociedad civil y los sectores p\u00fablico y privado, busca fortalecer las acciones que promueven la restituci\u00f3n de los derechos de la ni\u00f1ez en todo el pa\u00eds.<\/p>\n<p>Con una visi\u00f3n clara de convertirse en un referente nacional en la implementaci\u00f3n de estrategias innovadoras y colaborativas, <strong>Unidos X M\u00e9xico se ha propuesto conectar causas sociales con recursos y colaboraciones estrat\u00e9gicas. <\/strong>As\u00ed, la fundaci\u00f3n persigue un entorno seguro y favorable para la infancia m\u00e1s necesitada.<\/p>\n<p><strong><b>Unidos por una causa: Misi\u00f3n, Visi\u00f3n y Valores <\/b><\/strong><\/p>\n<p>La misi\u00f3n de Unidos X M\u00e9xico se refleja en su esfuerzo por establecer alianzas efectivas entre instituciones de asistencia privada, asociaciones civiles y la comunidad. Su prop\u00f3sito final es generar un impacto positivo y tangible en la vida de las ni\u00f1as, ni\u00f1os y adolescentes de M\u00e9xico.<\/p>\n<p>La integridad, la empat\u00eda y la innovaci\u00f3n son valores fundamentales que gu\u00edan cada acci\u00f3n de la fundaci\u00f3n. Su compromiso se manifiesta en la b\u00fasqueda constante de apoyo para aquellas instituciones que, d\u00eda a d\u00eda, trabajan para brindar mejores condiciones de vida a la ni\u00f1ez en situaci\u00f3n de riesgo.<\/p>\n<p>La organizaci\u00f3n promueve la colaboraci\u00f3n mediante campa\u00f1as que emplean materiales multimedia y eventos dise\u00f1ados para generar experiencias inolvidables para los m\u00e1s peque\u00f1os. Estas actividades no solo visibilizan la causa, sino que tambi\u00e9n inspiran a otros a sumarse al movimiento.<\/p>\n<p><strong><b>\u00bfC\u00f3mo apoyar a la Fundaci\u00f3n Unidos X M\u00e9xico?<\/b><\/strong><strong><b>\u00a0<\/b><\/strong><\/p>\n<ol>\n<li><b><\/b><strong><b>Registro de Voluntarios o Donantes:<\/b><\/strong>A trav\u00e9s de su plataforma oficial, los interesados pueden dejar sus datos de contacto y especificar si desean apoyar de manera econ\u00f3mica o participando activamente como voluntarios. La posibilidad de involucrarse de forma directa se convierte en un atractivo para quienes buscan marcar una diferencia tangible en la vida de los ni\u00f1os.<\/li>\n<li><b><\/b><strong><b>Wishlist de Amazon:<\/b><\/strong>Conscientes de las necesidades b\u00e1sicas que enfrentan las instituciones que apoyan, la fundaci\u00f3n ha creado una lista de deseos en Amazon, que incluye productos esenciales como leche, at\u00fan, papel higi\u00e9nico, sopa, entre otros. Este sistema permite que los donantes puedan colaborar de manera espec\u00edfica y directa, cubriendo necesidades concretas y urgentes.<\/li>\n<li><b><\/b><strong><b>Pulsera Solidaria:<\/b><\/strong>Unidos X M\u00e9xico ha lanzado una pulsera con la leyenda \u201cUnidos X M\u00e9xico y un coraz\u00f3n a la vez\u201d. Este producto no solo representa un s\u00edmbolo de apoyo, sino que su venta contribuye econ\u00f3micamente a las actividades y proyectos de la fundaci\u00f3n. Adem\u00e1s, genera conciencia social y permite que quienes la adquieren se conviertan en embajadores de la causa.<\/li>\n<\/ol>\n<p><strong>Un llamado a la acci\u00f3n: \u00bfEst\u00e1s listo para ser parte del cambio? <\/strong><\/p>\n<p>En un pa\u00eds donde las necesidades son muchas y los recursos a veces son insuficientes, iniciativas como la de Unidos X M\u00e9xico demuestran que la solidaridad, <strong>la empat\u00eda y la innovaci\u00f3n pueden marcar la diferencia. <\/strong>La fundaci\u00f3n, liderada por j\u00f3venes comprometidos, se erige como un faro de esperanza que inspira a otros a involucrarse en la construcci\u00f3n de un pa\u00eds m\u00e1s justo y equitativo.<\/p>\n<p>Las alianzas estrat\u00e9gicas que promueven no solo fortalecen a las instituciones que trabajan en favor de la ni\u00f1ez, sino que tambi\u00e9n crean una red de apoyo que trasciende. Unidos X M\u00e9xico est\u00e1 marcando la pauta con acciones concretas, mostrando que el verdadero cambio se construye d\u00eda a d\u00eda con esfuerzo, dedicaci\u00f3n y amor por quienes m\u00e1s lo necesitan.<\/p>\n<p>La invitaci\u00f3n es clara: \u00bfEst\u00e1s listo para ser parte del cambio? Unidos X M\u00e9xico te ofrece m\u00faltiples maneras de involucrarte y contribuir a la causa. Ya sea como donante, voluntario o embajador, cada aporte cuenta y se convierte en un paso hacia un futuro mejor para la infancia de M\u00e9xico.<\/p>\n","protected":false},"excerpt":{"rendered":"<p>M\u00e9xico es un pa\u00eds donde miles de ni\u00f1as, ni\u00f1os y adolescentes viven en situaciones vulnerables. La fundaci\u00f3n Unidos X M\u00e9xico surge como una iniciativa impulsada por j\u00f3venes comprometidos con la creaci\u00f3n de un futuro mejor. Este proyecto, cuya misi\u00f3n se centra en construir alianzas estrat\u00e9gicas con organizaciones de la sociedad civil y los sectores p\u00fablico [&hellip;]<\/p>\n","protected":false},"author":24,"featured_media":638,"comment_status":"open","ping_status":"closed","sticky":false,"template":"","format":"standard","meta":{"footnotes":""},"categories":[6],"tags":[],"class_list":["post-637","post","type-post","status-publish","format-standard","has-post-thumbnail","hentry","category-noticias"],"yoast_head":"<!-- This site is optimized with the Yoast SEO plugin v27.4 - https:\/\/yoast.com\/product\/yoast-seo-wordpress\/ -->\n<title>Unidos por M\u00e9xico: j\u00f3venes que transforman vidas con alianzas estrat\u00e9gicas - Historias que inspiran...<\/title>\n<meta name=\"robots\" content=\"index, follow, max-snippet:-1, max-image-preview:large, max-video-preview:-1\" \/>\n<link rel=\"canonical\" href=\"https:\/\/somos-hermanos.mx\/index.php\/2025\/08\/04\/unidos-por-mexico-jovenes-que-transforman-vidas-con-alianzas-estrategicas\/\" \/>\n<meta property=\"og:locale\" content=\"es_MX\" \/>\n<meta property=\"og:type\" content=\"article\" \/>\n<meta property=\"og:title\" content=\"Unidos por M\u00e9xico: j\u00f3venes que transforman vidas con alianzas estrat\u00e9gicas - Historias que inspiran...\" \/>\n<meta property=\"og:description\" content=\"M\u00e9xico es un pa\u00eds donde miles de ni\u00f1as, ni\u00f1os y adolescentes viven en situaciones vulnerables. La fundaci\u00f3n Unidos X M\u00e9xico surge como una iniciativa impulsada por j\u00f3venes comprometidos con la creaci\u00f3n de un futuro mejor. Este proyecto, cuya misi\u00f3n se centra en construir alianzas estrat\u00e9gicas con organizaciones de la sociedad civil y los sectores p\u00fablico [&hellip;]\" \/>\n<meta property=\"og:url\" content=\"https:\/\/somos-hermanos.mx\/index.php\/2025\/08\/04\/unidos-por-mexico-jovenes-que-transforman-vidas-con-alianzas-estrategicas\/\" \/>\n<meta property=\"og:site_name\" content=\"Historias que inspiran...\" \/>\n<meta property=\"article:publisher\" content=\"https:\/\/www.facebook.com\/SomosHermanosIAP\/\" \/>\n<meta property=\"article:published_time\" content=\"2025-08-04T07:31:11+00:00\" \/>\n<meta property=\"og:image\" content=\"https:\/\/somos-hermanos.mx\/wp-content\/uploads\/2025\/08\/unid.jpeg\" \/>\n\t<meta property=\"og:image:width\" content=\"1080\" \/>\n\t<meta property=\"og:image:height\" content=\"1080\" \/>\n\t<meta property=\"og:image:type\" content=\"image\/jpeg\" \/>\n<meta name=\"author\" content=\"Joaquin Samano Rodriguez\" \/>\n<meta name=\"twitter:card\" content=\"summary_large_image\" \/>\n<meta name=\"twitter:creator\" content=\"@Somos__Hermanos\" \/>\n<meta name=\"twitter:site\" content=\"@Somos__Hermanos\" \/>\n<meta name=\"twitter:label1\" content=\"Escrito por\" \/>\n\t<meta name=\"twitter:data1\" content=\"Joaquin Samano Rodriguez\" \/>\n\t<meta name=\"twitter:label2\" content=\"Tiempo de lectura\" \/>\n\t<meta name=\"twitter:data2\" content=\"4 minutos\" \/>\n<script type=\"application\/ld+json\" class=\"yoast-schema-graph\">{\"@context\":\"https:\\\/\\\/schema.org\",\"@graph\":[{\"@type\":\"Article\",\"@id\":\"https:\\\/\\\/somos-hermanos.mx\\\/index.php\\\/2025\\\/08\\\/04\\\/unidos-por-mexico-jovenes-que-transforman-vidas-con-alianzas-estrategicas\\\/#article\",\"isPartOf\":{\"@id\":\"https:\\\/\\\/somos-hermanos.mx\\\/index.php\\\/2025\\\/08\\\/04\\\/unidos-por-mexico-jovenes-que-transforman-vidas-con-alianzas-estrategicas\\\/\"},\"author\":{\"name\":\"Joaquin Samano Rodriguez\",\"@id\":\"https:\\\/\\\/somos-hermanos.mx\\\/#\\\/schema\\\/person\\\/5b3557797474582d21f3cc36320a00fb\"},\"headline\":\"Unidos por M\u00e9xico: j\u00f3venes que transforman vidas con alianzas estrat\u00e9gicas\",\"datePublished\":\"2025-08-04T07:31:11+00:00\",\"mainEntityOfPage\":{\"@id\":\"https:\\\/\\\/somos-hermanos.mx\\\/index.php\\\/2025\\\/08\\\/04\\\/unidos-por-mexico-jovenes-que-transforman-vidas-con-alianzas-estrategicas\\\/\"},\"wordCount\":726,\"commentCount\":0,\"publisher\":{\"@id\":\"https:\\\/\\\/somos-hermanos.mx\\\/#organization\"},\"image\":{\"@id\":\"https:\\\/\\\/somos-hermanos.mx\\\/index.php\\\/2025\\\/08\\\/04\\\/unidos-por-mexico-jovenes-que-transforman-vidas-con-alianzas-estrategicas\\\/#primaryimage\"},\"thumbnailUrl\":\"https:\\\/\\\/somos-hermanos.mx\\\/wp-content\\\/uploads\\\/2025\\\/08\\\/unid.jpeg\",\"articleSection\":[\"Noticias\"],\"inLanguage\":\"es\",\"potentialAction\":[{\"@type\":\"CommentAction\",\"name\":\"Comment\",\"target\":[\"https:\\\/\\\/somos-hermanos.mx\\\/index.php\\\/2025\\\/08\\\/04\\\/unidos-por-mexico-jovenes-que-transforman-vidas-con-alianzas-estrategicas\\\/#respond\"]}]},{\"@type\":\"WebPage\",\"@id\":\"https:\\\/\\\/somos-hermanos.mx\\\/index.php\\\/2025\\\/08\\\/04\\\/unidos-por-mexico-jovenes-que-transforman-vidas-con-alianzas-estrategicas\\\/\",\"url\":\"https:\\\/\\\/somos-hermanos.mx\\\/index.php\\\/2025\\\/08\\\/04\\\/unidos-por-mexico-jovenes-que-transforman-vidas-con-alianzas-estrategicas\\\/\",\"name\":\"Unidos por M\u00e9xico: j\u00f3venes que transforman vidas con alianzas estrat\u00e9gicas - Historias que inspiran...\",\"isPartOf\":{\"@id\":\"https:\\\/\\\/somos-hermanos.mx\\\/#website\"},\"primaryImageOfPage\":{\"@id\":\"https:\\\/\\\/somos-hermanos.mx\\\/index.php\\\/2025\\\/08\\\/04\\\/unidos-por-mexico-jovenes-que-transforman-vidas-con-alianzas-estrategicas\\\/#primaryimage\"},\"image\":{\"@id\":\"https:\\\/\\\/somos-hermanos.mx\\\/index.php\\\/2025\\\/08\\\/04\\\/unidos-por-mexico-jovenes-que-transforman-vidas-con-alianzas-estrategicas\\\/#primaryimage\"},\"thumbnailUrl\":\"https:\\\/\\\/somos-hermanos.mx\\\/wp-content\\\/uploads\\\/2025\\\/08\\\/unid.jpeg\",\"datePublished\":\"2025-08-04T07:31:11+00:00\",\"breadcrumb\":{\"@id\":\"https:\\\/\\\/somos-hermanos.mx\\\/index.php\\\/2025\\\/08\\\/04\\\/unidos-por-mexico-jovenes-que-transforman-vidas-con-alianzas-estrategicas\\\/#breadcrumb\"},\"inLanguage\":\"es\",\"potentialAction\":[{\"@type\":\"ReadAction\",\"target\":[\"https:\\\/\\\/somos-hermanos.mx\\\/index.php\\\/2025\\\/08\\\/04\\\/unidos-por-mexico-jovenes-que-transforman-vidas-con-alianzas-estrategicas\\\/\"]}]},{\"@type\":\"ImageObject\",\"inLanguage\":\"es\",\"@id\":\"https:\\\/\\\/somos-hermanos.mx\\\/index.php\\\/2025\\\/08\\\/04\\\/unidos-por-mexico-jovenes-que-transforman-vidas-con-alianzas-estrategicas\\\/#primaryimage\",\"url\":\"https:\\\/\\\/somos-hermanos.mx\\\/wp-content\\\/uploads\\\/2025\\\/08\\\/unid.jpeg\",\"contentUrl\":\"https:\\\/\\\/somos-hermanos.mx\\\/wp-content\\\/uploads\\\/2025\\\/08\\\/unid.jpeg\",\"width\":1080,\"height\":1080},{\"@type\":\"BreadcrumbList\",\"@id\":\"https:\\\/\\\/somos-hermanos.mx\\\/index.php\\\/2025\\\/08\\\/04\\\/unidos-por-mexico-jovenes-que-transforman-vidas-con-alianzas-estrategicas\\\/#breadcrumb\",\"itemListElement\":[{\"@type\":\"ListItem\",\"position\":1,\"name\":\"Inicio\",\"item\":\"https:\\\/\\\/somos-hermanos.mx\\\/\"},{\"@type\":\"ListItem\",\"position\":2,\"name\":\"Unidos por M\u00e9xico: j\u00f3venes que transforman vidas con alianzas estrat\u00e9gicas\"}]},{\"@type\":\"WebSite\",\"@id\":\"https:\\\/\\\/somos-hermanos.mx\\\/#website\",\"url\":\"https:\\\/\\\/somos-hermanos.mx\\\/\",\"name\":\"Historias que inspiran...\",\"description\":\"Somos la voz del altruismo en M\u00e9xico\",\"publisher\":{\"@id\":\"https:\\\/\\\/somos-hermanos.mx\\\/#organization\"},\"potentialAction\":[{\"@type\":\"SearchAction\",\"target\":{\"@type\":\"EntryPoint\",\"urlTemplate\":\"https:\\\/\\\/somos-hermanos.mx\\\/?s={search_term_string}\"},\"query-input\":{\"@type\":\"PropertyValueSpecification\",\"valueRequired\":true,\"valueName\":\"search_term_string\"}}],\"inLanguage\":\"es\"},{\"@type\":\"Organization\",\"@id\":\"https:\\\/\\\/somos-hermanos.mx\\\/#organization\",\"name\":\"Somos Hermanos\",\"url\":\"https:\\\/\\\/somos-hermanos.mx\\\/\",\"logo\":{\"@type\":\"ImageObject\",\"inLanguage\":\"es\",\"@id\":\"https:\\\/\\\/somos-hermanos.mx\\\/#\\\/schema\\\/logo\\\/image\\\/\",\"url\":\"https:\\\/\\\/somos-hermanos.mx\\\/wp-content\\\/uploads\\\/2025\\\/08\\\/SH30-1.jpeg\",\"contentUrl\":\"https:\\\/\\\/somos-hermanos.mx\\\/wp-content\\\/uploads\\\/2025\\\/08\\\/SH30-1.jpeg\",\"width\":1600,\"height\":1142,\"caption\":\"Somos Hermanos\"},\"image\":{\"@id\":\"https:\\\/\\\/somos-hermanos.mx\\\/#\\\/schema\\\/logo\\\/image\\\/\"},\"sameAs\":[\"https:\\\/\\\/www.facebook.com\\\/SomosHermanosIAP\\\/\",\"https:\\\/\\\/x.com\\\/Somos__Hermanos\",\"https:\\\/\\\/www.instagram.com\\\/somos__hermanos\\\/#\",\"https:\\\/\\\/www.tiktok.com\\\/@somoshermanosiap\",\"https:\\\/\\\/www.youtube.com\\\/@somoshermanosiap1201\\\/videos\"]},{\"@type\":\"Person\",\"@id\":\"https:\\\/\\\/somos-hermanos.mx\\\/#\\\/schema\\\/person\\\/5b3557797474582d21f3cc36320a00fb\",\"name\":\"Joaquin Samano Rodriguez\",\"image\":{\"@type\":\"ImageObject\",\"inLanguage\":\"es\",\"@id\":\"https:\\\/\\\/secure.gravatar.com\\\/avatar\\\/27bf3879265a77b9831b2ead2a268051b3e31f39ceebd5858d7cdd8540196a35?s=96&d=mm&r=g\",\"url\":\"https:\\\/\\\/secure.gravatar.com\\\/avatar\\\/27bf3879265a77b9831b2ead2a268051b3e31f39ceebd5858d7cdd8540196a35?s=96&d=mm&r=g\",\"contentUrl\":\"https:\\\/\\\/secure.gravatar.com\\\/avatar\\\/27bf3879265a77b9831b2ead2a268051b3e31f39ceebd5858d7cdd8540196a35?s=96&d=mm&r=g\",\"caption\":\"Joaquin Samano Rodriguez\"},\"url\":\"https:\\\/\\\/somos-hermanos.mx\\\/index.php\\\/author\\\/joaquin-samano-rodriguez\\\/\"}]}<\/script>\n<!-- \/ Yoast SEO plugin. -->","yoast_head_json":{"title":"Unidos por M\u00e9xico: j\u00f3venes que transforman vidas con alianzas estrat\u00e9gicas - Historias que inspiran...","robots":{"index":"index","follow":"follow","max-snippet":"max-snippet:-1","max-image-preview":"max-image-preview:large","max-video-preview":"max-video-preview:-1"},"canonical":"https:\/\/somos-hermanos.mx\/index.php\/2025\/08\/04\/unidos-por-mexico-jovenes-que-transforman-vidas-con-alianzas-estrategicas\/","og_locale":"es_MX","og_type":"article","og_title":"Unidos por M\u00e9xico: j\u00f3venes que transforman vidas con alianzas estrat\u00e9gicas - Historias que inspiran...","og_description":"M\u00e9xico es un pa\u00eds donde miles de ni\u00f1as, ni\u00f1os y adolescentes viven en situaciones vulnerables. La fundaci\u00f3n Unidos X M\u00e9xico surge como una iniciativa impulsada por j\u00f3venes comprometidos con la creaci\u00f3n de un futuro mejor. Este proyecto, cuya misi\u00f3n se centra en construir alianzas estrat\u00e9gicas con organizaciones de la sociedad civil y los sectores p\u00fablico [&hellip;]","og_url":"https:\/\/somos-hermanos.mx\/index.php\/2025\/08\/04\/unidos-por-mexico-jovenes-que-transforman-vidas-con-alianzas-estrategicas\/","og_site_name":"Historias que inspiran...","article_publisher":"https:\/\/www.facebook.com\/SomosHermanosIAP\/","article_published_time":"2025-08-04T07:31:11+00:00","og_image":[{"width":1080,"height":1080,"url":"https:\/\/somos-hermanos.mx\/wp-content\/uploads\/2025\/08\/unid.jpeg","type":"image\/jpeg"}],"author":"Joaquin Samano Rodriguez","twitter_card":"summary_large_image","twitter_creator":"@Somos__Hermanos","twitter_site":"@Somos__Hermanos","twitter_misc":{"Escrito por":"Joaquin Samano Rodriguez","Tiempo de lectura":"4 minutos"},"schema":{"@context":"https:\/\/schema.org","@graph":[{"@type":"Article","@id":"https:\/\/somos-hermanos.mx\/index.php\/2025\/08\/04\/unidos-por-mexico-jovenes-que-transforman-vidas-con-alianzas-estrategicas\/#article","isPartOf":{"@id":"https:\/\/somos-hermanos.mx\/index.php\/2025\/08\/04\/unidos-por-mexico-jovenes-que-transforman-vidas-con-alianzas-estrategicas\/"},"author":{"name":"Joaquin Samano Rodriguez","@id":"https:\/\/somos-hermanos.mx\/#\/schema\/person\/5b3557797474582d21f3cc36320a00fb"},"headline":"Unidos por M\u00e9xico: j\u00f3venes que transforman vidas con alianzas estrat\u00e9gicas","datePublished":"2025-08-04T07:31:11+00:00","mainEntityOfPage":{"@id":"https:\/\/somos-hermanos.mx\/index.php\/2025\/08\/04\/unidos-por-mexico-jovenes-que-transforman-vidas-con-alianzas-estrategicas\/"},"wordCount":726,"commentCount":0,"publisher":{"@id":"https:\/\/somos-hermanos.mx\/#organization"},"image":{"@id":"https:\/\/somos-hermanos.mx\/index.php\/2025\/08\/04\/unidos-por-mexico-jovenes-que-transforman-vidas-con-alianzas-estrategicas\/#primaryimage"},"thumbnailUrl":"https:\/\/somos-hermanos.mx\/wp-content\/uploads\/2025\/08\/unid.jpeg","articleSection":["Noticias"],"inLanguage":"es","potentialAction":[{"@type":"CommentAction","name":"Comment","target":["https:\/\/somos-hermanos.mx\/index.php\/2025\/08\/04\/unidos-por-mexico-jovenes-que-transforman-vidas-con-alianzas-estrategicas\/#respond"]}]},{"@type":"WebPage","@id":"https:\/\/somos-hermanos.mx\/index.php\/2025\/08\/04\/unidos-por-mexico-jovenes-que-transforman-vidas-con-alianzas-estrategicas\/","url":"https:\/\/somos-hermanos.mx\/index.php\/2025\/08\/04\/unidos-por-mexico-jovenes-que-transforman-vidas-con-alianzas-estrategicas\/","name":"Unidos por M\u00e9xico: j\u00f3venes que transforman vidas con alianzas estrat\u00e9gicas - Historias que inspiran...","isPartOf":{"@id":"https:\/\/somos-hermanos.mx\/#website"},"primaryImageOfPage":{"@id":"https:\/\/somos-hermanos.mx\/index.php\/2025\/08\/04\/unidos-por-mexico-jovenes-que-transforman-vidas-con-alianzas-estrategicas\/#primaryimage"},"image":{"@id":"https:\/\/somos-hermanos.mx\/index.php\/2025\/08\/04\/unidos-por-mexico-jovenes-que-transforman-vidas-con-alianzas-estrategicas\/#primaryimage"},"thumbnailUrl":"https:\/\/somos-hermanos.mx\/wp-content\/uploads\/2025\/08\/unid.jpeg","datePublished":"2025-08-04T07:31:11+00:00","breadcrumb":{"@id":"https:\/\/somos-hermanos.mx\/index.php\/2025\/08\/04\/unidos-por-mexico-jovenes-que-transforman-vidas-con-alianzas-estrategicas\/#breadcrumb"},"inLanguage":"es","potentialAction":[{"@type":"ReadAction","target":["https:\/\/somos-hermanos.mx\/index.php\/2025\/08\/04\/unidos-por-mexico-jovenes-que-transforman-vidas-con-alianzas-estrategicas\/"]}]},{"@type":"ImageObject","inLanguage":"es","@id":"https:\/\/somos-hermanos.mx\/index.php\/2025\/08\/04\/unidos-por-mexico-jovenes-que-transforman-vidas-con-alianzas-estrategicas\/#primaryimage","url":"https:\/\/somos-hermanos.mx\/wp-content\/uploads\/2025\/08\/unid.jpeg","contentUrl":"https:\/\/somos-hermanos.mx\/wp-content\/uploads\/2025\/08\/unid.jpeg","width":1080,"height":1080},{"@type":"BreadcrumbList","@id":"https:\/\/somos-hermanos.mx\/index.php\/2025\/08\/04\/unidos-por-mexico-jovenes-que-transforman-vidas-con-alianzas-estrategicas\/#breadcrumb","itemListElement":[{"@type":"ListItem","position":1,"name":"Inicio","item":"https:\/\/somos-hermanos.mx\/"},{"@type":"ListItem","position":2,"name":"Unidos por M\u00e9xico: j\u00f3venes que transforman vidas con alianzas estrat\u00e9gicas"}]},{"@type":"WebSite","@id":"https:\/\/somos-hermanos.mx\/#website","url":"https:\/\/somos-hermanos.mx\/","name":"Historias que inspiran...","description":"Somos la voz del altruismo en M\u00e9xico","publisher":{"@id":"https:\/\/somos-hermanos.mx\/#organization"},"potentialAction":[{"@type":"SearchAction","target":{"@type":"EntryPoint","urlTemplate":"https:\/\/somos-hermanos.mx\/?s={search_term_string}"},"query-input":{"@type":"PropertyValueSpecification","valueRequired":true,"valueName":"search_term_string"}}],"inLanguage":"es"},{"@type":"Organization","@id":"https:\/\/somos-hermanos.mx\/#organization","name":"Somos Hermanos","url":"https:\/\/somos-hermanos.mx\/","logo":{"@type":"ImageObject","inLanguage":"es","@id":"https:\/\/somos-hermanos.mx\/#\/schema\/logo\/image\/","url":"https:\/\/somos-hermanos.mx\/wp-content\/uploads\/2025\/08\/SH30-1.jpeg","contentUrl":"https:\/\/somos-hermanos.mx\/wp-content\/uploads\/2025\/08\/SH30-1.jpeg","width":1600,"height":1142,"caption":"Somos Hermanos"},"image":{"@id":"https:\/\/somos-hermanos.mx\/#\/schema\/logo\/image\/"},"sameAs":["https:\/\/www.facebook.com\/SomosHermanosIAP\/","https:\/\/x.com\/Somos__Hermanos","https:\/\/www.instagram.com\/somos__hermanos\/#","https:\/\/www.tiktok.com\/@somoshermanosiap","https:\/\/www.youtube.com\/@somoshermanosiap1201\/videos"]},{"@type":"Person","@id":"https:\/\/somos-hermanos.mx\/#\/schema\/person\/5b3557797474582d21f3cc36320a00fb","name":"Joaquin Samano Rodriguez","image":{"@type":"ImageObject","inLanguage":"es","@id":"https:\/\/secure.gravatar.com\/avatar\/27bf3879265a77b9831b2ead2a268051b3e31f39ceebd5858d7cdd8540196a35?s=96&d=mm&r=g","url":"https:\/\/secure.gravatar.com\/avatar\/27bf3879265a77b9831b2ead2a268051b3e31f39ceebd5858d7cdd8540196a35?s=96&d=mm&r=g","contentUrl":"https:\/\/secure.gravatar.com\/avatar\/27bf3879265a77b9831b2ead2a268051b3e31f39ceebd5858d7cdd8540196a35?s=96&d=mm&r=g","caption":"Joaquin Samano Rodriguez"},"url":"https:\/\/somos-hermanos.mx\/index.php\/author\/joaquin-samano-rodriguez\/"}]}},"_links":{"self":[{"href":"https:\/\/somos-hermanos.mx\/index.php\/wp-json\/wp\/v2\/posts\/637","targetHints":{"allow":["GET"]}}],"collection":[{"href":"https:\/\/somos-hermanos.mx\/index.php\/wp-json\/wp\/v2\/posts"}],"about":[{"href":"https:\/\/somos-hermanos.mx\/index.php\/wp-json\/wp\/v2\/types\/post"}],"author":[{"embeddable":true,"href":"https:\/\/somos-hermanos.mx\/index.php\/wp-json\/wp\/v2\/users\/24"}],"replies":[{"embeddable":true,"href":"https:\/\/somos-hermanos.mx\/index.php\/wp-json\/wp\/v2\/comments?post=637"}],"version-history":[{"count":1,"href":"https:\/\/somos-hermanos.mx\/index.php\/wp-json\/wp\/v2\/posts\/637\/revisions"}],"predecessor-version":[{"id":639,"href":"https:\/\/somos-hermanos.mx\/index.php\/wp-json\/wp\/v2\/posts\/637\/revisions\/639"}],"wp:featuredmedia":[{"embeddable":true,"href":"https:\/\/somos-hermanos.mx\/index.php\/wp-json\/wp\/v2\/media\/638"}],"wp:attachment":[{"href":"https:\/\/somos-hermanos.mx\/index.php\/wp-json\/wp\/v2\/media?parent=637"}],"wp:term":[{"taxonomy":"category","embeddable":true,"href":"https:\/\/somos-hermanos.mx\/index.php\/wp-json\/wp\/v2\/categories?post=637"},{"taxonomy":"post_tag","embeddable":true,"href":"https:\/\/somos-hermanos.mx\/index.php\/wp-json\/wp\/v2\/tags?post=637"}],"curies":[{"name":"wp","href":"https:\/\/api.w.org\/{rel}","templated":true}]}}