{"id":634,"date":"2025-08-04T01:29:59","date_gmt":"2025-08-04T07:29:59","guid":{"rendered":"https:\/\/somos-hermanos.mx\/?p=634"},"modified":"2025-08-04T01:29:59","modified_gmt":"2025-08-04T07:29:59","slug":"inauguran-el-12o-foro-juvenil-de-dialogo-internacional-bimun-2025","status":"publish","type":"post","link":"https:\/\/somos-hermanos.mx\/index.php\/2025\/08\/04\/inauguran-el-12o-foro-juvenil-de-dialogo-internacional-bimun-2025\/","title":{"rendered":"Inauguran el 12\u00ba Foro Juvenil de Di\u00e1logo internacional \u201cBIMUN 2025\u201d"},"content":{"rendered":"<p>Padres de familia, ni\u00f1as, ni\u00f1os, adolescentes, autoridades, organizaciones de la sociedad civil y medios de comunicaci\u00f3n fueron testigos de la inauguraci\u00f3n del <strong>12\u00b0Foro Juvenil de Di\u00e1logo internacional, Baur International Model United Nations \u201cBIMUN 2025\u201d y \u201cEl Pacto para el Futuro, Pacto Digital Global y Declaraci\u00f3n sobre las Generaciones Futuras\u201d.<\/strong>\u00a0realizado en el municipio de Naucalpan, Estado de M\u00e9xico.<\/p>\n<p>Con una trayectoria de 27 a\u00f1os <strong>el programa BIMUN 2025 <\/strong>se ha distinguido por <strong>reunir a m\u00e1s de 500 j\u00f3venes estudiantes de distintas instituciones educativas nacionales y extranjeras, <\/strong>para que, a trav\u00e9s de di\u00e1logos, acuerdos, negociaciones y compromisos, se den respuestas viables y se obtengan soluciones concretas a los problemas y crisis que enfrenta la Comunidad Internacional.<\/p>\n<p>En este 2025 toc\u00f3 a M\u00e9xico realizar este foro en el que logr\u00f3 reunir a estudiantes mexicanos, ingleses, franceses, italianos y sudafricanos, quien adem\u00e1s se suman organismos como Baur International Model United Nations \u201cBIMUN 2025\u201d y \u201cEl Pacto para el Futuro, Pacto Digital Global y Declaraci\u00f3n sobre las Generaciones Futuras\u201d<\/p>\n<p>Esta ceremonia, organizada por los propios estudiantes del Colegio Carol Baur (miembro de la Red de Escuelas Asociadas de la UNESCO (ASPNet), y con el apoyo de la Fundaci\u00f3n Cultural Baur, OSC, asociada con el Departamento de Comunicaci\u00f3n Global y ONG en Estatus Consultivo Especial con el Consejo Econ\u00f3mico y Social (ECOSOC) de las Naciones Unidas, <strong>puso de manifiesto el inter\u00e9s de la juventud por instalar nueve comit\u00e9s centrados en temas que destaca la Asamblea General de la ONU, la Agenda 2030 y sus 17 Objetivos para el Desarrollo Sostenible (ODS)<\/strong>\u00a0y realizar\u00e1 su Primer Modelo del Comit\u00e9 sobre: \u201cEl Pacto para el Futuro, Pacto Digital Global y Declaraci\u00f3n sobre las Generaciones Futuras\u201d en torno a los cinco ODS siguientes: 3, Salud y bienestar; 5, Igualdad de g\u00e9nero; 8, Trabajo decente y crecimiento econ\u00f3mico; 14, Vida submarina y; 17, Alianzas para lograr los objetivos, programados para este a\u00f1o, incluidos los relativos con las personas con discapacidad.<\/p>\n<p>Por su parte Isaac Montoya M\u00e1rquez, presidente municipal de Naucalpan, destac\u00f3 \u201cHacemos \u00e9nfasis en que este ejercicio educativo y cultural detona, propositivamente, la din\u00e1mica de di\u00e1logos, acuerdos, negociaciones y compromisos que, entre j\u00f3venes estudiantes de diversos or\u00edgenes y perfiles, <strong>nos muestran con su ejemplo una ruta a seguir entre los Modelos de las Naciones Unidas (MUN) a nivel mundial, para que a partir de esta pr\u00e1ctica acad\u00e9mica, de este modelo formativo, surjan de los j\u00f3venes preparados en el \u00e1mbito internacional\u201d.<\/strong><\/p>\n<p>Asimismo, externaron mensajes de felicitaci\u00f3n y reconocimiento a estos extraordinarios trabajos, el Excmo. S. Embajador Ricardo Pineda, Director de Vinculaci\u00f3n Internacional Instituto Mat\u00edas Romero, en representaci\u00f3n del Canciller Juan Ram\u00f3n de la Fuente; el Mtro. Pablo Yanes Rizo, Secretario de Educaci\u00f3n, Ciencia, Tecnolog\u00eda e Innovaci\u00f3n del Gobierno de la Ciudad de M\u00e9xico; la Mtra. Luz Mar\u00eda Ortiz, Directora General Adjunta de Cooperaci\u00f3n Internacional de la SEMARNAT, y la Lic. Manola Giral, Directora General de Incorporaci\u00f3n y Revalidaci\u00f3n de Estudios UNAM.<\/p>\n<p>Tambi\u00e9n particip\u00f3 en esta ceremonia donde la danza de diversas regiones de la Rep\u00fablica Mexicana se mezcl\u00f3 magistralmente con el Huapango de Moncayo, interpretado por la Orquesta Juvenil del Colegio Carol Baur, la Sra. Mariana Castro, representante del Departamento de Comunicaci\u00f3n Global de la ONU, entre otros representantes de este organismo internacional.<\/p>\n<p>Por otra parte, Mart\u00edn Olavarrieta Maldonado, presidente de la Fundaci\u00f3n Carol Baur AC, hizo \u00e9nfasis en que estos trabajos pueden dejar una huella indeleble en la juventud, que mira hacia las relaciones internacionales como una opci\u00f3n viable de carrera profesional, y que con su desempe\u00f1o y logros en estos trabajos, sigan destacando el nombre de M\u00e9xico como referente de alta diplomacia, gracias a su participaci\u00f3n en BIMUN 2025, ya que concluir\u00e1n con la Declaraci\u00f3n \u201cEl Pacto para el Futuro, Pacto Digital Global y Declaraci\u00f3n sobre las Generaciones Futuras\u201d.<\/p>\n","protected":false},"excerpt":{"rendered":"<p>Padres de familia, ni\u00f1as, ni\u00f1os, adolescentes, autoridades, organizaciones de la sociedad civil y medios de comunicaci\u00f3n fueron testigos de la inauguraci\u00f3n del 12\u00b0Foro Juvenil de Di\u00e1logo internacional, Baur International Model United Nations \u201cBIMUN 2025\u201d y \u201cEl Pacto para el Futuro, Pacto Digital Global y Declaraci\u00f3n sobre las Generaciones Futuras\u201d.\u00a0realizado en el municipio de Naucalpan, Estado [&hellip;]<\/p>\n","protected":false},"author":8,"featured_media":635,"comment_status":"open","ping_status":"closed","sticky":false,"template":"","format":"standard","meta":{"footnotes":""},"categories":[6],"tags":[],"class_list":["post-634","post","type-post","status-publish","format-standard","has-post-thumbnail","hentry","category-noticias"],"yoast_head":"<!-- This site is optimized with the Yoast SEO plugin v27.4 - https:\/\/yoast.com\/product\/yoast-seo-wordpress\/ -->\n<title>Inauguran el 12\u00ba Foro Juvenil de Di\u00e1logo internacional \u201cBIMUN 2025\u201d - Historias que inspiran...<\/title>\n<meta name=\"robots\" content=\"index, follow, max-snippet:-1, max-image-preview:large, max-video-preview:-1\" \/>\n<link rel=\"canonical\" href=\"https:\/\/somos-hermanos.mx\/index.php\/2025\/08\/04\/inauguran-el-12o-foro-juvenil-de-dialogo-internacional-bimun-2025\/\" \/>\n<meta property=\"og:locale\" content=\"es_MX\" \/>\n<meta property=\"og:type\" content=\"article\" \/>\n<meta property=\"og:title\" content=\"Inauguran el 12\u00ba Foro Juvenil de Di\u00e1logo internacional \u201cBIMUN 2025\u201d - Historias que inspiran...\" \/>\n<meta property=\"og:description\" content=\"Padres de familia, ni\u00f1as, ni\u00f1os, adolescentes, autoridades, organizaciones de la sociedad civil y medios de comunicaci\u00f3n fueron testigos de la inauguraci\u00f3n del 12\u00b0Foro Juvenil de Di\u00e1logo internacional, Baur International Model United Nations \u201cBIMUN 2025\u201d y \u201cEl Pacto para el Futuro, Pacto Digital Global y Declaraci\u00f3n sobre las Generaciones Futuras\u201d.\u00a0realizado en el municipio de Naucalpan, Estado [&hellip;]\" \/>\n<meta property=\"og:url\" content=\"https:\/\/somos-hermanos.mx\/index.php\/2025\/08\/04\/inauguran-el-12o-foro-juvenil-de-dialogo-internacional-bimun-2025\/\" \/>\n<meta property=\"og:site_name\" content=\"Historias que inspiran...\" \/>\n<meta property=\"article:publisher\" content=\"https:\/\/www.facebook.com\/SomosHermanosIAP\/\" \/>\n<meta property=\"article:published_time\" content=\"2025-08-04T07:29:59+00:00\" \/>\n<meta property=\"og:image\" content=\"https:\/\/somos-hermanos.mx\/wp-content\/uploads\/2025\/08\/carol2.jpeg\" \/>\n\t<meta property=\"og:image:width\" content=\"806\" \/>\n\t<meta property=\"og:image:height\" content=\"607\" \/>\n\t<meta property=\"og:image:type\" content=\"image\/jpeg\" \/>\n<meta name=\"author\" content=\"Jes\u00fas Arizmendi\" \/>\n<meta name=\"twitter:card\" content=\"summary_large_image\" \/>\n<meta name=\"twitter:creator\" content=\"@Somos__Hermanos\" \/>\n<meta name=\"twitter:site\" content=\"@Somos__Hermanos\" \/>\n<meta name=\"twitter:label1\" content=\"Escrito por\" \/>\n\t<meta name=\"twitter:data1\" content=\"Jes\u00fas Arizmendi\" \/>\n\t<meta name=\"twitter:label2\" content=\"Tiempo de lectura\" \/>\n\t<meta name=\"twitter:data2\" content=\"4 minutos\" \/>\n<script type=\"application\/ld+json\" class=\"yoast-schema-graph\">{\"@context\":\"https:\\\/\\\/schema.org\",\"@graph\":[{\"@type\":\"Article\",\"@id\":\"https:\\\/\\\/somos-hermanos.mx\\\/index.php\\\/2025\\\/08\\\/04\\\/inauguran-el-12o-foro-juvenil-de-dialogo-internacional-bimun-2025\\\/#article\",\"isPartOf\":{\"@id\":\"https:\\\/\\\/somos-hermanos.mx\\\/index.php\\\/2025\\\/08\\\/04\\\/inauguran-el-12o-foro-juvenil-de-dialogo-internacional-bimun-2025\\\/\"},\"author\":{\"name\":\"Jes\u00fas Arizmendi\",\"@id\":\"https:\\\/\\\/somos-hermanos.mx\\\/#\\\/schema\\\/person\\\/945cdfed39314d9db1242f593aecb908\"},\"headline\":\"Inauguran el 12\u00ba Foro Juvenil de Di\u00e1logo internacional \u201cBIMUN 2025\u201d\",\"datePublished\":\"2025-08-04T07:29:59+00:00\",\"mainEntityOfPage\":{\"@id\":\"https:\\\/\\\/somos-hermanos.mx\\\/index.php\\\/2025\\\/08\\\/04\\\/inauguran-el-12o-foro-juvenil-de-dialogo-internacional-bimun-2025\\\/\"},\"wordCount\":673,\"commentCount\":0,\"publisher\":{\"@id\":\"https:\\\/\\\/somos-hermanos.mx\\\/#organization\"},\"image\":{\"@id\":\"https:\\\/\\\/somos-hermanos.mx\\\/index.php\\\/2025\\\/08\\\/04\\\/inauguran-el-12o-foro-juvenil-de-dialogo-internacional-bimun-2025\\\/#primaryimage\"},\"thumbnailUrl\":\"https:\\\/\\\/somos-hermanos.mx\\\/wp-content\\\/uploads\\\/2025\\\/08\\\/carol2.jpeg\",\"articleSection\":[\"Noticias\"],\"inLanguage\":\"es\",\"potentialAction\":[{\"@type\":\"CommentAction\",\"name\":\"Comment\",\"target\":[\"https:\\\/\\\/somos-hermanos.mx\\\/index.php\\\/2025\\\/08\\\/04\\\/inauguran-el-12o-foro-juvenil-de-dialogo-internacional-bimun-2025\\\/#respond\"]}]},{\"@type\":\"WebPage\",\"@id\":\"https:\\\/\\\/somos-hermanos.mx\\\/index.php\\\/2025\\\/08\\\/04\\\/inauguran-el-12o-foro-juvenil-de-dialogo-internacional-bimun-2025\\\/\",\"url\":\"https:\\\/\\\/somos-hermanos.mx\\\/index.php\\\/2025\\\/08\\\/04\\\/inauguran-el-12o-foro-juvenil-de-dialogo-internacional-bimun-2025\\\/\",\"name\":\"Inauguran el 12\u00ba Foro Juvenil de Di\u00e1logo internacional \u201cBIMUN 2025\u201d - Historias que inspiran...\",\"isPartOf\":{\"@id\":\"https:\\\/\\\/somos-hermanos.mx\\\/#website\"},\"primaryImageOfPage\":{\"@id\":\"https:\\\/\\\/somos-hermanos.mx\\\/index.php\\\/2025\\\/08\\\/04\\\/inauguran-el-12o-foro-juvenil-de-dialogo-internacional-bimun-2025\\\/#primaryimage\"},\"image\":{\"@id\":\"https:\\\/\\\/somos-hermanos.mx\\\/index.php\\\/2025\\\/08\\\/04\\\/inauguran-el-12o-foro-juvenil-de-dialogo-internacional-bimun-2025\\\/#primaryimage\"},\"thumbnailUrl\":\"https:\\\/\\\/somos-hermanos.mx\\\/wp-content\\\/uploads\\\/2025\\\/08\\\/carol2.jpeg\",\"datePublished\":\"2025-08-04T07:29:59+00:00\",\"breadcrumb\":{\"@id\":\"https:\\\/\\\/somos-hermanos.mx\\\/index.php\\\/2025\\\/08\\\/04\\\/inauguran-el-12o-foro-juvenil-de-dialogo-internacional-bimun-2025\\\/#breadcrumb\"},\"inLanguage\":\"es\",\"potentialAction\":[{\"@type\":\"ReadAction\",\"target\":[\"https:\\\/\\\/somos-hermanos.mx\\\/index.php\\\/2025\\\/08\\\/04\\\/inauguran-el-12o-foro-juvenil-de-dialogo-internacional-bimun-2025\\\/\"]}]},{\"@type\":\"ImageObject\",\"inLanguage\":\"es\",\"@id\":\"https:\\\/\\\/somos-hermanos.mx\\\/index.php\\\/2025\\\/08\\\/04\\\/inauguran-el-12o-foro-juvenil-de-dialogo-internacional-bimun-2025\\\/#primaryimage\",\"url\":\"https:\\\/\\\/somos-hermanos.mx\\\/wp-content\\\/uploads\\\/2025\\\/08\\\/carol2.jpeg\",\"contentUrl\":\"https:\\\/\\\/somos-hermanos.mx\\\/wp-content\\\/uploads\\\/2025\\\/08\\\/carol2.jpeg\",\"width\":806,\"height\":607},{\"@type\":\"BreadcrumbList\",\"@id\":\"https:\\\/\\\/somos-hermanos.mx\\\/index.php\\\/2025\\\/08\\\/04\\\/inauguran-el-12o-foro-juvenil-de-dialogo-internacional-bimun-2025\\\/#breadcrumb\",\"itemListElement\":[{\"@type\":\"ListItem\",\"position\":1,\"name\":\"Inicio\",\"item\":\"https:\\\/\\\/somos-hermanos.mx\\\/\"},{\"@type\":\"ListItem\",\"position\":2,\"name\":\"Inauguran el 12\u00ba Foro Juvenil de Di\u00e1logo internacional \u201cBIMUN 2025\u201d\"}]},{\"@type\":\"WebSite\",\"@id\":\"https:\\\/\\\/somos-hermanos.mx\\\/#website\",\"url\":\"https:\\\/\\\/somos-hermanos.mx\\\/\",\"name\":\"Historias que inspiran...\",\"description\":\"Somos la voz del altruismo en M\u00e9xico\",\"publisher\":{\"@id\":\"https:\\\/\\\/somos-hermanos.mx\\\/#organization\"},\"potentialAction\":[{\"@type\":\"SearchAction\",\"target\":{\"@type\":\"EntryPoint\",\"urlTemplate\":\"https:\\\/\\\/somos-hermanos.mx\\\/?s={search_term_string}\"},\"query-input\":{\"@type\":\"PropertyValueSpecification\",\"valueRequired\":true,\"valueName\":\"search_term_string\"}}],\"inLanguage\":\"es\"},{\"@type\":\"Organization\",\"@id\":\"https:\\\/\\\/somos-hermanos.mx\\\/#organization\",\"name\":\"Somos Hermanos\",\"url\":\"https:\\\/\\\/somos-hermanos.mx\\\/\",\"logo\":{\"@type\":\"ImageObject\",\"inLanguage\":\"es\",\"@id\":\"https:\\\/\\\/somos-hermanos.mx\\\/#\\\/schema\\\/logo\\\/image\\\/\",\"url\":\"https:\\\/\\\/somos-hermanos.mx\\\/wp-content\\\/uploads\\\/2025\\\/08\\\/SH30-1.jpeg\",\"contentUrl\":\"https:\\\/\\\/somos-hermanos.mx\\\/wp-content\\\/uploads\\\/2025\\\/08\\\/SH30-1.jpeg\",\"width\":1600,\"height\":1142,\"caption\":\"Somos Hermanos\"},\"image\":{\"@id\":\"https:\\\/\\\/somos-hermanos.mx\\\/#\\\/schema\\\/logo\\\/image\\\/\"},\"sameAs\":[\"https:\\\/\\\/www.facebook.com\\\/SomosHermanosIAP\\\/\",\"https:\\\/\\\/x.com\\\/Somos__Hermanos\",\"https:\\\/\\\/www.instagram.com\\\/somos__hermanos\\\/#\",\"https:\\\/\\\/www.tiktok.com\\\/@somoshermanosiap\",\"https:\\\/\\\/www.youtube.com\\\/@somoshermanosiap1201\\\/videos\"]},{\"@type\":\"Person\",\"@id\":\"https:\\\/\\\/somos-hermanos.mx\\\/#\\\/schema\\\/person\\\/945cdfed39314d9db1242f593aecb908\",\"name\":\"Jes\u00fas Arizmendi\",\"image\":{\"@type\":\"ImageObject\",\"inLanguage\":\"es\",\"@id\":\"https:\\\/\\\/secure.gravatar.com\\\/avatar\\\/9d2f2284f2cc108aae42b8fdb13afa29b801f64001b731516b830e4926cc1b4b?s=96&d=mm&r=g\",\"url\":\"https:\\\/\\\/secure.gravatar.com\\\/avatar\\\/9d2f2284f2cc108aae42b8fdb13afa29b801f64001b731516b830e4926cc1b4b?s=96&d=mm&r=g\",\"contentUrl\":\"https:\\\/\\\/secure.gravatar.com\\\/avatar\\\/9d2f2284f2cc108aae42b8fdb13afa29b801f64001b731516b830e4926cc1b4b?s=96&d=mm&r=g\",\"caption\":\"Jes\u00fas Arizmendi\"},\"url\":\"https:\\\/\\\/somos-hermanos.mx\\\/index.php\\\/author\\\/jesus-arizmendi\\\/\"}]}<\/script>\n<!-- \/ Yoast SEO plugin. -->","yoast_head_json":{"title":"Inauguran el 12\u00ba Foro Juvenil de Di\u00e1logo internacional \u201cBIMUN 2025\u201d - Historias que inspiran...","robots":{"index":"index","follow":"follow","max-snippet":"max-snippet:-1","max-image-preview":"max-image-preview:large","max-video-preview":"max-video-preview:-1"},"canonical":"https:\/\/somos-hermanos.mx\/index.php\/2025\/08\/04\/inauguran-el-12o-foro-juvenil-de-dialogo-internacional-bimun-2025\/","og_locale":"es_MX","og_type":"article","og_title":"Inauguran el 12\u00ba Foro Juvenil de Di\u00e1logo internacional \u201cBIMUN 2025\u201d - Historias que inspiran...","og_description":"Padres de familia, ni\u00f1as, ni\u00f1os, adolescentes, autoridades, organizaciones de la sociedad civil y medios de comunicaci\u00f3n fueron testigos de la inauguraci\u00f3n del 12\u00b0Foro Juvenil de Di\u00e1logo internacional, Baur International Model United Nations \u201cBIMUN 2025\u201d y \u201cEl Pacto para el Futuro, Pacto Digital Global y Declaraci\u00f3n sobre las Generaciones Futuras\u201d.\u00a0realizado en el municipio de Naucalpan, Estado [&hellip;]","og_url":"https:\/\/somos-hermanos.mx\/index.php\/2025\/08\/04\/inauguran-el-12o-foro-juvenil-de-dialogo-internacional-bimun-2025\/","og_site_name":"Historias que inspiran...","article_publisher":"https:\/\/www.facebook.com\/SomosHermanosIAP\/","article_published_time":"2025-08-04T07:29:59+00:00","og_image":[{"width":806,"height":607,"url":"https:\/\/somos-hermanos.mx\/wp-content\/uploads\/2025\/08\/carol2.jpeg","type":"image\/jpeg"}],"author":"Jes\u00fas Arizmendi","twitter_card":"summary_large_image","twitter_creator":"@Somos__Hermanos","twitter_site":"@Somos__Hermanos","twitter_misc":{"Escrito por":"Jes\u00fas Arizmendi","Tiempo de lectura":"4 minutos"},"schema":{"@context":"https:\/\/schema.org","@graph":[{"@type":"Article","@id":"https:\/\/somos-hermanos.mx\/index.php\/2025\/08\/04\/inauguran-el-12o-foro-juvenil-de-dialogo-internacional-bimun-2025\/#article","isPartOf":{"@id":"https:\/\/somos-hermanos.mx\/index.php\/2025\/08\/04\/inauguran-el-12o-foro-juvenil-de-dialogo-internacional-bimun-2025\/"},"author":{"name":"Jes\u00fas Arizmendi","@id":"https:\/\/somos-hermanos.mx\/#\/schema\/person\/945cdfed39314d9db1242f593aecb908"},"headline":"Inauguran el 12\u00ba Foro Juvenil de Di\u00e1logo internacional \u201cBIMUN 2025\u201d","datePublished":"2025-08-04T07:29:59+00:00","mainEntityOfPage":{"@id":"https:\/\/somos-hermanos.mx\/index.php\/2025\/08\/04\/inauguran-el-12o-foro-juvenil-de-dialogo-internacional-bimun-2025\/"},"wordCount":673,"commentCount":0,"publisher":{"@id":"https:\/\/somos-hermanos.mx\/#organization"},"image":{"@id":"https:\/\/somos-hermanos.mx\/index.php\/2025\/08\/04\/inauguran-el-12o-foro-juvenil-de-dialogo-internacional-bimun-2025\/#primaryimage"},"thumbnailUrl":"https:\/\/somos-hermanos.mx\/wp-content\/uploads\/2025\/08\/carol2.jpeg","articleSection":["Noticias"],"inLanguage":"es","potentialAction":[{"@type":"CommentAction","name":"Comment","target":["https:\/\/somos-hermanos.mx\/index.php\/2025\/08\/04\/inauguran-el-12o-foro-juvenil-de-dialogo-internacional-bimun-2025\/#respond"]}]},{"@type":"WebPage","@id":"https:\/\/somos-hermanos.mx\/index.php\/2025\/08\/04\/inauguran-el-12o-foro-juvenil-de-dialogo-internacional-bimun-2025\/","url":"https:\/\/somos-hermanos.mx\/index.php\/2025\/08\/04\/inauguran-el-12o-foro-juvenil-de-dialogo-internacional-bimun-2025\/","name":"Inauguran el 12\u00ba Foro Juvenil de Di\u00e1logo internacional \u201cBIMUN 2025\u201d - Historias que inspiran...","isPartOf":{"@id":"https:\/\/somos-hermanos.mx\/#website"},"primaryImageOfPage":{"@id":"https:\/\/somos-hermanos.mx\/index.php\/2025\/08\/04\/inauguran-el-12o-foro-juvenil-de-dialogo-internacional-bimun-2025\/#primaryimage"},"image":{"@id":"https:\/\/somos-hermanos.mx\/index.php\/2025\/08\/04\/inauguran-el-12o-foro-juvenil-de-dialogo-internacional-bimun-2025\/#primaryimage"},"thumbnailUrl":"https:\/\/somos-hermanos.mx\/wp-content\/uploads\/2025\/08\/carol2.jpeg","datePublished":"2025-08-04T07:29:59+00:00","breadcrumb":{"@id":"https:\/\/somos-hermanos.mx\/index.php\/2025\/08\/04\/inauguran-el-12o-foro-juvenil-de-dialogo-internacional-bimun-2025\/#breadcrumb"},"inLanguage":"es","potentialAction":[{"@type":"ReadAction","target":["https:\/\/somos-hermanos.mx\/index.php\/2025\/08\/04\/inauguran-el-12o-foro-juvenil-de-dialogo-internacional-bimun-2025\/"]}]},{"@type":"ImageObject","inLanguage":"es","@id":"https:\/\/somos-hermanos.mx\/index.php\/2025\/08\/04\/inauguran-el-12o-foro-juvenil-de-dialogo-internacional-bimun-2025\/#primaryimage","url":"https:\/\/somos-hermanos.mx\/wp-content\/uploads\/2025\/08\/carol2.jpeg","contentUrl":"https:\/\/somos-hermanos.mx\/wp-content\/uploads\/2025\/08\/carol2.jpeg","width":806,"height":607},{"@type":"BreadcrumbList","@id":"https:\/\/somos-hermanos.mx\/index.php\/2025\/08\/04\/inauguran-el-12o-foro-juvenil-de-dialogo-internacional-bimun-2025\/#breadcrumb","itemListElement":[{"@type":"ListItem","position":1,"name":"Inicio","item":"https:\/\/somos-hermanos.mx\/"},{"@type":"ListItem","position":2,"name":"Inauguran el 12\u00ba Foro Juvenil de Di\u00e1logo internacional \u201cBIMUN 2025\u201d"}]},{"@type":"WebSite","@id":"https:\/\/somos-hermanos.mx\/#website","url":"https:\/\/somos-hermanos.mx\/","name":"Historias que inspiran...","description":"Somos la voz del altruismo en M\u00e9xico","publisher":{"@id":"https:\/\/somos-hermanos.mx\/#organization"},"potentialAction":[{"@type":"SearchAction","target":{"@type":"EntryPoint","urlTemplate":"https:\/\/somos-hermanos.mx\/?s={search_term_string}"},"query-input":{"@type":"PropertyValueSpecification","valueRequired":true,"valueName":"search_term_string"}}],"inLanguage":"es"},{"@type":"Organization","@id":"https:\/\/somos-hermanos.mx\/#organization","name":"Somos Hermanos","url":"https:\/\/somos-hermanos.mx\/","logo":{"@type":"ImageObject","inLanguage":"es","@id":"https:\/\/somos-hermanos.mx\/#\/schema\/logo\/image\/","url":"https:\/\/somos-hermanos.mx\/wp-content\/uploads\/2025\/08\/SH30-1.jpeg","contentUrl":"https:\/\/somos-hermanos.mx\/wp-content\/uploads\/2025\/08\/SH30-1.jpeg","width":1600,"height":1142,"caption":"Somos Hermanos"},"image":{"@id":"https:\/\/somos-hermanos.mx\/#\/schema\/logo\/image\/"},"sameAs":["https:\/\/www.facebook.com\/SomosHermanosIAP\/","https:\/\/x.com\/Somos__Hermanos","https:\/\/www.instagram.com\/somos__hermanos\/#","https:\/\/www.tiktok.com\/@somoshermanosiap","https:\/\/www.youtube.com\/@somoshermanosiap1201\/videos"]},{"@type":"Person","@id":"https:\/\/somos-hermanos.mx\/#\/schema\/person\/945cdfed39314d9db1242f593aecb908","name":"Jes\u00fas Arizmendi","image":{"@type":"ImageObject","inLanguage":"es","@id":"https:\/\/secure.gravatar.com\/avatar\/9d2f2284f2cc108aae42b8fdb13afa29b801f64001b731516b830e4926cc1b4b?s=96&d=mm&r=g","url":"https:\/\/secure.gravatar.com\/avatar\/9d2f2284f2cc108aae42b8fdb13afa29b801f64001b731516b830e4926cc1b4b?s=96&d=mm&r=g","contentUrl":"https:\/\/secure.gravatar.com\/avatar\/9d2f2284f2cc108aae42b8fdb13afa29b801f64001b731516b830e4926cc1b4b?s=96&d=mm&r=g","caption":"Jes\u00fas Arizmendi"},"url":"https:\/\/somos-hermanos.mx\/index.php\/author\/jesus-arizmendi\/"}]}},"_links":{"self":[{"href":"https:\/\/somos-hermanos.mx\/index.php\/wp-json\/wp\/v2\/posts\/634","targetHints":{"allow":["GET"]}}],"collection":[{"href":"https:\/\/somos-hermanos.mx\/index.php\/wp-json\/wp\/v2\/posts"}],"about":[{"href":"https:\/\/somos-hermanos.mx\/index.php\/wp-json\/wp\/v2\/types\/post"}],"author":[{"embeddable":true,"href":"https:\/\/somos-hermanos.mx\/index.php\/wp-json\/wp\/v2\/users\/8"}],"replies":[{"embeddable":true,"href":"https:\/\/somos-hermanos.mx\/index.php\/wp-json\/wp\/v2\/comments?post=634"}],"version-history":[{"count":1,"href":"https:\/\/somos-hermanos.mx\/index.php\/wp-json\/wp\/v2\/posts\/634\/revisions"}],"predecessor-version":[{"id":636,"href":"https:\/\/somos-hermanos.mx\/index.php\/wp-json\/wp\/v2\/posts\/634\/revisions\/636"}],"wp:featuredmedia":[{"embeddable":true,"href":"https:\/\/somos-hermanos.mx\/index.php\/wp-json\/wp\/v2\/media\/635"}],"wp:attachment":[{"href":"https:\/\/somos-hermanos.mx\/index.php\/wp-json\/wp\/v2\/media?parent=634"}],"wp:term":[{"taxonomy":"category","embeddable":true,"href":"https:\/\/somos-hermanos.mx\/index.php\/wp-json\/wp\/v2\/categories?post=634"},{"taxonomy":"post_tag","embeddable":true,"href":"https:\/\/somos-hermanos.mx\/index.php\/wp-json\/wp\/v2\/tags?post=634"}],"curies":[{"name":"wp","href":"https:\/\/api.w.org\/{rel}","templated":true}]}}