{"id":631,"date":"2025-08-04T01:28:51","date_gmt":"2025-08-04T07:28:51","guid":{"rendered":"https:\/\/somos-hermanos.mx\/?p=631"},"modified":"2025-08-04T01:28:51","modified_gmt":"2025-08-04T07:28:51","slug":"preservan-arte-del-escultor-sebastian-a-traves-de-su-fundacion","status":"publish","type":"post","link":"https:\/\/somos-hermanos.mx\/index.php\/2025\/08\/04\/preservan-arte-del-escultor-sebastian-a-traves-de-su-fundacion\/","title":{"rendered":"Preservan arte del escultor Sebastian a trav\u00e9s de su fundaci\u00f3n"},"content":{"rendered":"<p>La Fundaci\u00f3n Sebasti\u00e1n AC es una organizaci\u00f3n civil sin fines de lucro dedicada a la <strong>preservaci\u00f3n y promoci\u00f3n del legado art\u00edstico del escultor mexicano Sebasti\u00e1n. <\/strong>Desde su creaci\u00f3n en 1997, ha desempe\u00f1ado un papel fundamental en la difusi\u00f3n de la cultura y las artes en M\u00e9xico, estableciendo espacios y proyectos que han enriquecido el panorama art\u00edstico nacional.<\/p>\n<p>Su labor no solo se ha limitado a la exhibici\u00f3n y conservaci\u00f3n de la obra del escultor, <strong>sino que ha evolucionado hasta convertirse en un centro cultural de referencia,<\/strong>\u00a0albergando una diversidad de expresiones art\u00edsticas y fomentando la participaci\u00f3n de nuevos talentos en disciplinas como la m\u00fasica, el teatro, la danza y las artes visuales.<\/p>\n<p>Uno de los logros m\u00e1s significativos de la fundaci\u00f3n ha sido la creaci\u00f3n de proyectos a nivel nacional, como concursos de escultura y corredores escult\u00f3ricos urbanos en colaboraci\u00f3n con instituciones p\u00fablicas y privadas. Gracias a estos esfuerzos, m\u00e1s de 50 esculturas de artistas nacionales e internacionales han sido instaladas en diversos puntos de la Rep\u00fablica Mexicana, <strong>contribuyendo al embellecimiento de los espacios p\u00fablicos y al acceso a la cultura para un amplio sector de la poblaci\u00f3n. <\/strong><\/p>\n<p>Este compromiso con la expansi\u00f3n del arte en el \u00e1mbito urbano ha permitido que la obra escult\u00f3rica trascienda las galer\u00edas y llegue a la vida cotidiana de las personas.<\/p>\n<p>Con el paso de los a\u00f1os, la fundaci\u00f3n ha ampliado su infraestructura para albergar una mayor diversidad de expresiones culturales. En su sede, adem\u00e1s de salas de exposici\u00f3n, cuenta con una explanada de usos m\u00faltiples y un espacio esc\u00e9nico multidisciplinario que ha acogido presentaciones de teatro, danza, performance y m\u00fasica.<\/p>\n<p>En este \u00faltimo \u00e1mbito, la fundaci\u00f3n <strong>se ha consolidado como un referente dentro del circuito de m\u00fasica independiente en M\u00e9xico,<\/strong>\u00a0organizando ciclos de conciertos, festivales y encuentros que han reunido a artistas de trayectoria nacional e internacional, as\u00ed como a nuevas propuestas emergentes de gran calidad.<\/p>\n<p>Entre los eventos m\u00e1s destacados se encuentran el Festival Internacional Primavera Jazz, el Encuentro de Percusi\u00f3n Contempor\u00e1nea Zeferino Nandayapa y Mestizantes, un festival dedicado a la m\u00fasica mexicana de fusi\u00f3n.<\/p>\n<p>Adem\u00e1s de su labor en la promoci\u00f3n de las artes, la Fundaci\u00f3n Sebastian ha desarrollado una serie de colaboraciones estrat\u00e9gicas con instituciones acad\u00e9micas y culturales como la Universidad Aut\u00f3noma Metropolitana, la Universidad Aut\u00f3noma de Puebla y el Instituto Polit\u00e9cnico Nacional.<\/p>\n<p>Estas alianzas han permitido la realizaci\u00f3n de exposiciones, coediciones de fonogramas y videos, as\u00ed como el apoyo a grupos de m\u00fasica y teatro, facilitando el desarrollo de sus proyectos en las instalaciones de la fundaci\u00f3n. En su compromiso con la internacionalizaci\u00f3n de las artes, ha implementado el programa Artista en Residencia, que ha contado con la participaci\u00f3n de creadores provenientes de pa\u00edses como Malasia, Filipinas y Espa\u00f1a.<\/p>\n<p>La fundaci\u00f3n tambi\u00e9n ha desempe\u00f1ado un papel clave en la conservaci\u00f3n y difusi\u00f3n de la obra de Sebastian, promoviendo concursos de escultura, organizando exposiciones nacionales e internacionales y publicando una veintena de libros sobre su trabajo.<\/p>\n<p>Asimismo, <strong>ha instaurado la Medalla de la Fundaci\u00f3n Sebastian, un reconocimiento otorgado a creadores fundamentales del arte a nivel mundial, <\/strong>dise\u00f1ada por el propio artista como un homenaje a la excelencia y la innovaci\u00f3n en el \u00e1mbito cultural.<\/p>\n<p>Actualmente, la Fundaci\u00f3n Sebasti\u00e1n contin\u00faa su labor con un calendario din\u00e1mico de actividades, incluyendo la organizaci\u00f3n de exposiciones temporales en sus galer\u00edas y la realizaci\u00f3n de conciertos en su foro, con capacidad para 200 personas.<\/p>\n<p>Desde 2011, se ha convertido en la sede oficial del Festival Internacional Primavera Jazz, reafirmando su papel como un espacio vital para la m\u00fasica en M\u00e9xico.<\/p>\n<p>Adem\u00e1s, ha impulsado iniciativas de educaci\u00f3n art\u00edstica, ofreciendo talleres de cer\u00e1mica, grabado, fotograf\u00eda y artes esc\u00e9nicas, as\u00ed como programas de formaci\u00f3n en artes visuales, m\u00fasica y producci\u00f3n esc\u00e9nica. Estas acciones reflejan su compromiso con la ense\u00f1anza y la democratizaci\u00f3n del acceso a la cultura.<\/p>\n<p>El trabajo de la Fundaci\u00f3n Sebastian se sostiene gracias al esfuerzo conjunto de un equipo comprometido con la promoci\u00f3n art\u00edstica, bajo la visi\u00f3n de un creador que concibe el arte como un legado eterno. A trav\u00e9s de su incansable labor, la fundaci\u00f3n ha logrado consolidarse como un pilar fundamental en la difusi\u00f3n del arte y la cultura en M\u00e9xico, abriendo espacios para la creatividad, la innovaci\u00f3n y el encuentro entre generaciones de artistas y p\u00fablico.<\/p>\n","protected":false},"excerpt":{"rendered":"<p>La Fundaci\u00f3n Sebasti\u00e1n AC es una organizaci\u00f3n civil sin fines de lucro dedicada a la preservaci\u00f3n y promoci\u00f3n del legado art\u00edstico del escultor mexicano Sebasti\u00e1n. Desde su creaci\u00f3n en 1997, ha desempe\u00f1ado un papel fundamental en la difusi\u00f3n de la cultura y las artes en M\u00e9xico, estableciendo espacios y proyectos que han enriquecido el panorama [&hellip;]<\/p>\n","protected":false},"author":12,"featured_media":632,"comment_status":"open","ping_status":"closed","sticky":false,"template":"","format":"standard","meta":{"footnotes":""},"categories":[6],"tags":[],"class_list":["post-631","post","type-post","status-publish","format-standard","has-post-thumbnail","hentry","category-noticias"],"yoast_head":"<!-- This site is optimized with the Yoast SEO plugin v27.4 - https:\/\/yoast.com\/product\/yoast-seo-wordpress\/ -->\n<title>Preservan arte del escultor Sebastian a trav\u00e9s de su fundaci\u00f3n - Historias que inspiran...<\/title>\n<meta name=\"robots\" content=\"index, follow, max-snippet:-1, max-image-preview:large, max-video-preview:-1\" \/>\n<link rel=\"canonical\" href=\"https:\/\/somos-hermanos.mx\/index.php\/2025\/08\/04\/preservan-arte-del-escultor-sebastian-a-traves-de-su-fundacion\/\" \/>\n<meta property=\"og:locale\" content=\"es_MX\" \/>\n<meta property=\"og:type\" content=\"article\" \/>\n<meta property=\"og:title\" content=\"Preservan arte del escultor Sebastian a trav\u00e9s de su fundaci\u00f3n - Historias que inspiran...\" \/>\n<meta property=\"og:description\" content=\"La Fundaci\u00f3n Sebasti\u00e1n AC es una organizaci\u00f3n civil sin fines de lucro dedicada a la preservaci\u00f3n y promoci\u00f3n del legado art\u00edstico del escultor mexicano Sebasti\u00e1n. Desde su creaci\u00f3n en 1997, ha desempe\u00f1ado un papel fundamental en la difusi\u00f3n de la cultura y las artes en M\u00e9xico, estableciendo espacios y proyectos que han enriquecido el panorama [&hellip;]\" \/>\n<meta property=\"og:url\" content=\"https:\/\/somos-hermanos.mx\/index.php\/2025\/08\/04\/preservan-arte-del-escultor-sebastian-a-traves-de-su-fundacion\/\" \/>\n<meta property=\"og:site_name\" content=\"Historias que inspiran...\" \/>\n<meta property=\"article:publisher\" content=\"https:\/\/www.facebook.com\/SomosHermanosIAP\/\" \/>\n<meta property=\"article:published_time\" content=\"2025-08-04T07:28:51+00:00\" \/>\n<meta property=\"og:image\" content=\"https:\/\/somos-hermanos.mx\/wp-content\/uploads\/2025\/08\/sebast2.jpeg\" \/>\n\t<meta property=\"og:image:width\" content=\"960\" \/>\n\t<meta property=\"og:image:height\" content=\"720\" \/>\n\t<meta property=\"og:image:type\" content=\"image\/jpeg\" \/>\n<meta name=\"author\" content=\"Natalia Rod Mart\u00ednez\" \/>\n<meta name=\"twitter:card\" content=\"summary_large_image\" \/>\n<meta name=\"twitter:creator\" content=\"@Somos__Hermanos\" \/>\n<meta name=\"twitter:site\" content=\"@Somos__Hermanos\" \/>\n<meta name=\"twitter:label1\" content=\"Escrito por\" \/>\n\t<meta name=\"twitter:data1\" content=\"Natalia Rod Mart\u00ednez\" \/>\n\t<meta name=\"twitter:label2\" content=\"Tiempo de lectura\" \/>\n\t<meta name=\"twitter:data2\" content=\"4 minutos\" \/>\n<script type=\"application\/ld+json\" class=\"yoast-schema-graph\">{\"@context\":\"https:\\\/\\\/schema.org\",\"@graph\":[{\"@type\":\"Article\",\"@id\":\"https:\\\/\\\/somos-hermanos.mx\\\/index.php\\\/2025\\\/08\\\/04\\\/preservan-arte-del-escultor-sebastian-a-traves-de-su-fundacion\\\/#article\",\"isPartOf\":{\"@id\":\"https:\\\/\\\/somos-hermanos.mx\\\/index.php\\\/2025\\\/08\\\/04\\\/preservan-arte-del-escultor-sebastian-a-traves-de-su-fundacion\\\/\"},\"author\":{\"name\":\"Natalia Rod Mart\u00ednez\",\"@id\":\"https:\\\/\\\/somos-hermanos.mx\\\/#\\\/schema\\\/person\\\/6c97677ace2633f0180a22e6a014bc84\"},\"headline\":\"Preservan arte del escultor Sebastian a trav\u00e9s de su fundaci\u00f3n\",\"datePublished\":\"2025-08-04T07:28:51+00:00\",\"mainEntityOfPage\":{\"@id\":\"https:\\\/\\\/somos-hermanos.mx\\\/index.php\\\/2025\\\/08\\\/04\\\/preservan-arte-del-escultor-sebastian-a-traves-de-su-fundacion\\\/\"},\"wordCount\":811,\"commentCount\":0,\"publisher\":{\"@id\":\"https:\\\/\\\/somos-hermanos.mx\\\/#organization\"},\"image\":{\"@id\":\"https:\\\/\\\/somos-hermanos.mx\\\/index.php\\\/2025\\\/08\\\/04\\\/preservan-arte-del-escultor-sebastian-a-traves-de-su-fundacion\\\/#primaryimage\"},\"thumbnailUrl\":\"https:\\\/\\\/somos-hermanos.mx\\\/wp-content\\\/uploads\\\/2025\\\/08\\\/sebast2.jpeg\",\"articleSection\":[\"Noticias\"],\"inLanguage\":\"es\",\"potentialAction\":[{\"@type\":\"CommentAction\",\"name\":\"Comment\",\"target\":[\"https:\\\/\\\/somos-hermanos.mx\\\/index.php\\\/2025\\\/08\\\/04\\\/preservan-arte-del-escultor-sebastian-a-traves-de-su-fundacion\\\/#respond\"]}]},{\"@type\":\"WebPage\",\"@id\":\"https:\\\/\\\/somos-hermanos.mx\\\/index.php\\\/2025\\\/08\\\/04\\\/preservan-arte-del-escultor-sebastian-a-traves-de-su-fundacion\\\/\",\"url\":\"https:\\\/\\\/somos-hermanos.mx\\\/index.php\\\/2025\\\/08\\\/04\\\/preservan-arte-del-escultor-sebastian-a-traves-de-su-fundacion\\\/\",\"name\":\"Preservan arte del escultor Sebastian a trav\u00e9s de su fundaci\u00f3n - Historias que inspiran...\",\"isPartOf\":{\"@id\":\"https:\\\/\\\/somos-hermanos.mx\\\/#website\"},\"primaryImageOfPage\":{\"@id\":\"https:\\\/\\\/somos-hermanos.mx\\\/index.php\\\/2025\\\/08\\\/04\\\/preservan-arte-del-escultor-sebastian-a-traves-de-su-fundacion\\\/#primaryimage\"},\"image\":{\"@id\":\"https:\\\/\\\/somos-hermanos.mx\\\/index.php\\\/2025\\\/08\\\/04\\\/preservan-arte-del-escultor-sebastian-a-traves-de-su-fundacion\\\/#primaryimage\"},\"thumbnailUrl\":\"https:\\\/\\\/somos-hermanos.mx\\\/wp-content\\\/uploads\\\/2025\\\/08\\\/sebast2.jpeg\",\"datePublished\":\"2025-08-04T07:28:51+00:00\",\"breadcrumb\":{\"@id\":\"https:\\\/\\\/somos-hermanos.mx\\\/index.php\\\/2025\\\/08\\\/04\\\/preservan-arte-del-escultor-sebastian-a-traves-de-su-fundacion\\\/#breadcrumb\"},\"inLanguage\":\"es\",\"potentialAction\":[{\"@type\":\"ReadAction\",\"target\":[\"https:\\\/\\\/somos-hermanos.mx\\\/index.php\\\/2025\\\/08\\\/04\\\/preservan-arte-del-escultor-sebastian-a-traves-de-su-fundacion\\\/\"]}]},{\"@type\":\"ImageObject\",\"inLanguage\":\"es\",\"@id\":\"https:\\\/\\\/somos-hermanos.mx\\\/index.php\\\/2025\\\/08\\\/04\\\/preservan-arte-del-escultor-sebastian-a-traves-de-su-fundacion\\\/#primaryimage\",\"url\":\"https:\\\/\\\/somos-hermanos.mx\\\/wp-content\\\/uploads\\\/2025\\\/08\\\/sebast2.jpeg\",\"contentUrl\":\"https:\\\/\\\/somos-hermanos.mx\\\/wp-content\\\/uploads\\\/2025\\\/08\\\/sebast2.jpeg\",\"width\":960,\"height\":720},{\"@type\":\"BreadcrumbList\",\"@id\":\"https:\\\/\\\/somos-hermanos.mx\\\/index.php\\\/2025\\\/08\\\/04\\\/preservan-arte-del-escultor-sebastian-a-traves-de-su-fundacion\\\/#breadcrumb\",\"itemListElement\":[{\"@type\":\"ListItem\",\"position\":1,\"name\":\"Inicio\",\"item\":\"https:\\\/\\\/somos-hermanos.mx\\\/\"},{\"@type\":\"ListItem\",\"position\":2,\"name\":\"Preservan arte del escultor Sebastian a trav\u00e9s de su fundaci\u00f3n\"}]},{\"@type\":\"WebSite\",\"@id\":\"https:\\\/\\\/somos-hermanos.mx\\\/#website\",\"url\":\"https:\\\/\\\/somos-hermanos.mx\\\/\",\"name\":\"Historias que inspiran...\",\"description\":\"Somos la voz del altruismo en M\u00e9xico\",\"publisher\":{\"@id\":\"https:\\\/\\\/somos-hermanos.mx\\\/#organization\"},\"potentialAction\":[{\"@type\":\"SearchAction\",\"target\":{\"@type\":\"EntryPoint\",\"urlTemplate\":\"https:\\\/\\\/somos-hermanos.mx\\\/?s={search_term_string}\"},\"query-input\":{\"@type\":\"PropertyValueSpecification\",\"valueRequired\":true,\"valueName\":\"search_term_string\"}}],\"inLanguage\":\"es\"},{\"@type\":\"Organization\",\"@id\":\"https:\\\/\\\/somos-hermanos.mx\\\/#organization\",\"name\":\"Somos Hermanos\",\"url\":\"https:\\\/\\\/somos-hermanos.mx\\\/\",\"logo\":{\"@type\":\"ImageObject\",\"inLanguage\":\"es\",\"@id\":\"https:\\\/\\\/somos-hermanos.mx\\\/#\\\/schema\\\/logo\\\/image\\\/\",\"url\":\"https:\\\/\\\/somos-hermanos.mx\\\/wp-content\\\/uploads\\\/2025\\\/08\\\/SH30-1.jpeg\",\"contentUrl\":\"https:\\\/\\\/somos-hermanos.mx\\\/wp-content\\\/uploads\\\/2025\\\/08\\\/SH30-1.jpeg\",\"width\":1600,\"height\":1142,\"caption\":\"Somos Hermanos\"},\"image\":{\"@id\":\"https:\\\/\\\/somos-hermanos.mx\\\/#\\\/schema\\\/logo\\\/image\\\/\"},\"sameAs\":[\"https:\\\/\\\/www.facebook.com\\\/SomosHermanosIAP\\\/\",\"https:\\\/\\\/x.com\\\/Somos__Hermanos\",\"https:\\\/\\\/www.instagram.com\\\/somos__hermanos\\\/#\",\"https:\\\/\\\/www.tiktok.com\\\/@somoshermanosiap\",\"https:\\\/\\\/www.youtube.com\\\/@somoshermanosiap1201\\\/videos\"]},{\"@type\":\"Person\",\"@id\":\"https:\\\/\\\/somos-hermanos.mx\\\/#\\\/schema\\\/person\\\/6c97677ace2633f0180a22e6a014bc84\",\"name\":\"Natalia Rod Mart\u00ednez\",\"image\":{\"@type\":\"ImageObject\",\"inLanguage\":\"es\",\"@id\":\"https:\\\/\\\/secure.gravatar.com\\\/avatar\\\/03cc03fea3bd43b1cadbb95410c97441b5b920febdcd7364941441ae12fffd48?s=96&d=mm&r=g\",\"url\":\"https:\\\/\\\/secure.gravatar.com\\\/avatar\\\/03cc03fea3bd43b1cadbb95410c97441b5b920febdcd7364941441ae12fffd48?s=96&d=mm&r=g\",\"contentUrl\":\"https:\\\/\\\/secure.gravatar.com\\\/avatar\\\/03cc03fea3bd43b1cadbb95410c97441b5b920febdcd7364941441ae12fffd48?s=96&d=mm&r=g\",\"caption\":\"Natalia Rod Mart\u00ednez\"},\"url\":\"https:\\\/\\\/somos-hermanos.mx\\\/index.php\\\/author\\\/natalia-rod-martinez\\\/\"}]}<\/script>\n<!-- \/ Yoast SEO plugin. -->","yoast_head_json":{"title":"Preservan arte del escultor Sebastian a trav\u00e9s de su fundaci\u00f3n - Historias que inspiran...","robots":{"index":"index","follow":"follow","max-snippet":"max-snippet:-1","max-image-preview":"max-image-preview:large","max-video-preview":"max-video-preview:-1"},"canonical":"https:\/\/somos-hermanos.mx\/index.php\/2025\/08\/04\/preservan-arte-del-escultor-sebastian-a-traves-de-su-fundacion\/","og_locale":"es_MX","og_type":"article","og_title":"Preservan arte del escultor Sebastian a trav\u00e9s de su fundaci\u00f3n - Historias que inspiran...","og_description":"La Fundaci\u00f3n Sebasti\u00e1n AC es una organizaci\u00f3n civil sin fines de lucro dedicada a la preservaci\u00f3n y promoci\u00f3n del legado art\u00edstico del escultor mexicano Sebasti\u00e1n. Desde su creaci\u00f3n en 1997, ha desempe\u00f1ado un papel fundamental en la difusi\u00f3n de la cultura y las artes en M\u00e9xico, estableciendo espacios y proyectos que han enriquecido el panorama [&hellip;]","og_url":"https:\/\/somos-hermanos.mx\/index.php\/2025\/08\/04\/preservan-arte-del-escultor-sebastian-a-traves-de-su-fundacion\/","og_site_name":"Historias que inspiran...","article_publisher":"https:\/\/www.facebook.com\/SomosHermanosIAP\/","article_published_time":"2025-08-04T07:28:51+00:00","og_image":[{"width":960,"height":720,"url":"https:\/\/somos-hermanos.mx\/wp-content\/uploads\/2025\/08\/sebast2.jpeg","type":"image\/jpeg"}],"author":"Natalia Rod Mart\u00ednez","twitter_card":"summary_large_image","twitter_creator":"@Somos__Hermanos","twitter_site":"@Somos__Hermanos","twitter_misc":{"Escrito por":"Natalia Rod Mart\u00ednez","Tiempo de lectura":"4 minutos"},"schema":{"@context":"https:\/\/schema.org","@graph":[{"@type":"Article","@id":"https:\/\/somos-hermanos.mx\/index.php\/2025\/08\/04\/preservan-arte-del-escultor-sebastian-a-traves-de-su-fundacion\/#article","isPartOf":{"@id":"https:\/\/somos-hermanos.mx\/index.php\/2025\/08\/04\/preservan-arte-del-escultor-sebastian-a-traves-de-su-fundacion\/"},"author":{"name":"Natalia Rod Mart\u00ednez","@id":"https:\/\/somos-hermanos.mx\/#\/schema\/person\/6c97677ace2633f0180a22e6a014bc84"},"headline":"Preservan arte del escultor Sebastian a trav\u00e9s de su fundaci\u00f3n","datePublished":"2025-08-04T07:28:51+00:00","mainEntityOfPage":{"@id":"https:\/\/somos-hermanos.mx\/index.php\/2025\/08\/04\/preservan-arte-del-escultor-sebastian-a-traves-de-su-fundacion\/"},"wordCount":811,"commentCount":0,"publisher":{"@id":"https:\/\/somos-hermanos.mx\/#organization"},"image":{"@id":"https:\/\/somos-hermanos.mx\/index.php\/2025\/08\/04\/preservan-arte-del-escultor-sebastian-a-traves-de-su-fundacion\/#primaryimage"},"thumbnailUrl":"https:\/\/somos-hermanos.mx\/wp-content\/uploads\/2025\/08\/sebast2.jpeg","articleSection":["Noticias"],"inLanguage":"es","potentialAction":[{"@type":"CommentAction","name":"Comment","target":["https:\/\/somos-hermanos.mx\/index.php\/2025\/08\/04\/preservan-arte-del-escultor-sebastian-a-traves-de-su-fundacion\/#respond"]}]},{"@type":"WebPage","@id":"https:\/\/somos-hermanos.mx\/index.php\/2025\/08\/04\/preservan-arte-del-escultor-sebastian-a-traves-de-su-fundacion\/","url":"https:\/\/somos-hermanos.mx\/index.php\/2025\/08\/04\/preservan-arte-del-escultor-sebastian-a-traves-de-su-fundacion\/","name":"Preservan arte del escultor Sebastian a trav\u00e9s de su fundaci\u00f3n - Historias que inspiran...","isPartOf":{"@id":"https:\/\/somos-hermanos.mx\/#website"},"primaryImageOfPage":{"@id":"https:\/\/somos-hermanos.mx\/index.php\/2025\/08\/04\/preservan-arte-del-escultor-sebastian-a-traves-de-su-fundacion\/#primaryimage"},"image":{"@id":"https:\/\/somos-hermanos.mx\/index.php\/2025\/08\/04\/preservan-arte-del-escultor-sebastian-a-traves-de-su-fundacion\/#primaryimage"},"thumbnailUrl":"https:\/\/somos-hermanos.mx\/wp-content\/uploads\/2025\/08\/sebast2.jpeg","datePublished":"2025-08-04T07:28:51+00:00","breadcrumb":{"@id":"https:\/\/somos-hermanos.mx\/index.php\/2025\/08\/04\/preservan-arte-del-escultor-sebastian-a-traves-de-su-fundacion\/#breadcrumb"},"inLanguage":"es","potentialAction":[{"@type":"ReadAction","target":["https:\/\/somos-hermanos.mx\/index.php\/2025\/08\/04\/preservan-arte-del-escultor-sebastian-a-traves-de-su-fundacion\/"]}]},{"@type":"ImageObject","inLanguage":"es","@id":"https:\/\/somos-hermanos.mx\/index.php\/2025\/08\/04\/preservan-arte-del-escultor-sebastian-a-traves-de-su-fundacion\/#primaryimage","url":"https:\/\/somos-hermanos.mx\/wp-content\/uploads\/2025\/08\/sebast2.jpeg","contentUrl":"https:\/\/somos-hermanos.mx\/wp-content\/uploads\/2025\/08\/sebast2.jpeg","width":960,"height":720},{"@type":"BreadcrumbList","@id":"https:\/\/somos-hermanos.mx\/index.php\/2025\/08\/04\/preservan-arte-del-escultor-sebastian-a-traves-de-su-fundacion\/#breadcrumb","itemListElement":[{"@type":"ListItem","position":1,"name":"Inicio","item":"https:\/\/somos-hermanos.mx\/"},{"@type":"ListItem","position":2,"name":"Preservan arte del escultor Sebastian a trav\u00e9s de su fundaci\u00f3n"}]},{"@type":"WebSite","@id":"https:\/\/somos-hermanos.mx\/#website","url":"https:\/\/somos-hermanos.mx\/","name":"Historias que inspiran...","description":"Somos la voz del altruismo en M\u00e9xico","publisher":{"@id":"https:\/\/somos-hermanos.mx\/#organization"},"potentialAction":[{"@type":"SearchAction","target":{"@type":"EntryPoint","urlTemplate":"https:\/\/somos-hermanos.mx\/?s={search_term_string}"},"query-input":{"@type":"PropertyValueSpecification","valueRequired":true,"valueName":"search_term_string"}}],"inLanguage":"es"},{"@type":"Organization","@id":"https:\/\/somos-hermanos.mx\/#organization","name":"Somos Hermanos","url":"https:\/\/somos-hermanos.mx\/","logo":{"@type":"ImageObject","inLanguage":"es","@id":"https:\/\/somos-hermanos.mx\/#\/schema\/logo\/image\/","url":"https:\/\/somos-hermanos.mx\/wp-content\/uploads\/2025\/08\/SH30-1.jpeg","contentUrl":"https:\/\/somos-hermanos.mx\/wp-content\/uploads\/2025\/08\/SH30-1.jpeg","width":1600,"height":1142,"caption":"Somos Hermanos"},"image":{"@id":"https:\/\/somos-hermanos.mx\/#\/schema\/logo\/image\/"},"sameAs":["https:\/\/www.facebook.com\/SomosHermanosIAP\/","https:\/\/x.com\/Somos__Hermanos","https:\/\/www.instagram.com\/somos__hermanos\/#","https:\/\/www.tiktok.com\/@somoshermanosiap","https:\/\/www.youtube.com\/@somoshermanosiap1201\/videos"]},{"@type":"Person","@id":"https:\/\/somos-hermanos.mx\/#\/schema\/person\/6c97677ace2633f0180a22e6a014bc84","name":"Natalia Rod Mart\u00ednez","image":{"@type":"ImageObject","inLanguage":"es","@id":"https:\/\/secure.gravatar.com\/avatar\/03cc03fea3bd43b1cadbb95410c97441b5b920febdcd7364941441ae12fffd48?s=96&d=mm&r=g","url":"https:\/\/secure.gravatar.com\/avatar\/03cc03fea3bd43b1cadbb95410c97441b5b920febdcd7364941441ae12fffd48?s=96&d=mm&r=g","contentUrl":"https:\/\/secure.gravatar.com\/avatar\/03cc03fea3bd43b1cadbb95410c97441b5b920febdcd7364941441ae12fffd48?s=96&d=mm&r=g","caption":"Natalia Rod Mart\u00ednez"},"url":"https:\/\/somos-hermanos.mx\/index.php\/author\/natalia-rod-martinez\/"}]}},"_links":{"self":[{"href":"https:\/\/somos-hermanos.mx\/index.php\/wp-json\/wp\/v2\/posts\/631","targetHints":{"allow":["GET"]}}],"collection":[{"href":"https:\/\/somos-hermanos.mx\/index.php\/wp-json\/wp\/v2\/posts"}],"about":[{"href":"https:\/\/somos-hermanos.mx\/index.php\/wp-json\/wp\/v2\/types\/post"}],"author":[{"embeddable":true,"href":"https:\/\/somos-hermanos.mx\/index.php\/wp-json\/wp\/v2\/users\/12"}],"replies":[{"embeddable":true,"href":"https:\/\/somos-hermanos.mx\/index.php\/wp-json\/wp\/v2\/comments?post=631"}],"version-history":[{"count":1,"href":"https:\/\/somos-hermanos.mx\/index.php\/wp-json\/wp\/v2\/posts\/631\/revisions"}],"predecessor-version":[{"id":633,"href":"https:\/\/somos-hermanos.mx\/index.php\/wp-json\/wp\/v2\/posts\/631\/revisions\/633"}],"wp:featuredmedia":[{"embeddable":true,"href":"https:\/\/somos-hermanos.mx\/index.php\/wp-json\/wp\/v2\/media\/632"}],"wp:attachment":[{"href":"https:\/\/somos-hermanos.mx\/index.php\/wp-json\/wp\/v2\/media?parent=631"}],"wp:term":[{"taxonomy":"category","embeddable":true,"href":"https:\/\/somos-hermanos.mx\/index.php\/wp-json\/wp\/v2\/categories?post=631"},{"taxonomy":"post_tag","embeddable":true,"href":"https:\/\/somos-hermanos.mx\/index.php\/wp-json\/wp\/v2\/tags?post=631"}],"curies":[{"name":"wp","href":"https:\/\/api.w.org\/{rel}","templated":true}]}}