{"id":628,"date":"2025-08-04T01:26:48","date_gmt":"2025-08-04T07:26:48","guid":{"rendered":"https:\/\/somos-hermanos.mx\/?p=628"},"modified":"2025-08-04T01:26:48","modified_gmt":"2025-08-04T07:26:48","slug":"rafa-jaime-jaramillo-desafia-a-la-vida","status":"publish","type":"post","link":"https:\/\/somos-hermanos.mx\/index.php\/2025\/08\/04\/rafa-jaime-jaramillo-desafia-a-la-vida\/","title":{"rendered":"Rafa Jaime Jaramillo desaf\u00eda a la vida"},"content":{"rendered":"<p>Historias inspiradoras para una vida mejor es el lema con el que BBVA <strong>Aprendemos Juntos ha logrado una loable iniciativa,<\/strong>\u00a0y esta consiste en dar voz a personas incre\u00edbles para que compartan con el mundo su historia.<\/p>\n<p><strong>Rafa Jaime Jaramillo es una de ellas, <\/strong>siendo un ejemplo de resiliencia y superaci\u00f3n personal. <strong>\u00c9l es un triatleta y alpinista que enfrent\u00f3 el desaf\u00edo llamado c\u00e1ncer<\/strong>\u00a0que <strong>le arrebat\u00f3 la vista a los 18 a\u00f1os.<\/strong><\/p>\n<p>Esto no detuvo a Rafa ni signific\u00f3 un l\u00edmite u obst\u00e1culo, porque lo motivaron a escalar el Everest, completado triatlones y lo llev\u00f3 a ser el primer Ultraman con discapacidad visual en el mundo.<\/p>\n<p>Con esto en mente, Rafa dio inicio a su historia de vida con una contundente frase: <strong>\u201cSi algo define a las grandes historias, son las haza\u00f1as de sus personajes,<\/strong>\u00a0la capacidad que tienen para resolver la forma de pensar, su forma de actuar y c\u00f3mo resuelven esos imposibles que tienen la vida\u201d. Coment\u00f3 Rafa.<\/p>\n<p>El triatleta profundiz\u00f3 en su pasado, esos d\u00edas de su ni\u00f1ez cuando le encantaba jugar con sus amigos y simplemente se divert\u00eda, antes que la vida le jugara una carta de incertidumbre.<\/p>\n<p>As\u00ed fue el inicio y platicando de s\u00ed mismo en tercera persona, Rafa repas\u00f3 esos primeros a\u00f1os cuando la palabra c\u00e1ncer se asom\u00f3 en su vida pero que logr\u00f3 alejarlo por un tiempo.<\/p>\n<p>A\u00f1os m\u00e1s tarde, cuando Rafa cumpli\u00f3 18 y la agresividad de la enfermedad regres\u00f3 se enfrent\u00f3 a la p\u00e9rdida de la vista y con ello, un nuevo camino en su vida.<\/p>\n<p>Han pasado 18 a\u00f1os desde ese momento y Rafa con otros ojos, mentalidad y perspectiva le dice a su Rafa de aquella \u00e9poca que es hora de bajar la guardia, pues es el nuevo quien le toca tomar el tim\u00f3n de este camino lleno de aventuras, ya era hora de dejar de apretar los dientes y ponerle el pecho a la vida.<\/p>\n<p>Los l\u00edmites son una barrera que puede ser decisiva, pero para Rafa no constituyeron un alto, porque al momento de quedar sin vista, se decidi\u00f3 a salir de casa y valerse por s\u00ed mismo.<\/p>\n<p><strong>La inspiraci\u00f3n para Rafa siempre han sido sus padres y esto lo ha llevado a conquistar diversas monta\u00f1as <\/strong>y cada vez superarse como atleta y ser humano, sin perder la fe.<\/p>\n<p>A Rafa le cost\u00f3 aceptar la ceguera y para probar que era valioso, entr\u00f3 al mundo del deporte, pero despu\u00e9s de muchos a\u00f1os se percat\u00f3 que no deb\u00eda probar que era valioso para los dem\u00e1s, sino simplemente abrazar su realidad y aceptarse al 100%.<\/p>\n<p>Rafa realiz\u00f3 un apunte esencial con respecto a la discapacidad, y la defini\u00f3 no como una limitaci\u00f3n f\u00edsica, cognitiva o sensorial, sino el ser conformista y tener esa falta de atrevimiento en la vida.<\/p>\n<p>\u00bfC\u00f3mo una persona con discapacidad visual logra escalar una monta\u00f1a? Esta pregunta de Somos Hermanos fue clave para que Rafa respondiera:<\/p>\n<p>\u201cCuando yo voy a una monta\u00f1a, como ya tengo registros visuales de haber visto por 18 a\u00f1os, al momento de dar un paso ah\u00ed, yo ya me imagin\u00e9 la roca, me imagin\u00e9 las pendientes, escucho todos los elementos que hay a mi alrededor y siento todos los elementos que me rodean y los construyo\u201d. Replic\u00f3 Rafa.<\/p>\n<p><strong>Rafa Jaime Jaramillo es un ejemplo de vida, y su historia es una fuente de inspiraci\u00f3n para todos y nos recuerda lo valioso que es atesorar cada momento.<\/strong><\/p>\n<p><em>Programa completo<\/em><\/p>\n<p><a href=\"https:\/\/www.youtube.com\/clip\/Ugkx9jUvZmfNkdMxjO-36lKAkzlMp7dt3SHW\"><em><u>https:\/\/www.youtube.com\/clip\/Ugkx9jUvZmfNkdMxjO-36lKAkzlMp7dt3SHW<\/u><\/em><\/a><\/p>\n<p><em>Transcripci\u00f3n del programa<\/em><\/p>\n<p><a href=\"https:\/\/aprendemosjuntos.bbva.com\/mx\/especial\/mi-proposito-y-sentido-de-vida\/\"><em><u>https:\/\/aprendemosjuntos.bbva.com\/mx\/especial\/mi-proposito-y-sentido-de-vida\/<\/u><\/em><\/a><\/p>\n<p><em>Facebook | X Rafa Jaime Jaramillo<\/em><\/p>\n<p><a href=\"https:\/\/www.facebook.com\/rafajaimemxoficial\"><em><u>https:\/\/www.facebook.com\/rafajaimemxoficial<\/u><\/em><\/a><\/p>\n<p><a href=\"https:\/\/x.com\/rafajaimemx?lang=es\"><em><u>https:\/\/x.com\/rafajaimemx?lang=es<\/u><\/em><\/a><\/p>\n","protected":false},"excerpt":{"rendered":"<p>Historias inspiradoras para una vida mejor es el lema con el que BBVA Aprendemos Juntos ha logrado una loable iniciativa,\u00a0y esta consiste en dar voz a personas incre\u00edbles para que compartan con el mundo su historia. Rafa Jaime Jaramillo es una de ellas, siendo un ejemplo de resiliencia y superaci\u00f3n personal. \u00c9l es un triatleta [&hellip;]<\/p>\n","protected":false},"author":10,"featured_media":629,"comment_status":"open","ping_status":"closed","sticky":false,"template":"","format":"standard","meta":{"footnotes":""},"categories":[6],"tags":[],"class_list":["post-628","post","type-post","status-publish","format-standard","has-post-thumbnail","hentry","category-noticias"],"yoast_head":"<!-- This site is optimized with the Yoast SEO plugin v27.4 - https:\/\/yoast.com\/product\/yoast-seo-wordpress\/ -->\n<title>Rafa Jaime Jaramillo desaf\u00eda a la vida - Historias que inspiran...<\/title>\n<meta name=\"robots\" content=\"index, follow, max-snippet:-1, max-image-preview:large, max-video-preview:-1\" \/>\n<link rel=\"canonical\" href=\"https:\/\/somos-hermanos.mx\/index.php\/2025\/08\/04\/rafa-jaime-jaramillo-desafia-a-la-vida\/\" \/>\n<meta property=\"og:locale\" content=\"es_MX\" \/>\n<meta property=\"og:type\" content=\"article\" \/>\n<meta property=\"og:title\" content=\"Rafa Jaime Jaramillo desaf\u00eda a la vida - Historias que inspiran...\" \/>\n<meta property=\"og:description\" content=\"Historias inspiradoras para una vida mejor es el lema con el que BBVA Aprendemos Juntos ha logrado una loable iniciativa,\u00a0y esta consiste en dar voz a personas incre\u00edbles para que compartan con el mundo su historia. Rafa Jaime Jaramillo es una de ellas, siendo un ejemplo de resiliencia y superaci\u00f3n personal. \u00c9l es un triatleta [&hellip;]\" \/>\n<meta property=\"og:url\" content=\"https:\/\/somos-hermanos.mx\/index.php\/2025\/08\/04\/rafa-jaime-jaramillo-desafia-a-la-vida\/\" \/>\n<meta property=\"og:site_name\" content=\"Historias que inspiran...\" \/>\n<meta property=\"article:publisher\" content=\"https:\/\/www.facebook.com\/SomosHermanosIAP\/\" \/>\n<meta property=\"article:published_time\" content=\"2025-08-04T07:26:48+00:00\" \/>\n<meta property=\"og:image\" content=\"https:\/\/somos-hermanos.mx\/wp-content\/uploads\/2025\/08\/rafa2.jpeg\" \/>\n\t<meta property=\"og:image:width\" content=\"1080\" \/>\n\t<meta property=\"og:image:height\" content=\"1080\" \/>\n\t<meta property=\"og:image:type\" content=\"image\/jpeg\" \/>\n<meta name=\"author\" content=\"Carlos Hernandez Huerta\" \/>\n<meta name=\"twitter:card\" content=\"summary_large_image\" \/>\n<meta name=\"twitter:creator\" content=\"@Somos__Hermanos\" \/>\n<meta name=\"twitter:site\" content=\"@Somos__Hermanos\" \/>\n<meta name=\"twitter:label1\" content=\"Escrito por\" \/>\n\t<meta name=\"twitter:data1\" content=\"Carlos Hernandez Huerta\" \/>\n\t<meta name=\"twitter:label2\" content=\"Tiempo de lectura\" \/>\n\t<meta name=\"twitter:data2\" content=\"3 minutos\" \/>\n<script type=\"application\/ld+json\" class=\"yoast-schema-graph\">{\"@context\":\"https:\\\/\\\/schema.org\",\"@graph\":[{\"@type\":\"Article\",\"@id\":\"https:\\\/\\\/somos-hermanos.mx\\\/index.php\\\/2025\\\/08\\\/04\\\/rafa-jaime-jaramillo-desafia-a-la-vida\\\/#article\",\"isPartOf\":{\"@id\":\"https:\\\/\\\/somos-hermanos.mx\\\/index.php\\\/2025\\\/08\\\/04\\\/rafa-jaime-jaramillo-desafia-a-la-vida\\\/\"},\"author\":{\"name\":\"Carlos Hernandez Huerta\",\"@id\":\"https:\\\/\\\/somos-hermanos.mx\\\/#\\\/schema\\\/person\\\/2466d21e6ade208f45dbc821298d62b6\"},\"headline\":\"Rafa Jaime Jaramillo desaf\u00eda a la vida\",\"datePublished\":\"2025-08-04T07:26:48+00:00\",\"mainEntityOfPage\":{\"@id\":\"https:\\\/\\\/somos-hermanos.mx\\\/index.php\\\/2025\\\/08\\\/04\\\/rafa-jaime-jaramillo-desafia-a-la-vida\\\/\"},\"wordCount\":642,\"commentCount\":0,\"publisher\":{\"@id\":\"https:\\\/\\\/somos-hermanos.mx\\\/#organization\"},\"image\":{\"@id\":\"https:\\\/\\\/somos-hermanos.mx\\\/index.php\\\/2025\\\/08\\\/04\\\/rafa-jaime-jaramillo-desafia-a-la-vida\\\/#primaryimage\"},\"thumbnailUrl\":\"https:\\\/\\\/somos-hermanos.mx\\\/wp-content\\\/uploads\\\/2025\\\/08\\\/rafa2.jpeg\",\"articleSection\":[\"Noticias\"],\"inLanguage\":\"es\",\"potentialAction\":[{\"@type\":\"CommentAction\",\"name\":\"Comment\",\"target\":[\"https:\\\/\\\/somos-hermanos.mx\\\/index.php\\\/2025\\\/08\\\/04\\\/rafa-jaime-jaramillo-desafia-a-la-vida\\\/#respond\"]}]},{\"@type\":\"WebPage\",\"@id\":\"https:\\\/\\\/somos-hermanos.mx\\\/index.php\\\/2025\\\/08\\\/04\\\/rafa-jaime-jaramillo-desafia-a-la-vida\\\/\",\"url\":\"https:\\\/\\\/somos-hermanos.mx\\\/index.php\\\/2025\\\/08\\\/04\\\/rafa-jaime-jaramillo-desafia-a-la-vida\\\/\",\"name\":\"Rafa Jaime Jaramillo desaf\u00eda a la vida - Historias que inspiran...\",\"isPartOf\":{\"@id\":\"https:\\\/\\\/somos-hermanos.mx\\\/#website\"},\"primaryImageOfPage\":{\"@id\":\"https:\\\/\\\/somos-hermanos.mx\\\/index.php\\\/2025\\\/08\\\/04\\\/rafa-jaime-jaramillo-desafia-a-la-vida\\\/#primaryimage\"},\"image\":{\"@id\":\"https:\\\/\\\/somos-hermanos.mx\\\/index.php\\\/2025\\\/08\\\/04\\\/rafa-jaime-jaramillo-desafia-a-la-vida\\\/#primaryimage\"},\"thumbnailUrl\":\"https:\\\/\\\/somos-hermanos.mx\\\/wp-content\\\/uploads\\\/2025\\\/08\\\/rafa2.jpeg\",\"datePublished\":\"2025-08-04T07:26:48+00:00\",\"breadcrumb\":{\"@id\":\"https:\\\/\\\/somos-hermanos.mx\\\/index.php\\\/2025\\\/08\\\/04\\\/rafa-jaime-jaramillo-desafia-a-la-vida\\\/#breadcrumb\"},\"inLanguage\":\"es\",\"potentialAction\":[{\"@type\":\"ReadAction\",\"target\":[\"https:\\\/\\\/somos-hermanos.mx\\\/index.php\\\/2025\\\/08\\\/04\\\/rafa-jaime-jaramillo-desafia-a-la-vida\\\/\"]}]},{\"@type\":\"ImageObject\",\"inLanguage\":\"es\",\"@id\":\"https:\\\/\\\/somos-hermanos.mx\\\/index.php\\\/2025\\\/08\\\/04\\\/rafa-jaime-jaramillo-desafia-a-la-vida\\\/#primaryimage\",\"url\":\"https:\\\/\\\/somos-hermanos.mx\\\/wp-content\\\/uploads\\\/2025\\\/08\\\/rafa2.jpeg\",\"contentUrl\":\"https:\\\/\\\/somos-hermanos.mx\\\/wp-content\\\/uploads\\\/2025\\\/08\\\/rafa2.jpeg\",\"width\":1080,\"height\":1080},{\"@type\":\"BreadcrumbList\",\"@id\":\"https:\\\/\\\/somos-hermanos.mx\\\/index.php\\\/2025\\\/08\\\/04\\\/rafa-jaime-jaramillo-desafia-a-la-vida\\\/#breadcrumb\",\"itemListElement\":[{\"@type\":\"ListItem\",\"position\":1,\"name\":\"Inicio\",\"item\":\"https:\\\/\\\/somos-hermanos.mx\\\/\"},{\"@type\":\"ListItem\",\"position\":2,\"name\":\"Rafa Jaime Jaramillo desaf\u00eda a la vida\"}]},{\"@type\":\"WebSite\",\"@id\":\"https:\\\/\\\/somos-hermanos.mx\\\/#website\",\"url\":\"https:\\\/\\\/somos-hermanos.mx\\\/\",\"name\":\"Historias que inspiran...\",\"description\":\"Somos la voz del altruismo en M\u00e9xico\",\"publisher\":{\"@id\":\"https:\\\/\\\/somos-hermanos.mx\\\/#organization\"},\"potentialAction\":[{\"@type\":\"SearchAction\",\"target\":{\"@type\":\"EntryPoint\",\"urlTemplate\":\"https:\\\/\\\/somos-hermanos.mx\\\/?s={search_term_string}\"},\"query-input\":{\"@type\":\"PropertyValueSpecification\",\"valueRequired\":true,\"valueName\":\"search_term_string\"}}],\"inLanguage\":\"es\"},{\"@type\":\"Organization\",\"@id\":\"https:\\\/\\\/somos-hermanos.mx\\\/#organization\",\"name\":\"Somos Hermanos\",\"url\":\"https:\\\/\\\/somos-hermanos.mx\\\/\",\"logo\":{\"@type\":\"ImageObject\",\"inLanguage\":\"es\",\"@id\":\"https:\\\/\\\/somos-hermanos.mx\\\/#\\\/schema\\\/logo\\\/image\\\/\",\"url\":\"https:\\\/\\\/somos-hermanos.mx\\\/wp-content\\\/uploads\\\/2025\\\/08\\\/SH30-1.jpeg\",\"contentUrl\":\"https:\\\/\\\/somos-hermanos.mx\\\/wp-content\\\/uploads\\\/2025\\\/08\\\/SH30-1.jpeg\",\"width\":1600,\"height\":1142,\"caption\":\"Somos Hermanos\"},\"image\":{\"@id\":\"https:\\\/\\\/somos-hermanos.mx\\\/#\\\/schema\\\/logo\\\/image\\\/\"},\"sameAs\":[\"https:\\\/\\\/www.facebook.com\\\/SomosHermanosIAP\\\/\",\"https:\\\/\\\/x.com\\\/Somos__Hermanos\",\"https:\\\/\\\/www.instagram.com\\\/somos__hermanos\\\/#\",\"https:\\\/\\\/www.tiktok.com\\\/@somoshermanosiap\",\"https:\\\/\\\/www.youtube.com\\\/@somoshermanosiap1201\\\/videos\"]},{\"@type\":\"Person\",\"@id\":\"https:\\\/\\\/somos-hermanos.mx\\\/#\\\/schema\\\/person\\\/2466d21e6ade208f45dbc821298d62b6\",\"name\":\"Carlos Hernandez Huerta\",\"image\":{\"@type\":\"ImageObject\",\"inLanguage\":\"es\",\"@id\":\"https:\\\/\\\/secure.gravatar.com\\\/avatar\\\/51f6e8e89626306c560ccd8823655e34da99a1f976b5f71bb93591c6b45fd128?s=96&d=mm&r=g\",\"url\":\"https:\\\/\\\/secure.gravatar.com\\\/avatar\\\/51f6e8e89626306c560ccd8823655e34da99a1f976b5f71bb93591c6b45fd128?s=96&d=mm&r=g\",\"contentUrl\":\"https:\\\/\\\/secure.gravatar.com\\\/avatar\\\/51f6e8e89626306c560ccd8823655e34da99a1f976b5f71bb93591c6b45fd128?s=96&d=mm&r=g\",\"caption\":\"Carlos Hernandez Huerta\"},\"url\":\"https:\\\/\\\/somos-hermanos.mx\\\/index.php\\\/author\\\/carlos-hernandez-huerta\\\/\"}]}<\/script>\n<!-- \/ Yoast SEO plugin. -->","yoast_head_json":{"title":"Rafa Jaime Jaramillo desaf\u00eda a la vida - Historias que inspiran...","robots":{"index":"index","follow":"follow","max-snippet":"max-snippet:-1","max-image-preview":"max-image-preview:large","max-video-preview":"max-video-preview:-1"},"canonical":"https:\/\/somos-hermanos.mx\/index.php\/2025\/08\/04\/rafa-jaime-jaramillo-desafia-a-la-vida\/","og_locale":"es_MX","og_type":"article","og_title":"Rafa Jaime Jaramillo desaf\u00eda a la vida - Historias que inspiran...","og_description":"Historias inspiradoras para una vida mejor es el lema con el que BBVA Aprendemos Juntos ha logrado una loable iniciativa,\u00a0y esta consiste en dar voz a personas incre\u00edbles para que compartan con el mundo su historia. Rafa Jaime Jaramillo es una de ellas, siendo un ejemplo de resiliencia y superaci\u00f3n personal. \u00c9l es un triatleta [&hellip;]","og_url":"https:\/\/somos-hermanos.mx\/index.php\/2025\/08\/04\/rafa-jaime-jaramillo-desafia-a-la-vida\/","og_site_name":"Historias que inspiran...","article_publisher":"https:\/\/www.facebook.com\/SomosHermanosIAP\/","article_published_time":"2025-08-04T07:26:48+00:00","og_image":[{"width":1080,"height":1080,"url":"https:\/\/somos-hermanos.mx\/wp-content\/uploads\/2025\/08\/rafa2.jpeg","type":"image\/jpeg"}],"author":"Carlos Hernandez Huerta","twitter_card":"summary_large_image","twitter_creator":"@Somos__Hermanos","twitter_site":"@Somos__Hermanos","twitter_misc":{"Escrito por":"Carlos Hernandez Huerta","Tiempo de lectura":"3 minutos"},"schema":{"@context":"https:\/\/schema.org","@graph":[{"@type":"Article","@id":"https:\/\/somos-hermanos.mx\/index.php\/2025\/08\/04\/rafa-jaime-jaramillo-desafia-a-la-vida\/#article","isPartOf":{"@id":"https:\/\/somos-hermanos.mx\/index.php\/2025\/08\/04\/rafa-jaime-jaramillo-desafia-a-la-vida\/"},"author":{"name":"Carlos Hernandez Huerta","@id":"https:\/\/somos-hermanos.mx\/#\/schema\/person\/2466d21e6ade208f45dbc821298d62b6"},"headline":"Rafa Jaime Jaramillo desaf\u00eda a la vida","datePublished":"2025-08-04T07:26:48+00:00","mainEntityOfPage":{"@id":"https:\/\/somos-hermanos.mx\/index.php\/2025\/08\/04\/rafa-jaime-jaramillo-desafia-a-la-vida\/"},"wordCount":642,"commentCount":0,"publisher":{"@id":"https:\/\/somos-hermanos.mx\/#organization"},"image":{"@id":"https:\/\/somos-hermanos.mx\/index.php\/2025\/08\/04\/rafa-jaime-jaramillo-desafia-a-la-vida\/#primaryimage"},"thumbnailUrl":"https:\/\/somos-hermanos.mx\/wp-content\/uploads\/2025\/08\/rafa2.jpeg","articleSection":["Noticias"],"inLanguage":"es","potentialAction":[{"@type":"CommentAction","name":"Comment","target":["https:\/\/somos-hermanos.mx\/index.php\/2025\/08\/04\/rafa-jaime-jaramillo-desafia-a-la-vida\/#respond"]}]},{"@type":"WebPage","@id":"https:\/\/somos-hermanos.mx\/index.php\/2025\/08\/04\/rafa-jaime-jaramillo-desafia-a-la-vida\/","url":"https:\/\/somos-hermanos.mx\/index.php\/2025\/08\/04\/rafa-jaime-jaramillo-desafia-a-la-vida\/","name":"Rafa Jaime Jaramillo desaf\u00eda a la vida - Historias que inspiran...","isPartOf":{"@id":"https:\/\/somos-hermanos.mx\/#website"},"primaryImageOfPage":{"@id":"https:\/\/somos-hermanos.mx\/index.php\/2025\/08\/04\/rafa-jaime-jaramillo-desafia-a-la-vida\/#primaryimage"},"image":{"@id":"https:\/\/somos-hermanos.mx\/index.php\/2025\/08\/04\/rafa-jaime-jaramillo-desafia-a-la-vida\/#primaryimage"},"thumbnailUrl":"https:\/\/somos-hermanos.mx\/wp-content\/uploads\/2025\/08\/rafa2.jpeg","datePublished":"2025-08-04T07:26:48+00:00","breadcrumb":{"@id":"https:\/\/somos-hermanos.mx\/index.php\/2025\/08\/04\/rafa-jaime-jaramillo-desafia-a-la-vida\/#breadcrumb"},"inLanguage":"es","potentialAction":[{"@type":"ReadAction","target":["https:\/\/somos-hermanos.mx\/index.php\/2025\/08\/04\/rafa-jaime-jaramillo-desafia-a-la-vida\/"]}]},{"@type":"ImageObject","inLanguage":"es","@id":"https:\/\/somos-hermanos.mx\/index.php\/2025\/08\/04\/rafa-jaime-jaramillo-desafia-a-la-vida\/#primaryimage","url":"https:\/\/somos-hermanos.mx\/wp-content\/uploads\/2025\/08\/rafa2.jpeg","contentUrl":"https:\/\/somos-hermanos.mx\/wp-content\/uploads\/2025\/08\/rafa2.jpeg","width":1080,"height":1080},{"@type":"BreadcrumbList","@id":"https:\/\/somos-hermanos.mx\/index.php\/2025\/08\/04\/rafa-jaime-jaramillo-desafia-a-la-vida\/#breadcrumb","itemListElement":[{"@type":"ListItem","position":1,"name":"Inicio","item":"https:\/\/somos-hermanos.mx\/"},{"@type":"ListItem","position":2,"name":"Rafa Jaime Jaramillo desaf\u00eda a la vida"}]},{"@type":"WebSite","@id":"https:\/\/somos-hermanos.mx\/#website","url":"https:\/\/somos-hermanos.mx\/","name":"Historias que inspiran...","description":"Somos la voz del altruismo en M\u00e9xico","publisher":{"@id":"https:\/\/somos-hermanos.mx\/#organization"},"potentialAction":[{"@type":"SearchAction","target":{"@type":"EntryPoint","urlTemplate":"https:\/\/somos-hermanos.mx\/?s={search_term_string}"},"query-input":{"@type":"PropertyValueSpecification","valueRequired":true,"valueName":"search_term_string"}}],"inLanguage":"es"},{"@type":"Organization","@id":"https:\/\/somos-hermanos.mx\/#organization","name":"Somos Hermanos","url":"https:\/\/somos-hermanos.mx\/","logo":{"@type":"ImageObject","inLanguage":"es","@id":"https:\/\/somos-hermanos.mx\/#\/schema\/logo\/image\/","url":"https:\/\/somos-hermanos.mx\/wp-content\/uploads\/2025\/08\/SH30-1.jpeg","contentUrl":"https:\/\/somos-hermanos.mx\/wp-content\/uploads\/2025\/08\/SH30-1.jpeg","width":1600,"height":1142,"caption":"Somos Hermanos"},"image":{"@id":"https:\/\/somos-hermanos.mx\/#\/schema\/logo\/image\/"},"sameAs":["https:\/\/www.facebook.com\/SomosHermanosIAP\/","https:\/\/x.com\/Somos__Hermanos","https:\/\/www.instagram.com\/somos__hermanos\/#","https:\/\/www.tiktok.com\/@somoshermanosiap","https:\/\/www.youtube.com\/@somoshermanosiap1201\/videos"]},{"@type":"Person","@id":"https:\/\/somos-hermanos.mx\/#\/schema\/person\/2466d21e6ade208f45dbc821298d62b6","name":"Carlos Hernandez Huerta","image":{"@type":"ImageObject","inLanguage":"es","@id":"https:\/\/secure.gravatar.com\/avatar\/51f6e8e89626306c560ccd8823655e34da99a1f976b5f71bb93591c6b45fd128?s=96&d=mm&r=g","url":"https:\/\/secure.gravatar.com\/avatar\/51f6e8e89626306c560ccd8823655e34da99a1f976b5f71bb93591c6b45fd128?s=96&d=mm&r=g","contentUrl":"https:\/\/secure.gravatar.com\/avatar\/51f6e8e89626306c560ccd8823655e34da99a1f976b5f71bb93591c6b45fd128?s=96&d=mm&r=g","caption":"Carlos Hernandez Huerta"},"url":"https:\/\/somos-hermanos.mx\/index.php\/author\/carlos-hernandez-huerta\/"}]}},"_links":{"self":[{"href":"https:\/\/somos-hermanos.mx\/index.php\/wp-json\/wp\/v2\/posts\/628","targetHints":{"allow":["GET"]}}],"collection":[{"href":"https:\/\/somos-hermanos.mx\/index.php\/wp-json\/wp\/v2\/posts"}],"about":[{"href":"https:\/\/somos-hermanos.mx\/index.php\/wp-json\/wp\/v2\/types\/post"}],"author":[{"embeddable":true,"href":"https:\/\/somos-hermanos.mx\/index.php\/wp-json\/wp\/v2\/users\/10"}],"replies":[{"embeddable":true,"href":"https:\/\/somos-hermanos.mx\/index.php\/wp-json\/wp\/v2\/comments?post=628"}],"version-history":[{"count":1,"href":"https:\/\/somos-hermanos.mx\/index.php\/wp-json\/wp\/v2\/posts\/628\/revisions"}],"predecessor-version":[{"id":630,"href":"https:\/\/somos-hermanos.mx\/index.php\/wp-json\/wp\/v2\/posts\/628\/revisions\/630"}],"wp:featuredmedia":[{"embeddable":true,"href":"https:\/\/somos-hermanos.mx\/index.php\/wp-json\/wp\/v2\/media\/629"}],"wp:attachment":[{"href":"https:\/\/somos-hermanos.mx\/index.php\/wp-json\/wp\/v2\/media?parent=628"}],"wp:term":[{"taxonomy":"category","embeddable":true,"href":"https:\/\/somos-hermanos.mx\/index.php\/wp-json\/wp\/v2\/categories?post=628"},{"taxonomy":"post_tag","embeddable":true,"href":"https:\/\/somos-hermanos.mx\/index.php\/wp-json\/wp\/v2\/tags?post=628"}],"curies":[{"name":"wp","href":"https:\/\/api.w.org\/{rel}","templated":true}]}}