{"id":621,"date":"2025-08-04T01:23:19","date_gmt":"2025-08-04T07:23:19","guid":{"rendered":"https:\/\/somos-hermanos.mx\/?p=621"},"modified":"2025-08-04T01:24:27","modified_gmt":"2025-08-04T07:24:27","slug":"fundacion-hogares-cambiando-el-mundo-juntos","status":"publish","type":"post","link":"https:\/\/somos-hermanos.mx\/index.php\/2025\/08\/04\/fundacion-hogares-cambiando-el-mundo-juntos\/","title":{"rendered":"Fundaci\u00f3n Hogares: Cambiando el mundo juntos"},"content":{"rendered":"<p>La r\u00e1pida ampliaci\u00f3n de las ciudades del pa\u00eds a pesar de ser una se\u00f1al positiva del progreso crea sus propias problem\u00e1ticas, la construcci\u00f3n masiva de vivienda social ha producido zonas marginales y vulnerables en las periferias, nuestros protagonistas del d\u00eda de hoy <strong>Fundaci\u00f3n Hogares IAP <\/strong>se encargan de combatir esto mismo.<\/p>\n<p>Es importante el entender c\u00f3mo se producen estas zonas, no es la expansi\u00f3n urbana en s\u00ed misma la que las produce, <strong>sino que est\u00e1 misma expansi\u00f3n sumada a factores como la privatizaci\u00f3n de tierras, la industrializaci\u00f3n del siglo XX <\/strong>y la falta de planeaci\u00f3n a largo plazo han agravado a las zonas vulnerables e incluso llegando a crear m\u00e1s de ellas.<\/p>\n<p>Estas zonas marginadas se suelen caracterizar por su inseguridad, segregaci\u00f3n socioespacial, <strong>falta de servicios b\u00e1sicos y cohesi\u00f3n social, <\/strong>escasez de redes de apoyo e infraestructura, deterioro de espacio p\u00fablico, injusticia ambiental, entre otros.<\/p>\n<p>Aunque se ha tratado de luchar contra esto mediante m\u00e1s construcci\u00f3n de vivienda social en las periferias, suele fallar debido a la ignorancia de su planeaci\u00f3n en cuanto a su entorno, siendo edificadas sin pensar en las necesidades de habitar de las personas y los efectos del cambio clim\u00e1tico. Aqu\u00ed es donde entra <em>Fundaci\u00f3n Hogares <\/em>quienes buscan el resignificar est\u00e1 infraestructura y regresarles autonom\u00eda y control a sus habitantes.<\/p>\n<p><strong>Fundaci\u00f3n Hogares<\/strong><strong>\u00a0<\/strong><\/p>\n<p>Fundada en 2010, la Fundaci\u00f3n Hogares explica su misi\u00f3n de la siguiente forma: <em>\u201cPromover la participaci\u00f3n y el compromiso social para construir comunidades capaces de resolver sus necesidades y mejorar el lugar en el que viven.\u201d <\/em><\/p>\n<p>Lo que busca esta OSC es el reconstruir en base a las necesidades y condiciones de la poblaci\u00f3n que apoya, para ellos siendo esencial que las personas sean el foco principal de la planificaci\u00f3n urbana.<\/p>\n<p>Debido a esto mismo su trabaja se caracteriza por espacios p\u00fablicos accesibles, inclusivos, sostenibles y seguros, promover la interacci\u00f3n entre las personas para fortalecer las redes de apoyo y empoderar a las comunidades para gestionar su entorno, y un dise\u00f1o enfocado al ambientalismo.<\/p>\n<p>No s\u00f3lo se busca una vivienda m\u00e1s digna, sino que tambi\u00e9n la creaci\u00f3n de una comunidad sana qu\u00e9 pueda nutrir a sus miembros.<\/p>\n<p>Han trabajado en estados como Baja California Norte, Sonora, Chihuahua, Nuevo Le\u00f3n, Tamaulipas, Jalisco, Guerrero, CDMX, Estado de M\u00e9xico y Yucat\u00e1n.<\/p>\n<p><strong><em>\u00bfC\u00f3mo apoyar?<\/em><\/strong><\/p>\n<p>Hay varias formas de ayudar, puede ser v\u00eda donaci\u00f3n monetaria mediante su p\u00e1gina web (<a href=\"https:\/\/fundacionhogares.org\/dona-fh\/\"><u>https:\/\/fundacionhogares.org\/dona-fh\/<\/u><\/a>), donaci\u00f3n en especie o mediante su programa de voluntariado corporativo.<\/p>\n<p><strong><em>Contacto:<\/em><\/strong><\/p>\n<ul>\n<li>comunidad@fundacionhogares.org<\/li>\n<li>55 50 14 99 41<\/li>\n<li>Porfirio D\u00edaz 40 Insurgentes San Borja, Benito Ju\u00e1rez, 03100 Ciudad de M\u00e9xico.<\/li>\n<\/ul>\n","protected":false},"excerpt":{"rendered":"<p>La r\u00e1pida ampliaci\u00f3n de las ciudades del pa\u00eds a pesar de ser una se\u00f1al positiva del progreso crea sus propias problem\u00e1ticas, la construcci\u00f3n masiva de vivienda social ha producido zonas marginales y vulnerables en las periferias, nuestros protagonistas del d\u00eda de hoy Fundaci\u00f3n Hogares IAP se encargan de combatir esto mismo. Es importante el entender [&hellip;]<\/p>\n","protected":false},"author":23,"featured_media":624,"comment_status":"open","ping_status":"closed","sticky":false,"template":"","format":"standard","meta":{"footnotes":""},"categories":[6],"tags":[],"class_list":["post-621","post","type-post","status-publish","format-standard","has-post-thumbnail","hentry","category-noticias"],"yoast_head":"<!-- This site is optimized with the Yoast SEO plugin v27.4 - https:\/\/yoast.com\/product\/yoast-seo-wordpress\/ -->\n<title>Fundaci\u00f3n Hogares: Cambiando el mundo juntos - Historias que inspiran...<\/title>\n<meta name=\"robots\" content=\"index, follow, max-snippet:-1, max-image-preview:large, max-video-preview:-1\" \/>\n<link rel=\"canonical\" href=\"https:\/\/somos-hermanos.mx\/index.php\/2025\/08\/04\/fundacion-hogares-cambiando-el-mundo-juntos\/\" \/>\n<meta property=\"og:locale\" content=\"es_MX\" \/>\n<meta property=\"og:type\" content=\"article\" \/>\n<meta property=\"og:title\" content=\"Fundaci\u00f3n Hogares: Cambiando el mundo juntos - Historias que inspiran...\" \/>\n<meta property=\"og:description\" content=\"La r\u00e1pida ampliaci\u00f3n de las ciudades del pa\u00eds a pesar de ser una se\u00f1al positiva del progreso crea sus propias problem\u00e1ticas, la construcci\u00f3n masiva de vivienda social ha producido zonas marginales y vulnerables en las periferias, nuestros protagonistas del d\u00eda de hoy Fundaci\u00f3n Hogares IAP se encargan de combatir esto mismo. Es importante el entender [&hellip;]\" \/>\n<meta property=\"og:url\" content=\"https:\/\/somos-hermanos.mx\/index.php\/2025\/08\/04\/fundacion-hogares-cambiando-el-mundo-juntos\/\" \/>\n<meta property=\"og:site_name\" content=\"Historias que inspiran...\" \/>\n<meta property=\"article:publisher\" content=\"https:\/\/www.facebook.com\/SomosHermanosIAP\/\" \/>\n<meta property=\"article:published_time\" content=\"2025-08-04T07:23:19+00:00\" \/>\n<meta property=\"article:modified_time\" content=\"2025-08-04T07:24:27+00:00\" \/>\n<meta property=\"og:image\" content=\"https:\/\/somos-hermanos.mx\/wp-content\/uploads\/2025\/08\/hogares1.jpeg\" \/>\n\t<meta property=\"og:image:width\" content=\"960\" \/>\n\t<meta property=\"og:image:height\" content=\"532\" \/>\n\t<meta property=\"og:image:type\" content=\"image\/jpeg\" \/>\n<meta name=\"author\" content=\"Jorge Luevanos Colunga\" \/>\n<meta name=\"twitter:card\" content=\"summary_large_image\" \/>\n<meta name=\"twitter:creator\" content=\"@Somos__Hermanos\" \/>\n<meta name=\"twitter:site\" content=\"@Somos__Hermanos\" \/>\n<meta name=\"twitter:label1\" content=\"Escrito por\" \/>\n\t<meta name=\"twitter:data1\" content=\"Jorge Luevanos Colunga\" \/>\n\t<meta name=\"twitter:label2\" content=\"Tiempo de lectura\" \/>\n\t<meta name=\"twitter:data2\" content=\"3 minutos\" \/>\n<script type=\"application\/ld+json\" class=\"yoast-schema-graph\">{\"@context\":\"https:\\\/\\\/schema.org\",\"@graph\":[{\"@type\":\"Article\",\"@id\":\"https:\\\/\\\/somos-hermanos.mx\\\/index.php\\\/2025\\\/08\\\/04\\\/fundacion-hogares-cambiando-el-mundo-juntos\\\/#article\",\"isPartOf\":{\"@id\":\"https:\\\/\\\/somos-hermanos.mx\\\/index.php\\\/2025\\\/08\\\/04\\\/fundacion-hogares-cambiando-el-mundo-juntos\\\/\"},\"author\":{\"name\":\"Jorge Luevanos Colunga\",\"@id\":\"https:\\\/\\\/somos-hermanos.mx\\\/#\\\/schema\\\/person\\\/9a6f4846be3f6417120bd52d3c372a2a\"},\"headline\":\"Fundaci\u00f3n Hogares: Cambiando el mundo juntos\",\"datePublished\":\"2025-08-04T07:23:19+00:00\",\"dateModified\":\"2025-08-04T07:24:27+00:00\",\"mainEntityOfPage\":{\"@id\":\"https:\\\/\\\/somos-hermanos.mx\\\/index.php\\\/2025\\\/08\\\/04\\\/fundacion-hogares-cambiando-el-mundo-juntos\\\/\"},\"wordCount\":473,\"commentCount\":0,\"publisher\":{\"@id\":\"https:\\\/\\\/somos-hermanos.mx\\\/#organization\"},\"image\":{\"@id\":\"https:\\\/\\\/somos-hermanos.mx\\\/index.php\\\/2025\\\/08\\\/04\\\/fundacion-hogares-cambiando-el-mundo-juntos\\\/#primaryimage\"},\"thumbnailUrl\":\"https:\\\/\\\/somos-hermanos.mx\\\/wp-content\\\/uploads\\\/2025\\\/08\\\/hogares1.jpeg\",\"articleSection\":[\"Noticias\"],\"inLanguage\":\"es\",\"potentialAction\":[{\"@type\":\"CommentAction\",\"name\":\"Comment\",\"target\":[\"https:\\\/\\\/somos-hermanos.mx\\\/index.php\\\/2025\\\/08\\\/04\\\/fundacion-hogares-cambiando-el-mundo-juntos\\\/#respond\"]}]},{\"@type\":\"WebPage\",\"@id\":\"https:\\\/\\\/somos-hermanos.mx\\\/index.php\\\/2025\\\/08\\\/04\\\/fundacion-hogares-cambiando-el-mundo-juntos\\\/\",\"url\":\"https:\\\/\\\/somos-hermanos.mx\\\/index.php\\\/2025\\\/08\\\/04\\\/fundacion-hogares-cambiando-el-mundo-juntos\\\/\",\"name\":\"Fundaci\u00f3n Hogares: Cambiando el mundo juntos - Historias que inspiran...\",\"isPartOf\":{\"@id\":\"https:\\\/\\\/somos-hermanos.mx\\\/#website\"},\"primaryImageOfPage\":{\"@id\":\"https:\\\/\\\/somos-hermanos.mx\\\/index.php\\\/2025\\\/08\\\/04\\\/fundacion-hogares-cambiando-el-mundo-juntos\\\/#primaryimage\"},\"image\":{\"@id\":\"https:\\\/\\\/somos-hermanos.mx\\\/index.php\\\/2025\\\/08\\\/04\\\/fundacion-hogares-cambiando-el-mundo-juntos\\\/#primaryimage\"},\"thumbnailUrl\":\"https:\\\/\\\/somos-hermanos.mx\\\/wp-content\\\/uploads\\\/2025\\\/08\\\/hogares1.jpeg\",\"datePublished\":\"2025-08-04T07:23:19+00:00\",\"dateModified\":\"2025-08-04T07:24:27+00:00\",\"breadcrumb\":{\"@id\":\"https:\\\/\\\/somos-hermanos.mx\\\/index.php\\\/2025\\\/08\\\/04\\\/fundacion-hogares-cambiando-el-mundo-juntos\\\/#breadcrumb\"},\"inLanguage\":\"es\",\"potentialAction\":[{\"@type\":\"ReadAction\",\"target\":[\"https:\\\/\\\/somos-hermanos.mx\\\/index.php\\\/2025\\\/08\\\/04\\\/fundacion-hogares-cambiando-el-mundo-juntos\\\/\"]}]},{\"@type\":\"ImageObject\",\"inLanguage\":\"es\",\"@id\":\"https:\\\/\\\/somos-hermanos.mx\\\/index.php\\\/2025\\\/08\\\/04\\\/fundacion-hogares-cambiando-el-mundo-juntos\\\/#primaryimage\",\"url\":\"https:\\\/\\\/somos-hermanos.mx\\\/wp-content\\\/uploads\\\/2025\\\/08\\\/hogares1.jpeg\",\"contentUrl\":\"https:\\\/\\\/somos-hermanos.mx\\\/wp-content\\\/uploads\\\/2025\\\/08\\\/hogares1.jpeg\",\"width\":960,\"height\":532},{\"@type\":\"BreadcrumbList\",\"@id\":\"https:\\\/\\\/somos-hermanos.mx\\\/index.php\\\/2025\\\/08\\\/04\\\/fundacion-hogares-cambiando-el-mundo-juntos\\\/#breadcrumb\",\"itemListElement\":[{\"@type\":\"ListItem\",\"position\":1,\"name\":\"Inicio\",\"item\":\"https:\\\/\\\/somos-hermanos.mx\\\/\"},{\"@type\":\"ListItem\",\"position\":2,\"name\":\"Fundaci\u00f3n Hogares: Cambiando el mundo juntos\"}]},{\"@type\":\"WebSite\",\"@id\":\"https:\\\/\\\/somos-hermanos.mx\\\/#website\",\"url\":\"https:\\\/\\\/somos-hermanos.mx\\\/\",\"name\":\"Historias que inspiran...\",\"description\":\"Somos la voz del altruismo en M\u00e9xico\",\"publisher\":{\"@id\":\"https:\\\/\\\/somos-hermanos.mx\\\/#organization\"},\"potentialAction\":[{\"@type\":\"SearchAction\",\"target\":{\"@type\":\"EntryPoint\",\"urlTemplate\":\"https:\\\/\\\/somos-hermanos.mx\\\/?s={search_term_string}\"},\"query-input\":{\"@type\":\"PropertyValueSpecification\",\"valueRequired\":true,\"valueName\":\"search_term_string\"}}],\"inLanguage\":\"es\"},{\"@type\":\"Organization\",\"@id\":\"https:\\\/\\\/somos-hermanos.mx\\\/#organization\",\"name\":\"Somos Hermanos\",\"url\":\"https:\\\/\\\/somos-hermanos.mx\\\/\",\"logo\":{\"@type\":\"ImageObject\",\"inLanguage\":\"es\",\"@id\":\"https:\\\/\\\/somos-hermanos.mx\\\/#\\\/schema\\\/logo\\\/image\\\/\",\"url\":\"https:\\\/\\\/somos-hermanos.mx\\\/wp-content\\\/uploads\\\/2025\\\/08\\\/SH30-1.jpeg\",\"contentUrl\":\"https:\\\/\\\/somos-hermanos.mx\\\/wp-content\\\/uploads\\\/2025\\\/08\\\/SH30-1.jpeg\",\"width\":1600,\"height\":1142,\"caption\":\"Somos Hermanos\"},\"image\":{\"@id\":\"https:\\\/\\\/somos-hermanos.mx\\\/#\\\/schema\\\/logo\\\/image\\\/\"},\"sameAs\":[\"https:\\\/\\\/www.facebook.com\\\/SomosHermanosIAP\\\/\",\"https:\\\/\\\/x.com\\\/Somos__Hermanos\",\"https:\\\/\\\/www.instagram.com\\\/somos__hermanos\\\/#\",\"https:\\\/\\\/www.tiktok.com\\\/@somoshermanosiap\",\"https:\\\/\\\/www.youtube.com\\\/@somoshermanosiap1201\\\/videos\"]},{\"@type\":\"Person\",\"@id\":\"https:\\\/\\\/somos-hermanos.mx\\\/#\\\/schema\\\/person\\\/9a6f4846be3f6417120bd52d3c372a2a\",\"name\":\"Jorge Luevanos Colunga\",\"image\":{\"@type\":\"ImageObject\",\"inLanguage\":\"es\",\"@id\":\"https:\\\/\\\/secure.gravatar.com\\\/avatar\\\/fe89ce57773d4ca96fa3ec60521226cfd01e86886055be4fe89607061d716c35?s=96&d=mm&r=g\",\"url\":\"https:\\\/\\\/secure.gravatar.com\\\/avatar\\\/fe89ce57773d4ca96fa3ec60521226cfd01e86886055be4fe89607061d716c35?s=96&d=mm&r=g\",\"contentUrl\":\"https:\\\/\\\/secure.gravatar.com\\\/avatar\\\/fe89ce57773d4ca96fa3ec60521226cfd01e86886055be4fe89607061d716c35?s=96&d=mm&r=g\",\"caption\":\"Jorge Luevanos Colunga\"},\"url\":\"https:\\\/\\\/somos-hermanos.mx\\\/index.php\\\/author\\\/jorge-luevanos-colunga\\\/\"}]}<\/script>\n<!-- \/ Yoast SEO plugin. -->","yoast_head_json":{"title":"Fundaci\u00f3n Hogares: Cambiando el mundo juntos - Historias que inspiran...","robots":{"index":"index","follow":"follow","max-snippet":"max-snippet:-1","max-image-preview":"max-image-preview:large","max-video-preview":"max-video-preview:-1"},"canonical":"https:\/\/somos-hermanos.mx\/index.php\/2025\/08\/04\/fundacion-hogares-cambiando-el-mundo-juntos\/","og_locale":"es_MX","og_type":"article","og_title":"Fundaci\u00f3n Hogares: Cambiando el mundo juntos - Historias que inspiran...","og_description":"La r\u00e1pida ampliaci\u00f3n de las ciudades del pa\u00eds a pesar de ser una se\u00f1al positiva del progreso crea sus propias problem\u00e1ticas, la construcci\u00f3n masiva de vivienda social ha producido zonas marginales y vulnerables en las periferias, nuestros protagonistas del d\u00eda de hoy Fundaci\u00f3n Hogares IAP se encargan de combatir esto mismo. Es importante el entender [&hellip;]","og_url":"https:\/\/somos-hermanos.mx\/index.php\/2025\/08\/04\/fundacion-hogares-cambiando-el-mundo-juntos\/","og_site_name":"Historias que inspiran...","article_publisher":"https:\/\/www.facebook.com\/SomosHermanosIAP\/","article_published_time":"2025-08-04T07:23:19+00:00","article_modified_time":"2025-08-04T07:24:27+00:00","og_image":[{"width":960,"height":532,"url":"https:\/\/somos-hermanos.mx\/wp-content\/uploads\/2025\/08\/hogares1.jpeg","type":"image\/jpeg"}],"author":"Jorge Luevanos Colunga","twitter_card":"summary_large_image","twitter_creator":"@Somos__Hermanos","twitter_site":"@Somos__Hermanos","twitter_misc":{"Escrito por":"Jorge Luevanos Colunga","Tiempo de lectura":"3 minutos"},"schema":{"@context":"https:\/\/schema.org","@graph":[{"@type":"Article","@id":"https:\/\/somos-hermanos.mx\/index.php\/2025\/08\/04\/fundacion-hogares-cambiando-el-mundo-juntos\/#article","isPartOf":{"@id":"https:\/\/somos-hermanos.mx\/index.php\/2025\/08\/04\/fundacion-hogares-cambiando-el-mundo-juntos\/"},"author":{"name":"Jorge Luevanos Colunga","@id":"https:\/\/somos-hermanos.mx\/#\/schema\/person\/9a6f4846be3f6417120bd52d3c372a2a"},"headline":"Fundaci\u00f3n Hogares: Cambiando el mundo juntos","datePublished":"2025-08-04T07:23:19+00:00","dateModified":"2025-08-04T07:24:27+00:00","mainEntityOfPage":{"@id":"https:\/\/somos-hermanos.mx\/index.php\/2025\/08\/04\/fundacion-hogares-cambiando-el-mundo-juntos\/"},"wordCount":473,"commentCount":0,"publisher":{"@id":"https:\/\/somos-hermanos.mx\/#organization"},"image":{"@id":"https:\/\/somos-hermanos.mx\/index.php\/2025\/08\/04\/fundacion-hogares-cambiando-el-mundo-juntos\/#primaryimage"},"thumbnailUrl":"https:\/\/somos-hermanos.mx\/wp-content\/uploads\/2025\/08\/hogares1.jpeg","articleSection":["Noticias"],"inLanguage":"es","potentialAction":[{"@type":"CommentAction","name":"Comment","target":["https:\/\/somos-hermanos.mx\/index.php\/2025\/08\/04\/fundacion-hogares-cambiando-el-mundo-juntos\/#respond"]}]},{"@type":"WebPage","@id":"https:\/\/somos-hermanos.mx\/index.php\/2025\/08\/04\/fundacion-hogares-cambiando-el-mundo-juntos\/","url":"https:\/\/somos-hermanos.mx\/index.php\/2025\/08\/04\/fundacion-hogares-cambiando-el-mundo-juntos\/","name":"Fundaci\u00f3n Hogares: Cambiando el mundo juntos - Historias que inspiran...","isPartOf":{"@id":"https:\/\/somos-hermanos.mx\/#website"},"primaryImageOfPage":{"@id":"https:\/\/somos-hermanos.mx\/index.php\/2025\/08\/04\/fundacion-hogares-cambiando-el-mundo-juntos\/#primaryimage"},"image":{"@id":"https:\/\/somos-hermanos.mx\/index.php\/2025\/08\/04\/fundacion-hogares-cambiando-el-mundo-juntos\/#primaryimage"},"thumbnailUrl":"https:\/\/somos-hermanos.mx\/wp-content\/uploads\/2025\/08\/hogares1.jpeg","datePublished":"2025-08-04T07:23:19+00:00","dateModified":"2025-08-04T07:24:27+00:00","breadcrumb":{"@id":"https:\/\/somos-hermanos.mx\/index.php\/2025\/08\/04\/fundacion-hogares-cambiando-el-mundo-juntos\/#breadcrumb"},"inLanguage":"es","potentialAction":[{"@type":"ReadAction","target":["https:\/\/somos-hermanos.mx\/index.php\/2025\/08\/04\/fundacion-hogares-cambiando-el-mundo-juntos\/"]}]},{"@type":"ImageObject","inLanguage":"es","@id":"https:\/\/somos-hermanos.mx\/index.php\/2025\/08\/04\/fundacion-hogares-cambiando-el-mundo-juntos\/#primaryimage","url":"https:\/\/somos-hermanos.mx\/wp-content\/uploads\/2025\/08\/hogares1.jpeg","contentUrl":"https:\/\/somos-hermanos.mx\/wp-content\/uploads\/2025\/08\/hogares1.jpeg","width":960,"height":532},{"@type":"BreadcrumbList","@id":"https:\/\/somos-hermanos.mx\/index.php\/2025\/08\/04\/fundacion-hogares-cambiando-el-mundo-juntos\/#breadcrumb","itemListElement":[{"@type":"ListItem","position":1,"name":"Inicio","item":"https:\/\/somos-hermanos.mx\/"},{"@type":"ListItem","position":2,"name":"Fundaci\u00f3n Hogares: Cambiando el mundo juntos"}]},{"@type":"WebSite","@id":"https:\/\/somos-hermanos.mx\/#website","url":"https:\/\/somos-hermanos.mx\/","name":"Historias que inspiran...","description":"Somos la voz del altruismo en M\u00e9xico","publisher":{"@id":"https:\/\/somos-hermanos.mx\/#organization"},"potentialAction":[{"@type":"SearchAction","target":{"@type":"EntryPoint","urlTemplate":"https:\/\/somos-hermanos.mx\/?s={search_term_string}"},"query-input":{"@type":"PropertyValueSpecification","valueRequired":true,"valueName":"search_term_string"}}],"inLanguage":"es"},{"@type":"Organization","@id":"https:\/\/somos-hermanos.mx\/#organization","name":"Somos Hermanos","url":"https:\/\/somos-hermanos.mx\/","logo":{"@type":"ImageObject","inLanguage":"es","@id":"https:\/\/somos-hermanos.mx\/#\/schema\/logo\/image\/","url":"https:\/\/somos-hermanos.mx\/wp-content\/uploads\/2025\/08\/SH30-1.jpeg","contentUrl":"https:\/\/somos-hermanos.mx\/wp-content\/uploads\/2025\/08\/SH30-1.jpeg","width":1600,"height":1142,"caption":"Somos Hermanos"},"image":{"@id":"https:\/\/somos-hermanos.mx\/#\/schema\/logo\/image\/"},"sameAs":["https:\/\/www.facebook.com\/SomosHermanosIAP\/","https:\/\/x.com\/Somos__Hermanos","https:\/\/www.instagram.com\/somos__hermanos\/#","https:\/\/www.tiktok.com\/@somoshermanosiap","https:\/\/www.youtube.com\/@somoshermanosiap1201\/videos"]},{"@type":"Person","@id":"https:\/\/somos-hermanos.mx\/#\/schema\/person\/9a6f4846be3f6417120bd52d3c372a2a","name":"Jorge Luevanos Colunga","image":{"@type":"ImageObject","inLanguage":"es","@id":"https:\/\/secure.gravatar.com\/avatar\/fe89ce57773d4ca96fa3ec60521226cfd01e86886055be4fe89607061d716c35?s=96&d=mm&r=g","url":"https:\/\/secure.gravatar.com\/avatar\/fe89ce57773d4ca96fa3ec60521226cfd01e86886055be4fe89607061d716c35?s=96&d=mm&r=g","contentUrl":"https:\/\/secure.gravatar.com\/avatar\/fe89ce57773d4ca96fa3ec60521226cfd01e86886055be4fe89607061d716c35?s=96&d=mm&r=g","caption":"Jorge Luevanos Colunga"},"url":"https:\/\/somos-hermanos.mx\/index.php\/author\/jorge-luevanos-colunga\/"}]}},"_links":{"self":[{"href":"https:\/\/somos-hermanos.mx\/index.php\/wp-json\/wp\/v2\/posts\/621","targetHints":{"allow":["GET"]}}],"collection":[{"href":"https:\/\/somos-hermanos.mx\/index.php\/wp-json\/wp\/v2\/posts"}],"about":[{"href":"https:\/\/somos-hermanos.mx\/index.php\/wp-json\/wp\/v2\/types\/post"}],"author":[{"embeddable":true,"href":"https:\/\/somos-hermanos.mx\/index.php\/wp-json\/wp\/v2\/users\/23"}],"replies":[{"embeddable":true,"href":"https:\/\/somos-hermanos.mx\/index.php\/wp-json\/wp\/v2\/comments?post=621"}],"version-history":[{"count":1,"href":"https:\/\/somos-hermanos.mx\/index.php\/wp-json\/wp\/v2\/posts\/621\/revisions"}],"predecessor-version":[{"id":623,"href":"https:\/\/somos-hermanos.mx\/index.php\/wp-json\/wp\/v2\/posts\/621\/revisions\/623"}],"wp:featuredmedia":[{"embeddable":true,"href":"https:\/\/somos-hermanos.mx\/index.php\/wp-json\/wp\/v2\/media\/624"}],"wp:attachment":[{"href":"https:\/\/somos-hermanos.mx\/index.php\/wp-json\/wp\/v2\/media?parent=621"}],"wp:term":[{"taxonomy":"category","embeddable":true,"href":"https:\/\/somos-hermanos.mx\/index.php\/wp-json\/wp\/v2\/categories?post=621"},{"taxonomy":"post_tag","embeddable":true,"href":"https:\/\/somos-hermanos.mx\/index.php\/wp-json\/wp\/v2\/tags?post=621"}],"curies":[{"name":"wp","href":"https:\/\/api.w.org\/{rel}","templated":true}]}}