{"id":618,"date":"2025-08-04T01:21:57","date_gmt":"2025-08-04T07:21:57","guid":{"rendered":"https:\/\/somos-hermanos.mx\/?p=618"},"modified":"2025-08-04T01:21:57","modified_gmt":"2025-08-04T07:21:57","slug":"educa-transforma-vidas-a-traves-de-la-educacion","status":"publish","type":"post","link":"https:\/\/somos-hermanos.mx\/index.php\/2025\/08\/04\/educa-transforma-vidas-a-traves-de-la-educacion\/","title":{"rendered":"Educa: Transforma vidas a trav\u00e9s de la educaci\u00f3n"},"content":{"rendered":"<p>Fundaci\u00f3n EDUCA es una organizaci\u00f3n sin fines de lucro dedicada a <strong>fortalecer la educaci\u00f3n en M\u00e9xico. Su labor abarca el apoyo a escuelas p\u00fablicas y de la sociedad civil, beneficiando a ni\u00f1as, ni\u00f1os y j\u00f3venes de 2 a 24 a\u00f1os.<\/strong>\u00a0Mediante un financiamiento, programas de capacitaci\u00f3n docente y proyectos educativos innovadores, buscando garantizar una educaci\u00f3n de calidad para todos.<\/p>\n<p>A trav\u00e9s de una red activa de donantes nacionales e internacionales, EDUCA trabaja para transformar comunidades y abrir nuevas puertas de desarrollo para estudiantes y educadores. Todo esto generan resultados de cambios.<\/p>\n<p><strong>EL IMPACTO Y ALCANCE EDUCA <\/strong><\/p>\n<p><strong>Con 28 a\u00f1os de experiencia, la fundaci\u00f3n lidera una red educativa de gran alcance. <\/strong>Actualmente apoya a 905 instituciones escolares ubicadas en 14 estados del pa\u00eds, impactando positivamente en la vida de 97,527 estudiantes y capacitando a 7,265 docentes. Adem\u00e1s, ha trabajado directamente con m\u00e1s de 20,000 padres de familia y han implementado cerca de 200 iniciativas para mejorar la calidad educativa en los planteles.<\/p>\n<p>Entre sus mayores logros se destaca el <strong>&#8220;Proyecto de Fortalecimiento Financiero&#8221;, <\/strong>el cual ha logrado que m\u00e1s de 4,000 donantes recurrente contribuyan mensualmente con montos que van desde los 50 pesos hasta los quinientos pesos, ayudando a mejorar tanto la infraestructura escolar como las operaciones diarias.<\/p>\n<p>Su diversidad en programas educativos ofrece una amplia posibilidad de potenciar el sistema educativo. Son m\u00e1s de 1,200 de docentes que participan activamente en la Comunidad Virtual y el Congreso EDUCA para su actualizaci\u00f3n continua. Por otro lado, promueven competencias en educaci\u00f3n financiera, matem\u00e1tica y de emprendimiento, tanto en estudiantes como en profesores.<\/p>\n<p>La sostenibilidad ambiental es parte importante de la fundaci\u00f3n, lo cual vemos en su iniciativa &#8220;Escuelas por la Tierra&#8221; y huertos escolares que se han extendido con \u00e9xito a ocho pa\u00edses en Latinoam\u00e9rica.<\/p>\n<p>Cuentan con certificaciones con valor oficial, tanto de la SEP\/CONOCER y el PNUMA, los cuales son \u00fatiles en procesos de acreditaci\u00f3n laboral y promoci\u00f3n de la educaci\u00f3n ambiental.<\/p>\n<p><strong>UN IMPACTO MEDIDO Y SOSTENIBLE<\/strong><\/p>\n<p>De acuerdo con Filantrofilia, una asociaci\u00f3n civil sin fines de lucro que busca fortalecer y profesionalizar el sector social, en 2022 cada peso invertido en las actividades de EDUCA gener\u00f3 un retorno social de 6.80 pesos. Este indicador refleja la alta eficiencia e impacto tangible que respaldan su modelo operativo.<\/p>\n<p><strong>DONA Y FORMA PARTE DEL CAMBIO<\/strong><strong>\u00a0<\/strong><\/p>\n<p>La fundaci\u00f3n extiende una invitaci\u00f3n a empresas y ciudadanos interesados en sumarse con donativos. Estas aportaciones hacen posible que m\u00e1s ni\u00f1os y j\u00f3venes puedan seguir estudiando, apoyando \u00e1reas esenciales para su desarrollo acad\u00e9mico como matem\u00e1ticas aplicadas, cultura financiera, biotecnolog\u00eda e iniciativas permanentes de formaci\u00f3n para docentes. EDUCA contin\u00faa su misi\u00f3n de garantizar que el aprendizaje sea accesible para todas las personas, construyendo un futuro m\u00e1s inclusivo y transformador a trav\u00e9s del poder del conocimiento.<\/p>\n","protected":false},"excerpt":{"rendered":"<p>Fundaci\u00f3n EDUCA es una organizaci\u00f3n sin fines de lucro dedicada a fortalecer la educaci\u00f3n en M\u00e9xico. Su labor abarca el apoyo a escuelas p\u00fablicas y de la sociedad civil, beneficiando a ni\u00f1as, ni\u00f1os y j\u00f3venes de 2 a 24 a\u00f1os.\u00a0Mediante un financiamiento, programas de capacitaci\u00f3n docente y proyectos educativos innovadores, buscando garantizar una educaci\u00f3n de [&hellip;]<\/p>\n","protected":false},"author":4,"featured_media":619,"comment_status":"open","ping_status":"closed","sticky":false,"template":"","format":"standard","meta":{"footnotes":""},"categories":[6],"tags":[],"class_list":["post-618","post","type-post","status-publish","format-standard","has-post-thumbnail","hentry","category-noticias"],"yoast_head":"<!-- This site is optimized with the Yoast SEO plugin v27.4 - https:\/\/yoast.com\/product\/yoast-seo-wordpress\/ -->\n<title>Educa: Transforma vidas a trav\u00e9s de la educaci\u00f3n - Historias que inspiran...<\/title>\n<meta name=\"robots\" content=\"index, follow, max-snippet:-1, max-image-preview:large, max-video-preview:-1\" \/>\n<link rel=\"canonical\" href=\"https:\/\/somos-hermanos.mx\/index.php\/2025\/08\/04\/educa-transforma-vidas-a-traves-de-la-educacion\/\" \/>\n<meta property=\"og:locale\" content=\"es_MX\" \/>\n<meta property=\"og:type\" content=\"article\" \/>\n<meta property=\"og:title\" content=\"Educa: Transforma vidas a trav\u00e9s de la educaci\u00f3n - Historias que inspiran...\" \/>\n<meta property=\"og:description\" content=\"Fundaci\u00f3n EDUCA es una organizaci\u00f3n sin fines de lucro dedicada a fortalecer la educaci\u00f3n en M\u00e9xico. Su labor abarca el apoyo a escuelas p\u00fablicas y de la sociedad civil, beneficiando a ni\u00f1as, ni\u00f1os y j\u00f3venes de 2 a 24 a\u00f1os.\u00a0Mediante un financiamiento, programas de capacitaci\u00f3n docente y proyectos educativos innovadores, buscando garantizar una educaci\u00f3n de [&hellip;]\" \/>\n<meta property=\"og:url\" content=\"https:\/\/somos-hermanos.mx\/index.php\/2025\/08\/04\/educa-transforma-vidas-a-traves-de-la-educacion\/\" \/>\n<meta property=\"og:site_name\" content=\"Historias que inspiran...\" \/>\n<meta property=\"article:publisher\" content=\"https:\/\/www.facebook.com\/SomosHermanosIAP\/\" \/>\n<meta property=\"article:published_time\" content=\"2025-08-04T07:21:57+00:00\" \/>\n<meta property=\"og:image\" content=\"https:\/\/somos-hermanos.mx\/wp-content\/uploads\/2025\/08\/educa.jpeg\" \/>\n\t<meta property=\"og:image:width\" content=\"400\" \/>\n\t<meta property=\"og:image:height\" content=\"400\" \/>\n\t<meta property=\"og:image:type\" content=\"image\/jpeg\" \/>\n<meta name=\"author\" content=\"Diana D\u00edaz Cardoza\" \/>\n<meta name=\"twitter:card\" content=\"summary_large_image\" \/>\n<meta name=\"twitter:creator\" content=\"@Somos__Hermanos\" \/>\n<meta name=\"twitter:site\" content=\"@Somos__Hermanos\" \/>\n<meta name=\"twitter:label1\" content=\"Escrito por\" \/>\n\t<meta name=\"twitter:data1\" content=\"Diana D\u00edaz Cardoza\" \/>\n\t<meta name=\"twitter:label2\" content=\"Tiempo de lectura\" \/>\n\t<meta name=\"twitter:data2\" content=\"3 minutos\" \/>\n<script type=\"application\/ld+json\" class=\"yoast-schema-graph\">{\"@context\":\"https:\\\/\\\/schema.org\",\"@graph\":[{\"@type\":\"Article\",\"@id\":\"https:\\\/\\\/somos-hermanos.mx\\\/index.php\\\/2025\\\/08\\\/04\\\/educa-transforma-vidas-a-traves-de-la-educacion\\\/#article\",\"isPartOf\":{\"@id\":\"https:\\\/\\\/somos-hermanos.mx\\\/index.php\\\/2025\\\/08\\\/04\\\/educa-transforma-vidas-a-traves-de-la-educacion\\\/\"},\"author\":{\"name\":\"Diana D\u00edaz Cardoza\",\"@id\":\"https:\\\/\\\/somos-hermanos.mx\\\/#\\\/schema\\\/person\\\/410425922654f3768f310e5949e1d304\"},\"headline\":\"Educa: Transforma vidas a trav\u00e9s de la educaci\u00f3n\",\"datePublished\":\"2025-08-04T07:21:57+00:00\",\"mainEntityOfPage\":{\"@id\":\"https:\\\/\\\/somos-hermanos.mx\\\/index.php\\\/2025\\\/08\\\/04\\\/educa-transforma-vidas-a-traves-de-la-educacion\\\/\"},\"wordCount\":495,\"commentCount\":0,\"publisher\":{\"@id\":\"https:\\\/\\\/somos-hermanos.mx\\\/#organization\"},\"image\":{\"@id\":\"https:\\\/\\\/somos-hermanos.mx\\\/index.php\\\/2025\\\/08\\\/04\\\/educa-transforma-vidas-a-traves-de-la-educacion\\\/#primaryimage\"},\"thumbnailUrl\":\"https:\\\/\\\/somos-hermanos.mx\\\/wp-content\\\/uploads\\\/2025\\\/08\\\/educa.jpeg\",\"articleSection\":[\"Noticias\"],\"inLanguage\":\"es\",\"potentialAction\":[{\"@type\":\"CommentAction\",\"name\":\"Comment\",\"target\":[\"https:\\\/\\\/somos-hermanos.mx\\\/index.php\\\/2025\\\/08\\\/04\\\/educa-transforma-vidas-a-traves-de-la-educacion\\\/#respond\"]}]},{\"@type\":\"WebPage\",\"@id\":\"https:\\\/\\\/somos-hermanos.mx\\\/index.php\\\/2025\\\/08\\\/04\\\/educa-transforma-vidas-a-traves-de-la-educacion\\\/\",\"url\":\"https:\\\/\\\/somos-hermanos.mx\\\/index.php\\\/2025\\\/08\\\/04\\\/educa-transforma-vidas-a-traves-de-la-educacion\\\/\",\"name\":\"Educa: Transforma vidas a trav\u00e9s de la educaci\u00f3n - Historias que inspiran...\",\"isPartOf\":{\"@id\":\"https:\\\/\\\/somos-hermanos.mx\\\/#website\"},\"primaryImageOfPage\":{\"@id\":\"https:\\\/\\\/somos-hermanos.mx\\\/index.php\\\/2025\\\/08\\\/04\\\/educa-transforma-vidas-a-traves-de-la-educacion\\\/#primaryimage\"},\"image\":{\"@id\":\"https:\\\/\\\/somos-hermanos.mx\\\/index.php\\\/2025\\\/08\\\/04\\\/educa-transforma-vidas-a-traves-de-la-educacion\\\/#primaryimage\"},\"thumbnailUrl\":\"https:\\\/\\\/somos-hermanos.mx\\\/wp-content\\\/uploads\\\/2025\\\/08\\\/educa.jpeg\",\"datePublished\":\"2025-08-04T07:21:57+00:00\",\"breadcrumb\":{\"@id\":\"https:\\\/\\\/somos-hermanos.mx\\\/index.php\\\/2025\\\/08\\\/04\\\/educa-transforma-vidas-a-traves-de-la-educacion\\\/#breadcrumb\"},\"inLanguage\":\"es\",\"potentialAction\":[{\"@type\":\"ReadAction\",\"target\":[\"https:\\\/\\\/somos-hermanos.mx\\\/index.php\\\/2025\\\/08\\\/04\\\/educa-transforma-vidas-a-traves-de-la-educacion\\\/\"]}]},{\"@type\":\"ImageObject\",\"inLanguage\":\"es\",\"@id\":\"https:\\\/\\\/somos-hermanos.mx\\\/index.php\\\/2025\\\/08\\\/04\\\/educa-transforma-vidas-a-traves-de-la-educacion\\\/#primaryimage\",\"url\":\"https:\\\/\\\/somos-hermanos.mx\\\/wp-content\\\/uploads\\\/2025\\\/08\\\/educa.jpeg\",\"contentUrl\":\"https:\\\/\\\/somos-hermanos.mx\\\/wp-content\\\/uploads\\\/2025\\\/08\\\/educa.jpeg\",\"width\":400,\"height\":400},{\"@type\":\"BreadcrumbList\",\"@id\":\"https:\\\/\\\/somos-hermanos.mx\\\/index.php\\\/2025\\\/08\\\/04\\\/educa-transforma-vidas-a-traves-de-la-educacion\\\/#breadcrumb\",\"itemListElement\":[{\"@type\":\"ListItem\",\"position\":1,\"name\":\"Inicio\",\"item\":\"https:\\\/\\\/somos-hermanos.mx\\\/\"},{\"@type\":\"ListItem\",\"position\":2,\"name\":\"Educa: Transforma vidas a trav\u00e9s de la educaci\u00f3n\"}]},{\"@type\":\"WebSite\",\"@id\":\"https:\\\/\\\/somos-hermanos.mx\\\/#website\",\"url\":\"https:\\\/\\\/somos-hermanos.mx\\\/\",\"name\":\"Historias que inspiran...\",\"description\":\"Somos la voz del altruismo en M\u00e9xico\",\"publisher\":{\"@id\":\"https:\\\/\\\/somos-hermanos.mx\\\/#organization\"},\"potentialAction\":[{\"@type\":\"SearchAction\",\"target\":{\"@type\":\"EntryPoint\",\"urlTemplate\":\"https:\\\/\\\/somos-hermanos.mx\\\/?s={search_term_string}\"},\"query-input\":{\"@type\":\"PropertyValueSpecification\",\"valueRequired\":true,\"valueName\":\"search_term_string\"}}],\"inLanguage\":\"es\"},{\"@type\":\"Organization\",\"@id\":\"https:\\\/\\\/somos-hermanos.mx\\\/#organization\",\"name\":\"Somos Hermanos\",\"url\":\"https:\\\/\\\/somos-hermanos.mx\\\/\",\"logo\":{\"@type\":\"ImageObject\",\"inLanguage\":\"es\",\"@id\":\"https:\\\/\\\/somos-hermanos.mx\\\/#\\\/schema\\\/logo\\\/image\\\/\",\"url\":\"https:\\\/\\\/somos-hermanos.mx\\\/wp-content\\\/uploads\\\/2025\\\/08\\\/SH30-1.jpeg\",\"contentUrl\":\"https:\\\/\\\/somos-hermanos.mx\\\/wp-content\\\/uploads\\\/2025\\\/08\\\/SH30-1.jpeg\",\"width\":1600,\"height\":1142,\"caption\":\"Somos Hermanos\"},\"image\":{\"@id\":\"https:\\\/\\\/somos-hermanos.mx\\\/#\\\/schema\\\/logo\\\/image\\\/\"},\"sameAs\":[\"https:\\\/\\\/www.facebook.com\\\/SomosHermanosIAP\\\/\",\"https:\\\/\\\/x.com\\\/Somos__Hermanos\",\"https:\\\/\\\/www.instagram.com\\\/somos__hermanos\\\/#\",\"https:\\\/\\\/www.tiktok.com\\\/@somoshermanosiap\",\"https:\\\/\\\/www.youtube.com\\\/@somoshermanosiap1201\\\/videos\"]},{\"@type\":\"Person\",\"@id\":\"https:\\\/\\\/somos-hermanos.mx\\\/#\\\/schema\\\/person\\\/410425922654f3768f310e5949e1d304\",\"name\":\"Diana D\u00edaz Cardoza\",\"image\":{\"@type\":\"ImageObject\",\"inLanguage\":\"es\",\"@id\":\"https:\\\/\\\/secure.gravatar.com\\\/avatar\\\/f80bf4377c9bc6108877fbe8e6e6a08647dd8a628846d62be4318348e3a367f7?s=96&d=mm&r=g\",\"url\":\"https:\\\/\\\/secure.gravatar.com\\\/avatar\\\/f80bf4377c9bc6108877fbe8e6e6a08647dd8a628846d62be4318348e3a367f7?s=96&d=mm&r=g\",\"contentUrl\":\"https:\\\/\\\/secure.gravatar.com\\\/avatar\\\/f80bf4377c9bc6108877fbe8e6e6a08647dd8a628846d62be4318348e3a367f7?s=96&d=mm&r=g\",\"caption\":\"Diana D\u00edaz Cardoza\"},\"url\":\"https:\\\/\\\/somos-hermanos.mx\\\/index.php\\\/author\\\/diana-diaz-cardoza\\\/\"}]}<\/script>\n<!-- \/ Yoast SEO plugin. -->","yoast_head_json":{"title":"Educa: Transforma vidas a trav\u00e9s de la educaci\u00f3n - Historias que inspiran...","robots":{"index":"index","follow":"follow","max-snippet":"max-snippet:-1","max-image-preview":"max-image-preview:large","max-video-preview":"max-video-preview:-1"},"canonical":"https:\/\/somos-hermanos.mx\/index.php\/2025\/08\/04\/educa-transforma-vidas-a-traves-de-la-educacion\/","og_locale":"es_MX","og_type":"article","og_title":"Educa: Transforma vidas a trav\u00e9s de la educaci\u00f3n - Historias que inspiran...","og_description":"Fundaci\u00f3n EDUCA es una organizaci\u00f3n sin fines de lucro dedicada a fortalecer la educaci\u00f3n en M\u00e9xico. Su labor abarca el apoyo a escuelas p\u00fablicas y de la sociedad civil, beneficiando a ni\u00f1as, ni\u00f1os y j\u00f3venes de 2 a 24 a\u00f1os.\u00a0Mediante un financiamiento, programas de capacitaci\u00f3n docente y proyectos educativos innovadores, buscando garantizar una educaci\u00f3n de [&hellip;]","og_url":"https:\/\/somos-hermanos.mx\/index.php\/2025\/08\/04\/educa-transforma-vidas-a-traves-de-la-educacion\/","og_site_name":"Historias que inspiran...","article_publisher":"https:\/\/www.facebook.com\/SomosHermanosIAP\/","article_published_time":"2025-08-04T07:21:57+00:00","og_image":[{"width":400,"height":400,"url":"https:\/\/somos-hermanos.mx\/wp-content\/uploads\/2025\/08\/educa.jpeg","type":"image\/jpeg"}],"author":"Diana D\u00edaz Cardoza","twitter_card":"summary_large_image","twitter_creator":"@Somos__Hermanos","twitter_site":"@Somos__Hermanos","twitter_misc":{"Escrito por":"Diana D\u00edaz Cardoza","Tiempo de lectura":"3 minutos"},"schema":{"@context":"https:\/\/schema.org","@graph":[{"@type":"Article","@id":"https:\/\/somos-hermanos.mx\/index.php\/2025\/08\/04\/educa-transforma-vidas-a-traves-de-la-educacion\/#article","isPartOf":{"@id":"https:\/\/somos-hermanos.mx\/index.php\/2025\/08\/04\/educa-transforma-vidas-a-traves-de-la-educacion\/"},"author":{"name":"Diana D\u00edaz Cardoza","@id":"https:\/\/somos-hermanos.mx\/#\/schema\/person\/410425922654f3768f310e5949e1d304"},"headline":"Educa: Transforma vidas a trav\u00e9s de la educaci\u00f3n","datePublished":"2025-08-04T07:21:57+00:00","mainEntityOfPage":{"@id":"https:\/\/somos-hermanos.mx\/index.php\/2025\/08\/04\/educa-transforma-vidas-a-traves-de-la-educacion\/"},"wordCount":495,"commentCount":0,"publisher":{"@id":"https:\/\/somos-hermanos.mx\/#organization"},"image":{"@id":"https:\/\/somos-hermanos.mx\/index.php\/2025\/08\/04\/educa-transforma-vidas-a-traves-de-la-educacion\/#primaryimage"},"thumbnailUrl":"https:\/\/somos-hermanos.mx\/wp-content\/uploads\/2025\/08\/educa.jpeg","articleSection":["Noticias"],"inLanguage":"es","potentialAction":[{"@type":"CommentAction","name":"Comment","target":["https:\/\/somos-hermanos.mx\/index.php\/2025\/08\/04\/educa-transforma-vidas-a-traves-de-la-educacion\/#respond"]}]},{"@type":"WebPage","@id":"https:\/\/somos-hermanos.mx\/index.php\/2025\/08\/04\/educa-transforma-vidas-a-traves-de-la-educacion\/","url":"https:\/\/somos-hermanos.mx\/index.php\/2025\/08\/04\/educa-transforma-vidas-a-traves-de-la-educacion\/","name":"Educa: Transforma vidas a trav\u00e9s de la educaci\u00f3n - Historias que inspiran...","isPartOf":{"@id":"https:\/\/somos-hermanos.mx\/#website"},"primaryImageOfPage":{"@id":"https:\/\/somos-hermanos.mx\/index.php\/2025\/08\/04\/educa-transforma-vidas-a-traves-de-la-educacion\/#primaryimage"},"image":{"@id":"https:\/\/somos-hermanos.mx\/index.php\/2025\/08\/04\/educa-transforma-vidas-a-traves-de-la-educacion\/#primaryimage"},"thumbnailUrl":"https:\/\/somos-hermanos.mx\/wp-content\/uploads\/2025\/08\/educa.jpeg","datePublished":"2025-08-04T07:21:57+00:00","breadcrumb":{"@id":"https:\/\/somos-hermanos.mx\/index.php\/2025\/08\/04\/educa-transforma-vidas-a-traves-de-la-educacion\/#breadcrumb"},"inLanguage":"es","potentialAction":[{"@type":"ReadAction","target":["https:\/\/somos-hermanos.mx\/index.php\/2025\/08\/04\/educa-transforma-vidas-a-traves-de-la-educacion\/"]}]},{"@type":"ImageObject","inLanguage":"es","@id":"https:\/\/somos-hermanos.mx\/index.php\/2025\/08\/04\/educa-transforma-vidas-a-traves-de-la-educacion\/#primaryimage","url":"https:\/\/somos-hermanos.mx\/wp-content\/uploads\/2025\/08\/educa.jpeg","contentUrl":"https:\/\/somos-hermanos.mx\/wp-content\/uploads\/2025\/08\/educa.jpeg","width":400,"height":400},{"@type":"BreadcrumbList","@id":"https:\/\/somos-hermanos.mx\/index.php\/2025\/08\/04\/educa-transforma-vidas-a-traves-de-la-educacion\/#breadcrumb","itemListElement":[{"@type":"ListItem","position":1,"name":"Inicio","item":"https:\/\/somos-hermanos.mx\/"},{"@type":"ListItem","position":2,"name":"Educa: Transforma vidas a trav\u00e9s de la educaci\u00f3n"}]},{"@type":"WebSite","@id":"https:\/\/somos-hermanos.mx\/#website","url":"https:\/\/somos-hermanos.mx\/","name":"Historias que inspiran...","description":"Somos la voz del altruismo en M\u00e9xico","publisher":{"@id":"https:\/\/somos-hermanos.mx\/#organization"},"potentialAction":[{"@type":"SearchAction","target":{"@type":"EntryPoint","urlTemplate":"https:\/\/somos-hermanos.mx\/?s={search_term_string}"},"query-input":{"@type":"PropertyValueSpecification","valueRequired":true,"valueName":"search_term_string"}}],"inLanguage":"es"},{"@type":"Organization","@id":"https:\/\/somos-hermanos.mx\/#organization","name":"Somos Hermanos","url":"https:\/\/somos-hermanos.mx\/","logo":{"@type":"ImageObject","inLanguage":"es","@id":"https:\/\/somos-hermanos.mx\/#\/schema\/logo\/image\/","url":"https:\/\/somos-hermanos.mx\/wp-content\/uploads\/2025\/08\/SH30-1.jpeg","contentUrl":"https:\/\/somos-hermanos.mx\/wp-content\/uploads\/2025\/08\/SH30-1.jpeg","width":1600,"height":1142,"caption":"Somos Hermanos"},"image":{"@id":"https:\/\/somos-hermanos.mx\/#\/schema\/logo\/image\/"},"sameAs":["https:\/\/www.facebook.com\/SomosHermanosIAP\/","https:\/\/x.com\/Somos__Hermanos","https:\/\/www.instagram.com\/somos__hermanos\/#","https:\/\/www.tiktok.com\/@somoshermanosiap","https:\/\/www.youtube.com\/@somoshermanosiap1201\/videos"]},{"@type":"Person","@id":"https:\/\/somos-hermanos.mx\/#\/schema\/person\/410425922654f3768f310e5949e1d304","name":"Diana D\u00edaz Cardoza","image":{"@type":"ImageObject","inLanguage":"es","@id":"https:\/\/secure.gravatar.com\/avatar\/f80bf4377c9bc6108877fbe8e6e6a08647dd8a628846d62be4318348e3a367f7?s=96&d=mm&r=g","url":"https:\/\/secure.gravatar.com\/avatar\/f80bf4377c9bc6108877fbe8e6e6a08647dd8a628846d62be4318348e3a367f7?s=96&d=mm&r=g","contentUrl":"https:\/\/secure.gravatar.com\/avatar\/f80bf4377c9bc6108877fbe8e6e6a08647dd8a628846d62be4318348e3a367f7?s=96&d=mm&r=g","caption":"Diana D\u00edaz Cardoza"},"url":"https:\/\/somos-hermanos.mx\/index.php\/author\/diana-diaz-cardoza\/"}]}},"_links":{"self":[{"href":"https:\/\/somos-hermanos.mx\/index.php\/wp-json\/wp\/v2\/posts\/618","targetHints":{"allow":["GET"]}}],"collection":[{"href":"https:\/\/somos-hermanos.mx\/index.php\/wp-json\/wp\/v2\/posts"}],"about":[{"href":"https:\/\/somos-hermanos.mx\/index.php\/wp-json\/wp\/v2\/types\/post"}],"author":[{"embeddable":true,"href":"https:\/\/somos-hermanos.mx\/index.php\/wp-json\/wp\/v2\/users\/4"}],"replies":[{"embeddable":true,"href":"https:\/\/somos-hermanos.mx\/index.php\/wp-json\/wp\/v2\/comments?post=618"}],"version-history":[{"count":1,"href":"https:\/\/somos-hermanos.mx\/index.php\/wp-json\/wp\/v2\/posts\/618\/revisions"}],"predecessor-version":[{"id":620,"href":"https:\/\/somos-hermanos.mx\/index.php\/wp-json\/wp\/v2\/posts\/618\/revisions\/620"}],"wp:featuredmedia":[{"embeddable":true,"href":"https:\/\/somos-hermanos.mx\/index.php\/wp-json\/wp\/v2\/media\/619"}],"wp:attachment":[{"href":"https:\/\/somos-hermanos.mx\/index.php\/wp-json\/wp\/v2\/media?parent=618"}],"wp:term":[{"taxonomy":"category","embeddable":true,"href":"https:\/\/somos-hermanos.mx\/index.php\/wp-json\/wp\/v2\/categories?post=618"},{"taxonomy":"post_tag","embeddable":true,"href":"https:\/\/somos-hermanos.mx\/index.php\/wp-json\/wp\/v2\/tags?post=618"}],"curies":[{"name":"wp","href":"https:\/\/api.w.org\/{rel}","templated":true}]}}