{"id":615,"date":"2025-08-04T01:19:35","date_gmt":"2025-08-04T07:19:35","guid":{"rendered":"https:\/\/somos-hermanos.mx\/?p=615"},"modified":"2025-08-04T01:19:35","modified_gmt":"2025-08-04T07:19:35","slug":"hogares-providencia-un-refugio-para-almas-juveniles-e-infantiles","status":"publish","type":"post","link":"https:\/\/somos-hermanos.mx\/index.php\/2025\/08\/04\/hogares-providencia-un-refugio-para-almas-juveniles-e-infantiles\/","title":{"rendered":"Hogares Providencia: Un refugio para almas juveniles e infantiles"},"content":{"rendered":"<p>Hogares Providencia IAP <strong>fue fundada en 1979 y es una de las instituciones pioneras<\/strong>\u00a0<strong>en salvaguardar las infancias y adolescencias que sobreviven en las calles. <\/strong>Creada gracias a la interacci\u00f3n del padre Alejandro Garc\u00eda Dur\u00e1n, conocido tambi\u00e9n como Padre Chinchachoma, con ni\u00f1os que estaban en situaci\u00f3n de calle y en las que decidi\u00f3 darles un lugar donde vivir.<\/p>\n<p>El proyecto abund\u00f3 de tal manera que, en el a\u00f1o de 1979, se formaliz\u00f3 como una Instituci\u00f3n de Asistencia Privada. Donde actualmente <strong>se les brinda, a adolescentes e infantes, hogares que cuentan con un sistema de \u201cpuertas abiertas\u201d <\/strong>y una selecci\u00f3n de servicios que ayudan a que su crecimiento sea de una manera \u00edntegra y segura.<\/p>\n<p>Tambi\u00e9n se les proporciona actividades recreativas, acceso a la cultura y los deportes; siendo de gran ayuda estas din\u00e1micas para crear un convencimiento propio y a la vez crear una motivaci\u00f3n de permanecer y no regresar a la calle.<\/p>\n<p>Su misi\u00f3n es crear las instancias y programas para poder brindar la nutrici\u00f3n, educaci\u00f3n, desarrollo f\u00edsico y emocional que se les priv\u00f3 en las calles.<\/p>\n<p>Cuenta con cuatro hogares que est\u00e1n dise\u00f1ados para un rango de edad y g\u00e9nero:<\/p>\n<ul>\n<li>Casa Cuna San Jos\u00e9 de Calasanz, ni\u00f1os y ni\u00f1as reci\u00e9n nacidos a 5 a\u00f1os;<\/li>\n<li>Hogar Sonrisa, ni\u00f1as de 6 a 11 a\u00f1os;<\/li>\n<li>Hogar Alegr\u00eda, ni\u00f1os y hombres adolescentes de 6 a 18 a\u00f1os;<\/li>\n<li>Hogar San Ignacio de Loyola, mujeres adolescentes de 12 a 18 a\u00f1os.<\/li>\n<\/ul>\n<p>La presencia adulta, en cada hogar, se les llama T\u00edas-Educadoras; quienes est\u00e1n a cargo de que haya un buen funcionamiento en el hogar y que todos los procesos administrativos sean llevados correctamente.<\/p>\n<p>As\u00ed como tambi\u00e9n ayudan a los residentes a que encuentren una figura positiva en la que pueden obtener apoyo. En 2022 se benefici\u00f3 a 113 ni\u00f1as, ni\u00f1os y adolescentes: 59 ni\u00f1as y mujeres adolescentes, 54 ni\u00f1os y hombres adolescentes. As\u00ed como tambi\u00e9n se les brind\u00f3 atenci\u00f3n jur\u00eddica y psicol\u00f3gica a 20 familias de origen y sustitutas.<\/p>\n<p>Puedes ayudar a la preservaci\u00f3n de una instituci\u00f3n fundamental, como lo es Hogares Providencia, de diversas maneras: donativos econ\u00f3micos, donativos de especie, servicio social y voluntariado, padrinos de coraz\u00f3n. Y as\u00ed ayudar que un sector tan vulnerable, como el infantil y juvenil, pueda ver el mundo desde una perspectiva saludable y segura.<\/p>\n","protected":false},"excerpt":{"rendered":"<p>Hogares Providencia IAP fue fundada en 1979 y es una de las instituciones pioneras\u00a0en salvaguardar las infancias y adolescencias que sobreviven en las calles. Creada gracias a la interacci\u00f3n del padre Alejandro Garc\u00eda Dur\u00e1n, conocido tambi\u00e9n como Padre Chinchachoma, con ni\u00f1os que estaban en situaci\u00f3n de calle y en las que decidi\u00f3 darles un lugar [&hellip;]<\/p>\n","protected":false},"author":21,"featured_media":616,"comment_status":"open","ping_status":"closed","sticky":false,"template":"","format":"standard","meta":{"footnotes":""},"categories":[6],"tags":[],"class_list":["post-615","post","type-post","status-publish","format-standard","has-post-thumbnail","hentry","category-noticias"],"yoast_head":"<!-- This site is optimized with the Yoast SEO plugin v27.4 - https:\/\/yoast.com\/product\/yoast-seo-wordpress\/ -->\n<title>Hogares Providencia: Un refugio para almas juveniles e infantiles - Historias que inspiran...<\/title>\n<meta name=\"robots\" content=\"index, follow, max-snippet:-1, max-image-preview:large, max-video-preview:-1\" \/>\n<link rel=\"canonical\" href=\"https:\/\/somos-hermanos.mx\/index.php\/2025\/08\/04\/hogares-providencia-un-refugio-para-almas-juveniles-e-infantiles\/\" \/>\n<meta property=\"og:locale\" content=\"es_MX\" \/>\n<meta property=\"og:type\" content=\"article\" \/>\n<meta property=\"og:title\" content=\"Hogares Providencia: Un refugio para almas juveniles e infantiles - Historias que inspiran...\" \/>\n<meta property=\"og:description\" content=\"Hogares Providencia IAP fue fundada en 1979 y es una de las instituciones pioneras\u00a0en salvaguardar las infancias y adolescencias que sobreviven en las calles. Creada gracias a la interacci\u00f3n del padre Alejandro Garc\u00eda Dur\u00e1n, conocido tambi\u00e9n como Padre Chinchachoma, con ni\u00f1os que estaban en situaci\u00f3n de calle y en las que decidi\u00f3 darles un lugar [&hellip;]\" \/>\n<meta property=\"og:url\" content=\"https:\/\/somos-hermanos.mx\/index.php\/2025\/08\/04\/hogares-providencia-un-refugio-para-almas-juveniles-e-infantiles\/\" \/>\n<meta property=\"og:site_name\" content=\"Historias que inspiran...\" \/>\n<meta property=\"article:publisher\" content=\"https:\/\/www.facebook.com\/SomosHermanosIAP\/\" \/>\n<meta property=\"article:published_time\" content=\"2025-08-04T07:19:35+00:00\" \/>\n<meta property=\"og:image\" content=\"https:\/\/somos-hermanos.mx\/wp-content\/uploads\/2025\/08\/hoga1.jpeg\" \/>\n\t<meta property=\"og:image:width\" content=\"1080\" \/>\n\t<meta property=\"og:image:height\" content=\"1350\" \/>\n\t<meta property=\"og:image:type\" content=\"image\/jpeg\" \/>\n<meta name=\"author\" content=\"Jes\u00fas Pe\u00f1a Aguirre\" \/>\n<meta name=\"twitter:card\" content=\"summary_large_image\" \/>\n<meta name=\"twitter:creator\" content=\"@Somos__Hermanos\" \/>\n<meta name=\"twitter:site\" content=\"@Somos__Hermanos\" \/>\n<meta name=\"twitter:label1\" content=\"Escrito por\" \/>\n\t<meta name=\"twitter:data1\" content=\"Jes\u00fas Pe\u00f1a Aguirre\" \/>\n\t<meta name=\"twitter:label2\" content=\"Tiempo de lectura\" \/>\n\t<meta name=\"twitter:data2\" content=\"2 minutos\" \/>\n<script type=\"application\/ld+json\" class=\"yoast-schema-graph\">{\"@context\":\"https:\\\/\\\/schema.org\",\"@graph\":[{\"@type\":\"Article\",\"@id\":\"https:\\\/\\\/somos-hermanos.mx\\\/index.php\\\/2025\\\/08\\\/04\\\/hogares-providencia-un-refugio-para-almas-juveniles-e-infantiles\\\/#article\",\"isPartOf\":{\"@id\":\"https:\\\/\\\/somos-hermanos.mx\\\/index.php\\\/2025\\\/08\\\/04\\\/hogares-providencia-un-refugio-para-almas-juveniles-e-infantiles\\\/\"},\"author\":{\"name\":\"Jes\u00fas Pe\u00f1a Aguirre\",\"@id\":\"https:\\\/\\\/somos-hermanos.mx\\\/#\\\/schema\\\/person\\\/8acd26a8688e659352b79b33c534872c\"},\"headline\":\"Hogares Providencia: Un refugio para almas juveniles e infantiles\",\"datePublished\":\"2025-08-04T07:19:35+00:00\",\"mainEntityOfPage\":{\"@id\":\"https:\\\/\\\/somos-hermanos.mx\\\/index.php\\\/2025\\\/08\\\/04\\\/hogares-providencia-un-refugio-para-almas-juveniles-e-infantiles\\\/\"},\"wordCount\":416,\"commentCount\":0,\"publisher\":{\"@id\":\"https:\\\/\\\/somos-hermanos.mx\\\/#organization\"},\"image\":{\"@id\":\"https:\\\/\\\/somos-hermanos.mx\\\/index.php\\\/2025\\\/08\\\/04\\\/hogares-providencia-un-refugio-para-almas-juveniles-e-infantiles\\\/#primaryimage\"},\"thumbnailUrl\":\"https:\\\/\\\/somos-hermanos.mx\\\/wp-content\\\/uploads\\\/2025\\\/08\\\/hoga1.jpeg\",\"articleSection\":[\"Noticias\"],\"inLanguage\":\"es\",\"potentialAction\":[{\"@type\":\"CommentAction\",\"name\":\"Comment\",\"target\":[\"https:\\\/\\\/somos-hermanos.mx\\\/index.php\\\/2025\\\/08\\\/04\\\/hogares-providencia-un-refugio-para-almas-juveniles-e-infantiles\\\/#respond\"]}]},{\"@type\":\"WebPage\",\"@id\":\"https:\\\/\\\/somos-hermanos.mx\\\/index.php\\\/2025\\\/08\\\/04\\\/hogares-providencia-un-refugio-para-almas-juveniles-e-infantiles\\\/\",\"url\":\"https:\\\/\\\/somos-hermanos.mx\\\/index.php\\\/2025\\\/08\\\/04\\\/hogares-providencia-un-refugio-para-almas-juveniles-e-infantiles\\\/\",\"name\":\"Hogares Providencia: Un refugio para almas juveniles e infantiles - Historias que inspiran...\",\"isPartOf\":{\"@id\":\"https:\\\/\\\/somos-hermanos.mx\\\/#website\"},\"primaryImageOfPage\":{\"@id\":\"https:\\\/\\\/somos-hermanos.mx\\\/index.php\\\/2025\\\/08\\\/04\\\/hogares-providencia-un-refugio-para-almas-juveniles-e-infantiles\\\/#primaryimage\"},\"image\":{\"@id\":\"https:\\\/\\\/somos-hermanos.mx\\\/index.php\\\/2025\\\/08\\\/04\\\/hogares-providencia-un-refugio-para-almas-juveniles-e-infantiles\\\/#primaryimage\"},\"thumbnailUrl\":\"https:\\\/\\\/somos-hermanos.mx\\\/wp-content\\\/uploads\\\/2025\\\/08\\\/hoga1.jpeg\",\"datePublished\":\"2025-08-04T07:19:35+00:00\",\"breadcrumb\":{\"@id\":\"https:\\\/\\\/somos-hermanos.mx\\\/index.php\\\/2025\\\/08\\\/04\\\/hogares-providencia-un-refugio-para-almas-juveniles-e-infantiles\\\/#breadcrumb\"},\"inLanguage\":\"es\",\"potentialAction\":[{\"@type\":\"ReadAction\",\"target\":[\"https:\\\/\\\/somos-hermanos.mx\\\/index.php\\\/2025\\\/08\\\/04\\\/hogares-providencia-un-refugio-para-almas-juveniles-e-infantiles\\\/\"]}]},{\"@type\":\"ImageObject\",\"inLanguage\":\"es\",\"@id\":\"https:\\\/\\\/somos-hermanos.mx\\\/index.php\\\/2025\\\/08\\\/04\\\/hogares-providencia-un-refugio-para-almas-juveniles-e-infantiles\\\/#primaryimage\",\"url\":\"https:\\\/\\\/somos-hermanos.mx\\\/wp-content\\\/uploads\\\/2025\\\/08\\\/hoga1.jpeg\",\"contentUrl\":\"https:\\\/\\\/somos-hermanos.mx\\\/wp-content\\\/uploads\\\/2025\\\/08\\\/hoga1.jpeg\",\"width\":1080,\"height\":1350},{\"@type\":\"BreadcrumbList\",\"@id\":\"https:\\\/\\\/somos-hermanos.mx\\\/index.php\\\/2025\\\/08\\\/04\\\/hogares-providencia-un-refugio-para-almas-juveniles-e-infantiles\\\/#breadcrumb\",\"itemListElement\":[{\"@type\":\"ListItem\",\"position\":1,\"name\":\"Inicio\",\"item\":\"https:\\\/\\\/somos-hermanos.mx\\\/\"},{\"@type\":\"ListItem\",\"position\":2,\"name\":\"Hogares Providencia: Un refugio para almas juveniles e infantiles\"}]},{\"@type\":\"WebSite\",\"@id\":\"https:\\\/\\\/somos-hermanos.mx\\\/#website\",\"url\":\"https:\\\/\\\/somos-hermanos.mx\\\/\",\"name\":\"Historias que inspiran...\",\"description\":\"Somos la voz del altruismo en M\u00e9xico\",\"publisher\":{\"@id\":\"https:\\\/\\\/somos-hermanos.mx\\\/#organization\"},\"potentialAction\":[{\"@type\":\"SearchAction\",\"target\":{\"@type\":\"EntryPoint\",\"urlTemplate\":\"https:\\\/\\\/somos-hermanos.mx\\\/?s={search_term_string}\"},\"query-input\":{\"@type\":\"PropertyValueSpecification\",\"valueRequired\":true,\"valueName\":\"search_term_string\"}}],\"inLanguage\":\"es\"},{\"@type\":\"Organization\",\"@id\":\"https:\\\/\\\/somos-hermanos.mx\\\/#organization\",\"name\":\"Somos Hermanos\",\"url\":\"https:\\\/\\\/somos-hermanos.mx\\\/\",\"logo\":{\"@type\":\"ImageObject\",\"inLanguage\":\"es\",\"@id\":\"https:\\\/\\\/somos-hermanos.mx\\\/#\\\/schema\\\/logo\\\/image\\\/\",\"url\":\"https:\\\/\\\/somos-hermanos.mx\\\/wp-content\\\/uploads\\\/2025\\\/08\\\/SH30-1.jpeg\",\"contentUrl\":\"https:\\\/\\\/somos-hermanos.mx\\\/wp-content\\\/uploads\\\/2025\\\/08\\\/SH30-1.jpeg\",\"width\":1600,\"height\":1142,\"caption\":\"Somos Hermanos\"},\"image\":{\"@id\":\"https:\\\/\\\/somos-hermanos.mx\\\/#\\\/schema\\\/logo\\\/image\\\/\"},\"sameAs\":[\"https:\\\/\\\/www.facebook.com\\\/SomosHermanosIAP\\\/\",\"https:\\\/\\\/x.com\\\/Somos__Hermanos\",\"https:\\\/\\\/www.instagram.com\\\/somos__hermanos\\\/#\",\"https:\\\/\\\/www.tiktok.com\\\/@somoshermanosiap\",\"https:\\\/\\\/www.youtube.com\\\/@somoshermanosiap1201\\\/videos\"]},{\"@type\":\"Person\",\"@id\":\"https:\\\/\\\/somos-hermanos.mx\\\/#\\\/schema\\\/person\\\/8acd26a8688e659352b79b33c534872c\",\"name\":\"Jes\u00fas Pe\u00f1a Aguirre\",\"image\":{\"@type\":\"ImageObject\",\"inLanguage\":\"es\",\"@id\":\"https:\\\/\\\/secure.gravatar.com\\\/avatar\\\/a3d489e680e76cdf1b7ccc620e427d14f54a929f15306ea1d436efc89ee85c7c?s=96&d=mm&r=g\",\"url\":\"https:\\\/\\\/secure.gravatar.com\\\/avatar\\\/a3d489e680e76cdf1b7ccc620e427d14f54a929f15306ea1d436efc89ee85c7c?s=96&d=mm&r=g\",\"contentUrl\":\"https:\\\/\\\/secure.gravatar.com\\\/avatar\\\/a3d489e680e76cdf1b7ccc620e427d14f54a929f15306ea1d436efc89ee85c7c?s=96&d=mm&r=g\",\"caption\":\"Jes\u00fas Pe\u00f1a Aguirre\"},\"url\":\"https:\\\/\\\/somos-hermanos.mx\\\/index.php\\\/author\\\/jesus-pena-aguirre\\\/\"}]}<\/script>\n<!-- \/ Yoast SEO plugin. -->","yoast_head_json":{"title":"Hogares Providencia: Un refugio para almas juveniles e infantiles - Historias que inspiran...","robots":{"index":"index","follow":"follow","max-snippet":"max-snippet:-1","max-image-preview":"max-image-preview:large","max-video-preview":"max-video-preview:-1"},"canonical":"https:\/\/somos-hermanos.mx\/index.php\/2025\/08\/04\/hogares-providencia-un-refugio-para-almas-juveniles-e-infantiles\/","og_locale":"es_MX","og_type":"article","og_title":"Hogares Providencia: Un refugio para almas juveniles e infantiles - Historias que inspiran...","og_description":"Hogares Providencia IAP fue fundada en 1979 y es una de las instituciones pioneras\u00a0en salvaguardar las infancias y adolescencias que sobreviven en las calles. Creada gracias a la interacci\u00f3n del padre Alejandro Garc\u00eda Dur\u00e1n, conocido tambi\u00e9n como Padre Chinchachoma, con ni\u00f1os que estaban en situaci\u00f3n de calle y en las que decidi\u00f3 darles un lugar [&hellip;]","og_url":"https:\/\/somos-hermanos.mx\/index.php\/2025\/08\/04\/hogares-providencia-un-refugio-para-almas-juveniles-e-infantiles\/","og_site_name":"Historias que inspiran...","article_publisher":"https:\/\/www.facebook.com\/SomosHermanosIAP\/","article_published_time":"2025-08-04T07:19:35+00:00","og_image":[{"width":1080,"height":1350,"url":"https:\/\/somos-hermanos.mx\/wp-content\/uploads\/2025\/08\/hoga1.jpeg","type":"image\/jpeg"}],"author":"Jes\u00fas Pe\u00f1a Aguirre","twitter_card":"summary_large_image","twitter_creator":"@Somos__Hermanos","twitter_site":"@Somos__Hermanos","twitter_misc":{"Escrito por":"Jes\u00fas Pe\u00f1a Aguirre","Tiempo de lectura":"2 minutos"},"schema":{"@context":"https:\/\/schema.org","@graph":[{"@type":"Article","@id":"https:\/\/somos-hermanos.mx\/index.php\/2025\/08\/04\/hogares-providencia-un-refugio-para-almas-juveniles-e-infantiles\/#article","isPartOf":{"@id":"https:\/\/somos-hermanos.mx\/index.php\/2025\/08\/04\/hogares-providencia-un-refugio-para-almas-juveniles-e-infantiles\/"},"author":{"name":"Jes\u00fas Pe\u00f1a Aguirre","@id":"https:\/\/somos-hermanos.mx\/#\/schema\/person\/8acd26a8688e659352b79b33c534872c"},"headline":"Hogares Providencia: Un refugio para almas juveniles e infantiles","datePublished":"2025-08-04T07:19:35+00:00","mainEntityOfPage":{"@id":"https:\/\/somos-hermanos.mx\/index.php\/2025\/08\/04\/hogares-providencia-un-refugio-para-almas-juveniles-e-infantiles\/"},"wordCount":416,"commentCount":0,"publisher":{"@id":"https:\/\/somos-hermanos.mx\/#organization"},"image":{"@id":"https:\/\/somos-hermanos.mx\/index.php\/2025\/08\/04\/hogares-providencia-un-refugio-para-almas-juveniles-e-infantiles\/#primaryimage"},"thumbnailUrl":"https:\/\/somos-hermanos.mx\/wp-content\/uploads\/2025\/08\/hoga1.jpeg","articleSection":["Noticias"],"inLanguage":"es","potentialAction":[{"@type":"CommentAction","name":"Comment","target":["https:\/\/somos-hermanos.mx\/index.php\/2025\/08\/04\/hogares-providencia-un-refugio-para-almas-juveniles-e-infantiles\/#respond"]}]},{"@type":"WebPage","@id":"https:\/\/somos-hermanos.mx\/index.php\/2025\/08\/04\/hogares-providencia-un-refugio-para-almas-juveniles-e-infantiles\/","url":"https:\/\/somos-hermanos.mx\/index.php\/2025\/08\/04\/hogares-providencia-un-refugio-para-almas-juveniles-e-infantiles\/","name":"Hogares Providencia: Un refugio para almas juveniles e infantiles - Historias que inspiran...","isPartOf":{"@id":"https:\/\/somos-hermanos.mx\/#website"},"primaryImageOfPage":{"@id":"https:\/\/somos-hermanos.mx\/index.php\/2025\/08\/04\/hogares-providencia-un-refugio-para-almas-juveniles-e-infantiles\/#primaryimage"},"image":{"@id":"https:\/\/somos-hermanos.mx\/index.php\/2025\/08\/04\/hogares-providencia-un-refugio-para-almas-juveniles-e-infantiles\/#primaryimage"},"thumbnailUrl":"https:\/\/somos-hermanos.mx\/wp-content\/uploads\/2025\/08\/hoga1.jpeg","datePublished":"2025-08-04T07:19:35+00:00","breadcrumb":{"@id":"https:\/\/somos-hermanos.mx\/index.php\/2025\/08\/04\/hogares-providencia-un-refugio-para-almas-juveniles-e-infantiles\/#breadcrumb"},"inLanguage":"es","potentialAction":[{"@type":"ReadAction","target":["https:\/\/somos-hermanos.mx\/index.php\/2025\/08\/04\/hogares-providencia-un-refugio-para-almas-juveniles-e-infantiles\/"]}]},{"@type":"ImageObject","inLanguage":"es","@id":"https:\/\/somos-hermanos.mx\/index.php\/2025\/08\/04\/hogares-providencia-un-refugio-para-almas-juveniles-e-infantiles\/#primaryimage","url":"https:\/\/somos-hermanos.mx\/wp-content\/uploads\/2025\/08\/hoga1.jpeg","contentUrl":"https:\/\/somos-hermanos.mx\/wp-content\/uploads\/2025\/08\/hoga1.jpeg","width":1080,"height":1350},{"@type":"BreadcrumbList","@id":"https:\/\/somos-hermanos.mx\/index.php\/2025\/08\/04\/hogares-providencia-un-refugio-para-almas-juveniles-e-infantiles\/#breadcrumb","itemListElement":[{"@type":"ListItem","position":1,"name":"Inicio","item":"https:\/\/somos-hermanos.mx\/"},{"@type":"ListItem","position":2,"name":"Hogares Providencia: Un refugio para almas juveniles e infantiles"}]},{"@type":"WebSite","@id":"https:\/\/somos-hermanos.mx\/#website","url":"https:\/\/somos-hermanos.mx\/","name":"Historias que inspiran...","description":"Somos la voz del altruismo en M\u00e9xico","publisher":{"@id":"https:\/\/somos-hermanos.mx\/#organization"},"potentialAction":[{"@type":"SearchAction","target":{"@type":"EntryPoint","urlTemplate":"https:\/\/somos-hermanos.mx\/?s={search_term_string}"},"query-input":{"@type":"PropertyValueSpecification","valueRequired":true,"valueName":"search_term_string"}}],"inLanguage":"es"},{"@type":"Organization","@id":"https:\/\/somos-hermanos.mx\/#organization","name":"Somos Hermanos","url":"https:\/\/somos-hermanos.mx\/","logo":{"@type":"ImageObject","inLanguage":"es","@id":"https:\/\/somos-hermanos.mx\/#\/schema\/logo\/image\/","url":"https:\/\/somos-hermanos.mx\/wp-content\/uploads\/2025\/08\/SH30-1.jpeg","contentUrl":"https:\/\/somos-hermanos.mx\/wp-content\/uploads\/2025\/08\/SH30-1.jpeg","width":1600,"height":1142,"caption":"Somos Hermanos"},"image":{"@id":"https:\/\/somos-hermanos.mx\/#\/schema\/logo\/image\/"},"sameAs":["https:\/\/www.facebook.com\/SomosHermanosIAP\/","https:\/\/x.com\/Somos__Hermanos","https:\/\/www.instagram.com\/somos__hermanos\/#","https:\/\/www.tiktok.com\/@somoshermanosiap","https:\/\/www.youtube.com\/@somoshermanosiap1201\/videos"]},{"@type":"Person","@id":"https:\/\/somos-hermanos.mx\/#\/schema\/person\/8acd26a8688e659352b79b33c534872c","name":"Jes\u00fas Pe\u00f1a Aguirre","image":{"@type":"ImageObject","inLanguage":"es","@id":"https:\/\/secure.gravatar.com\/avatar\/a3d489e680e76cdf1b7ccc620e427d14f54a929f15306ea1d436efc89ee85c7c?s=96&d=mm&r=g","url":"https:\/\/secure.gravatar.com\/avatar\/a3d489e680e76cdf1b7ccc620e427d14f54a929f15306ea1d436efc89ee85c7c?s=96&d=mm&r=g","contentUrl":"https:\/\/secure.gravatar.com\/avatar\/a3d489e680e76cdf1b7ccc620e427d14f54a929f15306ea1d436efc89ee85c7c?s=96&d=mm&r=g","caption":"Jes\u00fas Pe\u00f1a Aguirre"},"url":"https:\/\/somos-hermanos.mx\/index.php\/author\/jesus-pena-aguirre\/"}]}},"_links":{"self":[{"href":"https:\/\/somos-hermanos.mx\/index.php\/wp-json\/wp\/v2\/posts\/615","targetHints":{"allow":["GET"]}}],"collection":[{"href":"https:\/\/somos-hermanos.mx\/index.php\/wp-json\/wp\/v2\/posts"}],"about":[{"href":"https:\/\/somos-hermanos.mx\/index.php\/wp-json\/wp\/v2\/types\/post"}],"author":[{"embeddable":true,"href":"https:\/\/somos-hermanos.mx\/index.php\/wp-json\/wp\/v2\/users\/21"}],"replies":[{"embeddable":true,"href":"https:\/\/somos-hermanos.mx\/index.php\/wp-json\/wp\/v2\/comments?post=615"}],"version-history":[{"count":1,"href":"https:\/\/somos-hermanos.mx\/index.php\/wp-json\/wp\/v2\/posts\/615\/revisions"}],"predecessor-version":[{"id":617,"href":"https:\/\/somos-hermanos.mx\/index.php\/wp-json\/wp\/v2\/posts\/615\/revisions\/617"}],"wp:featuredmedia":[{"embeddable":true,"href":"https:\/\/somos-hermanos.mx\/index.php\/wp-json\/wp\/v2\/media\/616"}],"wp:attachment":[{"href":"https:\/\/somos-hermanos.mx\/index.php\/wp-json\/wp\/v2\/media?parent=615"}],"wp:term":[{"taxonomy":"category","embeddable":true,"href":"https:\/\/somos-hermanos.mx\/index.php\/wp-json\/wp\/v2\/categories?post=615"},{"taxonomy":"post_tag","embeddable":true,"href":"https:\/\/somos-hermanos.mx\/index.php\/wp-json\/wp\/v2\/tags?post=615"}],"curies":[{"name":"wp","href":"https:\/\/api.w.org\/{rel}","templated":true}]}}