{"id":612,"date":"2025-08-04T01:18:17","date_gmt":"2025-08-04T07:18:17","guid":{"rendered":"https:\/\/somos-hermanos.mx\/?p=612"},"modified":"2025-08-04T01:18:17","modified_gmt":"2025-08-04T07:18:17","slug":"presentan-guia-para-el-cuidado-de-pacientes-con-cancer-colorrectal-juntos-en-el-camino","status":"publish","type":"post","link":"https:\/\/somos-hermanos.mx\/index.php\/2025\/08\/04\/presentan-guia-para-el-cuidado-de-pacientes-con-cancer-colorrectal-juntos-en-el-camino\/","title":{"rendered":"Presentan gu\u00eda para el cuidado de pacientes con c\u00e1ncer colorrectal, \u201cJuntos en el camino\u201d"},"content":{"rendered":"<p>El diagn\u00f3stico de <strong>c\u00e1ncer colorrectal impacta en la calidad de vida del paciente y su cuidador, <\/strong>quien puede ser un profesional o en la mayor\u00eda de los casos un familiar; FUTEJE, en el marco del <strong>D\u00eda Mundial del C\u00e1ncer Colorrectal (CaCr) <\/strong>present\u00f3 <strong>\u201cJuntos en el camino\u201d, <\/strong>una gu\u00eda para cuidadores de pacientes con este tumor.<\/p>\n<p>El c\u00e1ncer colorrectal (CaCr) <strong>representa un problema de salud p\u00fablica significativo en M\u00e9xico, con una incidencia en 2022 de 16 mil 82 nuevos casos y ocho mil 283 defunciones de acuerdo a Globocan.<\/strong>\u00a0Adem\u00e1s de la prevenci\u00f3n, la detecci\u00f3n y atenci\u00f3n oportuna son cruciales para reducir el impacto de esta enfermedad.<\/p>\n<p>El CaCr <strong>es la primera causa de muerte por c\u00e1ncer en hombres y mujeres en M\u00e9xico. <\/strong>Entre los factores de riesgo para este padecimiento se incluyen la edad, antecedentes familiares, dieta, obesidad y tabaquismo. <strong>El 90% de los afectados por este tipo de c\u00e1ncer tiene 50 a\u00f1os o m\u00e1s. <\/strong>El 20% cuenta con familiares que padecieron esa neoplasia.<\/p>\n<p>Recibir un diagn\u00f3stico de c\u00e1ncer puede despertar sentimientos de temor, tristeza o nerviosismo en el paciente y su c\u00edrculo cercano. Para el paciente tambi\u00e9n es necesario enfrentarse a los cambios que presenta el organismo ante el tratamiento que se somete para esta enfermedad. <strong>Las gu\u00edas para el cuidado de pacientes con c\u00e1ncer son un recurso para acompa\u00f1ar a pacientes y cuidadores en este proceso. <\/strong><\/p>\n<p>\u201cEn FUTEJE reconocemos el papel del cuidador en la atenci\u00f3n del paciente con c\u00e1ncer colorrectal, es por esto que hemos elaborado la gu\u00eda <strong>\u2018Juntos en el camino\u2019 enfocada en abordar diversos aspectos como las tareas diarias, comunicaci\u00f3n con el equipo m\u00e9dico, estrategias de autocuidado y manejo emocional de los pacientes. <\/strong><\/p>\n<p>Creemos que esta ser\u00e1 una herramienta esencial para que los cuidadores, que muchas veces son familiares, se sientan m\u00e1s preparados para apoyar a los pacientes en su proceso\u201d, declar\u00f3 Francisco Freyria, director general de FUTEJE.<\/p>\n<p>En el evento de presentaci\u00f3n de la gu\u00eda \u2018Juntos en el camino\u2019 y de la Ruta del paciente con C\u00e1ncer Colorrectal en M\u00e9xico, se cont\u00f3 con la participaci\u00f3n de Zorana Maravic, CEO de Digestive Cancers Europe (DiCE) quien destac\u00f3 sobre la importancia de contar con estos materiales para la comunidad de CaCr en M\u00e9xico, \u201cla labor de las asociaciones es ayudar a los pacientes y a sus cuidadores en sus necesidades inmediatas y espec\u00edficas.<\/p>\n<p>El desarrollo de materiales como \u2018Juntos en el camino\u2019 refuerza el cumplimiento de nuestro objetivo que es el empoderamiento de los pacientes encaminado al acceso de atenci\u00f3n y tratamiento para padecimientos que representan un problema de salud p\u00fablica como el c\u00e1ncer colorrectal\u201d.<\/p>\n<p>En la gu\u00eda \u2018Juntos en el camino\u2019 podr\u00e1n encontrar informaci\u00f3n como generalidades del CaCr, la definici\u00f3n y responsabilidades del cuidador, las diferencias entre un cuidador profesional y uno familiar, cuidados b\u00e1sicos del paciente de acuerdo con el estadio y tratamiento; estrategias para cuidar al cuidador y autocuidado; comunicaci\u00f3n con el paciente y el equipo m\u00e9dico, nutrici\u00f3n del paciente, glosario m\u00e9dico y recursos para el cuidado fuera de casa.<\/p>\n<p>La gu\u00eda \u2018Juntos en el camino\u2019 est\u00e1 disponible en su versi\u00f3n digital en la p\u00e1gina de FUTEJE para acceso a todos los pacientes y cuidadores de la Rep\u00fablica Mexicana.<\/p>\n<p>Cabe recordar que FUTEJE fue creada en 1991 y se trabaja con el objetivo de brindar apoyo integral a pacientes con c\u00e1ncer colorrectal y g\u00e1strico desde la atenci\u00f3n a la salud, tratamiento e implementaci\u00f3n de programas de prevenci\u00f3n y detecci\u00f3n oportuna. <a href=\"https:\/\/www.futeje.org.mx\/\"><u>futeje.org.mx<\/u><\/a><\/p>\n","protected":false},"excerpt":{"rendered":"<p>El diagn\u00f3stico de c\u00e1ncer colorrectal impacta en la calidad de vida del paciente y su cuidador, quien puede ser un profesional o en la mayor\u00eda de los casos un familiar; FUTEJE, en el marco del D\u00eda Mundial del C\u00e1ncer Colorrectal (CaCr) present\u00f3 \u201cJuntos en el camino\u201d, una gu\u00eda para cuidadores de pacientes con este tumor. [&hellip;]<\/p>\n","protected":false},"author":8,"featured_media":613,"comment_status":"open","ping_status":"closed","sticky":false,"template":"","format":"standard","meta":{"footnotes":""},"categories":[6],"tags":[],"class_list":["post-612","post","type-post","status-publish","format-standard","has-post-thumbnail","hentry","category-noticias"],"yoast_head":"<!-- This site is optimized with the Yoast SEO plugin v27.5 - https:\/\/yoast.com\/product\/yoast-seo-wordpress\/ -->\n<title>Presentan gu\u00eda para el cuidado de pacientes con c\u00e1ncer colorrectal, \u201cJuntos en el camino\u201d - Historias que inspiran...<\/title>\n<meta name=\"robots\" content=\"index, follow, max-snippet:-1, max-image-preview:large, max-video-preview:-1\" \/>\n<link rel=\"canonical\" href=\"https:\/\/somos-hermanos.mx\/index.php\/2025\/08\/04\/presentan-guia-para-el-cuidado-de-pacientes-con-cancer-colorrectal-juntos-en-el-camino\/\" \/>\n<meta property=\"og:locale\" content=\"es_MX\" \/>\n<meta property=\"og:type\" content=\"article\" \/>\n<meta property=\"og:title\" content=\"Presentan gu\u00eda para el cuidado de pacientes con c\u00e1ncer colorrectal, \u201cJuntos en el camino\u201d - Historias que inspiran...\" \/>\n<meta property=\"og:description\" content=\"El diagn\u00f3stico de c\u00e1ncer colorrectal impacta en la calidad de vida del paciente y su cuidador, quien puede ser un profesional o en la mayor\u00eda de los casos un familiar; FUTEJE, en el marco del D\u00eda Mundial del C\u00e1ncer Colorrectal (CaCr) present\u00f3 \u201cJuntos en el camino\u201d, una gu\u00eda para cuidadores de pacientes con este tumor. [&hellip;]\" \/>\n<meta property=\"og:url\" content=\"https:\/\/somos-hermanos.mx\/index.php\/2025\/08\/04\/presentan-guia-para-el-cuidado-de-pacientes-con-cancer-colorrectal-juntos-en-el-camino\/\" \/>\n<meta property=\"og:site_name\" content=\"Historias que inspiran...\" \/>\n<meta property=\"article:publisher\" content=\"https:\/\/www.facebook.com\/SomosHermanosIAP\/\" \/>\n<meta property=\"article:published_time\" content=\"2025-08-04T07:18:17+00:00\" \/>\n<meta property=\"og:image\" content=\"https:\/\/somos-hermanos.mx\/wp-content\/uploads\/2025\/08\/futej1.jpeg\" \/>\n\t<meta property=\"og:image:width\" content=\"809\" \/>\n\t<meta property=\"og:image:height\" content=\"607\" \/>\n\t<meta property=\"og:image:type\" content=\"image\/jpeg\" \/>\n<meta name=\"author\" content=\"Jes\u00fas Arizmendi\" \/>\n<meta name=\"twitter:card\" content=\"summary_large_image\" \/>\n<meta name=\"twitter:creator\" content=\"@Somos__Hermanos\" \/>\n<meta name=\"twitter:site\" content=\"@Somos__Hermanos\" \/>\n<meta name=\"twitter:label1\" content=\"Escrito por\" \/>\n\t<meta name=\"twitter:data1\" content=\"Jes\u00fas Arizmendi\" \/>\n\t<meta name=\"twitter:label2\" content=\"Tiempo de lectura\" \/>\n\t<meta name=\"twitter:data2\" content=\"3 minutos\" \/>\n<script type=\"application\/ld+json\" class=\"yoast-schema-graph\">{\"@context\":\"https:\\\/\\\/schema.org\",\"@graph\":[{\"@type\":\"Article\",\"@id\":\"https:\\\/\\\/somos-hermanos.mx\\\/index.php\\\/2025\\\/08\\\/04\\\/presentan-guia-para-el-cuidado-de-pacientes-con-cancer-colorrectal-juntos-en-el-camino\\\/#article\",\"isPartOf\":{\"@id\":\"https:\\\/\\\/somos-hermanos.mx\\\/index.php\\\/2025\\\/08\\\/04\\\/presentan-guia-para-el-cuidado-de-pacientes-con-cancer-colorrectal-juntos-en-el-camino\\\/\"},\"author\":{\"name\":\"Jes\u00fas Arizmendi\",\"@id\":\"https:\\\/\\\/somos-hermanos.mx\\\/#\\\/schema\\\/person\\\/945cdfed39314d9db1242f593aecb908\"},\"headline\":\"Presentan gu\u00eda para el cuidado de pacientes con c\u00e1ncer colorrectal, \u201cJuntos en el camino\u201d\",\"datePublished\":\"2025-08-04T07:18:17+00:00\",\"mainEntityOfPage\":{\"@id\":\"https:\\\/\\\/somos-hermanos.mx\\\/index.php\\\/2025\\\/08\\\/04\\\/presentan-guia-para-el-cuidado-de-pacientes-con-cancer-colorrectal-juntos-en-el-camino\\\/\"},\"wordCount\":638,\"commentCount\":0,\"publisher\":{\"@id\":\"https:\\\/\\\/somos-hermanos.mx\\\/#organization\"},\"image\":{\"@id\":\"https:\\\/\\\/somos-hermanos.mx\\\/index.php\\\/2025\\\/08\\\/04\\\/presentan-guia-para-el-cuidado-de-pacientes-con-cancer-colorrectal-juntos-en-el-camino\\\/#primaryimage\"},\"thumbnailUrl\":\"https:\\\/\\\/somos-hermanos.mx\\\/wp-content\\\/uploads\\\/2025\\\/08\\\/futej1.jpeg\",\"articleSection\":[\"Noticias\"],\"inLanguage\":\"es\",\"potentialAction\":[{\"@type\":\"CommentAction\",\"name\":\"Comment\",\"target\":[\"https:\\\/\\\/somos-hermanos.mx\\\/index.php\\\/2025\\\/08\\\/04\\\/presentan-guia-para-el-cuidado-de-pacientes-con-cancer-colorrectal-juntos-en-el-camino\\\/#respond\"]}]},{\"@type\":\"WebPage\",\"@id\":\"https:\\\/\\\/somos-hermanos.mx\\\/index.php\\\/2025\\\/08\\\/04\\\/presentan-guia-para-el-cuidado-de-pacientes-con-cancer-colorrectal-juntos-en-el-camino\\\/\",\"url\":\"https:\\\/\\\/somos-hermanos.mx\\\/index.php\\\/2025\\\/08\\\/04\\\/presentan-guia-para-el-cuidado-de-pacientes-con-cancer-colorrectal-juntos-en-el-camino\\\/\",\"name\":\"Presentan gu\u00eda para el cuidado de pacientes con c\u00e1ncer colorrectal, \u201cJuntos en el camino\u201d - Historias que inspiran...\",\"isPartOf\":{\"@id\":\"https:\\\/\\\/somos-hermanos.mx\\\/#website\"},\"primaryImageOfPage\":{\"@id\":\"https:\\\/\\\/somos-hermanos.mx\\\/index.php\\\/2025\\\/08\\\/04\\\/presentan-guia-para-el-cuidado-de-pacientes-con-cancer-colorrectal-juntos-en-el-camino\\\/#primaryimage\"},\"image\":{\"@id\":\"https:\\\/\\\/somos-hermanos.mx\\\/index.php\\\/2025\\\/08\\\/04\\\/presentan-guia-para-el-cuidado-de-pacientes-con-cancer-colorrectal-juntos-en-el-camino\\\/#primaryimage\"},\"thumbnailUrl\":\"https:\\\/\\\/somos-hermanos.mx\\\/wp-content\\\/uploads\\\/2025\\\/08\\\/futej1.jpeg\",\"datePublished\":\"2025-08-04T07:18:17+00:00\",\"breadcrumb\":{\"@id\":\"https:\\\/\\\/somos-hermanos.mx\\\/index.php\\\/2025\\\/08\\\/04\\\/presentan-guia-para-el-cuidado-de-pacientes-con-cancer-colorrectal-juntos-en-el-camino\\\/#breadcrumb\"},\"inLanguage\":\"es\",\"potentialAction\":[{\"@type\":\"ReadAction\",\"target\":[\"https:\\\/\\\/somos-hermanos.mx\\\/index.php\\\/2025\\\/08\\\/04\\\/presentan-guia-para-el-cuidado-de-pacientes-con-cancer-colorrectal-juntos-en-el-camino\\\/\"]}]},{\"@type\":\"ImageObject\",\"inLanguage\":\"es\",\"@id\":\"https:\\\/\\\/somos-hermanos.mx\\\/index.php\\\/2025\\\/08\\\/04\\\/presentan-guia-para-el-cuidado-de-pacientes-con-cancer-colorrectal-juntos-en-el-camino\\\/#primaryimage\",\"url\":\"https:\\\/\\\/somos-hermanos.mx\\\/wp-content\\\/uploads\\\/2025\\\/08\\\/futej1.jpeg\",\"contentUrl\":\"https:\\\/\\\/somos-hermanos.mx\\\/wp-content\\\/uploads\\\/2025\\\/08\\\/futej1.jpeg\",\"width\":809,\"height\":607},{\"@type\":\"BreadcrumbList\",\"@id\":\"https:\\\/\\\/somos-hermanos.mx\\\/index.php\\\/2025\\\/08\\\/04\\\/presentan-guia-para-el-cuidado-de-pacientes-con-cancer-colorrectal-juntos-en-el-camino\\\/#breadcrumb\",\"itemListElement\":[{\"@type\":\"ListItem\",\"position\":1,\"name\":\"Inicio\",\"item\":\"https:\\\/\\\/somos-hermanos.mx\\\/\"},{\"@type\":\"ListItem\",\"position\":2,\"name\":\"Presentan gu\u00eda para el cuidado de pacientes con c\u00e1ncer colorrectal, \u201cJuntos en el camino\u201d\"}]},{\"@type\":\"WebSite\",\"@id\":\"https:\\\/\\\/somos-hermanos.mx\\\/#website\",\"url\":\"https:\\\/\\\/somos-hermanos.mx\\\/\",\"name\":\"Historias que inspiran...\",\"description\":\"Somos la voz del altruismo en M\u00e9xico\",\"publisher\":{\"@id\":\"https:\\\/\\\/somos-hermanos.mx\\\/#organization\"},\"potentialAction\":[{\"@type\":\"SearchAction\",\"target\":{\"@type\":\"EntryPoint\",\"urlTemplate\":\"https:\\\/\\\/somos-hermanos.mx\\\/?s={search_term_string}\"},\"query-input\":{\"@type\":\"PropertyValueSpecification\",\"valueRequired\":true,\"valueName\":\"search_term_string\"}}],\"inLanguage\":\"es\"},{\"@type\":\"Organization\",\"@id\":\"https:\\\/\\\/somos-hermanos.mx\\\/#organization\",\"name\":\"Somos Hermanos\",\"url\":\"https:\\\/\\\/somos-hermanos.mx\\\/\",\"logo\":{\"@type\":\"ImageObject\",\"inLanguage\":\"es\",\"@id\":\"https:\\\/\\\/somos-hermanos.mx\\\/#\\\/schema\\\/logo\\\/image\\\/\",\"url\":\"https:\\\/\\\/somos-hermanos.mx\\\/wp-content\\\/uploads\\\/2025\\\/08\\\/SH30-1.jpeg\",\"contentUrl\":\"https:\\\/\\\/somos-hermanos.mx\\\/wp-content\\\/uploads\\\/2025\\\/08\\\/SH30-1.jpeg\",\"width\":1600,\"height\":1142,\"caption\":\"Somos Hermanos\"},\"image\":{\"@id\":\"https:\\\/\\\/somos-hermanos.mx\\\/#\\\/schema\\\/logo\\\/image\\\/\"},\"sameAs\":[\"https:\\\/\\\/www.facebook.com\\\/SomosHermanosIAP\\\/\",\"https:\\\/\\\/x.com\\\/Somos__Hermanos\",\"https:\\\/\\\/www.instagram.com\\\/somos__hermanos\\\/#\",\"https:\\\/\\\/www.tiktok.com\\\/@somoshermanosiap\",\"https:\\\/\\\/www.youtube.com\\\/@somoshermanosiap1201\\\/videos\"]},{\"@type\":\"Person\",\"@id\":\"https:\\\/\\\/somos-hermanos.mx\\\/#\\\/schema\\\/person\\\/945cdfed39314d9db1242f593aecb908\",\"name\":\"Jes\u00fas Arizmendi\",\"image\":{\"@type\":\"ImageObject\",\"inLanguage\":\"es\",\"@id\":\"https:\\\/\\\/secure.gravatar.com\\\/avatar\\\/9d2f2284f2cc108aae42b8fdb13afa29b801f64001b731516b830e4926cc1b4b?s=96&d=mm&r=g\",\"url\":\"https:\\\/\\\/secure.gravatar.com\\\/avatar\\\/9d2f2284f2cc108aae42b8fdb13afa29b801f64001b731516b830e4926cc1b4b?s=96&d=mm&r=g\",\"contentUrl\":\"https:\\\/\\\/secure.gravatar.com\\\/avatar\\\/9d2f2284f2cc108aae42b8fdb13afa29b801f64001b731516b830e4926cc1b4b?s=96&d=mm&r=g\",\"caption\":\"Jes\u00fas Arizmendi\"},\"url\":\"https:\\\/\\\/somos-hermanos.mx\\\/index.php\\\/author\\\/jesus-arizmendi\\\/\"}]}<\/script>\n<!-- \/ Yoast SEO plugin. -->","yoast_head_json":{"title":"Presentan gu\u00eda para el cuidado de pacientes con c\u00e1ncer colorrectal, \u201cJuntos en el camino\u201d - Historias que inspiran...","robots":{"index":"index","follow":"follow","max-snippet":"max-snippet:-1","max-image-preview":"max-image-preview:large","max-video-preview":"max-video-preview:-1"},"canonical":"https:\/\/somos-hermanos.mx\/index.php\/2025\/08\/04\/presentan-guia-para-el-cuidado-de-pacientes-con-cancer-colorrectal-juntos-en-el-camino\/","og_locale":"es_MX","og_type":"article","og_title":"Presentan gu\u00eda para el cuidado de pacientes con c\u00e1ncer colorrectal, \u201cJuntos en el camino\u201d - Historias que inspiran...","og_description":"El diagn\u00f3stico de c\u00e1ncer colorrectal impacta en la calidad de vida del paciente y su cuidador, quien puede ser un profesional o en la mayor\u00eda de los casos un familiar; FUTEJE, en el marco del D\u00eda Mundial del C\u00e1ncer Colorrectal (CaCr) present\u00f3 \u201cJuntos en el camino\u201d, una gu\u00eda para cuidadores de pacientes con este tumor. [&hellip;]","og_url":"https:\/\/somos-hermanos.mx\/index.php\/2025\/08\/04\/presentan-guia-para-el-cuidado-de-pacientes-con-cancer-colorrectal-juntos-en-el-camino\/","og_site_name":"Historias que inspiran...","article_publisher":"https:\/\/www.facebook.com\/SomosHermanosIAP\/","article_published_time":"2025-08-04T07:18:17+00:00","og_image":[{"width":809,"height":607,"url":"https:\/\/somos-hermanos.mx\/wp-content\/uploads\/2025\/08\/futej1.jpeg","type":"image\/jpeg"}],"author":"Jes\u00fas Arizmendi","twitter_card":"summary_large_image","twitter_creator":"@Somos__Hermanos","twitter_site":"@Somos__Hermanos","twitter_misc":{"Escrito por":"Jes\u00fas Arizmendi","Tiempo de lectura":"3 minutos"},"schema":{"@context":"https:\/\/schema.org","@graph":[{"@type":"Article","@id":"https:\/\/somos-hermanos.mx\/index.php\/2025\/08\/04\/presentan-guia-para-el-cuidado-de-pacientes-con-cancer-colorrectal-juntos-en-el-camino\/#article","isPartOf":{"@id":"https:\/\/somos-hermanos.mx\/index.php\/2025\/08\/04\/presentan-guia-para-el-cuidado-de-pacientes-con-cancer-colorrectal-juntos-en-el-camino\/"},"author":{"name":"Jes\u00fas Arizmendi","@id":"https:\/\/somos-hermanos.mx\/#\/schema\/person\/945cdfed39314d9db1242f593aecb908"},"headline":"Presentan gu\u00eda para el cuidado de pacientes con c\u00e1ncer colorrectal, \u201cJuntos en el camino\u201d","datePublished":"2025-08-04T07:18:17+00:00","mainEntityOfPage":{"@id":"https:\/\/somos-hermanos.mx\/index.php\/2025\/08\/04\/presentan-guia-para-el-cuidado-de-pacientes-con-cancer-colorrectal-juntos-en-el-camino\/"},"wordCount":638,"commentCount":0,"publisher":{"@id":"https:\/\/somos-hermanos.mx\/#organization"},"image":{"@id":"https:\/\/somos-hermanos.mx\/index.php\/2025\/08\/04\/presentan-guia-para-el-cuidado-de-pacientes-con-cancer-colorrectal-juntos-en-el-camino\/#primaryimage"},"thumbnailUrl":"https:\/\/somos-hermanos.mx\/wp-content\/uploads\/2025\/08\/futej1.jpeg","articleSection":["Noticias"],"inLanguage":"es","potentialAction":[{"@type":"CommentAction","name":"Comment","target":["https:\/\/somos-hermanos.mx\/index.php\/2025\/08\/04\/presentan-guia-para-el-cuidado-de-pacientes-con-cancer-colorrectal-juntos-en-el-camino\/#respond"]}]},{"@type":"WebPage","@id":"https:\/\/somos-hermanos.mx\/index.php\/2025\/08\/04\/presentan-guia-para-el-cuidado-de-pacientes-con-cancer-colorrectal-juntos-en-el-camino\/","url":"https:\/\/somos-hermanos.mx\/index.php\/2025\/08\/04\/presentan-guia-para-el-cuidado-de-pacientes-con-cancer-colorrectal-juntos-en-el-camino\/","name":"Presentan gu\u00eda para el cuidado de pacientes con c\u00e1ncer colorrectal, \u201cJuntos en el camino\u201d - Historias que inspiran...","isPartOf":{"@id":"https:\/\/somos-hermanos.mx\/#website"},"primaryImageOfPage":{"@id":"https:\/\/somos-hermanos.mx\/index.php\/2025\/08\/04\/presentan-guia-para-el-cuidado-de-pacientes-con-cancer-colorrectal-juntos-en-el-camino\/#primaryimage"},"image":{"@id":"https:\/\/somos-hermanos.mx\/index.php\/2025\/08\/04\/presentan-guia-para-el-cuidado-de-pacientes-con-cancer-colorrectal-juntos-en-el-camino\/#primaryimage"},"thumbnailUrl":"https:\/\/somos-hermanos.mx\/wp-content\/uploads\/2025\/08\/futej1.jpeg","datePublished":"2025-08-04T07:18:17+00:00","breadcrumb":{"@id":"https:\/\/somos-hermanos.mx\/index.php\/2025\/08\/04\/presentan-guia-para-el-cuidado-de-pacientes-con-cancer-colorrectal-juntos-en-el-camino\/#breadcrumb"},"inLanguage":"es","potentialAction":[{"@type":"ReadAction","target":["https:\/\/somos-hermanos.mx\/index.php\/2025\/08\/04\/presentan-guia-para-el-cuidado-de-pacientes-con-cancer-colorrectal-juntos-en-el-camino\/"]}]},{"@type":"ImageObject","inLanguage":"es","@id":"https:\/\/somos-hermanos.mx\/index.php\/2025\/08\/04\/presentan-guia-para-el-cuidado-de-pacientes-con-cancer-colorrectal-juntos-en-el-camino\/#primaryimage","url":"https:\/\/somos-hermanos.mx\/wp-content\/uploads\/2025\/08\/futej1.jpeg","contentUrl":"https:\/\/somos-hermanos.mx\/wp-content\/uploads\/2025\/08\/futej1.jpeg","width":809,"height":607},{"@type":"BreadcrumbList","@id":"https:\/\/somos-hermanos.mx\/index.php\/2025\/08\/04\/presentan-guia-para-el-cuidado-de-pacientes-con-cancer-colorrectal-juntos-en-el-camino\/#breadcrumb","itemListElement":[{"@type":"ListItem","position":1,"name":"Inicio","item":"https:\/\/somos-hermanos.mx\/"},{"@type":"ListItem","position":2,"name":"Presentan gu\u00eda para el cuidado de pacientes con c\u00e1ncer colorrectal, \u201cJuntos en el camino\u201d"}]},{"@type":"WebSite","@id":"https:\/\/somos-hermanos.mx\/#website","url":"https:\/\/somos-hermanos.mx\/","name":"Historias que inspiran...","description":"Somos la voz del altruismo en M\u00e9xico","publisher":{"@id":"https:\/\/somos-hermanos.mx\/#organization"},"potentialAction":[{"@type":"SearchAction","target":{"@type":"EntryPoint","urlTemplate":"https:\/\/somos-hermanos.mx\/?s={search_term_string}"},"query-input":{"@type":"PropertyValueSpecification","valueRequired":true,"valueName":"search_term_string"}}],"inLanguage":"es"},{"@type":"Organization","@id":"https:\/\/somos-hermanos.mx\/#organization","name":"Somos Hermanos","url":"https:\/\/somos-hermanos.mx\/","logo":{"@type":"ImageObject","inLanguage":"es","@id":"https:\/\/somos-hermanos.mx\/#\/schema\/logo\/image\/","url":"https:\/\/somos-hermanos.mx\/wp-content\/uploads\/2025\/08\/SH30-1.jpeg","contentUrl":"https:\/\/somos-hermanos.mx\/wp-content\/uploads\/2025\/08\/SH30-1.jpeg","width":1600,"height":1142,"caption":"Somos Hermanos"},"image":{"@id":"https:\/\/somos-hermanos.mx\/#\/schema\/logo\/image\/"},"sameAs":["https:\/\/www.facebook.com\/SomosHermanosIAP\/","https:\/\/x.com\/Somos__Hermanos","https:\/\/www.instagram.com\/somos__hermanos\/#","https:\/\/www.tiktok.com\/@somoshermanosiap","https:\/\/www.youtube.com\/@somoshermanosiap1201\/videos"]},{"@type":"Person","@id":"https:\/\/somos-hermanos.mx\/#\/schema\/person\/945cdfed39314d9db1242f593aecb908","name":"Jes\u00fas Arizmendi","image":{"@type":"ImageObject","inLanguage":"es","@id":"https:\/\/secure.gravatar.com\/avatar\/9d2f2284f2cc108aae42b8fdb13afa29b801f64001b731516b830e4926cc1b4b?s=96&d=mm&r=g","url":"https:\/\/secure.gravatar.com\/avatar\/9d2f2284f2cc108aae42b8fdb13afa29b801f64001b731516b830e4926cc1b4b?s=96&d=mm&r=g","contentUrl":"https:\/\/secure.gravatar.com\/avatar\/9d2f2284f2cc108aae42b8fdb13afa29b801f64001b731516b830e4926cc1b4b?s=96&d=mm&r=g","caption":"Jes\u00fas Arizmendi"},"url":"https:\/\/somos-hermanos.mx\/index.php\/author\/jesus-arizmendi\/"}]}},"_links":{"self":[{"href":"https:\/\/somos-hermanos.mx\/index.php\/wp-json\/wp\/v2\/posts\/612","targetHints":{"allow":["GET"]}}],"collection":[{"href":"https:\/\/somos-hermanos.mx\/index.php\/wp-json\/wp\/v2\/posts"}],"about":[{"href":"https:\/\/somos-hermanos.mx\/index.php\/wp-json\/wp\/v2\/types\/post"}],"author":[{"embeddable":true,"href":"https:\/\/somos-hermanos.mx\/index.php\/wp-json\/wp\/v2\/users\/8"}],"replies":[{"embeddable":true,"href":"https:\/\/somos-hermanos.mx\/index.php\/wp-json\/wp\/v2\/comments?post=612"}],"version-history":[{"count":1,"href":"https:\/\/somos-hermanos.mx\/index.php\/wp-json\/wp\/v2\/posts\/612\/revisions"}],"predecessor-version":[{"id":614,"href":"https:\/\/somos-hermanos.mx\/index.php\/wp-json\/wp\/v2\/posts\/612\/revisions\/614"}],"wp:featuredmedia":[{"embeddable":true,"href":"https:\/\/somos-hermanos.mx\/index.php\/wp-json\/wp\/v2\/media\/613"}],"wp:attachment":[{"href":"https:\/\/somos-hermanos.mx\/index.php\/wp-json\/wp\/v2\/media?parent=612"}],"wp:term":[{"taxonomy":"category","embeddable":true,"href":"https:\/\/somos-hermanos.mx\/index.php\/wp-json\/wp\/v2\/categories?post=612"},{"taxonomy":"post_tag","embeddable":true,"href":"https:\/\/somos-hermanos.mx\/index.php\/wp-json\/wp\/v2\/tags?post=612"}],"curies":[{"name":"wp","href":"https:\/\/api.w.org\/{rel}","templated":true}]}}