{"id":609,"date":"2025-08-04T01:16:59","date_gmt":"2025-08-04T07:16:59","guid":{"rendered":"https:\/\/somos-hermanos.mx\/?p=609"},"modified":"2025-08-04T01:16:59","modified_gmt":"2025-08-04T07:16:59","slug":"cardi-trabaja-por-la-salud-de-todos","status":"publish","type":"post","link":"https:\/\/somos-hermanos.mx\/index.php\/2025\/08\/04\/cardi-trabaja-por-la-salud-de-todos\/","title":{"rendered":"CARDI trabaja por la salud de todos"},"content":{"rendered":"<p>De acuerdo con la Organizaci\u00f3n Mundial de la Salud <strong>(OMS)<\/strong>, en todo el mundo<strong>, el derecho a la salud<\/strong>\u00a0de millones de personas est\u00e1 cada vez m\u00e1s amenazado. Y al menos <strong>4.500 millones de personas (m\u00e1s de la mitad de la poblaci\u00f3n mundial) no estaban completamente cubiertas por servicios de salud esenciales en 2021. <\/strong><\/p>\n<p>Debido a la gran necesidad en todo el mundo en materia de salud, se promulg\u00f3 el <strong>7 de abril<\/strong>\u00a0como <strong>D\u00eda Mundial de la Salud<\/strong>, bajo el lema, <strong>\u201cMi salud, mi derecho\u201d. <\/strong>Como una oportunidad de defender el derecho de todos, en todas partes, a tener acceso a servicios de salud, educaci\u00f3n e informaci\u00f3n de calidad, as\u00ed como agua potable, aire limpio, buena nutrici\u00f3n y buenas condiciones ambientales.<\/p>\n<p>En <strong>M\u00e9xico<\/strong>, la salud es una preocupaci\u00f3n para muchos, debido a esto, a lo largo de la historia han surgido organizaciones de la sociedad civil enfocadas en ayudar a las personas en temas de salud, con el objetivo de brindar una mejor calidad de vida a quienes lo necesitan.<\/p>\n<p>Un gran ejemplo de c\u00f3mo la sociedad civil une sus esfuerzos en materia de salud general, es <strong>CARDI, Centro de Acompa\u00f1amiento y Recuperaci\u00f3n de Desarrollo Integral AC<\/strong>\u00a0construido en la Ciudad de M\u00e9xico, con el objetivo de que los <strong>pacientes se recuperen en un ambiente de paz y silencio. <\/strong><\/p>\n<p>Fueron muchos los esfuerzos a lo largo de los a\u00f1os, para lograr convertirse en la asociaci\u00f3n civil que es hoy. De acuerdo con datos del 2005 y de CARDI, diariamente mueren entre 6 y 7 pacientes. Esto, <strong>debido a los conflictos de la colonia en donde se encuentra CARDI AC,<\/strong>\u00a0y en cuyo ambiente surgi\u00f3 la organizaci\u00f3n, donde las personas <strong>no contaban con seguro m\u00e9dico, y con la finalidad de dar dignidad a la vida de los pacientes y sus familias. <\/strong><\/p>\n<p>Una iniciativa en la Ciudad de M\u00e9xico, desde <strong>1961<\/strong>, una clara <strong>trayectoria<\/strong>\u00a0de muchos a\u00f1os de experiencia y alcance de muchas personas. En el coraz\u00f3n de la Colonia Doctores, ante la constante <strong>demanda de ayuda por parte de los familiares de los pacientes,<\/strong>\u00a0quienes acuden a los hospitales de la zona: Hospital General de M\u00e9xico, Hospital Infantil de M\u00e9xico Federico G\u00f3mez y Hospital Centro M\u00e9dico Siglo XXI. Viviendo la problem\u00e1tica de los hospitales de la colonia, la orden de Agustinos Recoletos <strong>vio la necesidad de proyectar, fortalecer y consolidar los servicios para satisfacer los requerimientos de esta poblaci\u00f3n vulnerable. <\/strong><\/p>\n<p>CARDI, proporciona servicios para pacientes y sus familias, <strong>promocionando el desarrollo humano, con espacios y actividades al p\u00fablico en general, y grupos espec\u00edficos para la promoci\u00f3n del desarrollo integral de la persona. <\/strong><\/p>\n<p>Para lograrlo, la instituci\u00f3n requiere del apoyo de los ciudadanos dispuestos a participar de muchas maneras dentro de las instalaciones en favor de los vulnerables, para poder costear <strong>alimentos, medicamentos y aparatos, higiene personal y acompa\u00f1amiento durante la enfermedad.<\/strong><\/p>\n<p>CARDI cuenta con un <strong>dispensario, un \u00e1rea de higiene y lavado, y acompa\u00f1amiento espiritual y terap\u00e9utico.<\/strong>\u00a0\u00a0As\u00ed, la asociaci\u00f3n <strong>contribuye a garantizar a las poblaciones y acceso a los servicios de salud<\/strong>\u00a0en un <strong>mundo cada vez m\u00e1s amenazado en tema de salubridad. <\/strong><\/p>\n","protected":false},"excerpt":{"rendered":"<p>De acuerdo con la Organizaci\u00f3n Mundial de la Salud (OMS), en todo el mundo, el derecho a la salud\u00a0de millones de personas est\u00e1 cada vez m\u00e1s amenazado. Y al menos 4.500 millones de personas (m\u00e1s de la mitad de la poblaci\u00f3n mundial) no estaban completamente cubiertas por servicios de salud esenciales en 2021. Debido a [&hellip;]<\/p>\n","protected":false},"author":14,"featured_media":610,"comment_status":"open","ping_status":"closed","sticky":false,"template":"","format":"standard","meta":{"footnotes":""},"categories":[6],"tags":[],"class_list":["post-609","post","type-post","status-publish","format-standard","has-post-thumbnail","hentry","category-noticias"],"yoast_head":"<!-- This site is optimized with the Yoast SEO plugin v27.5 - https:\/\/yoast.com\/product\/yoast-seo-wordpress\/ -->\n<title>CARDI trabaja por la salud de todos - Historias que inspiran...<\/title>\n<meta name=\"robots\" content=\"index, follow, max-snippet:-1, max-image-preview:large, max-video-preview:-1\" \/>\n<link rel=\"canonical\" href=\"https:\/\/somos-hermanos.mx\/index.php\/2025\/08\/04\/cardi-trabaja-por-la-salud-de-todos\/\" \/>\n<meta property=\"og:locale\" content=\"es_MX\" \/>\n<meta property=\"og:type\" content=\"article\" \/>\n<meta property=\"og:title\" content=\"CARDI trabaja por la salud de todos - Historias que inspiran...\" \/>\n<meta property=\"og:description\" content=\"De acuerdo con la Organizaci\u00f3n Mundial de la Salud (OMS), en todo el mundo, el derecho a la salud\u00a0de millones de personas est\u00e1 cada vez m\u00e1s amenazado. Y al menos 4.500 millones de personas (m\u00e1s de la mitad de la poblaci\u00f3n mundial) no estaban completamente cubiertas por servicios de salud esenciales en 2021. Debido a [&hellip;]\" \/>\n<meta property=\"og:url\" content=\"https:\/\/somos-hermanos.mx\/index.php\/2025\/08\/04\/cardi-trabaja-por-la-salud-de-todos\/\" \/>\n<meta property=\"og:site_name\" content=\"Historias que inspiran...\" \/>\n<meta property=\"article:publisher\" content=\"https:\/\/www.facebook.com\/SomosHermanosIAP\/\" \/>\n<meta property=\"article:published_time\" content=\"2025-08-04T07:16:59+00:00\" \/>\n<meta property=\"og:image\" content=\"https:\/\/somos-hermanos.mx\/wp-content\/uploads\/2025\/08\/cardi.jpeg\" \/>\n\t<meta property=\"og:image:width\" content=\"1600\" \/>\n\t<meta property=\"og:image:height\" content=\"1066\" \/>\n\t<meta property=\"og:image:type\" content=\"image\/jpeg\" \/>\n<meta name=\"author\" content=\"Ivon D\u00edaz Rojas\" \/>\n<meta name=\"twitter:card\" content=\"summary_large_image\" \/>\n<meta name=\"twitter:creator\" content=\"@Somos__Hermanos\" \/>\n<meta name=\"twitter:site\" content=\"@Somos__Hermanos\" \/>\n<meta name=\"twitter:label1\" content=\"Escrito por\" \/>\n\t<meta name=\"twitter:data1\" content=\"Ivon D\u00edaz Rojas\" \/>\n\t<meta name=\"twitter:label2\" content=\"Tiempo de lectura\" \/>\n\t<meta name=\"twitter:data2\" content=\"3 minutos\" \/>\n<script type=\"application\/ld+json\" class=\"yoast-schema-graph\">{\"@context\":\"https:\\\/\\\/schema.org\",\"@graph\":[{\"@type\":\"Article\",\"@id\":\"https:\\\/\\\/somos-hermanos.mx\\\/index.php\\\/2025\\\/08\\\/04\\\/cardi-trabaja-por-la-salud-de-todos\\\/#article\",\"isPartOf\":{\"@id\":\"https:\\\/\\\/somos-hermanos.mx\\\/index.php\\\/2025\\\/08\\\/04\\\/cardi-trabaja-por-la-salud-de-todos\\\/\"},\"author\":{\"name\":\"Ivon D\u00edaz Rojas\",\"@id\":\"https:\\\/\\\/somos-hermanos.mx\\\/#\\\/schema\\\/person\\\/ca47b05d4e7735cde01b6c20df3ff500\"},\"headline\":\"CARDI trabaja por la salud de todos\",\"datePublished\":\"2025-08-04T07:16:59+00:00\",\"mainEntityOfPage\":{\"@id\":\"https:\\\/\\\/somos-hermanos.mx\\\/index.php\\\/2025\\\/08\\\/04\\\/cardi-trabaja-por-la-salud-de-todos\\\/\"},\"wordCount\":550,\"commentCount\":0,\"publisher\":{\"@id\":\"https:\\\/\\\/somos-hermanos.mx\\\/#organization\"},\"image\":{\"@id\":\"https:\\\/\\\/somos-hermanos.mx\\\/index.php\\\/2025\\\/08\\\/04\\\/cardi-trabaja-por-la-salud-de-todos\\\/#primaryimage\"},\"thumbnailUrl\":\"https:\\\/\\\/somos-hermanos.mx\\\/wp-content\\\/uploads\\\/2025\\\/08\\\/cardi.jpeg\",\"articleSection\":[\"Noticias\"],\"inLanguage\":\"es\",\"potentialAction\":[{\"@type\":\"CommentAction\",\"name\":\"Comment\",\"target\":[\"https:\\\/\\\/somos-hermanos.mx\\\/index.php\\\/2025\\\/08\\\/04\\\/cardi-trabaja-por-la-salud-de-todos\\\/#respond\"]}]},{\"@type\":\"WebPage\",\"@id\":\"https:\\\/\\\/somos-hermanos.mx\\\/index.php\\\/2025\\\/08\\\/04\\\/cardi-trabaja-por-la-salud-de-todos\\\/\",\"url\":\"https:\\\/\\\/somos-hermanos.mx\\\/index.php\\\/2025\\\/08\\\/04\\\/cardi-trabaja-por-la-salud-de-todos\\\/\",\"name\":\"CARDI trabaja por la salud de todos - Historias que inspiran...\",\"isPartOf\":{\"@id\":\"https:\\\/\\\/somos-hermanos.mx\\\/#website\"},\"primaryImageOfPage\":{\"@id\":\"https:\\\/\\\/somos-hermanos.mx\\\/index.php\\\/2025\\\/08\\\/04\\\/cardi-trabaja-por-la-salud-de-todos\\\/#primaryimage\"},\"image\":{\"@id\":\"https:\\\/\\\/somos-hermanos.mx\\\/index.php\\\/2025\\\/08\\\/04\\\/cardi-trabaja-por-la-salud-de-todos\\\/#primaryimage\"},\"thumbnailUrl\":\"https:\\\/\\\/somos-hermanos.mx\\\/wp-content\\\/uploads\\\/2025\\\/08\\\/cardi.jpeg\",\"datePublished\":\"2025-08-04T07:16:59+00:00\",\"breadcrumb\":{\"@id\":\"https:\\\/\\\/somos-hermanos.mx\\\/index.php\\\/2025\\\/08\\\/04\\\/cardi-trabaja-por-la-salud-de-todos\\\/#breadcrumb\"},\"inLanguage\":\"es\",\"potentialAction\":[{\"@type\":\"ReadAction\",\"target\":[\"https:\\\/\\\/somos-hermanos.mx\\\/index.php\\\/2025\\\/08\\\/04\\\/cardi-trabaja-por-la-salud-de-todos\\\/\"]}]},{\"@type\":\"ImageObject\",\"inLanguage\":\"es\",\"@id\":\"https:\\\/\\\/somos-hermanos.mx\\\/index.php\\\/2025\\\/08\\\/04\\\/cardi-trabaja-por-la-salud-de-todos\\\/#primaryimage\",\"url\":\"https:\\\/\\\/somos-hermanos.mx\\\/wp-content\\\/uploads\\\/2025\\\/08\\\/cardi.jpeg\",\"contentUrl\":\"https:\\\/\\\/somos-hermanos.mx\\\/wp-content\\\/uploads\\\/2025\\\/08\\\/cardi.jpeg\",\"width\":1600,\"height\":1066},{\"@type\":\"BreadcrumbList\",\"@id\":\"https:\\\/\\\/somos-hermanos.mx\\\/index.php\\\/2025\\\/08\\\/04\\\/cardi-trabaja-por-la-salud-de-todos\\\/#breadcrumb\",\"itemListElement\":[{\"@type\":\"ListItem\",\"position\":1,\"name\":\"Inicio\",\"item\":\"https:\\\/\\\/somos-hermanos.mx\\\/\"},{\"@type\":\"ListItem\",\"position\":2,\"name\":\"CARDI trabaja por la salud de todos\"}]},{\"@type\":\"WebSite\",\"@id\":\"https:\\\/\\\/somos-hermanos.mx\\\/#website\",\"url\":\"https:\\\/\\\/somos-hermanos.mx\\\/\",\"name\":\"Historias que inspiran...\",\"description\":\"Somos la voz del altruismo en M\u00e9xico\",\"publisher\":{\"@id\":\"https:\\\/\\\/somos-hermanos.mx\\\/#organization\"},\"potentialAction\":[{\"@type\":\"SearchAction\",\"target\":{\"@type\":\"EntryPoint\",\"urlTemplate\":\"https:\\\/\\\/somos-hermanos.mx\\\/?s={search_term_string}\"},\"query-input\":{\"@type\":\"PropertyValueSpecification\",\"valueRequired\":true,\"valueName\":\"search_term_string\"}}],\"inLanguage\":\"es\"},{\"@type\":\"Organization\",\"@id\":\"https:\\\/\\\/somos-hermanos.mx\\\/#organization\",\"name\":\"Somos Hermanos\",\"url\":\"https:\\\/\\\/somos-hermanos.mx\\\/\",\"logo\":{\"@type\":\"ImageObject\",\"inLanguage\":\"es\",\"@id\":\"https:\\\/\\\/somos-hermanos.mx\\\/#\\\/schema\\\/logo\\\/image\\\/\",\"url\":\"https:\\\/\\\/somos-hermanos.mx\\\/wp-content\\\/uploads\\\/2025\\\/08\\\/SH30-1.jpeg\",\"contentUrl\":\"https:\\\/\\\/somos-hermanos.mx\\\/wp-content\\\/uploads\\\/2025\\\/08\\\/SH30-1.jpeg\",\"width\":1600,\"height\":1142,\"caption\":\"Somos Hermanos\"},\"image\":{\"@id\":\"https:\\\/\\\/somos-hermanos.mx\\\/#\\\/schema\\\/logo\\\/image\\\/\"},\"sameAs\":[\"https:\\\/\\\/www.facebook.com\\\/SomosHermanosIAP\\\/\",\"https:\\\/\\\/x.com\\\/Somos__Hermanos\",\"https:\\\/\\\/www.instagram.com\\\/somos__hermanos\\\/#\",\"https:\\\/\\\/www.tiktok.com\\\/@somoshermanosiap\",\"https:\\\/\\\/www.youtube.com\\\/@somoshermanosiap1201\\\/videos\"]},{\"@type\":\"Person\",\"@id\":\"https:\\\/\\\/somos-hermanos.mx\\\/#\\\/schema\\\/person\\\/ca47b05d4e7735cde01b6c20df3ff500\",\"name\":\"Ivon D\u00edaz Rojas\",\"image\":{\"@type\":\"ImageObject\",\"inLanguage\":\"es\",\"@id\":\"https:\\\/\\\/secure.gravatar.com\\\/avatar\\\/1c19107828bb690213f343d5aa89eef40d6744894d5f632754fec79e3043dbb3?s=96&d=mm&r=g\",\"url\":\"https:\\\/\\\/secure.gravatar.com\\\/avatar\\\/1c19107828bb690213f343d5aa89eef40d6744894d5f632754fec79e3043dbb3?s=96&d=mm&r=g\",\"contentUrl\":\"https:\\\/\\\/secure.gravatar.com\\\/avatar\\\/1c19107828bb690213f343d5aa89eef40d6744894d5f632754fec79e3043dbb3?s=96&d=mm&r=g\",\"caption\":\"Ivon D\u00edaz Rojas\"},\"url\":\"https:\\\/\\\/somos-hermanos.mx\\\/index.php\\\/author\\\/ivon-diaz-rojas\\\/\"}]}<\/script>\n<!-- \/ Yoast SEO plugin. -->","yoast_head_json":{"title":"CARDI trabaja por la salud de todos - Historias que inspiran...","robots":{"index":"index","follow":"follow","max-snippet":"max-snippet:-1","max-image-preview":"max-image-preview:large","max-video-preview":"max-video-preview:-1"},"canonical":"https:\/\/somos-hermanos.mx\/index.php\/2025\/08\/04\/cardi-trabaja-por-la-salud-de-todos\/","og_locale":"es_MX","og_type":"article","og_title":"CARDI trabaja por la salud de todos - Historias que inspiran...","og_description":"De acuerdo con la Organizaci\u00f3n Mundial de la Salud (OMS), en todo el mundo, el derecho a la salud\u00a0de millones de personas est\u00e1 cada vez m\u00e1s amenazado. Y al menos 4.500 millones de personas (m\u00e1s de la mitad de la poblaci\u00f3n mundial) no estaban completamente cubiertas por servicios de salud esenciales en 2021. Debido a [&hellip;]","og_url":"https:\/\/somos-hermanos.mx\/index.php\/2025\/08\/04\/cardi-trabaja-por-la-salud-de-todos\/","og_site_name":"Historias que inspiran...","article_publisher":"https:\/\/www.facebook.com\/SomosHermanosIAP\/","article_published_time":"2025-08-04T07:16:59+00:00","og_image":[{"width":1600,"height":1066,"url":"https:\/\/somos-hermanos.mx\/wp-content\/uploads\/2025\/08\/cardi.jpeg","type":"image\/jpeg"}],"author":"Ivon D\u00edaz Rojas","twitter_card":"summary_large_image","twitter_creator":"@Somos__Hermanos","twitter_site":"@Somos__Hermanos","twitter_misc":{"Escrito por":"Ivon D\u00edaz Rojas","Tiempo de lectura":"3 minutos"},"schema":{"@context":"https:\/\/schema.org","@graph":[{"@type":"Article","@id":"https:\/\/somos-hermanos.mx\/index.php\/2025\/08\/04\/cardi-trabaja-por-la-salud-de-todos\/#article","isPartOf":{"@id":"https:\/\/somos-hermanos.mx\/index.php\/2025\/08\/04\/cardi-trabaja-por-la-salud-de-todos\/"},"author":{"name":"Ivon D\u00edaz Rojas","@id":"https:\/\/somos-hermanos.mx\/#\/schema\/person\/ca47b05d4e7735cde01b6c20df3ff500"},"headline":"CARDI trabaja por la salud de todos","datePublished":"2025-08-04T07:16:59+00:00","mainEntityOfPage":{"@id":"https:\/\/somos-hermanos.mx\/index.php\/2025\/08\/04\/cardi-trabaja-por-la-salud-de-todos\/"},"wordCount":550,"commentCount":0,"publisher":{"@id":"https:\/\/somos-hermanos.mx\/#organization"},"image":{"@id":"https:\/\/somos-hermanos.mx\/index.php\/2025\/08\/04\/cardi-trabaja-por-la-salud-de-todos\/#primaryimage"},"thumbnailUrl":"https:\/\/somos-hermanos.mx\/wp-content\/uploads\/2025\/08\/cardi.jpeg","articleSection":["Noticias"],"inLanguage":"es","potentialAction":[{"@type":"CommentAction","name":"Comment","target":["https:\/\/somos-hermanos.mx\/index.php\/2025\/08\/04\/cardi-trabaja-por-la-salud-de-todos\/#respond"]}]},{"@type":"WebPage","@id":"https:\/\/somos-hermanos.mx\/index.php\/2025\/08\/04\/cardi-trabaja-por-la-salud-de-todos\/","url":"https:\/\/somos-hermanos.mx\/index.php\/2025\/08\/04\/cardi-trabaja-por-la-salud-de-todos\/","name":"CARDI trabaja por la salud de todos - Historias que inspiran...","isPartOf":{"@id":"https:\/\/somos-hermanos.mx\/#website"},"primaryImageOfPage":{"@id":"https:\/\/somos-hermanos.mx\/index.php\/2025\/08\/04\/cardi-trabaja-por-la-salud-de-todos\/#primaryimage"},"image":{"@id":"https:\/\/somos-hermanos.mx\/index.php\/2025\/08\/04\/cardi-trabaja-por-la-salud-de-todos\/#primaryimage"},"thumbnailUrl":"https:\/\/somos-hermanos.mx\/wp-content\/uploads\/2025\/08\/cardi.jpeg","datePublished":"2025-08-04T07:16:59+00:00","breadcrumb":{"@id":"https:\/\/somos-hermanos.mx\/index.php\/2025\/08\/04\/cardi-trabaja-por-la-salud-de-todos\/#breadcrumb"},"inLanguage":"es","potentialAction":[{"@type":"ReadAction","target":["https:\/\/somos-hermanos.mx\/index.php\/2025\/08\/04\/cardi-trabaja-por-la-salud-de-todos\/"]}]},{"@type":"ImageObject","inLanguage":"es","@id":"https:\/\/somos-hermanos.mx\/index.php\/2025\/08\/04\/cardi-trabaja-por-la-salud-de-todos\/#primaryimage","url":"https:\/\/somos-hermanos.mx\/wp-content\/uploads\/2025\/08\/cardi.jpeg","contentUrl":"https:\/\/somos-hermanos.mx\/wp-content\/uploads\/2025\/08\/cardi.jpeg","width":1600,"height":1066},{"@type":"BreadcrumbList","@id":"https:\/\/somos-hermanos.mx\/index.php\/2025\/08\/04\/cardi-trabaja-por-la-salud-de-todos\/#breadcrumb","itemListElement":[{"@type":"ListItem","position":1,"name":"Inicio","item":"https:\/\/somos-hermanos.mx\/"},{"@type":"ListItem","position":2,"name":"CARDI trabaja por la salud de todos"}]},{"@type":"WebSite","@id":"https:\/\/somos-hermanos.mx\/#website","url":"https:\/\/somos-hermanos.mx\/","name":"Historias que inspiran...","description":"Somos la voz del altruismo en M\u00e9xico","publisher":{"@id":"https:\/\/somos-hermanos.mx\/#organization"},"potentialAction":[{"@type":"SearchAction","target":{"@type":"EntryPoint","urlTemplate":"https:\/\/somos-hermanos.mx\/?s={search_term_string}"},"query-input":{"@type":"PropertyValueSpecification","valueRequired":true,"valueName":"search_term_string"}}],"inLanguage":"es"},{"@type":"Organization","@id":"https:\/\/somos-hermanos.mx\/#organization","name":"Somos Hermanos","url":"https:\/\/somos-hermanos.mx\/","logo":{"@type":"ImageObject","inLanguage":"es","@id":"https:\/\/somos-hermanos.mx\/#\/schema\/logo\/image\/","url":"https:\/\/somos-hermanos.mx\/wp-content\/uploads\/2025\/08\/SH30-1.jpeg","contentUrl":"https:\/\/somos-hermanos.mx\/wp-content\/uploads\/2025\/08\/SH30-1.jpeg","width":1600,"height":1142,"caption":"Somos Hermanos"},"image":{"@id":"https:\/\/somos-hermanos.mx\/#\/schema\/logo\/image\/"},"sameAs":["https:\/\/www.facebook.com\/SomosHermanosIAP\/","https:\/\/x.com\/Somos__Hermanos","https:\/\/www.instagram.com\/somos__hermanos\/#","https:\/\/www.tiktok.com\/@somoshermanosiap","https:\/\/www.youtube.com\/@somoshermanosiap1201\/videos"]},{"@type":"Person","@id":"https:\/\/somos-hermanos.mx\/#\/schema\/person\/ca47b05d4e7735cde01b6c20df3ff500","name":"Ivon D\u00edaz Rojas","image":{"@type":"ImageObject","inLanguage":"es","@id":"https:\/\/secure.gravatar.com\/avatar\/1c19107828bb690213f343d5aa89eef40d6744894d5f632754fec79e3043dbb3?s=96&d=mm&r=g","url":"https:\/\/secure.gravatar.com\/avatar\/1c19107828bb690213f343d5aa89eef40d6744894d5f632754fec79e3043dbb3?s=96&d=mm&r=g","contentUrl":"https:\/\/secure.gravatar.com\/avatar\/1c19107828bb690213f343d5aa89eef40d6744894d5f632754fec79e3043dbb3?s=96&d=mm&r=g","caption":"Ivon D\u00edaz Rojas"},"url":"https:\/\/somos-hermanos.mx\/index.php\/author\/ivon-diaz-rojas\/"}]}},"_links":{"self":[{"href":"https:\/\/somos-hermanos.mx\/index.php\/wp-json\/wp\/v2\/posts\/609","targetHints":{"allow":["GET"]}}],"collection":[{"href":"https:\/\/somos-hermanos.mx\/index.php\/wp-json\/wp\/v2\/posts"}],"about":[{"href":"https:\/\/somos-hermanos.mx\/index.php\/wp-json\/wp\/v2\/types\/post"}],"author":[{"embeddable":true,"href":"https:\/\/somos-hermanos.mx\/index.php\/wp-json\/wp\/v2\/users\/14"}],"replies":[{"embeddable":true,"href":"https:\/\/somos-hermanos.mx\/index.php\/wp-json\/wp\/v2\/comments?post=609"}],"version-history":[{"count":1,"href":"https:\/\/somos-hermanos.mx\/index.php\/wp-json\/wp\/v2\/posts\/609\/revisions"}],"predecessor-version":[{"id":611,"href":"https:\/\/somos-hermanos.mx\/index.php\/wp-json\/wp\/v2\/posts\/609\/revisions\/611"}],"wp:featuredmedia":[{"embeddable":true,"href":"https:\/\/somos-hermanos.mx\/index.php\/wp-json\/wp\/v2\/media\/610"}],"wp:attachment":[{"href":"https:\/\/somos-hermanos.mx\/index.php\/wp-json\/wp\/v2\/media?parent=609"}],"wp:term":[{"taxonomy":"category","embeddable":true,"href":"https:\/\/somos-hermanos.mx\/index.php\/wp-json\/wp\/v2\/categories?post=609"},{"taxonomy":"post_tag","embeddable":true,"href":"https:\/\/somos-hermanos.mx\/index.php\/wp-json\/wp\/v2\/tags?post=609"}],"curies":[{"name":"wp","href":"https:\/\/api.w.org\/{rel}","templated":true}]}}