{"id":606,"date":"2025-08-04T01:15:52","date_gmt":"2025-08-04T07:15:52","guid":{"rendered":"https:\/\/somos-hermanos.mx\/?p=606"},"modified":"2025-08-04T01:15:52","modified_gmt":"2025-08-04T07:15:52","slug":"reforestamos-mexico-un-llamado-urgente-a-la-accion-por-nuestros-bosques","status":"publish","type":"post","link":"https:\/\/somos-hermanos.mx\/index.php\/2025\/08\/04\/reforestamos-mexico-un-llamado-urgente-a-la-accion-por-nuestros-bosques\/","title":{"rendered":"Reforestamos M\u00e9xico: Un llamado urgente a la acci\u00f3n por nuestros bosques"},"content":{"rendered":"<p>En un mundo donde <strong>la deforestaci\u00f3n y la degradaci\u00f3n ambiental avanzan a pasos agigantados, <\/strong>existen iniciativas que, con pasi\u00f3n y compromiso, luchan por un futuro m\u00e1s verde y sostenible. Reforestamos M\u00e9xico es una fundaci\u00f3n que, con su dedicaci\u00f3n y trabajo en diversas \u00e1reas, busca detener la deforestaci\u00f3n, promover el manejo sostenible de los bosques, restaurar tierras degradadas y arborizar nuestras ciudades.<\/p>\n<p>&nbsp;<\/p>\n<p>Pero, m\u00e1s all\u00e1 de estas metas, <strong>su objetivo es transformar el presente para que las generaciones venideras puedan respirar aire m\u00e1s limpio, <\/strong>disfrutar de la biodiversidad y vivir en un entorno equilibrado.<\/p>\n<p>&nbsp;<\/p>\n<p>A trav\u00e9s de diversos programas, Reforestamos M\u00e9xico da pasos firmes hacia la restauraci\u00f3n de nuestros ecosistemas. Uno de sus programas clave es Mejores Alianzas, Mejores Bosques (MAMB), una plataforma innovadora que promueve la creaci\u00f3n de sistemas de gobernanza eficaces. Esto facilita la toma de decisiones y la coordinaci\u00f3n entre diversos sectores para la restauraci\u00f3n y la conectividad de los bosques, utilizando informaci\u00f3n geoespacial validada para asegurar los servicios eco sist\u00e9micos vitales para las grandes ciudades del pa\u00eds.<\/p>\n<p>En el coraz\u00f3n de M\u00e9xico, el Corredor Biocultural Centro-Occidente <strong>es otro proyecto destacado que aboga por la conservaci\u00f3n de 15 millones de hect\u00e1reas de tierras, garantizando la conectividad entre 82 \u00e1reas naturales protegidas (ANP) en 8 estados.<\/strong>\u00a0Este corredor no solo preserva los ecosistemas, sino que tambi\u00e9n beneficia directamente a las comunidades locales, demostrando que la naturaleza y el bienestar humano van de la mano.<\/p>\n<p>A trav\u00e9s de su Sistema de Informaci\u00f3n Geoespacial (SIG), <strong>la fundaci\u00f3n ha logrado generar una valiosa herramienta para la toma de decisiones informadas. <\/strong>Esta plataforma facilita la intervenci\u00f3n territorial, especialmente en paisajes y corredores forestales, asegurando la restauraci\u00f3n de \u00e1reas degradadas y el impulso a la recuperaci\u00f3n de ecosistemas clave.<\/p>\n<p>Adem\u00e1s, Reforestamos M\u00e9xico trabaja incansablemente para frenar los incendios forestales, los cuales no solo causan una devastaci\u00f3n inmediata en flora y fauna, sino que tambi\u00e9n incrementan la erosi\u00f3n del suelo, reducen la infiltraci\u00f3n de agua y liberan grandes cantidades de CO2 en la atm\u00f3sfera. Con sus programas de restauraci\u00f3n y colaboraci\u00f3n con ejidos y comunidades forestales, la fundaci\u00f3n busca revertir este da\u00f1o, creando un cambio positivo y duradero.<\/p>\n<p>Hoy, m\u00e1s que nunca, el planeta necesita de nuestra acci\u00f3n. Reforestamos M\u00e9xico invita a todos a ser parte de esta causa, ya sea a trav\u00e9s de la informaci\u00f3n, la colaboraci\u00f3n o la inversi\u00f3n en proyectos de restauraci\u00f3n.<\/p>\n<p>Es momento de actuar, de tomar decisiones que aseguren la salud de nuestros bosques y el bienestar de nuestras comunidades.<\/p>\n<p><em>\u00a1\u00danete a Reforestamos M\u00e9xico y ayuda a construir un futuro m\u00e1s verde! Para m\u00e1s informaci\u00f3n visita su sitio web en <\/em><a href=\"https:\/\/www.reforestamosmexico.org\/\"><em><u>https:\/\/www.reforestamosmexico.org\/<\/u><\/em><\/a><em>. <\/em><\/p>\n","protected":false},"excerpt":{"rendered":"<p>En un mundo donde la deforestaci\u00f3n y la degradaci\u00f3n ambiental avanzan a pasos agigantados, existen iniciativas que, con pasi\u00f3n y compromiso, luchan por un futuro m\u00e1s verde y sostenible. Reforestamos M\u00e9xico es una fundaci\u00f3n que, con su dedicaci\u00f3n y trabajo en diversas \u00e1reas, busca detener la deforestaci\u00f3n, promover el manejo sostenible de los bosques, restaurar [&hellip;]<\/p>\n","protected":false},"author":16,"featured_media":607,"comment_status":"open","ping_status":"closed","sticky":false,"template":"","format":"standard","meta":{"footnotes":""},"categories":[6],"tags":[],"class_list":["post-606","post","type-post","status-publish","format-standard","has-post-thumbnail","hentry","category-noticias"],"yoast_head":"<!-- This site is optimized with the Yoast SEO plugin v27.5 - https:\/\/yoast.com\/product\/yoast-seo-wordpress\/ -->\n<title>Reforestamos M\u00e9xico: Un llamado urgente a la acci\u00f3n por nuestros bosques - Historias que inspiran...<\/title>\n<meta name=\"robots\" content=\"index, follow, max-snippet:-1, max-image-preview:large, max-video-preview:-1\" \/>\n<link rel=\"canonical\" href=\"https:\/\/somos-hermanos.mx\/index.php\/2025\/08\/04\/reforestamos-mexico-un-llamado-urgente-a-la-accion-por-nuestros-bosques\/\" \/>\n<meta property=\"og:locale\" content=\"es_MX\" \/>\n<meta property=\"og:type\" content=\"article\" \/>\n<meta property=\"og:title\" content=\"Reforestamos M\u00e9xico: Un llamado urgente a la acci\u00f3n por nuestros bosques - Historias que inspiran...\" \/>\n<meta property=\"og:description\" content=\"En un mundo donde la deforestaci\u00f3n y la degradaci\u00f3n ambiental avanzan a pasos agigantados, existen iniciativas que, con pasi\u00f3n y compromiso, luchan por un futuro m\u00e1s verde y sostenible. Reforestamos M\u00e9xico es una fundaci\u00f3n que, con su dedicaci\u00f3n y trabajo en diversas \u00e1reas, busca detener la deforestaci\u00f3n, promover el manejo sostenible de los bosques, restaurar [&hellip;]\" \/>\n<meta property=\"og:url\" content=\"https:\/\/somos-hermanos.mx\/index.php\/2025\/08\/04\/reforestamos-mexico-un-llamado-urgente-a-la-accion-por-nuestros-bosques\/\" \/>\n<meta property=\"og:site_name\" content=\"Historias que inspiran...\" \/>\n<meta property=\"article:publisher\" content=\"https:\/\/www.facebook.com\/SomosHermanosIAP\/\" \/>\n<meta property=\"article:published_time\" content=\"2025-08-04T07:15:52+00:00\" \/>\n<meta property=\"og:image\" content=\"https:\/\/somos-hermanos.mx\/wp-content\/uploads\/2025\/08\/refo.jpeg\" \/>\n\t<meta property=\"og:image:width\" content=\"646\" \/>\n\t<meta property=\"og:image:height\" content=\"646\" \/>\n\t<meta property=\"og:image:type\" content=\"image\/jpeg\" \/>\n<meta name=\"author\" content=\"Jorge Plascencia Gonz\u00e1lez\" \/>\n<meta name=\"twitter:card\" content=\"summary_large_image\" \/>\n<meta name=\"twitter:creator\" content=\"@Somos__Hermanos\" \/>\n<meta name=\"twitter:site\" content=\"@Somos__Hermanos\" \/>\n<meta name=\"twitter:label1\" content=\"Escrito por\" \/>\n\t<meta name=\"twitter:data1\" content=\"Jorge Plascencia Gonz\u00e1lez\" \/>\n\t<meta name=\"twitter:label2\" content=\"Tiempo de lectura\" \/>\n\t<meta name=\"twitter:data2\" content=\"3 minutos\" \/>\n<script type=\"application\/ld+json\" class=\"yoast-schema-graph\">{\"@context\":\"https:\\\/\\\/schema.org\",\"@graph\":[{\"@type\":\"Article\",\"@id\":\"https:\\\/\\\/somos-hermanos.mx\\\/index.php\\\/2025\\\/08\\\/04\\\/reforestamos-mexico-un-llamado-urgente-a-la-accion-por-nuestros-bosques\\\/#article\",\"isPartOf\":{\"@id\":\"https:\\\/\\\/somos-hermanos.mx\\\/index.php\\\/2025\\\/08\\\/04\\\/reforestamos-mexico-un-llamado-urgente-a-la-accion-por-nuestros-bosques\\\/\"},\"author\":{\"name\":\"Jorge Plascencia Gonz\u00e1lez\",\"@id\":\"https:\\\/\\\/somos-hermanos.mx\\\/#\\\/schema\\\/person\\\/310a45203a309f04e24f754c2ffd78b2\"},\"headline\":\"Reforestamos M\u00e9xico: Un llamado urgente a la acci\u00f3n por nuestros bosques\",\"datePublished\":\"2025-08-04T07:15:52+00:00\",\"mainEntityOfPage\":{\"@id\":\"https:\\\/\\\/somos-hermanos.mx\\\/index.php\\\/2025\\\/08\\\/04\\\/reforestamos-mexico-un-llamado-urgente-a-la-accion-por-nuestros-bosques\\\/\"},\"wordCount\":499,\"commentCount\":0,\"publisher\":{\"@id\":\"https:\\\/\\\/somos-hermanos.mx\\\/#organization\"},\"image\":{\"@id\":\"https:\\\/\\\/somos-hermanos.mx\\\/index.php\\\/2025\\\/08\\\/04\\\/reforestamos-mexico-un-llamado-urgente-a-la-accion-por-nuestros-bosques\\\/#primaryimage\"},\"thumbnailUrl\":\"https:\\\/\\\/somos-hermanos.mx\\\/wp-content\\\/uploads\\\/2025\\\/08\\\/refo.jpeg\",\"articleSection\":[\"Noticias\"],\"inLanguage\":\"es\",\"potentialAction\":[{\"@type\":\"CommentAction\",\"name\":\"Comment\",\"target\":[\"https:\\\/\\\/somos-hermanos.mx\\\/index.php\\\/2025\\\/08\\\/04\\\/reforestamos-mexico-un-llamado-urgente-a-la-accion-por-nuestros-bosques\\\/#respond\"]}]},{\"@type\":\"WebPage\",\"@id\":\"https:\\\/\\\/somos-hermanos.mx\\\/index.php\\\/2025\\\/08\\\/04\\\/reforestamos-mexico-un-llamado-urgente-a-la-accion-por-nuestros-bosques\\\/\",\"url\":\"https:\\\/\\\/somos-hermanos.mx\\\/index.php\\\/2025\\\/08\\\/04\\\/reforestamos-mexico-un-llamado-urgente-a-la-accion-por-nuestros-bosques\\\/\",\"name\":\"Reforestamos M\u00e9xico: Un llamado urgente a la acci\u00f3n por nuestros bosques - Historias que inspiran...\",\"isPartOf\":{\"@id\":\"https:\\\/\\\/somos-hermanos.mx\\\/#website\"},\"primaryImageOfPage\":{\"@id\":\"https:\\\/\\\/somos-hermanos.mx\\\/index.php\\\/2025\\\/08\\\/04\\\/reforestamos-mexico-un-llamado-urgente-a-la-accion-por-nuestros-bosques\\\/#primaryimage\"},\"image\":{\"@id\":\"https:\\\/\\\/somos-hermanos.mx\\\/index.php\\\/2025\\\/08\\\/04\\\/reforestamos-mexico-un-llamado-urgente-a-la-accion-por-nuestros-bosques\\\/#primaryimage\"},\"thumbnailUrl\":\"https:\\\/\\\/somos-hermanos.mx\\\/wp-content\\\/uploads\\\/2025\\\/08\\\/refo.jpeg\",\"datePublished\":\"2025-08-04T07:15:52+00:00\",\"breadcrumb\":{\"@id\":\"https:\\\/\\\/somos-hermanos.mx\\\/index.php\\\/2025\\\/08\\\/04\\\/reforestamos-mexico-un-llamado-urgente-a-la-accion-por-nuestros-bosques\\\/#breadcrumb\"},\"inLanguage\":\"es\",\"potentialAction\":[{\"@type\":\"ReadAction\",\"target\":[\"https:\\\/\\\/somos-hermanos.mx\\\/index.php\\\/2025\\\/08\\\/04\\\/reforestamos-mexico-un-llamado-urgente-a-la-accion-por-nuestros-bosques\\\/\"]}]},{\"@type\":\"ImageObject\",\"inLanguage\":\"es\",\"@id\":\"https:\\\/\\\/somos-hermanos.mx\\\/index.php\\\/2025\\\/08\\\/04\\\/reforestamos-mexico-un-llamado-urgente-a-la-accion-por-nuestros-bosques\\\/#primaryimage\",\"url\":\"https:\\\/\\\/somos-hermanos.mx\\\/wp-content\\\/uploads\\\/2025\\\/08\\\/refo.jpeg\",\"contentUrl\":\"https:\\\/\\\/somos-hermanos.mx\\\/wp-content\\\/uploads\\\/2025\\\/08\\\/refo.jpeg\",\"width\":646,\"height\":646},{\"@type\":\"BreadcrumbList\",\"@id\":\"https:\\\/\\\/somos-hermanos.mx\\\/index.php\\\/2025\\\/08\\\/04\\\/reforestamos-mexico-un-llamado-urgente-a-la-accion-por-nuestros-bosques\\\/#breadcrumb\",\"itemListElement\":[{\"@type\":\"ListItem\",\"position\":1,\"name\":\"Inicio\",\"item\":\"https:\\\/\\\/somos-hermanos.mx\\\/\"},{\"@type\":\"ListItem\",\"position\":2,\"name\":\"Reforestamos M\u00e9xico: Un llamado urgente a la acci\u00f3n por nuestros bosques\"}]},{\"@type\":\"WebSite\",\"@id\":\"https:\\\/\\\/somos-hermanos.mx\\\/#website\",\"url\":\"https:\\\/\\\/somos-hermanos.mx\\\/\",\"name\":\"Historias que inspiran...\",\"description\":\"Somos la voz del altruismo en M\u00e9xico\",\"publisher\":{\"@id\":\"https:\\\/\\\/somos-hermanos.mx\\\/#organization\"},\"potentialAction\":[{\"@type\":\"SearchAction\",\"target\":{\"@type\":\"EntryPoint\",\"urlTemplate\":\"https:\\\/\\\/somos-hermanos.mx\\\/?s={search_term_string}\"},\"query-input\":{\"@type\":\"PropertyValueSpecification\",\"valueRequired\":true,\"valueName\":\"search_term_string\"}}],\"inLanguage\":\"es\"},{\"@type\":\"Organization\",\"@id\":\"https:\\\/\\\/somos-hermanos.mx\\\/#organization\",\"name\":\"Somos Hermanos\",\"url\":\"https:\\\/\\\/somos-hermanos.mx\\\/\",\"logo\":{\"@type\":\"ImageObject\",\"inLanguage\":\"es\",\"@id\":\"https:\\\/\\\/somos-hermanos.mx\\\/#\\\/schema\\\/logo\\\/image\\\/\",\"url\":\"https:\\\/\\\/somos-hermanos.mx\\\/wp-content\\\/uploads\\\/2025\\\/08\\\/SH30-1.jpeg\",\"contentUrl\":\"https:\\\/\\\/somos-hermanos.mx\\\/wp-content\\\/uploads\\\/2025\\\/08\\\/SH30-1.jpeg\",\"width\":1600,\"height\":1142,\"caption\":\"Somos Hermanos\"},\"image\":{\"@id\":\"https:\\\/\\\/somos-hermanos.mx\\\/#\\\/schema\\\/logo\\\/image\\\/\"},\"sameAs\":[\"https:\\\/\\\/www.facebook.com\\\/SomosHermanosIAP\\\/\",\"https:\\\/\\\/x.com\\\/Somos__Hermanos\",\"https:\\\/\\\/www.instagram.com\\\/somos__hermanos\\\/#\",\"https:\\\/\\\/www.tiktok.com\\\/@somoshermanosiap\",\"https:\\\/\\\/www.youtube.com\\\/@somoshermanosiap1201\\\/videos\"]},{\"@type\":\"Person\",\"@id\":\"https:\\\/\\\/somos-hermanos.mx\\\/#\\\/schema\\\/person\\\/310a45203a309f04e24f754c2ffd78b2\",\"name\":\"Jorge Plascencia Gonz\u00e1lez\",\"image\":{\"@type\":\"ImageObject\",\"inLanguage\":\"es\",\"@id\":\"https:\\\/\\\/secure.gravatar.com\\\/avatar\\\/64861ec16c81c93b8ca0cb6e8211fcb69e209928bb5e8c177618e37513c17ed7?s=96&d=mm&r=g\",\"url\":\"https:\\\/\\\/secure.gravatar.com\\\/avatar\\\/64861ec16c81c93b8ca0cb6e8211fcb69e209928bb5e8c177618e37513c17ed7?s=96&d=mm&r=g\",\"contentUrl\":\"https:\\\/\\\/secure.gravatar.com\\\/avatar\\\/64861ec16c81c93b8ca0cb6e8211fcb69e209928bb5e8c177618e37513c17ed7?s=96&d=mm&r=g\",\"caption\":\"Jorge Plascencia Gonz\u00e1lez\"},\"url\":\"https:\\\/\\\/somos-hermanos.mx\\\/index.php\\\/author\\\/jorge-plascencia-gonzalez\\\/\"}]}<\/script>\n<!-- \/ Yoast SEO plugin. -->","yoast_head_json":{"title":"Reforestamos M\u00e9xico: Un llamado urgente a la acci\u00f3n por nuestros bosques - Historias que inspiran...","robots":{"index":"index","follow":"follow","max-snippet":"max-snippet:-1","max-image-preview":"max-image-preview:large","max-video-preview":"max-video-preview:-1"},"canonical":"https:\/\/somos-hermanos.mx\/index.php\/2025\/08\/04\/reforestamos-mexico-un-llamado-urgente-a-la-accion-por-nuestros-bosques\/","og_locale":"es_MX","og_type":"article","og_title":"Reforestamos M\u00e9xico: Un llamado urgente a la acci\u00f3n por nuestros bosques - Historias que inspiran...","og_description":"En un mundo donde la deforestaci\u00f3n y la degradaci\u00f3n ambiental avanzan a pasos agigantados, existen iniciativas que, con pasi\u00f3n y compromiso, luchan por un futuro m\u00e1s verde y sostenible. Reforestamos M\u00e9xico es una fundaci\u00f3n que, con su dedicaci\u00f3n y trabajo en diversas \u00e1reas, busca detener la deforestaci\u00f3n, promover el manejo sostenible de los bosques, restaurar [&hellip;]","og_url":"https:\/\/somos-hermanos.mx\/index.php\/2025\/08\/04\/reforestamos-mexico-un-llamado-urgente-a-la-accion-por-nuestros-bosques\/","og_site_name":"Historias que inspiran...","article_publisher":"https:\/\/www.facebook.com\/SomosHermanosIAP\/","article_published_time":"2025-08-04T07:15:52+00:00","og_image":[{"width":646,"height":646,"url":"https:\/\/somos-hermanos.mx\/wp-content\/uploads\/2025\/08\/refo.jpeg","type":"image\/jpeg"}],"author":"Jorge Plascencia Gonz\u00e1lez","twitter_card":"summary_large_image","twitter_creator":"@Somos__Hermanos","twitter_site":"@Somos__Hermanos","twitter_misc":{"Escrito por":"Jorge Plascencia Gonz\u00e1lez","Tiempo de lectura":"3 minutos"},"schema":{"@context":"https:\/\/schema.org","@graph":[{"@type":"Article","@id":"https:\/\/somos-hermanos.mx\/index.php\/2025\/08\/04\/reforestamos-mexico-un-llamado-urgente-a-la-accion-por-nuestros-bosques\/#article","isPartOf":{"@id":"https:\/\/somos-hermanos.mx\/index.php\/2025\/08\/04\/reforestamos-mexico-un-llamado-urgente-a-la-accion-por-nuestros-bosques\/"},"author":{"name":"Jorge Plascencia Gonz\u00e1lez","@id":"https:\/\/somos-hermanos.mx\/#\/schema\/person\/310a45203a309f04e24f754c2ffd78b2"},"headline":"Reforestamos M\u00e9xico: Un llamado urgente a la acci\u00f3n por nuestros bosques","datePublished":"2025-08-04T07:15:52+00:00","mainEntityOfPage":{"@id":"https:\/\/somos-hermanos.mx\/index.php\/2025\/08\/04\/reforestamos-mexico-un-llamado-urgente-a-la-accion-por-nuestros-bosques\/"},"wordCount":499,"commentCount":0,"publisher":{"@id":"https:\/\/somos-hermanos.mx\/#organization"},"image":{"@id":"https:\/\/somos-hermanos.mx\/index.php\/2025\/08\/04\/reforestamos-mexico-un-llamado-urgente-a-la-accion-por-nuestros-bosques\/#primaryimage"},"thumbnailUrl":"https:\/\/somos-hermanos.mx\/wp-content\/uploads\/2025\/08\/refo.jpeg","articleSection":["Noticias"],"inLanguage":"es","potentialAction":[{"@type":"CommentAction","name":"Comment","target":["https:\/\/somos-hermanos.mx\/index.php\/2025\/08\/04\/reforestamos-mexico-un-llamado-urgente-a-la-accion-por-nuestros-bosques\/#respond"]}]},{"@type":"WebPage","@id":"https:\/\/somos-hermanos.mx\/index.php\/2025\/08\/04\/reforestamos-mexico-un-llamado-urgente-a-la-accion-por-nuestros-bosques\/","url":"https:\/\/somos-hermanos.mx\/index.php\/2025\/08\/04\/reforestamos-mexico-un-llamado-urgente-a-la-accion-por-nuestros-bosques\/","name":"Reforestamos M\u00e9xico: Un llamado urgente a la acci\u00f3n por nuestros bosques - Historias que inspiran...","isPartOf":{"@id":"https:\/\/somos-hermanos.mx\/#website"},"primaryImageOfPage":{"@id":"https:\/\/somos-hermanos.mx\/index.php\/2025\/08\/04\/reforestamos-mexico-un-llamado-urgente-a-la-accion-por-nuestros-bosques\/#primaryimage"},"image":{"@id":"https:\/\/somos-hermanos.mx\/index.php\/2025\/08\/04\/reforestamos-mexico-un-llamado-urgente-a-la-accion-por-nuestros-bosques\/#primaryimage"},"thumbnailUrl":"https:\/\/somos-hermanos.mx\/wp-content\/uploads\/2025\/08\/refo.jpeg","datePublished":"2025-08-04T07:15:52+00:00","breadcrumb":{"@id":"https:\/\/somos-hermanos.mx\/index.php\/2025\/08\/04\/reforestamos-mexico-un-llamado-urgente-a-la-accion-por-nuestros-bosques\/#breadcrumb"},"inLanguage":"es","potentialAction":[{"@type":"ReadAction","target":["https:\/\/somos-hermanos.mx\/index.php\/2025\/08\/04\/reforestamos-mexico-un-llamado-urgente-a-la-accion-por-nuestros-bosques\/"]}]},{"@type":"ImageObject","inLanguage":"es","@id":"https:\/\/somos-hermanos.mx\/index.php\/2025\/08\/04\/reforestamos-mexico-un-llamado-urgente-a-la-accion-por-nuestros-bosques\/#primaryimage","url":"https:\/\/somos-hermanos.mx\/wp-content\/uploads\/2025\/08\/refo.jpeg","contentUrl":"https:\/\/somos-hermanos.mx\/wp-content\/uploads\/2025\/08\/refo.jpeg","width":646,"height":646},{"@type":"BreadcrumbList","@id":"https:\/\/somos-hermanos.mx\/index.php\/2025\/08\/04\/reforestamos-mexico-un-llamado-urgente-a-la-accion-por-nuestros-bosques\/#breadcrumb","itemListElement":[{"@type":"ListItem","position":1,"name":"Inicio","item":"https:\/\/somos-hermanos.mx\/"},{"@type":"ListItem","position":2,"name":"Reforestamos M\u00e9xico: Un llamado urgente a la acci\u00f3n por nuestros bosques"}]},{"@type":"WebSite","@id":"https:\/\/somos-hermanos.mx\/#website","url":"https:\/\/somos-hermanos.mx\/","name":"Historias que inspiran...","description":"Somos la voz del altruismo en M\u00e9xico","publisher":{"@id":"https:\/\/somos-hermanos.mx\/#organization"},"potentialAction":[{"@type":"SearchAction","target":{"@type":"EntryPoint","urlTemplate":"https:\/\/somos-hermanos.mx\/?s={search_term_string}"},"query-input":{"@type":"PropertyValueSpecification","valueRequired":true,"valueName":"search_term_string"}}],"inLanguage":"es"},{"@type":"Organization","@id":"https:\/\/somos-hermanos.mx\/#organization","name":"Somos Hermanos","url":"https:\/\/somos-hermanos.mx\/","logo":{"@type":"ImageObject","inLanguage":"es","@id":"https:\/\/somos-hermanos.mx\/#\/schema\/logo\/image\/","url":"https:\/\/somos-hermanos.mx\/wp-content\/uploads\/2025\/08\/SH30-1.jpeg","contentUrl":"https:\/\/somos-hermanos.mx\/wp-content\/uploads\/2025\/08\/SH30-1.jpeg","width":1600,"height":1142,"caption":"Somos Hermanos"},"image":{"@id":"https:\/\/somos-hermanos.mx\/#\/schema\/logo\/image\/"},"sameAs":["https:\/\/www.facebook.com\/SomosHermanosIAP\/","https:\/\/x.com\/Somos__Hermanos","https:\/\/www.instagram.com\/somos__hermanos\/#","https:\/\/www.tiktok.com\/@somoshermanosiap","https:\/\/www.youtube.com\/@somoshermanosiap1201\/videos"]},{"@type":"Person","@id":"https:\/\/somos-hermanos.mx\/#\/schema\/person\/310a45203a309f04e24f754c2ffd78b2","name":"Jorge Plascencia Gonz\u00e1lez","image":{"@type":"ImageObject","inLanguage":"es","@id":"https:\/\/secure.gravatar.com\/avatar\/64861ec16c81c93b8ca0cb6e8211fcb69e209928bb5e8c177618e37513c17ed7?s=96&d=mm&r=g","url":"https:\/\/secure.gravatar.com\/avatar\/64861ec16c81c93b8ca0cb6e8211fcb69e209928bb5e8c177618e37513c17ed7?s=96&d=mm&r=g","contentUrl":"https:\/\/secure.gravatar.com\/avatar\/64861ec16c81c93b8ca0cb6e8211fcb69e209928bb5e8c177618e37513c17ed7?s=96&d=mm&r=g","caption":"Jorge Plascencia Gonz\u00e1lez"},"url":"https:\/\/somos-hermanos.mx\/index.php\/author\/jorge-plascencia-gonzalez\/"}]}},"_links":{"self":[{"href":"https:\/\/somos-hermanos.mx\/index.php\/wp-json\/wp\/v2\/posts\/606","targetHints":{"allow":["GET"]}}],"collection":[{"href":"https:\/\/somos-hermanos.mx\/index.php\/wp-json\/wp\/v2\/posts"}],"about":[{"href":"https:\/\/somos-hermanos.mx\/index.php\/wp-json\/wp\/v2\/types\/post"}],"author":[{"embeddable":true,"href":"https:\/\/somos-hermanos.mx\/index.php\/wp-json\/wp\/v2\/users\/16"}],"replies":[{"embeddable":true,"href":"https:\/\/somos-hermanos.mx\/index.php\/wp-json\/wp\/v2\/comments?post=606"}],"version-history":[{"count":1,"href":"https:\/\/somos-hermanos.mx\/index.php\/wp-json\/wp\/v2\/posts\/606\/revisions"}],"predecessor-version":[{"id":608,"href":"https:\/\/somos-hermanos.mx\/index.php\/wp-json\/wp\/v2\/posts\/606\/revisions\/608"}],"wp:featuredmedia":[{"embeddable":true,"href":"https:\/\/somos-hermanos.mx\/index.php\/wp-json\/wp\/v2\/media\/607"}],"wp:attachment":[{"href":"https:\/\/somos-hermanos.mx\/index.php\/wp-json\/wp\/v2\/media?parent=606"}],"wp:term":[{"taxonomy":"category","embeddable":true,"href":"https:\/\/somos-hermanos.mx\/index.php\/wp-json\/wp\/v2\/categories?post=606"},{"taxonomy":"post_tag","embeddable":true,"href":"https:\/\/somos-hermanos.mx\/index.php\/wp-json\/wp\/v2\/tags?post=606"}],"curies":[{"name":"wp","href":"https:\/\/api.w.org\/{rel}","templated":true}]}}