{"id":603,"date":"2025-08-04T01:14:47","date_gmt":"2025-08-04T07:14:47","guid":{"rendered":"https:\/\/somos-hermanos.mx\/?p=603"},"modified":"2025-08-04T01:14:47","modified_gmt":"2025-08-04T07:14:47","slug":"te-acompano-sofia-obra-pletorica-de-consuelo-castro","status":"publish","type":"post","link":"https:\/\/somos-hermanos.mx\/index.php\/2025\/08\/04\/te-acompano-sofia-obra-pletorica-de-consuelo-castro\/","title":{"rendered":"Te acompa\u00f1o Sof\u00eda, obra plet\u00f3rica de Consuelo Castro"},"content":{"rendered":"<p>Te acompa\u00f1o Sof\u00eda <strong>es la obra literaria escrita por Consuelo Castro Salinas, <\/strong>abogada y quien por muchos a\u00f1os ha estado inmersa en las causas sociales de las organizaciones de la sociedad civil.<\/p>\n<p>La idea de escribir un libro se da cuando la autora acudi\u00f3 a un festival denominado <strong>\u201cJuega con tu habilidad\u201d <\/strong>organizada por la Junta de Asistencia Privada de la CDMX (JAPCDMX) en donde se promov\u00eda la inclusi\u00f3n social de las personas con discapacidad.<\/p>\n<p>Durante la presentaci\u00f3n del libro, Consuelo relat\u00f3 que cuando era Secretaria Ejecutiva en la Junta de Asistencia Privada, y al asistir a ese evento \u201cJuega con tu habilidad\u201d <strong>llam\u00f3 su atenci\u00f3n la habilidad que ten\u00edan los j\u00f3venes con S\u00edndrome de Down para realizar cualquier actividad, pero m\u00e1s la de bailar. <\/strong>De ah\u00ed que a\u00f1os despu\u00e9s viniera a su mente querer hacer un libro, en donde adem\u00e1s honra a su alumna Alicia, quien tambi\u00e9n era una joven con esta condici\u00f3n y a la cual dedica su obra literaria.<\/p>\n<p>\u201cTe acompa\u00f1o Sof\u00eda es una chica con S\u00edndrome de Down en donde su mam\u00e1 nos cuenta sus andanzas y aventuras. Un libro en el que quise dar voz a los episodios cotidianos que viven una mama y su hija con Trisom\u00eda 21. <strong>Momentos que nos recuerdan que la vida est\u00e1 hecha de peque\u00f1as grandes historias de gestos de amor incondicional. <\/strong><\/p>\n<p>Cada palabra ha sido escrita con respeto y con la intenci\u00f3n de reflejar la realidad de tantas familias que d\u00eda a d\u00eda construyen un mundo m\u00e1s inclusivo con paciencia, esfuerzo y sobretodo con amor\u201d puntualiz\u00f3 Consuelo Castro.<\/p>\n<p>Espero que al leer \u201cTe acompa\u00f1o Sof\u00eda\u201d encuentren una nueva mirada de lo que realmente significa la inclusi\u00f3n en nuestra vida, concluy\u00f3 Consuelo Castro Salinas.<\/p>\n<p>Por otra parte, Esperanza Bustillo Puente, fundadora de Escritores en Construcci\u00f3n refiri\u00f3 a trav\u00e9s de una carta que: Te acompa\u00f1o Sof\u00eda <strong>representa para la autora la posibilidad de reflejar en una historia que, <\/strong>la discapacidad tiene muchas cosas de verse y entenderse.<\/p>\n<p>\u201cConsuelo ha elegido hacerlo de esta manera a trav\u00e9s de las protagonistas de su obra, desde el crecimiento como ser humano, desde la comprensi\u00f3n y desde la fortaleza de quien es capaz de adaptarse a los nuevos caminos que el devenir de la vida nos presenta. Esta no es una historia que trate sobre el victimismo o la tristeza, muy al contrario. Te acompa\u00f1o Sof\u00eda es una declaraci\u00f3n de voluntades, precis\u00f3 Esperanza Bustillo Puente.<\/p>\n","protected":false},"excerpt":{"rendered":"<p>Te acompa\u00f1o Sof\u00eda es la obra literaria escrita por Consuelo Castro Salinas, abogada y quien por muchos a\u00f1os ha estado inmersa en las causas sociales de las organizaciones de la sociedad civil. La idea de escribir un libro se da cuando la autora acudi\u00f3 a un festival denominado \u201cJuega con tu habilidad\u201d organizada por la [&hellip;]<\/p>\n","protected":false},"author":8,"featured_media":604,"comment_status":"open","ping_status":"closed","sticky":false,"template":"","format":"standard","meta":{"footnotes":""},"categories":[6],"tags":[],"class_list":["post-603","post","type-post","status-publish","format-standard","has-post-thumbnail","hentry","category-noticias"],"yoast_head":"<!-- This site is optimized with the Yoast SEO plugin v27.5 - https:\/\/yoast.com\/product\/yoast-seo-wordpress\/ -->\n<title>Te acompa\u00f1o Sof\u00eda, obra plet\u00f3rica de Consuelo Castro - Historias que inspiran...<\/title>\n<meta name=\"robots\" content=\"index, follow, max-snippet:-1, max-image-preview:large, max-video-preview:-1\" \/>\n<link rel=\"canonical\" href=\"https:\/\/somos-hermanos.mx\/index.php\/2025\/08\/04\/te-acompano-sofia-obra-pletorica-de-consuelo-castro\/\" \/>\n<meta property=\"og:locale\" content=\"es_MX\" \/>\n<meta property=\"og:type\" content=\"article\" \/>\n<meta property=\"og:title\" content=\"Te acompa\u00f1o Sof\u00eda, obra plet\u00f3rica de Consuelo Castro - Historias que inspiran...\" \/>\n<meta property=\"og:description\" content=\"Te acompa\u00f1o Sof\u00eda es la obra literaria escrita por Consuelo Castro Salinas, abogada y quien por muchos a\u00f1os ha estado inmersa en las causas sociales de las organizaciones de la sociedad civil. La idea de escribir un libro se da cuando la autora acudi\u00f3 a un festival denominado \u201cJuega con tu habilidad\u201d organizada por la [&hellip;]\" \/>\n<meta property=\"og:url\" content=\"https:\/\/somos-hermanos.mx\/index.php\/2025\/08\/04\/te-acompano-sofia-obra-pletorica-de-consuelo-castro\/\" \/>\n<meta property=\"og:site_name\" content=\"Historias que inspiran...\" \/>\n<meta property=\"article:publisher\" content=\"https:\/\/www.facebook.com\/SomosHermanosIAP\/\" \/>\n<meta property=\"article:published_time\" content=\"2025-08-04T07:14:47+00:00\" \/>\n<meta property=\"og:image\" content=\"https:\/\/somos-hermanos.mx\/wp-content\/uploads\/2025\/08\/sof.jpeg\" \/>\n\t<meta property=\"og:image:width\" content=\"1204\" \/>\n\t<meta property=\"og:image:height\" content=\"1600\" \/>\n\t<meta property=\"og:image:type\" content=\"image\/jpeg\" \/>\n<meta name=\"author\" content=\"Jes\u00fas Arizmendi\" \/>\n<meta name=\"twitter:card\" content=\"summary_large_image\" \/>\n<meta name=\"twitter:creator\" content=\"@Somos__Hermanos\" \/>\n<meta name=\"twitter:site\" content=\"@Somos__Hermanos\" \/>\n<meta name=\"twitter:label1\" content=\"Escrito por\" \/>\n\t<meta name=\"twitter:data1\" content=\"Jes\u00fas Arizmendi\" \/>\n\t<meta name=\"twitter:label2\" content=\"Tiempo de lectura\" \/>\n\t<meta name=\"twitter:data2\" content=\"3 minutos\" \/>\n<script type=\"application\/ld+json\" class=\"yoast-schema-graph\">{\"@context\":\"https:\\\/\\\/schema.org\",\"@graph\":[{\"@type\":\"Article\",\"@id\":\"https:\\\/\\\/somos-hermanos.mx\\\/index.php\\\/2025\\\/08\\\/04\\\/te-acompano-sofia-obra-pletorica-de-consuelo-castro\\\/#article\",\"isPartOf\":{\"@id\":\"https:\\\/\\\/somos-hermanos.mx\\\/index.php\\\/2025\\\/08\\\/04\\\/te-acompano-sofia-obra-pletorica-de-consuelo-castro\\\/\"},\"author\":{\"name\":\"Jes\u00fas Arizmendi\",\"@id\":\"https:\\\/\\\/somos-hermanos.mx\\\/#\\\/schema\\\/person\\\/945cdfed39314d9db1242f593aecb908\"},\"headline\":\"Te acompa\u00f1o Sof\u00eda, obra plet\u00f3rica de Consuelo Castro\",\"datePublished\":\"2025-08-04T07:14:47+00:00\",\"mainEntityOfPage\":{\"@id\":\"https:\\\/\\\/somos-hermanos.mx\\\/index.php\\\/2025\\\/08\\\/04\\\/te-acompano-sofia-obra-pletorica-de-consuelo-castro\\\/\"},\"wordCount\":447,\"commentCount\":0,\"publisher\":{\"@id\":\"https:\\\/\\\/somos-hermanos.mx\\\/#organization\"},\"image\":{\"@id\":\"https:\\\/\\\/somos-hermanos.mx\\\/index.php\\\/2025\\\/08\\\/04\\\/te-acompano-sofia-obra-pletorica-de-consuelo-castro\\\/#primaryimage\"},\"thumbnailUrl\":\"https:\\\/\\\/somos-hermanos.mx\\\/wp-content\\\/uploads\\\/2025\\\/08\\\/sof.jpeg\",\"articleSection\":[\"Noticias\"],\"inLanguage\":\"es\",\"potentialAction\":[{\"@type\":\"CommentAction\",\"name\":\"Comment\",\"target\":[\"https:\\\/\\\/somos-hermanos.mx\\\/index.php\\\/2025\\\/08\\\/04\\\/te-acompano-sofia-obra-pletorica-de-consuelo-castro\\\/#respond\"]}]},{\"@type\":\"WebPage\",\"@id\":\"https:\\\/\\\/somos-hermanos.mx\\\/index.php\\\/2025\\\/08\\\/04\\\/te-acompano-sofia-obra-pletorica-de-consuelo-castro\\\/\",\"url\":\"https:\\\/\\\/somos-hermanos.mx\\\/index.php\\\/2025\\\/08\\\/04\\\/te-acompano-sofia-obra-pletorica-de-consuelo-castro\\\/\",\"name\":\"Te acompa\u00f1o Sof\u00eda, obra plet\u00f3rica de Consuelo Castro - Historias que inspiran...\",\"isPartOf\":{\"@id\":\"https:\\\/\\\/somos-hermanos.mx\\\/#website\"},\"primaryImageOfPage\":{\"@id\":\"https:\\\/\\\/somos-hermanos.mx\\\/index.php\\\/2025\\\/08\\\/04\\\/te-acompano-sofia-obra-pletorica-de-consuelo-castro\\\/#primaryimage\"},\"image\":{\"@id\":\"https:\\\/\\\/somos-hermanos.mx\\\/index.php\\\/2025\\\/08\\\/04\\\/te-acompano-sofia-obra-pletorica-de-consuelo-castro\\\/#primaryimage\"},\"thumbnailUrl\":\"https:\\\/\\\/somos-hermanos.mx\\\/wp-content\\\/uploads\\\/2025\\\/08\\\/sof.jpeg\",\"datePublished\":\"2025-08-04T07:14:47+00:00\",\"breadcrumb\":{\"@id\":\"https:\\\/\\\/somos-hermanos.mx\\\/index.php\\\/2025\\\/08\\\/04\\\/te-acompano-sofia-obra-pletorica-de-consuelo-castro\\\/#breadcrumb\"},\"inLanguage\":\"es\",\"potentialAction\":[{\"@type\":\"ReadAction\",\"target\":[\"https:\\\/\\\/somos-hermanos.mx\\\/index.php\\\/2025\\\/08\\\/04\\\/te-acompano-sofia-obra-pletorica-de-consuelo-castro\\\/\"]}]},{\"@type\":\"ImageObject\",\"inLanguage\":\"es\",\"@id\":\"https:\\\/\\\/somos-hermanos.mx\\\/index.php\\\/2025\\\/08\\\/04\\\/te-acompano-sofia-obra-pletorica-de-consuelo-castro\\\/#primaryimage\",\"url\":\"https:\\\/\\\/somos-hermanos.mx\\\/wp-content\\\/uploads\\\/2025\\\/08\\\/sof.jpeg\",\"contentUrl\":\"https:\\\/\\\/somos-hermanos.mx\\\/wp-content\\\/uploads\\\/2025\\\/08\\\/sof.jpeg\",\"width\":1204,\"height\":1600},{\"@type\":\"BreadcrumbList\",\"@id\":\"https:\\\/\\\/somos-hermanos.mx\\\/index.php\\\/2025\\\/08\\\/04\\\/te-acompano-sofia-obra-pletorica-de-consuelo-castro\\\/#breadcrumb\",\"itemListElement\":[{\"@type\":\"ListItem\",\"position\":1,\"name\":\"Inicio\",\"item\":\"https:\\\/\\\/somos-hermanos.mx\\\/\"},{\"@type\":\"ListItem\",\"position\":2,\"name\":\"Te acompa\u00f1o Sof\u00eda, obra plet\u00f3rica de Consuelo Castro\"}]},{\"@type\":\"WebSite\",\"@id\":\"https:\\\/\\\/somos-hermanos.mx\\\/#website\",\"url\":\"https:\\\/\\\/somos-hermanos.mx\\\/\",\"name\":\"Historias que inspiran...\",\"description\":\"Somos la voz del altruismo en M\u00e9xico\",\"publisher\":{\"@id\":\"https:\\\/\\\/somos-hermanos.mx\\\/#organization\"},\"potentialAction\":[{\"@type\":\"SearchAction\",\"target\":{\"@type\":\"EntryPoint\",\"urlTemplate\":\"https:\\\/\\\/somos-hermanos.mx\\\/?s={search_term_string}\"},\"query-input\":{\"@type\":\"PropertyValueSpecification\",\"valueRequired\":true,\"valueName\":\"search_term_string\"}}],\"inLanguage\":\"es\"},{\"@type\":\"Organization\",\"@id\":\"https:\\\/\\\/somos-hermanos.mx\\\/#organization\",\"name\":\"Somos Hermanos\",\"url\":\"https:\\\/\\\/somos-hermanos.mx\\\/\",\"logo\":{\"@type\":\"ImageObject\",\"inLanguage\":\"es\",\"@id\":\"https:\\\/\\\/somos-hermanos.mx\\\/#\\\/schema\\\/logo\\\/image\\\/\",\"url\":\"https:\\\/\\\/somos-hermanos.mx\\\/wp-content\\\/uploads\\\/2025\\\/08\\\/SH30-1.jpeg\",\"contentUrl\":\"https:\\\/\\\/somos-hermanos.mx\\\/wp-content\\\/uploads\\\/2025\\\/08\\\/SH30-1.jpeg\",\"width\":1600,\"height\":1142,\"caption\":\"Somos Hermanos\"},\"image\":{\"@id\":\"https:\\\/\\\/somos-hermanos.mx\\\/#\\\/schema\\\/logo\\\/image\\\/\"},\"sameAs\":[\"https:\\\/\\\/www.facebook.com\\\/SomosHermanosIAP\\\/\",\"https:\\\/\\\/x.com\\\/Somos__Hermanos\",\"https:\\\/\\\/www.instagram.com\\\/somos__hermanos\\\/#\",\"https:\\\/\\\/www.tiktok.com\\\/@somoshermanosiap\",\"https:\\\/\\\/www.youtube.com\\\/@somoshermanosiap1201\\\/videos\"]},{\"@type\":\"Person\",\"@id\":\"https:\\\/\\\/somos-hermanos.mx\\\/#\\\/schema\\\/person\\\/945cdfed39314d9db1242f593aecb908\",\"name\":\"Jes\u00fas Arizmendi\",\"image\":{\"@type\":\"ImageObject\",\"inLanguage\":\"es\",\"@id\":\"https:\\\/\\\/secure.gravatar.com\\\/avatar\\\/9d2f2284f2cc108aae42b8fdb13afa29b801f64001b731516b830e4926cc1b4b?s=96&d=mm&r=g\",\"url\":\"https:\\\/\\\/secure.gravatar.com\\\/avatar\\\/9d2f2284f2cc108aae42b8fdb13afa29b801f64001b731516b830e4926cc1b4b?s=96&d=mm&r=g\",\"contentUrl\":\"https:\\\/\\\/secure.gravatar.com\\\/avatar\\\/9d2f2284f2cc108aae42b8fdb13afa29b801f64001b731516b830e4926cc1b4b?s=96&d=mm&r=g\",\"caption\":\"Jes\u00fas Arizmendi\"},\"url\":\"https:\\\/\\\/somos-hermanos.mx\\\/index.php\\\/author\\\/jesus-arizmendi\\\/\"}]}<\/script>\n<!-- \/ Yoast SEO plugin. -->","yoast_head_json":{"title":"Te acompa\u00f1o Sof\u00eda, obra plet\u00f3rica de Consuelo Castro - Historias que inspiran...","robots":{"index":"index","follow":"follow","max-snippet":"max-snippet:-1","max-image-preview":"max-image-preview:large","max-video-preview":"max-video-preview:-1"},"canonical":"https:\/\/somos-hermanos.mx\/index.php\/2025\/08\/04\/te-acompano-sofia-obra-pletorica-de-consuelo-castro\/","og_locale":"es_MX","og_type":"article","og_title":"Te acompa\u00f1o Sof\u00eda, obra plet\u00f3rica de Consuelo Castro - Historias que inspiran...","og_description":"Te acompa\u00f1o Sof\u00eda es la obra literaria escrita por Consuelo Castro Salinas, abogada y quien por muchos a\u00f1os ha estado inmersa en las causas sociales de las organizaciones de la sociedad civil. La idea de escribir un libro se da cuando la autora acudi\u00f3 a un festival denominado \u201cJuega con tu habilidad\u201d organizada por la [&hellip;]","og_url":"https:\/\/somos-hermanos.mx\/index.php\/2025\/08\/04\/te-acompano-sofia-obra-pletorica-de-consuelo-castro\/","og_site_name":"Historias que inspiran...","article_publisher":"https:\/\/www.facebook.com\/SomosHermanosIAP\/","article_published_time":"2025-08-04T07:14:47+00:00","og_image":[{"width":1204,"height":1600,"url":"https:\/\/somos-hermanos.mx\/wp-content\/uploads\/2025\/08\/sof.jpeg","type":"image\/jpeg"}],"author":"Jes\u00fas Arizmendi","twitter_card":"summary_large_image","twitter_creator":"@Somos__Hermanos","twitter_site":"@Somos__Hermanos","twitter_misc":{"Escrito por":"Jes\u00fas Arizmendi","Tiempo de lectura":"3 minutos"},"schema":{"@context":"https:\/\/schema.org","@graph":[{"@type":"Article","@id":"https:\/\/somos-hermanos.mx\/index.php\/2025\/08\/04\/te-acompano-sofia-obra-pletorica-de-consuelo-castro\/#article","isPartOf":{"@id":"https:\/\/somos-hermanos.mx\/index.php\/2025\/08\/04\/te-acompano-sofia-obra-pletorica-de-consuelo-castro\/"},"author":{"name":"Jes\u00fas Arizmendi","@id":"https:\/\/somos-hermanos.mx\/#\/schema\/person\/945cdfed39314d9db1242f593aecb908"},"headline":"Te acompa\u00f1o Sof\u00eda, obra plet\u00f3rica de Consuelo Castro","datePublished":"2025-08-04T07:14:47+00:00","mainEntityOfPage":{"@id":"https:\/\/somos-hermanos.mx\/index.php\/2025\/08\/04\/te-acompano-sofia-obra-pletorica-de-consuelo-castro\/"},"wordCount":447,"commentCount":0,"publisher":{"@id":"https:\/\/somos-hermanos.mx\/#organization"},"image":{"@id":"https:\/\/somos-hermanos.mx\/index.php\/2025\/08\/04\/te-acompano-sofia-obra-pletorica-de-consuelo-castro\/#primaryimage"},"thumbnailUrl":"https:\/\/somos-hermanos.mx\/wp-content\/uploads\/2025\/08\/sof.jpeg","articleSection":["Noticias"],"inLanguage":"es","potentialAction":[{"@type":"CommentAction","name":"Comment","target":["https:\/\/somos-hermanos.mx\/index.php\/2025\/08\/04\/te-acompano-sofia-obra-pletorica-de-consuelo-castro\/#respond"]}]},{"@type":"WebPage","@id":"https:\/\/somos-hermanos.mx\/index.php\/2025\/08\/04\/te-acompano-sofia-obra-pletorica-de-consuelo-castro\/","url":"https:\/\/somos-hermanos.mx\/index.php\/2025\/08\/04\/te-acompano-sofia-obra-pletorica-de-consuelo-castro\/","name":"Te acompa\u00f1o Sof\u00eda, obra plet\u00f3rica de Consuelo Castro - Historias que inspiran...","isPartOf":{"@id":"https:\/\/somos-hermanos.mx\/#website"},"primaryImageOfPage":{"@id":"https:\/\/somos-hermanos.mx\/index.php\/2025\/08\/04\/te-acompano-sofia-obra-pletorica-de-consuelo-castro\/#primaryimage"},"image":{"@id":"https:\/\/somos-hermanos.mx\/index.php\/2025\/08\/04\/te-acompano-sofia-obra-pletorica-de-consuelo-castro\/#primaryimage"},"thumbnailUrl":"https:\/\/somos-hermanos.mx\/wp-content\/uploads\/2025\/08\/sof.jpeg","datePublished":"2025-08-04T07:14:47+00:00","breadcrumb":{"@id":"https:\/\/somos-hermanos.mx\/index.php\/2025\/08\/04\/te-acompano-sofia-obra-pletorica-de-consuelo-castro\/#breadcrumb"},"inLanguage":"es","potentialAction":[{"@type":"ReadAction","target":["https:\/\/somos-hermanos.mx\/index.php\/2025\/08\/04\/te-acompano-sofia-obra-pletorica-de-consuelo-castro\/"]}]},{"@type":"ImageObject","inLanguage":"es","@id":"https:\/\/somos-hermanos.mx\/index.php\/2025\/08\/04\/te-acompano-sofia-obra-pletorica-de-consuelo-castro\/#primaryimage","url":"https:\/\/somos-hermanos.mx\/wp-content\/uploads\/2025\/08\/sof.jpeg","contentUrl":"https:\/\/somos-hermanos.mx\/wp-content\/uploads\/2025\/08\/sof.jpeg","width":1204,"height":1600},{"@type":"BreadcrumbList","@id":"https:\/\/somos-hermanos.mx\/index.php\/2025\/08\/04\/te-acompano-sofia-obra-pletorica-de-consuelo-castro\/#breadcrumb","itemListElement":[{"@type":"ListItem","position":1,"name":"Inicio","item":"https:\/\/somos-hermanos.mx\/"},{"@type":"ListItem","position":2,"name":"Te acompa\u00f1o Sof\u00eda, obra plet\u00f3rica de Consuelo Castro"}]},{"@type":"WebSite","@id":"https:\/\/somos-hermanos.mx\/#website","url":"https:\/\/somos-hermanos.mx\/","name":"Historias que inspiran...","description":"Somos la voz del altruismo en M\u00e9xico","publisher":{"@id":"https:\/\/somos-hermanos.mx\/#organization"},"potentialAction":[{"@type":"SearchAction","target":{"@type":"EntryPoint","urlTemplate":"https:\/\/somos-hermanos.mx\/?s={search_term_string}"},"query-input":{"@type":"PropertyValueSpecification","valueRequired":true,"valueName":"search_term_string"}}],"inLanguage":"es"},{"@type":"Organization","@id":"https:\/\/somos-hermanos.mx\/#organization","name":"Somos Hermanos","url":"https:\/\/somos-hermanos.mx\/","logo":{"@type":"ImageObject","inLanguage":"es","@id":"https:\/\/somos-hermanos.mx\/#\/schema\/logo\/image\/","url":"https:\/\/somos-hermanos.mx\/wp-content\/uploads\/2025\/08\/SH30-1.jpeg","contentUrl":"https:\/\/somos-hermanos.mx\/wp-content\/uploads\/2025\/08\/SH30-1.jpeg","width":1600,"height":1142,"caption":"Somos Hermanos"},"image":{"@id":"https:\/\/somos-hermanos.mx\/#\/schema\/logo\/image\/"},"sameAs":["https:\/\/www.facebook.com\/SomosHermanosIAP\/","https:\/\/x.com\/Somos__Hermanos","https:\/\/www.instagram.com\/somos__hermanos\/#","https:\/\/www.tiktok.com\/@somoshermanosiap","https:\/\/www.youtube.com\/@somoshermanosiap1201\/videos"]},{"@type":"Person","@id":"https:\/\/somos-hermanos.mx\/#\/schema\/person\/945cdfed39314d9db1242f593aecb908","name":"Jes\u00fas Arizmendi","image":{"@type":"ImageObject","inLanguage":"es","@id":"https:\/\/secure.gravatar.com\/avatar\/9d2f2284f2cc108aae42b8fdb13afa29b801f64001b731516b830e4926cc1b4b?s=96&d=mm&r=g","url":"https:\/\/secure.gravatar.com\/avatar\/9d2f2284f2cc108aae42b8fdb13afa29b801f64001b731516b830e4926cc1b4b?s=96&d=mm&r=g","contentUrl":"https:\/\/secure.gravatar.com\/avatar\/9d2f2284f2cc108aae42b8fdb13afa29b801f64001b731516b830e4926cc1b4b?s=96&d=mm&r=g","caption":"Jes\u00fas Arizmendi"},"url":"https:\/\/somos-hermanos.mx\/index.php\/author\/jesus-arizmendi\/"}]}},"_links":{"self":[{"href":"https:\/\/somos-hermanos.mx\/index.php\/wp-json\/wp\/v2\/posts\/603","targetHints":{"allow":["GET"]}}],"collection":[{"href":"https:\/\/somos-hermanos.mx\/index.php\/wp-json\/wp\/v2\/posts"}],"about":[{"href":"https:\/\/somos-hermanos.mx\/index.php\/wp-json\/wp\/v2\/types\/post"}],"author":[{"embeddable":true,"href":"https:\/\/somos-hermanos.mx\/index.php\/wp-json\/wp\/v2\/users\/8"}],"replies":[{"embeddable":true,"href":"https:\/\/somos-hermanos.mx\/index.php\/wp-json\/wp\/v2\/comments?post=603"}],"version-history":[{"count":1,"href":"https:\/\/somos-hermanos.mx\/index.php\/wp-json\/wp\/v2\/posts\/603\/revisions"}],"predecessor-version":[{"id":605,"href":"https:\/\/somos-hermanos.mx\/index.php\/wp-json\/wp\/v2\/posts\/603\/revisions\/605"}],"wp:featuredmedia":[{"embeddable":true,"href":"https:\/\/somos-hermanos.mx\/index.php\/wp-json\/wp\/v2\/media\/604"}],"wp:attachment":[{"href":"https:\/\/somos-hermanos.mx\/index.php\/wp-json\/wp\/v2\/media?parent=603"}],"wp:term":[{"taxonomy":"category","embeddable":true,"href":"https:\/\/somos-hermanos.mx\/index.php\/wp-json\/wp\/v2\/categories?post=603"},{"taxonomy":"post_tag","embeddable":true,"href":"https:\/\/somos-hermanos.mx\/index.php\/wp-json\/wp\/v2\/tags?post=603"}],"curies":[{"name":"wp","href":"https:\/\/api.w.org\/{rel}","templated":true}]}}