{"id":600,"date":"2025-08-04T01:13:23","date_gmt":"2025-08-04T07:13:23","guid":{"rendered":"https:\/\/somos-hermanos.mx\/?p=600"},"modified":"2025-08-04T01:13:23","modified_gmt":"2025-08-04T07:13:23","slug":"amanc-40-anos-de-amor-apoyo-y-esperanza","status":"publish","type":"post","link":"https:\/\/somos-hermanos.mx\/index.php\/2025\/08\/04\/amanc-40-anos-de-amor-apoyo-y-esperanza\/","title":{"rendered":"AMANC: 40 a\u00f1os de amor, apoyo y esperanza"},"content":{"rendered":"<p>El 15 de junio de 1982, la <strong>Asociaci\u00f3n Mexicana de Ayuda a Ni\u00f1os con C\u00e1ncer (AMANC) inici\u00f3 su lucha con un solo prop\u00f3sito:<\/strong>\u00a0brindar apoyo integral y gratuito a los ni\u00f1os y adolescentes diagnosticados con c\u00e1ncer y a sus familias, enfrentando las grandes deficiencias hospitalarias y asistenciales de la \u00e9poca.<\/p>\n<p>Esta noble causa <strong>naci\u00f3 de un dolor personal, el de Mar\u00eda de Guadalupe Alejandre Castillo, <\/strong>quien, tras perder a su hijo Pablo, v\u00edctima de leucemia a los 8 a\u00f1os, <strong>transform\u00f3 su tristeza en acci\u00f3n y esperanza para cientos de familias.<\/strong><\/p>\n<p>Hoy, 40 a\u00f1os despu\u00e9s, <strong>AMANC sigue siendo la primera y \u00fanica instituci\u00f3n en M\u00e9xico que, con un enfoque integral y gratuito, acompa\u00f1a a m\u00e1s de 3,000 familias anualmente, <\/strong>proporcionando los recursos necesarios para que ning\u00fan ni\u00f1o abandone su tratamiento por falta de recursos econ\u00f3micos.<\/p>\n<p>Con una presencia nacional que se extiende a trav\u00e9s de la Red Nacional AMANC, conformada por 23 estados, la asociaci\u00f3n impacta cada a\u00f1o a miles de familias que luchan contra el c\u00e1ncer infantil.<\/p>\n<p>En su sede principal, ubicada en la Alcald\u00eda Tlalpan, al sur de la Ciudad de M\u00e9xico, el Centro AMANC brinda acogida temporal a 50 ni\u00f1os y adolescentes junto con un familiar, mientras reciben tratamiento m\u00e9dico en hospitales p\u00fablicos.<\/p>\n<p>A trav\u00e9s de servicios asistenciales, apoyo psicol\u00f3gico, nutricional y humano, AMANC se dedica no solo a la recuperaci\u00f3n f\u00edsica de los peque\u00f1os, sino tambi\u00e9n a fortalecer su bienestar emocional y social, ayud\u00e1ndolos a superar uno de los momentos m\u00e1s dif\u00edciles de sus vidas.<\/p>\n<p><strong>AMANC no solo trabaja para cambiar el destino de estos ni\u00f1os, sino que tambi\u00e9n tiene un impacto en las pol\u00edticas p\u00fablicas<\/strong>\u00a0del pa\u00eds, buscando asegurar diagn\u00f3sticos tempranos y tratamientos de calidad para los m\u00e1s vulnerables.<\/p>\n<p>Sin embargo, la batalla no est\u00e1 ganada a\u00fan. Cada a\u00f1o, 7,000 nuevos casos de c\u00e1ncer infantil son diagnosticados, y 3 de cada 4 ni\u00f1os se enfrentan a una enfermedad ya avanzada, lo que reduce significativamente sus posibilidades de supervivencia.<\/p>\n<p>Cada contribuci\u00f3n es valiosa. Puedes ser parte de la soluci\u00f3n al c\u00e1ncer infantil en M\u00e9xico, ayudando a AMANC a seguir brindando apoyo y esperanza a miles de familias. Con tu apoyo, podemos lograr una mayor tasa de supervivencia y un futuro mejor para nuestros ni\u00f1os.<\/p>\n<p><strong>No dejes que el miedo y la tristeza ganen. \u00danete a la lucha. S\u00e9 parte del cambio. \u00a1Haz la diferencia hoy! <\/strong><\/p>\n<p><em>Encuentra m\u00e1s informaci\u00f3n de AMANC en el siguiente link <\/em><a href=\"https:\/\/www.amanc.org\/\"><em><u>https:\/\/www.amanc.org\/<\/u><\/em><\/a><em>. <\/em><\/p>\n","protected":false},"excerpt":{"rendered":"<p>El 15 de junio de 1982, la Asociaci\u00f3n Mexicana de Ayuda a Ni\u00f1os con C\u00e1ncer (AMANC) inici\u00f3 su lucha con un solo prop\u00f3sito:\u00a0brindar apoyo integral y gratuito a los ni\u00f1os y adolescentes diagnosticados con c\u00e1ncer y a sus familias, enfrentando las grandes deficiencias hospitalarias y asistenciales de la \u00e9poca. Esta noble causa naci\u00f3 de un [&hellip;]<\/p>\n","protected":false},"author":16,"featured_media":601,"comment_status":"open","ping_status":"closed","sticky":false,"template":"","format":"standard","meta":{"footnotes":""},"categories":[6],"tags":[],"class_list":["post-600","post","type-post","status-publish","format-standard","has-post-thumbnail","hentry","category-noticias"],"yoast_head":"<!-- This site is optimized with the Yoast SEO plugin v27.5 - https:\/\/yoast.com\/product\/yoast-seo-wordpress\/ -->\n<title>AMANC: 40 a\u00f1os de amor, apoyo y esperanza - Historias que inspiran...<\/title>\n<meta name=\"robots\" content=\"index, follow, max-snippet:-1, max-image-preview:large, max-video-preview:-1\" \/>\n<link rel=\"canonical\" href=\"https:\/\/somos-hermanos.mx\/index.php\/2025\/08\/04\/amanc-40-anos-de-amor-apoyo-y-esperanza\/\" \/>\n<meta property=\"og:locale\" content=\"es_MX\" \/>\n<meta property=\"og:type\" content=\"article\" \/>\n<meta property=\"og:title\" content=\"AMANC: 40 a\u00f1os de amor, apoyo y esperanza - Historias que inspiran...\" \/>\n<meta property=\"og:description\" content=\"El 15 de junio de 1982, la Asociaci\u00f3n Mexicana de Ayuda a Ni\u00f1os con C\u00e1ncer (AMANC) inici\u00f3 su lucha con un solo prop\u00f3sito:\u00a0brindar apoyo integral y gratuito a los ni\u00f1os y adolescentes diagnosticados con c\u00e1ncer y a sus familias, enfrentando las grandes deficiencias hospitalarias y asistenciales de la \u00e9poca. Esta noble causa naci\u00f3 de un [&hellip;]\" \/>\n<meta property=\"og:url\" content=\"https:\/\/somos-hermanos.mx\/index.php\/2025\/08\/04\/amanc-40-anos-de-amor-apoyo-y-esperanza\/\" \/>\n<meta property=\"og:site_name\" content=\"Historias que inspiran...\" \/>\n<meta property=\"article:publisher\" content=\"https:\/\/www.facebook.com\/SomosHermanosIAP\/\" \/>\n<meta property=\"article:published_time\" content=\"2025-08-04T07:13:23+00:00\" \/>\n<meta property=\"og:image\" content=\"https:\/\/somos-hermanos.mx\/wp-content\/uploads\/2025\/08\/amanc2.jpeg\" \/>\n\t<meta property=\"og:image:width\" content=\"1600\" \/>\n\t<meta property=\"og:image:height\" content=\"1200\" \/>\n\t<meta property=\"og:image:type\" content=\"image\/jpeg\" \/>\n<meta name=\"author\" content=\"Jorge Plascencia Gonz\u00e1lez\" \/>\n<meta name=\"twitter:card\" content=\"summary_large_image\" \/>\n<meta name=\"twitter:creator\" content=\"@Somos__Hermanos\" \/>\n<meta name=\"twitter:site\" content=\"@Somos__Hermanos\" \/>\n<meta name=\"twitter:label1\" content=\"Escrito por\" \/>\n\t<meta name=\"twitter:data1\" content=\"Jorge Plascencia Gonz\u00e1lez\" \/>\n\t<meta name=\"twitter:label2\" content=\"Tiempo de lectura\" \/>\n\t<meta name=\"twitter:data2\" content=\"3 minutos\" \/>\n<script type=\"application\/ld+json\" class=\"yoast-schema-graph\">{\"@context\":\"https:\\\/\\\/schema.org\",\"@graph\":[{\"@type\":\"Article\",\"@id\":\"https:\\\/\\\/somos-hermanos.mx\\\/index.php\\\/2025\\\/08\\\/04\\\/amanc-40-anos-de-amor-apoyo-y-esperanza\\\/#article\",\"isPartOf\":{\"@id\":\"https:\\\/\\\/somos-hermanos.mx\\\/index.php\\\/2025\\\/08\\\/04\\\/amanc-40-anos-de-amor-apoyo-y-esperanza\\\/\"},\"author\":{\"name\":\"Jorge Plascencia Gonz\u00e1lez\",\"@id\":\"https:\\\/\\\/somos-hermanos.mx\\\/#\\\/schema\\\/person\\\/310a45203a309f04e24f754c2ffd78b2\"},\"headline\":\"AMANC: 40 a\u00f1os de amor, apoyo y esperanza\",\"datePublished\":\"2025-08-04T07:13:23+00:00\",\"mainEntityOfPage\":{\"@id\":\"https:\\\/\\\/somos-hermanos.mx\\\/index.php\\\/2025\\\/08\\\/04\\\/amanc-40-anos-de-amor-apoyo-y-esperanza\\\/\"},\"wordCount\":454,\"commentCount\":0,\"publisher\":{\"@id\":\"https:\\\/\\\/somos-hermanos.mx\\\/#organization\"},\"image\":{\"@id\":\"https:\\\/\\\/somos-hermanos.mx\\\/index.php\\\/2025\\\/08\\\/04\\\/amanc-40-anos-de-amor-apoyo-y-esperanza\\\/#primaryimage\"},\"thumbnailUrl\":\"https:\\\/\\\/somos-hermanos.mx\\\/wp-content\\\/uploads\\\/2025\\\/08\\\/amanc2.jpeg\",\"articleSection\":[\"Noticias\"],\"inLanguage\":\"es\",\"potentialAction\":[{\"@type\":\"CommentAction\",\"name\":\"Comment\",\"target\":[\"https:\\\/\\\/somos-hermanos.mx\\\/index.php\\\/2025\\\/08\\\/04\\\/amanc-40-anos-de-amor-apoyo-y-esperanza\\\/#respond\"]}]},{\"@type\":\"WebPage\",\"@id\":\"https:\\\/\\\/somos-hermanos.mx\\\/index.php\\\/2025\\\/08\\\/04\\\/amanc-40-anos-de-amor-apoyo-y-esperanza\\\/\",\"url\":\"https:\\\/\\\/somos-hermanos.mx\\\/index.php\\\/2025\\\/08\\\/04\\\/amanc-40-anos-de-amor-apoyo-y-esperanza\\\/\",\"name\":\"AMANC: 40 a\u00f1os de amor, apoyo y esperanza - Historias que inspiran...\",\"isPartOf\":{\"@id\":\"https:\\\/\\\/somos-hermanos.mx\\\/#website\"},\"primaryImageOfPage\":{\"@id\":\"https:\\\/\\\/somos-hermanos.mx\\\/index.php\\\/2025\\\/08\\\/04\\\/amanc-40-anos-de-amor-apoyo-y-esperanza\\\/#primaryimage\"},\"image\":{\"@id\":\"https:\\\/\\\/somos-hermanos.mx\\\/index.php\\\/2025\\\/08\\\/04\\\/amanc-40-anos-de-amor-apoyo-y-esperanza\\\/#primaryimage\"},\"thumbnailUrl\":\"https:\\\/\\\/somos-hermanos.mx\\\/wp-content\\\/uploads\\\/2025\\\/08\\\/amanc2.jpeg\",\"datePublished\":\"2025-08-04T07:13:23+00:00\",\"breadcrumb\":{\"@id\":\"https:\\\/\\\/somos-hermanos.mx\\\/index.php\\\/2025\\\/08\\\/04\\\/amanc-40-anos-de-amor-apoyo-y-esperanza\\\/#breadcrumb\"},\"inLanguage\":\"es\",\"potentialAction\":[{\"@type\":\"ReadAction\",\"target\":[\"https:\\\/\\\/somos-hermanos.mx\\\/index.php\\\/2025\\\/08\\\/04\\\/amanc-40-anos-de-amor-apoyo-y-esperanza\\\/\"]}]},{\"@type\":\"ImageObject\",\"inLanguage\":\"es\",\"@id\":\"https:\\\/\\\/somos-hermanos.mx\\\/index.php\\\/2025\\\/08\\\/04\\\/amanc-40-anos-de-amor-apoyo-y-esperanza\\\/#primaryimage\",\"url\":\"https:\\\/\\\/somos-hermanos.mx\\\/wp-content\\\/uploads\\\/2025\\\/08\\\/amanc2.jpeg\",\"contentUrl\":\"https:\\\/\\\/somos-hermanos.mx\\\/wp-content\\\/uploads\\\/2025\\\/08\\\/amanc2.jpeg\",\"width\":1600,\"height\":1200},{\"@type\":\"BreadcrumbList\",\"@id\":\"https:\\\/\\\/somos-hermanos.mx\\\/index.php\\\/2025\\\/08\\\/04\\\/amanc-40-anos-de-amor-apoyo-y-esperanza\\\/#breadcrumb\",\"itemListElement\":[{\"@type\":\"ListItem\",\"position\":1,\"name\":\"Inicio\",\"item\":\"https:\\\/\\\/somos-hermanos.mx\\\/\"},{\"@type\":\"ListItem\",\"position\":2,\"name\":\"AMANC: 40 a\u00f1os de amor, apoyo y esperanza\"}]},{\"@type\":\"WebSite\",\"@id\":\"https:\\\/\\\/somos-hermanos.mx\\\/#website\",\"url\":\"https:\\\/\\\/somos-hermanos.mx\\\/\",\"name\":\"Historias que inspiran...\",\"description\":\"Somos la voz del altruismo en M\u00e9xico\",\"publisher\":{\"@id\":\"https:\\\/\\\/somos-hermanos.mx\\\/#organization\"},\"potentialAction\":[{\"@type\":\"SearchAction\",\"target\":{\"@type\":\"EntryPoint\",\"urlTemplate\":\"https:\\\/\\\/somos-hermanos.mx\\\/?s={search_term_string}\"},\"query-input\":{\"@type\":\"PropertyValueSpecification\",\"valueRequired\":true,\"valueName\":\"search_term_string\"}}],\"inLanguage\":\"es\"},{\"@type\":\"Organization\",\"@id\":\"https:\\\/\\\/somos-hermanos.mx\\\/#organization\",\"name\":\"Somos Hermanos\",\"url\":\"https:\\\/\\\/somos-hermanos.mx\\\/\",\"logo\":{\"@type\":\"ImageObject\",\"inLanguage\":\"es\",\"@id\":\"https:\\\/\\\/somos-hermanos.mx\\\/#\\\/schema\\\/logo\\\/image\\\/\",\"url\":\"https:\\\/\\\/somos-hermanos.mx\\\/wp-content\\\/uploads\\\/2025\\\/08\\\/SH30-1.jpeg\",\"contentUrl\":\"https:\\\/\\\/somos-hermanos.mx\\\/wp-content\\\/uploads\\\/2025\\\/08\\\/SH30-1.jpeg\",\"width\":1600,\"height\":1142,\"caption\":\"Somos Hermanos\"},\"image\":{\"@id\":\"https:\\\/\\\/somos-hermanos.mx\\\/#\\\/schema\\\/logo\\\/image\\\/\"},\"sameAs\":[\"https:\\\/\\\/www.facebook.com\\\/SomosHermanosIAP\\\/\",\"https:\\\/\\\/x.com\\\/Somos__Hermanos\",\"https:\\\/\\\/www.instagram.com\\\/somos__hermanos\\\/#\",\"https:\\\/\\\/www.tiktok.com\\\/@somoshermanosiap\",\"https:\\\/\\\/www.youtube.com\\\/@somoshermanosiap1201\\\/videos\"]},{\"@type\":\"Person\",\"@id\":\"https:\\\/\\\/somos-hermanos.mx\\\/#\\\/schema\\\/person\\\/310a45203a309f04e24f754c2ffd78b2\",\"name\":\"Jorge Plascencia Gonz\u00e1lez\",\"image\":{\"@type\":\"ImageObject\",\"inLanguage\":\"es\",\"@id\":\"https:\\\/\\\/secure.gravatar.com\\\/avatar\\\/64861ec16c81c93b8ca0cb6e8211fcb69e209928bb5e8c177618e37513c17ed7?s=96&d=mm&r=g\",\"url\":\"https:\\\/\\\/secure.gravatar.com\\\/avatar\\\/64861ec16c81c93b8ca0cb6e8211fcb69e209928bb5e8c177618e37513c17ed7?s=96&d=mm&r=g\",\"contentUrl\":\"https:\\\/\\\/secure.gravatar.com\\\/avatar\\\/64861ec16c81c93b8ca0cb6e8211fcb69e209928bb5e8c177618e37513c17ed7?s=96&d=mm&r=g\",\"caption\":\"Jorge Plascencia Gonz\u00e1lez\"},\"url\":\"https:\\\/\\\/somos-hermanos.mx\\\/index.php\\\/author\\\/jorge-plascencia-gonzalez\\\/\"}]}<\/script>\n<!-- \/ Yoast SEO plugin. -->","yoast_head_json":{"title":"AMANC: 40 a\u00f1os de amor, apoyo y esperanza - Historias que inspiran...","robots":{"index":"index","follow":"follow","max-snippet":"max-snippet:-1","max-image-preview":"max-image-preview:large","max-video-preview":"max-video-preview:-1"},"canonical":"https:\/\/somos-hermanos.mx\/index.php\/2025\/08\/04\/amanc-40-anos-de-amor-apoyo-y-esperanza\/","og_locale":"es_MX","og_type":"article","og_title":"AMANC: 40 a\u00f1os de amor, apoyo y esperanza - Historias que inspiran...","og_description":"El 15 de junio de 1982, la Asociaci\u00f3n Mexicana de Ayuda a Ni\u00f1os con C\u00e1ncer (AMANC) inici\u00f3 su lucha con un solo prop\u00f3sito:\u00a0brindar apoyo integral y gratuito a los ni\u00f1os y adolescentes diagnosticados con c\u00e1ncer y a sus familias, enfrentando las grandes deficiencias hospitalarias y asistenciales de la \u00e9poca. Esta noble causa naci\u00f3 de un [&hellip;]","og_url":"https:\/\/somos-hermanos.mx\/index.php\/2025\/08\/04\/amanc-40-anos-de-amor-apoyo-y-esperanza\/","og_site_name":"Historias que inspiran...","article_publisher":"https:\/\/www.facebook.com\/SomosHermanosIAP\/","article_published_time":"2025-08-04T07:13:23+00:00","og_image":[{"width":1600,"height":1200,"url":"https:\/\/somos-hermanos.mx\/wp-content\/uploads\/2025\/08\/amanc2.jpeg","type":"image\/jpeg"}],"author":"Jorge Plascencia Gonz\u00e1lez","twitter_card":"summary_large_image","twitter_creator":"@Somos__Hermanos","twitter_site":"@Somos__Hermanos","twitter_misc":{"Escrito por":"Jorge Plascencia Gonz\u00e1lez","Tiempo de lectura":"3 minutos"},"schema":{"@context":"https:\/\/schema.org","@graph":[{"@type":"Article","@id":"https:\/\/somos-hermanos.mx\/index.php\/2025\/08\/04\/amanc-40-anos-de-amor-apoyo-y-esperanza\/#article","isPartOf":{"@id":"https:\/\/somos-hermanos.mx\/index.php\/2025\/08\/04\/amanc-40-anos-de-amor-apoyo-y-esperanza\/"},"author":{"name":"Jorge Plascencia Gonz\u00e1lez","@id":"https:\/\/somos-hermanos.mx\/#\/schema\/person\/310a45203a309f04e24f754c2ffd78b2"},"headline":"AMANC: 40 a\u00f1os de amor, apoyo y esperanza","datePublished":"2025-08-04T07:13:23+00:00","mainEntityOfPage":{"@id":"https:\/\/somos-hermanos.mx\/index.php\/2025\/08\/04\/amanc-40-anos-de-amor-apoyo-y-esperanza\/"},"wordCount":454,"commentCount":0,"publisher":{"@id":"https:\/\/somos-hermanos.mx\/#organization"},"image":{"@id":"https:\/\/somos-hermanos.mx\/index.php\/2025\/08\/04\/amanc-40-anos-de-amor-apoyo-y-esperanza\/#primaryimage"},"thumbnailUrl":"https:\/\/somos-hermanos.mx\/wp-content\/uploads\/2025\/08\/amanc2.jpeg","articleSection":["Noticias"],"inLanguage":"es","potentialAction":[{"@type":"CommentAction","name":"Comment","target":["https:\/\/somos-hermanos.mx\/index.php\/2025\/08\/04\/amanc-40-anos-de-amor-apoyo-y-esperanza\/#respond"]}]},{"@type":"WebPage","@id":"https:\/\/somos-hermanos.mx\/index.php\/2025\/08\/04\/amanc-40-anos-de-amor-apoyo-y-esperanza\/","url":"https:\/\/somos-hermanos.mx\/index.php\/2025\/08\/04\/amanc-40-anos-de-amor-apoyo-y-esperanza\/","name":"AMANC: 40 a\u00f1os de amor, apoyo y esperanza - Historias que inspiran...","isPartOf":{"@id":"https:\/\/somos-hermanos.mx\/#website"},"primaryImageOfPage":{"@id":"https:\/\/somos-hermanos.mx\/index.php\/2025\/08\/04\/amanc-40-anos-de-amor-apoyo-y-esperanza\/#primaryimage"},"image":{"@id":"https:\/\/somos-hermanos.mx\/index.php\/2025\/08\/04\/amanc-40-anos-de-amor-apoyo-y-esperanza\/#primaryimage"},"thumbnailUrl":"https:\/\/somos-hermanos.mx\/wp-content\/uploads\/2025\/08\/amanc2.jpeg","datePublished":"2025-08-04T07:13:23+00:00","breadcrumb":{"@id":"https:\/\/somos-hermanos.mx\/index.php\/2025\/08\/04\/amanc-40-anos-de-amor-apoyo-y-esperanza\/#breadcrumb"},"inLanguage":"es","potentialAction":[{"@type":"ReadAction","target":["https:\/\/somos-hermanos.mx\/index.php\/2025\/08\/04\/amanc-40-anos-de-amor-apoyo-y-esperanza\/"]}]},{"@type":"ImageObject","inLanguage":"es","@id":"https:\/\/somos-hermanos.mx\/index.php\/2025\/08\/04\/amanc-40-anos-de-amor-apoyo-y-esperanza\/#primaryimage","url":"https:\/\/somos-hermanos.mx\/wp-content\/uploads\/2025\/08\/amanc2.jpeg","contentUrl":"https:\/\/somos-hermanos.mx\/wp-content\/uploads\/2025\/08\/amanc2.jpeg","width":1600,"height":1200},{"@type":"BreadcrumbList","@id":"https:\/\/somos-hermanos.mx\/index.php\/2025\/08\/04\/amanc-40-anos-de-amor-apoyo-y-esperanza\/#breadcrumb","itemListElement":[{"@type":"ListItem","position":1,"name":"Inicio","item":"https:\/\/somos-hermanos.mx\/"},{"@type":"ListItem","position":2,"name":"AMANC: 40 a\u00f1os de amor, apoyo y esperanza"}]},{"@type":"WebSite","@id":"https:\/\/somos-hermanos.mx\/#website","url":"https:\/\/somos-hermanos.mx\/","name":"Historias que inspiran...","description":"Somos la voz del altruismo en M\u00e9xico","publisher":{"@id":"https:\/\/somos-hermanos.mx\/#organization"},"potentialAction":[{"@type":"SearchAction","target":{"@type":"EntryPoint","urlTemplate":"https:\/\/somos-hermanos.mx\/?s={search_term_string}"},"query-input":{"@type":"PropertyValueSpecification","valueRequired":true,"valueName":"search_term_string"}}],"inLanguage":"es"},{"@type":"Organization","@id":"https:\/\/somos-hermanos.mx\/#organization","name":"Somos Hermanos","url":"https:\/\/somos-hermanos.mx\/","logo":{"@type":"ImageObject","inLanguage":"es","@id":"https:\/\/somos-hermanos.mx\/#\/schema\/logo\/image\/","url":"https:\/\/somos-hermanos.mx\/wp-content\/uploads\/2025\/08\/SH30-1.jpeg","contentUrl":"https:\/\/somos-hermanos.mx\/wp-content\/uploads\/2025\/08\/SH30-1.jpeg","width":1600,"height":1142,"caption":"Somos Hermanos"},"image":{"@id":"https:\/\/somos-hermanos.mx\/#\/schema\/logo\/image\/"},"sameAs":["https:\/\/www.facebook.com\/SomosHermanosIAP\/","https:\/\/x.com\/Somos__Hermanos","https:\/\/www.instagram.com\/somos__hermanos\/#","https:\/\/www.tiktok.com\/@somoshermanosiap","https:\/\/www.youtube.com\/@somoshermanosiap1201\/videos"]},{"@type":"Person","@id":"https:\/\/somos-hermanos.mx\/#\/schema\/person\/310a45203a309f04e24f754c2ffd78b2","name":"Jorge Plascencia Gonz\u00e1lez","image":{"@type":"ImageObject","inLanguage":"es","@id":"https:\/\/secure.gravatar.com\/avatar\/64861ec16c81c93b8ca0cb6e8211fcb69e209928bb5e8c177618e37513c17ed7?s=96&d=mm&r=g","url":"https:\/\/secure.gravatar.com\/avatar\/64861ec16c81c93b8ca0cb6e8211fcb69e209928bb5e8c177618e37513c17ed7?s=96&d=mm&r=g","contentUrl":"https:\/\/secure.gravatar.com\/avatar\/64861ec16c81c93b8ca0cb6e8211fcb69e209928bb5e8c177618e37513c17ed7?s=96&d=mm&r=g","caption":"Jorge Plascencia Gonz\u00e1lez"},"url":"https:\/\/somos-hermanos.mx\/index.php\/author\/jorge-plascencia-gonzalez\/"}]}},"_links":{"self":[{"href":"https:\/\/somos-hermanos.mx\/index.php\/wp-json\/wp\/v2\/posts\/600","targetHints":{"allow":["GET"]}}],"collection":[{"href":"https:\/\/somos-hermanos.mx\/index.php\/wp-json\/wp\/v2\/posts"}],"about":[{"href":"https:\/\/somos-hermanos.mx\/index.php\/wp-json\/wp\/v2\/types\/post"}],"author":[{"embeddable":true,"href":"https:\/\/somos-hermanos.mx\/index.php\/wp-json\/wp\/v2\/users\/16"}],"replies":[{"embeddable":true,"href":"https:\/\/somos-hermanos.mx\/index.php\/wp-json\/wp\/v2\/comments?post=600"}],"version-history":[{"count":1,"href":"https:\/\/somos-hermanos.mx\/index.php\/wp-json\/wp\/v2\/posts\/600\/revisions"}],"predecessor-version":[{"id":602,"href":"https:\/\/somos-hermanos.mx\/index.php\/wp-json\/wp\/v2\/posts\/600\/revisions\/602"}],"wp:featuredmedia":[{"embeddable":true,"href":"https:\/\/somos-hermanos.mx\/index.php\/wp-json\/wp\/v2\/media\/601"}],"wp:attachment":[{"href":"https:\/\/somos-hermanos.mx\/index.php\/wp-json\/wp\/v2\/media?parent=600"}],"wp:term":[{"taxonomy":"category","embeddable":true,"href":"https:\/\/somos-hermanos.mx\/index.php\/wp-json\/wp\/v2\/categories?post=600"},{"taxonomy":"post_tag","embeddable":true,"href":"https:\/\/somos-hermanos.mx\/index.php\/wp-json\/wp\/v2\/tags?post=600"}],"curies":[{"name":"wp","href":"https:\/\/api.w.org\/{rel}","templated":true}]}}