{"id":597,"date":"2025-08-04T01:12:10","date_gmt":"2025-08-04T07:12:10","guid":{"rendered":"https:\/\/somos-hermanos.mx\/?p=597"},"modified":"2025-08-04T01:12:10","modified_gmt":"2025-08-04T07:12:10","slug":"abren-nuevos-caminos-e-invierten-en-los-ninos-de-comunidades-vulnerables","status":"publish","type":"post","link":"https:\/\/somos-hermanos.mx\/index.php\/2025\/08\/04\/abren-nuevos-caminos-e-invierten-en-los-ninos-de-comunidades-vulnerables\/","title":{"rendered":"Abren nuevos caminos e invierten en los ni\u00f1os de comunidades vulnerables"},"content":{"rendered":"<p>Abriendo Nuevos Caminos naci\u00f3 hace 22 a\u00f1os y desde entonces se ha dedicado al <strong>desarrollo de proyectos sociales y actividades altruistas. <\/strong>El claro ejemplo se encuentra materializado en la creaci\u00f3n del <strong>Centro de Desarrollo Infantil San Jos\u00e9, <\/strong>el centro ubicado en Jardines de San Juan, Ajusco, Ajusco, de la Ciudad de M\u00e9xico.<\/p>\n<p>De acuerdo con algunas cifras en el mundo <strong>148 millones de ni\u00f1os menores de cinco a\u00f1os sufren un retraso del crecimiento, adem\u00e1s,<\/strong>\u00a0el n\u00famero global de ni\u00f1os sin escolarizar ha aumentado en seis millones a partir de 2021, para llegar ahora a 250 millones. De acuerdo con el informe anual de la Organizaci\u00f3n de las Naciones Unidas (ONU), sobre la violencia y pobreza contras los ni\u00f1os del a\u00f1o pasado 2024.<\/p>\n<p>El Centro del Ajusco <strong>se dedica a brindar educaci\u00f3n preescolar a ni\u00f1os provenientes de familias de escasos recursos,<\/strong>\u00a0adem\u00e1s de sumarse a procurar la superaci\u00f3n integral de la mujer con talleres de cocina y computaci\u00f3n. La Asociaci\u00f3n Civil est\u00e1 segura de que, con el desarrollo integral de los ni\u00f1os y madres, la situaci\u00f3n en sus comunidades podr\u00e1 mejorar cada vez m\u00e1s.<\/p>\n<p>Con 22 a\u00f1os de vida, <strong>ha logrado impactar en la comunidad perteneciente a la Ciudad de M\u00e9xico. <\/strong>De acuerdo con sus datos, Jardines de San Juan Ajusco, tiene un origen irregular, pues, est\u00e1 habitado por familias migrantes de zonas rurales en busca de mejores oportunidades. <strong>Las problem\u00e1ticas sociales dentro de ella se basan en la educaci\u00f3n, ni\u00f1os se desplazan alrededor de 5 kil\u00f3metros a pie para asistir a escuelas primarias y secundarias<\/strong>\u00a0en localidades vecinas, esto debido a la ausencia de instituciones educativas en la zona.<\/p>\n<p>En materia de salud, existe una falta de servicios m\u00e9dicos adecuados derivados en una malnutrici\u00f3n presente en la ni\u00f1ez. Bajo esta problem\u00e1tica nace el Centro Comunitario de Desarrollo Infantil \u201cSan Jos\u00e9\u201d, el cual pretende abordar estos desaf\u00edos, ofreciendo atenci\u00f3n m\u00e9dica y nutricional a los menores.<\/p>\n<p>La infraestructura es otro de los desaf\u00edos de la comunidad, ha carecido de servicios b\u00e1sicos como agua potable, electricidad y sistemas de alcantarillado. Las casas se encuentran construidas en materiales precarios, lo cual deja al descubierto la situaci\u00f3n de marginaci\u00f3n de la zona.<\/p>\n<p><strong>La situaci\u00f3n econ\u00f3mica provoca desempleo y falta de capacitaci\u00f3n para el mismo fin, la mayor\u00eda de los pobladores provienen de entornos rurales <\/strong>y enfrentan dificultades para acceder a empleos formales en la Ciudad. Organizaciones locales, como la <u>Asociaci\u00f3n Abriendo Nuevos Caminos<\/u>, han sido pieza fundamental para implementar proyectos para mejorar la calidad de vida de las personas residentes en la zona.<\/p>\n<p>Enfoc\u00e1ndose en la educaci\u00f3n, salud y el empoderamiento de las mujeres, buscando mitigar las condiciones de pobreza y promover el desarrollo integral de los habitantes de Jardines de San Juan Ajusco. El Centro Comunitario de <u>Desarrollo Infantil San Jos\u00e9, <\/u>brinda atenci\u00f3n personalizada a menores de uno a seis a\u00f1os en su educaci\u00f3n preescolar y al mismo tiempo contribuye con su alimentaci\u00f3n al darles tres comidas al d\u00eda; adem\u00e1s de ofrecer atenci\u00f3n psicol\u00f3gica y estimulaci\u00f3n temprana. Ya han cambiado m\u00e1s de 100 ni\u00f1os en las etapas de maternal y Kinder<\/p>\n<p>La asociaci\u00f3n no solo se preocupa por la alimentaci\u00f3n y educaci\u00f3n de los ni\u00f1os, adem\u00e1s de esto, <strong>todo su trabajo tambi\u00e9n impacta el n\u00facleo familiar para propiciar el desarrollo infantil a trav\u00e9s de actividades como: <\/strong>cursos dirigidos a padres de familia y capacitaci\u00f3n a las madres de familia, impulsando su desarrollo como familia. Dentro del proyecto participan personas con calidad humana y comprometidas, as\u00ed como capacitadas para los requerimientos de las comunidades.<\/p>\n<p>Abriendo Nuevos Caminos est\u00e1 segura de que las acciones peque\u00f1as hacen la diferencia, pues todas sus actividades y los cambios logrados en las personas de la comunidad han sido posibles gracias los voluntarios, y los donatarios comprometidos con la causa de dar a quienes menos tienen. Mostrando un estilo de vida desde la ayuda comunitaria para el beneficio personal y de todos, que permite la construcci\u00f3n de una sociedad m\u00e1s equitativa y con acceso a sus derechos y necesidades b\u00e1sicas.<\/p>\n","protected":false},"excerpt":{"rendered":"<p>Abriendo Nuevos Caminos naci\u00f3 hace 22 a\u00f1os y desde entonces se ha dedicado al desarrollo de proyectos sociales y actividades altruistas. El claro ejemplo se encuentra materializado en la creaci\u00f3n del Centro de Desarrollo Infantil San Jos\u00e9, el centro ubicado en Jardines de San Juan, Ajusco, Ajusco, de la Ciudad de M\u00e9xico. De acuerdo con [&hellip;]<\/p>\n","protected":false},"author":14,"featured_media":598,"comment_status":"open","ping_status":"closed","sticky":false,"template":"","format":"standard","meta":{"footnotes":""},"categories":[6],"tags":[],"class_list":["post-597","post","type-post","status-publish","format-standard","has-post-thumbnail","hentry","category-noticias"],"yoast_head":"<!-- This site is optimized with the Yoast SEO plugin v27.5 - https:\/\/yoast.com\/product\/yoast-seo-wordpress\/ -->\n<title>Abren nuevos caminos e invierten en los ni\u00f1os de comunidades vulnerables - Historias que inspiran...<\/title>\n<meta name=\"robots\" content=\"index, follow, max-snippet:-1, max-image-preview:large, max-video-preview:-1\" \/>\n<link rel=\"canonical\" href=\"https:\/\/somos-hermanos.mx\/index.php\/2025\/08\/04\/abren-nuevos-caminos-e-invierten-en-los-ninos-de-comunidades-vulnerables\/\" \/>\n<meta property=\"og:locale\" content=\"es_MX\" \/>\n<meta property=\"og:type\" content=\"article\" \/>\n<meta property=\"og:title\" content=\"Abren nuevos caminos e invierten en los ni\u00f1os de comunidades vulnerables - Historias que inspiran...\" \/>\n<meta property=\"og:description\" content=\"Abriendo Nuevos Caminos naci\u00f3 hace 22 a\u00f1os y desde entonces se ha dedicado al desarrollo de proyectos sociales y actividades altruistas. El claro ejemplo se encuentra materializado en la creaci\u00f3n del Centro de Desarrollo Infantil San Jos\u00e9, el centro ubicado en Jardines de San Juan, Ajusco, Ajusco, de la Ciudad de M\u00e9xico. De acuerdo con [&hellip;]\" \/>\n<meta property=\"og:url\" content=\"https:\/\/somos-hermanos.mx\/index.php\/2025\/08\/04\/abren-nuevos-caminos-e-invierten-en-los-ninos-de-comunidades-vulnerables\/\" \/>\n<meta property=\"og:site_name\" content=\"Historias que inspiran...\" \/>\n<meta property=\"article:publisher\" content=\"https:\/\/www.facebook.com\/SomosHermanosIAP\/\" \/>\n<meta property=\"article:published_time\" content=\"2025-08-04T07:12:10+00:00\" \/>\n<meta property=\"og:image\" content=\"https:\/\/somos-hermanos.mx\/wp-content\/uploads\/2025\/08\/camin1.jpeg\" \/>\n\t<meta property=\"og:image:width\" content=\"921\" \/>\n\t<meta property=\"og:image:height\" content=\"719\" \/>\n\t<meta property=\"og:image:type\" content=\"image\/jpeg\" \/>\n<meta name=\"author\" content=\"Ivon D\u00edaz Rojas\" \/>\n<meta name=\"twitter:card\" content=\"summary_large_image\" \/>\n<meta name=\"twitter:creator\" content=\"@Somos__Hermanos\" \/>\n<meta name=\"twitter:site\" content=\"@Somos__Hermanos\" \/>\n<meta name=\"twitter:label1\" content=\"Escrito por\" \/>\n\t<meta name=\"twitter:data1\" content=\"Ivon D\u00edaz Rojas\" \/>\n\t<meta name=\"twitter:label2\" content=\"Tiempo de lectura\" \/>\n\t<meta name=\"twitter:data2\" content=\"4 minutos\" \/>\n<script type=\"application\/ld+json\" class=\"yoast-schema-graph\">{\"@context\":\"https:\\\/\\\/schema.org\",\"@graph\":[{\"@type\":\"Article\",\"@id\":\"https:\\\/\\\/somos-hermanos.mx\\\/index.php\\\/2025\\\/08\\\/04\\\/abren-nuevos-caminos-e-invierten-en-los-ninos-de-comunidades-vulnerables\\\/#article\",\"isPartOf\":{\"@id\":\"https:\\\/\\\/somos-hermanos.mx\\\/index.php\\\/2025\\\/08\\\/04\\\/abren-nuevos-caminos-e-invierten-en-los-ninos-de-comunidades-vulnerables\\\/\"},\"author\":{\"name\":\"Ivon D\u00edaz Rojas\",\"@id\":\"https:\\\/\\\/somos-hermanos.mx\\\/#\\\/schema\\\/person\\\/ca47b05d4e7735cde01b6c20df3ff500\"},\"headline\":\"Abren nuevos caminos e invierten en los ni\u00f1os de comunidades vulnerables\",\"datePublished\":\"2025-08-04T07:12:10+00:00\",\"mainEntityOfPage\":{\"@id\":\"https:\\\/\\\/somos-hermanos.mx\\\/index.php\\\/2025\\\/08\\\/04\\\/abren-nuevos-caminos-e-invierten-en-los-ninos-de-comunidades-vulnerables\\\/\"},\"wordCount\":731,\"commentCount\":0,\"publisher\":{\"@id\":\"https:\\\/\\\/somos-hermanos.mx\\\/#organization\"},\"image\":{\"@id\":\"https:\\\/\\\/somos-hermanos.mx\\\/index.php\\\/2025\\\/08\\\/04\\\/abren-nuevos-caminos-e-invierten-en-los-ninos-de-comunidades-vulnerables\\\/#primaryimage\"},\"thumbnailUrl\":\"https:\\\/\\\/somos-hermanos.mx\\\/wp-content\\\/uploads\\\/2025\\\/08\\\/camin1.jpeg\",\"articleSection\":[\"Noticias\"],\"inLanguage\":\"es\",\"potentialAction\":[{\"@type\":\"CommentAction\",\"name\":\"Comment\",\"target\":[\"https:\\\/\\\/somos-hermanos.mx\\\/index.php\\\/2025\\\/08\\\/04\\\/abren-nuevos-caminos-e-invierten-en-los-ninos-de-comunidades-vulnerables\\\/#respond\"]}]},{\"@type\":\"WebPage\",\"@id\":\"https:\\\/\\\/somos-hermanos.mx\\\/index.php\\\/2025\\\/08\\\/04\\\/abren-nuevos-caminos-e-invierten-en-los-ninos-de-comunidades-vulnerables\\\/\",\"url\":\"https:\\\/\\\/somos-hermanos.mx\\\/index.php\\\/2025\\\/08\\\/04\\\/abren-nuevos-caminos-e-invierten-en-los-ninos-de-comunidades-vulnerables\\\/\",\"name\":\"Abren nuevos caminos e invierten en los ni\u00f1os de comunidades vulnerables - Historias que inspiran...\",\"isPartOf\":{\"@id\":\"https:\\\/\\\/somos-hermanos.mx\\\/#website\"},\"primaryImageOfPage\":{\"@id\":\"https:\\\/\\\/somos-hermanos.mx\\\/index.php\\\/2025\\\/08\\\/04\\\/abren-nuevos-caminos-e-invierten-en-los-ninos-de-comunidades-vulnerables\\\/#primaryimage\"},\"image\":{\"@id\":\"https:\\\/\\\/somos-hermanos.mx\\\/index.php\\\/2025\\\/08\\\/04\\\/abren-nuevos-caminos-e-invierten-en-los-ninos-de-comunidades-vulnerables\\\/#primaryimage\"},\"thumbnailUrl\":\"https:\\\/\\\/somos-hermanos.mx\\\/wp-content\\\/uploads\\\/2025\\\/08\\\/camin1.jpeg\",\"datePublished\":\"2025-08-04T07:12:10+00:00\",\"breadcrumb\":{\"@id\":\"https:\\\/\\\/somos-hermanos.mx\\\/index.php\\\/2025\\\/08\\\/04\\\/abren-nuevos-caminos-e-invierten-en-los-ninos-de-comunidades-vulnerables\\\/#breadcrumb\"},\"inLanguage\":\"es\",\"potentialAction\":[{\"@type\":\"ReadAction\",\"target\":[\"https:\\\/\\\/somos-hermanos.mx\\\/index.php\\\/2025\\\/08\\\/04\\\/abren-nuevos-caminos-e-invierten-en-los-ninos-de-comunidades-vulnerables\\\/\"]}]},{\"@type\":\"ImageObject\",\"inLanguage\":\"es\",\"@id\":\"https:\\\/\\\/somos-hermanos.mx\\\/index.php\\\/2025\\\/08\\\/04\\\/abren-nuevos-caminos-e-invierten-en-los-ninos-de-comunidades-vulnerables\\\/#primaryimage\",\"url\":\"https:\\\/\\\/somos-hermanos.mx\\\/wp-content\\\/uploads\\\/2025\\\/08\\\/camin1.jpeg\",\"contentUrl\":\"https:\\\/\\\/somos-hermanos.mx\\\/wp-content\\\/uploads\\\/2025\\\/08\\\/camin1.jpeg\",\"width\":921,\"height\":719},{\"@type\":\"BreadcrumbList\",\"@id\":\"https:\\\/\\\/somos-hermanos.mx\\\/index.php\\\/2025\\\/08\\\/04\\\/abren-nuevos-caminos-e-invierten-en-los-ninos-de-comunidades-vulnerables\\\/#breadcrumb\",\"itemListElement\":[{\"@type\":\"ListItem\",\"position\":1,\"name\":\"Inicio\",\"item\":\"https:\\\/\\\/somos-hermanos.mx\\\/\"},{\"@type\":\"ListItem\",\"position\":2,\"name\":\"Abren nuevos caminos e invierten en los ni\u00f1os de comunidades vulnerables\"}]},{\"@type\":\"WebSite\",\"@id\":\"https:\\\/\\\/somos-hermanos.mx\\\/#website\",\"url\":\"https:\\\/\\\/somos-hermanos.mx\\\/\",\"name\":\"Historias que inspiran...\",\"description\":\"Somos la voz del altruismo en M\u00e9xico\",\"publisher\":{\"@id\":\"https:\\\/\\\/somos-hermanos.mx\\\/#organization\"},\"potentialAction\":[{\"@type\":\"SearchAction\",\"target\":{\"@type\":\"EntryPoint\",\"urlTemplate\":\"https:\\\/\\\/somos-hermanos.mx\\\/?s={search_term_string}\"},\"query-input\":{\"@type\":\"PropertyValueSpecification\",\"valueRequired\":true,\"valueName\":\"search_term_string\"}}],\"inLanguage\":\"es\"},{\"@type\":\"Organization\",\"@id\":\"https:\\\/\\\/somos-hermanos.mx\\\/#organization\",\"name\":\"Somos Hermanos\",\"url\":\"https:\\\/\\\/somos-hermanos.mx\\\/\",\"logo\":{\"@type\":\"ImageObject\",\"inLanguage\":\"es\",\"@id\":\"https:\\\/\\\/somos-hermanos.mx\\\/#\\\/schema\\\/logo\\\/image\\\/\",\"url\":\"https:\\\/\\\/somos-hermanos.mx\\\/wp-content\\\/uploads\\\/2025\\\/08\\\/SH30-1.jpeg\",\"contentUrl\":\"https:\\\/\\\/somos-hermanos.mx\\\/wp-content\\\/uploads\\\/2025\\\/08\\\/SH30-1.jpeg\",\"width\":1600,\"height\":1142,\"caption\":\"Somos Hermanos\"},\"image\":{\"@id\":\"https:\\\/\\\/somos-hermanos.mx\\\/#\\\/schema\\\/logo\\\/image\\\/\"},\"sameAs\":[\"https:\\\/\\\/www.facebook.com\\\/SomosHermanosIAP\\\/\",\"https:\\\/\\\/x.com\\\/Somos__Hermanos\",\"https:\\\/\\\/www.instagram.com\\\/somos__hermanos\\\/#\",\"https:\\\/\\\/www.tiktok.com\\\/@somoshermanosiap\",\"https:\\\/\\\/www.youtube.com\\\/@somoshermanosiap1201\\\/videos\"]},{\"@type\":\"Person\",\"@id\":\"https:\\\/\\\/somos-hermanos.mx\\\/#\\\/schema\\\/person\\\/ca47b05d4e7735cde01b6c20df3ff500\",\"name\":\"Ivon D\u00edaz Rojas\",\"image\":{\"@type\":\"ImageObject\",\"inLanguage\":\"es\",\"@id\":\"https:\\\/\\\/secure.gravatar.com\\\/avatar\\\/1c19107828bb690213f343d5aa89eef40d6744894d5f632754fec79e3043dbb3?s=96&d=mm&r=g\",\"url\":\"https:\\\/\\\/secure.gravatar.com\\\/avatar\\\/1c19107828bb690213f343d5aa89eef40d6744894d5f632754fec79e3043dbb3?s=96&d=mm&r=g\",\"contentUrl\":\"https:\\\/\\\/secure.gravatar.com\\\/avatar\\\/1c19107828bb690213f343d5aa89eef40d6744894d5f632754fec79e3043dbb3?s=96&d=mm&r=g\",\"caption\":\"Ivon D\u00edaz Rojas\"},\"url\":\"https:\\\/\\\/somos-hermanos.mx\\\/index.php\\\/author\\\/ivon-diaz-rojas\\\/\"}]}<\/script>\n<!-- \/ Yoast SEO plugin. -->","yoast_head_json":{"title":"Abren nuevos caminos e invierten en los ni\u00f1os de comunidades vulnerables - Historias que inspiran...","robots":{"index":"index","follow":"follow","max-snippet":"max-snippet:-1","max-image-preview":"max-image-preview:large","max-video-preview":"max-video-preview:-1"},"canonical":"https:\/\/somos-hermanos.mx\/index.php\/2025\/08\/04\/abren-nuevos-caminos-e-invierten-en-los-ninos-de-comunidades-vulnerables\/","og_locale":"es_MX","og_type":"article","og_title":"Abren nuevos caminos e invierten en los ni\u00f1os de comunidades vulnerables - Historias que inspiran...","og_description":"Abriendo Nuevos Caminos naci\u00f3 hace 22 a\u00f1os y desde entonces se ha dedicado al desarrollo de proyectos sociales y actividades altruistas. El claro ejemplo se encuentra materializado en la creaci\u00f3n del Centro de Desarrollo Infantil San Jos\u00e9, el centro ubicado en Jardines de San Juan, Ajusco, Ajusco, de la Ciudad de M\u00e9xico. De acuerdo con [&hellip;]","og_url":"https:\/\/somos-hermanos.mx\/index.php\/2025\/08\/04\/abren-nuevos-caminos-e-invierten-en-los-ninos-de-comunidades-vulnerables\/","og_site_name":"Historias que inspiran...","article_publisher":"https:\/\/www.facebook.com\/SomosHermanosIAP\/","article_published_time":"2025-08-04T07:12:10+00:00","og_image":[{"width":921,"height":719,"url":"https:\/\/somos-hermanos.mx\/wp-content\/uploads\/2025\/08\/camin1.jpeg","type":"image\/jpeg"}],"author":"Ivon D\u00edaz Rojas","twitter_card":"summary_large_image","twitter_creator":"@Somos__Hermanos","twitter_site":"@Somos__Hermanos","twitter_misc":{"Escrito por":"Ivon D\u00edaz Rojas","Tiempo de lectura":"4 minutos"},"schema":{"@context":"https:\/\/schema.org","@graph":[{"@type":"Article","@id":"https:\/\/somos-hermanos.mx\/index.php\/2025\/08\/04\/abren-nuevos-caminos-e-invierten-en-los-ninos-de-comunidades-vulnerables\/#article","isPartOf":{"@id":"https:\/\/somos-hermanos.mx\/index.php\/2025\/08\/04\/abren-nuevos-caminos-e-invierten-en-los-ninos-de-comunidades-vulnerables\/"},"author":{"name":"Ivon D\u00edaz Rojas","@id":"https:\/\/somos-hermanos.mx\/#\/schema\/person\/ca47b05d4e7735cde01b6c20df3ff500"},"headline":"Abren nuevos caminos e invierten en los ni\u00f1os de comunidades vulnerables","datePublished":"2025-08-04T07:12:10+00:00","mainEntityOfPage":{"@id":"https:\/\/somos-hermanos.mx\/index.php\/2025\/08\/04\/abren-nuevos-caminos-e-invierten-en-los-ninos-de-comunidades-vulnerables\/"},"wordCount":731,"commentCount":0,"publisher":{"@id":"https:\/\/somos-hermanos.mx\/#organization"},"image":{"@id":"https:\/\/somos-hermanos.mx\/index.php\/2025\/08\/04\/abren-nuevos-caminos-e-invierten-en-los-ninos-de-comunidades-vulnerables\/#primaryimage"},"thumbnailUrl":"https:\/\/somos-hermanos.mx\/wp-content\/uploads\/2025\/08\/camin1.jpeg","articleSection":["Noticias"],"inLanguage":"es","potentialAction":[{"@type":"CommentAction","name":"Comment","target":["https:\/\/somos-hermanos.mx\/index.php\/2025\/08\/04\/abren-nuevos-caminos-e-invierten-en-los-ninos-de-comunidades-vulnerables\/#respond"]}]},{"@type":"WebPage","@id":"https:\/\/somos-hermanos.mx\/index.php\/2025\/08\/04\/abren-nuevos-caminos-e-invierten-en-los-ninos-de-comunidades-vulnerables\/","url":"https:\/\/somos-hermanos.mx\/index.php\/2025\/08\/04\/abren-nuevos-caminos-e-invierten-en-los-ninos-de-comunidades-vulnerables\/","name":"Abren nuevos caminos e invierten en los ni\u00f1os de comunidades vulnerables - Historias que inspiran...","isPartOf":{"@id":"https:\/\/somos-hermanos.mx\/#website"},"primaryImageOfPage":{"@id":"https:\/\/somos-hermanos.mx\/index.php\/2025\/08\/04\/abren-nuevos-caminos-e-invierten-en-los-ninos-de-comunidades-vulnerables\/#primaryimage"},"image":{"@id":"https:\/\/somos-hermanos.mx\/index.php\/2025\/08\/04\/abren-nuevos-caminos-e-invierten-en-los-ninos-de-comunidades-vulnerables\/#primaryimage"},"thumbnailUrl":"https:\/\/somos-hermanos.mx\/wp-content\/uploads\/2025\/08\/camin1.jpeg","datePublished":"2025-08-04T07:12:10+00:00","breadcrumb":{"@id":"https:\/\/somos-hermanos.mx\/index.php\/2025\/08\/04\/abren-nuevos-caminos-e-invierten-en-los-ninos-de-comunidades-vulnerables\/#breadcrumb"},"inLanguage":"es","potentialAction":[{"@type":"ReadAction","target":["https:\/\/somos-hermanos.mx\/index.php\/2025\/08\/04\/abren-nuevos-caminos-e-invierten-en-los-ninos-de-comunidades-vulnerables\/"]}]},{"@type":"ImageObject","inLanguage":"es","@id":"https:\/\/somos-hermanos.mx\/index.php\/2025\/08\/04\/abren-nuevos-caminos-e-invierten-en-los-ninos-de-comunidades-vulnerables\/#primaryimage","url":"https:\/\/somos-hermanos.mx\/wp-content\/uploads\/2025\/08\/camin1.jpeg","contentUrl":"https:\/\/somos-hermanos.mx\/wp-content\/uploads\/2025\/08\/camin1.jpeg","width":921,"height":719},{"@type":"BreadcrumbList","@id":"https:\/\/somos-hermanos.mx\/index.php\/2025\/08\/04\/abren-nuevos-caminos-e-invierten-en-los-ninos-de-comunidades-vulnerables\/#breadcrumb","itemListElement":[{"@type":"ListItem","position":1,"name":"Inicio","item":"https:\/\/somos-hermanos.mx\/"},{"@type":"ListItem","position":2,"name":"Abren nuevos caminos e invierten en los ni\u00f1os de comunidades vulnerables"}]},{"@type":"WebSite","@id":"https:\/\/somos-hermanos.mx\/#website","url":"https:\/\/somos-hermanos.mx\/","name":"Historias que inspiran...","description":"Somos la voz del altruismo en M\u00e9xico","publisher":{"@id":"https:\/\/somos-hermanos.mx\/#organization"},"potentialAction":[{"@type":"SearchAction","target":{"@type":"EntryPoint","urlTemplate":"https:\/\/somos-hermanos.mx\/?s={search_term_string}"},"query-input":{"@type":"PropertyValueSpecification","valueRequired":true,"valueName":"search_term_string"}}],"inLanguage":"es"},{"@type":"Organization","@id":"https:\/\/somos-hermanos.mx\/#organization","name":"Somos Hermanos","url":"https:\/\/somos-hermanos.mx\/","logo":{"@type":"ImageObject","inLanguage":"es","@id":"https:\/\/somos-hermanos.mx\/#\/schema\/logo\/image\/","url":"https:\/\/somos-hermanos.mx\/wp-content\/uploads\/2025\/08\/SH30-1.jpeg","contentUrl":"https:\/\/somos-hermanos.mx\/wp-content\/uploads\/2025\/08\/SH30-1.jpeg","width":1600,"height":1142,"caption":"Somos Hermanos"},"image":{"@id":"https:\/\/somos-hermanos.mx\/#\/schema\/logo\/image\/"},"sameAs":["https:\/\/www.facebook.com\/SomosHermanosIAP\/","https:\/\/x.com\/Somos__Hermanos","https:\/\/www.instagram.com\/somos__hermanos\/#","https:\/\/www.tiktok.com\/@somoshermanosiap","https:\/\/www.youtube.com\/@somoshermanosiap1201\/videos"]},{"@type":"Person","@id":"https:\/\/somos-hermanos.mx\/#\/schema\/person\/ca47b05d4e7735cde01b6c20df3ff500","name":"Ivon D\u00edaz Rojas","image":{"@type":"ImageObject","inLanguage":"es","@id":"https:\/\/secure.gravatar.com\/avatar\/1c19107828bb690213f343d5aa89eef40d6744894d5f632754fec79e3043dbb3?s=96&d=mm&r=g","url":"https:\/\/secure.gravatar.com\/avatar\/1c19107828bb690213f343d5aa89eef40d6744894d5f632754fec79e3043dbb3?s=96&d=mm&r=g","contentUrl":"https:\/\/secure.gravatar.com\/avatar\/1c19107828bb690213f343d5aa89eef40d6744894d5f632754fec79e3043dbb3?s=96&d=mm&r=g","caption":"Ivon D\u00edaz Rojas"},"url":"https:\/\/somos-hermanos.mx\/index.php\/author\/ivon-diaz-rojas\/"}]}},"_links":{"self":[{"href":"https:\/\/somos-hermanos.mx\/index.php\/wp-json\/wp\/v2\/posts\/597","targetHints":{"allow":["GET"]}}],"collection":[{"href":"https:\/\/somos-hermanos.mx\/index.php\/wp-json\/wp\/v2\/posts"}],"about":[{"href":"https:\/\/somos-hermanos.mx\/index.php\/wp-json\/wp\/v2\/types\/post"}],"author":[{"embeddable":true,"href":"https:\/\/somos-hermanos.mx\/index.php\/wp-json\/wp\/v2\/users\/14"}],"replies":[{"embeddable":true,"href":"https:\/\/somos-hermanos.mx\/index.php\/wp-json\/wp\/v2\/comments?post=597"}],"version-history":[{"count":1,"href":"https:\/\/somos-hermanos.mx\/index.php\/wp-json\/wp\/v2\/posts\/597\/revisions"}],"predecessor-version":[{"id":599,"href":"https:\/\/somos-hermanos.mx\/index.php\/wp-json\/wp\/v2\/posts\/597\/revisions\/599"}],"wp:featuredmedia":[{"embeddable":true,"href":"https:\/\/somos-hermanos.mx\/index.php\/wp-json\/wp\/v2\/media\/598"}],"wp:attachment":[{"href":"https:\/\/somos-hermanos.mx\/index.php\/wp-json\/wp\/v2\/media?parent=597"}],"wp:term":[{"taxonomy":"category","embeddable":true,"href":"https:\/\/somos-hermanos.mx\/index.php\/wp-json\/wp\/v2\/categories?post=597"},{"taxonomy":"post_tag","embeddable":true,"href":"https:\/\/somos-hermanos.mx\/index.php\/wp-json\/wp\/v2\/tags?post=597"}],"curies":[{"name":"wp","href":"https:\/\/api.w.org\/{rel}","templated":true}]}}