{"id":591,"date":"2025-08-04T01:06:58","date_gmt":"2025-08-04T07:06:58","guid":{"rendered":"https:\/\/somos-hermanos.mx\/?p=591"},"modified":"2025-08-04T01:06:58","modified_gmt":"2025-08-04T07:06:58","slug":"un-rayo-para-la-educacion-y-atencion-de-calidad-fundacion-mier-y-pesado","status":"publish","type":"post","link":"https:\/\/somos-hermanos.mx\/index.php\/2025\/08\/04\/un-rayo-para-la-educacion-y-atencion-de-calidad-fundacion-mier-y-pesado\/","title":{"rendered":"Un rayo para la educaci\u00f3n y atenci\u00f3n de calidad: Fundaci\u00f3n Mier y Pesado"},"content":{"rendered":"<p>Hablar de la calidad de la educaci\u00f3n en M\u00e9xico es un mito, ya que si consideramos que para nadie es un secreto que est\u00e1 muy por debajo de los est\u00e1ndares mundiales; sin embargo, y para beneficio de las infancias a\u00fan existen organizaciones que trabajan por mejorar esta realidad.<\/p>\n<p>En esta ocasi\u00f3n se trata de Fundaci\u00f3n Mier y Pesado IAP una organizaci\u00f3n sin fines de lucro que <strong>cuenta con 102 a\u00f1os de experiencia trabajando por la educaci\u00f3n de excelencia y el desarrollo humano<\/strong>\u00a0integral de la ni\u00f1ez y juventud, as\u00ed como la atenci\u00f3n c\u00e1lida para las personas adultas mayores.<\/p>\n<p>Su trabajo se divide en dos centros educativos que cuentan con programas de estudios avalados con el Reconocimiento de Validez Oficial de la Estudios, el cual, est\u00e1 establecido en la Ley General de Educaci\u00f3n del pa\u00eds, adem\u00e1s, de dos residencias localizadas en Orizaba y Tacubaya, que se han encargo de <strong>brindar servicios integrales y adecuadas seg\u00fan el grado de vulnerabilidad de cada persona adulta mayor <\/strong>que llegue a sus instalaciones, y est\u00e1 avalada bajo la Ley de los Derechos de las Personas Adultas Mayores.<\/p>\n<p>Su nivel educativo va desde los <strong>servicios de preescolar hasta el nivel medio superior con desarrollo de la UNAM, adem\u00e1s fomenta la vida espiritual <\/strong>y la importancia de la salud f\u00edsica y psicol\u00f3gica. Mientras que el servicio de residencias cuenta con labor de asistencia individual.<\/p>\n<p>Ambos servicios son realizados bajo la experiencia de persona altamente capacitados y respetando las visiones, metas y valores que son representantes de la fundaci\u00f3n.<\/p>\n<p>Con todo esto <strong>han logrado beneficiar a m\u00e1s de 3 mil estudiantes, 185 docentes, <\/strong>han creado m\u00e1s de 100 aulas de estudio y 22 espacios deportivos y culturales, han contado con 99 residentes adultos mayores y han participado en m\u00e1s de 50 talleres terap\u00e9uticos y recreativos.<\/p>\n<p>&nbsp;<\/p>\n","protected":false},"excerpt":{"rendered":"<p>Hablar de la calidad de la educaci\u00f3n en M\u00e9xico es un mito, ya que si consideramos que para nadie es un secreto que est\u00e1 muy por debajo de los est\u00e1ndares mundiales; sin embargo, y para beneficio de las infancias a\u00fan existen organizaciones que trabajan por mejorar esta realidad. En esta ocasi\u00f3n se trata de Fundaci\u00f3n [&hellip;]<\/p>\n","protected":false},"author":15,"featured_media":592,"comment_status":"open","ping_status":"closed","sticky":false,"template":"","format":"standard","meta":{"footnotes":""},"categories":[6],"tags":[],"class_list":["post-591","post","type-post","status-publish","format-standard","has-post-thumbnail","hentry","category-noticias"],"yoast_head":"<!-- This site is optimized with the Yoast SEO plugin v27.5 - https:\/\/yoast.com\/product\/yoast-seo-wordpress\/ -->\n<title>Un rayo para la educaci\u00f3n y atenci\u00f3n de calidad: Fundaci\u00f3n Mier y Pesado - Historias que inspiran...<\/title>\n<meta name=\"robots\" content=\"index, follow, max-snippet:-1, max-image-preview:large, max-video-preview:-1\" \/>\n<link rel=\"canonical\" href=\"https:\/\/somos-hermanos.mx\/index.php\/2025\/08\/04\/un-rayo-para-la-educacion-y-atencion-de-calidad-fundacion-mier-y-pesado\/\" \/>\n<meta property=\"og:locale\" content=\"es_MX\" \/>\n<meta property=\"og:type\" content=\"article\" \/>\n<meta property=\"og:title\" content=\"Un rayo para la educaci\u00f3n y atenci\u00f3n de calidad: Fundaci\u00f3n Mier y Pesado - Historias que inspiran...\" \/>\n<meta property=\"og:description\" content=\"Hablar de la calidad de la educaci\u00f3n en M\u00e9xico es un mito, ya que si consideramos que para nadie es un secreto que est\u00e1 muy por debajo de los est\u00e1ndares mundiales; sin embargo, y para beneficio de las infancias a\u00fan existen organizaciones que trabajan por mejorar esta realidad. En esta ocasi\u00f3n se trata de Fundaci\u00f3n [&hellip;]\" \/>\n<meta property=\"og:url\" content=\"https:\/\/somos-hermanos.mx\/index.php\/2025\/08\/04\/un-rayo-para-la-educacion-y-atencion-de-calidad-fundacion-mier-y-pesado\/\" \/>\n<meta property=\"og:site_name\" content=\"Historias que inspiran...\" \/>\n<meta property=\"article:publisher\" content=\"https:\/\/www.facebook.com\/SomosHermanosIAP\/\" \/>\n<meta property=\"article:published_time\" content=\"2025-08-04T07:06:58+00:00\" \/>\n<meta property=\"og:image\" content=\"https:\/\/somos-hermanos.mx\/wp-content\/uploads\/2025\/08\/mier1.jpeg\" \/>\n\t<meta property=\"og:image:width\" content=\"750\" \/>\n\t<meta property=\"og:image:height\" content=\"562\" \/>\n\t<meta property=\"og:image:type\" content=\"image\/jpeg\" \/>\n<meta name=\"author\" content=\"Itzel Montiel Luna\" \/>\n<meta name=\"twitter:card\" content=\"summary_large_image\" \/>\n<meta name=\"twitter:creator\" content=\"@Somos__Hermanos\" \/>\n<meta name=\"twitter:site\" content=\"@Somos__Hermanos\" \/>\n<meta name=\"twitter:label1\" content=\"Escrito por\" \/>\n\t<meta name=\"twitter:data1\" content=\"Itzel Montiel Luna\" \/>\n\t<meta name=\"twitter:label2\" content=\"Tiempo de lectura\" \/>\n\t<meta name=\"twitter:data2\" content=\"2 minutos\" \/>\n<script type=\"application\/ld+json\" class=\"yoast-schema-graph\">{\"@context\":\"https:\\\/\\\/schema.org\",\"@graph\":[{\"@type\":\"Article\",\"@id\":\"https:\\\/\\\/somos-hermanos.mx\\\/index.php\\\/2025\\\/08\\\/04\\\/un-rayo-para-la-educacion-y-atencion-de-calidad-fundacion-mier-y-pesado\\\/#article\",\"isPartOf\":{\"@id\":\"https:\\\/\\\/somos-hermanos.mx\\\/index.php\\\/2025\\\/08\\\/04\\\/un-rayo-para-la-educacion-y-atencion-de-calidad-fundacion-mier-y-pesado\\\/\"},\"author\":{\"name\":\"Itzel Montiel Luna\",\"@id\":\"https:\\\/\\\/somos-hermanos.mx\\\/#\\\/schema\\\/person\\\/0998f178948ff64bb6e8e1479a973eb7\"},\"headline\":\"Un rayo para la educaci\u00f3n y atenci\u00f3n de calidad: Fundaci\u00f3n Mier y Pesado\",\"datePublished\":\"2025-08-04T07:06:58+00:00\",\"mainEntityOfPage\":{\"@id\":\"https:\\\/\\\/somos-hermanos.mx\\\/index.php\\\/2025\\\/08\\\/04\\\/un-rayo-para-la-educacion-y-atencion-de-calidad-fundacion-mier-y-pesado\\\/\"},\"wordCount\":331,\"commentCount\":0,\"publisher\":{\"@id\":\"https:\\\/\\\/somos-hermanos.mx\\\/#organization\"},\"image\":{\"@id\":\"https:\\\/\\\/somos-hermanos.mx\\\/index.php\\\/2025\\\/08\\\/04\\\/un-rayo-para-la-educacion-y-atencion-de-calidad-fundacion-mier-y-pesado\\\/#primaryimage\"},\"thumbnailUrl\":\"https:\\\/\\\/somos-hermanos.mx\\\/wp-content\\\/uploads\\\/2025\\\/08\\\/mier1.jpeg\",\"articleSection\":[\"Noticias\"],\"inLanguage\":\"es\",\"potentialAction\":[{\"@type\":\"CommentAction\",\"name\":\"Comment\",\"target\":[\"https:\\\/\\\/somos-hermanos.mx\\\/index.php\\\/2025\\\/08\\\/04\\\/un-rayo-para-la-educacion-y-atencion-de-calidad-fundacion-mier-y-pesado\\\/#respond\"]}]},{\"@type\":\"WebPage\",\"@id\":\"https:\\\/\\\/somos-hermanos.mx\\\/index.php\\\/2025\\\/08\\\/04\\\/un-rayo-para-la-educacion-y-atencion-de-calidad-fundacion-mier-y-pesado\\\/\",\"url\":\"https:\\\/\\\/somos-hermanos.mx\\\/index.php\\\/2025\\\/08\\\/04\\\/un-rayo-para-la-educacion-y-atencion-de-calidad-fundacion-mier-y-pesado\\\/\",\"name\":\"Un rayo para la educaci\u00f3n y atenci\u00f3n de calidad: Fundaci\u00f3n Mier y Pesado - Historias que inspiran...\",\"isPartOf\":{\"@id\":\"https:\\\/\\\/somos-hermanos.mx\\\/#website\"},\"primaryImageOfPage\":{\"@id\":\"https:\\\/\\\/somos-hermanos.mx\\\/index.php\\\/2025\\\/08\\\/04\\\/un-rayo-para-la-educacion-y-atencion-de-calidad-fundacion-mier-y-pesado\\\/#primaryimage\"},\"image\":{\"@id\":\"https:\\\/\\\/somos-hermanos.mx\\\/index.php\\\/2025\\\/08\\\/04\\\/un-rayo-para-la-educacion-y-atencion-de-calidad-fundacion-mier-y-pesado\\\/#primaryimage\"},\"thumbnailUrl\":\"https:\\\/\\\/somos-hermanos.mx\\\/wp-content\\\/uploads\\\/2025\\\/08\\\/mier1.jpeg\",\"datePublished\":\"2025-08-04T07:06:58+00:00\",\"breadcrumb\":{\"@id\":\"https:\\\/\\\/somos-hermanos.mx\\\/index.php\\\/2025\\\/08\\\/04\\\/un-rayo-para-la-educacion-y-atencion-de-calidad-fundacion-mier-y-pesado\\\/#breadcrumb\"},\"inLanguage\":\"es\",\"potentialAction\":[{\"@type\":\"ReadAction\",\"target\":[\"https:\\\/\\\/somos-hermanos.mx\\\/index.php\\\/2025\\\/08\\\/04\\\/un-rayo-para-la-educacion-y-atencion-de-calidad-fundacion-mier-y-pesado\\\/\"]}]},{\"@type\":\"ImageObject\",\"inLanguage\":\"es\",\"@id\":\"https:\\\/\\\/somos-hermanos.mx\\\/index.php\\\/2025\\\/08\\\/04\\\/un-rayo-para-la-educacion-y-atencion-de-calidad-fundacion-mier-y-pesado\\\/#primaryimage\",\"url\":\"https:\\\/\\\/somos-hermanos.mx\\\/wp-content\\\/uploads\\\/2025\\\/08\\\/mier1.jpeg\",\"contentUrl\":\"https:\\\/\\\/somos-hermanos.mx\\\/wp-content\\\/uploads\\\/2025\\\/08\\\/mier1.jpeg\",\"width\":750,\"height\":562},{\"@type\":\"BreadcrumbList\",\"@id\":\"https:\\\/\\\/somos-hermanos.mx\\\/index.php\\\/2025\\\/08\\\/04\\\/un-rayo-para-la-educacion-y-atencion-de-calidad-fundacion-mier-y-pesado\\\/#breadcrumb\",\"itemListElement\":[{\"@type\":\"ListItem\",\"position\":1,\"name\":\"Inicio\",\"item\":\"https:\\\/\\\/somos-hermanos.mx\\\/\"},{\"@type\":\"ListItem\",\"position\":2,\"name\":\"Un rayo para la educaci\u00f3n y atenci\u00f3n de calidad: Fundaci\u00f3n Mier y Pesado\"}]},{\"@type\":\"WebSite\",\"@id\":\"https:\\\/\\\/somos-hermanos.mx\\\/#website\",\"url\":\"https:\\\/\\\/somos-hermanos.mx\\\/\",\"name\":\"Historias que inspiran...\",\"description\":\"Somos la voz del altruismo en M\u00e9xico\",\"publisher\":{\"@id\":\"https:\\\/\\\/somos-hermanos.mx\\\/#organization\"},\"potentialAction\":[{\"@type\":\"SearchAction\",\"target\":{\"@type\":\"EntryPoint\",\"urlTemplate\":\"https:\\\/\\\/somos-hermanos.mx\\\/?s={search_term_string}\"},\"query-input\":{\"@type\":\"PropertyValueSpecification\",\"valueRequired\":true,\"valueName\":\"search_term_string\"}}],\"inLanguage\":\"es\"},{\"@type\":\"Organization\",\"@id\":\"https:\\\/\\\/somos-hermanos.mx\\\/#organization\",\"name\":\"Somos Hermanos\",\"url\":\"https:\\\/\\\/somos-hermanos.mx\\\/\",\"logo\":{\"@type\":\"ImageObject\",\"inLanguage\":\"es\",\"@id\":\"https:\\\/\\\/somos-hermanos.mx\\\/#\\\/schema\\\/logo\\\/image\\\/\",\"url\":\"https:\\\/\\\/somos-hermanos.mx\\\/wp-content\\\/uploads\\\/2025\\\/08\\\/SH30-1.jpeg\",\"contentUrl\":\"https:\\\/\\\/somos-hermanos.mx\\\/wp-content\\\/uploads\\\/2025\\\/08\\\/SH30-1.jpeg\",\"width\":1600,\"height\":1142,\"caption\":\"Somos Hermanos\"},\"image\":{\"@id\":\"https:\\\/\\\/somos-hermanos.mx\\\/#\\\/schema\\\/logo\\\/image\\\/\"},\"sameAs\":[\"https:\\\/\\\/www.facebook.com\\\/SomosHermanosIAP\\\/\",\"https:\\\/\\\/x.com\\\/Somos__Hermanos\",\"https:\\\/\\\/www.instagram.com\\\/somos__hermanos\\\/#\",\"https:\\\/\\\/www.tiktok.com\\\/@somoshermanosiap\",\"https:\\\/\\\/www.youtube.com\\\/@somoshermanosiap1201\\\/videos\"]},{\"@type\":\"Person\",\"@id\":\"https:\\\/\\\/somos-hermanos.mx\\\/#\\\/schema\\\/person\\\/0998f178948ff64bb6e8e1479a973eb7\",\"name\":\"Itzel Montiel Luna\",\"image\":{\"@type\":\"ImageObject\",\"inLanguage\":\"es\",\"@id\":\"https:\\\/\\\/secure.gravatar.com\\\/avatar\\\/fa18ed3df0c81049a1f84da7aea98a9f130aedfb6076ab013d6451875eb77a7b?s=96&d=mm&r=g\",\"url\":\"https:\\\/\\\/secure.gravatar.com\\\/avatar\\\/fa18ed3df0c81049a1f84da7aea98a9f130aedfb6076ab013d6451875eb77a7b?s=96&d=mm&r=g\",\"contentUrl\":\"https:\\\/\\\/secure.gravatar.com\\\/avatar\\\/fa18ed3df0c81049a1f84da7aea98a9f130aedfb6076ab013d6451875eb77a7b?s=96&d=mm&r=g\",\"caption\":\"Itzel Montiel Luna\"},\"url\":\"https:\\\/\\\/somos-hermanos.mx\\\/index.php\\\/author\\\/itzel-montiel-luna\\\/\"}]}<\/script>\n<!-- \/ Yoast SEO plugin. -->","yoast_head_json":{"title":"Un rayo para la educaci\u00f3n y atenci\u00f3n de calidad: Fundaci\u00f3n Mier y Pesado - Historias que inspiran...","robots":{"index":"index","follow":"follow","max-snippet":"max-snippet:-1","max-image-preview":"max-image-preview:large","max-video-preview":"max-video-preview:-1"},"canonical":"https:\/\/somos-hermanos.mx\/index.php\/2025\/08\/04\/un-rayo-para-la-educacion-y-atencion-de-calidad-fundacion-mier-y-pesado\/","og_locale":"es_MX","og_type":"article","og_title":"Un rayo para la educaci\u00f3n y atenci\u00f3n de calidad: Fundaci\u00f3n Mier y Pesado - Historias que inspiran...","og_description":"Hablar de la calidad de la educaci\u00f3n en M\u00e9xico es un mito, ya que si consideramos que para nadie es un secreto que est\u00e1 muy por debajo de los est\u00e1ndares mundiales; sin embargo, y para beneficio de las infancias a\u00fan existen organizaciones que trabajan por mejorar esta realidad. En esta ocasi\u00f3n se trata de Fundaci\u00f3n [&hellip;]","og_url":"https:\/\/somos-hermanos.mx\/index.php\/2025\/08\/04\/un-rayo-para-la-educacion-y-atencion-de-calidad-fundacion-mier-y-pesado\/","og_site_name":"Historias que inspiran...","article_publisher":"https:\/\/www.facebook.com\/SomosHermanosIAP\/","article_published_time":"2025-08-04T07:06:58+00:00","og_image":[{"width":750,"height":562,"url":"https:\/\/somos-hermanos.mx\/wp-content\/uploads\/2025\/08\/mier1.jpeg","type":"image\/jpeg"}],"author":"Itzel Montiel Luna","twitter_card":"summary_large_image","twitter_creator":"@Somos__Hermanos","twitter_site":"@Somos__Hermanos","twitter_misc":{"Escrito por":"Itzel Montiel Luna","Tiempo de lectura":"2 minutos"},"schema":{"@context":"https:\/\/schema.org","@graph":[{"@type":"Article","@id":"https:\/\/somos-hermanos.mx\/index.php\/2025\/08\/04\/un-rayo-para-la-educacion-y-atencion-de-calidad-fundacion-mier-y-pesado\/#article","isPartOf":{"@id":"https:\/\/somos-hermanos.mx\/index.php\/2025\/08\/04\/un-rayo-para-la-educacion-y-atencion-de-calidad-fundacion-mier-y-pesado\/"},"author":{"name":"Itzel Montiel Luna","@id":"https:\/\/somos-hermanos.mx\/#\/schema\/person\/0998f178948ff64bb6e8e1479a973eb7"},"headline":"Un rayo para la educaci\u00f3n y atenci\u00f3n de calidad: Fundaci\u00f3n Mier y Pesado","datePublished":"2025-08-04T07:06:58+00:00","mainEntityOfPage":{"@id":"https:\/\/somos-hermanos.mx\/index.php\/2025\/08\/04\/un-rayo-para-la-educacion-y-atencion-de-calidad-fundacion-mier-y-pesado\/"},"wordCount":331,"commentCount":0,"publisher":{"@id":"https:\/\/somos-hermanos.mx\/#organization"},"image":{"@id":"https:\/\/somos-hermanos.mx\/index.php\/2025\/08\/04\/un-rayo-para-la-educacion-y-atencion-de-calidad-fundacion-mier-y-pesado\/#primaryimage"},"thumbnailUrl":"https:\/\/somos-hermanos.mx\/wp-content\/uploads\/2025\/08\/mier1.jpeg","articleSection":["Noticias"],"inLanguage":"es","potentialAction":[{"@type":"CommentAction","name":"Comment","target":["https:\/\/somos-hermanos.mx\/index.php\/2025\/08\/04\/un-rayo-para-la-educacion-y-atencion-de-calidad-fundacion-mier-y-pesado\/#respond"]}]},{"@type":"WebPage","@id":"https:\/\/somos-hermanos.mx\/index.php\/2025\/08\/04\/un-rayo-para-la-educacion-y-atencion-de-calidad-fundacion-mier-y-pesado\/","url":"https:\/\/somos-hermanos.mx\/index.php\/2025\/08\/04\/un-rayo-para-la-educacion-y-atencion-de-calidad-fundacion-mier-y-pesado\/","name":"Un rayo para la educaci\u00f3n y atenci\u00f3n de calidad: Fundaci\u00f3n Mier y Pesado - Historias que inspiran...","isPartOf":{"@id":"https:\/\/somos-hermanos.mx\/#website"},"primaryImageOfPage":{"@id":"https:\/\/somos-hermanos.mx\/index.php\/2025\/08\/04\/un-rayo-para-la-educacion-y-atencion-de-calidad-fundacion-mier-y-pesado\/#primaryimage"},"image":{"@id":"https:\/\/somos-hermanos.mx\/index.php\/2025\/08\/04\/un-rayo-para-la-educacion-y-atencion-de-calidad-fundacion-mier-y-pesado\/#primaryimage"},"thumbnailUrl":"https:\/\/somos-hermanos.mx\/wp-content\/uploads\/2025\/08\/mier1.jpeg","datePublished":"2025-08-04T07:06:58+00:00","breadcrumb":{"@id":"https:\/\/somos-hermanos.mx\/index.php\/2025\/08\/04\/un-rayo-para-la-educacion-y-atencion-de-calidad-fundacion-mier-y-pesado\/#breadcrumb"},"inLanguage":"es","potentialAction":[{"@type":"ReadAction","target":["https:\/\/somos-hermanos.mx\/index.php\/2025\/08\/04\/un-rayo-para-la-educacion-y-atencion-de-calidad-fundacion-mier-y-pesado\/"]}]},{"@type":"ImageObject","inLanguage":"es","@id":"https:\/\/somos-hermanos.mx\/index.php\/2025\/08\/04\/un-rayo-para-la-educacion-y-atencion-de-calidad-fundacion-mier-y-pesado\/#primaryimage","url":"https:\/\/somos-hermanos.mx\/wp-content\/uploads\/2025\/08\/mier1.jpeg","contentUrl":"https:\/\/somos-hermanos.mx\/wp-content\/uploads\/2025\/08\/mier1.jpeg","width":750,"height":562},{"@type":"BreadcrumbList","@id":"https:\/\/somos-hermanos.mx\/index.php\/2025\/08\/04\/un-rayo-para-la-educacion-y-atencion-de-calidad-fundacion-mier-y-pesado\/#breadcrumb","itemListElement":[{"@type":"ListItem","position":1,"name":"Inicio","item":"https:\/\/somos-hermanos.mx\/"},{"@type":"ListItem","position":2,"name":"Un rayo para la educaci\u00f3n y atenci\u00f3n de calidad: Fundaci\u00f3n Mier y Pesado"}]},{"@type":"WebSite","@id":"https:\/\/somos-hermanos.mx\/#website","url":"https:\/\/somos-hermanos.mx\/","name":"Historias que inspiran...","description":"Somos la voz del altruismo en M\u00e9xico","publisher":{"@id":"https:\/\/somos-hermanos.mx\/#organization"},"potentialAction":[{"@type":"SearchAction","target":{"@type":"EntryPoint","urlTemplate":"https:\/\/somos-hermanos.mx\/?s={search_term_string}"},"query-input":{"@type":"PropertyValueSpecification","valueRequired":true,"valueName":"search_term_string"}}],"inLanguage":"es"},{"@type":"Organization","@id":"https:\/\/somos-hermanos.mx\/#organization","name":"Somos Hermanos","url":"https:\/\/somos-hermanos.mx\/","logo":{"@type":"ImageObject","inLanguage":"es","@id":"https:\/\/somos-hermanos.mx\/#\/schema\/logo\/image\/","url":"https:\/\/somos-hermanos.mx\/wp-content\/uploads\/2025\/08\/SH30-1.jpeg","contentUrl":"https:\/\/somos-hermanos.mx\/wp-content\/uploads\/2025\/08\/SH30-1.jpeg","width":1600,"height":1142,"caption":"Somos Hermanos"},"image":{"@id":"https:\/\/somos-hermanos.mx\/#\/schema\/logo\/image\/"},"sameAs":["https:\/\/www.facebook.com\/SomosHermanosIAP\/","https:\/\/x.com\/Somos__Hermanos","https:\/\/www.instagram.com\/somos__hermanos\/#","https:\/\/www.tiktok.com\/@somoshermanosiap","https:\/\/www.youtube.com\/@somoshermanosiap1201\/videos"]},{"@type":"Person","@id":"https:\/\/somos-hermanos.mx\/#\/schema\/person\/0998f178948ff64bb6e8e1479a973eb7","name":"Itzel Montiel Luna","image":{"@type":"ImageObject","inLanguage":"es","@id":"https:\/\/secure.gravatar.com\/avatar\/fa18ed3df0c81049a1f84da7aea98a9f130aedfb6076ab013d6451875eb77a7b?s=96&d=mm&r=g","url":"https:\/\/secure.gravatar.com\/avatar\/fa18ed3df0c81049a1f84da7aea98a9f130aedfb6076ab013d6451875eb77a7b?s=96&d=mm&r=g","contentUrl":"https:\/\/secure.gravatar.com\/avatar\/fa18ed3df0c81049a1f84da7aea98a9f130aedfb6076ab013d6451875eb77a7b?s=96&d=mm&r=g","caption":"Itzel Montiel Luna"},"url":"https:\/\/somos-hermanos.mx\/index.php\/author\/itzel-montiel-luna\/"}]}},"_links":{"self":[{"href":"https:\/\/somos-hermanos.mx\/index.php\/wp-json\/wp\/v2\/posts\/591","targetHints":{"allow":["GET"]}}],"collection":[{"href":"https:\/\/somos-hermanos.mx\/index.php\/wp-json\/wp\/v2\/posts"}],"about":[{"href":"https:\/\/somos-hermanos.mx\/index.php\/wp-json\/wp\/v2\/types\/post"}],"author":[{"embeddable":true,"href":"https:\/\/somos-hermanos.mx\/index.php\/wp-json\/wp\/v2\/users\/15"}],"replies":[{"embeddable":true,"href":"https:\/\/somos-hermanos.mx\/index.php\/wp-json\/wp\/v2\/comments?post=591"}],"version-history":[{"count":1,"href":"https:\/\/somos-hermanos.mx\/index.php\/wp-json\/wp\/v2\/posts\/591\/revisions"}],"predecessor-version":[{"id":593,"href":"https:\/\/somos-hermanos.mx\/index.php\/wp-json\/wp\/v2\/posts\/591\/revisions\/593"}],"wp:featuredmedia":[{"embeddable":true,"href":"https:\/\/somos-hermanos.mx\/index.php\/wp-json\/wp\/v2\/media\/592"}],"wp:attachment":[{"href":"https:\/\/somos-hermanos.mx\/index.php\/wp-json\/wp\/v2\/media?parent=591"}],"wp:term":[{"taxonomy":"category","embeddable":true,"href":"https:\/\/somos-hermanos.mx\/index.php\/wp-json\/wp\/v2\/categories?post=591"},{"taxonomy":"post_tag","embeddable":true,"href":"https:\/\/somos-hermanos.mx\/index.php\/wp-json\/wp\/v2\/tags?post=591"}],"curies":[{"name":"wp","href":"https:\/\/api.w.org\/{rel}","templated":true}]}}