{"id":588,"date":"2025-08-04T01:05:10","date_gmt":"2025-08-04T07:05:10","guid":{"rendered":"https:\/\/somos-hermanos.mx\/?p=588"},"modified":"2025-08-04T01:05:10","modified_gmt":"2025-08-04T07:05:10","slug":"voces-y-visiones-por-malinalco","status":"publish","type":"post","link":"https:\/\/somos-hermanos.mx\/index.php\/2025\/08\/04\/voces-y-visiones-por-malinalco\/","title":{"rendered":"Voces y Visiones por Malinalco"},"content":{"rendered":"<p>Voces y Visiones de Malinalco AC es una organizaci\u00f3n de la sociedad civil que trabaja en el municipio de Malinalco, Estado de M\u00e9xico, al desarrollar programas educativos innovadores e inclusivos. <strong>Su objetivo principal es reducir la desigualdad educativa y social en la regi\u00f3n. <\/strong><\/p>\n<p>La organizaci\u00f3n tiene su sede en Malinalco, Estado de M\u00e9xico, un Pueblo M\u00e1gico <strong>conocido por su riqueza cultural y paisaj\u00edstica. <\/strong>Entre sus proyectos destacados se encuentra la Comunidad Educativa Ameyalli, que ofrece educaci\u00f3n preescolar y primaria con un enfoque multicultural, incluyente y equitativo.<\/p>\n<p>Adem\u00e1s, en agosto de 2023, iniciaron la <strong>&#8220;Secundaria Viva&#8221;, <\/strong>un proyecto pionero de educaci\u00f3n alternativa e integral. La organizaci\u00f3n tambi\u00e9n promueve la educaci\u00f3n ciudadana y la participaci\u00f3n comunitaria, fomentando el desarrollo de habilidades socioemocionales y la participaci\u00f3n en procesos democr\u00e1ticos.<\/p>\n<p><strong>Asimismo, impulsa la eco alfabetizaci\u00f3n, incentivando el cuidad <\/strong><\/p>\n<ul>\n<li>Comunidad Educativa Ameyalli, que ofrece educaci\u00f3n preescolar y primaria con un enfoque inclusivo y multicultural.<\/li>\n<li>Secundaria Viva, una alternativa educativa integral que inici\u00f3 actividades en agosto de 2023.<\/li>\n<\/ul>\n<p>\u00bfC\u00f3mo se puede colaborar? Las personas interesadas pueden apoyar la labor de la organizaci\u00f3n mediante:<\/p>\n<ul>\n<li>Donaciones econ\u00f3micas (deducibles de impuestos en M\u00e9xico).<\/li>\n<li>Voluntariado en proyectos educativos y sociales.<\/li>\n<li>Participaci\u00f3n activa en eventos y campa\u00f1as comunitarias. Contacto y m\u00e1s informaci\u00f3n:<\/li>\n<li>P\u00e1gina web: vyvameyalli.org<\/li>\n<li>Correo electr\u00f3nico: <a href=\"mailto:info@vyvameyalli.org\"><u>info@vyvameyalli.org<\/u><\/a><\/li>\n<li>Redes sociales: Facebook e Instagram (consultar enlaces en su sitio web). La organizaci\u00f3n invita a todas las personas interesadas en contribuir al bienestar educativo de ni\u00f1as, ni\u00f1os y j\u00f3venes en Malinalco a sumarse a sus iniciativas.<\/li>\n<\/ul>\n","protected":false},"excerpt":{"rendered":"<p>Voces y Visiones de Malinalco AC es una organizaci\u00f3n de la sociedad civil que trabaja en el municipio de Malinalco, Estado de M\u00e9xico, al desarrollar programas educativos innovadores e inclusivos. Su objetivo principal es reducir la desigualdad educativa y social en la regi\u00f3n. La organizaci\u00f3n tiene su sede en Malinalco, Estado de M\u00e9xico, un Pueblo [&hellip;]<\/p>\n","protected":false},"author":18,"featured_media":589,"comment_status":"open","ping_status":"closed","sticky":false,"template":"","format":"standard","meta":{"footnotes":""},"categories":[6],"tags":[],"class_list":["post-588","post","type-post","status-publish","format-standard","has-post-thumbnail","hentry","category-noticias"],"yoast_head":"<!-- This site is optimized with the Yoast SEO plugin v27.5 - https:\/\/yoast.com\/product\/yoast-seo-wordpress\/ -->\n<title>Voces y Visiones por Malinalco - Historias que inspiran...<\/title>\n<meta name=\"robots\" content=\"index, follow, max-snippet:-1, max-image-preview:large, max-video-preview:-1\" \/>\n<link rel=\"canonical\" href=\"https:\/\/somos-hermanos.mx\/index.php\/2025\/08\/04\/voces-y-visiones-por-malinalco\/\" \/>\n<meta property=\"og:locale\" content=\"es_MX\" \/>\n<meta property=\"og:type\" content=\"article\" \/>\n<meta property=\"og:title\" content=\"Voces y Visiones por Malinalco - Historias que inspiran...\" \/>\n<meta property=\"og:description\" content=\"Voces y Visiones de Malinalco AC es una organizaci\u00f3n de la sociedad civil que trabaja en el municipio de Malinalco, Estado de M\u00e9xico, al desarrollar programas educativos innovadores e inclusivos. Su objetivo principal es reducir la desigualdad educativa y social en la regi\u00f3n. La organizaci\u00f3n tiene su sede en Malinalco, Estado de M\u00e9xico, un Pueblo [&hellip;]\" \/>\n<meta property=\"og:url\" content=\"https:\/\/somos-hermanos.mx\/index.php\/2025\/08\/04\/voces-y-visiones-por-malinalco\/\" \/>\n<meta property=\"og:site_name\" content=\"Historias que inspiran...\" \/>\n<meta property=\"article:publisher\" content=\"https:\/\/www.facebook.com\/SomosHermanosIAP\/\" \/>\n<meta property=\"article:published_time\" content=\"2025-08-04T07:05:10+00:00\" \/>\n<meta property=\"og:image\" content=\"https:\/\/somos-hermanos.mx\/wp-content\/uploads\/2025\/08\/voces2.jpeg\" \/>\n\t<meta property=\"og:image:width\" content=\"1080\" \/>\n\t<meta property=\"og:image:height\" content=\"1350\" \/>\n\t<meta property=\"og:image:type\" content=\"image\/jpeg\" \/>\n<meta name=\"author\" content=\"Tabatha Pati\u00f1o Massironi\" \/>\n<meta name=\"twitter:card\" content=\"summary_large_image\" \/>\n<meta name=\"twitter:creator\" content=\"@Somos__Hermanos\" \/>\n<meta name=\"twitter:site\" content=\"@Somos__Hermanos\" \/>\n<meta name=\"twitter:label1\" content=\"Escrito por\" \/>\n\t<meta name=\"twitter:data1\" content=\"Tabatha Pati\u00f1o Massironi\" \/>\n\t<meta name=\"twitter:label2\" content=\"Tiempo de lectura\" \/>\n\t<meta name=\"twitter:data2\" content=\"2 minutos\" \/>\n<script type=\"application\/ld+json\" class=\"yoast-schema-graph\">{\"@context\":\"https:\\\/\\\/schema.org\",\"@graph\":[{\"@type\":\"Article\",\"@id\":\"https:\\\/\\\/somos-hermanos.mx\\\/index.php\\\/2025\\\/08\\\/04\\\/voces-y-visiones-por-malinalco\\\/#article\",\"isPartOf\":{\"@id\":\"https:\\\/\\\/somos-hermanos.mx\\\/index.php\\\/2025\\\/08\\\/04\\\/voces-y-visiones-por-malinalco\\\/\"},\"author\":{\"name\":\"Tabatha Pati\u00f1o Massironi\",\"@id\":\"https:\\\/\\\/somos-hermanos.mx\\\/#\\\/schema\\\/person\\\/178d9721d010404cc8e0146f75955e7d\"},\"headline\":\"Voces y Visiones por Malinalco\",\"datePublished\":\"2025-08-04T07:05:10+00:00\",\"mainEntityOfPage\":{\"@id\":\"https:\\\/\\\/somos-hermanos.mx\\\/index.php\\\/2025\\\/08\\\/04\\\/voces-y-visiones-por-malinalco\\\/\"},\"wordCount\":281,\"commentCount\":0,\"publisher\":{\"@id\":\"https:\\\/\\\/somos-hermanos.mx\\\/#organization\"},\"image\":{\"@id\":\"https:\\\/\\\/somos-hermanos.mx\\\/index.php\\\/2025\\\/08\\\/04\\\/voces-y-visiones-por-malinalco\\\/#primaryimage\"},\"thumbnailUrl\":\"https:\\\/\\\/somos-hermanos.mx\\\/wp-content\\\/uploads\\\/2025\\\/08\\\/voces2.jpeg\",\"articleSection\":[\"Noticias\"],\"inLanguage\":\"es\",\"potentialAction\":[{\"@type\":\"CommentAction\",\"name\":\"Comment\",\"target\":[\"https:\\\/\\\/somos-hermanos.mx\\\/index.php\\\/2025\\\/08\\\/04\\\/voces-y-visiones-por-malinalco\\\/#respond\"]}]},{\"@type\":\"WebPage\",\"@id\":\"https:\\\/\\\/somos-hermanos.mx\\\/index.php\\\/2025\\\/08\\\/04\\\/voces-y-visiones-por-malinalco\\\/\",\"url\":\"https:\\\/\\\/somos-hermanos.mx\\\/index.php\\\/2025\\\/08\\\/04\\\/voces-y-visiones-por-malinalco\\\/\",\"name\":\"Voces y Visiones por Malinalco - Historias que inspiran...\",\"isPartOf\":{\"@id\":\"https:\\\/\\\/somos-hermanos.mx\\\/#website\"},\"primaryImageOfPage\":{\"@id\":\"https:\\\/\\\/somos-hermanos.mx\\\/index.php\\\/2025\\\/08\\\/04\\\/voces-y-visiones-por-malinalco\\\/#primaryimage\"},\"image\":{\"@id\":\"https:\\\/\\\/somos-hermanos.mx\\\/index.php\\\/2025\\\/08\\\/04\\\/voces-y-visiones-por-malinalco\\\/#primaryimage\"},\"thumbnailUrl\":\"https:\\\/\\\/somos-hermanos.mx\\\/wp-content\\\/uploads\\\/2025\\\/08\\\/voces2.jpeg\",\"datePublished\":\"2025-08-04T07:05:10+00:00\",\"breadcrumb\":{\"@id\":\"https:\\\/\\\/somos-hermanos.mx\\\/index.php\\\/2025\\\/08\\\/04\\\/voces-y-visiones-por-malinalco\\\/#breadcrumb\"},\"inLanguage\":\"es\",\"potentialAction\":[{\"@type\":\"ReadAction\",\"target\":[\"https:\\\/\\\/somos-hermanos.mx\\\/index.php\\\/2025\\\/08\\\/04\\\/voces-y-visiones-por-malinalco\\\/\"]}]},{\"@type\":\"ImageObject\",\"inLanguage\":\"es\",\"@id\":\"https:\\\/\\\/somos-hermanos.mx\\\/index.php\\\/2025\\\/08\\\/04\\\/voces-y-visiones-por-malinalco\\\/#primaryimage\",\"url\":\"https:\\\/\\\/somos-hermanos.mx\\\/wp-content\\\/uploads\\\/2025\\\/08\\\/voces2.jpeg\",\"contentUrl\":\"https:\\\/\\\/somos-hermanos.mx\\\/wp-content\\\/uploads\\\/2025\\\/08\\\/voces2.jpeg\",\"width\":1080,\"height\":1350},{\"@type\":\"BreadcrumbList\",\"@id\":\"https:\\\/\\\/somos-hermanos.mx\\\/index.php\\\/2025\\\/08\\\/04\\\/voces-y-visiones-por-malinalco\\\/#breadcrumb\",\"itemListElement\":[{\"@type\":\"ListItem\",\"position\":1,\"name\":\"Inicio\",\"item\":\"https:\\\/\\\/somos-hermanos.mx\\\/\"},{\"@type\":\"ListItem\",\"position\":2,\"name\":\"Voces y Visiones por Malinalco\"}]},{\"@type\":\"WebSite\",\"@id\":\"https:\\\/\\\/somos-hermanos.mx\\\/#website\",\"url\":\"https:\\\/\\\/somos-hermanos.mx\\\/\",\"name\":\"Historias que inspiran...\",\"description\":\"Somos la voz del altruismo en M\u00e9xico\",\"publisher\":{\"@id\":\"https:\\\/\\\/somos-hermanos.mx\\\/#organization\"},\"potentialAction\":[{\"@type\":\"SearchAction\",\"target\":{\"@type\":\"EntryPoint\",\"urlTemplate\":\"https:\\\/\\\/somos-hermanos.mx\\\/?s={search_term_string}\"},\"query-input\":{\"@type\":\"PropertyValueSpecification\",\"valueRequired\":true,\"valueName\":\"search_term_string\"}}],\"inLanguage\":\"es\"},{\"@type\":\"Organization\",\"@id\":\"https:\\\/\\\/somos-hermanos.mx\\\/#organization\",\"name\":\"Somos Hermanos\",\"url\":\"https:\\\/\\\/somos-hermanos.mx\\\/\",\"logo\":{\"@type\":\"ImageObject\",\"inLanguage\":\"es\",\"@id\":\"https:\\\/\\\/somos-hermanos.mx\\\/#\\\/schema\\\/logo\\\/image\\\/\",\"url\":\"https:\\\/\\\/somos-hermanos.mx\\\/wp-content\\\/uploads\\\/2025\\\/08\\\/SH30-1.jpeg\",\"contentUrl\":\"https:\\\/\\\/somos-hermanos.mx\\\/wp-content\\\/uploads\\\/2025\\\/08\\\/SH30-1.jpeg\",\"width\":1600,\"height\":1142,\"caption\":\"Somos Hermanos\"},\"image\":{\"@id\":\"https:\\\/\\\/somos-hermanos.mx\\\/#\\\/schema\\\/logo\\\/image\\\/\"},\"sameAs\":[\"https:\\\/\\\/www.facebook.com\\\/SomosHermanosIAP\\\/\",\"https:\\\/\\\/x.com\\\/Somos__Hermanos\",\"https:\\\/\\\/www.instagram.com\\\/somos__hermanos\\\/#\",\"https:\\\/\\\/www.tiktok.com\\\/@somoshermanosiap\",\"https:\\\/\\\/www.youtube.com\\\/@somoshermanosiap1201\\\/videos\"]},{\"@type\":\"Person\",\"@id\":\"https:\\\/\\\/somos-hermanos.mx\\\/#\\\/schema\\\/person\\\/178d9721d010404cc8e0146f75955e7d\",\"name\":\"Tabatha Pati\u00f1o Massironi\",\"image\":{\"@type\":\"ImageObject\",\"inLanguage\":\"es\",\"@id\":\"https:\\\/\\\/secure.gravatar.com\\\/avatar\\\/68bce6e78f4468fa0b12fce36d08cab74baeb59e9fe1c39db5624f9fb2e5af08?s=96&d=mm&r=g\",\"url\":\"https:\\\/\\\/secure.gravatar.com\\\/avatar\\\/68bce6e78f4468fa0b12fce36d08cab74baeb59e9fe1c39db5624f9fb2e5af08?s=96&d=mm&r=g\",\"contentUrl\":\"https:\\\/\\\/secure.gravatar.com\\\/avatar\\\/68bce6e78f4468fa0b12fce36d08cab74baeb59e9fe1c39db5624f9fb2e5af08?s=96&d=mm&r=g\",\"caption\":\"Tabatha Pati\u00f1o Massironi\"},\"url\":\"https:\\\/\\\/somos-hermanos.mx\\\/index.php\\\/author\\\/tabatha-patino-massironi\\\/\"}]}<\/script>\n<!-- \/ Yoast SEO plugin. -->","yoast_head_json":{"title":"Voces y Visiones por Malinalco - Historias que inspiran...","robots":{"index":"index","follow":"follow","max-snippet":"max-snippet:-1","max-image-preview":"max-image-preview:large","max-video-preview":"max-video-preview:-1"},"canonical":"https:\/\/somos-hermanos.mx\/index.php\/2025\/08\/04\/voces-y-visiones-por-malinalco\/","og_locale":"es_MX","og_type":"article","og_title":"Voces y Visiones por Malinalco - Historias que inspiran...","og_description":"Voces y Visiones de Malinalco AC es una organizaci\u00f3n de la sociedad civil que trabaja en el municipio de Malinalco, Estado de M\u00e9xico, al desarrollar programas educativos innovadores e inclusivos. Su objetivo principal es reducir la desigualdad educativa y social en la regi\u00f3n. La organizaci\u00f3n tiene su sede en Malinalco, Estado de M\u00e9xico, un Pueblo [&hellip;]","og_url":"https:\/\/somos-hermanos.mx\/index.php\/2025\/08\/04\/voces-y-visiones-por-malinalco\/","og_site_name":"Historias que inspiran...","article_publisher":"https:\/\/www.facebook.com\/SomosHermanosIAP\/","article_published_time":"2025-08-04T07:05:10+00:00","og_image":[{"width":1080,"height":1350,"url":"https:\/\/somos-hermanos.mx\/wp-content\/uploads\/2025\/08\/voces2.jpeg","type":"image\/jpeg"}],"author":"Tabatha Pati\u00f1o Massironi","twitter_card":"summary_large_image","twitter_creator":"@Somos__Hermanos","twitter_site":"@Somos__Hermanos","twitter_misc":{"Escrito por":"Tabatha Pati\u00f1o Massironi","Tiempo de lectura":"2 minutos"},"schema":{"@context":"https:\/\/schema.org","@graph":[{"@type":"Article","@id":"https:\/\/somos-hermanos.mx\/index.php\/2025\/08\/04\/voces-y-visiones-por-malinalco\/#article","isPartOf":{"@id":"https:\/\/somos-hermanos.mx\/index.php\/2025\/08\/04\/voces-y-visiones-por-malinalco\/"},"author":{"name":"Tabatha Pati\u00f1o Massironi","@id":"https:\/\/somos-hermanos.mx\/#\/schema\/person\/178d9721d010404cc8e0146f75955e7d"},"headline":"Voces y Visiones por Malinalco","datePublished":"2025-08-04T07:05:10+00:00","mainEntityOfPage":{"@id":"https:\/\/somos-hermanos.mx\/index.php\/2025\/08\/04\/voces-y-visiones-por-malinalco\/"},"wordCount":281,"commentCount":0,"publisher":{"@id":"https:\/\/somos-hermanos.mx\/#organization"},"image":{"@id":"https:\/\/somos-hermanos.mx\/index.php\/2025\/08\/04\/voces-y-visiones-por-malinalco\/#primaryimage"},"thumbnailUrl":"https:\/\/somos-hermanos.mx\/wp-content\/uploads\/2025\/08\/voces2.jpeg","articleSection":["Noticias"],"inLanguage":"es","potentialAction":[{"@type":"CommentAction","name":"Comment","target":["https:\/\/somos-hermanos.mx\/index.php\/2025\/08\/04\/voces-y-visiones-por-malinalco\/#respond"]}]},{"@type":"WebPage","@id":"https:\/\/somos-hermanos.mx\/index.php\/2025\/08\/04\/voces-y-visiones-por-malinalco\/","url":"https:\/\/somos-hermanos.mx\/index.php\/2025\/08\/04\/voces-y-visiones-por-malinalco\/","name":"Voces y Visiones por Malinalco - Historias que inspiran...","isPartOf":{"@id":"https:\/\/somos-hermanos.mx\/#website"},"primaryImageOfPage":{"@id":"https:\/\/somos-hermanos.mx\/index.php\/2025\/08\/04\/voces-y-visiones-por-malinalco\/#primaryimage"},"image":{"@id":"https:\/\/somos-hermanos.mx\/index.php\/2025\/08\/04\/voces-y-visiones-por-malinalco\/#primaryimage"},"thumbnailUrl":"https:\/\/somos-hermanos.mx\/wp-content\/uploads\/2025\/08\/voces2.jpeg","datePublished":"2025-08-04T07:05:10+00:00","breadcrumb":{"@id":"https:\/\/somos-hermanos.mx\/index.php\/2025\/08\/04\/voces-y-visiones-por-malinalco\/#breadcrumb"},"inLanguage":"es","potentialAction":[{"@type":"ReadAction","target":["https:\/\/somos-hermanos.mx\/index.php\/2025\/08\/04\/voces-y-visiones-por-malinalco\/"]}]},{"@type":"ImageObject","inLanguage":"es","@id":"https:\/\/somos-hermanos.mx\/index.php\/2025\/08\/04\/voces-y-visiones-por-malinalco\/#primaryimage","url":"https:\/\/somos-hermanos.mx\/wp-content\/uploads\/2025\/08\/voces2.jpeg","contentUrl":"https:\/\/somos-hermanos.mx\/wp-content\/uploads\/2025\/08\/voces2.jpeg","width":1080,"height":1350},{"@type":"BreadcrumbList","@id":"https:\/\/somos-hermanos.mx\/index.php\/2025\/08\/04\/voces-y-visiones-por-malinalco\/#breadcrumb","itemListElement":[{"@type":"ListItem","position":1,"name":"Inicio","item":"https:\/\/somos-hermanos.mx\/"},{"@type":"ListItem","position":2,"name":"Voces y Visiones por Malinalco"}]},{"@type":"WebSite","@id":"https:\/\/somos-hermanos.mx\/#website","url":"https:\/\/somos-hermanos.mx\/","name":"Historias que inspiran...","description":"Somos la voz del altruismo en M\u00e9xico","publisher":{"@id":"https:\/\/somos-hermanos.mx\/#organization"},"potentialAction":[{"@type":"SearchAction","target":{"@type":"EntryPoint","urlTemplate":"https:\/\/somos-hermanos.mx\/?s={search_term_string}"},"query-input":{"@type":"PropertyValueSpecification","valueRequired":true,"valueName":"search_term_string"}}],"inLanguage":"es"},{"@type":"Organization","@id":"https:\/\/somos-hermanos.mx\/#organization","name":"Somos Hermanos","url":"https:\/\/somos-hermanos.mx\/","logo":{"@type":"ImageObject","inLanguage":"es","@id":"https:\/\/somos-hermanos.mx\/#\/schema\/logo\/image\/","url":"https:\/\/somos-hermanos.mx\/wp-content\/uploads\/2025\/08\/SH30-1.jpeg","contentUrl":"https:\/\/somos-hermanos.mx\/wp-content\/uploads\/2025\/08\/SH30-1.jpeg","width":1600,"height":1142,"caption":"Somos Hermanos"},"image":{"@id":"https:\/\/somos-hermanos.mx\/#\/schema\/logo\/image\/"},"sameAs":["https:\/\/www.facebook.com\/SomosHermanosIAP\/","https:\/\/x.com\/Somos__Hermanos","https:\/\/www.instagram.com\/somos__hermanos\/#","https:\/\/www.tiktok.com\/@somoshermanosiap","https:\/\/www.youtube.com\/@somoshermanosiap1201\/videos"]},{"@type":"Person","@id":"https:\/\/somos-hermanos.mx\/#\/schema\/person\/178d9721d010404cc8e0146f75955e7d","name":"Tabatha Pati\u00f1o Massironi","image":{"@type":"ImageObject","inLanguage":"es","@id":"https:\/\/secure.gravatar.com\/avatar\/68bce6e78f4468fa0b12fce36d08cab74baeb59e9fe1c39db5624f9fb2e5af08?s=96&d=mm&r=g","url":"https:\/\/secure.gravatar.com\/avatar\/68bce6e78f4468fa0b12fce36d08cab74baeb59e9fe1c39db5624f9fb2e5af08?s=96&d=mm&r=g","contentUrl":"https:\/\/secure.gravatar.com\/avatar\/68bce6e78f4468fa0b12fce36d08cab74baeb59e9fe1c39db5624f9fb2e5af08?s=96&d=mm&r=g","caption":"Tabatha Pati\u00f1o Massironi"},"url":"https:\/\/somos-hermanos.mx\/index.php\/author\/tabatha-patino-massironi\/"}]}},"_links":{"self":[{"href":"https:\/\/somos-hermanos.mx\/index.php\/wp-json\/wp\/v2\/posts\/588","targetHints":{"allow":["GET"]}}],"collection":[{"href":"https:\/\/somos-hermanos.mx\/index.php\/wp-json\/wp\/v2\/posts"}],"about":[{"href":"https:\/\/somos-hermanos.mx\/index.php\/wp-json\/wp\/v2\/types\/post"}],"author":[{"embeddable":true,"href":"https:\/\/somos-hermanos.mx\/index.php\/wp-json\/wp\/v2\/users\/18"}],"replies":[{"embeddable":true,"href":"https:\/\/somos-hermanos.mx\/index.php\/wp-json\/wp\/v2\/comments?post=588"}],"version-history":[{"count":1,"href":"https:\/\/somos-hermanos.mx\/index.php\/wp-json\/wp\/v2\/posts\/588\/revisions"}],"predecessor-version":[{"id":590,"href":"https:\/\/somos-hermanos.mx\/index.php\/wp-json\/wp\/v2\/posts\/588\/revisions\/590"}],"wp:featuredmedia":[{"embeddable":true,"href":"https:\/\/somos-hermanos.mx\/index.php\/wp-json\/wp\/v2\/media\/589"}],"wp:attachment":[{"href":"https:\/\/somos-hermanos.mx\/index.php\/wp-json\/wp\/v2\/media?parent=588"}],"wp:term":[{"taxonomy":"category","embeddable":true,"href":"https:\/\/somos-hermanos.mx\/index.php\/wp-json\/wp\/v2\/categories?post=588"},{"taxonomy":"post_tag","embeddable":true,"href":"https:\/\/somos-hermanos.mx\/index.php\/wp-json\/wp\/v2\/tags?post=588"}],"curies":[{"name":"wp","href":"https:\/\/api.w.org\/{rel}","templated":true}]}}