{"id":585,"date":"2025-08-04T01:03:57","date_gmt":"2025-08-04T07:03:57","guid":{"rendered":"https:\/\/somos-hermanos.mx\/?p=585"},"modified":"2025-08-04T01:03:57","modified_gmt":"2025-08-04T07:03:57","slug":"fundacion-ajaraca-comprometida-con-la-preservacion-y-difusion-de-la-cultura-de-mexico","status":"publish","type":"post","link":"https:\/\/somos-hermanos.mx\/index.php\/2025\/08\/04\/fundacion-ajaraca-comprometida-con-la-preservacion-y-difusion-de-la-cultura-de-mexico\/","title":{"rendered":"Fundaci\u00f3n Ajaraca: comprometida con la preservaci\u00f3n y difusi\u00f3n de la cultura de M\u00e9xico"},"content":{"rendered":"<p>Su nombre expresa con claridad sus objetivos. <strong><em><i>Ajaraca<\/i><\/em><\/strong><strong>, palabra proveniente del \u00e1rabe Ash Shjarak\u00e1, significa lazo o red, y se refiere a un tipo de ornamentaci\u00f3n en la que varias l\u00edneas se enlazan para crear una obra de arte. <\/strong>En ese sentido \u2013 seg\u00fan lo dice su p\u00e1gina web oficial (<a href=\"https:\/\/fundacionajaraca.org\"><u>https:\/\/fundacionajaraca.org<\/u><\/a>) \u2013 Fundaci\u00f3n Ajaraca tiene como objetivo central generar \u201cesos enlaces con proyectos que beneficien a las identidades de M\u00e9xico al establecer v\u00ednculos entre sus culturas y el resto del mundo.\u201d<\/p>\n<p>En ese sentido, Fundaci\u00f3n Ajaraca <strong>es una asociaci\u00f3n civil que nace el a\u00f1o 2016 con la misi\u00f3n de estudiar, difundir y preservar la identidad cultural de M\u00e9xico<\/strong>\u00a0a trav\u00e9s de acciones sociales y culturales que promueven el aprecio y la comprensi\u00f3n de M\u00e9xico en su multiplicidad. Dichas acciones se llevan a cabo mediante programas espec\u00edficos que se encargan de alg\u00fan tema cultural o social en particular.<\/p>\n<p>Su programa m\u00e1s importante es llamado <em><i>Ruth D. Lechuga<\/i><\/em>, el cual se encarga de estudiar, promover, preservar y difundir el acervo de Ruth D. Lechuga (Viena, 1920- Ciudad de M\u00e9xico, 2004), una importante estudiosa, coleccionista, fot\u00f3grafa y promotora del arte popular mexicano, quien confi\u00f3 el resguardo de su legado fotogr\u00e1fico a la editorial Artes de M\u00e9xico. Posteriormente, en el a\u00f1o 2016, el acervo pas\u00f3 a manos de Fundaci\u00f3n Ajaraca con la misi\u00f3n de difundir, catalogar, preservar y digitalizar la colecci\u00f3n integrada por cerca de 62 mil piezas entre las que se cuentan negativos, hojas de contactos, transparencias e impresiones en papel.<\/p>\n<p>De hecho, la asociaci\u00f3n ha procurado distintos espacios para que la colecci\u00f3n sea apreciada por una mayor cantidad de personas, incluyendo a las comunidades que dieron origen al acervo, por lo que se han organizado exposiciones fotogr\u00e1ficas, cursos y coloquios.<\/p>\n<p>El fondo de Ruth D. Lechuga, considerado de enorme valor hist\u00f3rico, antropol\u00f3gico y art\u00edstico, incluye m\u00e1s de 28 mil fotograf\u00edas que retratan el arte popular mexicano, las fiestas tradicionales y la vida cotidiana de muchas comunidades de M\u00e9xico entre 1948 y 1991. Incluso, en 2021 el Acervo Fotogr\u00e1fico Ruth D. Lechuga fue incluido en el registro nacional Memoria del Mundo de la UNESCO, programa creado para reconocer la importancia del patrimonio documental, fomentar su preservaci\u00f3n, as\u00ed como propiciar su difusi\u00f3n y acceso.<\/p>\n<p>Para conocer m\u00e1s sobre el programa <em><i>Ruth D. Lechuga<\/i><\/em>, acceder al siguiente enlace: <a href=\"https:\/\/fundacionajaraca.org\/programa\/ruth-d-lechuga%20\"><u>https:\/\/fundacionajaraca.org\/programa\/ruth-d-lechuga<\/u><\/a><\/p>\n<p>Adem\u00e1s, en la p\u00e1gina web oficial de la Fundaci\u00f3n Ajaraca, se encuentra una muestra del acervo de Ruth D. Lechuga, la cual expone la diversidad de lugares y momentos que la fot\u00f3grafa registr\u00f3. La Galer\u00eda Ruth Lechuga se encuentra en el siguiente enlace: <a href=\"https:\/\/fundacionajaraca.org\/galeria-ruth-lechuga\"><u>https:\/\/fundacionajaraca.org\/galeria-ruth-lechuga<\/u><\/a><\/p>\n<p>Asimismo, la asociaci\u00f3n pone a la venta una selecci\u00f3n de fotograf\u00edas impresas de edici\u00f3n limitada. \u201cCon tu compra obtienes una obra de gran valor est\u00e9tico y llevas contigo una mirada al M\u00e9xico diverso y multicultural que se transforma constantemente y que Ruth D. Lechuga supo capturar con gran sensibilidad para riqueza de nuestra memoria cultural,\u201d aclara la instituci\u00f3n en su p\u00e1gina oficial. La venta de las fotograf\u00edas propicia que los programas de Fundaci\u00f3n Ajaraca contin\u00faen y mejoren sus servicios. Para acceder a la tienda, entrar al siguiente enlace: <a href=\"https:\/\/fundacionajaraca.org\/tienda\"><u>https:\/\/fundacionajaraca.org\/tienda<\/u><\/a><\/p>\n<p>El segundo programa es <em><i>Medicina Tradicional, <\/i><\/em>el cual tiene como objetivo \u201crevalorar en la conciencia mexicana y mundial la sabidur\u00eda y riqueza cultural de la medicina tradicional.\u201d Es decir que, mediante la generaci\u00f3n de estrategias, di\u00e1logos, alianzas y redes, Fundaci\u00f3n Ajaraca pretende desempe\u00f1ar un papel de enlace en los esfuerzos para impulsar \u201cla investigaci\u00f3n, preservaci\u00f3n, desarrollo y difusi\u00f3n de la Medicina en M\u00e9xico.\u201d<\/p>\n<p>De hecho, Fundaci\u00f3n Ajaraca se plante\u00f3 la necesidad de fomentar la investigaci\u00f3n y difusi\u00f3n de los saberes ind\u00edgenas de la medicina tradicional de M\u00e9xico cuando public\u00f3, en colaboraci\u00f3n con la UNAM y la editorial Artes de M\u00e9xico, el libro Do\u00f1a Rosita de Asencio, curandera pur\u00e9pecha. Si se desea conocer m\u00e1s acerca de este programa, entrar al siguiente enlace: <a href=\"https:\/\/fundacionajaraca.org\/programa\/medicina-tradicional%20\"><u>https:\/\/fundacionajaraca.org\/programa\/medicina-tradicional<\/u><\/a><\/p>\n<p>Con la idea de fortalecer sus programas, Fundaci\u00f3n Ajaraca mantiene s\u00f3lidas alianzas con otras instituciones. La primera alianza que estableci\u00f3 para <strong>impulsar nuevos proyectos fue con Artes de M\u00e9xico, la cual, desde 1988, \u201cha explorado las culturas mexicanas. <\/strong>As\u00ed, a trav\u00e9s de los a\u00f1os, ha publicado a m\u00e1s de 800 autores que abordan temas mexicanos, buscando reflexionar en torno a diferentes rostros de la cultura y a su difusi\u00f3n.\u201d<\/p>\n<p>Tambi\u00e9n, mantiene alianzas con Fundaci\u00f3n Patrimonio Ind\u00edgena, organizaci\u00f3n comprometida con las culturas de M\u00e9xico; con la Escuela Nacional de Cer\u00e1mica, cuyo v\u00ednculo surge a partir del mutuo inter\u00e9s por \u201ccolaborar en acciones relativas a la promoci\u00f3n, preservaci\u00f3n y difusi\u00f3n de la cultura, la investigaci\u00f3n aplicada y la innovaci\u00f3n en materia de arte popular\u201d; y con la asociaci\u00f3n ADABI de M\u00e9xico, la cual acompa\u00f1\u00f3 a Fundaci\u00f3n Ajaraca en el proceso de limpieza y estabilizaci\u00f3n del Acervo Ruth D. Lechuga.<\/p>\n<p>Finalmente, Fundaci\u00f3n Ajaraca <strong>invita a la gente a apoyarla de una de sus diversas maneras.<\/strong>\u00a0La primera forma es mediante la integraci\u00f3n de la gente a su red de colaboradores de la preservaci\u00f3n, desarrollo, investigaci\u00f3n y difusi\u00f3n de los legados, las identidades y la diversidad cultural de M\u00e9xico. Por otro lado, se invita a artistas, coleccionistas, investigadores, maestros y expertos de las artes, el patrimonio y las culturas mexicanas, para que se unan y trabajen juntos por la preservaci\u00f3n y difusi\u00f3n de la diversidad cultural de M\u00e9xico.<\/p>\n<p>Asimismo, hay un programa de voluntariado para universitarios y pasantes de las \u00e1reas de humanidades, ciencias sociales, dise\u00f1o, artes, administraci\u00f3n y derecho, y personas interesadas y comprometidas con las manifestaciones art\u00edsticas y culturales de M\u00e9xico.<\/p>\n<p><em>Para contactarse con la asociaci\u00f3n, comunicarse a los siguientes contactos: <\/em><\/p>\n<p><em>P\u00e1gina web: <\/em><a href=\"https:\/\/fundacionajaraca.org\/contacto\"><em><u>https:\/\/fundacionajaraca.org\/contacto<\/u><\/em><\/a><\/p>\n<p><em>Correo: <\/em><a href=\"contacto@fundacionajaraca.org\"><em><u>contacto@fundacionajaraca.org<\/u><\/em><\/a><\/p>\n<p><em>Y tambi\u00e9n recibe donaciones, las cuales se pueden realizar a trav\u00e9s del siguiente link: <\/em><a href=\"https:\/\/www.paypal.com\/donate?token=CoGwJyvx4m4zyzLE2HJK3gBCYHQonIDd3g_VdRz4suNyQR9Pnnvo0M_o6paXCWJiNlKzo6XyJiNiAmer\"><em><u>https:\/\/www.paypal.com\/donate?token=CoGwJyvx4m4zyzLE2HJK3gBCYHQonIDd3g_VdRz4suNyQR9Pnnvo0M_o6paXCWJiNlKzo6XyJiNiAmer<\/u><\/em><\/a><\/p>\n","protected":false},"excerpt":{"rendered":"<p>Su nombre expresa con claridad sus objetivos. Ajaraca, palabra proveniente del \u00e1rabe Ash Shjarak\u00e1, significa lazo o red, y se refiere a un tipo de ornamentaci\u00f3n en la que varias l\u00edneas se enlazan para crear una obra de arte. En ese sentido \u2013 seg\u00fan lo dice su p\u00e1gina web oficial (https:\/\/fundacionajaraca.org) \u2013 Fundaci\u00f3n Ajaraca tiene [&hellip;]<\/p>\n","protected":false},"author":10,"featured_media":586,"comment_status":"open","ping_status":"closed","sticky":false,"template":"","format":"standard","meta":{"footnotes":""},"categories":[6],"tags":[],"class_list":["post-585","post","type-post","status-publish","format-standard","has-post-thumbnail","hentry","category-noticias"],"yoast_head":"<!-- This site is optimized with the Yoast SEO plugin v27.5 - https:\/\/yoast.com\/product\/yoast-seo-wordpress\/ -->\n<title>Fundaci\u00f3n Ajaraca: comprometida con la preservaci\u00f3n y difusi\u00f3n de la cultura de M\u00e9xico - Historias que inspiran...<\/title>\n<meta name=\"robots\" content=\"index, follow, max-snippet:-1, max-image-preview:large, max-video-preview:-1\" \/>\n<link rel=\"canonical\" href=\"https:\/\/somos-hermanos.mx\/index.php\/2025\/08\/04\/fundacion-ajaraca-comprometida-con-la-preservacion-y-difusion-de-la-cultura-de-mexico\/\" \/>\n<meta property=\"og:locale\" content=\"es_MX\" \/>\n<meta property=\"og:type\" content=\"article\" \/>\n<meta property=\"og:title\" content=\"Fundaci\u00f3n Ajaraca: comprometida con la preservaci\u00f3n y difusi\u00f3n de la cultura de M\u00e9xico - Historias que inspiran...\" \/>\n<meta property=\"og:description\" content=\"Su nombre expresa con claridad sus objetivos. Ajaraca, palabra proveniente del \u00e1rabe Ash Shjarak\u00e1, significa lazo o red, y se refiere a un tipo de ornamentaci\u00f3n en la que varias l\u00edneas se enlazan para crear una obra de arte. En ese sentido \u2013 seg\u00fan lo dice su p\u00e1gina web oficial (https:\/\/fundacionajaraca.org) \u2013 Fundaci\u00f3n Ajaraca tiene [&hellip;]\" \/>\n<meta property=\"og:url\" content=\"https:\/\/somos-hermanos.mx\/index.php\/2025\/08\/04\/fundacion-ajaraca-comprometida-con-la-preservacion-y-difusion-de-la-cultura-de-mexico\/\" \/>\n<meta property=\"og:site_name\" content=\"Historias que inspiran...\" \/>\n<meta property=\"article:publisher\" content=\"https:\/\/www.facebook.com\/SomosHermanosIAP\/\" \/>\n<meta property=\"article:published_time\" content=\"2025-08-04T07:03:57+00:00\" \/>\n<meta property=\"og:image\" content=\"https:\/\/somos-hermanos.mx\/wp-content\/uploads\/2025\/08\/ajar1.jpeg\" \/>\n\t<meta property=\"og:image:width\" content=\"1000\" \/>\n\t<meta property=\"og:image:height\" content=\"1006\" \/>\n\t<meta property=\"og:image:type\" content=\"image\/jpeg\" \/>\n<meta name=\"author\" content=\"Carlos Hernandez Huerta\" \/>\n<meta name=\"twitter:card\" content=\"summary_large_image\" \/>\n<meta name=\"twitter:creator\" content=\"@Somos__Hermanos\" \/>\n<meta name=\"twitter:site\" content=\"@Somos__Hermanos\" \/>\n<meta name=\"twitter:label1\" content=\"Escrito por\" \/>\n\t<meta name=\"twitter:data1\" content=\"Carlos Hernandez Huerta\" \/>\n\t<meta name=\"twitter:label2\" content=\"Tiempo de lectura\" \/>\n\t<meta name=\"twitter:data2\" content=\"5 minutos\" \/>\n<script type=\"application\/ld+json\" class=\"yoast-schema-graph\">{\"@context\":\"https:\\\/\\\/schema.org\",\"@graph\":[{\"@type\":\"Article\",\"@id\":\"https:\\\/\\\/somos-hermanos.mx\\\/index.php\\\/2025\\\/08\\\/04\\\/fundacion-ajaraca-comprometida-con-la-preservacion-y-difusion-de-la-cultura-de-mexico\\\/#article\",\"isPartOf\":{\"@id\":\"https:\\\/\\\/somos-hermanos.mx\\\/index.php\\\/2025\\\/08\\\/04\\\/fundacion-ajaraca-comprometida-con-la-preservacion-y-difusion-de-la-cultura-de-mexico\\\/\"},\"author\":{\"name\":\"Carlos Hernandez Huerta\",\"@id\":\"https:\\\/\\\/somos-hermanos.mx\\\/#\\\/schema\\\/person\\\/2466d21e6ade208f45dbc821298d62b6\"},\"headline\":\"Fundaci\u00f3n Ajaraca: comprometida con la preservaci\u00f3n y difusi\u00f3n de la cultura de M\u00e9xico\",\"datePublished\":\"2025-08-04T07:03:57+00:00\",\"mainEntityOfPage\":{\"@id\":\"https:\\\/\\\/somos-hermanos.mx\\\/index.php\\\/2025\\\/08\\\/04\\\/fundacion-ajaraca-comprometida-con-la-preservacion-y-difusion-de-la-cultura-de-mexico\\\/\"},\"wordCount\":1097,\"commentCount\":0,\"publisher\":{\"@id\":\"https:\\\/\\\/somos-hermanos.mx\\\/#organization\"},\"image\":{\"@id\":\"https:\\\/\\\/somos-hermanos.mx\\\/index.php\\\/2025\\\/08\\\/04\\\/fundacion-ajaraca-comprometida-con-la-preservacion-y-difusion-de-la-cultura-de-mexico\\\/#primaryimage\"},\"thumbnailUrl\":\"https:\\\/\\\/somos-hermanos.mx\\\/wp-content\\\/uploads\\\/2025\\\/08\\\/ajar1.jpeg\",\"articleSection\":[\"Noticias\"],\"inLanguage\":\"es\",\"potentialAction\":[{\"@type\":\"CommentAction\",\"name\":\"Comment\",\"target\":[\"https:\\\/\\\/somos-hermanos.mx\\\/index.php\\\/2025\\\/08\\\/04\\\/fundacion-ajaraca-comprometida-con-la-preservacion-y-difusion-de-la-cultura-de-mexico\\\/#respond\"]}]},{\"@type\":\"WebPage\",\"@id\":\"https:\\\/\\\/somos-hermanos.mx\\\/index.php\\\/2025\\\/08\\\/04\\\/fundacion-ajaraca-comprometida-con-la-preservacion-y-difusion-de-la-cultura-de-mexico\\\/\",\"url\":\"https:\\\/\\\/somos-hermanos.mx\\\/index.php\\\/2025\\\/08\\\/04\\\/fundacion-ajaraca-comprometida-con-la-preservacion-y-difusion-de-la-cultura-de-mexico\\\/\",\"name\":\"Fundaci\u00f3n Ajaraca: comprometida con la preservaci\u00f3n y difusi\u00f3n de la cultura de M\u00e9xico - Historias que inspiran...\",\"isPartOf\":{\"@id\":\"https:\\\/\\\/somos-hermanos.mx\\\/#website\"},\"primaryImageOfPage\":{\"@id\":\"https:\\\/\\\/somos-hermanos.mx\\\/index.php\\\/2025\\\/08\\\/04\\\/fundacion-ajaraca-comprometida-con-la-preservacion-y-difusion-de-la-cultura-de-mexico\\\/#primaryimage\"},\"image\":{\"@id\":\"https:\\\/\\\/somos-hermanos.mx\\\/index.php\\\/2025\\\/08\\\/04\\\/fundacion-ajaraca-comprometida-con-la-preservacion-y-difusion-de-la-cultura-de-mexico\\\/#primaryimage\"},\"thumbnailUrl\":\"https:\\\/\\\/somos-hermanos.mx\\\/wp-content\\\/uploads\\\/2025\\\/08\\\/ajar1.jpeg\",\"datePublished\":\"2025-08-04T07:03:57+00:00\",\"breadcrumb\":{\"@id\":\"https:\\\/\\\/somos-hermanos.mx\\\/index.php\\\/2025\\\/08\\\/04\\\/fundacion-ajaraca-comprometida-con-la-preservacion-y-difusion-de-la-cultura-de-mexico\\\/#breadcrumb\"},\"inLanguage\":\"es\",\"potentialAction\":[{\"@type\":\"ReadAction\",\"target\":[\"https:\\\/\\\/somos-hermanos.mx\\\/index.php\\\/2025\\\/08\\\/04\\\/fundacion-ajaraca-comprometida-con-la-preservacion-y-difusion-de-la-cultura-de-mexico\\\/\"]}]},{\"@type\":\"ImageObject\",\"inLanguage\":\"es\",\"@id\":\"https:\\\/\\\/somos-hermanos.mx\\\/index.php\\\/2025\\\/08\\\/04\\\/fundacion-ajaraca-comprometida-con-la-preservacion-y-difusion-de-la-cultura-de-mexico\\\/#primaryimage\",\"url\":\"https:\\\/\\\/somos-hermanos.mx\\\/wp-content\\\/uploads\\\/2025\\\/08\\\/ajar1.jpeg\",\"contentUrl\":\"https:\\\/\\\/somos-hermanos.mx\\\/wp-content\\\/uploads\\\/2025\\\/08\\\/ajar1.jpeg\",\"width\":1000,\"height\":1006},{\"@type\":\"BreadcrumbList\",\"@id\":\"https:\\\/\\\/somos-hermanos.mx\\\/index.php\\\/2025\\\/08\\\/04\\\/fundacion-ajaraca-comprometida-con-la-preservacion-y-difusion-de-la-cultura-de-mexico\\\/#breadcrumb\",\"itemListElement\":[{\"@type\":\"ListItem\",\"position\":1,\"name\":\"Inicio\",\"item\":\"https:\\\/\\\/somos-hermanos.mx\\\/\"},{\"@type\":\"ListItem\",\"position\":2,\"name\":\"Fundaci\u00f3n Ajaraca: comprometida con la preservaci\u00f3n y difusi\u00f3n de la cultura de M\u00e9xico\"}]},{\"@type\":\"WebSite\",\"@id\":\"https:\\\/\\\/somos-hermanos.mx\\\/#website\",\"url\":\"https:\\\/\\\/somos-hermanos.mx\\\/\",\"name\":\"Historias que inspiran...\",\"description\":\"Somos la voz del altruismo en M\u00e9xico\",\"publisher\":{\"@id\":\"https:\\\/\\\/somos-hermanos.mx\\\/#organization\"},\"potentialAction\":[{\"@type\":\"SearchAction\",\"target\":{\"@type\":\"EntryPoint\",\"urlTemplate\":\"https:\\\/\\\/somos-hermanos.mx\\\/?s={search_term_string}\"},\"query-input\":{\"@type\":\"PropertyValueSpecification\",\"valueRequired\":true,\"valueName\":\"search_term_string\"}}],\"inLanguage\":\"es\"},{\"@type\":\"Organization\",\"@id\":\"https:\\\/\\\/somos-hermanos.mx\\\/#organization\",\"name\":\"Somos Hermanos\",\"url\":\"https:\\\/\\\/somos-hermanos.mx\\\/\",\"logo\":{\"@type\":\"ImageObject\",\"inLanguage\":\"es\",\"@id\":\"https:\\\/\\\/somos-hermanos.mx\\\/#\\\/schema\\\/logo\\\/image\\\/\",\"url\":\"https:\\\/\\\/somos-hermanos.mx\\\/wp-content\\\/uploads\\\/2025\\\/08\\\/SH30-1.jpeg\",\"contentUrl\":\"https:\\\/\\\/somos-hermanos.mx\\\/wp-content\\\/uploads\\\/2025\\\/08\\\/SH30-1.jpeg\",\"width\":1600,\"height\":1142,\"caption\":\"Somos Hermanos\"},\"image\":{\"@id\":\"https:\\\/\\\/somos-hermanos.mx\\\/#\\\/schema\\\/logo\\\/image\\\/\"},\"sameAs\":[\"https:\\\/\\\/www.facebook.com\\\/SomosHermanosIAP\\\/\",\"https:\\\/\\\/x.com\\\/Somos__Hermanos\",\"https:\\\/\\\/www.instagram.com\\\/somos__hermanos\\\/#\",\"https:\\\/\\\/www.tiktok.com\\\/@somoshermanosiap\",\"https:\\\/\\\/www.youtube.com\\\/@somoshermanosiap1201\\\/videos\"]},{\"@type\":\"Person\",\"@id\":\"https:\\\/\\\/somos-hermanos.mx\\\/#\\\/schema\\\/person\\\/2466d21e6ade208f45dbc821298d62b6\",\"name\":\"Carlos Hernandez Huerta\",\"image\":{\"@type\":\"ImageObject\",\"inLanguage\":\"es\",\"@id\":\"https:\\\/\\\/secure.gravatar.com\\\/avatar\\\/51f6e8e89626306c560ccd8823655e34da99a1f976b5f71bb93591c6b45fd128?s=96&d=mm&r=g\",\"url\":\"https:\\\/\\\/secure.gravatar.com\\\/avatar\\\/51f6e8e89626306c560ccd8823655e34da99a1f976b5f71bb93591c6b45fd128?s=96&d=mm&r=g\",\"contentUrl\":\"https:\\\/\\\/secure.gravatar.com\\\/avatar\\\/51f6e8e89626306c560ccd8823655e34da99a1f976b5f71bb93591c6b45fd128?s=96&d=mm&r=g\",\"caption\":\"Carlos Hernandez Huerta\"},\"url\":\"https:\\\/\\\/somos-hermanos.mx\\\/index.php\\\/author\\\/carlos-hernandez-huerta\\\/\"}]}<\/script>\n<!-- \/ Yoast SEO plugin. -->","yoast_head_json":{"title":"Fundaci\u00f3n Ajaraca: comprometida con la preservaci\u00f3n y difusi\u00f3n de la cultura de M\u00e9xico - Historias que inspiran...","robots":{"index":"index","follow":"follow","max-snippet":"max-snippet:-1","max-image-preview":"max-image-preview:large","max-video-preview":"max-video-preview:-1"},"canonical":"https:\/\/somos-hermanos.mx\/index.php\/2025\/08\/04\/fundacion-ajaraca-comprometida-con-la-preservacion-y-difusion-de-la-cultura-de-mexico\/","og_locale":"es_MX","og_type":"article","og_title":"Fundaci\u00f3n Ajaraca: comprometida con la preservaci\u00f3n y difusi\u00f3n de la cultura de M\u00e9xico - Historias que inspiran...","og_description":"Su nombre expresa con claridad sus objetivos. Ajaraca, palabra proveniente del \u00e1rabe Ash Shjarak\u00e1, significa lazo o red, y se refiere a un tipo de ornamentaci\u00f3n en la que varias l\u00edneas se enlazan para crear una obra de arte. En ese sentido \u2013 seg\u00fan lo dice su p\u00e1gina web oficial (https:\/\/fundacionajaraca.org) \u2013 Fundaci\u00f3n Ajaraca tiene [&hellip;]","og_url":"https:\/\/somos-hermanos.mx\/index.php\/2025\/08\/04\/fundacion-ajaraca-comprometida-con-la-preservacion-y-difusion-de-la-cultura-de-mexico\/","og_site_name":"Historias que inspiran...","article_publisher":"https:\/\/www.facebook.com\/SomosHermanosIAP\/","article_published_time":"2025-08-04T07:03:57+00:00","og_image":[{"width":1000,"height":1006,"url":"https:\/\/somos-hermanos.mx\/wp-content\/uploads\/2025\/08\/ajar1.jpeg","type":"image\/jpeg"}],"author":"Carlos Hernandez Huerta","twitter_card":"summary_large_image","twitter_creator":"@Somos__Hermanos","twitter_site":"@Somos__Hermanos","twitter_misc":{"Escrito por":"Carlos Hernandez Huerta","Tiempo de lectura":"5 minutos"},"schema":{"@context":"https:\/\/schema.org","@graph":[{"@type":"Article","@id":"https:\/\/somos-hermanos.mx\/index.php\/2025\/08\/04\/fundacion-ajaraca-comprometida-con-la-preservacion-y-difusion-de-la-cultura-de-mexico\/#article","isPartOf":{"@id":"https:\/\/somos-hermanos.mx\/index.php\/2025\/08\/04\/fundacion-ajaraca-comprometida-con-la-preservacion-y-difusion-de-la-cultura-de-mexico\/"},"author":{"name":"Carlos Hernandez Huerta","@id":"https:\/\/somos-hermanos.mx\/#\/schema\/person\/2466d21e6ade208f45dbc821298d62b6"},"headline":"Fundaci\u00f3n Ajaraca: comprometida con la preservaci\u00f3n y difusi\u00f3n de la cultura de M\u00e9xico","datePublished":"2025-08-04T07:03:57+00:00","mainEntityOfPage":{"@id":"https:\/\/somos-hermanos.mx\/index.php\/2025\/08\/04\/fundacion-ajaraca-comprometida-con-la-preservacion-y-difusion-de-la-cultura-de-mexico\/"},"wordCount":1097,"commentCount":0,"publisher":{"@id":"https:\/\/somos-hermanos.mx\/#organization"},"image":{"@id":"https:\/\/somos-hermanos.mx\/index.php\/2025\/08\/04\/fundacion-ajaraca-comprometida-con-la-preservacion-y-difusion-de-la-cultura-de-mexico\/#primaryimage"},"thumbnailUrl":"https:\/\/somos-hermanos.mx\/wp-content\/uploads\/2025\/08\/ajar1.jpeg","articleSection":["Noticias"],"inLanguage":"es","potentialAction":[{"@type":"CommentAction","name":"Comment","target":["https:\/\/somos-hermanos.mx\/index.php\/2025\/08\/04\/fundacion-ajaraca-comprometida-con-la-preservacion-y-difusion-de-la-cultura-de-mexico\/#respond"]}]},{"@type":"WebPage","@id":"https:\/\/somos-hermanos.mx\/index.php\/2025\/08\/04\/fundacion-ajaraca-comprometida-con-la-preservacion-y-difusion-de-la-cultura-de-mexico\/","url":"https:\/\/somos-hermanos.mx\/index.php\/2025\/08\/04\/fundacion-ajaraca-comprometida-con-la-preservacion-y-difusion-de-la-cultura-de-mexico\/","name":"Fundaci\u00f3n Ajaraca: comprometida con la preservaci\u00f3n y difusi\u00f3n de la cultura de M\u00e9xico - Historias que inspiran...","isPartOf":{"@id":"https:\/\/somos-hermanos.mx\/#website"},"primaryImageOfPage":{"@id":"https:\/\/somos-hermanos.mx\/index.php\/2025\/08\/04\/fundacion-ajaraca-comprometida-con-la-preservacion-y-difusion-de-la-cultura-de-mexico\/#primaryimage"},"image":{"@id":"https:\/\/somos-hermanos.mx\/index.php\/2025\/08\/04\/fundacion-ajaraca-comprometida-con-la-preservacion-y-difusion-de-la-cultura-de-mexico\/#primaryimage"},"thumbnailUrl":"https:\/\/somos-hermanos.mx\/wp-content\/uploads\/2025\/08\/ajar1.jpeg","datePublished":"2025-08-04T07:03:57+00:00","breadcrumb":{"@id":"https:\/\/somos-hermanos.mx\/index.php\/2025\/08\/04\/fundacion-ajaraca-comprometida-con-la-preservacion-y-difusion-de-la-cultura-de-mexico\/#breadcrumb"},"inLanguage":"es","potentialAction":[{"@type":"ReadAction","target":["https:\/\/somos-hermanos.mx\/index.php\/2025\/08\/04\/fundacion-ajaraca-comprometida-con-la-preservacion-y-difusion-de-la-cultura-de-mexico\/"]}]},{"@type":"ImageObject","inLanguage":"es","@id":"https:\/\/somos-hermanos.mx\/index.php\/2025\/08\/04\/fundacion-ajaraca-comprometida-con-la-preservacion-y-difusion-de-la-cultura-de-mexico\/#primaryimage","url":"https:\/\/somos-hermanos.mx\/wp-content\/uploads\/2025\/08\/ajar1.jpeg","contentUrl":"https:\/\/somos-hermanos.mx\/wp-content\/uploads\/2025\/08\/ajar1.jpeg","width":1000,"height":1006},{"@type":"BreadcrumbList","@id":"https:\/\/somos-hermanos.mx\/index.php\/2025\/08\/04\/fundacion-ajaraca-comprometida-con-la-preservacion-y-difusion-de-la-cultura-de-mexico\/#breadcrumb","itemListElement":[{"@type":"ListItem","position":1,"name":"Inicio","item":"https:\/\/somos-hermanos.mx\/"},{"@type":"ListItem","position":2,"name":"Fundaci\u00f3n Ajaraca: comprometida con la preservaci\u00f3n y difusi\u00f3n de la cultura de M\u00e9xico"}]},{"@type":"WebSite","@id":"https:\/\/somos-hermanos.mx\/#website","url":"https:\/\/somos-hermanos.mx\/","name":"Historias que inspiran...","description":"Somos la voz del altruismo en M\u00e9xico","publisher":{"@id":"https:\/\/somos-hermanos.mx\/#organization"},"potentialAction":[{"@type":"SearchAction","target":{"@type":"EntryPoint","urlTemplate":"https:\/\/somos-hermanos.mx\/?s={search_term_string}"},"query-input":{"@type":"PropertyValueSpecification","valueRequired":true,"valueName":"search_term_string"}}],"inLanguage":"es"},{"@type":"Organization","@id":"https:\/\/somos-hermanos.mx\/#organization","name":"Somos Hermanos","url":"https:\/\/somos-hermanos.mx\/","logo":{"@type":"ImageObject","inLanguage":"es","@id":"https:\/\/somos-hermanos.mx\/#\/schema\/logo\/image\/","url":"https:\/\/somos-hermanos.mx\/wp-content\/uploads\/2025\/08\/SH30-1.jpeg","contentUrl":"https:\/\/somos-hermanos.mx\/wp-content\/uploads\/2025\/08\/SH30-1.jpeg","width":1600,"height":1142,"caption":"Somos Hermanos"},"image":{"@id":"https:\/\/somos-hermanos.mx\/#\/schema\/logo\/image\/"},"sameAs":["https:\/\/www.facebook.com\/SomosHermanosIAP\/","https:\/\/x.com\/Somos__Hermanos","https:\/\/www.instagram.com\/somos__hermanos\/#","https:\/\/www.tiktok.com\/@somoshermanosiap","https:\/\/www.youtube.com\/@somoshermanosiap1201\/videos"]},{"@type":"Person","@id":"https:\/\/somos-hermanos.mx\/#\/schema\/person\/2466d21e6ade208f45dbc821298d62b6","name":"Carlos Hernandez Huerta","image":{"@type":"ImageObject","inLanguage":"es","@id":"https:\/\/secure.gravatar.com\/avatar\/51f6e8e89626306c560ccd8823655e34da99a1f976b5f71bb93591c6b45fd128?s=96&d=mm&r=g","url":"https:\/\/secure.gravatar.com\/avatar\/51f6e8e89626306c560ccd8823655e34da99a1f976b5f71bb93591c6b45fd128?s=96&d=mm&r=g","contentUrl":"https:\/\/secure.gravatar.com\/avatar\/51f6e8e89626306c560ccd8823655e34da99a1f976b5f71bb93591c6b45fd128?s=96&d=mm&r=g","caption":"Carlos Hernandez Huerta"},"url":"https:\/\/somos-hermanos.mx\/index.php\/author\/carlos-hernandez-huerta\/"}]}},"_links":{"self":[{"href":"https:\/\/somos-hermanos.mx\/index.php\/wp-json\/wp\/v2\/posts\/585","targetHints":{"allow":["GET"]}}],"collection":[{"href":"https:\/\/somos-hermanos.mx\/index.php\/wp-json\/wp\/v2\/posts"}],"about":[{"href":"https:\/\/somos-hermanos.mx\/index.php\/wp-json\/wp\/v2\/types\/post"}],"author":[{"embeddable":true,"href":"https:\/\/somos-hermanos.mx\/index.php\/wp-json\/wp\/v2\/users\/10"}],"replies":[{"embeddable":true,"href":"https:\/\/somos-hermanos.mx\/index.php\/wp-json\/wp\/v2\/comments?post=585"}],"version-history":[{"count":1,"href":"https:\/\/somos-hermanos.mx\/index.php\/wp-json\/wp\/v2\/posts\/585\/revisions"}],"predecessor-version":[{"id":587,"href":"https:\/\/somos-hermanos.mx\/index.php\/wp-json\/wp\/v2\/posts\/585\/revisions\/587"}],"wp:featuredmedia":[{"embeddable":true,"href":"https:\/\/somos-hermanos.mx\/index.php\/wp-json\/wp\/v2\/media\/586"}],"wp:attachment":[{"href":"https:\/\/somos-hermanos.mx\/index.php\/wp-json\/wp\/v2\/media?parent=585"}],"wp:term":[{"taxonomy":"category","embeddable":true,"href":"https:\/\/somos-hermanos.mx\/index.php\/wp-json\/wp\/v2\/categories?post=585"},{"taxonomy":"post_tag","embeddable":true,"href":"https:\/\/somos-hermanos.mx\/index.php\/wp-json\/wp\/v2\/tags?post=585"}],"curies":[{"name":"wp","href":"https:\/\/api.w.org\/{rel}","templated":true}]}}