{"id":579,"date":"2025-08-04T01:01:42","date_gmt":"2025-08-04T07:01:42","guid":{"rendered":"https:\/\/somos-hermanos.mx\/?p=579"},"modified":"2025-08-04T01:01:42","modified_gmt":"2025-08-04T07:01:42","slug":"jesus-de-urquiaga-transforma-la-vida-de-ninos-y-jovenes-en-situacione-vulnerable","status":"publish","type":"post","link":"https:\/\/somos-hermanos.mx\/index.php\/2025\/08\/04\/jesus-de-urquiaga-transforma-la-vida-de-ninos-y-jovenes-en-situacione-vulnerable\/","title":{"rendered":"Jes\u00fas De Urquiaga: Transforma la vida de ni\u00f1os y j\u00f3venes en situacione vulnerable"},"content":{"rendered":"<p>Con una trayectoria que supera los <strong>145 a\u00f1os<\/strong>, el Colegio Jes\u00fas de Urquiaga IAP <strong>se ha posicionado como un referente en la educaci\u00f3n b\u00e1sica, <\/strong>comprometido desde sus inicios en ofrecer una formaci\u00f3n impregnada de valores humanos.<\/p>\n<p>Esta instituci\u00f3n naci\u00f3 con la misi\u00f3n de <strong>transformar la vida de ni\u00f1os y j\u00f3venes en situaciones vulnerables, <\/strong>y a lo largo de su historia se ha dedicado a brindar oportunidades y esperanza a quienes m\u00e1s lo necesitan, integrando una amplia gama de niveles educativos y programas de apoyo que refuerzan el desarrollo integral de sus alumnos.<\/p>\n<p>El colegio no solo se distingue por su s\u00f3lida propuesta educativa, sino tambi\u00e9n por sus <strong>amplias instalaciones<\/strong>\u00a0que fomentan un entorno saludable y estimulante. Sus patios y jardines invitan al contacto directo con la naturaleza, lo cual favorece tanto el aprendizaje como el esparcimiento.<\/p>\n<p>Adem\u00e1s, la instituci\u00f3n cuenta con modernos laboratorios de c\u00f3mputo, espacios especialmente dise\u00f1ados para acercar a los estudiantes a las nuevas tecnolog\u00edas y potenciar sus competencias digitales.<\/p>\n<p>La ludoteca, por su parte, est\u00e1 concebida para promover actividades l\u00fadicas y sensoriales que facilitan el desarrollo emocional y social, permitiendo a los ni\u00f1os explorar y aprender a trav\u00e9s del juego.<\/p>\n<p>La oferta educativa del Colegio Jes\u00fas de Urquiaga IAP abarca desde el nivel preescolar hasta el medio superior, garantizando un crecimiento acad\u00e9mico y personal en cada etapa. En preescolar, <strong>el enfoque se centra en el desarrollo de conocimientos b\u00e1sicos, h\u00e1bitos saludables, pensamiento l\u00f3gico, competencias deportivas y la introducci\u00f3n a un segundo idioma, <\/strong>lo que fortalece la integraci\u00f3n, la seguridad y la independencia de los m\u00e1s peque\u00f1os.<\/p>\n<p>Durante la primaria, <strong>se potencia la formaci\u00f3n integral a trav\u00e9s de actividades que enriquecen las competencias intelectuales,<\/strong>\u00a0el uso de herramientas tecnol\u00f3gicas y la apreciaci\u00f3n art\u00edstica. Adem\u00e1s, se refuerzan valores fundamentales como la inclusi\u00f3n y el trabajo en equipo.<\/p>\n<p>En la preparatoria, <strong>la pedagog\u00eda se apoya en proyectos colaborativos, exposiciones y experiencias pr\u00e1cticas que no solo desarrollan las facultades intelectuales, <\/strong>sino que tambi\u00e9n fomentan la creatividad y la sensibilidad cultural, preparando a los estudiantes para enfrentar con \u00e9xito los retos del futuro.<\/p>\n<p>Como parte de la Junta de Asistencia Privada de la Ciudad de M\u00e9xico (JAP), el colegio opera bajo un esquema de transparencia y rigor, supervisado por un patronato comprometido con sus objetivos. Todos los recursos recaudados se reinvierten directamente en la instituci\u00f3n, destin\u00e1ndose al pago de personal, mantenimiento, mejoras continuas, capacitaciones y actualizaci\u00f3n de equipos.<\/p>\n<p>Asimismo, los distintos esquemas de apoyo \u2014que incluyen becas, alianzas estrat\u00e9gicas, donativos recurrentes y en especie, y programas de voluntariado\u2014 reflejan el firme compromiso social del colegio a lo largo de los a\u00f1os.<\/p>\n<p>El Colegio Jes\u00fas de Urquiaga IAP es, en definitiva, una instituci\u00f3n que ha sabido combinar la tradici\u00f3n con la innovaci\u00f3n para ofrecer una educaci\u00f3n de calidad basada en valores humanos. Su compromiso se manifiesta en cada programa, en el esmero de sus instalaciones y en la manera en que cada uno de sus proyectos contribuye al desarrollo integral de sus alumnos.<\/p>\n<p>Si deseas conocer m\u00e1s sobre esta instituci\u00f3n, te invitamos a acercarte a sus instalaciones en <strong>Frontera 40, Tizapan San \u00c1ngel, \u00c1lvaro Obreg\u00f3n, C.P. 0100, Ciudad de M\u00e9xico<\/strong>\u00a0o a comunicarte al <strong>5556161485<\/strong>. El colegio recibe visitas de lunes a viernes, en el horario de <strong>09:00 a.m. a 03:00 p.m.<\/strong>, siendo sus s\u00e1bados y domingos d\u00edas de cierre. Esta es una excelente oportunidad para descubrir de cerca el trabajo y la dedicaci\u00f3n que hacen del Colegio Jes\u00fas de Urquiaga I.A.P. un verdadero motor de cambio y un semillero de oportunidades para las nuevas generaciones. \u00a1Ven, conoce y forma parte de esta inspiradora historia de compromiso y transformaci\u00f3n!<\/p>\n","protected":false},"excerpt":{"rendered":"<p>Con una trayectoria que supera los 145 a\u00f1os, el Colegio Jes\u00fas de Urquiaga IAP se ha posicionado como un referente en la educaci\u00f3n b\u00e1sica, comprometido desde sus inicios en ofrecer una formaci\u00f3n impregnada de valores humanos. Esta instituci\u00f3n naci\u00f3 con la misi\u00f3n de transformar la vida de ni\u00f1os y j\u00f3venes en situaciones vulnerables, y a [&hellip;]<\/p>\n","protected":false},"author":6,"featured_media":580,"comment_status":"open","ping_status":"closed","sticky":false,"template":"","format":"standard","meta":{"footnotes":""},"categories":[6],"tags":[],"class_list":["post-579","post","type-post","status-publish","format-standard","has-post-thumbnail","hentry","category-noticias"],"yoast_head":"<!-- This site is optimized with the Yoast SEO plugin v27.5 - https:\/\/yoast.com\/product\/yoast-seo-wordpress\/ -->\n<title>Jes\u00fas De Urquiaga: Transforma la vida de ni\u00f1os y j\u00f3venes en situacione vulnerable - Historias que inspiran...<\/title>\n<meta name=\"robots\" content=\"index, follow, max-snippet:-1, max-image-preview:large, max-video-preview:-1\" \/>\n<link rel=\"canonical\" href=\"https:\/\/somos-hermanos.mx\/index.php\/2025\/08\/04\/jesus-de-urquiaga-transforma-la-vida-de-ninos-y-jovenes-en-situacione-vulnerable\/\" \/>\n<meta property=\"og:locale\" content=\"es_MX\" \/>\n<meta property=\"og:type\" content=\"article\" \/>\n<meta property=\"og:title\" content=\"Jes\u00fas De Urquiaga: Transforma la vida de ni\u00f1os y j\u00f3venes en situacione vulnerable - Historias que inspiran...\" \/>\n<meta property=\"og:description\" content=\"Con una trayectoria que supera los 145 a\u00f1os, el Colegio Jes\u00fas de Urquiaga IAP se ha posicionado como un referente en la educaci\u00f3n b\u00e1sica, comprometido desde sus inicios en ofrecer una formaci\u00f3n impregnada de valores humanos. Esta instituci\u00f3n naci\u00f3 con la misi\u00f3n de transformar la vida de ni\u00f1os y j\u00f3venes en situaciones vulnerables, y a [&hellip;]\" \/>\n<meta property=\"og:url\" content=\"https:\/\/somos-hermanos.mx\/index.php\/2025\/08\/04\/jesus-de-urquiaga-transforma-la-vida-de-ninos-y-jovenes-en-situacione-vulnerable\/\" \/>\n<meta property=\"og:site_name\" content=\"Historias que inspiran...\" \/>\n<meta property=\"article:publisher\" content=\"https:\/\/www.facebook.com\/SomosHermanosIAP\/\" \/>\n<meta property=\"article:published_time\" content=\"2025-08-04T07:01:42+00:00\" \/>\n<meta property=\"og:image\" content=\"https:\/\/somos-hermanos.mx\/wp-content\/uploads\/2025\/08\/urqui2.jpeg\" \/>\n\t<meta property=\"og:image:width\" content=\"940\" \/>\n\t<meta property=\"og:image:height\" content=\"788\" \/>\n\t<meta property=\"og:image:type\" content=\"image\/jpeg\" \/>\n<meta name=\"author\" content=\"Jessica Iniestra Montoya\" \/>\n<meta name=\"twitter:card\" content=\"summary_large_image\" \/>\n<meta name=\"twitter:creator\" content=\"@Somos__Hermanos\" \/>\n<meta name=\"twitter:site\" content=\"@Somos__Hermanos\" \/>\n<meta name=\"twitter:label1\" content=\"Escrito por\" \/>\n\t<meta name=\"twitter:data1\" content=\"Jessica Iniestra Montoya\" \/>\n\t<meta name=\"twitter:label2\" content=\"Tiempo de lectura\" \/>\n\t<meta name=\"twitter:data2\" content=\"3 minutos\" \/>\n<script type=\"application\/ld+json\" class=\"yoast-schema-graph\">{\"@context\":\"https:\\\/\\\/schema.org\",\"@graph\":[{\"@type\":\"Article\",\"@id\":\"https:\\\/\\\/somos-hermanos.mx\\\/index.php\\\/2025\\\/08\\\/04\\\/jesus-de-urquiaga-transforma-la-vida-de-ninos-y-jovenes-en-situacione-vulnerable\\\/#article\",\"isPartOf\":{\"@id\":\"https:\\\/\\\/somos-hermanos.mx\\\/index.php\\\/2025\\\/08\\\/04\\\/jesus-de-urquiaga-transforma-la-vida-de-ninos-y-jovenes-en-situacione-vulnerable\\\/\"},\"author\":{\"name\":\"Jessica Iniestra Montoya\",\"@id\":\"https:\\\/\\\/somos-hermanos.mx\\\/#\\\/schema\\\/person\\\/556c08a8ffe5461f078f6d4ee7c7edc6\"},\"headline\":\"Jes\u00fas De Urquiaga: Transforma la vida de ni\u00f1os y j\u00f3venes en situacione vulnerable\",\"datePublished\":\"2025-08-04T07:01:42+00:00\",\"mainEntityOfPage\":{\"@id\":\"https:\\\/\\\/somos-hermanos.mx\\\/index.php\\\/2025\\\/08\\\/04\\\/jesus-de-urquiaga-transforma-la-vida-de-ninos-y-jovenes-en-situacione-vulnerable\\\/\"},\"wordCount\":670,\"commentCount\":0,\"publisher\":{\"@id\":\"https:\\\/\\\/somos-hermanos.mx\\\/#organization\"},\"image\":{\"@id\":\"https:\\\/\\\/somos-hermanos.mx\\\/index.php\\\/2025\\\/08\\\/04\\\/jesus-de-urquiaga-transforma-la-vida-de-ninos-y-jovenes-en-situacione-vulnerable\\\/#primaryimage\"},\"thumbnailUrl\":\"https:\\\/\\\/somos-hermanos.mx\\\/wp-content\\\/uploads\\\/2025\\\/08\\\/urqui2.jpeg\",\"articleSection\":[\"Noticias\"],\"inLanguage\":\"es\",\"potentialAction\":[{\"@type\":\"CommentAction\",\"name\":\"Comment\",\"target\":[\"https:\\\/\\\/somos-hermanos.mx\\\/index.php\\\/2025\\\/08\\\/04\\\/jesus-de-urquiaga-transforma-la-vida-de-ninos-y-jovenes-en-situacione-vulnerable\\\/#respond\"]}]},{\"@type\":\"WebPage\",\"@id\":\"https:\\\/\\\/somos-hermanos.mx\\\/index.php\\\/2025\\\/08\\\/04\\\/jesus-de-urquiaga-transforma-la-vida-de-ninos-y-jovenes-en-situacione-vulnerable\\\/\",\"url\":\"https:\\\/\\\/somos-hermanos.mx\\\/index.php\\\/2025\\\/08\\\/04\\\/jesus-de-urquiaga-transforma-la-vida-de-ninos-y-jovenes-en-situacione-vulnerable\\\/\",\"name\":\"Jes\u00fas De Urquiaga: Transforma la vida de ni\u00f1os y j\u00f3venes en situacione vulnerable - Historias que inspiran...\",\"isPartOf\":{\"@id\":\"https:\\\/\\\/somos-hermanos.mx\\\/#website\"},\"primaryImageOfPage\":{\"@id\":\"https:\\\/\\\/somos-hermanos.mx\\\/index.php\\\/2025\\\/08\\\/04\\\/jesus-de-urquiaga-transforma-la-vida-de-ninos-y-jovenes-en-situacione-vulnerable\\\/#primaryimage\"},\"image\":{\"@id\":\"https:\\\/\\\/somos-hermanos.mx\\\/index.php\\\/2025\\\/08\\\/04\\\/jesus-de-urquiaga-transforma-la-vida-de-ninos-y-jovenes-en-situacione-vulnerable\\\/#primaryimage\"},\"thumbnailUrl\":\"https:\\\/\\\/somos-hermanos.mx\\\/wp-content\\\/uploads\\\/2025\\\/08\\\/urqui2.jpeg\",\"datePublished\":\"2025-08-04T07:01:42+00:00\",\"breadcrumb\":{\"@id\":\"https:\\\/\\\/somos-hermanos.mx\\\/index.php\\\/2025\\\/08\\\/04\\\/jesus-de-urquiaga-transforma-la-vida-de-ninos-y-jovenes-en-situacione-vulnerable\\\/#breadcrumb\"},\"inLanguage\":\"es\",\"potentialAction\":[{\"@type\":\"ReadAction\",\"target\":[\"https:\\\/\\\/somos-hermanos.mx\\\/index.php\\\/2025\\\/08\\\/04\\\/jesus-de-urquiaga-transforma-la-vida-de-ninos-y-jovenes-en-situacione-vulnerable\\\/\"]}]},{\"@type\":\"ImageObject\",\"inLanguage\":\"es\",\"@id\":\"https:\\\/\\\/somos-hermanos.mx\\\/index.php\\\/2025\\\/08\\\/04\\\/jesus-de-urquiaga-transforma-la-vida-de-ninos-y-jovenes-en-situacione-vulnerable\\\/#primaryimage\",\"url\":\"https:\\\/\\\/somos-hermanos.mx\\\/wp-content\\\/uploads\\\/2025\\\/08\\\/urqui2.jpeg\",\"contentUrl\":\"https:\\\/\\\/somos-hermanos.mx\\\/wp-content\\\/uploads\\\/2025\\\/08\\\/urqui2.jpeg\",\"width\":940,\"height\":788},{\"@type\":\"BreadcrumbList\",\"@id\":\"https:\\\/\\\/somos-hermanos.mx\\\/index.php\\\/2025\\\/08\\\/04\\\/jesus-de-urquiaga-transforma-la-vida-de-ninos-y-jovenes-en-situacione-vulnerable\\\/#breadcrumb\",\"itemListElement\":[{\"@type\":\"ListItem\",\"position\":1,\"name\":\"Inicio\",\"item\":\"https:\\\/\\\/somos-hermanos.mx\\\/\"},{\"@type\":\"ListItem\",\"position\":2,\"name\":\"Jes\u00fas De Urquiaga: Transforma la vida de ni\u00f1os y j\u00f3venes en situacione vulnerable\"}]},{\"@type\":\"WebSite\",\"@id\":\"https:\\\/\\\/somos-hermanos.mx\\\/#website\",\"url\":\"https:\\\/\\\/somos-hermanos.mx\\\/\",\"name\":\"Historias que inspiran...\",\"description\":\"Somos la voz del altruismo en M\u00e9xico\",\"publisher\":{\"@id\":\"https:\\\/\\\/somos-hermanos.mx\\\/#organization\"},\"potentialAction\":[{\"@type\":\"SearchAction\",\"target\":{\"@type\":\"EntryPoint\",\"urlTemplate\":\"https:\\\/\\\/somos-hermanos.mx\\\/?s={search_term_string}\"},\"query-input\":{\"@type\":\"PropertyValueSpecification\",\"valueRequired\":true,\"valueName\":\"search_term_string\"}}],\"inLanguage\":\"es\"},{\"@type\":\"Organization\",\"@id\":\"https:\\\/\\\/somos-hermanos.mx\\\/#organization\",\"name\":\"Somos Hermanos\",\"url\":\"https:\\\/\\\/somos-hermanos.mx\\\/\",\"logo\":{\"@type\":\"ImageObject\",\"inLanguage\":\"es\",\"@id\":\"https:\\\/\\\/somos-hermanos.mx\\\/#\\\/schema\\\/logo\\\/image\\\/\",\"url\":\"https:\\\/\\\/somos-hermanos.mx\\\/wp-content\\\/uploads\\\/2025\\\/08\\\/SH30-1.jpeg\",\"contentUrl\":\"https:\\\/\\\/somos-hermanos.mx\\\/wp-content\\\/uploads\\\/2025\\\/08\\\/SH30-1.jpeg\",\"width\":1600,\"height\":1142,\"caption\":\"Somos Hermanos\"},\"image\":{\"@id\":\"https:\\\/\\\/somos-hermanos.mx\\\/#\\\/schema\\\/logo\\\/image\\\/\"},\"sameAs\":[\"https:\\\/\\\/www.facebook.com\\\/SomosHermanosIAP\\\/\",\"https:\\\/\\\/x.com\\\/Somos__Hermanos\",\"https:\\\/\\\/www.instagram.com\\\/somos__hermanos\\\/#\",\"https:\\\/\\\/www.tiktok.com\\\/@somoshermanosiap\",\"https:\\\/\\\/www.youtube.com\\\/@somoshermanosiap1201\\\/videos\"]},{\"@type\":\"Person\",\"@id\":\"https:\\\/\\\/somos-hermanos.mx\\\/#\\\/schema\\\/person\\\/556c08a8ffe5461f078f6d4ee7c7edc6\",\"name\":\"Jessica Iniestra Montoya\",\"image\":{\"@type\":\"ImageObject\",\"inLanguage\":\"es\",\"@id\":\"https:\\\/\\\/secure.gravatar.com\\\/avatar\\\/106ac0d17a09f7597c4b7d5101b852538c07d5e73e903cb99fc44476e15e52aa?s=96&d=mm&r=g\",\"url\":\"https:\\\/\\\/secure.gravatar.com\\\/avatar\\\/106ac0d17a09f7597c4b7d5101b852538c07d5e73e903cb99fc44476e15e52aa?s=96&d=mm&r=g\",\"contentUrl\":\"https:\\\/\\\/secure.gravatar.com\\\/avatar\\\/106ac0d17a09f7597c4b7d5101b852538c07d5e73e903cb99fc44476e15e52aa?s=96&d=mm&r=g\",\"caption\":\"Jessica Iniestra Montoya\"},\"url\":\"https:\\\/\\\/somos-hermanos.mx\\\/index.php\\\/author\\\/jessica-iniestra-montoya\\\/\"}]}<\/script>\n<!-- \/ Yoast SEO plugin. -->","yoast_head_json":{"title":"Jes\u00fas De Urquiaga: Transforma la vida de ni\u00f1os y j\u00f3venes en situacione vulnerable - Historias que inspiran...","robots":{"index":"index","follow":"follow","max-snippet":"max-snippet:-1","max-image-preview":"max-image-preview:large","max-video-preview":"max-video-preview:-1"},"canonical":"https:\/\/somos-hermanos.mx\/index.php\/2025\/08\/04\/jesus-de-urquiaga-transforma-la-vida-de-ninos-y-jovenes-en-situacione-vulnerable\/","og_locale":"es_MX","og_type":"article","og_title":"Jes\u00fas De Urquiaga: Transforma la vida de ni\u00f1os y j\u00f3venes en situacione vulnerable - Historias que inspiran...","og_description":"Con una trayectoria que supera los 145 a\u00f1os, el Colegio Jes\u00fas de Urquiaga IAP se ha posicionado como un referente en la educaci\u00f3n b\u00e1sica, comprometido desde sus inicios en ofrecer una formaci\u00f3n impregnada de valores humanos. Esta instituci\u00f3n naci\u00f3 con la misi\u00f3n de transformar la vida de ni\u00f1os y j\u00f3venes en situaciones vulnerables, y a [&hellip;]","og_url":"https:\/\/somos-hermanos.mx\/index.php\/2025\/08\/04\/jesus-de-urquiaga-transforma-la-vida-de-ninos-y-jovenes-en-situacione-vulnerable\/","og_site_name":"Historias que inspiran...","article_publisher":"https:\/\/www.facebook.com\/SomosHermanosIAP\/","article_published_time":"2025-08-04T07:01:42+00:00","og_image":[{"width":940,"height":788,"url":"https:\/\/somos-hermanos.mx\/wp-content\/uploads\/2025\/08\/urqui2.jpeg","type":"image\/jpeg"}],"author":"Jessica Iniestra Montoya","twitter_card":"summary_large_image","twitter_creator":"@Somos__Hermanos","twitter_site":"@Somos__Hermanos","twitter_misc":{"Escrito por":"Jessica Iniestra Montoya","Tiempo de lectura":"3 minutos"},"schema":{"@context":"https:\/\/schema.org","@graph":[{"@type":"Article","@id":"https:\/\/somos-hermanos.mx\/index.php\/2025\/08\/04\/jesus-de-urquiaga-transforma-la-vida-de-ninos-y-jovenes-en-situacione-vulnerable\/#article","isPartOf":{"@id":"https:\/\/somos-hermanos.mx\/index.php\/2025\/08\/04\/jesus-de-urquiaga-transforma-la-vida-de-ninos-y-jovenes-en-situacione-vulnerable\/"},"author":{"name":"Jessica Iniestra Montoya","@id":"https:\/\/somos-hermanos.mx\/#\/schema\/person\/556c08a8ffe5461f078f6d4ee7c7edc6"},"headline":"Jes\u00fas De Urquiaga: Transforma la vida de ni\u00f1os y j\u00f3venes en situacione vulnerable","datePublished":"2025-08-04T07:01:42+00:00","mainEntityOfPage":{"@id":"https:\/\/somos-hermanos.mx\/index.php\/2025\/08\/04\/jesus-de-urquiaga-transforma-la-vida-de-ninos-y-jovenes-en-situacione-vulnerable\/"},"wordCount":670,"commentCount":0,"publisher":{"@id":"https:\/\/somos-hermanos.mx\/#organization"},"image":{"@id":"https:\/\/somos-hermanos.mx\/index.php\/2025\/08\/04\/jesus-de-urquiaga-transforma-la-vida-de-ninos-y-jovenes-en-situacione-vulnerable\/#primaryimage"},"thumbnailUrl":"https:\/\/somos-hermanos.mx\/wp-content\/uploads\/2025\/08\/urqui2.jpeg","articleSection":["Noticias"],"inLanguage":"es","potentialAction":[{"@type":"CommentAction","name":"Comment","target":["https:\/\/somos-hermanos.mx\/index.php\/2025\/08\/04\/jesus-de-urquiaga-transforma-la-vida-de-ninos-y-jovenes-en-situacione-vulnerable\/#respond"]}]},{"@type":"WebPage","@id":"https:\/\/somos-hermanos.mx\/index.php\/2025\/08\/04\/jesus-de-urquiaga-transforma-la-vida-de-ninos-y-jovenes-en-situacione-vulnerable\/","url":"https:\/\/somos-hermanos.mx\/index.php\/2025\/08\/04\/jesus-de-urquiaga-transforma-la-vida-de-ninos-y-jovenes-en-situacione-vulnerable\/","name":"Jes\u00fas De Urquiaga: Transforma la vida de ni\u00f1os y j\u00f3venes en situacione vulnerable - Historias que inspiran...","isPartOf":{"@id":"https:\/\/somos-hermanos.mx\/#website"},"primaryImageOfPage":{"@id":"https:\/\/somos-hermanos.mx\/index.php\/2025\/08\/04\/jesus-de-urquiaga-transforma-la-vida-de-ninos-y-jovenes-en-situacione-vulnerable\/#primaryimage"},"image":{"@id":"https:\/\/somos-hermanos.mx\/index.php\/2025\/08\/04\/jesus-de-urquiaga-transforma-la-vida-de-ninos-y-jovenes-en-situacione-vulnerable\/#primaryimage"},"thumbnailUrl":"https:\/\/somos-hermanos.mx\/wp-content\/uploads\/2025\/08\/urqui2.jpeg","datePublished":"2025-08-04T07:01:42+00:00","breadcrumb":{"@id":"https:\/\/somos-hermanos.mx\/index.php\/2025\/08\/04\/jesus-de-urquiaga-transforma-la-vida-de-ninos-y-jovenes-en-situacione-vulnerable\/#breadcrumb"},"inLanguage":"es","potentialAction":[{"@type":"ReadAction","target":["https:\/\/somos-hermanos.mx\/index.php\/2025\/08\/04\/jesus-de-urquiaga-transforma-la-vida-de-ninos-y-jovenes-en-situacione-vulnerable\/"]}]},{"@type":"ImageObject","inLanguage":"es","@id":"https:\/\/somos-hermanos.mx\/index.php\/2025\/08\/04\/jesus-de-urquiaga-transforma-la-vida-de-ninos-y-jovenes-en-situacione-vulnerable\/#primaryimage","url":"https:\/\/somos-hermanos.mx\/wp-content\/uploads\/2025\/08\/urqui2.jpeg","contentUrl":"https:\/\/somos-hermanos.mx\/wp-content\/uploads\/2025\/08\/urqui2.jpeg","width":940,"height":788},{"@type":"BreadcrumbList","@id":"https:\/\/somos-hermanos.mx\/index.php\/2025\/08\/04\/jesus-de-urquiaga-transforma-la-vida-de-ninos-y-jovenes-en-situacione-vulnerable\/#breadcrumb","itemListElement":[{"@type":"ListItem","position":1,"name":"Inicio","item":"https:\/\/somos-hermanos.mx\/"},{"@type":"ListItem","position":2,"name":"Jes\u00fas De Urquiaga: Transforma la vida de ni\u00f1os y j\u00f3venes en situacione vulnerable"}]},{"@type":"WebSite","@id":"https:\/\/somos-hermanos.mx\/#website","url":"https:\/\/somos-hermanos.mx\/","name":"Historias que inspiran...","description":"Somos la voz del altruismo en M\u00e9xico","publisher":{"@id":"https:\/\/somos-hermanos.mx\/#organization"},"potentialAction":[{"@type":"SearchAction","target":{"@type":"EntryPoint","urlTemplate":"https:\/\/somos-hermanos.mx\/?s={search_term_string}"},"query-input":{"@type":"PropertyValueSpecification","valueRequired":true,"valueName":"search_term_string"}}],"inLanguage":"es"},{"@type":"Organization","@id":"https:\/\/somos-hermanos.mx\/#organization","name":"Somos Hermanos","url":"https:\/\/somos-hermanos.mx\/","logo":{"@type":"ImageObject","inLanguage":"es","@id":"https:\/\/somos-hermanos.mx\/#\/schema\/logo\/image\/","url":"https:\/\/somos-hermanos.mx\/wp-content\/uploads\/2025\/08\/SH30-1.jpeg","contentUrl":"https:\/\/somos-hermanos.mx\/wp-content\/uploads\/2025\/08\/SH30-1.jpeg","width":1600,"height":1142,"caption":"Somos Hermanos"},"image":{"@id":"https:\/\/somos-hermanos.mx\/#\/schema\/logo\/image\/"},"sameAs":["https:\/\/www.facebook.com\/SomosHermanosIAP\/","https:\/\/x.com\/Somos__Hermanos","https:\/\/www.instagram.com\/somos__hermanos\/#","https:\/\/www.tiktok.com\/@somoshermanosiap","https:\/\/www.youtube.com\/@somoshermanosiap1201\/videos"]},{"@type":"Person","@id":"https:\/\/somos-hermanos.mx\/#\/schema\/person\/556c08a8ffe5461f078f6d4ee7c7edc6","name":"Jessica Iniestra Montoya","image":{"@type":"ImageObject","inLanguage":"es","@id":"https:\/\/secure.gravatar.com\/avatar\/106ac0d17a09f7597c4b7d5101b852538c07d5e73e903cb99fc44476e15e52aa?s=96&d=mm&r=g","url":"https:\/\/secure.gravatar.com\/avatar\/106ac0d17a09f7597c4b7d5101b852538c07d5e73e903cb99fc44476e15e52aa?s=96&d=mm&r=g","contentUrl":"https:\/\/secure.gravatar.com\/avatar\/106ac0d17a09f7597c4b7d5101b852538c07d5e73e903cb99fc44476e15e52aa?s=96&d=mm&r=g","caption":"Jessica Iniestra Montoya"},"url":"https:\/\/somos-hermanos.mx\/index.php\/author\/jessica-iniestra-montoya\/"}]}},"_links":{"self":[{"href":"https:\/\/somos-hermanos.mx\/index.php\/wp-json\/wp\/v2\/posts\/579","targetHints":{"allow":["GET"]}}],"collection":[{"href":"https:\/\/somos-hermanos.mx\/index.php\/wp-json\/wp\/v2\/posts"}],"about":[{"href":"https:\/\/somos-hermanos.mx\/index.php\/wp-json\/wp\/v2\/types\/post"}],"author":[{"embeddable":true,"href":"https:\/\/somos-hermanos.mx\/index.php\/wp-json\/wp\/v2\/users\/6"}],"replies":[{"embeddable":true,"href":"https:\/\/somos-hermanos.mx\/index.php\/wp-json\/wp\/v2\/comments?post=579"}],"version-history":[{"count":1,"href":"https:\/\/somos-hermanos.mx\/index.php\/wp-json\/wp\/v2\/posts\/579\/revisions"}],"predecessor-version":[{"id":581,"href":"https:\/\/somos-hermanos.mx\/index.php\/wp-json\/wp\/v2\/posts\/579\/revisions\/581"}],"wp:featuredmedia":[{"embeddable":true,"href":"https:\/\/somos-hermanos.mx\/index.php\/wp-json\/wp\/v2\/media\/580"}],"wp:attachment":[{"href":"https:\/\/somos-hermanos.mx\/index.php\/wp-json\/wp\/v2\/media?parent=579"}],"wp:term":[{"taxonomy":"category","embeddable":true,"href":"https:\/\/somos-hermanos.mx\/index.php\/wp-json\/wp\/v2\/categories?post=579"},{"taxonomy":"post_tag","embeddable":true,"href":"https:\/\/somos-hermanos.mx\/index.php\/wp-json\/wp\/v2\/tags?post=579"}],"curies":[{"name":"wp","href":"https:\/\/api.w.org\/{rel}","templated":true}]}}