{"id":576,"date":"2025-08-04T01:00:43","date_gmt":"2025-08-04T07:00:43","guid":{"rendered":"https:\/\/somos-hermanos.mx\/?p=576"},"modified":"2025-08-04T01:00:43","modified_gmt":"2025-08-04T07:00:43","slug":"construiran-100-viviendas-dignas-para-personas-en-estado-de-vulnerabilidad","status":"publish","type":"post","link":"https:\/\/somos-hermanos.mx\/index.php\/2025\/08\/04\/construiran-100-viviendas-dignas-para-personas-en-estado-de-vulnerabilidad\/","title":{"rendered":"Construir\u00e1n 100 viviendas dignas para personas en estado de vulnerabilidad"},"content":{"rendered":"<p>Contar con una vivienda digna es un derecho humano que implica que todas las personas puedan acceder a una vivienda de calidad y segura. Es el espacio donde las familias encuentran estabilidad, nacen los sue\u00f1os y se construyen recuerdos.\u00a0Sin embargo, miles de familias en M\u00e9xico a\u00fan viven en condiciones que no son adecuadas. Para cambiar esta realidad,\u00a0<strong><b>The Home Depot y TECHO M\u00e9xico han reforzado su alianza<\/b><\/strong>\u00a0con una meta ambiciosa para 2025: construir 100 nuevas viviendas y transformar el futuro de quienes m\u00e1s lo necesitan.<\/p>\n<p>Para alcanzar esta meta, <strong>The Home Depot integrar\u00e1 a TECHO en su Colecta \u201cHaz M\u00e1s por los Dem\u00e1s\u201d,<\/strong>\u00a0una iniciativa que se realizar\u00e1 en todas sus tiendas a nivel nacional a partir de mayo. En ella, los clientes podr\u00e1n sumarse a la causa donando a partir de $1 peso, demostrando que cada aporte cuenta para cambiar vidas.<\/p>\n<p>The Home Depot tambi\u00e9n contempla este a\u00f1o invitar a sus proveedores a sumarse a la causa, replicando la exitosa iniciativa \u201cUnidos por una misma causa\u201d. En 2024, la empresa duplic\u00f3 cada peso donado por sus proveedores y destin\u00f3 estos recursos a la construcci\u00f3n de viviendas. Este a\u00f1o, el objetivo es recaudar a\u00fan m\u00e1s fondos para lograr la meta de 100 viviendas en 2025.<\/p>\n<p>En conferencia de prensa, ambas instituciones dieron a conocer que en los d\u00edas 28, 29 y 30 de marzo,\u00a0<strong><b>TECHO realizar\u00e1 su colecta anual de boteo\u00a0<\/b><\/strong>en diversas ciudades del pa\u00eds, con el objetivo de recaudar fondos y sensibilizar sobre la urgencia de garantizar viviendas dignas para todos.<\/p>\n<p>\u201cUno de nuestros tres ejes clave para apoyar a la comunidad se enfoca en impulsar la vivienda digna en nuestro pa\u00eds, principalmente en zonas de alta vulnerabilidad. Una vivienda adecuada es mucho m\u00e1s que un techo: es estabilidad, seguridad y oportunidades para las familias. Nos emociona fortalecer nuestra alianza con TECHO y seguir construyendo juntos un mejor futuro para quienes m\u00e1s lo necesitan\u201d, destac\u00f3\u00a0<strong><b>Roberto Riva Palacio<\/b><\/strong>, Gerente Sr. de Asuntos P\u00fablicos y Responsabilidad Social de The Home Depot.<\/p>\n<p>Por su parte,\u00a0<strong><b>Gustavo Alvizo,\u00a0<\/b><\/strong>director general de TECHO M\u00e9xico, subray\u00f3 la importancia de esta colaboraci\u00f3n para reducir el d\u00e9ficit de vivienda en el pa\u00eds y llevar soluciones reales a comunidades en situaci\u00f3n de vulnerabilidad.<\/p>\n<p><strong><b>Esta alianza no es nueva, pero s\u00ed m\u00e1s s\u00f3lida que nunca.<\/b><\/strong>\u00a0Desde 2017, The Home Depot ha buscado apoyar el trabajo de TECHO en M\u00e9xico, sumando esfuerzos para construir viviendas dignas, fortalecer la infraestructura de la organizaci\u00f3n y ampliar su capacidad de respuesta ante emergencias.<\/p>\n<p>Uno de los momentos m\u00e1s cr\u00edticos donde esta colaboraci\u00f3n fue decisiva ocurri\u00f3 tras los sismos de 2017, que afectaron a Oaxaca, Chiapas, Morelos y la Ciudad de M\u00e9xico. En ese momento, The Home Depot y TECHO M\u00e9xico unieron fuerzas para edificar m\u00e1s de 100 viviendas para familias que lo perdieron todo.<\/p>\n<p>Durante 2023 y 2024, el estado de Guerrero fue impactado por dos huracanes de gran intensidad, dejando a su paso severos da\u00f1os en la infraestructura y afectando a miles de familias.<\/p>\n<p>En respuesta a esta crisis, The Home Depot y TECHO M\u00e9xico unieron esfuerzos para brindar apoyo a las comunidades m\u00e1s vulnerables, reafirmando su compromiso con quienes m\u00e1s lo necesitan. Gracias a esta alianza, se logr\u00f3 la construcci\u00f3n de 100 viviendas, ofreciendo un hogar seguro a las familias m\u00e1s afectadas por estos desastres naturales y contribuyendo a la reconstrucci\u00f3n de la regi\u00f3n.<\/p>\n<p>A lo largo de estos a\u00f1os, esta alianza ha generado un impacto real y medible: entre 2017 y 2024, The Home Depot ha destinado m\u00e1s de 25 millones de pesos a esta causa y se han construido 303 viviendas en comunidades vulnerables. Ahora, en 2025, la meta es a\u00fan m\u00e1s ambiciosa: sumar 100 nuevas viviendas, con lo que el n\u00famero total superar\u00e1 las 400 casas construidas en conjunto.<\/p>\n<p>La compa\u00f1\u00eda tambi\u00e9n ha impulsado el crecimiento de TECHO con otros proyectos estrat\u00e9gicos, como el desarrollo de su F\u00e1brica Social en Morelos, una iniciativa clave que ha reducido costos, optimizando la producci\u00f3n de materiales y acelerado la entrega de viviendas, beneficiando a m\u00e1s familias en menos tiempo.<\/p>\n<p>Pero el apoyo va m\u00e1s all\u00e1 de los recursos. A trav\u00e9s de sus jornadas de voluntariado denominadas \u201cEquipos Depot\u201d, los asociados de The Home Depot han participado activamente en la construcci\u00f3n de viviendas, sumando trabajo, esfuerzo y coraz\u00f3n a la causa.<\/p>\n<p>Desde sus inicios, la alianza entre The Home Depot y TECHO M\u00e9xico ha sido un referente de acci\u00f3n inmediata y compromiso a largo plazo. Este 2025, con una meta clara de 100 nuevas viviendas, ambas organizaciones reafirman su prop\u00f3sito de seguir construyendo un futuro mejor para cientos de familias en M\u00e9xico.<\/p>\n","protected":false},"excerpt":{"rendered":"<p>Contar con una vivienda digna es un derecho humano que implica que todas las personas puedan acceder a una vivienda de calidad y segura. Es el espacio donde las familias encuentran estabilidad, nacen los sue\u00f1os y se construyen recuerdos.\u00a0Sin embargo, miles de familias en M\u00e9xico a\u00fan viven en condiciones que no son adecuadas. Para cambiar [&hellip;]<\/p>\n","protected":false},"author":8,"featured_media":577,"comment_status":"open","ping_status":"closed","sticky":false,"template":"","format":"standard","meta":{"footnotes":""},"categories":[6],"tags":[],"class_list":["post-576","post","type-post","status-publish","format-standard","has-post-thumbnail","hentry","category-noticias"],"yoast_head":"<!-- This site is optimized with the Yoast SEO plugin v27.5 - https:\/\/yoast.com\/product\/yoast-seo-wordpress\/ -->\n<title>Construir\u00e1n 100 viviendas dignas para personas en estado de vulnerabilidad - Historias que inspiran...<\/title>\n<meta name=\"robots\" content=\"index, follow, max-snippet:-1, max-image-preview:large, max-video-preview:-1\" \/>\n<link rel=\"canonical\" href=\"https:\/\/somos-hermanos.mx\/index.php\/2025\/08\/04\/construiran-100-viviendas-dignas-para-personas-en-estado-de-vulnerabilidad\/\" \/>\n<meta property=\"og:locale\" content=\"es_MX\" \/>\n<meta property=\"og:type\" content=\"article\" \/>\n<meta property=\"og:title\" content=\"Construir\u00e1n 100 viviendas dignas para personas en estado de vulnerabilidad - Historias que inspiran...\" \/>\n<meta property=\"og:description\" content=\"Contar con una vivienda digna es un derecho humano que implica que todas las personas puedan acceder a una vivienda de calidad y segura. Es el espacio donde las familias encuentran estabilidad, nacen los sue\u00f1os y se construyen recuerdos.\u00a0Sin embargo, miles de familias en M\u00e9xico a\u00fan viven en condiciones que no son adecuadas. Para cambiar [&hellip;]\" \/>\n<meta property=\"og:url\" content=\"https:\/\/somos-hermanos.mx\/index.php\/2025\/08\/04\/construiran-100-viviendas-dignas-para-personas-en-estado-de-vulnerabilidad\/\" \/>\n<meta property=\"og:site_name\" content=\"Historias que inspiran...\" \/>\n<meta property=\"article:publisher\" content=\"https:\/\/www.facebook.com\/SomosHermanosIAP\/\" \/>\n<meta property=\"article:published_time\" content=\"2025-08-04T07:00:43+00:00\" \/>\n<meta property=\"og:image\" content=\"https:\/\/somos-hermanos.mx\/wp-content\/uploads\/2025\/08\/Techo-1.jpeg\" \/>\n\t<meta property=\"og:image:width\" content=\"1600\" \/>\n\t<meta property=\"og:image:height\" content=\"900\" \/>\n\t<meta property=\"og:image:type\" content=\"image\/jpeg\" \/>\n<meta name=\"author\" content=\"Jes\u00fas Arizmendi\" \/>\n<meta name=\"twitter:card\" content=\"summary_large_image\" \/>\n<meta name=\"twitter:creator\" content=\"@Somos__Hermanos\" \/>\n<meta name=\"twitter:site\" content=\"@Somos__Hermanos\" \/>\n<meta name=\"twitter:label1\" content=\"Escrito por\" \/>\n\t<meta name=\"twitter:data1\" content=\"Jes\u00fas Arizmendi\" \/>\n\t<meta name=\"twitter:label2\" content=\"Tiempo de lectura\" \/>\n\t<meta name=\"twitter:data2\" content=\"4 minutos\" \/>\n<script type=\"application\/ld+json\" class=\"yoast-schema-graph\">{\"@context\":\"https:\\\/\\\/schema.org\",\"@graph\":[{\"@type\":\"Article\",\"@id\":\"https:\\\/\\\/somos-hermanos.mx\\\/index.php\\\/2025\\\/08\\\/04\\\/construiran-100-viviendas-dignas-para-personas-en-estado-de-vulnerabilidad\\\/#article\",\"isPartOf\":{\"@id\":\"https:\\\/\\\/somos-hermanos.mx\\\/index.php\\\/2025\\\/08\\\/04\\\/construiran-100-viviendas-dignas-para-personas-en-estado-de-vulnerabilidad\\\/\"},\"author\":{\"name\":\"Jes\u00fas Arizmendi\",\"@id\":\"https:\\\/\\\/somos-hermanos.mx\\\/#\\\/schema\\\/person\\\/945cdfed39314d9db1242f593aecb908\"},\"headline\":\"Construir\u00e1n 100 viviendas dignas para personas en estado de vulnerabilidad\",\"datePublished\":\"2025-08-04T07:00:43+00:00\",\"mainEntityOfPage\":{\"@id\":\"https:\\\/\\\/somos-hermanos.mx\\\/index.php\\\/2025\\\/08\\\/04\\\/construiran-100-viviendas-dignas-para-personas-en-estado-de-vulnerabilidad\\\/\"},\"wordCount\":812,\"commentCount\":0,\"publisher\":{\"@id\":\"https:\\\/\\\/somos-hermanos.mx\\\/#organization\"},\"image\":{\"@id\":\"https:\\\/\\\/somos-hermanos.mx\\\/index.php\\\/2025\\\/08\\\/04\\\/construiran-100-viviendas-dignas-para-personas-en-estado-de-vulnerabilidad\\\/#primaryimage\"},\"thumbnailUrl\":\"https:\\\/\\\/somos-hermanos.mx\\\/wp-content\\\/uploads\\\/2025\\\/08\\\/Techo-1.jpeg\",\"articleSection\":[\"Noticias\"],\"inLanguage\":\"es\",\"potentialAction\":[{\"@type\":\"CommentAction\",\"name\":\"Comment\",\"target\":[\"https:\\\/\\\/somos-hermanos.mx\\\/index.php\\\/2025\\\/08\\\/04\\\/construiran-100-viviendas-dignas-para-personas-en-estado-de-vulnerabilidad\\\/#respond\"]}]},{\"@type\":\"WebPage\",\"@id\":\"https:\\\/\\\/somos-hermanos.mx\\\/index.php\\\/2025\\\/08\\\/04\\\/construiran-100-viviendas-dignas-para-personas-en-estado-de-vulnerabilidad\\\/\",\"url\":\"https:\\\/\\\/somos-hermanos.mx\\\/index.php\\\/2025\\\/08\\\/04\\\/construiran-100-viviendas-dignas-para-personas-en-estado-de-vulnerabilidad\\\/\",\"name\":\"Construir\u00e1n 100 viviendas dignas para personas en estado de vulnerabilidad - Historias que inspiran...\",\"isPartOf\":{\"@id\":\"https:\\\/\\\/somos-hermanos.mx\\\/#website\"},\"primaryImageOfPage\":{\"@id\":\"https:\\\/\\\/somos-hermanos.mx\\\/index.php\\\/2025\\\/08\\\/04\\\/construiran-100-viviendas-dignas-para-personas-en-estado-de-vulnerabilidad\\\/#primaryimage\"},\"image\":{\"@id\":\"https:\\\/\\\/somos-hermanos.mx\\\/index.php\\\/2025\\\/08\\\/04\\\/construiran-100-viviendas-dignas-para-personas-en-estado-de-vulnerabilidad\\\/#primaryimage\"},\"thumbnailUrl\":\"https:\\\/\\\/somos-hermanos.mx\\\/wp-content\\\/uploads\\\/2025\\\/08\\\/Techo-1.jpeg\",\"datePublished\":\"2025-08-04T07:00:43+00:00\",\"breadcrumb\":{\"@id\":\"https:\\\/\\\/somos-hermanos.mx\\\/index.php\\\/2025\\\/08\\\/04\\\/construiran-100-viviendas-dignas-para-personas-en-estado-de-vulnerabilidad\\\/#breadcrumb\"},\"inLanguage\":\"es\",\"potentialAction\":[{\"@type\":\"ReadAction\",\"target\":[\"https:\\\/\\\/somos-hermanos.mx\\\/index.php\\\/2025\\\/08\\\/04\\\/construiran-100-viviendas-dignas-para-personas-en-estado-de-vulnerabilidad\\\/\"]}]},{\"@type\":\"ImageObject\",\"inLanguage\":\"es\",\"@id\":\"https:\\\/\\\/somos-hermanos.mx\\\/index.php\\\/2025\\\/08\\\/04\\\/construiran-100-viviendas-dignas-para-personas-en-estado-de-vulnerabilidad\\\/#primaryimage\",\"url\":\"https:\\\/\\\/somos-hermanos.mx\\\/wp-content\\\/uploads\\\/2025\\\/08\\\/Techo-1.jpeg\",\"contentUrl\":\"https:\\\/\\\/somos-hermanos.mx\\\/wp-content\\\/uploads\\\/2025\\\/08\\\/Techo-1.jpeg\",\"width\":1600,\"height\":900},{\"@type\":\"BreadcrumbList\",\"@id\":\"https:\\\/\\\/somos-hermanos.mx\\\/index.php\\\/2025\\\/08\\\/04\\\/construiran-100-viviendas-dignas-para-personas-en-estado-de-vulnerabilidad\\\/#breadcrumb\",\"itemListElement\":[{\"@type\":\"ListItem\",\"position\":1,\"name\":\"Inicio\",\"item\":\"https:\\\/\\\/somos-hermanos.mx\\\/\"},{\"@type\":\"ListItem\",\"position\":2,\"name\":\"Construir\u00e1n 100 viviendas dignas para personas en estado de vulnerabilidad\"}]},{\"@type\":\"WebSite\",\"@id\":\"https:\\\/\\\/somos-hermanos.mx\\\/#website\",\"url\":\"https:\\\/\\\/somos-hermanos.mx\\\/\",\"name\":\"Historias que inspiran...\",\"description\":\"Somos la voz del altruismo en M\u00e9xico\",\"publisher\":{\"@id\":\"https:\\\/\\\/somos-hermanos.mx\\\/#organization\"},\"potentialAction\":[{\"@type\":\"SearchAction\",\"target\":{\"@type\":\"EntryPoint\",\"urlTemplate\":\"https:\\\/\\\/somos-hermanos.mx\\\/?s={search_term_string}\"},\"query-input\":{\"@type\":\"PropertyValueSpecification\",\"valueRequired\":true,\"valueName\":\"search_term_string\"}}],\"inLanguage\":\"es\"},{\"@type\":\"Organization\",\"@id\":\"https:\\\/\\\/somos-hermanos.mx\\\/#organization\",\"name\":\"Somos Hermanos\",\"url\":\"https:\\\/\\\/somos-hermanos.mx\\\/\",\"logo\":{\"@type\":\"ImageObject\",\"inLanguage\":\"es\",\"@id\":\"https:\\\/\\\/somos-hermanos.mx\\\/#\\\/schema\\\/logo\\\/image\\\/\",\"url\":\"https:\\\/\\\/somos-hermanos.mx\\\/wp-content\\\/uploads\\\/2025\\\/08\\\/SH30-1.jpeg\",\"contentUrl\":\"https:\\\/\\\/somos-hermanos.mx\\\/wp-content\\\/uploads\\\/2025\\\/08\\\/SH30-1.jpeg\",\"width\":1600,\"height\":1142,\"caption\":\"Somos Hermanos\"},\"image\":{\"@id\":\"https:\\\/\\\/somos-hermanos.mx\\\/#\\\/schema\\\/logo\\\/image\\\/\"},\"sameAs\":[\"https:\\\/\\\/www.facebook.com\\\/SomosHermanosIAP\\\/\",\"https:\\\/\\\/x.com\\\/Somos__Hermanos\",\"https:\\\/\\\/www.instagram.com\\\/somos__hermanos\\\/#\",\"https:\\\/\\\/www.tiktok.com\\\/@somoshermanosiap\",\"https:\\\/\\\/www.youtube.com\\\/@somoshermanosiap1201\\\/videos\"]},{\"@type\":\"Person\",\"@id\":\"https:\\\/\\\/somos-hermanos.mx\\\/#\\\/schema\\\/person\\\/945cdfed39314d9db1242f593aecb908\",\"name\":\"Jes\u00fas Arizmendi\",\"image\":{\"@type\":\"ImageObject\",\"inLanguage\":\"es\",\"@id\":\"https:\\\/\\\/secure.gravatar.com\\\/avatar\\\/9d2f2284f2cc108aae42b8fdb13afa29b801f64001b731516b830e4926cc1b4b?s=96&d=mm&r=g\",\"url\":\"https:\\\/\\\/secure.gravatar.com\\\/avatar\\\/9d2f2284f2cc108aae42b8fdb13afa29b801f64001b731516b830e4926cc1b4b?s=96&d=mm&r=g\",\"contentUrl\":\"https:\\\/\\\/secure.gravatar.com\\\/avatar\\\/9d2f2284f2cc108aae42b8fdb13afa29b801f64001b731516b830e4926cc1b4b?s=96&d=mm&r=g\",\"caption\":\"Jes\u00fas Arizmendi\"},\"url\":\"https:\\\/\\\/somos-hermanos.mx\\\/index.php\\\/author\\\/jesus-arizmendi\\\/\"}]}<\/script>\n<!-- \/ Yoast SEO plugin. -->","yoast_head_json":{"title":"Construir\u00e1n 100 viviendas dignas para personas en estado de vulnerabilidad - Historias que inspiran...","robots":{"index":"index","follow":"follow","max-snippet":"max-snippet:-1","max-image-preview":"max-image-preview:large","max-video-preview":"max-video-preview:-1"},"canonical":"https:\/\/somos-hermanos.mx\/index.php\/2025\/08\/04\/construiran-100-viviendas-dignas-para-personas-en-estado-de-vulnerabilidad\/","og_locale":"es_MX","og_type":"article","og_title":"Construir\u00e1n 100 viviendas dignas para personas en estado de vulnerabilidad - Historias que inspiran...","og_description":"Contar con una vivienda digna es un derecho humano que implica que todas las personas puedan acceder a una vivienda de calidad y segura. Es el espacio donde las familias encuentran estabilidad, nacen los sue\u00f1os y se construyen recuerdos.\u00a0Sin embargo, miles de familias en M\u00e9xico a\u00fan viven en condiciones que no son adecuadas. Para cambiar [&hellip;]","og_url":"https:\/\/somos-hermanos.mx\/index.php\/2025\/08\/04\/construiran-100-viviendas-dignas-para-personas-en-estado-de-vulnerabilidad\/","og_site_name":"Historias que inspiran...","article_publisher":"https:\/\/www.facebook.com\/SomosHermanosIAP\/","article_published_time":"2025-08-04T07:00:43+00:00","og_image":[{"width":1600,"height":900,"url":"https:\/\/somos-hermanos.mx\/wp-content\/uploads\/2025\/08\/Techo-1.jpeg","type":"image\/jpeg"}],"author":"Jes\u00fas Arizmendi","twitter_card":"summary_large_image","twitter_creator":"@Somos__Hermanos","twitter_site":"@Somos__Hermanos","twitter_misc":{"Escrito por":"Jes\u00fas Arizmendi","Tiempo de lectura":"4 minutos"},"schema":{"@context":"https:\/\/schema.org","@graph":[{"@type":"Article","@id":"https:\/\/somos-hermanos.mx\/index.php\/2025\/08\/04\/construiran-100-viviendas-dignas-para-personas-en-estado-de-vulnerabilidad\/#article","isPartOf":{"@id":"https:\/\/somos-hermanos.mx\/index.php\/2025\/08\/04\/construiran-100-viviendas-dignas-para-personas-en-estado-de-vulnerabilidad\/"},"author":{"name":"Jes\u00fas Arizmendi","@id":"https:\/\/somos-hermanos.mx\/#\/schema\/person\/945cdfed39314d9db1242f593aecb908"},"headline":"Construir\u00e1n 100 viviendas dignas para personas en estado de vulnerabilidad","datePublished":"2025-08-04T07:00:43+00:00","mainEntityOfPage":{"@id":"https:\/\/somos-hermanos.mx\/index.php\/2025\/08\/04\/construiran-100-viviendas-dignas-para-personas-en-estado-de-vulnerabilidad\/"},"wordCount":812,"commentCount":0,"publisher":{"@id":"https:\/\/somos-hermanos.mx\/#organization"},"image":{"@id":"https:\/\/somos-hermanos.mx\/index.php\/2025\/08\/04\/construiran-100-viviendas-dignas-para-personas-en-estado-de-vulnerabilidad\/#primaryimage"},"thumbnailUrl":"https:\/\/somos-hermanos.mx\/wp-content\/uploads\/2025\/08\/Techo-1.jpeg","articleSection":["Noticias"],"inLanguage":"es","potentialAction":[{"@type":"CommentAction","name":"Comment","target":["https:\/\/somos-hermanos.mx\/index.php\/2025\/08\/04\/construiran-100-viviendas-dignas-para-personas-en-estado-de-vulnerabilidad\/#respond"]}]},{"@type":"WebPage","@id":"https:\/\/somos-hermanos.mx\/index.php\/2025\/08\/04\/construiran-100-viviendas-dignas-para-personas-en-estado-de-vulnerabilidad\/","url":"https:\/\/somos-hermanos.mx\/index.php\/2025\/08\/04\/construiran-100-viviendas-dignas-para-personas-en-estado-de-vulnerabilidad\/","name":"Construir\u00e1n 100 viviendas dignas para personas en estado de vulnerabilidad - Historias que inspiran...","isPartOf":{"@id":"https:\/\/somos-hermanos.mx\/#website"},"primaryImageOfPage":{"@id":"https:\/\/somos-hermanos.mx\/index.php\/2025\/08\/04\/construiran-100-viviendas-dignas-para-personas-en-estado-de-vulnerabilidad\/#primaryimage"},"image":{"@id":"https:\/\/somos-hermanos.mx\/index.php\/2025\/08\/04\/construiran-100-viviendas-dignas-para-personas-en-estado-de-vulnerabilidad\/#primaryimage"},"thumbnailUrl":"https:\/\/somos-hermanos.mx\/wp-content\/uploads\/2025\/08\/Techo-1.jpeg","datePublished":"2025-08-04T07:00:43+00:00","breadcrumb":{"@id":"https:\/\/somos-hermanos.mx\/index.php\/2025\/08\/04\/construiran-100-viviendas-dignas-para-personas-en-estado-de-vulnerabilidad\/#breadcrumb"},"inLanguage":"es","potentialAction":[{"@type":"ReadAction","target":["https:\/\/somos-hermanos.mx\/index.php\/2025\/08\/04\/construiran-100-viviendas-dignas-para-personas-en-estado-de-vulnerabilidad\/"]}]},{"@type":"ImageObject","inLanguage":"es","@id":"https:\/\/somos-hermanos.mx\/index.php\/2025\/08\/04\/construiran-100-viviendas-dignas-para-personas-en-estado-de-vulnerabilidad\/#primaryimage","url":"https:\/\/somos-hermanos.mx\/wp-content\/uploads\/2025\/08\/Techo-1.jpeg","contentUrl":"https:\/\/somos-hermanos.mx\/wp-content\/uploads\/2025\/08\/Techo-1.jpeg","width":1600,"height":900},{"@type":"BreadcrumbList","@id":"https:\/\/somos-hermanos.mx\/index.php\/2025\/08\/04\/construiran-100-viviendas-dignas-para-personas-en-estado-de-vulnerabilidad\/#breadcrumb","itemListElement":[{"@type":"ListItem","position":1,"name":"Inicio","item":"https:\/\/somos-hermanos.mx\/"},{"@type":"ListItem","position":2,"name":"Construir\u00e1n 100 viviendas dignas para personas en estado de vulnerabilidad"}]},{"@type":"WebSite","@id":"https:\/\/somos-hermanos.mx\/#website","url":"https:\/\/somos-hermanos.mx\/","name":"Historias que inspiran...","description":"Somos la voz del altruismo en M\u00e9xico","publisher":{"@id":"https:\/\/somos-hermanos.mx\/#organization"},"potentialAction":[{"@type":"SearchAction","target":{"@type":"EntryPoint","urlTemplate":"https:\/\/somos-hermanos.mx\/?s={search_term_string}"},"query-input":{"@type":"PropertyValueSpecification","valueRequired":true,"valueName":"search_term_string"}}],"inLanguage":"es"},{"@type":"Organization","@id":"https:\/\/somos-hermanos.mx\/#organization","name":"Somos Hermanos","url":"https:\/\/somos-hermanos.mx\/","logo":{"@type":"ImageObject","inLanguage":"es","@id":"https:\/\/somos-hermanos.mx\/#\/schema\/logo\/image\/","url":"https:\/\/somos-hermanos.mx\/wp-content\/uploads\/2025\/08\/SH30-1.jpeg","contentUrl":"https:\/\/somos-hermanos.mx\/wp-content\/uploads\/2025\/08\/SH30-1.jpeg","width":1600,"height":1142,"caption":"Somos Hermanos"},"image":{"@id":"https:\/\/somos-hermanos.mx\/#\/schema\/logo\/image\/"},"sameAs":["https:\/\/www.facebook.com\/SomosHermanosIAP\/","https:\/\/x.com\/Somos__Hermanos","https:\/\/www.instagram.com\/somos__hermanos\/#","https:\/\/www.tiktok.com\/@somoshermanosiap","https:\/\/www.youtube.com\/@somoshermanosiap1201\/videos"]},{"@type":"Person","@id":"https:\/\/somos-hermanos.mx\/#\/schema\/person\/945cdfed39314d9db1242f593aecb908","name":"Jes\u00fas Arizmendi","image":{"@type":"ImageObject","inLanguage":"es","@id":"https:\/\/secure.gravatar.com\/avatar\/9d2f2284f2cc108aae42b8fdb13afa29b801f64001b731516b830e4926cc1b4b?s=96&d=mm&r=g","url":"https:\/\/secure.gravatar.com\/avatar\/9d2f2284f2cc108aae42b8fdb13afa29b801f64001b731516b830e4926cc1b4b?s=96&d=mm&r=g","contentUrl":"https:\/\/secure.gravatar.com\/avatar\/9d2f2284f2cc108aae42b8fdb13afa29b801f64001b731516b830e4926cc1b4b?s=96&d=mm&r=g","caption":"Jes\u00fas Arizmendi"},"url":"https:\/\/somos-hermanos.mx\/index.php\/author\/jesus-arizmendi\/"}]}},"_links":{"self":[{"href":"https:\/\/somos-hermanos.mx\/index.php\/wp-json\/wp\/v2\/posts\/576","targetHints":{"allow":["GET"]}}],"collection":[{"href":"https:\/\/somos-hermanos.mx\/index.php\/wp-json\/wp\/v2\/posts"}],"about":[{"href":"https:\/\/somos-hermanos.mx\/index.php\/wp-json\/wp\/v2\/types\/post"}],"author":[{"embeddable":true,"href":"https:\/\/somos-hermanos.mx\/index.php\/wp-json\/wp\/v2\/users\/8"}],"replies":[{"embeddable":true,"href":"https:\/\/somos-hermanos.mx\/index.php\/wp-json\/wp\/v2\/comments?post=576"}],"version-history":[{"count":1,"href":"https:\/\/somos-hermanos.mx\/index.php\/wp-json\/wp\/v2\/posts\/576\/revisions"}],"predecessor-version":[{"id":578,"href":"https:\/\/somos-hermanos.mx\/index.php\/wp-json\/wp\/v2\/posts\/576\/revisions\/578"}],"wp:featuredmedia":[{"embeddable":true,"href":"https:\/\/somos-hermanos.mx\/index.php\/wp-json\/wp\/v2\/media\/577"}],"wp:attachment":[{"href":"https:\/\/somos-hermanos.mx\/index.php\/wp-json\/wp\/v2\/media?parent=576"}],"wp:term":[{"taxonomy":"category","embeddable":true,"href":"https:\/\/somos-hermanos.mx\/index.php\/wp-json\/wp\/v2\/categories?post=576"},{"taxonomy":"post_tag","embeddable":true,"href":"https:\/\/somos-hermanos.mx\/index.php\/wp-json\/wp\/v2\/tags?post=576"}],"curies":[{"name":"wp","href":"https:\/\/api.w.org\/{rel}","templated":true}]}}