{"id":573,"date":"2025-08-04T00:59:46","date_gmt":"2025-08-04T06:59:46","guid":{"rendered":"https:\/\/somos-hermanos.mx\/?p=573"},"modified":"2025-08-04T00:59:46","modified_gmt":"2025-08-04T06:59:46","slug":"sias-por-una-vida-digna-equitativa-e-igualitaria-para-todos-los-mexicanos","status":"publish","type":"post","link":"https:\/\/somos-hermanos.mx\/index.php\/2025\/08\/04\/sias-por-una-vida-digna-equitativa-e-igualitaria-para-todos-los-mexicanos\/","title":{"rendered":"SIAS: por una vida digna, equitativa e igualitaria para todos los mexicanos"},"content":{"rendered":"<p>De acuerdo con un art\u00edculo del Instituto de Investigaciones Jur\u00eddicas de la UNAM, el concepto de poblaci\u00f3n vulnerable, abarca a los habitantes que corren el mayor riesgo en que sus derechos y libertades fundamentales se vean vulnerados o no reconocidos; esto ya sea por razones de g\u00e9nero, etnicidad, domicilio, lugar de origen, familia, edad, sexualidad, condici\u00f3n de salud y socioecon\u00f3mica, etc.<\/p>\n<p>Tan solo en 2022, con datos de la p\u00e1gina Statista, en 2022 <strong>se registr\u00f3 que el 39.1% de la poblaci\u00f3n se vio vulnerada por falta de acceso a servicios de salud en nuestro pa\u00eds. <\/strong>Mientras que, seg\u00fan datos de la CONEVAL (Consejo Nacional de Evaluaci\u00f3n de la Pol\u00edtica de Desarrollo Social), el 29.4% de los mexicanos se consideran como poblaci\u00f3n vulnerable por carencias sociales.<\/p>\n<p>Es por eso que existen organizaciones sin fines de lucro como Sistema Innovador de Apoyo Social AC, <strong>en donde no solo se promueve el generar un impacto social positivo, sino que buscan una mejora permanente<\/strong>\u00a0a futuro para toda la poblaci\u00f3n.<\/p>\n<p>Esta organizaci\u00f3n se dedica al desarrollo integral de las comunidades y poblaciones m\u00e1s vulnerables de nuestro pa\u00eds, ofreciendo as\u00ed servicios m\u00e9dicos, sanitarios y sociales. Adem\u00e1s de la promoci\u00f3n del bienestar de las familias mexicanas, tambi\u00e9n apoyan:<\/p>\n<ul>\n<li>La investigaci\u00f3n cient\u00edfica para mejorar la salud y la calidad de vida.<\/li>\n<li>La generaci\u00f3n de empleos para el fortalecimiento de la econom\u00eda local.<\/li>\n<li>El destacar en el campo farmac\u00e9utico para mejores tratamientos m\u00e9dicos<\/li>\n<li>Acciones filantr\u00f3picas para afrontar los desaf\u00edos del sector salud.<\/li>\n<li>Apoyo social en emergencias y desastres naturales.<\/li>\n<li>Promoci\u00f3n de la educaci\u00f3n en salud e higiene.<\/li>\n<\/ul>\n<p>Entre muchos apoyos m\u00e1s. Sistema Innovador de Apoyo Social AC, se rige por los valores de transparencia, \u00e9tica, compromiso, solidaridad, innovaci\u00f3n y colaboraci\u00f3n.<\/p>\n<p>La organizaci\u00f3n hace uso de las convocatorias, voluntarios, fondos sociales y colaboraciones para garantizar un mayor alcance en sus servicios a aquellos que m\u00e1s lo necesitan. Hasta la fecha, esta organizaci\u00f3n cuenta con m\u00e1s de 1000 voluntarios, as\u00ed como la misma cantidad de familias apoyadas.<\/p>\n<p>Cuenta con alianzas con otras fundaciones y organizaciones, ya sean p\u00fablicas o privadas, tales como:<\/p>\n<ul>\n<li>La Cruz Roja Mexicana.<\/li>\n<li>Secretaria de Salud.<\/li>\n<li>Organizaci\u00f3n Panamericana de la Salud.<\/li>\n<li>Organizaci\u00f3n Mundial de la Salud.<\/li>\n<li>Hospital \u00c1ngeles- Health System<\/li>\n<li>Servicios M\u00e9dicos Integrales C\u00edclica.<\/li>\n<\/ul>\n<p>Como poblaci\u00f3n civil, tambi\u00e9n podemos colaborar con donaciones o voluntariados, cada granito de arena cuenta<\/p>\n","protected":false},"excerpt":{"rendered":"<p>De acuerdo con un art\u00edculo del Instituto de Investigaciones Jur\u00eddicas de la UNAM, el concepto de poblaci\u00f3n vulnerable, abarca a los habitantes que corren el mayor riesgo en que sus derechos y libertades fundamentales se vean vulnerados o no reconocidos; esto ya sea por razones de g\u00e9nero, etnicidad, domicilio, lugar de origen, familia, edad, sexualidad, [&hellip;]<\/p>\n","protected":false},"author":17,"featured_media":574,"comment_status":"open","ping_status":"closed","sticky":false,"template":"","format":"standard","meta":{"footnotes":""},"categories":[6],"tags":[],"class_list":["post-573","post","type-post","status-publish","format-standard","has-post-thumbnail","hentry","category-noticias"],"yoast_head":"<!-- This site is optimized with the Yoast SEO plugin v27.5 - https:\/\/yoast.com\/product\/yoast-seo-wordpress\/ -->\n<title>SIAS: por una vida digna, equitativa e igualitaria para todos los mexicanos - Historias que inspiran...<\/title>\n<meta name=\"robots\" content=\"index, follow, max-snippet:-1, max-image-preview:large, max-video-preview:-1\" \/>\n<link rel=\"canonical\" href=\"https:\/\/somos-hermanos.mx\/index.php\/2025\/08\/04\/sias-por-una-vida-digna-equitativa-e-igualitaria-para-todos-los-mexicanos\/\" \/>\n<meta property=\"og:locale\" content=\"es_MX\" \/>\n<meta property=\"og:type\" content=\"article\" \/>\n<meta property=\"og:title\" content=\"SIAS: por una vida digna, equitativa e igualitaria para todos los mexicanos - Historias que inspiran...\" \/>\n<meta property=\"og:description\" content=\"De acuerdo con un art\u00edculo del Instituto de Investigaciones Jur\u00eddicas de la UNAM, el concepto de poblaci\u00f3n vulnerable, abarca a los habitantes que corren el mayor riesgo en que sus derechos y libertades fundamentales se vean vulnerados o no reconocidos; esto ya sea por razones de g\u00e9nero, etnicidad, domicilio, lugar de origen, familia, edad, sexualidad, [&hellip;]\" \/>\n<meta property=\"og:url\" content=\"https:\/\/somos-hermanos.mx\/index.php\/2025\/08\/04\/sias-por-una-vida-digna-equitativa-e-igualitaria-para-todos-los-mexicanos\/\" \/>\n<meta property=\"og:site_name\" content=\"Historias que inspiran...\" \/>\n<meta property=\"article:publisher\" content=\"https:\/\/www.facebook.com\/SomosHermanosIAP\/\" \/>\n<meta property=\"article:published_time\" content=\"2025-08-04T06:59:46+00:00\" \/>\n<meta property=\"og:image\" content=\"https:\/\/somos-hermanos.mx\/wp-content\/uploads\/2025\/08\/apoy2.jpeg\" \/>\n\t<meta property=\"og:image:width\" content=\"720\" \/>\n\t<meta property=\"og:image:height\" content=\"960\" \/>\n\t<meta property=\"og:image:type\" content=\"image\/jpeg\" \/>\n<meta name=\"author\" content=\"Ana Barroso Garc\u00eda\" \/>\n<meta name=\"twitter:card\" content=\"summary_large_image\" \/>\n<meta name=\"twitter:creator\" content=\"@Somos__Hermanos\" \/>\n<meta name=\"twitter:site\" content=\"@Somos__Hermanos\" \/>\n<meta name=\"twitter:label1\" content=\"Escrito por\" \/>\n\t<meta name=\"twitter:data1\" content=\"Ana Barroso Garc\u00eda\" \/>\n\t<meta name=\"twitter:label2\" content=\"Tiempo de lectura\" \/>\n\t<meta name=\"twitter:data2\" content=\"2 minutos\" \/>\n<script type=\"application\/ld+json\" class=\"yoast-schema-graph\">{\"@context\":\"https:\\\/\\\/schema.org\",\"@graph\":[{\"@type\":\"Article\",\"@id\":\"https:\\\/\\\/somos-hermanos.mx\\\/index.php\\\/2025\\\/08\\\/04\\\/sias-por-una-vida-digna-equitativa-e-igualitaria-para-todos-los-mexicanos\\\/#article\",\"isPartOf\":{\"@id\":\"https:\\\/\\\/somos-hermanos.mx\\\/index.php\\\/2025\\\/08\\\/04\\\/sias-por-una-vida-digna-equitativa-e-igualitaria-para-todos-los-mexicanos\\\/\"},\"author\":{\"name\":\"Ana Barroso Garc\u00eda\",\"@id\":\"https:\\\/\\\/somos-hermanos.mx\\\/#\\\/schema\\\/person\\\/63147baf7f8f25d37fd540b4579d022d\"},\"headline\":\"SIAS: por una vida digna, equitativa e igualitaria para todos los mexicanos\",\"datePublished\":\"2025-08-04T06:59:46+00:00\",\"mainEntityOfPage\":{\"@id\":\"https:\\\/\\\/somos-hermanos.mx\\\/index.php\\\/2025\\\/08\\\/04\\\/sias-por-una-vida-digna-equitativa-e-igualitaria-para-todos-los-mexicanos\\\/\"},\"wordCount\":434,\"commentCount\":0,\"publisher\":{\"@id\":\"https:\\\/\\\/somos-hermanos.mx\\\/#organization\"},\"image\":{\"@id\":\"https:\\\/\\\/somos-hermanos.mx\\\/index.php\\\/2025\\\/08\\\/04\\\/sias-por-una-vida-digna-equitativa-e-igualitaria-para-todos-los-mexicanos\\\/#primaryimage\"},\"thumbnailUrl\":\"https:\\\/\\\/somos-hermanos.mx\\\/wp-content\\\/uploads\\\/2025\\\/08\\\/apoy2.jpeg\",\"articleSection\":[\"Noticias\"],\"inLanguage\":\"es\",\"potentialAction\":[{\"@type\":\"CommentAction\",\"name\":\"Comment\",\"target\":[\"https:\\\/\\\/somos-hermanos.mx\\\/index.php\\\/2025\\\/08\\\/04\\\/sias-por-una-vida-digna-equitativa-e-igualitaria-para-todos-los-mexicanos\\\/#respond\"]}]},{\"@type\":\"WebPage\",\"@id\":\"https:\\\/\\\/somos-hermanos.mx\\\/index.php\\\/2025\\\/08\\\/04\\\/sias-por-una-vida-digna-equitativa-e-igualitaria-para-todos-los-mexicanos\\\/\",\"url\":\"https:\\\/\\\/somos-hermanos.mx\\\/index.php\\\/2025\\\/08\\\/04\\\/sias-por-una-vida-digna-equitativa-e-igualitaria-para-todos-los-mexicanos\\\/\",\"name\":\"SIAS: por una vida digna, equitativa e igualitaria para todos los mexicanos - Historias que inspiran...\",\"isPartOf\":{\"@id\":\"https:\\\/\\\/somos-hermanos.mx\\\/#website\"},\"primaryImageOfPage\":{\"@id\":\"https:\\\/\\\/somos-hermanos.mx\\\/index.php\\\/2025\\\/08\\\/04\\\/sias-por-una-vida-digna-equitativa-e-igualitaria-para-todos-los-mexicanos\\\/#primaryimage\"},\"image\":{\"@id\":\"https:\\\/\\\/somos-hermanos.mx\\\/index.php\\\/2025\\\/08\\\/04\\\/sias-por-una-vida-digna-equitativa-e-igualitaria-para-todos-los-mexicanos\\\/#primaryimage\"},\"thumbnailUrl\":\"https:\\\/\\\/somos-hermanos.mx\\\/wp-content\\\/uploads\\\/2025\\\/08\\\/apoy2.jpeg\",\"datePublished\":\"2025-08-04T06:59:46+00:00\",\"breadcrumb\":{\"@id\":\"https:\\\/\\\/somos-hermanos.mx\\\/index.php\\\/2025\\\/08\\\/04\\\/sias-por-una-vida-digna-equitativa-e-igualitaria-para-todos-los-mexicanos\\\/#breadcrumb\"},\"inLanguage\":\"es\",\"potentialAction\":[{\"@type\":\"ReadAction\",\"target\":[\"https:\\\/\\\/somos-hermanos.mx\\\/index.php\\\/2025\\\/08\\\/04\\\/sias-por-una-vida-digna-equitativa-e-igualitaria-para-todos-los-mexicanos\\\/\"]}]},{\"@type\":\"ImageObject\",\"inLanguage\":\"es\",\"@id\":\"https:\\\/\\\/somos-hermanos.mx\\\/index.php\\\/2025\\\/08\\\/04\\\/sias-por-una-vida-digna-equitativa-e-igualitaria-para-todos-los-mexicanos\\\/#primaryimage\",\"url\":\"https:\\\/\\\/somos-hermanos.mx\\\/wp-content\\\/uploads\\\/2025\\\/08\\\/apoy2.jpeg\",\"contentUrl\":\"https:\\\/\\\/somos-hermanos.mx\\\/wp-content\\\/uploads\\\/2025\\\/08\\\/apoy2.jpeg\",\"width\":720,\"height\":960},{\"@type\":\"BreadcrumbList\",\"@id\":\"https:\\\/\\\/somos-hermanos.mx\\\/index.php\\\/2025\\\/08\\\/04\\\/sias-por-una-vida-digna-equitativa-e-igualitaria-para-todos-los-mexicanos\\\/#breadcrumb\",\"itemListElement\":[{\"@type\":\"ListItem\",\"position\":1,\"name\":\"Inicio\",\"item\":\"https:\\\/\\\/somos-hermanos.mx\\\/\"},{\"@type\":\"ListItem\",\"position\":2,\"name\":\"SIAS: por una vida digna, equitativa e igualitaria para todos los mexicanos\"}]},{\"@type\":\"WebSite\",\"@id\":\"https:\\\/\\\/somos-hermanos.mx\\\/#website\",\"url\":\"https:\\\/\\\/somos-hermanos.mx\\\/\",\"name\":\"Historias que inspiran...\",\"description\":\"Somos la voz del altruismo en M\u00e9xico\",\"publisher\":{\"@id\":\"https:\\\/\\\/somos-hermanos.mx\\\/#organization\"},\"potentialAction\":[{\"@type\":\"SearchAction\",\"target\":{\"@type\":\"EntryPoint\",\"urlTemplate\":\"https:\\\/\\\/somos-hermanos.mx\\\/?s={search_term_string}\"},\"query-input\":{\"@type\":\"PropertyValueSpecification\",\"valueRequired\":true,\"valueName\":\"search_term_string\"}}],\"inLanguage\":\"es\"},{\"@type\":\"Organization\",\"@id\":\"https:\\\/\\\/somos-hermanos.mx\\\/#organization\",\"name\":\"Somos Hermanos\",\"url\":\"https:\\\/\\\/somos-hermanos.mx\\\/\",\"logo\":{\"@type\":\"ImageObject\",\"inLanguage\":\"es\",\"@id\":\"https:\\\/\\\/somos-hermanos.mx\\\/#\\\/schema\\\/logo\\\/image\\\/\",\"url\":\"https:\\\/\\\/somos-hermanos.mx\\\/wp-content\\\/uploads\\\/2025\\\/08\\\/SH30-1.jpeg\",\"contentUrl\":\"https:\\\/\\\/somos-hermanos.mx\\\/wp-content\\\/uploads\\\/2025\\\/08\\\/SH30-1.jpeg\",\"width\":1600,\"height\":1142,\"caption\":\"Somos Hermanos\"},\"image\":{\"@id\":\"https:\\\/\\\/somos-hermanos.mx\\\/#\\\/schema\\\/logo\\\/image\\\/\"},\"sameAs\":[\"https:\\\/\\\/www.facebook.com\\\/SomosHermanosIAP\\\/\",\"https:\\\/\\\/x.com\\\/Somos__Hermanos\",\"https:\\\/\\\/www.instagram.com\\\/somos__hermanos\\\/#\",\"https:\\\/\\\/www.tiktok.com\\\/@somoshermanosiap\",\"https:\\\/\\\/www.youtube.com\\\/@somoshermanosiap1201\\\/videos\"]},{\"@type\":\"Person\",\"@id\":\"https:\\\/\\\/somos-hermanos.mx\\\/#\\\/schema\\\/person\\\/63147baf7f8f25d37fd540b4579d022d\",\"name\":\"Ana Barroso Garc\u00eda\",\"image\":{\"@type\":\"ImageObject\",\"inLanguage\":\"es\",\"@id\":\"https:\\\/\\\/secure.gravatar.com\\\/avatar\\\/99424aceaeb520d9a017933f94c398823624182d51f42fe1b87fb56103345fc7?s=96&d=mm&r=g\",\"url\":\"https:\\\/\\\/secure.gravatar.com\\\/avatar\\\/99424aceaeb520d9a017933f94c398823624182d51f42fe1b87fb56103345fc7?s=96&d=mm&r=g\",\"contentUrl\":\"https:\\\/\\\/secure.gravatar.com\\\/avatar\\\/99424aceaeb520d9a017933f94c398823624182d51f42fe1b87fb56103345fc7?s=96&d=mm&r=g\",\"caption\":\"Ana Barroso Garc\u00eda\"},\"url\":\"https:\\\/\\\/somos-hermanos.mx\\\/index.php\\\/author\\\/ana-barroso-garcia\\\/\"}]}<\/script>\n<!-- \/ Yoast SEO plugin. -->","yoast_head_json":{"title":"SIAS: por una vida digna, equitativa e igualitaria para todos los mexicanos - Historias que inspiran...","robots":{"index":"index","follow":"follow","max-snippet":"max-snippet:-1","max-image-preview":"max-image-preview:large","max-video-preview":"max-video-preview:-1"},"canonical":"https:\/\/somos-hermanos.mx\/index.php\/2025\/08\/04\/sias-por-una-vida-digna-equitativa-e-igualitaria-para-todos-los-mexicanos\/","og_locale":"es_MX","og_type":"article","og_title":"SIAS: por una vida digna, equitativa e igualitaria para todos los mexicanos - Historias que inspiran...","og_description":"De acuerdo con un art\u00edculo del Instituto de Investigaciones Jur\u00eddicas de la UNAM, el concepto de poblaci\u00f3n vulnerable, abarca a los habitantes que corren el mayor riesgo en que sus derechos y libertades fundamentales se vean vulnerados o no reconocidos; esto ya sea por razones de g\u00e9nero, etnicidad, domicilio, lugar de origen, familia, edad, sexualidad, [&hellip;]","og_url":"https:\/\/somos-hermanos.mx\/index.php\/2025\/08\/04\/sias-por-una-vida-digna-equitativa-e-igualitaria-para-todos-los-mexicanos\/","og_site_name":"Historias que inspiran...","article_publisher":"https:\/\/www.facebook.com\/SomosHermanosIAP\/","article_published_time":"2025-08-04T06:59:46+00:00","og_image":[{"width":720,"height":960,"url":"https:\/\/somos-hermanos.mx\/wp-content\/uploads\/2025\/08\/apoy2.jpeg","type":"image\/jpeg"}],"author":"Ana Barroso Garc\u00eda","twitter_card":"summary_large_image","twitter_creator":"@Somos__Hermanos","twitter_site":"@Somos__Hermanos","twitter_misc":{"Escrito por":"Ana Barroso Garc\u00eda","Tiempo de lectura":"2 minutos"},"schema":{"@context":"https:\/\/schema.org","@graph":[{"@type":"Article","@id":"https:\/\/somos-hermanos.mx\/index.php\/2025\/08\/04\/sias-por-una-vida-digna-equitativa-e-igualitaria-para-todos-los-mexicanos\/#article","isPartOf":{"@id":"https:\/\/somos-hermanos.mx\/index.php\/2025\/08\/04\/sias-por-una-vida-digna-equitativa-e-igualitaria-para-todos-los-mexicanos\/"},"author":{"name":"Ana Barroso Garc\u00eda","@id":"https:\/\/somos-hermanos.mx\/#\/schema\/person\/63147baf7f8f25d37fd540b4579d022d"},"headline":"SIAS: por una vida digna, equitativa e igualitaria para todos los mexicanos","datePublished":"2025-08-04T06:59:46+00:00","mainEntityOfPage":{"@id":"https:\/\/somos-hermanos.mx\/index.php\/2025\/08\/04\/sias-por-una-vida-digna-equitativa-e-igualitaria-para-todos-los-mexicanos\/"},"wordCount":434,"commentCount":0,"publisher":{"@id":"https:\/\/somos-hermanos.mx\/#organization"},"image":{"@id":"https:\/\/somos-hermanos.mx\/index.php\/2025\/08\/04\/sias-por-una-vida-digna-equitativa-e-igualitaria-para-todos-los-mexicanos\/#primaryimage"},"thumbnailUrl":"https:\/\/somos-hermanos.mx\/wp-content\/uploads\/2025\/08\/apoy2.jpeg","articleSection":["Noticias"],"inLanguage":"es","potentialAction":[{"@type":"CommentAction","name":"Comment","target":["https:\/\/somos-hermanos.mx\/index.php\/2025\/08\/04\/sias-por-una-vida-digna-equitativa-e-igualitaria-para-todos-los-mexicanos\/#respond"]}]},{"@type":"WebPage","@id":"https:\/\/somos-hermanos.mx\/index.php\/2025\/08\/04\/sias-por-una-vida-digna-equitativa-e-igualitaria-para-todos-los-mexicanos\/","url":"https:\/\/somos-hermanos.mx\/index.php\/2025\/08\/04\/sias-por-una-vida-digna-equitativa-e-igualitaria-para-todos-los-mexicanos\/","name":"SIAS: por una vida digna, equitativa e igualitaria para todos los mexicanos - Historias que inspiran...","isPartOf":{"@id":"https:\/\/somos-hermanos.mx\/#website"},"primaryImageOfPage":{"@id":"https:\/\/somos-hermanos.mx\/index.php\/2025\/08\/04\/sias-por-una-vida-digna-equitativa-e-igualitaria-para-todos-los-mexicanos\/#primaryimage"},"image":{"@id":"https:\/\/somos-hermanos.mx\/index.php\/2025\/08\/04\/sias-por-una-vida-digna-equitativa-e-igualitaria-para-todos-los-mexicanos\/#primaryimage"},"thumbnailUrl":"https:\/\/somos-hermanos.mx\/wp-content\/uploads\/2025\/08\/apoy2.jpeg","datePublished":"2025-08-04T06:59:46+00:00","breadcrumb":{"@id":"https:\/\/somos-hermanos.mx\/index.php\/2025\/08\/04\/sias-por-una-vida-digna-equitativa-e-igualitaria-para-todos-los-mexicanos\/#breadcrumb"},"inLanguage":"es","potentialAction":[{"@type":"ReadAction","target":["https:\/\/somos-hermanos.mx\/index.php\/2025\/08\/04\/sias-por-una-vida-digna-equitativa-e-igualitaria-para-todos-los-mexicanos\/"]}]},{"@type":"ImageObject","inLanguage":"es","@id":"https:\/\/somos-hermanos.mx\/index.php\/2025\/08\/04\/sias-por-una-vida-digna-equitativa-e-igualitaria-para-todos-los-mexicanos\/#primaryimage","url":"https:\/\/somos-hermanos.mx\/wp-content\/uploads\/2025\/08\/apoy2.jpeg","contentUrl":"https:\/\/somos-hermanos.mx\/wp-content\/uploads\/2025\/08\/apoy2.jpeg","width":720,"height":960},{"@type":"BreadcrumbList","@id":"https:\/\/somos-hermanos.mx\/index.php\/2025\/08\/04\/sias-por-una-vida-digna-equitativa-e-igualitaria-para-todos-los-mexicanos\/#breadcrumb","itemListElement":[{"@type":"ListItem","position":1,"name":"Inicio","item":"https:\/\/somos-hermanos.mx\/"},{"@type":"ListItem","position":2,"name":"SIAS: por una vida digna, equitativa e igualitaria para todos los mexicanos"}]},{"@type":"WebSite","@id":"https:\/\/somos-hermanos.mx\/#website","url":"https:\/\/somos-hermanos.mx\/","name":"Historias que inspiran...","description":"Somos la voz del altruismo en M\u00e9xico","publisher":{"@id":"https:\/\/somos-hermanos.mx\/#organization"},"potentialAction":[{"@type":"SearchAction","target":{"@type":"EntryPoint","urlTemplate":"https:\/\/somos-hermanos.mx\/?s={search_term_string}"},"query-input":{"@type":"PropertyValueSpecification","valueRequired":true,"valueName":"search_term_string"}}],"inLanguage":"es"},{"@type":"Organization","@id":"https:\/\/somos-hermanos.mx\/#organization","name":"Somos Hermanos","url":"https:\/\/somos-hermanos.mx\/","logo":{"@type":"ImageObject","inLanguage":"es","@id":"https:\/\/somos-hermanos.mx\/#\/schema\/logo\/image\/","url":"https:\/\/somos-hermanos.mx\/wp-content\/uploads\/2025\/08\/SH30-1.jpeg","contentUrl":"https:\/\/somos-hermanos.mx\/wp-content\/uploads\/2025\/08\/SH30-1.jpeg","width":1600,"height":1142,"caption":"Somos Hermanos"},"image":{"@id":"https:\/\/somos-hermanos.mx\/#\/schema\/logo\/image\/"},"sameAs":["https:\/\/www.facebook.com\/SomosHermanosIAP\/","https:\/\/x.com\/Somos__Hermanos","https:\/\/www.instagram.com\/somos__hermanos\/#","https:\/\/www.tiktok.com\/@somoshermanosiap","https:\/\/www.youtube.com\/@somoshermanosiap1201\/videos"]},{"@type":"Person","@id":"https:\/\/somos-hermanos.mx\/#\/schema\/person\/63147baf7f8f25d37fd540b4579d022d","name":"Ana Barroso Garc\u00eda","image":{"@type":"ImageObject","inLanguage":"es","@id":"https:\/\/secure.gravatar.com\/avatar\/99424aceaeb520d9a017933f94c398823624182d51f42fe1b87fb56103345fc7?s=96&d=mm&r=g","url":"https:\/\/secure.gravatar.com\/avatar\/99424aceaeb520d9a017933f94c398823624182d51f42fe1b87fb56103345fc7?s=96&d=mm&r=g","contentUrl":"https:\/\/secure.gravatar.com\/avatar\/99424aceaeb520d9a017933f94c398823624182d51f42fe1b87fb56103345fc7?s=96&d=mm&r=g","caption":"Ana Barroso Garc\u00eda"},"url":"https:\/\/somos-hermanos.mx\/index.php\/author\/ana-barroso-garcia\/"}]}},"_links":{"self":[{"href":"https:\/\/somos-hermanos.mx\/index.php\/wp-json\/wp\/v2\/posts\/573","targetHints":{"allow":["GET"]}}],"collection":[{"href":"https:\/\/somos-hermanos.mx\/index.php\/wp-json\/wp\/v2\/posts"}],"about":[{"href":"https:\/\/somos-hermanos.mx\/index.php\/wp-json\/wp\/v2\/types\/post"}],"author":[{"embeddable":true,"href":"https:\/\/somos-hermanos.mx\/index.php\/wp-json\/wp\/v2\/users\/17"}],"replies":[{"embeddable":true,"href":"https:\/\/somos-hermanos.mx\/index.php\/wp-json\/wp\/v2\/comments?post=573"}],"version-history":[{"count":1,"href":"https:\/\/somos-hermanos.mx\/index.php\/wp-json\/wp\/v2\/posts\/573\/revisions"}],"predecessor-version":[{"id":575,"href":"https:\/\/somos-hermanos.mx\/index.php\/wp-json\/wp\/v2\/posts\/573\/revisions\/575"}],"wp:featuredmedia":[{"embeddable":true,"href":"https:\/\/somos-hermanos.mx\/index.php\/wp-json\/wp\/v2\/media\/574"}],"wp:attachment":[{"href":"https:\/\/somos-hermanos.mx\/index.php\/wp-json\/wp\/v2\/media?parent=573"}],"wp:term":[{"taxonomy":"category","embeddable":true,"href":"https:\/\/somos-hermanos.mx\/index.php\/wp-json\/wp\/v2\/categories?post=573"},{"taxonomy":"post_tag","embeddable":true,"href":"https:\/\/somos-hermanos.mx\/index.php\/wp-json\/wp\/v2\/tags?post=573"}],"curies":[{"name":"wp","href":"https:\/\/api.w.org\/{rel}","templated":true}]}}